{"id":30160,"date":"2017-06-07T19:00:53","date_gmt":"2017-06-07T22:00:53","guid":{"rendered":"http:\/\/patagoniambiental.com.ar\/info\/?p=30160"},"modified":"2017-06-07T10:14:22","modified_gmt":"2017-06-07T13:14:22","slug":"recicladores-firmaron-convenio-con-la-municipalidad","status":"publish","type":"post","link":"https:\/\/patagoniambiental.com.ar\/info\/recicladores-firmaron-convenio-con-la-municipalidad\/","title":{"rendered":"Recicladores firmaron convenio con la Municipalidad"},"content":{"rendered":"<div class=\"intro\">\n<p>Bariloche.-Este martes (6\/6) por la ma\u00f1ana, el intendente Gustavo Gennuso y la presidenta de la Asociaci\u00f3n de<\/p>\n<p><!--more--><\/p>\n<p>Recicladores Bariloche (ARB) Gladys Pichi\u00f1anco firmaron un convenio y una adenda para seguir mejorando la actividad de la organizaci\u00f3n en el Centro de Residuos Urbanos del Vertedero. Se don\u00f3 un predio en comodato y se autoriz\u00f3 el uso de las nuevas oficinas y espacios.<\/p>\n<\/div>\n<p>&nbsp;<\/p>\n<div class=\"fullImageBox\"><img decoding=\"async\" class=\"au-target\" src=\"https:\/\/cdn.bariloche2000.com\/uploads\/images\/2017\/06\/5cf35b36-1d35-5628-9dd4-0ea4d4b1e38e_mid.jpg\" alt=\"image\" \/><\/p>\n<div class=\"imgAuthor\"><i class=\"fa fa-user\"><\/i> Municipalidad<\/div>\n<\/div>\n<p>&nbsp;<\/p>\n<p>\u201cEstas son cosas que a nosotros nos ayudan a crecer mucho\u201d, expres\u00f3 Pichi\u00f1anco tras la firma de dos acuerdos con el Municipio: un convenio de comodato que cede a la ARB el uso de un predio de casi 2600 m2 junto al Vertedero por 30 a\u00f1os, y una adenda que, entre otras cosas, incrementa los aportes de la Municipalidad para la organizaci\u00f3n y autoriza a sus trabajadores para el uso de las nuevas oficinas e instalaciones reci\u00e9n terminadas en el Centro de Residuos Urbanos.<\/p>\n<p>La presidenta de la Asociaci\u00f3n de Recicladores Bariloche se\u00f1al\u00f3 adem\u00e1s que \u201cestos son pasos para poder seguir trabajando en conjunto con el Municipio, que es lo que siempre quisimos, y de que mejore la separaci\u00f3n en origen para que nosotros podamos recuperar m\u00e1s\u201d.<\/p>\n<p>El intendente Gustavo Gennuso fue el encargado, junto a Pichi\u00f1anco, de rubricar estos dos acuerdos, elaborados tras un intenso trabajo conjunto entre la ARB, la Asesor\u00eda Letrada del Municipio y la Subsecretar\u00eda de Medioambiente municipal.<\/p>\n<p>El titular de Medioambiente, Carlos Beros, consider\u00f3 que \u201ceste es un momento importante en el proceso que iniciamos con la gesti\u00f3n, casi un punto de inflexi\u00f3n en un camino que elegimos para llegar al \u00abreciclaje inclusivo\u00bb\u201d. Y explic\u00f3 que estos convenios \u201cimplican la formalizaci\u00f3n de las tareas que est\u00e1 llevando adelante la ARB dentro del Centro de Residuos Urbanos Municipales, y es una formalizaci\u00f3n que implica la estabilidad para desarrollar sus actividades, oficinas nuevas reci\u00e9n concluidas y aptas para la tarea que van a realizar, y una serie de obras que est\u00e1n en proceso de realizaci\u00f3n y que buscan cubrir todas las necesidades para la tarea que ya est\u00e1n llevando adelante\u201d.<\/p>\n<p>Por un lado, el convenio firmado hoy cede en comodato por 30 a\u00f1os a la ARB de un predio de 2580 m2 \u2014a donde la entidad se mudar\u00e1 con ayuda del Municipio\u2014, con la posibilidad de renovaci\u00f3n autom\u00e1tica de la cesi\u00f3n una vez concluido ese plazo.<\/p>\n<p>Por otra parte, la adenda firmada incluye una serie de mejoras para la Asociaci\u00f3n, como el incremento de los aportes que el Municipio realiza a la organizaci\u00f3n en concepto de compensaci\u00f3n por disminuci\u00f3n de ingresos y de aportes por gastos generales. Otro de los aspectos principales del documento es que autoriza a la ARB a hacer uso de las instalaciones que acaban de concluirse en el Centro de Residuos Urbanos: las oficinas de planta alta y ba\u00f1os y vestuarios de damas y caballeros en la planta separadora.<\/p>\n<p>Fuente: Bariloche2000<\/p>\n","protected":false},"excerpt":{"rendered":"<p>Bariloche.-Este martes (6\/6) por la ma\u00f1ana, el intendente Gustavo Gennuso y la presidenta de la Asociaci\u00f3n de<\/p>\n","protected":false},"author":2,"featured_media":30162,"comment_status":"open","ping_status":"open","sticky":false,"template":"","format":"standard","meta":{"site-sidebar-layout":"default","site-content-layout":"","ast-site-content-layout":"default","site-content-style":"default","site-sidebar-style":"default","ast-global-header-display":"","ast-banner-title-visibility":"","ast-main-header-display":"","ast-hfb-above-header-display":"","ast-hfb-below-header-display":"","ast-hfb-mobile-header-display":"","site-post-title":"","ast-breadcrumbs-content":"","ast-featured-img":"","footer-sml-layout":"","ast-disable-related-posts":"","theme-transparent-header-meta":"","adv-header-id-meta":"","stick-header-meta":"","header-above-stick-meta":"","header-main-stick-meta":"","header-below-stick-meta":"","astra-migrate-meta-layouts":"default","ast-page-background-enabled":"default","ast-page-background-meta":{"desktop":{"background-color":"var(--ast-global-color-5)","background-image":"","background-repeat":"repeat","background-position":"center center","background-size":"auto","background-attachment":"scroll","background-type":"","background-media":"","overlay-type":"","overlay-color":"","overlay-opacity":"","overlay-gradient":""},"tablet":{"background-color":"","background-image":"","background-repeat":"repeat","background-position":"center center","background-size":"auto","background-attachment":"scroll","background-type":"","background-media":"","overlay-type":"","overlay-color":"","overlay-opacity":"","overlay-gradient":""},"mobile":{"background-color":"","background-image":"","background-repeat":"repeat","background-position":"center center","background-size":"auto","background-attachment":"scroll","background-type":"","background-media":"","overlay-type":"","overlay-color":"","overlay-opacity":"","overlay-gradient":""}},"ast-content-background-meta":{"desktop":{"background-color":"var(--ast-global-color-4)","background-image":"","background-repeat":"repeat","background-position":"center center","background-size":"auto","background-attachment":"scroll","background-type":"","background-media":"","overlay-type":"","overlay-color":"","overlay-opacity":"","overlay-gradient":""},"tablet":{"background-color":"var(--ast-global-color-4)","background-image":"","background-repeat":"repeat","background-position":"center center","background-size":"auto","background-attachment":"scroll","background-type":"","background-media":"","overlay-type":"","overlay-color":"","overlay-opacity":"","overlay-gradient":""},"mobile":{"background-color":"var(--ast-global-color-4)","background-image":"","background-repeat":"repeat","background-position":"center center","background-size":"auto","background-attachment":"scroll","background-type":"","background-media":"","overlay-type":"","overlay-color":"","overlay-opacity":"","overlay-gradient":""}},"footnotes":""},"categories":[16,1],"tags":[],"class_list":["post-30160","post","type-post","status-publish","format-standard","has-post-thumbnail","hentry","category-municipales","category-noticias"],"yoast_head":"<!-- This site is optimized with the Yoast SEO Premium plugin v23.0 (Yoast SEO v27.4) - https:\/\/yoast.com\/product\/yoast-seo-premium-wordpress\/ -->\n<title>Recicladores firmaron convenio con la Municipalidad<\/title>\n<meta name=\"robots\" content=\"index, follow, max-snippet:-1, max-image-preview:large, max-video-preview:-1\" \/>\n<link rel=\"canonical\" href=\"https:\/\/patagoniambiental.com.ar\/info\/recicladores-firmaron-convenio-con-la-municipalidad\/\" \/>\n<meta property=\"og:locale\" content=\"es_ES\" \/>\n<meta property=\"og:type\" content=\"article\" \/>\n<meta property=\"og:title\" content=\"Recicladores firmaron convenio con la Municipalidad\" \/>\n<meta property=\"og:description\" content=\"Bariloche.-Este martes (6\/6) por la ma\u00f1ana, el intendente Gustavo Gennuso y la presidenta de la Asociaci\u00f3n de\" \/>\n<meta property=\"og:url\" content=\"https:\/\/patagoniambiental.com.ar\/info\/recicladores-firmaron-convenio-con-la-municipalidad\/\" \/>\n<meta property=\"og:site_name\" content=\"Patagonia Ambiental\" \/>\n<meta property=\"article:publisher\" content=\"https:\/\/www.facebook.com\/patagonia.ambiental\" \/>\n<meta property=\"article:author\" content=\"https:\/\/www.facebook.com\/share\/1C1V8Gv9BX\/?mibextid=qi2Omg\" \/>\n<meta property=\"article:published_time\" content=\"2017-06-07T22:00:53+00:00\" \/>\n<meta property=\"og:image\" content=\"https:\/\/patagoniambiental.com.ar\/info\/wp-content\/uploads\/2017\/06\/5cf35b36-1d35-5628-9dd4-0ea4d4b1e38e_mid.jpg\" \/>\n\t<meta property=\"og:image:width\" content=\"1024\" \/>\n\t<meta property=\"og:image:height\" content=\"683\" \/>\n\t<meta property=\"og:image:type\" content=\"image\/jpeg\" \/>\n<meta name=\"author\" content=\"Patagonia Ambiental\" \/>\n<meta name=\"twitter:card\" content=\"summary_large_image\" \/>\n<meta name=\"twitter:creator\" content=\"@PatAmb\" \/>\n<meta name=\"twitter:site\" content=\"@PatAmb\" \/>\n<script type=\"application\/ld+json\" class=\"yoast-schema-graph\">{\"@context\":\"https:\\\/\\\/schema.org\",\"@graph\":[{\"@type\":\"Article\",\"@id\":\"https:\\\/\\\/patagoniambiental.com.ar\\\/info\\\/recicladores-firmaron-convenio-con-la-municipalidad\\\/#article\",\"isPartOf\":{\"@id\":\"https:\\\/\\\/patagoniambiental.com.ar\\\/info\\\/recicladores-firmaron-convenio-con-la-municipalidad\\\/\"},\"author\":{\"name\":\"Patagonia Ambiental\",\"@id\":\"https:\\\/\\\/patagoniambiental.com.ar\\\/info\\\/#\\\/schema\\\/person\\\/db12bff64bbcbf6a253710bf0ea37b5d\"},\"headline\":\"Recicladores firmaron convenio con la Municipalidad\",\"datePublished\":\"2017-06-07T22:00:53+00:00\",\"mainEntityOfPage\":{\"@id\":\"https:\\\/\\\/patagoniambiental.com.ar\\\/info\\\/recicladores-firmaron-convenio-con-la-municipalidad\\\/\"},\"wordCount\":507,\"commentCount\":0,\"publisher\":{\"@id\":\"https:\\\/\\\/patagoniambiental.com.ar\\\/info\\\/#organization\"},\"image\":{\"@id\":\"https:\\\/\\\/patagoniambiental.com.ar\\\/info\\\/recicladores-firmaron-convenio-con-la-municipalidad\\\/#primaryimage\"},\"thumbnailUrl\":\"https:\\\/\\\/patagoniambiental.com.ar\\\/info\\\/wp-content\\\/uploads\\\/2017\\\/06\\\/5cf35b36-1d35-5628-9dd4-0ea4d4b1e38e_mid.jpg\",\"articleSection\":[\"Municipales\",\"Noticias\"],\"inLanguage\":\"es\",\"potentialAction\":[{\"@type\":\"CommentAction\",\"name\":\"Comment\",\"target\":[\"https:\\\/\\\/patagoniambiental.com.ar\\\/info\\\/recicladores-firmaron-convenio-con-la-municipalidad\\\/#respond\"]}]},{\"@type\":\"WebPage\",\"@id\":\"https:\\\/\\\/patagoniambiental.com.ar\\\/info\\\/recicladores-firmaron-convenio-con-la-municipalidad\\\/\",\"url\":\"https:\\\/\\\/patagoniambiental.com.ar\\\/info\\\/recicladores-firmaron-convenio-con-la-municipalidad\\\/\",\"name\":\"Recicladores firmaron convenio con la Municipalidad\",\"isPartOf\":{\"@id\":\"https:\\\/\\\/patagoniambiental.com.ar\\\/info\\\/#website\"},\"primaryImageOfPage\":{\"@id\":\"https:\\\/\\\/patagoniambiental.com.ar\\\/info\\\/recicladores-firmaron-convenio-con-la-municipalidad\\\/#primaryimage\"},\"image\":{\"@id\":\"https:\\\/\\\/patagoniambiental.com.ar\\\/info\\\/recicladores-firmaron-convenio-con-la-municipalidad\\\/#primaryimage\"},\"thumbnailUrl\":\"https:\\\/\\\/patagoniambiental.com.ar\\\/info\\\/wp-content\\\/uploads\\\/2017\\\/06\\\/5cf35b36-1d35-5628-9dd4-0ea4d4b1e38e_mid.jpg\",\"datePublished\":\"2017-06-07T22:00:53+00:00\",\"breadcrumb\":{\"@id\":\"https:\\\/\\\/patagoniambiental.com.ar\\\/info\\\/recicladores-firmaron-convenio-con-la-municipalidad\\\/#breadcrumb\"},\"inLanguage\":\"es\",\"potentialAction\":[{\"@type\":\"ReadAction\",\"target\":[\"https:\\\/\\\/patagoniambiental.com.ar\\\/info\\\/recicladores-firmaron-convenio-con-la-municipalidad\\\/\"]}]},{\"@type\":\"ImageObject\",\"inLanguage\":\"es\",\"@id\":\"https:\\\/\\\/patagoniambiental.com.ar\\\/info\\\/recicladores-firmaron-convenio-con-la-municipalidad\\\/#primaryimage\",\"url\":\"https:\\\/\\\/patagoniambiental.com.ar\\\/info\\\/wp-content\\\/uploads\\\/2017\\\/06\\\/5cf35b36-1d35-5628-9dd4-0ea4d4b1e38e_mid.jpg\",\"contentUrl\":\"https:\\\/\\\/patagoniambiental.com.ar\\\/info\\\/wp-content\\\/uploads\\\/2017\\\/06\\\/5cf35b36-1d35-5628-9dd4-0ea4d4b1e38e_mid.jpg\",\"width\":1024,\"height\":683},{\"@type\":\"BreadcrumbList\",\"@id\":\"https:\\\/\\\/patagoniambiental.com.ar\\\/info\\\/recicladores-firmaron-convenio-con-la-municipalidad\\\/#breadcrumb\",\"itemListElement\":[{\"@type\":\"ListItem\",\"position\":1,\"name\":\"Inicio\",\"item\":\"https:\\\/\\\/patagoniambiental.com.ar\\\/info\\\/\"},{\"@type\":\"ListItem\",\"position\":2,\"name\":\"Recicladores firmaron convenio con la Municipalidad\"}]},{\"@type\":\"WebSite\",\"@id\":\"https:\\\/\\\/patagoniambiental.com.ar\\\/info\\\/#website\",\"url\":\"https:\\\/\\\/patagoniambiental.com.ar\\\/info\\\/\",\"name\":\"Patagonia Ambiental\",\"description\":\"Monitoreo y an\u00e1lisis de la situaci\u00f3n geopol\u00edtica en el mundo y su implicancia en la Patagonia\",\"publisher\":{\"@id\":\"https:\\\/\\\/patagoniambiental.com.ar\\\/info\\\/#organization\"},\"potentialAction\":[{\"@type\":\"SearchAction\",\"target\":{\"@type\":\"EntryPoint\",\"urlTemplate\":\"https:\\\/\\\/patagoniambiental.com.ar\\\/info\\\/?s={search_term_string}\"},\"query-input\":{\"@type\":\"PropertyValueSpecification\",\"valueRequired\":true,\"valueName\":\"search_term_string\"}}],\"inLanguage\":\"es\"},{\"@type\":\"Organization\",\"@id\":\"https:\\\/\\\/patagoniambiental.com.ar\\\/info\\\/#organization\",\"name\":\"Patagonia Ambiental\",\"url\":\"https:\\\/\\\/patagoniambiental.com.ar\\\/info\\\/\",\"logo\":{\"@type\":\"ImageObject\",\"inLanguage\":\"es\",\"@id\":\"https:\\\/\\\/patagoniambiental.com.ar\\\/info\\\/#\\\/schema\\\/logo\\\/image\\\/\",\"url\":\"https:\\\/\\\/patagoniambiental.com.ar\\\/info\\\/wp-content\\\/uploads\\\/2025\\\/05\\\/LOGO-PATAGONIA-AMBIENTAL.png\",\"contentUrl\":\"https:\\\/\\\/patagoniambiental.com.ar\\\/info\\\/wp-content\\\/uploads\\\/2025\\\/05\\\/LOGO-PATAGONIA-AMBIENTAL.png\",\"width\":433,\"height\":250,\"caption\":\"Patagonia Ambiental\"},\"image\":{\"@id\":\"https:\\\/\\\/patagoniambiental.com.ar\\\/info\\\/#\\\/schema\\\/logo\\\/image\\\/\"},\"sameAs\":[\"https:\\\/\\\/www.facebook.com\\\/patagonia.ambiental\",\"https:\\\/\\\/x.com\\\/PatAmb\"]},{\"@type\":\"Person\",\"@id\":\"https:\\\/\\\/patagoniambiental.com.ar\\\/info\\\/#\\\/schema\\\/person\\\/db12bff64bbcbf6a253710bf0ea37b5d\",\"name\":\"Patagonia Ambiental\",\"description\":\"Andr\u00e9s Nievas T\u00e9cnico en manejo ambiental, consultor Ambiental y escritor para medios locales e internacionales sobre temas de geopolitica y medio ambiente.\",\"sameAs\":[\"http:\\\/\\\/www.patagoniambiental.com.ar\",\"https:\\\/\\\/www.facebook.com\\\/share\\\/1C1V8Gv9BX\\\/?mibextid=qi2Omg\",\"@patagoniambiental\",\"https:\\\/\\\/youtube.com\\\/@patagoniaambiental2023?si=BLt58t0wuXquxlYZ\"]}]}<\/script>\n<!-- \/ Yoast SEO Premium plugin. -->","yoast_head_json":{"title":"Recicladores firmaron convenio con la Municipalidad","robots":{"index":"index","follow":"follow","max-snippet":"max-snippet:-1","max-image-preview":"max-image-preview:large","max-video-preview":"max-video-preview:-1"},"canonical":"https:\/\/patagoniambiental.com.ar\/info\/recicladores-firmaron-convenio-con-la-municipalidad\/","og_locale":"es_ES","og_type":"article","og_title":"Recicladores firmaron convenio con la Municipalidad","og_description":"Bariloche.-Este martes (6\/6) por la ma\u00f1ana, el intendente Gustavo Gennuso y la presidenta de la Asociaci\u00f3n de","og_url":"https:\/\/patagoniambiental.com.ar\/info\/recicladores-firmaron-convenio-con-la-municipalidad\/","og_site_name":"Patagonia Ambiental","article_publisher":"https:\/\/www.facebook.com\/patagonia.ambiental","article_author":"https:\/\/www.facebook.com\/share\/1C1V8Gv9BX\/?mibextid=qi2Omg","article_published_time":"2017-06-07T22:00:53+00:00","og_image":[{"width":1024,"height":683,"url":"https:\/\/patagoniambiental.com.ar\/info\/wp-content\/uploads\/2017\/06\/5cf35b36-1d35-5628-9dd4-0ea4d4b1e38e_mid.jpg","type":"image\/jpeg"}],"author":"Patagonia Ambiental","twitter_card":"summary_large_image","twitter_creator":"@PatAmb","twitter_site":"@PatAmb","schema":{"@context":"https:\/\/schema.org","@graph":[{"@type":"Article","@id":"https:\/\/patagoniambiental.com.ar\/info\/recicladores-firmaron-convenio-con-la-municipalidad\/#article","isPartOf":{"@id":"https:\/\/patagoniambiental.com.ar\/info\/recicladores-firmaron-convenio-con-la-municipalidad\/"},"author":{"name":"Patagonia Ambiental","@id":"https:\/\/patagoniambiental.com.ar\/info\/#\/schema\/person\/db12bff64bbcbf6a253710bf0ea37b5d"},"headline":"Recicladores firmaron convenio con la Municipalidad","datePublished":"2017-06-07T22:00:53+00:00","mainEntityOfPage":{"@id":"https:\/\/patagoniambiental.com.ar\/info\/recicladores-firmaron-convenio-con-la-municipalidad\/"},"wordCount":507,"commentCount":0,"publisher":{"@id":"https:\/\/patagoniambiental.com.ar\/info\/#organization"},"image":{"@id":"https:\/\/patagoniambiental.com.ar\/info\/recicladores-firmaron-convenio-con-la-municipalidad\/#primaryimage"},"thumbnailUrl":"https:\/\/patagoniambiental.com.ar\/info\/wp-content\/uploads\/2017\/06\/5cf35b36-1d35-5628-9dd4-0ea4d4b1e38e_mid.jpg","articleSection":["Municipales","Noticias"],"inLanguage":"es","potentialAction":[{"@type":"CommentAction","name":"Comment","target":["https:\/\/patagoniambiental.com.ar\/info\/recicladores-firmaron-convenio-con-la-municipalidad\/#respond"]}]},{"@type":"WebPage","@id":"https:\/\/patagoniambiental.com.ar\/info\/recicladores-firmaron-convenio-con-la-municipalidad\/","url":"https:\/\/patagoniambiental.com.ar\/info\/recicladores-firmaron-convenio-con-la-municipalidad\/","name":"Recicladores firmaron convenio con la Municipalidad","isPartOf":{"@id":"https:\/\/patagoniambiental.com.ar\/info\/#website"},"primaryImageOfPage":{"@id":"https:\/\/patagoniambiental.com.ar\/info\/recicladores-firmaron-convenio-con-la-municipalidad\/#primaryimage"},"image":{"@id":"https:\/\/patagoniambiental.com.ar\/info\/recicladores-firmaron-convenio-con-la-municipalidad\/#primaryimage"},"thumbnailUrl":"https:\/\/patagoniambiental.com.ar\/info\/wp-content\/uploads\/2017\/06\/5cf35b36-1d35-5628-9dd4-0ea4d4b1e38e_mid.jpg","datePublished":"2017-06-07T22:00:53+00:00","breadcrumb":{"@id":"https:\/\/patagoniambiental.com.ar\/info\/recicladores-firmaron-convenio-con-la-municipalidad\/#breadcrumb"},"inLanguage":"es","potentialAction":[{"@type":"ReadAction","target":["https:\/\/patagoniambiental.com.ar\/info\/recicladores-firmaron-convenio-con-la-municipalidad\/"]}]},{"@type":"ImageObject","inLanguage":"es","@id":"https:\/\/patagoniambiental.com.ar\/info\/recicladores-firmaron-convenio-con-la-municipalidad\/#primaryimage","url":"https:\/\/patagoniambiental.com.ar\/info\/wp-content\/uploads\/2017\/06\/5cf35b36-1d35-5628-9dd4-0ea4d4b1e38e_mid.jpg","contentUrl":"https:\/\/patagoniambiental.com.ar\/info\/wp-content\/uploads\/2017\/06\/5cf35b36-1d35-5628-9dd4-0ea4d4b1e38e_mid.jpg","width":1024,"height":683},{"@type":"BreadcrumbList","@id":"https:\/\/patagoniambiental.com.ar\/info\/recicladores-firmaron-convenio-con-la-municipalidad\/#breadcrumb","itemListElement":[{"@type":"ListItem","position":1,"name":"Inicio","item":"https:\/\/patagoniambiental.com.ar\/info\/"},{"@type":"ListItem","position":2,"name":"Recicladores firmaron convenio con la Municipalidad"}]},{"@type":"WebSite","@id":"https:\/\/patagoniambiental.com.ar\/info\/#website","url":"https:\/\/patagoniambiental.com.ar\/info\/","name":"Patagonia Ambiental","description":"Monitoreo y an\u00e1lisis de la situaci\u00f3n geopol\u00edtica en el mundo y su implicancia en la Patagonia","publisher":{"@id":"https:\/\/patagoniambiental.com.ar\/info\/#organization"},"potentialAction":[{"@type":"SearchAction","target":{"@type":"EntryPoint","urlTemplate":"https:\/\/patagoniambiental.com.ar\/info\/?s={search_term_string}"},"query-input":{"@type":"PropertyValueSpecification","valueRequired":true,"valueName":"search_term_string"}}],"inLanguage":"es"},{"@type":"Organization","@id":"https:\/\/patagoniambiental.com.ar\/info\/#organization","name":"Patagonia Ambiental","url":"https:\/\/patagoniambiental.com.ar\/info\/","logo":{"@type":"ImageObject","inLanguage":"es","@id":"https:\/\/patagoniambiental.com.ar\/info\/#\/schema\/logo\/image\/","url":"https:\/\/patagoniambiental.com.ar\/info\/wp-content\/uploads\/2025\/05\/LOGO-PATAGONIA-AMBIENTAL.png","contentUrl":"https:\/\/patagoniambiental.com.ar\/info\/wp-content\/uploads\/2025\/05\/LOGO-PATAGONIA-AMBIENTAL.png","width":433,"height":250,"caption":"Patagonia Ambiental"},"image":{"@id":"https:\/\/patagoniambiental.com.ar\/info\/#\/schema\/logo\/image\/"},"sameAs":["https:\/\/www.facebook.com\/patagonia.ambiental","https:\/\/x.com\/PatAmb"]},{"@type":"Person","@id":"https:\/\/patagoniambiental.com.ar\/info\/#\/schema\/person\/db12bff64bbcbf6a253710bf0ea37b5d","name":"Patagonia Ambiental","description":"Andr\u00e9s Nievas T\u00e9cnico en manejo ambiental, consultor Ambiental y escritor para medios locales e internacionales sobre temas de geopolitica y medio ambiente.","sameAs":["http:\/\/www.patagoniambiental.com.ar","https:\/\/www.facebook.com\/share\/1C1V8Gv9BX\/?mibextid=qi2Omg","@patagoniambiental","https:\/\/youtube.com\/@patagoniaambiental2023?si=BLt58t0wuXquxlYZ"]}]}},"_links":{"self":[{"href":"https:\/\/patagoniambiental.com.ar\/info\/wp-json\/wp\/v2\/posts\/30160","targetHints":{"allow":["GET"]}}],"collection":[{"href":"https:\/\/patagoniambiental.com.ar\/info\/wp-json\/wp\/v2\/posts"}],"about":[{"href":"https:\/\/patagoniambiental.com.ar\/info\/wp-json\/wp\/v2\/types\/post"}],"author":[{"embeddable":true,"href":"https:\/\/patagoniambiental.com.ar\/info\/wp-json\/wp\/v2\/users\/2"}],"replies":[{"embeddable":true,"href":"https:\/\/patagoniambiental.com.ar\/info\/wp-json\/wp\/v2\/comments?post=30160"}],"version-history":[{"count":0,"href":"https:\/\/patagoniambiental.com.ar\/info\/wp-json\/wp\/v2\/posts\/30160\/revisions"}],"wp:featuredmedia":[{"embeddable":true,"href":"https:\/\/patagoniambiental.com.ar\/info\/wp-json\/wp\/v2\/media\/30162"}],"wp:attachment":[{"href":"https:\/\/patagoniambiental.com.ar\/info\/wp-json\/wp\/v2\/media?parent=30160"}],"wp:term":[{"taxonomy":"category","embeddable":true,"href":"https:\/\/patagoniambiental.com.ar\/info\/wp-json\/wp\/v2\/categories?post=30160"},{"taxonomy":"post_tag","embeddable":true,"href":"https:\/\/patagoniambiental.com.ar\/info\/wp-json\/wp\/v2\/tags?post=30160"}],"curies":[{"name":"wp","href":"https:\/\/api.w.org\/{rel}","templated":true}]}}