{"id":30228,"date":"2017-06-08T09:00:52","date_gmt":"2017-06-08T12:00:52","guid":{"rendered":"http:\/\/patagoniambiental.com.ar\/info\/?p=30228"},"modified":"2017-06-07T20:52:34","modified_gmt":"2017-06-07T23:52:34","slug":"obama-lamenta-ausencia-de-liderazgo-de-eeuu-por-retiro-del-acuerdo-de-paris","status":"publish","type":"post","link":"https:\/\/patagoniambiental.com.ar\/info\/obama-lamenta-ausencia-de-liderazgo-de-eeuu-por-retiro-del-acuerdo-de-paris\/","title":{"rendered":"Obama lamenta \u201causencia de liderazgo\u201d de EEUU por retiro del Acuerdo de Par\u00eds"},"content":{"rendered":"<p class=\"entradilla\">El expresidente de EEUU Barack Obama lament\u00f3 la \u00abausencia temporal del liderazgo de Estados Unidos\u00bb en materia del cambio clim\u00e1tico y advirti\u00f3 de las amenazas mundiales a la democracia en un discurso pronunciado en Montreal (Canad\u00e1).<\/p>\n<p>Obama disert\u00f3 ante m\u00e1s de 6.000 personas que llenaron el centro de convenciones de Montreal sobre la situaci\u00f3n en su pa\u00eds, aunque evit\u00f3 mencionar el nombre del ahora presidente, Donald Trump.<\/p>\n<p>Aunque Obama lament\u00f3 la decisi\u00f3n tomada por Estados Unidos la semana pasada de retirarse del Acuerdo de Par\u00eds, \u201cel acuerdo m\u00e1s ambicioso en la historia para luchar contra el cambio clim\u00e1tico\u201d, el expresidente se mostr\u00f3 optimista.<\/p>\n<p>Seg\u00fan Obama, incluso sin Estados Unidos, el acuerdo \u201ctodav\u00eda dar\u00e1 a nuestros hijos buenas posibilidades\u201d.<\/p>\n<p><em>\u201cClaro que estoy decepcionado con la actual decisi\u00f3n de la Administraci\u00f3n estadounidense de retirarse de Par\u00eds. Vamos a tener que actuar con m\u00e1s urgencia. Estoy esperando que en adelante, los Estados Unidos sea un l\u00edder<\/em>\u201c, insisti\u00f3 Obama.<\/p>\n<p>En otra parte de su discurso, Obama lanz\u00f3 una sutil puya contra su sucesor al afirmar que \u201cmientras la televisi\u00f3n y Twitter nos suministran un flujo constante de malas noticias y a veces noticias falsas, puede parecer que el orden internacional que hemos creado est\u00e1 siendo probado constantemente y el centro puede no resistir\u201d.<\/p>\n<p><em>\u201cLa historia tambi\u00e9n prueba que hay formas mejores. Canad\u00e1 lo demuestra, los Estados Unidos, Europa, Jap\u00f3n muestran que es posible superar nuestros miedos y nuestras divisiones<\/em>\u201c, concluy\u00f3 Obama.<\/p>\n<p>&nbsp;<\/p>\n<p>Fuente: Efeverde<\/p>\n<div>\n<\/div>\n","protected":false},"excerpt":{"rendered":"<p>El expresidente de EEUU Barack Obama lament\u00f3 la \u00abausencia temporal del liderazgo de Estados Unidos\u00bb en materia del cambio clim\u00e1tico [&hellip;]<\/p>\n","protected":false},"author":2,"featured_media":30229,"comment_status":"open","ping_status":"open","sticky":false,"template":"","format":"standard","meta":{"site-sidebar-layout":"default","site-content-layout":"","ast-site-content-layout":"default","site-content-style":"default","site-sidebar-style":"default","ast-global-header-display":"","ast-banner-title-visibility":"","ast-main-header-display":"","ast-hfb-above-header-display":"","ast-hfb-below-header-display":"","ast-hfb-mobile-header-display":"","site-post-title":"","ast-breadcrumbs-content":"","ast-featured-img":"","footer-sml-layout":"","ast-disable-related-posts":"","theme-transparent-header-meta":"","adv-header-id-meta":"","stick-header-meta":"","header-above-stick-meta":"","header-main-stick-meta":"","header-below-stick-meta":"","astra-migrate-meta-layouts":"default","ast-page-background-enabled":"default","ast-page-background-meta":{"desktop":{"background-color":"var(--ast-global-color-5)","background-image":"","background-repeat":"repeat","background-position":"center center","background-size":"auto","background-attachment":"scroll","background-type":"","background-media":"","overlay-type":"","overlay-color":"","overlay-opacity":"","overlay-gradient":""},"tablet":{"background-color":"","background-image":"","background-repeat":"repeat","background-position":"center center","background-size":"auto","background-attachment":"scroll","background-type":"","background-media":"","overlay-type":"","overlay-color":"","overlay-opacity":"","overlay-gradient":""},"mobile":{"background-color":"","background-image":"","background-repeat":"repeat","background-position":"center center","background-size":"auto","background-attachment":"scroll","background-type":"","background-media":"","overlay-type":"","overlay-color":"","overlay-opacity":"","overlay-gradient":""}},"ast-content-background-meta":{"desktop":{"background-color":"var(--ast-global-color-4)","background-image":"","background-repeat":"repeat","background-position":"center center","background-size":"auto","background-attachment":"scroll","background-type":"","background-media":"","overlay-type":"","overlay-color":"","overlay-opacity":"","overlay-gradient":""},"tablet":{"background-color":"var(--ast-global-color-4)","background-image":"","background-repeat":"repeat","background-position":"center center","background-size":"auto","background-attachment":"scroll","background-type":"","background-media":"","overlay-type":"","overlay-color":"","overlay-opacity":"","overlay-gradient":""},"mobile":{"background-color":"var(--ast-global-color-4)","background-image":"","background-repeat":"repeat","background-position":"center center","background-size":"auto","background-attachment":"scroll","background-type":"","background-media":"","overlay-type":"","overlay-color":"","overlay-opacity":"","overlay-gradient":""}},"footnotes":""},"categories":[23,1],"tags":[],"class_list":["post-30228","post","type-post","status-publish","format-standard","has-post-thumbnail","hentry","category-internacionales","category-noticias"],"yoast_head":"<!-- This site is optimized with the Yoast SEO Premium plugin v23.0 (Yoast SEO v27.4) - https:\/\/yoast.com\/product\/yoast-seo-premium-wordpress\/ -->\n<title>Obama lamenta \u201causencia de liderazgo\u201d de EEUU por retiro del Acuerdo de Par\u00eds<\/title>\n<meta name=\"robots\" content=\"index, follow, max-snippet:-1, max-image-preview:large, max-video-preview:-1\" \/>\n<link rel=\"canonical\" href=\"https:\/\/patagoniambiental.com.ar\/info\/obama-lamenta-ausencia-de-liderazgo-de-eeuu-por-retiro-del-acuerdo-de-paris\/\" \/>\n<meta property=\"og:locale\" content=\"es_ES\" \/>\n<meta property=\"og:type\" content=\"article\" \/>\n<meta property=\"og:title\" content=\"Obama lamenta \u201causencia de liderazgo\u201d de EEUU por retiro del Acuerdo de Par\u00eds\" \/>\n<meta property=\"og:description\" content=\"El expresidente de EEUU Barack Obama lament\u00f3 la \u00abausencia temporal del liderazgo de Estados Unidos\u00bb en materia del cambio clim\u00e1tico [&hellip;]\" \/>\n<meta property=\"og:url\" content=\"https:\/\/patagoniambiental.com.ar\/info\/obama-lamenta-ausencia-de-liderazgo-de-eeuu-por-retiro-del-acuerdo-de-paris\/\" \/>\n<meta property=\"og:site_name\" content=\"Patagonia Ambiental\" \/>\n<meta property=\"article:publisher\" content=\"https:\/\/www.facebook.com\/patagonia.ambiental\" \/>\n<meta property=\"article:author\" content=\"https:\/\/www.facebook.com\/share\/1C1V8Gv9BX\/?mibextid=qi2Omg\" \/>\n<meta property=\"article:published_time\" content=\"2017-06-08T12:00:52+00:00\" \/>\n<meta property=\"og:image\" content=\"https:\/\/patagoniambiental.com.ar\/info\/wp-content\/uploads\/2017\/06\/paris.jpg\" \/>\n\t<meta property=\"og:image:width\" content=\"620\" \/>\n\t<meta property=\"og:image:height\" content=\"310\" \/>\n\t<meta property=\"og:image:type\" content=\"image\/jpeg\" \/>\n<meta name=\"author\" content=\"Patagonia Ambiental\" \/>\n<meta name=\"twitter:card\" content=\"summary_large_image\" \/>\n<meta name=\"twitter:creator\" content=\"@PatAmb\" \/>\n<meta name=\"twitter:site\" content=\"@PatAmb\" \/>\n<script type=\"application\/ld+json\" class=\"yoast-schema-graph\">{\"@context\":\"https:\\\/\\\/schema.org\",\"@graph\":[{\"@type\":\"Article\",\"@id\":\"https:\\\/\\\/patagoniambiental.com.ar\\\/info\\\/obama-lamenta-ausencia-de-liderazgo-de-eeuu-por-retiro-del-acuerdo-de-paris\\\/#article\",\"isPartOf\":{\"@id\":\"https:\\\/\\\/patagoniambiental.com.ar\\\/info\\\/obama-lamenta-ausencia-de-liderazgo-de-eeuu-por-retiro-del-acuerdo-de-paris\\\/\"},\"author\":{\"name\":\"Patagonia Ambiental\",\"@id\":\"https:\\\/\\\/patagoniambiental.com.ar\\\/info\\\/#\\\/schema\\\/person\\\/db12bff64bbcbf6a253710bf0ea37b5d\"},\"headline\":\"Obama lamenta \u201causencia de liderazgo\u201d de EEUU por retiro del Acuerdo de Par\u00eds\",\"datePublished\":\"2017-06-08T12:00:52+00:00\",\"mainEntityOfPage\":{\"@id\":\"https:\\\/\\\/patagoniambiental.com.ar\\\/info\\\/obama-lamenta-ausencia-de-liderazgo-de-eeuu-por-retiro-del-acuerdo-de-paris\\\/\"},\"wordCount\":271,\"commentCount\":0,\"publisher\":{\"@id\":\"https:\\\/\\\/patagoniambiental.com.ar\\\/info\\\/#organization\"},\"image\":{\"@id\":\"https:\\\/\\\/patagoniambiental.com.ar\\\/info\\\/obama-lamenta-ausencia-de-liderazgo-de-eeuu-por-retiro-del-acuerdo-de-paris\\\/#primaryimage\"},\"thumbnailUrl\":\"https:\\\/\\\/patagoniambiental.com.ar\\\/info\\\/wp-content\\\/uploads\\\/2017\\\/06\\\/paris.jpg\",\"articleSection\":[\"Internacionales\",\"Noticias\"],\"inLanguage\":\"es\",\"potentialAction\":[{\"@type\":\"CommentAction\",\"name\":\"Comment\",\"target\":[\"https:\\\/\\\/patagoniambiental.com.ar\\\/info\\\/obama-lamenta-ausencia-de-liderazgo-de-eeuu-por-retiro-del-acuerdo-de-paris\\\/#respond\"]}]},{\"@type\":\"WebPage\",\"@id\":\"https:\\\/\\\/patagoniambiental.com.ar\\\/info\\\/obama-lamenta-ausencia-de-liderazgo-de-eeuu-por-retiro-del-acuerdo-de-paris\\\/\",\"url\":\"https:\\\/\\\/patagoniambiental.com.ar\\\/info\\\/obama-lamenta-ausencia-de-liderazgo-de-eeuu-por-retiro-del-acuerdo-de-paris\\\/\",\"name\":\"Obama lamenta \u201causencia de liderazgo\u201d de EEUU por retiro del Acuerdo de Par\u00eds\",\"isPartOf\":{\"@id\":\"https:\\\/\\\/patagoniambiental.com.ar\\\/info\\\/#website\"},\"primaryImageOfPage\":{\"@id\":\"https:\\\/\\\/patagoniambiental.com.ar\\\/info\\\/obama-lamenta-ausencia-de-liderazgo-de-eeuu-por-retiro-del-acuerdo-de-paris\\\/#primaryimage\"},\"image\":{\"@id\":\"https:\\\/\\\/patagoniambiental.com.ar\\\/info\\\/obama-lamenta-ausencia-de-liderazgo-de-eeuu-por-retiro-del-acuerdo-de-paris\\\/#primaryimage\"},\"thumbnailUrl\":\"https:\\\/\\\/patagoniambiental.com.ar\\\/info\\\/wp-content\\\/uploads\\\/2017\\\/06\\\/paris.jpg\",\"datePublished\":\"2017-06-08T12:00:52+00:00\",\"breadcrumb\":{\"@id\":\"https:\\\/\\\/patagoniambiental.com.ar\\\/info\\\/obama-lamenta-ausencia-de-liderazgo-de-eeuu-por-retiro-del-acuerdo-de-paris\\\/#breadcrumb\"},\"inLanguage\":\"es\",\"potentialAction\":[{\"@type\":\"ReadAction\",\"target\":[\"https:\\\/\\\/patagoniambiental.com.ar\\\/info\\\/obama-lamenta-ausencia-de-liderazgo-de-eeuu-por-retiro-del-acuerdo-de-paris\\\/\"]}]},{\"@type\":\"ImageObject\",\"inLanguage\":\"es\",\"@id\":\"https:\\\/\\\/patagoniambiental.com.ar\\\/info\\\/obama-lamenta-ausencia-de-liderazgo-de-eeuu-por-retiro-del-acuerdo-de-paris\\\/#primaryimage\",\"url\":\"https:\\\/\\\/patagoniambiental.com.ar\\\/info\\\/wp-content\\\/uploads\\\/2017\\\/06\\\/paris.jpg\",\"contentUrl\":\"https:\\\/\\\/patagoniambiental.com.ar\\\/info\\\/wp-content\\\/uploads\\\/2017\\\/06\\\/paris.jpg\",\"width\":620,\"height\":310},{\"@type\":\"BreadcrumbList\",\"@id\":\"https:\\\/\\\/patagoniambiental.com.ar\\\/info\\\/obama-lamenta-ausencia-de-liderazgo-de-eeuu-por-retiro-del-acuerdo-de-paris\\\/#breadcrumb\",\"itemListElement\":[{\"@type\":\"ListItem\",\"position\":1,\"name\":\"Inicio\",\"item\":\"https:\\\/\\\/patagoniambiental.com.ar\\\/info\\\/\"},{\"@type\":\"ListItem\",\"position\":2,\"name\":\"Obama lamenta \u201causencia de liderazgo\u201d de EEUU por retiro del Acuerdo de Par\u00eds\"}]},{\"@type\":\"WebSite\",\"@id\":\"https:\\\/\\\/patagoniambiental.com.ar\\\/info\\\/#website\",\"url\":\"https:\\\/\\\/patagoniambiental.com.ar\\\/info\\\/\",\"name\":\"Patagonia Ambiental\",\"description\":\"Monitoreo y an\u00e1lisis de la situaci\u00f3n geopol\u00edtica en el mundo y su implicancia en la Patagonia\",\"publisher\":{\"@id\":\"https:\\\/\\\/patagoniambiental.com.ar\\\/info\\\/#organization\"},\"potentialAction\":[{\"@type\":\"SearchAction\",\"target\":{\"@type\":\"EntryPoint\",\"urlTemplate\":\"https:\\\/\\\/patagoniambiental.com.ar\\\/info\\\/?s={search_term_string}\"},\"query-input\":{\"@type\":\"PropertyValueSpecification\",\"valueRequired\":true,\"valueName\":\"search_term_string\"}}],\"inLanguage\":\"es\"},{\"@type\":\"Organization\",\"@id\":\"https:\\\/\\\/patagoniambiental.com.ar\\\/info\\\/#organization\",\"name\":\"Patagonia Ambiental\",\"url\":\"https:\\\/\\\/patagoniambiental.com.ar\\\/info\\\/\",\"logo\":{\"@type\":\"ImageObject\",\"inLanguage\":\"es\",\"@id\":\"https:\\\/\\\/patagoniambiental.com.ar\\\/info\\\/#\\\/schema\\\/logo\\\/image\\\/\",\"url\":\"https:\\\/\\\/patagoniambiental.com.ar\\\/info\\\/wp-content\\\/uploads\\\/2025\\\/05\\\/LOGO-PATAGONIA-AMBIENTAL.png\",\"contentUrl\":\"https:\\\/\\\/patagoniambiental.com.ar\\\/info\\\/wp-content\\\/uploads\\\/2025\\\/05\\\/LOGO-PATAGONIA-AMBIENTAL.png\",\"width\":433,\"height\":250,\"caption\":\"Patagonia Ambiental\"},\"image\":{\"@id\":\"https:\\\/\\\/patagoniambiental.com.ar\\\/info\\\/#\\\/schema\\\/logo\\\/image\\\/\"},\"sameAs\":[\"https:\\\/\\\/www.facebook.com\\\/patagonia.ambiental\",\"https:\\\/\\\/x.com\\\/PatAmb\"]},{\"@type\":\"Person\",\"@id\":\"https:\\\/\\\/patagoniambiental.com.ar\\\/info\\\/#\\\/schema\\\/person\\\/db12bff64bbcbf6a253710bf0ea37b5d\",\"name\":\"Patagonia Ambiental\",\"description\":\"Andr\u00e9s Nievas T\u00e9cnico en manejo ambiental, consultor Ambiental y escritor para medios locales e internacionales sobre temas de geopolitica y medio ambiente.\",\"sameAs\":[\"http:\\\/\\\/www.patagoniambiental.com.ar\",\"https:\\\/\\\/www.facebook.com\\\/share\\\/1C1V8Gv9BX\\\/?mibextid=qi2Omg\",\"@patagoniambiental\",\"https:\\\/\\\/youtube.com\\\/@patagoniaambiental2023?si=BLt58t0wuXquxlYZ\"]}]}<\/script>\n<!-- \/ Yoast SEO Premium plugin. -->","yoast_head_json":{"title":"Obama lamenta \u201causencia de liderazgo\u201d de EEUU por retiro del Acuerdo de Par\u00eds","robots":{"index":"index","follow":"follow","max-snippet":"max-snippet:-1","max-image-preview":"max-image-preview:large","max-video-preview":"max-video-preview:-1"},"canonical":"https:\/\/patagoniambiental.com.ar\/info\/obama-lamenta-ausencia-de-liderazgo-de-eeuu-por-retiro-del-acuerdo-de-paris\/","og_locale":"es_ES","og_type":"article","og_title":"Obama lamenta \u201causencia de liderazgo\u201d de EEUU por retiro del Acuerdo de Par\u00eds","og_description":"El expresidente de EEUU Barack Obama lament\u00f3 la \u00abausencia temporal del liderazgo de Estados Unidos\u00bb en materia del cambio clim\u00e1tico [&hellip;]","og_url":"https:\/\/patagoniambiental.com.ar\/info\/obama-lamenta-ausencia-de-liderazgo-de-eeuu-por-retiro-del-acuerdo-de-paris\/","og_site_name":"Patagonia Ambiental","article_publisher":"https:\/\/www.facebook.com\/patagonia.ambiental","article_author":"https:\/\/www.facebook.com\/share\/1C1V8Gv9BX\/?mibextid=qi2Omg","article_published_time":"2017-06-08T12:00:52+00:00","og_image":[{"width":620,"height":310,"url":"https:\/\/patagoniambiental.com.ar\/info\/wp-content\/uploads\/2017\/06\/paris.jpg","type":"image\/jpeg"}],"author":"Patagonia Ambiental","twitter_card":"summary_large_image","twitter_creator":"@PatAmb","twitter_site":"@PatAmb","schema":{"@context":"https:\/\/schema.org","@graph":[{"@type":"Article","@id":"https:\/\/patagoniambiental.com.ar\/info\/obama-lamenta-ausencia-de-liderazgo-de-eeuu-por-retiro-del-acuerdo-de-paris\/#article","isPartOf":{"@id":"https:\/\/patagoniambiental.com.ar\/info\/obama-lamenta-ausencia-de-liderazgo-de-eeuu-por-retiro-del-acuerdo-de-paris\/"},"author":{"name":"Patagonia Ambiental","@id":"https:\/\/patagoniambiental.com.ar\/info\/#\/schema\/person\/db12bff64bbcbf6a253710bf0ea37b5d"},"headline":"Obama lamenta \u201causencia de liderazgo\u201d de EEUU por retiro del Acuerdo de Par\u00eds","datePublished":"2017-06-08T12:00:52+00:00","mainEntityOfPage":{"@id":"https:\/\/patagoniambiental.com.ar\/info\/obama-lamenta-ausencia-de-liderazgo-de-eeuu-por-retiro-del-acuerdo-de-paris\/"},"wordCount":271,"commentCount":0,"publisher":{"@id":"https:\/\/patagoniambiental.com.ar\/info\/#organization"},"image":{"@id":"https:\/\/patagoniambiental.com.ar\/info\/obama-lamenta-ausencia-de-liderazgo-de-eeuu-por-retiro-del-acuerdo-de-paris\/#primaryimage"},"thumbnailUrl":"https:\/\/patagoniambiental.com.ar\/info\/wp-content\/uploads\/2017\/06\/paris.jpg","articleSection":["Internacionales","Noticias"],"inLanguage":"es","potentialAction":[{"@type":"CommentAction","name":"Comment","target":["https:\/\/patagoniambiental.com.ar\/info\/obama-lamenta-ausencia-de-liderazgo-de-eeuu-por-retiro-del-acuerdo-de-paris\/#respond"]}]},{"@type":"WebPage","@id":"https:\/\/patagoniambiental.com.ar\/info\/obama-lamenta-ausencia-de-liderazgo-de-eeuu-por-retiro-del-acuerdo-de-paris\/","url":"https:\/\/patagoniambiental.com.ar\/info\/obama-lamenta-ausencia-de-liderazgo-de-eeuu-por-retiro-del-acuerdo-de-paris\/","name":"Obama lamenta \u201causencia de liderazgo\u201d de EEUU por retiro del Acuerdo de Par\u00eds","isPartOf":{"@id":"https:\/\/patagoniambiental.com.ar\/info\/#website"},"primaryImageOfPage":{"@id":"https:\/\/patagoniambiental.com.ar\/info\/obama-lamenta-ausencia-de-liderazgo-de-eeuu-por-retiro-del-acuerdo-de-paris\/#primaryimage"},"image":{"@id":"https:\/\/patagoniambiental.com.ar\/info\/obama-lamenta-ausencia-de-liderazgo-de-eeuu-por-retiro-del-acuerdo-de-paris\/#primaryimage"},"thumbnailUrl":"https:\/\/patagoniambiental.com.ar\/info\/wp-content\/uploads\/2017\/06\/paris.jpg","datePublished":"2017-06-08T12:00:52+00:00","breadcrumb":{"@id":"https:\/\/patagoniambiental.com.ar\/info\/obama-lamenta-ausencia-de-liderazgo-de-eeuu-por-retiro-del-acuerdo-de-paris\/#breadcrumb"},"inLanguage":"es","potentialAction":[{"@type":"ReadAction","target":["https:\/\/patagoniambiental.com.ar\/info\/obama-lamenta-ausencia-de-liderazgo-de-eeuu-por-retiro-del-acuerdo-de-paris\/"]}]},{"@type":"ImageObject","inLanguage":"es","@id":"https:\/\/patagoniambiental.com.ar\/info\/obama-lamenta-ausencia-de-liderazgo-de-eeuu-por-retiro-del-acuerdo-de-paris\/#primaryimage","url":"https:\/\/patagoniambiental.com.ar\/info\/wp-content\/uploads\/2017\/06\/paris.jpg","contentUrl":"https:\/\/patagoniambiental.com.ar\/info\/wp-content\/uploads\/2017\/06\/paris.jpg","width":620,"height":310},{"@type":"BreadcrumbList","@id":"https:\/\/patagoniambiental.com.ar\/info\/obama-lamenta-ausencia-de-liderazgo-de-eeuu-por-retiro-del-acuerdo-de-paris\/#breadcrumb","itemListElement":[{"@type":"ListItem","position":1,"name":"Inicio","item":"https:\/\/patagoniambiental.com.ar\/info\/"},{"@type":"ListItem","position":2,"name":"Obama lamenta \u201causencia de liderazgo\u201d de EEUU por retiro del Acuerdo de Par\u00eds"}]},{"@type":"WebSite","@id":"https:\/\/patagoniambiental.com.ar\/info\/#website","url":"https:\/\/patagoniambiental.com.ar\/info\/","name":"Patagonia Ambiental","description":"Monitoreo y an\u00e1lisis de la situaci\u00f3n geopol\u00edtica en el mundo y su implicancia en la Patagonia","publisher":{"@id":"https:\/\/patagoniambiental.com.ar\/info\/#organization"},"potentialAction":[{"@type":"SearchAction","target":{"@type":"EntryPoint","urlTemplate":"https:\/\/patagoniambiental.com.ar\/info\/?s={search_term_string}"},"query-input":{"@type":"PropertyValueSpecification","valueRequired":true,"valueName":"search_term_string"}}],"inLanguage":"es"},{"@type":"Organization","@id":"https:\/\/patagoniambiental.com.ar\/info\/#organization","name":"Patagonia Ambiental","url":"https:\/\/patagoniambiental.com.ar\/info\/","logo":{"@type":"ImageObject","inLanguage":"es","@id":"https:\/\/patagoniambiental.com.ar\/info\/#\/schema\/logo\/image\/","url":"https:\/\/patagoniambiental.com.ar\/info\/wp-content\/uploads\/2025\/05\/LOGO-PATAGONIA-AMBIENTAL.png","contentUrl":"https:\/\/patagoniambiental.com.ar\/info\/wp-content\/uploads\/2025\/05\/LOGO-PATAGONIA-AMBIENTAL.png","width":433,"height":250,"caption":"Patagonia Ambiental"},"image":{"@id":"https:\/\/patagoniambiental.com.ar\/info\/#\/schema\/logo\/image\/"},"sameAs":["https:\/\/www.facebook.com\/patagonia.ambiental","https:\/\/x.com\/PatAmb"]},{"@type":"Person","@id":"https:\/\/patagoniambiental.com.ar\/info\/#\/schema\/person\/db12bff64bbcbf6a253710bf0ea37b5d","name":"Patagonia Ambiental","description":"Andr\u00e9s Nievas T\u00e9cnico en manejo ambiental, consultor Ambiental y escritor para medios locales e internacionales sobre temas de geopolitica y medio ambiente.","sameAs":["http:\/\/www.patagoniambiental.com.ar","https:\/\/www.facebook.com\/share\/1C1V8Gv9BX\/?mibextid=qi2Omg","@patagoniambiental","https:\/\/youtube.com\/@patagoniaambiental2023?si=BLt58t0wuXquxlYZ"]}]}},"_links":{"self":[{"href":"https:\/\/patagoniambiental.com.ar\/info\/wp-json\/wp\/v2\/posts\/30228","targetHints":{"allow":["GET"]}}],"collection":[{"href":"https:\/\/patagoniambiental.com.ar\/info\/wp-json\/wp\/v2\/posts"}],"about":[{"href":"https:\/\/patagoniambiental.com.ar\/info\/wp-json\/wp\/v2\/types\/post"}],"author":[{"embeddable":true,"href":"https:\/\/patagoniambiental.com.ar\/info\/wp-json\/wp\/v2\/users\/2"}],"replies":[{"embeddable":true,"href":"https:\/\/patagoniambiental.com.ar\/info\/wp-json\/wp\/v2\/comments?post=30228"}],"version-history":[{"count":0,"href":"https:\/\/patagoniambiental.com.ar\/info\/wp-json\/wp\/v2\/posts\/30228\/revisions"}],"wp:featuredmedia":[{"embeddable":true,"href":"https:\/\/patagoniambiental.com.ar\/info\/wp-json\/wp\/v2\/media\/30229"}],"wp:attachment":[{"href":"https:\/\/patagoniambiental.com.ar\/info\/wp-json\/wp\/v2\/media?parent=30228"}],"wp:term":[{"taxonomy":"category","embeddable":true,"href":"https:\/\/patagoniambiental.com.ar\/info\/wp-json\/wp\/v2\/categories?post=30228"},{"taxonomy":"post_tag","embeddable":true,"href":"https:\/\/patagoniambiental.com.ar\/info\/wp-json\/wp\/v2\/tags?post=30228"}],"curies":[{"name":"wp","href":"https:\/\/api.w.org\/{rel}","templated":true}]}}