{"id":30273,"date":"2017-06-09T09:00:47","date_gmt":"2017-06-09T12:00:47","guid":{"rendered":"http:\/\/patagoniambiental.com.ar\/info\/?p=30273"},"modified":"2017-06-09T06:52:41","modified_gmt":"2017-06-09T09:52:41","slug":"solicitaron-que-en-rio-grande-los-colectivos-tengan-el-logo-las-malvinas-son-argentinas","status":"publish","type":"post","link":"https:\/\/patagoniambiental.com.ar\/info\/solicitaron-que-en-rio-grande-los-colectivos-tengan-el-logo-las-malvinas-son-argentinas\/","title":{"rendered":"Solicitaron que en R\u00edo Grande los Colectivos tengan el logo \u201cLas Malvinas son Argentinas\u201d"},"content":{"rendered":"<article class=\"news-box main inside\">\n<p class=\"news-text\">R\u00cdO GRANDE.- La Juventud Radical junto con la Uni\u00f3n Malvinizadora Argentina (UMA), solicitaron al Concejo en R\u00edo Grande que en las nuevas unidades de transporte p\u00fablico, exista un texto y un logotipo que diga las \u201cMalvinas son Argentinas\u201d.<\/p>\n<div class=\"news-text nobotmargin\">\u00a0El presidente de la Juventud Radical provincial, Mauro Martinez, se reuni\u00f3 con la Concejal Mar\u00eda Laura Colazo, para solicitarle pueda gestionar la aplicaci\u00f3n de la Ley Provincial N\u00ba 1020, que es la adhesi\u00f3n de la Ley Nacional 27.023, ambas de enero de 2015.<\/p>\n<p>La intenci\u00f3n de la Juventud Radical junto con la Uni\u00f3n Malvinizadora Argentina (UMA), es que las unidades de transporte p\u00fablico de la Ciudad de R\u00edo Grande, exista un texto y un logotipo que diga las \u201cMalvinas son Argentinas\u201d, tal cual lo solicitan las leyes citadas, y tal cual sucede en la Ciudad Ushuaia, desde principios de este 2017, gracias al pedido de la UMA y las gestiones de la municipalidad ushuaiense.<\/p>\n<p>La nota de solicitud, fue presentada el 22 de Mayo de este a\u00f1o, y fue intenso el trabajo y las conversaciones para ver cu\u00e1l era el camino m\u00e1s adecuado de aplicaci\u00f3n, destacando que \u201cla predisposici\u00f3n la Concejal siempre fue plena, como su compromiso con la causa y la aplicaci\u00f3n de esta iniciativa\u201d, por lo que se mostr\u00f3 entusiasmada en tratar de lograr este objetivo, que claramente es necesario luego de 2 a\u00f1os de no lograrse avances en la aplicaci\u00f3n de una Ley Provincial, actualmente muy oportuna.<\/p>\n<p>Si bien la propia ley estipula que el logo debiera existir en los transportes p\u00fablicos y privados, creemos que en primera instancia, debe el p\u00fablico ser quien inicie este camino de malvinizaci\u00f3n, aunque ya estamos trabajando en formas de lograr que esto se lleve tambi\u00e9n a las empresas de transporte de turistas, primeramente.<\/p>\n<p>Seg\u00fan Mauro Martinez, \u201ces importante y trascendental lograr la aplicaci\u00f3n de esta ley que lamentablemente pareciera haber pasado desapercibida desde su aprobaci\u00f3n hasta principios de 2017, cuando se logr\u00f3 por primera vez en la provincia su aplicaci\u00f3n en las nuevas unidades de transporte p\u00fablico de la Ciudad de Ushuaia\u201d.<\/p>\n<p>\u201cHay que tener presente que este es un acto de visibilizaci\u00f3n importante que busca impregnar nuestra cotidianeidad con un mensaje reivindicativo, que no ser\u00e1 solo visto por el pueblo de nuestra ciudad, que es malvinero de pie a cabeza, sino por todos aquellos que nos visiten, y en un a\u00f1o tan significativo para la causa que reivindica\u201d.<\/p>\n<p>\u201cCon respecto a la onerosidad, no creemos que exista problema alguno, ya que es marginal el gasto necesario para incorporar el texto y el logo, independientemente cual sea la forma en que pretenda agreg\u00e1rselo\u201d, expuso Martinez.<\/p>\n<p>\u201cNuestra Ciudad es profundamente malvinera, nuestros representantes son igualmente comprometidos, y no creemos que exista traba alguna para la implementaci\u00f3n, confiando en que el cuerpo deliberativo riograndense y la municipalidad se abocar\u00e1n a lograr la aplicaci\u00f3n de esta ley, que no tiene otro objetivo que enarbolar un justo reclamo argentino y fueguino, y por el que hace 35 a\u00f1os muchos hombres dejaban toda o parte de su vida.\u201d<\/p>\n<p>Fuente:\u00a0http:\/\/www.notitdf.com\/noticias\/leer\/24983-solicitaron-que-i-grande-los-colectivos-tengan-logo-las-malvinas-son-argentinas.html<\/p><\/div>\n<\/article>\n","protected":false},"excerpt":{"rendered":"<p>R\u00cdO GRANDE.- La Juventud Radical junto con la Uni\u00f3n Malvinizadora Argentina (UMA), solicitaron al Concejo en R\u00edo Grande que en [&hellip;]<\/p>\n","protected":false},"author":2,"featured_media":0,"comment_status":"open","ping_status":"open","sticky":false,"template":"","format":"standard","meta":{"site-sidebar-layout":"default","site-content-layout":"","ast-site-content-layout":"default","site-content-style":"default","site-sidebar-style":"default","ast-global-header-display":"","ast-banner-title-visibility":"","ast-main-header-display":"","ast-hfb-above-header-display":"","ast-hfb-below-header-display":"","ast-hfb-mobile-header-display":"","site-post-title":"","ast-breadcrumbs-content":"","ast-featured-img":"","footer-sml-layout":"","ast-disable-related-posts":"","theme-transparent-header-meta":"","adv-header-id-meta":"","stick-header-meta":"","header-above-stick-meta":"","header-main-stick-meta":"","header-below-stick-meta":"","astra-migrate-meta-layouts":"default","ast-page-background-enabled":"default","ast-page-background-meta":{"desktop":{"background-color":"var(--ast-global-color-5)","background-image":"","background-repeat":"repeat","background-position":"center center","background-size":"auto","background-attachment":"scroll","background-type":"","background-media":"","overlay-type":"","overlay-color":"","overlay-opacity":"","overlay-gradient":""},"tablet":{"background-color":"","background-image":"","background-repeat":"repeat","background-position":"center center","background-size":"auto","background-attachment":"scroll","background-type":"","background-media":"","overlay-type":"","overlay-color":"","overlay-opacity":"","overlay-gradient":""},"mobile":{"background-color":"","background-image":"","background-repeat":"repeat","background-position":"center center","background-size":"auto","background-attachment":"scroll","background-type":"","background-media":"","overlay-type":"","overlay-color":"","overlay-opacity":"","overlay-gradient":""}},"ast-content-background-meta":{"desktop":{"background-color":"var(--ast-global-color-4)","background-image":"","background-repeat":"repeat","background-position":"center center","background-size":"auto","background-attachment":"scroll","background-type":"","background-media":"","overlay-type":"","overlay-color":"","overlay-opacity":"","overlay-gradient":""},"tablet":{"background-color":"var(--ast-global-color-4)","background-image":"","background-repeat":"repeat","background-position":"center center","background-size":"auto","background-attachment":"scroll","background-type":"","background-media":"","overlay-type":"","overlay-color":"","overlay-opacity":"","overlay-gradient":""},"mobile":{"background-color":"var(--ast-global-color-4)","background-image":"","background-repeat":"repeat","background-position":"center center","background-size":"auto","background-attachment":"scroll","background-type":"","background-media":"","overlay-type":"","overlay-color":"","overlay-opacity":"","overlay-gradient":""}},"footnotes":""},"categories":[46,1],"tags":[],"class_list":["post-30273","post","type-post","status-publish","format-standard","hentry","category-municipios","category-noticias"],"yoast_head":"<!-- This site is optimized with the Yoast SEO Premium plugin v23.0 (Yoast SEO v27.5) - https:\/\/yoast.com\/product\/yoast-seo-premium-wordpress\/ -->\n<title>Solicitaron que en R\u00edo Grande los Colectivos tengan el logo \u201cLas Malvinas son Argentinas\u201d<\/title>\n<meta name=\"robots\" content=\"index, follow, max-snippet:-1, max-image-preview:large, max-video-preview:-1\" \/>\n<link rel=\"canonical\" href=\"https:\/\/patagoniambiental.com.ar\/info\/solicitaron-que-en-rio-grande-los-colectivos-tengan-el-logo-las-malvinas-son-argentinas\/\" \/>\n<meta property=\"og:locale\" content=\"es_ES\" \/>\n<meta property=\"og:type\" content=\"article\" \/>\n<meta property=\"og:title\" content=\"Solicitaron que en R\u00edo Grande los Colectivos tengan el logo \u201cLas Malvinas son Argentinas\u201d\" \/>\n<meta property=\"og:description\" content=\"R\u00cdO GRANDE.- La Juventud Radical junto con la Uni\u00f3n Malvinizadora Argentina (UMA), solicitaron al Concejo en R\u00edo Grande que en [&hellip;]\" \/>\n<meta property=\"og:url\" content=\"https:\/\/patagoniambiental.com.ar\/info\/solicitaron-que-en-rio-grande-los-colectivos-tengan-el-logo-las-malvinas-son-argentinas\/\" \/>\n<meta property=\"og:site_name\" content=\"Patagonia Ambiental\" \/>\n<meta property=\"article:publisher\" content=\"https:\/\/www.facebook.com\/patagonia.ambiental\" \/>\n<meta property=\"article:author\" content=\"https:\/\/www.facebook.com\/share\/1C1V8Gv9BX\/?mibextid=qi2Omg\" \/>\n<meta property=\"article:published_time\" content=\"2017-06-09T12:00:47+00:00\" \/>\n<meta property=\"og:image\" content=\"https:\/\/patagoniambiental.com.ar\/info\/wp-content\/uploads\/2017\/03\/malvinas2.jpg\" \/>\n\t<meta property=\"og:image:width\" content=\"1000\" \/>\n\t<meta property=\"og:image:height\" content=\"541\" \/>\n\t<meta property=\"og:image:type\" content=\"image\/jpeg\" \/>\n<meta name=\"author\" content=\"Patagonia Ambiental\" \/>\n<meta name=\"twitter:card\" content=\"summary_large_image\" \/>\n<meta name=\"twitter:creator\" content=\"@PatAmb\" \/>\n<meta name=\"twitter:site\" content=\"@PatAmb\" \/>\n<script type=\"application\/ld+json\" class=\"yoast-schema-graph\">{\"@context\":\"https:\\\/\\\/schema.org\",\"@graph\":[{\"@type\":\"Article\",\"@id\":\"https:\\\/\\\/patagoniambiental.com.ar\\\/info\\\/solicitaron-que-en-rio-grande-los-colectivos-tengan-el-logo-las-malvinas-son-argentinas\\\/#article\",\"isPartOf\":{\"@id\":\"https:\\\/\\\/patagoniambiental.com.ar\\\/info\\\/solicitaron-que-en-rio-grande-los-colectivos-tengan-el-logo-las-malvinas-son-argentinas\\\/\"},\"author\":{\"name\":\"Patagonia Ambiental\",\"@id\":\"https:\\\/\\\/patagoniambiental.com.ar\\\/info\\\/#\\\/schema\\\/person\\\/db12bff64bbcbf6a253710bf0ea37b5d\"},\"headline\":\"Solicitaron que en R\u00edo Grande los Colectivos tengan el logo \u201cLas Malvinas son Argentinas\u201d\",\"datePublished\":\"2017-06-09T12:00:47+00:00\",\"mainEntityOfPage\":{\"@id\":\"https:\\\/\\\/patagoniambiental.com.ar\\\/info\\\/solicitaron-que-en-rio-grande-los-colectivos-tengan-el-logo-las-malvinas-son-argentinas\\\/\"},\"wordCount\":553,\"commentCount\":0,\"publisher\":{\"@id\":\"https:\\\/\\\/patagoniambiental.com.ar\\\/info\\\/#organization\"},\"articleSection\":[\"Municipios\",\"Noticias\"],\"inLanguage\":\"es\",\"potentialAction\":[{\"@type\":\"CommentAction\",\"name\":\"Comment\",\"target\":[\"https:\\\/\\\/patagoniambiental.com.ar\\\/info\\\/solicitaron-que-en-rio-grande-los-colectivos-tengan-el-logo-las-malvinas-son-argentinas\\\/#respond\"]}]},{\"@type\":\"WebPage\",\"@id\":\"https:\\\/\\\/patagoniambiental.com.ar\\\/info\\\/solicitaron-que-en-rio-grande-los-colectivos-tengan-el-logo-las-malvinas-son-argentinas\\\/\",\"url\":\"https:\\\/\\\/patagoniambiental.com.ar\\\/info\\\/solicitaron-que-en-rio-grande-los-colectivos-tengan-el-logo-las-malvinas-son-argentinas\\\/\",\"name\":\"Solicitaron que en R\u00edo Grande los Colectivos tengan el logo \u201cLas Malvinas son Argentinas\u201d\",\"isPartOf\":{\"@id\":\"https:\\\/\\\/patagoniambiental.com.ar\\\/info\\\/#website\"},\"datePublished\":\"2017-06-09T12:00:47+00:00\",\"breadcrumb\":{\"@id\":\"https:\\\/\\\/patagoniambiental.com.ar\\\/info\\\/solicitaron-que-en-rio-grande-los-colectivos-tengan-el-logo-las-malvinas-son-argentinas\\\/#breadcrumb\"},\"inLanguage\":\"es\",\"potentialAction\":[{\"@type\":\"ReadAction\",\"target\":[\"https:\\\/\\\/patagoniambiental.com.ar\\\/info\\\/solicitaron-que-en-rio-grande-los-colectivos-tengan-el-logo-las-malvinas-son-argentinas\\\/\"]}]},{\"@type\":\"BreadcrumbList\",\"@id\":\"https:\\\/\\\/patagoniambiental.com.ar\\\/info\\\/solicitaron-que-en-rio-grande-los-colectivos-tengan-el-logo-las-malvinas-son-argentinas\\\/#breadcrumb\",\"itemListElement\":[{\"@type\":\"ListItem\",\"position\":1,\"name\":\"Inicio\",\"item\":\"https:\\\/\\\/patagoniambiental.com.ar\\\/info\\\/\"},{\"@type\":\"ListItem\",\"position\":2,\"name\":\"Solicitaron que en R\u00edo Grande los Colectivos tengan el logo \u201cLas Malvinas son Argentinas\u201d\"}]},{\"@type\":\"WebSite\",\"@id\":\"https:\\\/\\\/patagoniambiental.com.ar\\\/info\\\/#website\",\"url\":\"https:\\\/\\\/patagoniambiental.com.ar\\\/info\\\/\",\"name\":\"Patagonia Ambiental\",\"description\":\"Monitoreo y an\u00e1lisis de la situaci\u00f3n geopol\u00edtica en el mundo y su implicancia en la Patagonia\",\"publisher\":{\"@id\":\"https:\\\/\\\/patagoniambiental.com.ar\\\/info\\\/#organization\"},\"potentialAction\":[{\"@type\":\"SearchAction\",\"target\":{\"@type\":\"EntryPoint\",\"urlTemplate\":\"https:\\\/\\\/patagoniambiental.com.ar\\\/info\\\/?s={search_term_string}\"},\"query-input\":{\"@type\":\"PropertyValueSpecification\",\"valueRequired\":true,\"valueName\":\"search_term_string\"}}],\"inLanguage\":\"es\"},{\"@type\":\"Organization\",\"@id\":\"https:\\\/\\\/patagoniambiental.com.ar\\\/info\\\/#organization\",\"name\":\"Patagonia Ambiental\",\"url\":\"https:\\\/\\\/patagoniambiental.com.ar\\\/info\\\/\",\"logo\":{\"@type\":\"ImageObject\",\"inLanguage\":\"es\",\"@id\":\"https:\\\/\\\/patagoniambiental.com.ar\\\/info\\\/#\\\/schema\\\/logo\\\/image\\\/\",\"url\":\"https:\\\/\\\/patagoniambiental.com.ar\\\/info\\\/wp-content\\\/uploads\\\/2025\\\/05\\\/LOGO-PATAGONIA-AMBIENTAL.png\",\"contentUrl\":\"https:\\\/\\\/patagoniambiental.com.ar\\\/info\\\/wp-content\\\/uploads\\\/2025\\\/05\\\/LOGO-PATAGONIA-AMBIENTAL.png\",\"width\":433,\"height\":250,\"caption\":\"Patagonia Ambiental\"},\"image\":{\"@id\":\"https:\\\/\\\/patagoniambiental.com.ar\\\/info\\\/#\\\/schema\\\/logo\\\/image\\\/\"},\"sameAs\":[\"https:\\\/\\\/www.facebook.com\\\/patagonia.ambiental\",\"https:\\\/\\\/x.com\\\/PatAmb\"]},{\"@type\":\"Person\",\"@id\":\"https:\\\/\\\/patagoniambiental.com.ar\\\/info\\\/#\\\/schema\\\/person\\\/db12bff64bbcbf6a253710bf0ea37b5d\",\"name\":\"Patagonia Ambiental\",\"description\":\"Andr\u00e9s Nievas T\u00e9cnico en manejo ambiental, consultor Ambiental y escritor para medios locales e internacionales sobre temas de geopolitica y medio ambiente.\",\"sameAs\":[\"http:\\\/\\\/www.patagoniambiental.com.ar\",\"https:\\\/\\\/www.facebook.com\\\/share\\\/1C1V8Gv9BX\\\/?mibextid=qi2Omg\",\"@patagoniambiental\",\"https:\\\/\\\/youtube.com\\\/@patagoniaambiental2023?si=BLt58t0wuXquxlYZ\"]}]}<\/script>\n<!-- \/ Yoast SEO Premium plugin. -->","yoast_head_json":{"title":"Solicitaron que en R\u00edo Grande los Colectivos tengan el logo \u201cLas Malvinas son Argentinas\u201d","robots":{"index":"index","follow":"follow","max-snippet":"max-snippet:-1","max-image-preview":"max-image-preview:large","max-video-preview":"max-video-preview:-1"},"canonical":"https:\/\/patagoniambiental.com.ar\/info\/solicitaron-que-en-rio-grande-los-colectivos-tengan-el-logo-las-malvinas-son-argentinas\/","og_locale":"es_ES","og_type":"article","og_title":"Solicitaron que en R\u00edo Grande los Colectivos tengan el logo \u201cLas Malvinas son Argentinas\u201d","og_description":"R\u00cdO GRANDE.- La Juventud Radical junto con la Uni\u00f3n Malvinizadora Argentina (UMA), solicitaron al Concejo en R\u00edo Grande que en [&hellip;]","og_url":"https:\/\/patagoniambiental.com.ar\/info\/solicitaron-que-en-rio-grande-los-colectivos-tengan-el-logo-las-malvinas-son-argentinas\/","og_site_name":"Patagonia Ambiental","article_publisher":"https:\/\/www.facebook.com\/patagonia.ambiental","article_author":"https:\/\/www.facebook.com\/share\/1C1V8Gv9BX\/?mibextid=qi2Omg","article_published_time":"2017-06-09T12:00:47+00:00","og_image":[{"width":1000,"height":541,"url":"https:\/\/patagoniambiental.com.ar\/info\/wp-content\/uploads\/2017\/03\/malvinas2.jpg","type":"image\/jpeg"}],"author":"Patagonia Ambiental","twitter_card":"summary_large_image","twitter_creator":"@PatAmb","twitter_site":"@PatAmb","schema":{"@context":"https:\/\/schema.org","@graph":[{"@type":"Article","@id":"https:\/\/patagoniambiental.com.ar\/info\/solicitaron-que-en-rio-grande-los-colectivos-tengan-el-logo-las-malvinas-son-argentinas\/#article","isPartOf":{"@id":"https:\/\/patagoniambiental.com.ar\/info\/solicitaron-que-en-rio-grande-los-colectivos-tengan-el-logo-las-malvinas-son-argentinas\/"},"author":{"name":"Patagonia Ambiental","@id":"https:\/\/patagoniambiental.com.ar\/info\/#\/schema\/person\/db12bff64bbcbf6a253710bf0ea37b5d"},"headline":"Solicitaron que en R\u00edo Grande los Colectivos tengan el logo \u201cLas Malvinas son Argentinas\u201d","datePublished":"2017-06-09T12:00:47+00:00","mainEntityOfPage":{"@id":"https:\/\/patagoniambiental.com.ar\/info\/solicitaron-que-en-rio-grande-los-colectivos-tengan-el-logo-las-malvinas-son-argentinas\/"},"wordCount":553,"commentCount":0,"publisher":{"@id":"https:\/\/patagoniambiental.com.ar\/info\/#organization"},"articleSection":["Municipios","Noticias"],"inLanguage":"es","potentialAction":[{"@type":"CommentAction","name":"Comment","target":["https:\/\/patagoniambiental.com.ar\/info\/solicitaron-que-en-rio-grande-los-colectivos-tengan-el-logo-las-malvinas-son-argentinas\/#respond"]}]},{"@type":"WebPage","@id":"https:\/\/patagoniambiental.com.ar\/info\/solicitaron-que-en-rio-grande-los-colectivos-tengan-el-logo-las-malvinas-son-argentinas\/","url":"https:\/\/patagoniambiental.com.ar\/info\/solicitaron-que-en-rio-grande-los-colectivos-tengan-el-logo-las-malvinas-son-argentinas\/","name":"Solicitaron que en R\u00edo Grande los Colectivos tengan el logo \u201cLas Malvinas son Argentinas\u201d","isPartOf":{"@id":"https:\/\/patagoniambiental.com.ar\/info\/#website"},"datePublished":"2017-06-09T12:00:47+00:00","breadcrumb":{"@id":"https:\/\/patagoniambiental.com.ar\/info\/solicitaron-que-en-rio-grande-los-colectivos-tengan-el-logo-las-malvinas-son-argentinas\/#breadcrumb"},"inLanguage":"es","potentialAction":[{"@type":"ReadAction","target":["https:\/\/patagoniambiental.com.ar\/info\/solicitaron-que-en-rio-grande-los-colectivos-tengan-el-logo-las-malvinas-son-argentinas\/"]}]},{"@type":"BreadcrumbList","@id":"https:\/\/patagoniambiental.com.ar\/info\/solicitaron-que-en-rio-grande-los-colectivos-tengan-el-logo-las-malvinas-son-argentinas\/#breadcrumb","itemListElement":[{"@type":"ListItem","position":1,"name":"Inicio","item":"https:\/\/patagoniambiental.com.ar\/info\/"},{"@type":"ListItem","position":2,"name":"Solicitaron que en R\u00edo Grande los Colectivos tengan el logo \u201cLas Malvinas son Argentinas\u201d"}]},{"@type":"WebSite","@id":"https:\/\/patagoniambiental.com.ar\/info\/#website","url":"https:\/\/patagoniambiental.com.ar\/info\/","name":"Patagonia Ambiental","description":"Monitoreo y an\u00e1lisis de la situaci\u00f3n geopol\u00edtica en el mundo y su implicancia en la Patagonia","publisher":{"@id":"https:\/\/patagoniambiental.com.ar\/info\/#organization"},"potentialAction":[{"@type":"SearchAction","target":{"@type":"EntryPoint","urlTemplate":"https:\/\/patagoniambiental.com.ar\/info\/?s={search_term_string}"},"query-input":{"@type":"PropertyValueSpecification","valueRequired":true,"valueName":"search_term_string"}}],"inLanguage":"es"},{"@type":"Organization","@id":"https:\/\/patagoniambiental.com.ar\/info\/#organization","name":"Patagonia Ambiental","url":"https:\/\/patagoniambiental.com.ar\/info\/","logo":{"@type":"ImageObject","inLanguage":"es","@id":"https:\/\/patagoniambiental.com.ar\/info\/#\/schema\/logo\/image\/","url":"https:\/\/patagoniambiental.com.ar\/info\/wp-content\/uploads\/2025\/05\/LOGO-PATAGONIA-AMBIENTAL.png","contentUrl":"https:\/\/patagoniambiental.com.ar\/info\/wp-content\/uploads\/2025\/05\/LOGO-PATAGONIA-AMBIENTAL.png","width":433,"height":250,"caption":"Patagonia Ambiental"},"image":{"@id":"https:\/\/patagoniambiental.com.ar\/info\/#\/schema\/logo\/image\/"},"sameAs":["https:\/\/www.facebook.com\/patagonia.ambiental","https:\/\/x.com\/PatAmb"]},{"@type":"Person","@id":"https:\/\/patagoniambiental.com.ar\/info\/#\/schema\/person\/db12bff64bbcbf6a253710bf0ea37b5d","name":"Patagonia Ambiental","description":"Andr\u00e9s Nievas T\u00e9cnico en manejo ambiental, consultor Ambiental y escritor para medios locales e internacionales sobre temas de geopolitica y medio ambiente.","sameAs":["http:\/\/www.patagoniambiental.com.ar","https:\/\/www.facebook.com\/share\/1C1V8Gv9BX\/?mibextid=qi2Omg","@patagoniambiental","https:\/\/youtube.com\/@patagoniaambiental2023?si=BLt58t0wuXquxlYZ"]}]}},"_links":{"self":[{"href":"https:\/\/patagoniambiental.com.ar\/info\/wp-json\/wp\/v2\/posts\/30273","targetHints":{"allow":["GET"]}}],"collection":[{"href":"https:\/\/patagoniambiental.com.ar\/info\/wp-json\/wp\/v2\/posts"}],"about":[{"href":"https:\/\/patagoniambiental.com.ar\/info\/wp-json\/wp\/v2\/types\/post"}],"author":[{"embeddable":true,"href":"https:\/\/patagoniambiental.com.ar\/info\/wp-json\/wp\/v2\/users\/2"}],"replies":[{"embeddable":true,"href":"https:\/\/patagoniambiental.com.ar\/info\/wp-json\/wp\/v2\/comments?post=30273"}],"version-history":[{"count":0,"href":"https:\/\/patagoniambiental.com.ar\/info\/wp-json\/wp\/v2\/posts\/30273\/revisions"}],"wp:attachment":[{"href":"https:\/\/patagoniambiental.com.ar\/info\/wp-json\/wp\/v2\/media?parent=30273"}],"wp:term":[{"taxonomy":"category","embeddable":true,"href":"https:\/\/patagoniambiental.com.ar\/info\/wp-json\/wp\/v2\/categories?post=30273"},{"taxonomy":"post_tag","embeddable":true,"href":"https:\/\/patagoniambiental.com.ar\/info\/wp-json\/wp\/v2\/tags?post=30273"}],"curies":[{"name":"wp","href":"https:\/\/api.w.org\/{rel}","templated":true}]}}