{"id":30291,"date":"2017-06-09T09:00:10","date_gmt":"2017-06-09T12:00:10","guid":{"rendered":"http:\/\/patagoniambiental.com.ar\/info\/?p=30291"},"modified":"2017-06-09T07:07:41","modified_gmt":"2017-06-09T10:07:41","slug":"patagones-continua-trabajando-en-la-reglamentacion-de-la-ley-de-bosques","status":"publish","type":"post","link":"https:\/\/patagoniambiental.com.ar\/info\/patagones-continua-trabajando-en-la-reglamentacion-de-la-ley-de-bosques\/","title":{"rendered":"Patagones contin\u00faa trabajando en la reglamentaci\u00f3n de la Ley de Bosques"},"content":{"rendered":"<p class=\"x_MsoNormal\" style=\"text-align: left\" align=\"center\"><b><\/b><span lang=\"ES-AR\">PATAGONES.- Teniendo en cuenta que la mayor parte de lo que se considera bosque para la provincia de Buenos Aires se encuentra en el Partido de Patagones,\u00a0y en el marco de la implementaci\u00f3n de la Ley Provincial de Protecci\u00f3n de los Bosques Nativos, se realiz\u00f3 un taller referido al tema,\u00a0en el Instituto Nacional de Tecnolog\u00eda Agropecuaria\u00a0-INTA- de Patagones.<\/span><\/p>\n<p class=\"x_MsoNormal\"><span lang=\"ES-AR\">En el encuentro se comenz\u00f3 a diagramar la reglamentaci\u00f3n de la Ley en el distrito y se difundieron y abordaron distintos aspectos sobre dicha Ley, sancionada el 21 de diciembre de 2016.<\/span><\/p>\n<p class=\"x_MsoNormal\"><span lang=\"ES-AR\">El taller se organiz\u00f3 a ra\u00edz\u00a0de\u00a0un pedido de la subsecretar\u00eda de Desarrollo Territorial, solicitado en febrero, ante las autoridades del Organismo Provincial para el Desarrollo Sostenible \u2013OPDS-, quienes oportunamente visitaron Patagones.<\/span><\/p>\n<p class=\"x_MsoNormal\"><span lang=\"ES-AR\">\u201cNos pareci\u00f3 interesante que la reglamentaci\u00f3n se piense desde los distintos actores de Patagones. Aqu\u00ed surgieron diversas ideas que se podr\u00e1n complementar a lo ya trabajado. Los t\u00e9cnicos se llevaron una visi\u00f3n clara de la realidad que tenemos en el partido respecto a esta actividad que resulta sensible,\u00a0ya que, tanto la extracci\u00f3n de le\u00f1a como el manejo del monte generan un alto impacto sobre el sector productivo y la sociedad en general\u201d, asegur\u00f3 la directora de Producci\u00f3n del municipio, Agustina Sald\u00edas.<\/span><\/p>\n<p class=\"x_MsoNormal\"><span lang=\"ES-AR\">La provincia tiene un plazo de 180 d\u00edas para concluir el trabajo.\u00a0<\/span><\/p>\n<p class=\"x_MsoNormal\"><span lang=\"ES-AR\">Con las herramientas recolectadas se avanzar\u00e1, entre otros aspectos, en la reglamentaci\u00f3n de la comercializaci\u00f3n de le\u00f1a y el registro de productores, profesionales y operarios que trabajar\u00e1n sobre el monte.<\/span><\/p>\n<p class=\"x_MsoNormal\"><span lang=\"ES-AR\">Del taller particip\u00f3 la subsecretaria de Desarrollo Territorial municipal, Eloisa Gaido junto a Sald\u00edas, t\u00e9cnicos de provincia de la OPDS, la Federaci\u00f3n Agraria, Sociedad Rural, t\u00e9cnicos del INTA Patagones\u00a0&#8211; Ascasubi, le\u00f1ateros, bomberos voluntarios y referentes del partido de P\u00faan y Villarino.<\/span><\/p>\n<p class=\"x_MsoNormal\">Fuente: Municipio de Patagones<\/p>\n","protected":false},"excerpt":{"rendered":"<p>PATAGONES.- Teniendo en cuenta que la mayor parte de lo que se considera bosque para la provincia de Buenos Aires [&hellip;]<\/p>\n","protected":false},"author":2,"featured_media":30292,"comment_status":"open","ping_status":"open","sticky":false,"template":"","format":"standard","meta":{"site-sidebar-layout":"default","site-content-layout":"","ast-site-content-layout":"default","site-content-style":"default","site-sidebar-style":"default","ast-global-header-display":"","ast-banner-title-visibility":"","ast-main-header-display":"","ast-hfb-above-header-display":"","ast-hfb-below-header-display":"","ast-hfb-mobile-header-display":"","site-post-title":"","ast-breadcrumbs-content":"","ast-featured-img":"","footer-sml-layout":"","ast-disable-related-posts":"","theme-transparent-header-meta":"","adv-header-id-meta":"","stick-header-meta":"","header-above-stick-meta":"","header-main-stick-meta":"","header-below-stick-meta":"","astra-migrate-meta-layouts":"default","ast-page-background-enabled":"default","ast-page-background-meta":{"desktop":{"background-color":"var(--ast-global-color-5)","background-image":"","background-repeat":"repeat","background-position":"center center","background-size":"auto","background-attachment":"scroll","background-type":"","background-media":"","overlay-type":"","overlay-color":"","overlay-opacity":"","overlay-gradient":""},"tablet":{"background-color":"","background-image":"","background-repeat":"repeat","background-position":"center center","background-size":"auto","background-attachment":"scroll","background-type":"","background-media":"","overlay-type":"","overlay-color":"","overlay-opacity":"","overlay-gradient":""},"mobile":{"background-color":"","background-image":"","background-repeat":"repeat","background-position":"center center","background-size":"auto","background-attachment":"scroll","background-type":"","background-media":"","overlay-type":"","overlay-color":"","overlay-opacity":"","overlay-gradient":""}},"ast-content-background-meta":{"desktop":{"background-color":"var(--ast-global-color-4)","background-image":"","background-repeat":"repeat","background-position":"center center","background-size":"auto","background-attachment":"scroll","background-type":"","background-media":"","overlay-type":"","overlay-color":"","overlay-opacity":"","overlay-gradient":""},"tablet":{"background-color":"var(--ast-global-color-4)","background-image":"","background-repeat":"repeat","background-position":"center center","background-size":"auto","background-attachment":"scroll","background-type":"","background-media":"","overlay-type":"","overlay-color":"","overlay-opacity":"","overlay-gradient":""},"mobile":{"background-color":"var(--ast-global-color-4)","background-image":"","background-repeat":"repeat","background-position":"center center","background-size":"auto","background-attachment":"scroll","background-type":"","background-media":"","overlay-type":"","overlay-color":"","overlay-opacity":"","overlay-gradient":""}},"footnotes":""},"categories":[46,1],"tags":[],"class_list":["post-30291","post","type-post","status-publish","format-standard","has-post-thumbnail","hentry","category-municipios","category-noticias"],"yoast_head":"<!-- This site is optimized with the Yoast SEO Premium plugin v23.0 (Yoast SEO v27.5) - https:\/\/yoast.com\/product\/yoast-seo-premium-wordpress\/ -->\n<title>Patagones contin\u00faa trabajando en la reglamentaci\u00f3n de la Ley de Bosques<\/title>\n<meta name=\"robots\" content=\"index, follow, max-snippet:-1, max-image-preview:large, max-video-preview:-1\" \/>\n<link rel=\"canonical\" href=\"https:\/\/patagoniambiental.com.ar\/info\/patagones-continua-trabajando-en-la-reglamentacion-de-la-ley-de-bosques\/\" \/>\n<meta property=\"og:locale\" content=\"es_ES\" \/>\n<meta property=\"og:type\" content=\"article\" \/>\n<meta property=\"og:title\" content=\"Patagones contin\u00faa trabajando en la reglamentaci\u00f3n de la Ley de Bosques\" \/>\n<meta property=\"og:description\" content=\"PATAGONES.- Teniendo en cuenta que la mayor parte de lo que se considera bosque para la provincia de Buenos Aires [&hellip;]\" \/>\n<meta property=\"og:url\" content=\"https:\/\/patagoniambiental.com.ar\/info\/patagones-continua-trabajando-en-la-reglamentacion-de-la-ley-de-bosques\/\" \/>\n<meta property=\"og:site_name\" content=\"Patagonia Ambiental\" \/>\n<meta property=\"article:publisher\" content=\"https:\/\/www.facebook.com\/patagonia.ambiental\" \/>\n<meta property=\"article:author\" content=\"https:\/\/www.facebook.com\/share\/1C1V8Gv9BX\/?mibextid=qi2Omg\" \/>\n<meta property=\"article:published_time\" content=\"2017-06-09T12:00:10+00:00\" \/>\n<meta property=\"og:image\" content=\"https:\/\/patagoniambiental.com.ar\/info\/wp-content\/uploads\/2017\/06\/Taller-en-INTA-Ley-de-Bosques-2.jpg\" \/>\n\t<meta property=\"og:image:width\" content=\"763\" \/>\n\t<meta property=\"og:image:height\" content=\"676\" \/>\n\t<meta property=\"og:image:type\" content=\"image\/jpeg\" \/>\n<meta name=\"author\" content=\"Patagonia Ambiental\" \/>\n<meta name=\"twitter:card\" content=\"summary_large_image\" \/>\n<meta name=\"twitter:creator\" content=\"@PatAmb\" \/>\n<meta name=\"twitter:site\" content=\"@PatAmb\" \/>\n<script type=\"application\/ld+json\" class=\"yoast-schema-graph\">{\"@context\":\"https:\\\/\\\/schema.org\",\"@graph\":[{\"@type\":\"Article\",\"@id\":\"https:\\\/\\\/patagoniambiental.com.ar\\\/info\\\/patagones-continua-trabajando-en-la-reglamentacion-de-la-ley-de-bosques\\\/#article\",\"isPartOf\":{\"@id\":\"https:\\\/\\\/patagoniambiental.com.ar\\\/info\\\/patagones-continua-trabajando-en-la-reglamentacion-de-la-ley-de-bosques\\\/\"},\"author\":{\"name\":\"Patagonia Ambiental\",\"@id\":\"https:\\\/\\\/patagoniambiental.com.ar\\\/info\\\/#\\\/schema\\\/person\\\/db12bff64bbcbf6a253710bf0ea37b5d\"},\"headline\":\"Patagones contin\u00faa trabajando en la reglamentaci\u00f3n de la Ley de Bosques\",\"datePublished\":\"2017-06-09T12:00:10+00:00\",\"mainEntityOfPage\":{\"@id\":\"https:\\\/\\\/patagoniambiental.com.ar\\\/info\\\/patagones-continua-trabajando-en-la-reglamentacion-de-la-ley-de-bosques\\\/\"},\"wordCount\":332,\"commentCount\":0,\"publisher\":{\"@id\":\"https:\\\/\\\/patagoniambiental.com.ar\\\/info\\\/#organization\"},\"image\":{\"@id\":\"https:\\\/\\\/patagoniambiental.com.ar\\\/info\\\/patagones-continua-trabajando-en-la-reglamentacion-de-la-ley-de-bosques\\\/#primaryimage\"},\"thumbnailUrl\":\"https:\\\/\\\/patagoniambiental.com.ar\\\/info\\\/wp-content\\\/uploads\\\/2017\\\/06\\\/Taller-en-INTA-Ley-de-Bosques-2.jpg\",\"articleSection\":[\"Municipios\",\"Noticias\"],\"inLanguage\":\"es\",\"potentialAction\":[{\"@type\":\"CommentAction\",\"name\":\"Comment\",\"target\":[\"https:\\\/\\\/patagoniambiental.com.ar\\\/info\\\/patagones-continua-trabajando-en-la-reglamentacion-de-la-ley-de-bosques\\\/#respond\"]}]},{\"@type\":\"WebPage\",\"@id\":\"https:\\\/\\\/patagoniambiental.com.ar\\\/info\\\/patagones-continua-trabajando-en-la-reglamentacion-de-la-ley-de-bosques\\\/\",\"url\":\"https:\\\/\\\/patagoniambiental.com.ar\\\/info\\\/patagones-continua-trabajando-en-la-reglamentacion-de-la-ley-de-bosques\\\/\",\"name\":\"Patagones contin\u00faa trabajando en la reglamentaci\u00f3n de la Ley de Bosques\",\"isPartOf\":{\"@id\":\"https:\\\/\\\/patagoniambiental.com.ar\\\/info\\\/#website\"},\"primaryImageOfPage\":{\"@id\":\"https:\\\/\\\/patagoniambiental.com.ar\\\/info\\\/patagones-continua-trabajando-en-la-reglamentacion-de-la-ley-de-bosques\\\/#primaryimage\"},\"image\":{\"@id\":\"https:\\\/\\\/patagoniambiental.com.ar\\\/info\\\/patagones-continua-trabajando-en-la-reglamentacion-de-la-ley-de-bosques\\\/#primaryimage\"},\"thumbnailUrl\":\"https:\\\/\\\/patagoniambiental.com.ar\\\/info\\\/wp-content\\\/uploads\\\/2017\\\/06\\\/Taller-en-INTA-Ley-de-Bosques-2.jpg\",\"datePublished\":\"2017-06-09T12:00:10+00:00\",\"breadcrumb\":{\"@id\":\"https:\\\/\\\/patagoniambiental.com.ar\\\/info\\\/patagones-continua-trabajando-en-la-reglamentacion-de-la-ley-de-bosques\\\/#breadcrumb\"},\"inLanguage\":\"es\",\"potentialAction\":[{\"@type\":\"ReadAction\",\"target\":[\"https:\\\/\\\/patagoniambiental.com.ar\\\/info\\\/patagones-continua-trabajando-en-la-reglamentacion-de-la-ley-de-bosques\\\/\"]}]},{\"@type\":\"ImageObject\",\"inLanguage\":\"es\",\"@id\":\"https:\\\/\\\/patagoniambiental.com.ar\\\/info\\\/patagones-continua-trabajando-en-la-reglamentacion-de-la-ley-de-bosques\\\/#primaryimage\",\"url\":\"https:\\\/\\\/patagoniambiental.com.ar\\\/info\\\/wp-content\\\/uploads\\\/2017\\\/06\\\/Taller-en-INTA-Ley-de-Bosques-2.jpg\",\"contentUrl\":\"https:\\\/\\\/patagoniambiental.com.ar\\\/info\\\/wp-content\\\/uploads\\\/2017\\\/06\\\/Taller-en-INTA-Ley-de-Bosques-2.jpg\",\"width\":763,\"height\":676},{\"@type\":\"BreadcrumbList\",\"@id\":\"https:\\\/\\\/patagoniambiental.com.ar\\\/info\\\/patagones-continua-trabajando-en-la-reglamentacion-de-la-ley-de-bosques\\\/#breadcrumb\",\"itemListElement\":[{\"@type\":\"ListItem\",\"position\":1,\"name\":\"Inicio\",\"item\":\"https:\\\/\\\/patagoniambiental.com.ar\\\/info\\\/\"},{\"@type\":\"ListItem\",\"position\":2,\"name\":\"Patagones contin\u00faa trabajando en la reglamentaci\u00f3n de la Ley de Bosques\"}]},{\"@type\":\"WebSite\",\"@id\":\"https:\\\/\\\/patagoniambiental.com.ar\\\/info\\\/#website\",\"url\":\"https:\\\/\\\/patagoniambiental.com.ar\\\/info\\\/\",\"name\":\"Patagonia Ambiental\",\"description\":\"Monitoreo y an\u00e1lisis de la situaci\u00f3n geopol\u00edtica en el mundo y su implicancia en la Patagonia\",\"publisher\":{\"@id\":\"https:\\\/\\\/patagoniambiental.com.ar\\\/info\\\/#organization\"},\"potentialAction\":[{\"@type\":\"SearchAction\",\"target\":{\"@type\":\"EntryPoint\",\"urlTemplate\":\"https:\\\/\\\/patagoniambiental.com.ar\\\/info\\\/?s={search_term_string}\"},\"query-input\":{\"@type\":\"PropertyValueSpecification\",\"valueRequired\":true,\"valueName\":\"search_term_string\"}}],\"inLanguage\":\"es\"},{\"@type\":\"Organization\",\"@id\":\"https:\\\/\\\/patagoniambiental.com.ar\\\/info\\\/#organization\",\"name\":\"Patagonia Ambiental\",\"url\":\"https:\\\/\\\/patagoniambiental.com.ar\\\/info\\\/\",\"logo\":{\"@type\":\"ImageObject\",\"inLanguage\":\"es\",\"@id\":\"https:\\\/\\\/patagoniambiental.com.ar\\\/info\\\/#\\\/schema\\\/logo\\\/image\\\/\",\"url\":\"https:\\\/\\\/patagoniambiental.com.ar\\\/info\\\/wp-content\\\/uploads\\\/2025\\\/05\\\/LOGO-PATAGONIA-AMBIENTAL.png\",\"contentUrl\":\"https:\\\/\\\/patagoniambiental.com.ar\\\/info\\\/wp-content\\\/uploads\\\/2025\\\/05\\\/LOGO-PATAGONIA-AMBIENTAL.png\",\"width\":433,\"height\":250,\"caption\":\"Patagonia Ambiental\"},\"image\":{\"@id\":\"https:\\\/\\\/patagoniambiental.com.ar\\\/info\\\/#\\\/schema\\\/logo\\\/image\\\/\"},\"sameAs\":[\"https:\\\/\\\/www.facebook.com\\\/patagonia.ambiental\",\"https:\\\/\\\/x.com\\\/PatAmb\"]},{\"@type\":\"Person\",\"@id\":\"https:\\\/\\\/patagoniambiental.com.ar\\\/info\\\/#\\\/schema\\\/person\\\/db12bff64bbcbf6a253710bf0ea37b5d\",\"name\":\"Patagonia Ambiental\",\"description\":\"Andr\u00e9s Nievas T\u00e9cnico en manejo ambiental, consultor Ambiental y escritor para medios locales e internacionales sobre temas de geopolitica y medio ambiente.\",\"sameAs\":[\"http:\\\/\\\/www.patagoniambiental.com.ar\",\"https:\\\/\\\/www.facebook.com\\\/share\\\/1C1V8Gv9BX\\\/?mibextid=qi2Omg\",\"@patagoniambiental\",\"https:\\\/\\\/youtube.com\\\/@patagoniaambiental2023?si=BLt58t0wuXquxlYZ\"]}]}<\/script>\n<!-- \/ Yoast SEO Premium plugin. -->","yoast_head_json":{"title":"Patagones contin\u00faa trabajando en la reglamentaci\u00f3n de la Ley de Bosques","robots":{"index":"index","follow":"follow","max-snippet":"max-snippet:-1","max-image-preview":"max-image-preview:large","max-video-preview":"max-video-preview:-1"},"canonical":"https:\/\/patagoniambiental.com.ar\/info\/patagones-continua-trabajando-en-la-reglamentacion-de-la-ley-de-bosques\/","og_locale":"es_ES","og_type":"article","og_title":"Patagones contin\u00faa trabajando en la reglamentaci\u00f3n de la Ley de Bosques","og_description":"PATAGONES.- Teniendo en cuenta que la mayor parte de lo que se considera bosque para la provincia de Buenos Aires [&hellip;]","og_url":"https:\/\/patagoniambiental.com.ar\/info\/patagones-continua-trabajando-en-la-reglamentacion-de-la-ley-de-bosques\/","og_site_name":"Patagonia Ambiental","article_publisher":"https:\/\/www.facebook.com\/patagonia.ambiental","article_author":"https:\/\/www.facebook.com\/share\/1C1V8Gv9BX\/?mibextid=qi2Omg","article_published_time":"2017-06-09T12:00:10+00:00","og_image":[{"width":763,"height":676,"url":"https:\/\/patagoniambiental.com.ar\/info\/wp-content\/uploads\/2017\/06\/Taller-en-INTA-Ley-de-Bosques-2.jpg","type":"image\/jpeg"}],"author":"Patagonia Ambiental","twitter_card":"summary_large_image","twitter_creator":"@PatAmb","twitter_site":"@PatAmb","schema":{"@context":"https:\/\/schema.org","@graph":[{"@type":"Article","@id":"https:\/\/patagoniambiental.com.ar\/info\/patagones-continua-trabajando-en-la-reglamentacion-de-la-ley-de-bosques\/#article","isPartOf":{"@id":"https:\/\/patagoniambiental.com.ar\/info\/patagones-continua-trabajando-en-la-reglamentacion-de-la-ley-de-bosques\/"},"author":{"name":"Patagonia Ambiental","@id":"https:\/\/patagoniambiental.com.ar\/info\/#\/schema\/person\/db12bff64bbcbf6a253710bf0ea37b5d"},"headline":"Patagones contin\u00faa trabajando en la reglamentaci\u00f3n de la Ley de Bosques","datePublished":"2017-06-09T12:00:10+00:00","mainEntityOfPage":{"@id":"https:\/\/patagoniambiental.com.ar\/info\/patagones-continua-trabajando-en-la-reglamentacion-de-la-ley-de-bosques\/"},"wordCount":332,"commentCount":0,"publisher":{"@id":"https:\/\/patagoniambiental.com.ar\/info\/#organization"},"image":{"@id":"https:\/\/patagoniambiental.com.ar\/info\/patagones-continua-trabajando-en-la-reglamentacion-de-la-ley-de-bosques\/#primaryimage"},"thumbnailUrl":"https:\/\/patagoniambiental.com.ar\/info\/wp-content\/uploads\/2017\/06\/Taller-en-INTA-Ley-de-Bosques-2.jpg","articleSection":["Municipios","Noticias"],"inLanguage":"es","potentialAction":[{"@type":"CommentAction","name":"Comment","target":["https:\/\/patagoniambiental.com.ar\/info\/patagones-continua-trabajando-en-la-reglamentacion-de-la-ley-de-bosques\/#respond"]}]},{"@type":"WebPage","@id":"https:\/\/patagoniambiental.com.ar\/info\/patagones-continua-trabajando-en-la-reglamentacion-de-la-ley-de-bosques\/","url":"https:\/\/patagoniambiental.com.ar\/info\/patagones-continua-trabajando-en-la-reglamentacion-de-la-ley-de-bosques\/","name":"Patagones contin\u00faa trabajando en la reglamentaci\u00f3n de la Ley de Bosques","isPartOf":{"@id":"https:\/\/patagoniambiental.com.ar\/info\/#website"},"primaryImageOfPage":{"@id":"https:\/\/patagoniambiental.com.ar\/info\/patagones-continua-trabajando-en-la-reglamentacion-de-la-ley-de-bosques\/#primaryimage"},"image":{"@id":"https:\/\/patagoniambiental.com.ar\/info\/patagones-continua-trabajando-en-la-reglamentacion-de-la-ley-de-bosques\/#primaryimage"},"thumbnailUrl":"https:\/\/patagoniambiental.com.ar\/info\/wp-content\/uploads\/2017\/06\/Taller-en-INTA-Ley-de-Bosques-2.jpg","datePublished":"2017-06-09T12:00:10+00:00","breadcrumb":{"@id":"https:\/\/patagoniambiental.com.ar\/info\/patagones-continua-trabajando-en-la-reglamentacion-de-la-ley-de-bosques\/#breadcrumb"},"inLanguage":"es","potentialAction":[{"@type":"ReadAction","target":["https:\/\/patagoniambiental.com.ar\/info\/patagones-continua-trabajando-en-la-reglamentacion-de-la-ley-de-bosques\/"]}]},{"@type":"ImageObject","inLanguage":"es","@id":"https:\/\/patagoniambiental.com.ar\/info\/patagones-continua-trabajando-en-la-reglamentacion-de-la-ley-de-bosques\/#primaryimage","url":"https:\/\/patagoniambiental.com.ar\/info\/wp-content\/uploads\/2017\/06\/Taller-en-INTA-Ley-de-Bosques-2.jpg","contentUrl":"https:\/\/patagoniambiental.com.ar\/info\/wp-content\/uploads\/2017\/06\/Taller-en-INTA-Ley-de-Bosques-2.jpg","width":763,"height":676},{"@type":"BreadcrumbList","@id":"https:\/\/patagoniambiental.com.ar\/info\/patagones-continua-trabajando-en-la-reglamentacion-de-la-ley-de-bosques\/#breadcrumb","itemListElement":[{"@type":"ListItem","position":1,"name":"Inicio","item":"https:\/\/patagoniambiental.com.ar\/info\/"},{"@type":"ListItem","position":2,"name":"Patagones contin\u00faa trabajando en la reglamentaci\u00f3n de la Ley de Bosques"}]},{"@type":"WebSite","@id":"https:\/\/patagoniambiental.com.ar\/info\/#website","url":"https:\/\/patagoniambiental.com.ar\/info\/","name":"Patagonia Ambiental","description":"Monitoreo y an\u00e1lisis de la situaci\u00f3n geopol\u00edtica en el mundo y su implicancia en la Patagonia","publisher":{"@id":"https:\/\/patagoniambiental.com.ar\/info\/#organization"},"potentialAction":[{"@type":"SearchAction","target":{"@type":"EntryPoint","urlTemplate":"https:\/\/patagoniambiental.com.ar\/info\/?s={search_term_string}"},"query-input":{"@type":"PropertyValueSpecification","valueRequired":true,"valueName":"search_term_string"}}],"inLanguage":"es"},{"@type":"Organization","@id":"https:\/\/patagoniambiental.com.ar\/info\/#organization","name":"Patagonia Ambiental","url":"https:\/\/patagoniambiental.com.ar\/info\/","logo":{"@type":"ImageObject","inLanguage":"es","@id":"https:\/\/patagoniambiental.com.ar\/info\/#\/schema\/logo\/image\/","url":"https:\/\/patagoniambiental.com.ar\/info\/wp-content\/uploads\/2025\/05\/LOGO-PATAGONIA-AMBIENTAL.png","contentUrl":"https:\/\/patagoniambiental.com.ar\/info\/wp-content\/uploads\/2025\/05\/LOGO-PATAGONIA-AMBIENTAL.png","width":433,"height":250,"caption":"Patagonia Ambiental"},"image":{"@id":"https:\/\/patagoniambiental.com.ar\/info\/#\/schema\/logo\/image\/"},"sameAs":["https:\/\/www.facebook.com\/patagonia.ambiental","https:\/\/x.com\/PatAmb"]},{"@type":"Person","@id":"https:\/\/patagoniambiental.com.ar\/info\/#\/schema\/person\/db12bff64bbcbf6a253710bf0ea37b5d","name":"Patagonia Ambiental","description":"Andr\u00e9s Nievas T\u00e9cnico en manejo ambiental, consultor Ambiental y escritor para medios locales e internacionales sobre temas de geopolitica y medio ambiente.","sameAs":["http:\/\/www.patagoniambiental.com.ar","https:\/\/www.facebook.com\/share\/1C1V8Gv9BX\/?mibextid=qi2Omg","@patagoniambiental","https:\/\/youtube.com\/@patagoniaambiental2023?si=BLt58t0wuXquxlYZ"]}]}},"_links":{"self":[{"href":"https:\/\/patagoniambiental.com.ar\/info\/wp-json\/wp\/v2\/posts\/30291","targetHints":{"allow":["GET"]}}],"collection":[{"href":"https:\/\/patagoniambiental.com.ar\/info\/wp-json\/wp\/v2\/posts"}],"about":[{"href":"https:\/\/patagoniambiental.com.ar\/info\/wp-json\/wp\/v2\/types\/post"}],"author":[{"embeddable":true,"href":"https:\/\/patagoniambiental.com.ar\/info\/wp-json\/wp\/v2\/users\/2"}],"replies":[{"embeddable":true,"href":"https:\/\/patagoniambiental.com.ar\/info\/wp-json\/wp\/v2\/comments?post=30291"}],"version-history":[{"count":0,"href":"https:\/\/patagoniambiental.com.ar\/info\/wp-json\/wp\/v2\/posts\/30291\/revisions"}],"wp:featuredmedia":[{"embeddable":true,"href":"https:\/\/patagoniambiental.com.ar\/info\/wp-json\/wp\/v2\/media\/30292"}],"wp:attachment":[{"href":"https:\/\/patagoniambiental.com.ar\/info\/wp-json\/wp\/v2\/media?parent=30291"}],"wp:term":[{"taxonomy":"category","embeddable":true,"href":"https:\/\/patagoniambiental.com.ar\/info\/wp-json\/wp\/v2\/categories?post=30291"},{"taxonomy":"post_tag","embeddable":true,"href":"https:\/\/patagoniambiental.com.ar\/info\/wp-json\/wp\/v2\/tags?post=30291"}],"curies":[{"name":"wp","href":"https:\/\/api.w.org\/{rel}","templated":true}]}}