{"id":30306,"date":"2017-06-09T19:00:08","date_gmt":"2017-06-09T22:00:08","guid":{"rendered":"http:\/\/patagoniambiental.com.ar\/info\/?p=30306"},"modified":"2017-06-09T09:46:52","modified_gmt":"2017-06-09T12:46:52","slug":"el-intendente-de-anelo-si-no-se-pone-freno-los-mapuches-van-a-ir-por-todo-el-territorio","status":"publish","type":"post","link":"https:\/\/patagoniambiental.com.ar\/info\/el-intendente-de-anelo-si-no-se-pone-freno-los-mapuches-van-a-ir-por-todo-el-territorio\/","title":{"rendered":"El intendente de A\u00f1elo: \u00abSi no se pone freno, los mapuches van a ir por todo el territorio\u00bb"},"content":{"rendered":"<article id=\"article-post\" class=\"cat-rojo\">\n<header>\n<div class=\"row\">\n<div class=\"col-xs-12\">\n<p class=\"title\">A\u00f1elo.-Luego de que un chacarero denunciara la usurpaci\u00f3n de sus tierras, Dar\u00edo D\u00edaz explic\u00f3 que es un modus operandi de la Confederaci\u00f3n.<\/p>\n<\/div>\n<\/div>\n<\/header>\n<div class=\"head-image thumb-wrap relative\"><!--more--><\/div>\n<div class=\"cuerpo\">\n<p>Luego de que <strong>Alberto Guti\u00e9rrez<\/strong> diera a conocer un nuevo caso de toma de tierras por parte de una nueva comunidad mapuche en Tratayen, <strong>el intendente de A\u00f1elo explic\u00f3 que este es un modus operandi de la Confederaci\u00f3n,<\/strong> que intenta usurpar chacras con el argumento de que son terrenos ancestrales.<\/p>\n<\/div>\n<\/article>\n<article id=\"article-post\" class=\"cat-rojo\">\n<div class=\"cuerpo\">\n<p>En <strong>declaraciones con LU5<\/strong>, <strong>Dar\u00edo D\u00edaz<\/strong> dijo que quien tom\u00f3 los campos de Guti\u00e9rrez no es el secretario de Producci\u00f3n del municipio, Mario Rosales, sino su hijo, Diego, que es el werken de la nueva comunidad en Tratayen.<\/p>\n<div id=\"embed14_wrap\" class=\"embed_cont type_freetext\">\n<div id=\"embed14_content\" class=\"embed_content\">\n<div id=\"embed14_embed\">\n<div class=\"SandboxRoot env-bp-350\" data-twitter-event-id=\"0\">\n<div id=\"twitter-widget-1\" class=\"EmbeddedTweet EmbeddedTweet--mediaForward media-forward js-clickToOpenTarget js-tweetIdInfo tweet-InformationCircle-widgetParent\" lang=\"es\" data-click-to-open-target=\"https:\/\/twitter.com\/LMNeuquen\/status\/872424054992646144\" data-iframe-title=\"Tweet de Twitter\" data-dt-full=\"%{hours24}:%{minutes} - %{day} %{month} %{year}\" data-dt-months=\"Jan|Feb|Mar|Apr|May|Jun|Jul|Aug|Sep|Oct|Nov|Dec\" data-dt-am=\"AM\" data-dt-pm=\"PM\" data-dt-now=\"now\" data-dt-s=\"s\" data-dt-m=\"m\" data-dt-h=\"h\" data-dt-second=\"segundo\" data-dt-seconds=\"segundos\" data-dt-minute=\"minuto\" data-dt-minutes=\"minutos\" data-dt-hour=\"hora\" data-dt-hours=\"horas\" data-dt-abbr=\"%{number}%{symbol}\" data-dt-short=\"%{day} %{month}\" data-dt-long=\"%{day} %{month} %{year}\" data-scribe=\"page:tweet\" data-tweet-id=\"872424054992646144\" data-twitter-event-id=\"2\">\n<article class=\"MediaCard\n           MediaCard--mediaForward\n\n           customisable-border\" dir=\"ltr\" data-scribe=\"component:card\"><\/p>\n<div class=\"MediaCard-media\"><a class=\"MediaCard-borderOverlay\" tabindex=\"-1\" title=\"Ver imagen en Twitter\" href=\"https:\/\/twitter.com\/LMNeuquen\/status\/872424054992646144\/photo\/1\"><span class=\"u-hiddenVisually\">Ver imagen en Twitter<\/span><\/a><\/p>\n<div class=\"MediaCard-widthConstraint js-cspForcedStyle\" data-style=\"max-width: 790px\">\n<div class=\"MediaCard-mediaContainer js-cspForcedStyle\" data-style=\"padding-bottom: 56.2025%\"><a class=\"MediaCard-mediaAsset\n                    NaturalImage\n\" href=\"https:\/\/twitter.com\/LMNeuquen\/status\/872424054992646144\/photo\/1\" data-scribe=\"element:photo\"><img fetchpriority=\"high\" decoding=\"async\" class=\"NaturalImage-image\" title=\"Ver imagen en Twitter\" src=\"https:\/\/pbs.twimg.com\/media\/DBt5DbNXUAE6MBX.jpg:small\" alt=\"Ver imagen en Twitter\" width=\"790\" height=\"444\" data-srcset=\"https%3A%2F%2Fpbs.twimg.com%2Fmedia%2FDBt5DbNXUAE6MBX.jpg%3Alarge 790w,https%3A%2F%2Fpbs.twimg.com%2Fmedia%2FDBt5DbNXUAE6MBX.jpg 790w,https%3A%2F%2Fpbs.twimg.com%2Fmedia%2FDBt5DbNXUAE6MBX.jpg%3Asmall 680w\" \/><\/a><\/div>\n<\/div>\n<\/div>\n<\/article>\n<div class=\"EmbeddedTweet-tweet\">\n<blockquote class=\"Tweet h-entry js-tweetIdInfo subject expanded \n<p>                    is-deciderHtmlWhitespace\" cite=\"https:\/\/twitter.com\/LMNeuquen\/status\/872424054992646144\" data-tweet-id=\"872424054992646144\" data-scribe=\"section:subject\"><\/p>\n<div class=\"Tweet-header u-cf\">\n<div class=\"Tweet-brand u-floatRight\">\n<div class=\"Icon Icon--twitter \" title=\"\"><\/div>\n<p><span class=\"u-hiddenInNarrowEnv\"><a class=\"FollowButton follow-button profile\" title=\"Seguir a LMNeuqu\u00e9n en Twitter\" href=\"https:\/\/twitter.com\/LMNeuquen\" data-scribe=\"component:followbutton\">Seguir<\/a><\/span><\/div>\n<div class=\"TweetAuthor \" data-scribe=\"component:author\"><a class=\"TweetAuthor-link Identity u-linkBlend\" href=\"https:\/\/twitter.com\/LMNeuquen\" data-scribe=\"element:user_link\"><span class=\"TweetAuthor-avatar Identity-avatar\"><img decoding=\"async\" class=\"Avatar\" src=\"https:\/\/pbs.twimg.com\/profile_images\/603020873377968128\/8gzdwypI_normal.jpg\" alt=\"\" data-scribe=\"element:avatar\" data-src-2x=\"https:\/\/pbs.twimg.com\/profile_images\/603020873377968128\/8gzdwypI_bigger.jpg\" data-src-1x=\"https:\/\/pbs.twimg.com\/profile_images\/603020873377968128\/8gzdwypI_normal.jpg\" \/><\/span><span class=\"TweetAuthor-name Identity-name customisable-highlight\" title=\"LMNeuqu\u00e9n\" data-scribe=\"element:name\">LMNeuqu\u00e9n<\/span> <\/a><\/p>\n<div class=\"Icon Icon--verified \" title=\"Cuenta verificada\"><\/div>\n<p><a class=\"TweetAuthor-link Identity u-linkBlend\" href=\"https:\/\/twitter.com\/LMNeuquen\" data-scribe=\"element:user_link\"><span class=\"TweetAuthor-verifiedBadge\" data-scribe=\"element:verified_badge\"><b class=\"u-hiddenVisually\">\u2714<\/b><\/span><span class=\"TweetAuthor-screenName Identity-screenName\" dir=\"ltr\" title=\"@LMNeuquen\" data-scribe=\"element:screen_name\">@LMNeuquen<\/span><\/a><\/div>\n<\/div>\n<div class=\"Tweet-body e-entry-content\" data-scribe=\"component:tweet\">\n<p class=\"Tweet-text e-entry-title\" dir=\"ltr\" lang=\"es\">Denuncia que una supuesta familia mapuche le usurp\u00f3 su chacra <a class=\"link customisable\" dir=\"ltr\" title=\"http:\/\/www.lmneuquen.com\/c553498\" href=\"https:\/\/t.co\/8iaf8GhxFp\" target=\"_blank\" rel=\"nofollow noopener noreferrer\" data-expanded-url=\"http:\/\/www.lmneuquen.com\/c553498\" data-scribe=\"element:url\"><span class=\"u-hiddenVisually\">http:\/\/www.<\/span>lmneuquen.com\/c553498<span class=\"u-hiddenVisually\">\u00a0<\/span><\/a><\/p>\n<div class=\"Tweet-metadata dateline\"><a class=\"u-linkBlend u-url customisable-highlight long-permalink\" href=\"https:\/\/twitter.com\/LMNeuquen\/status\/872424054992646144\" data-datetime=\"2017-06-07T12:04:38+0000\" data-scribe=\"element:full_timestamp\"><time class=\"dt-updated\" title=\"Publicado a las: 07 Jun 2017, 12:04:38 (UTC)\" datetime=\"2017-06-07T12:04:38+0000\">09:04 &#8211; 7 Jun 2017<\/time><\/a><\/div>\n<ul class=\"Tweet-actions\" data-scribe=\"component:actions\">\n<li class=\"Tweet-action\">\n<div class=\"Icon Icon--reply TweetAction-icon\" title=\"Responder\"><\/div>\n<\/li>\n<li class=\"Tweet-action\">\n<div class=\"Icon Icon--retweet TweetAction-icon\" title=\"Retweet\"><\/div>\n<p><a class=\"TweetAction TweetAction--retweet web-intent\" href=\"https:\/\/twitter.com\/intent\/retweet?tweet_id=872424054992646144\" data-scribe=\"element:retweet\"><span class=\"u-hiddenVisually\">Retweets<\/span><\/a><\/li>\n<li class=\"Tweet-action\">\n<div class=\"Icon Icon--heart TweetAction-icon\" title=\"Me gusta\"><\/div>\n<p><a class=\"TweetAction TweetAction--heart web-intent\" href=\"https:\/\/twitter.com\/intent\/like?tweet_id=872424054992646144\" data-scribe=\"element:heart\"><span class=\"u-hiddenVisually\">me gusta<\/span><\/a><\/li>\n<\/ul>\n<\/div>\n<\/blockquote>\n<\/div>\n<div class=\"tweet-InformationCircle--top tweet-InformationCircle\"><a class=\"Icon Icon--informationCircleWhite\" title=\"Twitter Ads info and privacy\" href=\"https:\/\/support.twitter.com\/articles\/20175256\"><span class=\"u-hiddenVisually\">Twitter Ads info and privacy<\/span><\/a><\/div>\n<\/div>\n<div class=\"resize-sensor\"><\/div>\n<\/div>\n<\/div>\n<\/div>\n<\/div>\n<p>El intendente explic\u00f3 que bajo el amparo de la Confederaci\u00f3n se conformaron nuevas comunidades; con este modus operandi se utiliza a los paisanos, sin respuestas del Gobierno, para envolverlos y ponerlos enfrente de los <a class=\"agrupador\" href=\"https:\/\/www.lmneuquen.com\/URL_AGRUPADOR_195\/conflicto-a153\" rel=\"153\">conflicto<\/a>s.<\/p>\n<p><strong>\u201cSe sabe muy bien la gente que hace todo esto y los r\u00e9ditos que han tenido, lo han transformado en un negocio muy rentable\u201d<\/strong>, asegur\u00f3 D\u00edaz, y agreg\u00f3 que es muy triste ver a campesinos que trabajaron toda su vida en esta situaci\u00f3n.<\/p>\n<p><strong>\u201cSi no se pone freno van a ir por todo el territorio\u201d<\/strong>, advirti\u00f3 el funcionario, y resalt\u00f3 que est\u00e1n trabajando para resolver este problema. \u201cEn A\u00f1elo todos sabemos qui\u00e9n es qui\u00e9n. No hay pueblos originarios, los han ido creando\u201d, concluy\u00f3.<\/p>\n<p>Fuente: La Ma\u00f1ana Neuqu\u00e9n<\/p>\n<\/div>\n<\/article>\n","protected":false},"excerpt":{"rendered":"<p>A\u00f1elo.-Luego de que un chacarero denunciara la usurpaci\u00f3n de sus tierras, Dar\u00edo D\u00edaz explic\u00f3 que es un modus operandi de [&hellip;]<\/p>\n","protected":false},"author":2,"featured_media":30307,"comment_status":"open","ping_status":"open","sticky":false,"template":"","format":"standard","meta":{"site-sidebar-layout":"default","site-content-layout":"","ast-site-content-layout":"default","site-content-style":"default","site-sidebar-style":"default","ast-global-header-display":"","ast-banner-title-visibility":"","ast-main-header-display":"","ast-hfb-above-header-display":"","ast-hfb-below-header-display":"","ast-hfb-mobile-header-display":"","site-post-title":"","ast-breadcrumbs-content":"","ast-featured-img":"","footer-sml-layout":"","ast-disable-related-posts":"","theme-transparent-header-meta":"","adv-header-id-meta":"","stick-header-meta":"","header-above-stick-meta":"","header-main-stick-meta":"","header-below-stick-meta":"","astra-migrate-meta-layouts":"default","ast-page-background-enabled":"default","ast-page-background-meta":{"desktop":{"background-color":"var(--ast-global-color-5)","background-image":"","background-repeat":"repeat","background-position":"center center","background-size":"auto","background-attachment":"scroll","background-type":"","background-media":"","overlay-type":"","overlay-color":"","overlay-opacity":"","overlay-gradient":""},"tablet":{"background-color":"","background-image":"","background-repeat":"repeat","background-position":"center center","background-size":"auto","background-attachment":"scroll","background-type":"","background-media":"","overlay-type":"","overlay-color":"","overlay-opacity":"","overlay-gradient":""},"mobile":{"background-color":"","background-image":"","background-repeat":"repeat","background-position":"center center","background-size":"auto","background-attachment":"scroll","background-type":"","background-media":"","overlay-type":"","overlay-color":"","overlay-opacity":"","overlay-gradient":""}},"ast-content-background-meta":{"desktop":{"background-color":"var(--ast-global-color-4)","background-image":"","background-repeat":"repeat","background-position":"center center","background-size":"auto","background-attachment":"scroll","background-type":"","background-media":"","overlay-type":"","overlay-color":"","overlay-opacity":"","overlay-gradient":""},"tablet":{"background-color":"var(--ast-global-color-4)","background-image":"","background-repeat":"repeat","background-position":"center center","background-size":"auto","background-attachment":"scroll","background-type":"","background-media":"","overlay-type":"","overlay-color":"","overlay-opacity":"","overlay-gradient":""},"mobile":{"background-color":"var(--ast-global-color-4)","background-image":"","background-repeat":"repeat","background-position":"center center","background-size":"auto","background-attachment":"scroll","background-type":"","background-media":"","overlay-type":"","overlay-color":"","overlay-opacity":"","overlay-gradient":""}},"footnotes":""},"categories":[16,1],"tags":[],"class_list":["post-30306","post","type-post","status-publish","format-standard","has-post-thumbnail","hentry","category-municipales","category-noticias"],"yoast_head":"<!-- This site is optimized with the Yoast SEO Premium plugin v23.0 (Yoast SEO v27.4) - https:\/\/yoast.com\/product\/yoast-seo-premium-wordpress\/ -->\n<title>El intendente de A\u00f1elo: &quot;Si no se pone freno, los mapuches van a ir por todo el territorio&quot;<\/title>\n<meta name=\"robots\" content=\"index, follow, max-snippet:-1, max-image-preview:large, max-video-preview:-1\" \/>\n<link rel=\"canonical\" href=\"https:\/\/patagoniambiental.com.ar\/info\/el-intendente-de-anelo-si-no-se-pone-freno-los-mapuches-van-a-ir-por-todo-el-territorio\/\" \/>\n<meta property=\"og:locale\" content=\"es_ES\" \/>\n<meta property=\"og:type\" content=\"article\" \/>\n<meta property=\"og:title\" content=\"El intendente de A\u00f1elo: &quot;Si no se pone freno, los mapuches van a ir por todo el territorio&quot;\" \/>\n<meta property=\"og:description\" content=\"A\u00f1elo.-Luego de que un chacarero denunciara la usurpaci\u00f3n de sus tierras, Dar\u00edo D\u00edaz explic\u00f3 que es un modus operandi de [&hellip;]\" \/>\n<meta property=\"og:url\" content=\"https:\/\/patagoniambiental.com.ar\/info\/el-intendente-de-anelo-si-no-se-pone-freno-los-mapuches-van-a-ir-por-todo-el-territorio\/\" \/>\n<meta property=\"og:site_name\" content=\"Patagonia Ambiental\" \/>\n<meta property=\"article:publisher\" content=\"https:\/\/www.facebook.com\/patagonia.ambiental\" \/>\n<meta property=\"article:author\" content=\"https:\/\/www.facebook.com\/share\/1C1V8Gv9BX\/?mibextid=qi2Omg\" \/>\n<meta property=\"article:published_time\" content=\"2017-06-09T22:00:08+00:00\" \/>\n<meta property=\"og:image\" content=\"https:\/\/patagoniambiental.com.ar\/info\/wp-content\/uploads\/2017\/06\/0002552120.jpg\" \/>\n\t<meta property=\"og:image:width\" content=\"770\" \/>\n\t<meta property=\"og:image:height\" content=\"433\" \/>\n\t<meta property=\"og:image:type\" content=\"image\/jpeg\" \/>\n<meta name=\"author\" content=\"Patagonia Ambiental\" \/>\n<meta name=\"twitter:card\" content=\"summary_large_image\" \/>\n<meta name=\"twitter:creator\" content=\"@PatAmb\" \/>\n<meta name=\"twitter:site\" content=\"@PatAmb\" \/>\n<script type=\"application\/ld+json\" class=\"yoast-schema-graph\">{\"@context\":\"https:\\\/\\\/schema.org\",\"@graph\":[{\"@type\":\"Article\",\"@id\":\"https:\\\/\\\/patagoniambiental.com.ar\\\/info\\\/el-intendente-de-anelo-si-no-se-pone-freno-los-mapuches-van-a-ir-por-todo-el-territorio\\\/#article\",\"isPartOf\":{\"@id\":\"https:\\\/\\\/patagoniambiental.com.ar\\\/info\\\/el-intendente-de-anelo-si-no-se-pone-freno-los-mapuches-van-a-ir-por-todo-el-territorio\\\/\"},\"author\":{\"name\":\"Patagonia Ambiental\",\"@id\":\"https:\\\/\\\/patagoniambiental.com.ar\\\/info\\\/#\\\/schema\\\/person\\\/db12bff64bbcbf6a253710bf0ea37b5d\"},\"headline\":\"El intendente de A\u00f1elo: \u00abSi no se pone freno, los mapuches van a ir por todo el territorio\u00bb\",\"datePublished\":\"2017-06-09T22:00:08+00:00\",\"mainEntityOfPage\":{\"@id\":\"https:\\\/\\\/patagoniambiental.com.ar\\\/info\\\/el-intendente-de-anelo-si-no-se-pone-freno-los-mapuches-van-a-ir-por-todo-el-territorio\\\/\"},\"wordCount\":307,\"commentCount\":0,\"publisher\":{\"@id\":\"https:\\\/\\\/patagoniambiental.com.ar\\\/info\\\/#organization\"},\"image\":{\"@id\":\"https:\\\/\\\/patagoniambiental.com.ar\\\/info\\\/el-intendente-de-anelo-si-no-se-pone-freno-los-mapuches-van-a-ir-por-todo-el-territorio\\\/#primaryimage\"},\"thumbnailUrl\":\"https:\\\/\\\/patagoniambiental.com.ar\\\/info\\\/wp-content\\\/uploads\\\/2017\\\/06\\\/0002552120.jpg\",\"articleSection\":[\"Municipales\",\"Noticias\"],\"inLanguage\":\"es\",\"potentialAction\":[{\"@type\":\"CommentAction\",\"name\":\"Comment\",\"target\":[\"https:\\\/\\\/patagoniambiental.com.ar\\\/info\\\/el-intendente-de-anelo-si-no-se-pone-freno-los-mapuches-van-a-ir-por-todo-el-territorio\\\/#respond\"]}]},{\"@type\":\"WebPage\",\"@id\":\"https:\\\/\\\/patagoniambiental.com.ar\\\/info\\\/el-intendente-de-anelo-si-no-se-pone-freno-los-mapuches-van-a-ir-por-todo-el-territorio\\\/\",\"url\":\"https:\\\/\\\/patagoniambiental.com.ar\\\/info\\\/el-intendente-de-anelo-si-no-se-pone-freno-los-mapuches-van-a-ir-por-todo-el-territorio\\\/\",\"name\":\"El intendente de A\u00f1elo: \\\"Si no se pone freno, los mapuches van a ir por todo el territorio\\\"\",\"isPartOf\":{\"@id\":\"https:\\\/\\\/patagoniambiental.com.ar\\\/info\\\/#website\"},\"primaryImageOfPage\":{\"@id\":\"https:\\\/\\\/patagoniambiental.com.ar\\\/info\\\/el-intendente-de-anelo-si-no-se-pone-freno-los-mapuches-van-a-ir-por-todo-el-territorio\\\/#primaryimage\"},\"image\":{\"@id\":\"https:\\\/\\\/patagoniambiental.com.ar\\\/info\\\/el-intendente-de-anelo-si-no-se-pone-freno-los-mapuches-van-a-ir-por-todo-el-territorio\\\/#primaryimage\"},\"thumbnailUrl\":\"https:\\\/\\\/patagoniambiental.com.ar\\\/info\\\/wp-content\\\/uploads\\\/2017\\\/06\\\/0002552120.jpg\",\"datePublished\":\"2017-06-09T22:00:08+00:00\",\"breadcrumb\":{\"@id\":\"https:\\\/\\\/patagoniambiental.com.ar\\\/info\\\/el-intendente-de-anelo-si-no-se-pone-freno-los-mapuches-van-a-ir-por-todo-el-territorio\\\/#breadcrumb\"},\"inLanguage\":\"es\",\"potentialAction\":[{\"@type\":\"ReadAction\",\"target\":[\"https:\\\/\\\/patagoniambiental.com.ar\\\/info\\\/el-intendente-de-anelo-si-no-se-pone-freno-los-mapuches-van-a-ir-por-todo-el-territorio\\\/\"]}]},{\"@type\":\"ImageObject\",\"inLanguage\":\"es\",\"@id\":\"https:\\\/\\\/patagoniambiental.com.ar\\\/info\\\/el-intendente-de-anelo-si-no-se-pone-freno-los-mapuches-van-a-ir-por-todo-el-territorio\\\/#primaryimage\",\"url\":\"https:\\\/\\\/patagoniambiental.com.ar\\\/info\\\/wp-content\\\/uploads\\\/2017\\\/06\\\/0002552120.jpg\",\"contentUrl\":\"https:\\\/\\\/patagoniambiental.com.ar\\\/info\\\/wp-content\\\/uploads\\\/2017\\\/06\\\/0002552120.jpg\",\"width\":770,\"height\":433},{\"@type\":\"BreadcrumbList\",\"@id\":\"https:\\\/\\\/patagoniambiental.com.ar\\\/info\\\/el-intendente-de-anelo-si-no-se-pone-freno-los-mapuches-van-a-ir-por-todo-el-territorio\\\/#breadcrumb\",\"itemListElement\":[{\"@type\":\"ListItem\",\"position\":1,\"name\":\"Inicio\",\"item\":\"https:\\\/\\\/patagoniambiental.com.ar\\\/info\\\/\"},{\"@type\":\"ListItem\",\"position\":2,\"name\":\"El intendente de A\u00f1elo: \u00abSi no se pone freno, los mapuches van a ir por todo el territorio\u00bb\"}]},{\"@type\":\"WebSite\",\"@id\":\"https:\\\/\\\/patagoniambiental.com.ar\\\/info\\\/#website\",\"url\":\"https:\\\/\\\/patagoniambiental.com.ar\\\/info\\\/\",\"name\":\"Patagonia Ambiental\",\"description\":\"Monitoreo y an\u00e1lisis de la situaci\u00f3n geopol\u00edtica en el mundo y su implicancia en la Patagonia\",\"publisher\":{\"@id\":\"https:\\\/\\\/patagoniambiental.com.ar\\\/info\\\/#organization\"},\"potentialAction\":[{\"@type\":\"SearchAction\",\"target\":{\"@type\":\"EntryPoint\",\"urlTemplate\":\"https:\\\/\\\/patagoniambiental.com.ar\\\/info\\\/?s={search_term_string}\"},\"query-input\":{\"@type\":\"PropertyValueSpecification\",\"valueRequired\":true,\"valueName\":\"search_term_string\"}}],\"inLanguage\":\"es\"},{\"@type\":\"Organization\",\"@id\":\"https:\\\/\\\/patagoniambiental.com.ar\\\/info\\\/#organization\",\"name\":\"Patagonia Ambiental\",\"url\":\"https:\\\/\\\/patagoniambiental.com.ar\\\/info\\\/\",\"logo\":{\"@type\":\"ImageObject\",\"inLanguage\":\"es\",\"@id\":\"https:\\\/\\\/patagoniambiental.com.ar\\\/info\\\/#\\\/schema\\\/logo\\\/image\\\/\",\"url\":\"https:\\\/\\\/patagoniambiental.com.ar\\\/info\\\/wp-content\\\/uploads\\\/2025\\\/05\\\/LOGO-PATAGONIA-AMBIENTAL.png\",\"contentUrl\":\"https:\\\/\\\/patagoniambiental.com.ar\\\/info\\\/wp-content\\\/uploads\\\/2025\\\/05\\\/LOGO-PATAGONIA-AMBIENTAL.png\",\"width\":433,\"height\":250,\"caption\":\"Patagonia Ambiental\"},\"image\":{\"@id\":\"https:\\\/\\\/patagoniambiental.com.ar\\\/info\\\/#\\\/schema\\\/logo\\\/image\\\/\"},\"sameAs\":[\"https:\\\/\\\/www.facebook.com\\\/patagonia.ambiental\",\"https:\\\/\\\/x.com\\\/PatAmb\"]},{\"@type\":\"Person\",\"@id\":\"https:\\\/\\\/patagoniambiental.com.ar\\\/info\\\/#\\\/schema\\\/person\\\/db12bff64bbcbf6a253710bf0ea37b5d\",\"name\":\"Patagonia Ambiental\",\"description\":\"Andr\u00e9s Nievas T\u00e9cnico en manejo ambiental, consultor Ambiental y escritor para medios locales e internacionales sobre temas de geopolitica y medio ambiente.\",\"sameAs\":[\"http:\\\/\\\/www.patagoniambiental.com.ar\",\"https:\\\/\\\/www.facebook.com\\\/share\\\/1C1V8Gv9BX\\\/?mibextid=qi2Omg\",\"@patagoniambiental\",\"https:\\\/\\\/youtube.com\\\/@patagoniaambiental2023?si=BLt58t0wuXquxlYZ\"]}]}<\/script>\n<!-- \/ Yoast SEO Premium plugin. -->","yoast_head_json":{"title":"El intendente de A\u00f1elo: \"Si no se pone freno, los mapuches van a ir por todo el territorio\"","robots":{"index":"index","follow":"follow","max-snippet":"max-snippet:-1","max-image-preview":"max-image-preview:large","max-video-preview":"max-video-preview:-1"},"canonical":"https:\/\/patagoniambiental.com.ar\/info\/el-intendente-de-anelo-si-no-se-pone-freno-los-mapuches-van-a-ir-por-todo-el-territorio\/","og_locale":"es_ES","og_type":"article","og_title":"El intendente de A\u00f1elo: \"Si no se pone freno, los mapuches van a ir por todo el territorio\"","og_description":"A\u00f1elo.-Luego de que un chacarero denunciara la usurpaci\u00f3n de sus tierras, Dar\u00edo D\u00edaz explic\u00f3 que es un modus operandi de [&hellip;]","og_url":"https:\/\/patagoniambiental.com.ar\/info\/el-intendente-de-anelo-si-no-se-pone-freno-los-mapuches-van-a-ir-por-todo-el-territorio\/","og_site_name":"Patagonia Ambiental","article_publisher":"https:\/\/www.facebook.com\/patagonia.ambiental","article_author":"https:\/\/www.facebook.com\/share\/1C1V8Gv9BX\/?mibextid=qi2Omg","article_published_time":"2017-06-09T22:00:08+00:00","og_image":[{"width":770,"height":433,"url":"https:\/\/patagoniambiental.com.ar\/info\/wp-content\/uploads\/2017\/06\/0002552120.jpg","type":"image\/jpeg"}],"author":"Patagonia Ambiental","twitter_card":"summary_large_image","twitter_creator":"@PatAmb","twitter_site":"@PatAmb","schema":{"@context":"https:\/\/schema.org","@graph":[{"@type":"Article","@id":"https:\/\/patagoniambiental.com.ar\/info\/el-intendente-de-anelo-si-no-se-pone-freno-los-mapuches-van-a-ir-por-todo-el-territorio\/#article","isPartOf":{"@id":"https:\/\/patagoniambiental.com.ar\/info\/el-intendente-de-anelo-si-no-se-pone-freno-los-mapuches-van-a-ir-por-todo-el-territorio\/"},"author":{"name":"Patagonia Ambiental","@id":"https:\/\/patagoniambiental.com.ar\/info\/#\/schema\/person\/db12bff64bbcbf6a253710bf0ea37b5d"},"headline":"El intendente de A\u00f1elo: \u00abSi no se pone freno, los mapuches van a ir por todo el territorio\u00bb","datePublished":"2017-06-09T22:00:08+00:00","mainEntityOfPage":{"@id":"https:\/\/patagoniambiental.com.ar\/info\/el-intendente-de-anelo-si-no-se-pone-freno-los-mapuches-van-a-ir-por-todo-el-territorio\/"},"wordCount":307,"commentCount":0,"publisher":{"@id":"https:\/\/patagoniambiental.com.ar\/info\/#organization"},"image":{"@id":"https:\/\/patagoniambiental.com.ar\/info\/el-intendente-de-anelo-si-no-se-pone-freno-los-mapuches-van-a-ir-por-todo-el-territorio\/#primaryimage"},"thumbnailUrl":"https:\/\/patagoniambiental.com.ar\/info\/wp-content\/uploads\/2017\/06\/0002552120.jpg","articleSection":["Municipales","Noticias"],"inLanguage":"es","potentialAction":[{"@type":"CommentAction","name":"Comment","target":["https:\/\/patagoniambiental.com.ar\/info\/el-intendente-de-anelo-si-no-se-pone-freno-los-mapuches-van-a-ir-por-todo-el-territorio\/#respond"]}]},{"@type":"WebPage","@id":"https:\/\/patagoniambiental.com.ar\/info\/el-intendente-de-anelo-si-no-se-pone-freno-los-mapuches-van-a-ir-por-todo-el-territorio\/","url":"https:\/\/patagoniambiental.com.ar\/info\/el-intendente-de-anelo-si-no-se-pone-freno-los-mapuches-van-a-ir-por-todo-el-territorio\/","name":"El intendente de A\u00f1elo: \"Si no se pone freno, los mapuches van a ir por todo el territorio\"","isPartOf":{"@id":"https:\/\/patagoniambiental.com.ar\/info\/#website"},"primaryImageOfPage":{"@id":"https:\/\/patagoniambiental.com.ar\/info\/el-intendente-de-anelo-si-no-se-pone-freno-los-mapuches-van-a-ir-por-todo-el-territorio\/#primaryimage"},"image":{"@id":"https:\/\/patagoniambiental.com.ar\/info\/el-intendente-de-anelo-si-no-se-pone-freno-los-mapuches-van-a-ir-por-todo-el-territorio\/#primaryimage"},"thumbnailUrl":"https:\/\/patagoniambiental.com.ar\/info\/wp-content\/uploads\/2017\/06\/0002552120.jpg","datePublished":"2017-06-09T22:00:08+00:00","breadcrumb":{"@id":"https:\/\/patagoniambiental.com.ar\/info\/el-intendente-de-anelo-si-no-se-pone-freno-los-mapuches-van-a-ir-por-todo-el-territorio\/#breadcrumb"},"inLanguage":"es","potentialAction":[{"@type":"ReadAction","target":["https:\/\/patagoniambiental.com.ar\/info\/el-intendente-de-anelo-si-no-se-pone-freno-los-mapuches-van-a-ir-por-todo-el-territorio\/"]}]},{"@type":"ImageObject","inLanguage":"es","@id":"https:\/\/patagoniambiental.com.ar\/info\/el-intendente-de-anelo-si-no-se-pone-freno-los-mapuches-van-a-ir-por-todo-el-territorio\/#primaryimage","url":"https:\/\/patagoniambiental.com.ar\/info\/wp-content\/uploads\/2017\/06\/0002552120.jpg","contentUrl":"https:\/\/patagoniambiental.com.ar\/info\/wp-content\/uploads\/2017\/06\/0002552120.jpg","width":770,"height":433},{"@type":"BreadcrumbList","@id":"https:\/\/patagoniambiental.com.ar\/info\/el-intendente-de-anelo-si-no-se-pone-freno-los-mapuches-van-a-ir-por-todo-el-territorio\/#breadcrumb","itemListElement":[{"@type":"ListItem","position":1,"name":"Inicio","item":"https:\/\/patagoniambiental.com.ar\/info\/"},{"@type":"ListItem","position":2,"name":"El intendente de A\u00f1elo: \u00abSi no se pone freno, los mapuches van a ir por todo el territorio\u00bb"}]},{"@type":"WebSite","@id":"https:\/\/patagoniambiental.com.ar\/info\/#website","url":"https:\/\/patagoniambiental.com.ar\/info\/","name":"Patagonia Ambiental","description":"Monitoreo y an\u00e1lisis de la situaci\u00f3n geopol\u00edtica en el mundo y su implicancia en la Patagonia","publisher":{"@id":"https:\/\/patagoniambiental.com.ar\/info\/#organization"},"potentialAction":[{"@type":"SearchAction","target":{"@type":"EntryPoint","urlTemplate":"https:\/\/patagoniambiental.com.ar\/info\/?s={search_term_string}"},"query-input":{"@type":"PropertyValueSpecification","valueRequired":true,"valueName":"search_term_string"}}],"inLanguage":"es"},{"@type":"Organization","@id":"https:\/\/patagoniambiental.com.ar\/info\/#organization","name":"Patagonia Ambiental","url":"https:\/\/patagoniambiental.com.ar\/info\/","logo":{"@type":"ImageObject","inLanguage":"es","@id":"https:\/\/patagoniambiental.com.ar\/info\/#\/schema\/logo\/image\/","url":"https:\/\/patagoniambiental.com.ar\/info\/wp-content\/uploads\/2025\/05\/LOGO-PATAGONIA-AMBIENTAL.png","contentUrl":"https:\/\/patagoniambiental.com.ar\/info\/wp-content\/uploads\/2025\/05\/LOGO-PATAGONIA-AMBIENTAL.png","width":433,"height":250,"caption":"Patagonia Ambiental"},"image":{"@id":"https:\/\/patagoniambiental.com.ar\/info\/#\/schema\/logo\/image\/"},"sameAs":["https:\/\/www.facebook.com\/patagonia.ambiental","https:\/\/x.com\/PatAmb"]},{"@type":"Person","@id":"https:\/\/patagoniambiental.com.ar\/info\/#\/schema\/person\/db12bff64bbcbf6a253710bf0ea37b5d","name":"Patagonia Ambiental","description":"Andr\u00e9s Nievas T\u00e9cnico en manejo ambiental, consultor Ambiental y escritor para medios locales e internacionales sobre temas de geopolitica y medio ambiente.","sameAs":["http:\/\/www.patagoniambiental.com.ar","https:\/\/www.facebook.com\/share\/1C1V8Gv9BX\/?mibextid=qi2Omg","@patagoniambiental","https:\/\/youtube.com\/@patagoniaambiental2023?si=BLt58t0wuXquxlYZ"]}]}},"_links":{"self":[{"href":"https:\/\/patagoniambiental.com.ar\/info\/wp-json\/wp\/v2\/posts\/30306","targetHints":{"allow":["GET"]}}],"collection":[{"href":"https:\/\/patagoniambiental.com.ar\/info\/wp-json\/wp\/v2\/posts"}],"about":[{"href":"https:\/\/patagoniambiental.com.ar\/info\/wp-json\/wp\/v2\/types\/post"}],"author":[{"embeddable":true,"href":"https:\/\/patagoniambiental.com.ar\/info\/wp-json\/wp\/v2\/users\/2"}],"replies":[{"embeddable":true,"href":"https:\/\/patagoniambiental.com.ar\/info\/wp-json\/wp\/v2\/comments?post=30306"}],"version-history":[{"count":0,"href":"https:\/\/patagoniambiental.com.ar\/info\/wp-json\/wp\/v2\/posts\/30306\/revisions"}],"wp:featuredmedia":[{"embeddable":true,"href":"https:\/\/patagoniambiental.com.ar\/info\/wp-json\/wp\/v2\/media\/30307"}],"wp:attachment":[{"href":"https:\/\/patagoniambiental.com.ar\/info\/wp-json\/wp\/v2\/media?parent=30306"}],"wp:term":[{"taxonomy":"category","embeddable":true,"href":"https:\/\/patagoniambiental.com.ar\/info\/wp-json\/wp\/v2\/categories?post=30306"},{"taxonomy":"post_tag","embeddable":true,"href":"https:\/\/patagoniambiental.com.ar\/info\/wp-json\/wp\/v2\/tags?post=30306"}],"curies":[{"name":"wp","href":"https:\/\/api.w.org\/{rel}","templated":true}]}}