{"id":30333,"date":"2017-06-10T09:00:50","date_gmt":"2017-06-10T12:00:50","guid":{"rendered":"http:\/\/patagoniambiental.com.ar\/info\/?p=30333"},"modified":"2017-06-09T22:42:49","modified_gmt":"2017-06-10T01:42:49","slug":"la-cervecera-corona-se-compromete-a-proteger-100-islas-de-la-contaminacion-por-plastico","status":"publish","type":"post","link":"https:\/\/patagoniambiental.com.ar\/info\/la-cervecera-corona-se-compromete-a-proteger-100-islas-de-la-contaminacion-por-plastico\/","title":{"rendered":"La cervecera Corona se compromete a proteger 100 islas de la contaminaci\u00f3n por pl\u00e1stico"},"content":{"rendered":"<p class=\"entradilla\">ESPA\u00d1A.- La compa\u00f1\u00eda Corona ha presentado en Espa\u00f1a una campa\u00f1a para proteger 100 islas de diferentes partes del mundo a largo plazo, en colaboraci\u00f3n con la asociaci\u00f3n &#8216;Parley for the Oceans&#8217;.<\/p>\n<p>La cervecera llevar\u00e1 a cabo\u00a0labores de limpieza de costas en M\u00e9xico, Islas Maldivas, Australia, Chile, Italia y Rep\u00fablica Dominicana <em>\u201ccon el objetivo de contribuir a erradicar\u00a0la <a href=\"http:\/\/www.efeverde.com\/noticias\/oceanos-dia-contaminacion-plastico\/\">contaminaci\u00f3n marina por pl\u00e1stico<\/a>\u201c<\/em>.<\/p>\n<p>De hecho, la entidad <em>\u201clleva\u00a0a\u00f1os involucrando a las comunidades locales para realizar limpiezas de playas con la iniciativa Save the Beach\u201d<\/em>, seg\u00fan\u00a0el embajador de la marca,\u00a0Gotzon Mantuliz.<\/p>\n<h2>Desechos en los oc\u00e9anos<\/h2>\n<p>Se estima que 8 millones de toneladas de <a href=\"http:\/\/www.efeverde.com\/noticias\/la-onu-lanza-una-campana-mundial-para-acabar-con-los-plasticos-en-los-oceanos\/\">desechos pl\u00e1sticos<\/a> llegan a los oc\u00e9anos anualmente, un problema que se encuentra en todos los ecosistemas conocidos y en todos los eslabones de la cadena alimenticia.<\/p>\n<p>Si las tendencias actuales de contaminaci\u00f3n marina contin\u00faan, en el 2050 el oc\u00e9ano tendr\u00e1 m\u00e1s pl\u00e1stico que peces, \u00a0es por ello que Corona y Parley for the Oceans se han propuesto proteger\u00a0estas regiones a trav\u00e9s de un enfoque creativo y multidisciplinario.<\/p>\n<h2>D\u00eda Mundial de los Oc\u00e9anos en Casa Corona<\/h2>\n<p>Nombres tan sugerentes como <strong>chipirones al chapapote<\/strong>, <strong>at\u00fan atrapado en envoltura de pl\u00e1stico<\/strong>, <strong>langostino agonizando en su aluminio<\/strong> o <strong>rape entre aguas t\u00f3xicas<\/strong> consiguieron sensibilizar a los comensales sobre la dr\u00e1stica realidad de nuestros mares y oc\u00e9anos.Siguiendo con este enfoque creativo, la Casa Corona de Madrid acogi\u00f3 ayer la celebraci\u00f3n del <a href=\"http:\/\/www.efeverde.com\/blog\/creadoresdeopinion\/un-movimiento-mundial-para-proteger-los-oceanos\/\">D\u00eda Mundial de los Oc\u00e9anos<\/a> con una cena dise\u00f1ada por el chef Miquel Antoja, que ofreci\u00f3 a los asistentes un men\u00fa para concienciar sobre la importancia de mantener limpios los oc\u00e9anos.<\/p>\n<p>M\u00e1s all\u00e1 de la protecci\u00f3n de las 100 islas, Corona pondr\u00e1 en pr\u00e1ctica una filosof\u00eda consciente del uso de pl\u00e1stico en todos los aspectos de la marca, que\u00a0ya evita en la actualidad el uso de pl\u00e1stico utilizando madera en sus materiales promocionales y cubetas de metal para servir cervezas.<\/p>\n<p>&nbsp;<\/p>\n<p>Fuente: Efeverde<\/p>\n<p>&nbsp;<\/p>\n<div><\/div>\n","protected":false},"excerpt":{"rendered":"<p>ESPA\u00d1A.- La compa\u00f1\u00eda Corona ha presentado en Espa\u00f1a una campa\u00f1a para proteger 100 islas de diferentes partes del mundo a [&hellip;]<\/p>\n","protected":false},"author":2,"featured_media":30334,"comment_status":"open","ping_status":"open","sticky":false,"template":"","format":"standard","meta":{"site-sidebar-layout":"default","site-content-layout":"","ast-site-content-layout":"default","site-content-style":"default","site-sidebar-style":"default","ast-global-header-display":"","ast-banner-title-visibility":"","ast-main-header-display":"","ast-hfb-above-header-display":"","ast-hfb-below-header-display":"","ast-hfb-mobile-header-display":"","site-post-title":"","ast-breadcrumbs-content":"","ast-featured-img":"","footer-sml-layout":"","ast-disable-related-posts":"","theme-transparent-header-meta":"","adv-header-id-meta":"","stick-header-meta":"","header-above-stick-meta":"","header-main-stick-meta":"","header-below-stick-meta":"","astra-migrate-meta-layouts":"default","ast-page-background-enabled":"default","ast-page-background-meta":{"desktop":{"background-color":"var(--ast-global-color-5)","background-image":"","background-repeat":"repeat","background-position":"center center","background-size":"auto","background-attachment":"scroll","background-type":"","background-media":"","overlay-type":"","overlay-color":"","overlay-opacity":"","overlay-gradient":""},"tablet":{"background-color":"","background-image":"","background-repeat":"repeat","background-position":"center center","background-size":"auto","background-attachment":"scroll","background-type":"","background-media":"","overlay-type":"","overlay-color":"","overlay-opacity":"","overlay-gradient":""},"mobile":{"background-color":"","background-image":"","background-repeat":"repeat","background-position":"center center","background-size":"auto","background-attachment":"scroll","background-type":"","background-media":"","overlay-type":"","overlay-color":"","overlay-opacity":"","overlay-gradient":""}},"ast-content-background-meta":{"desktop":{"background-color":"var(--ast-global-color-4)","background-image":"","background-repeat":"repeat","background-position":"center center","background-size":"auto","background-attachment":"scroll","background-type":"","background-media":"","overlay-type":"","overlay-color":"","overlay-opacity":"","overlay-gradient":""},"tablet":{"background-color":"var(--ast-global-color-4)","background-image":"","background-repeat":"repeat","background-position":"center center","background-size":"auto","background-attachment":"scroll","background-type":"","background-media":"","overlay-type":"","overlay-color":"","overlay-opacity":"","overlay-gradient":""},"mobile":{"background-color":"var(--ast-global-color-4)","background-image":"","background-repeat":"repeat","background-position":"center center","background-size":"auto","background-attachment":"scroll","background-type":"","background-media":"","overlay-type":"","overlay-color":"","overlay-opacity":"","overlay-gradient":""}},"footnotes":""},"categories":[23,1],"tags":[],"class_list":["post-30333","post","type-post","status-publish","format-standard","has-post-thumbnail","hentry","category-internacionales","category-noticias"],"yoast_head":"<!-- This site is optimized with the Yoast SEO Premium plugin v23.0 (Yoast SEO v27.4) - https:\/\/yoast.com\/product\/yoast-seo-premium-wordpress\/ -->\n<title>La cervecera Corona se compromete a proteger 100 islas de la contaminaci\u00f3n por pl\u00e1stico<\/title>\n<meta name=\"robots\" content=\"index, follow, max-snippet:-1, max-image-preview:large, max-video-preview:-1\" \/>\n<link rel=\"canonical\" href=\"https:\/\/patagoniambiental.com.ar\/info\/la-cervecera-corona-se-compromete-a-proteger-100-islas-de-la-contaminacion-por-plastico\/\" \/>\n<meta property=\"og:locale\" content=\"es_ES\" \/>\n<meta property=\"og:type\" content=\"article\" \/>\n<meta property=\"og:title\" content=\"La cervecera Corona se compromete a proteger 100 islas de la contaminaci\u00f3n por pl\u00e1stico\" \/>\n<meta property=\"og:description\" content=\"ESPA\u00d1A.- La compa\u00f1\u00eda Corona ha presentado en Espa\u00f1a una campa\u00f1a para proteger 100 islas de diferentes partes del mundo a [&hellip;]\" \/>\n<meta property=\"og:url\" content=\"https:\/\/patagoniambiental.com.ar\/info\/la-cervecera-corona-se-compromete-a-proteger-100-islas-de-la-contaminacion-por-plastico\/\" \/>\n<meta property=\"og:site_name\" content=\"Patagonia Ambiental\" \/>\n<meta property=\"article:publisher\" content=\"https:\/\/www.facebook.com\/patagonia.ambiental\" \/>\n<meta property=\"article:author\" content=\"https:\/\/www.facebook.com\/share\/1C1V8Gv9BX\/?mibextid=qi2Omg\" \/>\n<meta property=\"article:published_time\" content=\"2017-06-10T12:00:50+00:00\" \/>\n<meta property=\"og:image\" content=\"https:\/\/patagoniambiental.com.ar\/info\/wp-content\/uploads\/2017\/06\/corona.jpg\" \/>\n\t<meta property=\"og:image:width\" content=\"620\" \/>\n\t<meta property=\"og:image:height\" content=\"310\" \/>\n\t<meta property=\"og:image:type\" content=\"image\/jpeg\" \/>\n<meta name=\"author\" content=\"Patagonia Ambiental\" \/>\n<meta name=\"twitter:card\" content=\"summary_large_image\" \/>\n<meta name=\"twitter:creator\" content=\"@PatAmb\" \/>\n<meta name=\"twitter:site\" content=\"@PatAmb\" \/>\n<script type=\"application\/ld+json\" class=\"yoast-schema-graph\">{\"@context\":\"https:\\\/\\\/schema.org\",\"@graph\":[{\"@type\":\"Article\",\"@id\":\"https:\\\/\\\/patagoniambiental.com.ar\\\/info\\\/la-cervecera-corona-se-compromete-a-proteger-100-islas-de-la-contaminacion-por-plastico\\\/#article\",\"isPartOf\":{\"@id\":\"https:\\\/\\\/patagoniambiental.com.ar\\\/info\\\/la-cervecera-corona-se-compromete-a-proteger-100-islas-de-la-contaminacion-por-plastico\\\/\"},\"author\":{\"name\":\"Patagonia Ambiental\",\"@id\":\"https:\\\/\\\/patagoniambiental.com.ar\\\/info\\\/#\\\/schema\\\/person\\\/db12bff64bbcbf6a253710bf0ea37b5d\"},\"headline\":\"La cervecera Corona se compromete a proteger 100 islas de la contaminaci\u00f3n por pl\u00e1stico\",\"datePublished\":\"2017-06-10T12:00:50+00:00\",\"mainEntityOfPage\":{\"@id\":\"https:\\\/\\\/patagoniambiental.com.ar\\\/info\\\/la-cervecera-corona-se-compromete-a-proteger-100-islas-de-la-contaminacion-por-plastico\\\/\"},\"wordCount\":369,\"commentCount\":0,\"publisher\":{\"@id\":\"https:\\\/\\\/patagoniambiental.com.ar\\\/info\\\/#organization\"},\"image\":{\"@id\":\"https:\\\/\\\/patagoniambiental.com.ar\\\/info\\\/la-cervecera-corona-se-compromete-a-proteger-100-islas-de-la-contaminacion-por-plastico\\\/#primaryimage\"},\"thumbnailUrl\":\"https:\\\/\\\/patagoniambiental.com.ar\\\/info\\\/wp-content\\\/uploads\\\/2017\\\/06\\\/corona.jpg\",\"articleSection\":[\"Internacionales\",\"Noticias\"],\"inLanguage\":\"es\",\"potentialAction\":[{\"@type\":\"CommentAction\",\"name\":\"Comment\",\"target\":[\"https:\\\/\\\/patagoniambiental.com.ar\\\/info\\\/la-cervecera-corona-se-compromete-a-proteger-100-islas-de-la-contaminacion-por-plastico\\\/#respond\"]}]},{\"@type\":\"WebPage\",\"@id\":\"https:\\\/\\\/patagoniambiental.com.ar\\\/info\\\/la-cervecera-corona-se-compromete-a-proteger-100-islas-de-la-contaminacion-por-plastico\\\/\",\"url\":\"https:\\\/\\\/patagoniambiental.com.ar\\\/info\\\/la-cervecera-corona-se-compromete-a-proteger-100-islas-de-la-contaminacion-por-plastico\\\/\",\"name\":\"La cervecera Corona se compromete a proteger 100 islas de la contaminaci\u00f3n por pl\u00e1stico\",\"isPartOf\":{\"@id\":\"https:\\\/\\\/patagoniambiental.com.ar\\\/info\\\/#website\"},\"primaryImageOfPage\":{\"@id\":\"https:\\\/\\\/patagoniambiental.com.ar\\\/info\\\/la-cervecera-corona-se-compromete-a-proteger-100-islas-de-la-contaminacion-por-plastico\\\/#primaryimage\"},\"image\":{\"@id\":\"https:\\\/\\\/patagoniambiental.com.ar\\\/info\\\/la-cervecera-corona-se-compromete-a-proteger-100-islas-de-la-contaminacion-por-plastico\\\/#primaryimage\"},\"thumbnailUrl\":\"https:\\\/\\\/patagoniambiental.com.ar\\\/info\\\/wp-content\\\/uploads\\\/2017\\\/06\\\/corona.jpg\",\"datePublished\":\"2017-06-10T12:00:50+00:00\",\"breadcrumb\":{\"@id\":\"https:\\\/\\\/patagoniambiental.com.ar\\\/info\\\/la-cervecera-corona-se-compromete-a-proteger-100-islas-de-la-contaminacion-por-plastico\\\/#breadcrumb\"},\"inLanguage\":\"es\",\"potentialAction\":[{\"@type\":\"ReadAction\",\"target\":[\"https:\\\/\\\/patagoniambiental.com.ar\\\/info\\\/la-cervecera-corona-se-compromete-a-proteger-100-islas-de-la-contaminacion-por-plastico\\\/\"]}]},{\"@type\":\"ImageObject\",\"inLanguage\":\"es\",\"@id\":\"https:\\\/\\\/patagoniambiental.com.ar\\\/info\\\/la-cervecera-corona-se-compromete-a-proteger-100-islas-de-la-contaminacion-por-plastico\\\/#primaryimage\",\"url\":\"https:\\\/\\\/patagoniambiental.com.ar\\\/info\\\/wp-content\\\/uploads\\\/2017\\\/06\\\/corona.jpg\",\"contentUrl\":\"https:\\\/\\\/patagoniambiental.com.ar\\\/info\\\/wp-content\\\/uploads\\\/2017\\\/06\\\/corona.jpg\",\"width\":620,\"height\":310},{\"@type\":\"BreadcrumbList\",\"@id\":\"https:\\\/\\\/patagoniambiental.com.ar\\\/info\\\/la-cervecera-corona-se-compromete-a-proteger-100-islas-de-la-contaminacion-por-plastico\\\/#breadcrumb\",\"itemListElement\":[{\"@type\":\"ListItem\",\"position\":1,\"name\":\"Inicio\",\"item\":\"https:\\\/\\\/patagoniambiental.com.ar\\\/info\\\/\"},{\"@type\":\"ListItem\",\"position\":2,\"name\":\"La cervecera Corona se compromete a proteger 100 islas de la contaminaci\u00f3n por pl\u00e1stico\"}]},{\"@type\":\"WebSite\",\"@id\":\"https:\\\/\\\/patagoniambiental.com.ar\\\/info\\\/#website\",\"url\":\"https:\\\/\\\/patagoniambiental.com.ar\\\/info\\\/\",\"name\":\"Patagonia Ambiental\",\"description\":\"Monitoreo y an\u00e1lisis de la situaci\u00f3n geopol\u00edtica en el mundo y su implicancia en la Patagonia\",\"publisher\":{\"@id\":\"https:\\\/\\\/patagoniambiental.com.ar\\\/info\\\/#organization\"},\"potentialAction\":[{\"@type\":\"SearchAction\",\"target\":{\"@type\":\"EntryPoint\",\"urlTemplate\":\"https:\\\/\\\/patagoniambiental.com.ar\\\/info\\\/?s={search_term_string}\"},\"query-input\":{\"@type\":\"PropertyValueSpecification\",\"valueRequired\":true,\"valueName\":\"search_term_string\"}}],\"inLanguage\":\"es\"},{\"@type\":\"Organization\",\"@id\":\"https:\\\/\\\/patagoniambiental.com.ar\\\/info\\\/#organization\",\"name\":\"Patagonia Ambiental\",\"url\":\"https:\\\/\\\/patagoniambiental.com.ar\\\/info\\\/\",\"logo\":{\"@type\":\"ImageObject\",\"inLanguage\":\"es\",\"@id\":\"https:\\\/\\\/patagoniambiental.com.ar\\\/info\\\/#\\\/schema\\\/logo\\\/image\\\/\",\"url\":\"https:\\\/\\\/patagoniambiental.com.ar\\\/info\\\/wp-content\\\/uploads\\\/2025\\\/05\\\/LOGO-PATAGONIA-AMBIENTAL.png\",\"contentUrl\":\"https:\\\/\\\/patagoniambiental.com.ar\\\/info\\\/wp-content\\\/uploads\\\/2025\\\/05\\\/LOGO-PATAGONIA-AMBIENTAL.png\",\"width\":433,\"height\":250,\"caption\":\"Patagonia Ambiental\"},\"image\":{\"@id\":\"https:\\\/\\\/patagoniambiental.com.ar\\\/info\\\/#\\\/schema\\\/logo\\\/image\\\/\"},\"sameAs\":[\"https:\\\/\\\/www.facebook.com\\\/patagonia.ambiental\",\"https:\\\/\\\/x.com\\\/PatAmb\"]},{\"@type\":\"Person\",\"@id\":\"https:\\\/\\\/patagoniambiental.com.ar\\\/info\\\/#\\\/schema\\\/person\\\/db12bff64bbcbf6a253710bf0ea37b5d\",\"name\":\"Patagonia Ambiental\",\"description\":\"Andr\u00e9s Nievas T\u00e9cnico en manejo ambiental, consultor Ambiental y escritor para medios locales e internacionales sobre temas de geopolitica y medio ambiente.\",\"sameAs\":[\"http:\\\/\\\/www.patagoniambiental.com.ar\",\"https:\\\/\\\/www.facebook.com\\\/share\\\/1C1V8Gv9BX\\\/?mibextid=qi2Omg\",\"@patagoniambiental\",\"https:\\\/\\\/youtube.com\\\/@patagoniaambiental2023?si=BLt58t0wuXquxlYZ\"]}]}<\/script>\n<!-- \/ Yoast SEO Premium plugin. -->","yoast_head_json":{"title":"La cervecera Corona se compromete a proteger 100 islas de la contaminaci\u00f3n por pl\u00e1stico","robots":{"index":"index","follow":"follow","max-snippet":"max-snippet:-1","max-image-preview":"max-image-preview:large","max-video-preview":"max-video-preview:-1"},"canonical":"https:\/\/patagoniambiental.com.ar\/info\/la-cervecera-corona-se-compromete-a-proteger-100-islas-de-la-contaminacion-por-plastico\/","og_locale":"es_ES","og_type":"article","og_title":"La cervecera Corona se compromete a proteger 100 islas de la contaminaci\u00f3n por pl\u00e1stico","og_description":"ESPA\u00d1A.- La compa\u00f1\u00eda Corona ha presentado en Espa\u00f1a una campa\u00f1a para proteger 100 islas de diferentes partes del mundo a [&hellip;]","og_url":"https:\/\/patagoniambiental.com.ar\/info\/la-cervecera-corona-se-compromete-a-proteger-100-islas-de-la-contaminacion-por-plastico\/","og_site_name":"Patagonia Ambiental","article_publisher":"https:\/\/www.facebook.com\/patagonia.ambiental","article_author":"https:\/\/www.facebook.com\/share\/1C1V8Gv9BX\/?mibextid=qi2Omg","article_published_time":"2017-06-10T12:00:50+00:00","og_image":[{"width":620,"height":310,"url":"https:\/\/patagoniambiental.com.ar\/info\/wp-content\/uploads\/2017\/06\/corona.jpg","type":"image\/jpeg"}],"author":"Patagonia Ambiental","twitter_card":"summary_large_image","twitter_creator":"@PatAmb","twitter_site":"@PatAmb","schema":{"@context":"https:\/\/schema.org","@graph":[{"@type":"Article","@id":"https:\/\/patagoniambiental.com.ar\/info\/la-cervecera-corona-se-compromete-a-proteger-100-islas-de-la-contaminacion-por-plastico\/#article","isPartOf":{"@id":"https:\/\/patagoniambiental.com.ar\/info\/la-cervecera-corona-se-compromete-a-proteger-100-islas-de-la-contaminacion-por-plastico\/"},"author":{"name":"Patagonia Ambiental","@id":"https:\/\/patagoniambiental.com.ar\/info\/#\/schema\/person\/db12bff64bbcbf6a253710bf0ea37b5d"},"headline":"La cervecera Corona se compromete a proteger 100 islas de la contaminaci\u00f3n por pl\u00e1stico","datePublished":"2017-06-10T12:00:50+00:00","mainEntityOfPage":{"@id":"https:\/\/patagoniambiental.com.ar\/info\/la-cervecera-corona-se-compromete-a-proteger-100-islas-de-la-contaminacion-por-plastico\/"},"wordCount":369,"commentCount":0,"publisher":{"@id":"https:\/\/patagoniambiental.com.ar\/info\/#organization"},"image":{"@id":"https:\/\/patagoniambiental.com.ar\/info\/la-cervecera-corona-se-compromete-a-proteger-100-islas-de-la-contaminacion-por-plastico\/#primaryimage"},"thumbnailUrl":"https:\/\/patagoniambiental.com.ar\/info\/wp-content\/uploads\/2017\/06\/corona.jpg","articleSection":["Internacionales","Noticias"],"inLanguage":"es","potentialAction":[{"@type":"CommentAction","name":"Comment","target":["https:\/\/patagoniambiental.com.ar\/info\/la-cervecera-corona-se-compromete-a-proteger-100-islas-de-la-contaminacion-por-plastico\/#respond"]}]},{"@type":"WebPage","@id":"https:\/\/patagoniambiental.com.ar\/info\/la-cervecera-corona-se-compromete-a-proteger-100-islas-de-la-contaminacion-por-plastico\/","url":"https:\/\/patagoniambiental.com.ar\/info\/la-cervecera-corona-se-compromete-a-proteger-100-islas-de-la-contaminacion-por-plastico\/","name":"La cervecera Corona se compromete a proteger 100 islas de la contaminaci\u00f3n por pl\u00e1stico","isPartOf":{"@id":"https:\/\/patagoniambiental.com.ar\/info\/#website"},"primaryImageOfPage":{"@id":"https:\/\/patagoniambiental.com.ar\/info\/la-cervecera-corona-se-compromete-a-proteger-100-islas-de-la-contaminacion-por-plastico\/#primaryimage"},"image":{"@id":"https:\/\/patagoniambiental.com.ar\/info\/la-cervecera-corona-se-compromete-a-proteger-100-islas-de-la-contaminacion-por-plastico\/#primaryimage"},"thumbnailUrl":"https:\/\/patagoniambiental.com.ar\/info\/wp-content\/uploads\/2017\/06\/corona.jpg","datePublished":"2017-06-10T12:00:50+00:00","breadcrumb":{"@id":"https:\/\/patagoniambiental.com.ar\/info\/la-cervecera-corona-se-compromete-a-proteger-100-islas-de-la-contaminacion-por-plastico\/#breadcrumb"},"inLanguage":"es","potentialAction":[{"@type":"ReadAction","target":["https:\/\/patagoniambiental.com.ar\/info\/la-cervecera-corona-se-compromete-a-proteger-100-islas-de-la-contaminacion-por-plastico\/"]}]},{"@type":"ImageObject","inLanguage":"es","@id":"https:\/\/patagoniambiental.com.ar\/info\/la-cervecera-corona-se-compromete-a-proteger-100-islas-de-la-contaminacion-por-plastico\/#primaryimage","url":"https:\/\/patagoniambiental.com.ar\/info\/wp-content\/uploads\/2017\/06\/corona.jpg","contentUrl":"https:\/\/patagoniambiental.com.ar\/info\/wp-content\/uploads\/2017\/06\/corona.jpg","width":620,"height":310},{"@type":"BreadcrumbList","@id":"https:\/\/patagoniambiental.com.ar\/info\/la-cervecera-corona-se-compromete-a-proteger-100-islas-de-la-contaminacion-por-plastico\/#breadcrumb","itemListElement":[{"@type":"ListItem","position":1,"name":"Inicio","item":"https:\/\/patagoniambiental.com.ar\/info\/"},{"@type":"ListItem","position":2,"name":"La cervecera Corona se compromete a proteger 100 islas de la contaminaci\u00f3n por pl\u00e1stico"}]},{"@type":"WebSite","@id":"https:\/\/patagoniambiental.com.ar\/info\/#website","url":"https:\/\/patagoniambiental.com.ar\/info\/","name":"Patagonia Ambiental","description":"Monitoreo y an\u00e1lisis de la situaci\u00f3n geopol\u00edtica en el mundo y su implicancia en la Patagonia","publisher":{"@id":"https:\/\/patagoniambiental.com.ar\/info\/#organization"},"potentialAction":[{"@type":"SearchAction","target":{"@type":"EntryPoint","urlTemplate":"https:\/\/patagoniambiental.com.ar\/info\/?s={search_term_string}"},"query-input":{"@type":"PropertyValueSpecification","valueRequired":true,"valueName":"search_term_string"}}],"inLanguage":"es"},{"@type":"Organization","@id":"https:\/\/patagoniambiental.com.ar\/info\/#organization","name":"Patagonia Ambiental","url":"https:\/\/patagoniambiental.com.ar\/info\/","logo":{"@type":"ImageObject","inLanguage":"es","@id":"https:\/\/patagoniambiental.com.ar\/info\/#\/schema\/logo\/image\/","url":"https:\/\/patagoniambiental.com.ar\/info\/wp-content\/uploads\/2025\/05\/LOGO-PATAGONIA-AMBIENTAL.png","contentUrl":"https:\/\/patagoniambiental.com.ar\/info\/wp-content\/uploads\/2025\/05\/LOGO-PATAGONIA-AMBIENTAL.png","width":433,"height":250,"caption":"Patagonia Ambiental"},"image":{"@id":"https:\/\/patagoniambiental.com.ar\/info\/#\/schema\/logo\/image\/"},"sameAs":["https:\/\/www.facebook.com\/patagonia.ambiental","https:\/\/x.com\/PatAmb"]},{"@type":"Person","@id":"https:\/\/patagoniambiental.com.ar\/info\/#\/schema\/person\/db12bff64bbcbf6a253710bf0ea37b5d","name":"Patagonia Ambiental","description":"Andr\u00e9s Nievas T\u00e9cnico en manejo ambiental, consultor Ambiental y escritor para medios locales e internacionales sobre temas de geopolitica y medio ambiente.","sameAs":["http:\/\/www.patagoniambiental.com.ar","https:\/\/www.facebook.com\/share\/1C1V8Gv9BX\/?mibextid=qi2Omg","@patagoniambiental","https:\/\/youtube.com\/@patagoniaambiental2023?si=BLt58t0wuXquxlYZ"]}]}},"_links":{"self":[{"href":"https:\/\/patagoniambiental.com.ar\/info\/wp-json\/wp\/v2\/posts\/30333","targetHints":{"allow":["GET"]}}],"collection":[{"href":"https:\/\/patagoniambiental.com.ar\/info\/wp-json\/wp\/v2\/posts"}],"about":[{"href":"https:\/\/patagoniambiental.com.ar\/info\/wp-json\/wp\/v2\/types\/post"}],"author":[{"embeddable":true,"href":"https:\/\/patagoniambiental.com.ar\/info\/wp-json\/wp\/v2\/users\/2"}],"replies":[{"embeddable":true,"href":"https:\/\/patagoniambiental.com.ar\/info\/wp-json\/wp\/v2\/comments?post=30333"}],"version-history":[{"count":0,"href":"https:\/\/patagoniambiental.com.ar\/info\/wp-json\/wp\/v2\/posts\/30333\/revisions"}],"wp:featuredmedia":[{"embeddable":true,"href":"https:\/\/patagoniambiental.com.ar\/info\/wp-json\/wp\/v2\/media\/30334"}],"wp:attachment":[{"href":"https:\/\/patagoniambiental.com.ar\/info\/wp-json\/wp\/v2\/media?parent=30333"}],"wp:term":[{"taxonomy":"category","embeddable":true,"href":"https:\/\/patagoniambiental.com.ar\/info\/wp-json\/wp\/v2\/categories?post=30333"},{"taxonomy":"post_tag","embeddable":true,"href":"https:\/\/patagoniambiental.com.ar\/info\/wp-json\/wp\/v2\/tags?post=30333"}],"curies":[{"name":"wp","href":"https:\/\/api.w.org\/{rel}","templated":true}]}}