{"id":30342,"date":"2017-06-12T09:00:52","date_gmt":"2017-06-12T12:00:52","guid":{"rendered":"http:\/\/patagoniambiental.com.ar\/info\/?p=30342"},"modified":"2017-06-11T20:21:03","modified_gmt":"2017-06-11T23:21:03","slug":"parque-nacional-los-glaciares-cuanto-costara-el-ingreso","status":"publish","type":"post","link":"https:\/\/patagoniambiental.com.ar\/info\/parque-nacional-los-glaciares-cuanto-costara-el-ingreso\/","title":{"rendered":"Parque Nacional Los Glaciares: \u00bfcu\u00e1nto costar\u00e1 el ingreso?"},"content":{"rendered":"<p class=\"bajada\">CALAFATE.- El 16 de junio es el \u00faltimo d\u00eda en que Parques Nacionales concesiona el cobro de entradas a ALUCOINFO. Tambi\u00e9n caduca la coparticipaci\u00f3n del 10 % del valor de cada acceso que recibe el Municipio, que negocia con Parques un nuevo convenio. Por ahora no hay acuerdo y siguen las conversaciones.<\/p>\n<p>La Administraci\u00f3n Nacional de Parques (APN) y la Municipalidad de <a href=\"http:\/\/patagonia.net\/turismo\/el-calafate-y-una-provincia-china\/\" target=\"_blank\" rel=\"noopener noreferrer\">El Calafate<\/a> se encuentran en arduas negociaciones frente a la inminente caducidad del convenio del cobro de acceso al Parque Nacional Los Glaciares.<\/p>\n<p>Desde mediados de la d\u00e9cada pasada la concesi\u00f3n est\u00e1 en manos de la Asociaci\u00f3n de Lucha Contra Incendios Forestales (ALUCOINFO), que de cada entrada percib\u00eda un 20 por ciento, dejando a Provincia 3 puntos porcentuales.<\/p>\n<p>En 2013 y despu\u00e9s de tanto insistir el Municipio logra que ese porcentaje sea transferido a su cuenta, para solventar gastos de acciones promocionales del Ente Mixto de El Calafate.<\/p>\n<p>En noviembre de 2015, \u00a0la APN otorg\u00f3 otros 7 puntos al Municipio llevando al 10 por ciento la coparticipaci\u00f3n. Esta suma adicional era para la organizaci\u00f3n del Rally de los Glaciares y de <a href=\"http:\/\/patagonia.net\/santa-cruz\/la-fiesta-del-lago-empezo-con-bombos-y-platillos-en-el-calafate\/\" target=\"_blank\" rel=\"noopener noreferrer\">la Fiesta Nacional del Lago Argentino<\/a>.<\/p>\n<p>Pero la nueva administraci\u00f3n\u00a0nacional no quiere negociar las mismas condiciones. En este caso decidi\u00f3 la caducidad del acuerdo con ALUCOINFO y ahora negocia con el Municipio de El Calafate.<\/p>\n<p>APN propone pagar una suma fija (aun no revelada) al Municipio para que \u00e9ste se haga cargo del cobro de acceso y del resto de los servicios que presta ALUCOINFO. Entre ellos, la limpieza de sanitarios, el traslado de visitantes desde el estacionamiento al mirador superior (y viceversa) el funcionamiento del ascensor frente al glaciar, entre otras cosas.<\/p>\n<div id=\"attachment_6418\" class=\"wp-caption alignnone\">El secretario coordinador del Municipio, Mart\u00edn Freile, es el encargado de llevar las negociaciones con APN. En declaraciones a la prensa\u00a0el funcionario manifest\u00f3 que todav\u00eda no hay acuerdo aunque existe la expectativa de alcanzarlo.<\/div>\n<p>Es que el Municipio pretende mantener un porcentaje del valor de cada entrada, que desde abril pasado tuvo <a href=\"http:\/\/patagonia.net\/santa-cruz\/el-parque-nacional-los-glaciares-es-el-mas-caro-de-argentina\/\" target=\"_blank\" rel=\"noopener noreferrer\">un considerable aumento. <\/a>O en su defecto percibir una suma fija, pero que al menos sea igual a lo que recib\u00eda el a\u00f1o pasado.<\/p>\n<p>\u201cEstamos esperando una respuesta. Estamos tratando de que entiendan nuestra postura. Seguimos hablando y esperemos que en el transcurso de esta semana o la que viene, ya tengamos una respuesta para darle tranquilidad a toda la gente que est\u00e1 trabajando.\u201d, dijo Freile.<\/p>\n<p>Fuente: Ahora Calafate<\/p>\n","protected":false},"excerpt":{"rendered":"<p>CALAFATE.- El 16 de junio es el \u00faltimo d\u00eda en que Parques Nacionales concesiona el cobro de entradas a ALUCOINFO. [&hellip;]<\/p>\n","protected":false},"author":2,"featured_media":30343,"comment_status":"open","ping_status":"open","sticky":false,"template":"","format":"standard","meta":{"site-sidebar-layout":"default","site-content-layout":"","ast-site-content-layout":"default","site-content-style":"default","site-sidebar-style":"default","ast-global-header-display":"","ast-banner-title-visibility":"","ast-main-header-display":"","ast-hfb-above-header-display":"","ast-hfb-below-header-display":"","ast-hfb-mobile-header-display":"","site-post-title":"","ast-breadcrumbs-content":"","ast-featured-img":"","footer-sml-layout":"","ast-disable-related-posts":"","theme-transparent-header-meta":"","adv-header-id-meta":"","stick-header-meta":"","header-above-stick-meta":"","header-main-stick-meta":"","header-below-stick-meta":"","astra-migrate-meta-layouts":"default","ast-page-background-enabled":"default","ast-page-background-meta":{"desktop":{"background-color":"var(--ast-global-color-5)","background-image":"","background-repeat":"repeat","background-position":"center center","background-size":"auto","background-attachment":"scroll","background-type":"","background-media":"","overlay-type":"","overlay-color":"","overlay-opacity":"","overlay-gradient":""},"tablet":{"background-color":"","background-image":"","background-repeat":"repeat","background-position":"center center","background-size":"auto","background-attachment":"scroll","background-type":"","background-media":"","overlay-type":"","overlay-color":"","overlay-opacity":"","overlay-gradient":""},"mobile":{"background-color":"","background-image":"","background-repeat":"repeat","background-position":"center center","background-size":"auto","background-attachment":"scroll","background-type":"","background-media":"","overlay-type":"","overlay-color":"","overlay-opacity":"","overlay-gradient":""}},"ast-content-background-meta":{"desktop":{"background-color":"var(--ast-global-color-4)","background-image":"","background-repeat":"repeat","background-position":"center center","background-size":"auto","background-attachment":"scroll","background-type":"","background-media":"","overlay-type":"","overlay-color":"","overlay-opacity":"","overlay-gradient":""},"tablet":{"background-color":"var(--ast-global-color-4)","background-image":"","background-repeat":"repeat","background-position":"center center","background-size":"auto","background-attachment":"scroll","background-type":"","background-media":"","overlay-type":"","overlay-color":"","overlay-opacity":"","overlay-gradient":""},"mobile":{"background-color":"var(--ast-global-color-4)","background-image":"","background-repeat":"repeat","background-position":"center center","background-size":"auto","background-attachment":"scroll","background-type":"","background-media":"","overlay-type":"","overlay-color":"","overlay-opacity":"","overlay-gradient":""}},"footnotes":""},"categories":[16,1],"tags":[],"class_list":["post-30342","post","type-post","status-publish","format-standard","has-post-thumbnail","hentry","category-municipales","category-noticias"],"yoast_head":"<!-- This site is optimized with the Yoast SEO Premium plugin v23.0 (Yoast SEO v27.4) - https:\/\/yoast.com\/product\/yoast-seo-premium-wordpress\/ -->\n<title>Parque Nacional Los Glaciares: \u00bfcu\u00e1nto costar\u00e1 el ingreso?<\/title>\n<meta name=\"robots\" content=\"index, follow, max-snippet:-1, max-image-preview:large, max-video-preview:-1\" \/>\n<link rel=\"canonical\" href=\"https:\/\/patagoniambiental.com.ar\/info\/parque-nacional-los-glaciares-cuanto-costara-el-ingreso\/\" \/>\n<meta property=\"og:locale\" content=\"es_ES\" \/>\n<meta property=\"og:type\" content=\"article\" \/>\n<meta property=\"og:title\" content=\"Parque Nacional Los Glaciares: \u00bfcu\u00e1nto costar\u00e1 el ingreso?\" \/>\n<meta property=\"og:description\" content=\"CALAFATE.- El 16 de junio es el \u00faltimo d\u00eda en que Parques Nacionales concesiona el cobro de entradas a ALUCOINFO. [&hellip;]\" \/>\n<meta property=\"og:url\" content=\"https:\/\/patagoniambiental.com.ar\/info\/parque-nacional-los-glaciares-cuanto-costara-el-ingreso\/\" \/>\n<meta property=\"og:site_name\" content=\"Patagonia Ambiental\" \/>\n<meta property=\"article:publisher\" content=\"https:\/\/www.facebook.com\/patagonia.ambiental\" \/>\n<meta property=\"article:author\" content=\"https:\/\/www.facebook.com\/share\/1C1V8Gv9BX\/?mibextid=qi2Omg\" \/>\n<meta property=\"article:published_time\" content=\"2017-06-12T12:00:52+00:00\" \/>\n<meta property=\"og:image\" content=\"https:\/\/patagoniambiental.com.ar\/info\/wp-content\/uploads\/2017\/06\/PARQUE-NACIONAL-LOS-GLACIARES.jpg\" \/>\n\t<meta property=\"og:image:width\" content=\"840\" \/>\n\t<meta property=\"og:image:height\" content=\"515\" \/>\n\t<meta property=\"og:image:type\" content=\"image\/jpeg\" \/>\n<meta name=\"author\" content=\"Patagonia Ambiental\" \/>\n<meta name=\"twitter:card\" content=\"summary_large_image\" \/>\n<meta name=\"twitter:creator\" content=\"@PatAmb\" \/>\n<meta name=\"twitter:site\" content=\"@PatAmb\" \/>\n<script type=\"application\/ld+json\" class=\"yoast-schema-graph\">{\"@context\":\"https:\\\/\\\/schema.org\",\"@graph\":[{\"@type\":\"Article\",\"@id\":\"https:\\\/\\\/patagoniambiental.com.ar\\\/info\\\/parque-nacional-los-glaciares-cuanto-costara-el-ingreso\\\/#article\",\"isPartOf\":{\"@id\":\"https:\\\/\\\/patagoniambiental.com.ar\\\/info\\\/parque-nacional-los-glaciares-cuanto-costara-el-ingreso\\\/\"},\"author\":{\"name\":\"Patagonia Ambiental\",\"@id\":\"https:\\\/\\\/patagoniambiental.com.ar\\\/info\\\/#\\\/schema\\\/person\\\/db12bff64bbcbf6a253710bf0ea37b5d\"},\"headline\":\"Parque Nacional Los Glaciares: \u00bfcu\u00e1nto costar\u00e1 el ingreso?\",\"datePublished\":\"2017-06-12T12:00:52+00:00\",\"mainEntityOfPage\":{\"@id\":\"https:\\\/\\\/patagoniambiental.com.ar\\\/info\\\/parque-nacional-los-glaciares-cuanto-costara-el-ingreso\\\/\"},\"wordCount\":416,\"commentCount\":0,\"publisher\":{\"@id\":\"https:\\\/\\\/patagoniambiental.com.ar\\\/info\\\/#organization\"},\"image\":{\"@id\":\"https:\\\/\\\/patagoniambiental.com.ar\\\/info\\\/parque-nacional-los-glaciares-cuanto-costara-el-ingreso\\\/#primaryimage\"},\"thumbnailUrl\":\"https:\\\/\\\/patagoniambiental.com.ar\\\/info\\\/wp-content\\\/uploads\\\/2017\\\/06\\\/PARQUE-NACIONAL-LOS-GLACIARES.jpg\",\"articleSection\":[\"Municipales\",\"Noticias\"],\"inLanguage\":\"es\",\"potentialAction\":[{\"@type\":\"CommentAction\",\"name\":\"Comment\",\"target\":[\"https:\\\/\\\/patagoniambiental.com.ar\\\/info\\\/parque-nacional-los-glaciares-cuanto-costara-el-ingreso\\\/#respond\"]}]},{\"@type\":\"WebPage\",\"@id\":\"https:\\\/\\\/patagoniambiental.com.ar\\\/info\\\/parque-nacional-los-glaciares-cuanto-costara-el-ingreso\\\/\",\"url\":\"https:\\\/\\\/patagoniambiental.com.ar\\\/info\\\/parque-nacional-los-glaciares-cuanto-costara-el-ingreso\\\/\",\"name\":\"Parque Nacional Los Glaciares: \u00bfcu\u00e1nto costar\u00e1 el ingreso?\",\"isPartOf\":{\"@id\":\"https:\\\/\\\/patagoniambiental.com.ar\\\/info\\\/#website\"},\"primaryImageOfPage\":{\"@id\":\"https:\\\/\\\/patagoniambiental.com.ar\\\/info\\\/parque-nacional-los-glaciares-cuanto-costara-el-ingreso\\\/#primaryimage\"},\"image\":{\"@id\":\"https:\\\/\\\/patagoniambiental.com.ar\\\/info\\\/parque-nacional-los-glaciares-cuanto-costara-el-ingreso\\\/#primaryimage\"},\"thumbnailUrl\":\"https:\\\/\\\/patagoniambiental.com.ar\\\/info\\\/wp-content\\\/uploads\\\/2017\\\/06\\\/PARQUE-NACIONAL-LOS-GLACIARES.jpg\",\"datePublished\":\"2017-06-12T12:00:52+00:00\",\"breadcrumb\":{\"@id\":\"https:\\\/\\\/patagoniambiental.com.ar\\\/info\\\/parque-nacional-los-glaciares-cuanto-costara-el-ingreso\\\/#breadcrumb\"},\"inLanguage\":\"es\",\"potentialAction\":[{\"@type\":\"ReadAction\",\"target\":[\"https:\\\/\\\/patagoniambiental.com.ar\\\/info\\\/parque-nacional-los-glaciares-cuanto-costara-el-ingreso\\\/\"]}]},{\"@type\":\"ImageObject\",\"inLanguage\":\"es\",\"@id\":\"https:\\\/\\\/patagoniambiental.com.ar\\\/info\\\/parque-nacional-los-glaciares-cuanto-costara-el-ingreso\\\/#primaryimage\",\"url\":\"https:\\\/\\\/patagoniambiental.com.ar\\\/info\\\/wp-content\\\/uploads\\\/2017\\\/06\\\/PARQUE-NACIONAL-LOS-GLACIARES.jpg\",\"contentUrl\":\"https:\\\/\\\/patagoniambiental.com.ar\\\/info\\\/wp-content\\\/uploads\\\/2017\\\/06\\\/PARQUE-NACIONAL-LOS-GLACIARES.jpg\",\"width\":840,\"height\":515},{\"@type\":\"BreadcrumbList\",\"@id\":\"https:\\\/\\\/patagoniambiental.com.ar\\\/info\\\/parque-nacional-los-glaciares-cuanto-costara-el-ingreso\\\/#breadcrumb\",\"itemListElement\":[{\"@type\":\"ListItem\",\"position\":1,\"name\":\"Inicio\",\"item\":\"https:\\\/\\\/patagoniambiental.com.ar\\\/info\\\/\"},{\"@type\":\"ListItem\",\"position\":2,\"name\":\"Parque Nacional Los Glaciares: \u00bfcu\u00e1nto costar\u00e1 el ingreso?\"}]},{\"@type\":\"WebSite\",\"@id\":\"https:\\\/\\\/patagoniambiental.com.ar\\\/info\\\/#website\",\"url\":\"https:\\\/\\\/patagoniambiental.com.ar\\\/info\\\/\",\"name\":\"Patagonia Ambiental\",\"description\":\"Monitoreo y an\u00e1lisis de la situaci\u00f3n geopol\u00edtica en el mundo y su implicancia en la Patagonia\",\"publisher\":{\"@id\":\"https:\\\/\\\/patagoniambiental.com.ar\\\/info\\\/#organization\"},\"potentialAction\":[{\"@type\":\"SearchAction\",\"target\":{\"@type\":\"EntryPoint\",\"urlTemplate\":\"https:\\\/\\\/patagoniambiental.com.ar\\\/info\\\/?s={search_term_string}\"},\"query-input\":{\"@type\":\"PropertyValueSpecification\",\"valueRequired\":true,\"valueName\":\"search_term_string\"}}],\"inLanguage\":\"es\"},{\"@type\":\"Organization\",\"@id\":\"https:\\\/\\\/patagoniambiental.com.ar\\\/info\\\/#organization\",\"name\":\"Patagonia Ambiental\",\"url\":\"https:\\\/\\\/patagoniambiental.com.ar\\\/info\\\/\",\"logo\":{\"@type\":\"ImageObject\",\"inLanguage\":\"es\",\"@id\":\"https:\\\/\\\/patagoniambiental.com.ar\\\/info\\\/#\\\/schema\\\/logo\\\/image\\\/\",\"url\":\"https:\\\/\\\/patagoniambiental.com.ar\\\/info\\\/wp-content\\\/uploads\\\/2025\\\/05\\\/LOGO-PATAGONIA-AMBIENTAL.png\",\"contentUrl\":\"https:\\\/\\\/patagoniambiental.com.ar\\\/info\\\/wp-content\\\/uploads\\\/2025\\\/05\\\/LOGO-PATAGONIA-AMBIENTAL.png\",\"width\":433,\"height\":250,\"caption\":\"Patagonia Ambiental\"},\"image\":{\"@id\":\"https:\\\/\\\/patagoniambiental.com.ar\\\/info\\\/#\\\/schema\\\/logo\\\/image\\\/\"},\"sameAs\":[\"https:\\\/\\\/www.facebook.com\\\/patagonia.ambiental\",\"https:\\\/\\\/x.com\\\/PatAmb\"]},{\"@type\":\"Person\",\"@id\":\"https:\\\/\\\/patagoniambiental.com.ar\\\/info\\\/#\\\/schema\\\/person\\\/db12bff64bbcbf6a253710bf0ea37b5d\",\"name\":\"Patagonia Ambiental\",\"description\":\"Andr\u00e9s Nievas T\u00e9cnico en manejo ambiental, consultor Ambiental y escritor para medios locales e internacionales sobre temas de geopolitica y medio ambiente.\",\"sameAs\":[\"http:\\\/\\\/www.patagoniambiental.com.ar\",\"https:\\\/\\\/www.facebook.com\\\/share\\\/1C1V8Gv9BX\\\/?mibextid=qi2Omg\",\"@patagoniambiental\",\"https:\\\/\\\/youtube.com\\\/@patagoniaambiental2023?si=BLt58t0wuXquxlYZ\"]}]}<\/script>\n<!-- \/ Yoast SEO Premium plugin. -->","yoast_head_json":{"title":"Parque Nacional Los Glaciares: \u00bfcu\u00e1nto costar\u00e1 el ingreso?","robots":{"index":"index","follow":"follow","max-snippet":"max-snippet:-1","max-image-preview":"max-image-preview:large","max-video-preview":"max-video-preview:-1"},"canonical":"https:\/\/patagoniambiental.com.ar\/info\/parque-nacional-los-glaciares-cuanto-costara-el-ingreso\/","og_locale":"es_ES","og_type":"article","og_title":"Parque Nacional Los Glaciares: \u00bfcu\u00e1nto costar\u00e1 el ingreso?","og_description":"CALAFATE.- El 16 de junio es el \u00faltimo d\u00eda en que Parques Nacionales concesiona el cobro de entradas a ALUCOINFO. [&hellip;]","og_url":"https:\/\/patagoniambiental.com.ar\/info\/parque-nacional-los-glaciares-cuanto-costara-el-ingreso\/","og_site_name":"Patagonia Ambiental","article_publisher":"https:\/\/www.facebook.com\/patagonia.ambiental","article_author":"https:\/\/www.facebook.com\/share\/1C1V8Gv9BX\/?mibextid=qi2Omg","article_published_time":"2017-06-12T12:00:52+00:00","og_image":[{"width":840,"height":515,"url":"https:\/\/patagoniambiental.com.ar\/info\/wp-content\/uploads\/2017\/06\/PARQUE-NACIONAL-LOS-GLACIARES.jpg","type":"image\/jpeg"}],"author":"Patagonia Ambiental","twitter_card":"summary_large_image","twitter_creator":"@PatAmb","twitter_site":"@PatAmb","schema":{"@context":"https:\/\/schema.org","@graph":[{"@type":"Article","@id":"https:\/\/patagoniambiental.com.ar\/info\/parque-nacional-los-glaciares-cuanto-costara-el-ingreso\/#article","isPartOf":{"@id":"https:\/\/patagoniambiental.com.ar\/info\/parque-nacional-los-glaciares-cuanto-costara-el-ingreso\/"},"author":{"name":"Patagonia Ambiental","@id":"https:\/\/patagoniambiental.com.ar\/info\/#\/schema\/person\/db12bff64bbcbf6a253710bf0ea37b5d"},"headline":"Parque Nacional Los Glaciares: \u00bfcu\u00e1nto costar\u00e1 el ingreso?","datePublished":"2017-06-12T12:00:52+00:00","mainEntityOfPage":{"@id":"https:\/\/patagoniambiental.com.ar\/info\/parque-nacional-los-glaciares-cuanto-costara-el-ingreso\/"},"wordCount":416,"commentCount":0,"publisher":{"@id":"https:\/\/patagoniambiental.com.ar\/info\/#organization"},"image":{"@id":"https:\/\/patagoniambiental.com.ar\/info\/parque-nacional-los-glaciares-cuanto-costara-el-ingreso\/#primaryimage"},"thumbnailUrl":"https:\/\/patagoniambiental.com.ar\/info\/wp-content\/uploads\/2017\/06\/PARQUE-NACIONAL-LOS-GLACIARES.jpg","articleSection":["Municipales","Noticias"],"inLanguage":"es","potentialAction":[{"@type":"CommentAction","name":"Comment","target":["https:\/\/patagoniambiental.com.ar\/info\/parque-nacional-los-glaciares-cuanto-costara-el-ingreso\/#respond"]}]},{"@type":"WebPage","@id":"https:\/\/patagoniambiental.com.ar\/info\/parque-nacional-los-glaciares-cuanto-costara-el-ingreso\/","url":"https:\/\/patagoniambiental.com.ar\/info\/parque-nacional-los-glaciares-cuanto-costara-el-ingreso\/","name":"Parque Nacional Los Glaciares: \u00bfcu\u00e1nto costar\u00e1 el ingreso?","isPartOf":{"@id":"https:\/\/patagoniambiental.com.ar\/info\/#website"},"primaryImageOfPage":{"@id":"https:\/\/patagoniambiental.com.ar\/info\/parque-nacional-los-glaciares-cuanto-costara-el-ingreso\/#primaryimage"},"image":{"@id":"https:\/\/patagoniambiental.com.ar\/info\/parque-nacional-los-glaciares-cuanto-costara-el-ingreso\/#primaryimage"},"thumbnailUrl":"https:\/\/patagoniambiental.com.ar\/info\/wp-content\/uploads\/2017\/06\/PARQUE-NACIONAL-LOS-GLACIARES.jpg","datePublished":"2017-06-12T12:00:52+00:00","breadcrumb":{"@id":"https:\/\/patagoniambiental.com.ar\/info\/parque-nacional-los-glaciares-cuanto-costara-el-ingreso\/#breadcrumb"},"inLanguage":"es","potentialAction":[{"@type":"ReadAction","target":["https:\/\/patagoniambiental.com.ar\/info\/parque-nacional-los-glaciares-cuanto-costara-el-ingreso\/"]}]},{"@type":"ImageObject","inLanguage":"es","@id":"https:\/\/patagoniambiental.com.ar\/info\/parque-nacional-los-glaciares-cuanto-costara-el-ingreso\/#primaryimage","url":"https:\/\/patagoniambiental.com.ar\/info\/wp-content\/uploads\/2017\/06\/PARQUE-NACIONAL-LOS-GLACIARES.jpg","contentUrl":"https:\/\/patagoniambiental.com.ar\/info\/wp-content\/uploads\/2017\/06\/PARQUE-NACIONAL-LOS-GLACIARES.jpg","width":840,"height":515},{"@type":"BreadcrumbList","@id":"https:\/\/patagoniambiental.com.ar\/info\/parque-nacional-los-glaciares-cuanto-costara-el-ingreso\/#breadcrumb","itemListElement":[{"@type":"ListItem","position":1,"name":"Inicio","item":"https:\/\/patagoniambiental.com.ar\/info\/"},{"@type":"ListItem","position":2,"name":"Parque Nacional Los Glaciares: \u00bfcu\u00e1nto costar\u00e1 el ingreso?"}]},{"@type":"WebSite","@id":"https:\/\/patagoniambiental.com.ar\/info\/#website","url":"https:\/\/patagoniambiental.com.ar\/info\/","name":"Patagonia Ambiental","description":"Monitoreo y an\u00e1lisis de la situaci\u00f3n geopol\u00edtica en el mundo y su implicancia en la Patagonia","publisher":{"@id":"https:\/\/patagoniambiental.com.ar\/info\/#organization"},"potentialAction":[{"@type":"SearchAction","target":{"@type":"EntryPoint","urlTemplate":"https:\/\/patagoniambiental.com.ar\/info\/?s={search_term_string}"},"query-input":{"@type":"PropertyValueSpecification","valueRequired":true,"valueName":"search_term_string"}}],"inLanguage":"es"},{"@type":"Organization","@id":"https:\/\/patagoniambiental.com.ar\/info\/#organization","name":"Patagonia Ambiental","url":"https:\/\/patagoniambiental.com.ar\/info\/","logo":{"@type":"ImageObject","inLanguage":"es","@id":"https:\/\/patagoniambiental.com.ar\/info\/#\/schema\/logo\/image\/","url":"https:\/\/patagoniambiental.com.ar\/info\/wp-content\/uploads\/2025\/05\/LOGO-PATAGONIA-AMBIENTAL.png","contentUrl":"https:\/\/patagoniambiental.com.ar\/info\/wp-content\/uploads\/2025\/05\/LOGO-PATAGONIA-AMBIENTAL.png","width":433,"height":250,"caption":"Patagonia Ambiental"},"image":{"@id":"https:\/\/patagoniambiental.com.ar\/info\/#\/schema\/logo\/image\/"},"sameAs":["https:\/\/www.facebook.com\/patagonia.ambiental","https:\/\/x.com\/PatAmb"]},{"@type":"Person","@id":"https:\/\/patagoniambiental.com.ar\/info\/#\/schema\/person\/db12bff64bbcbf6a253710bf0ea37b5d","name":"Patagonia Ambiental","description":"Andr\u00e9s Nievas T\u00e9cnico en manejo ambiental, consultor Ambiental y escritor para medios locales e internacionales sobre temas de geopolitica y medio ambiente.","sameAs":["http:\/\/www.patagoniambiental.com.ar","https:\/\/www.facebook.com\/share\/1C1V8Gv9BX\/?mibextid=qi2Omg","@patagoniambiental","https:\/\/youtube.com\/@patagoniaambiental2023?si=BLt58t0wuXquxlYZ"]}]}},"_links":{"self":[{"href":"https:\/\/patagoniambiental.com.ar\/info\/wp-json\/wp\/v2\/posts\/30342","targetHints":{"allow":["GET"]}}],"collection":[{"href":"https:\/\/patagoniambiental.com.ar\/info\/wp-json\/wp\/v2\/posts"}],"about":[{"href":"https:\/\/patagoniambiental.com.ar\/info\/wp-json\/wp\/v2\/types\/post"}],"author":[{"embeddable":true,"href":"https:\/\/patagoniambiental.com.ar\/info\/wp-json\/wp\/v2\/users\/2"}],"replies":[{"embeddable":true,"href":"https:\/\/patagoniambiental.com.ar\/info\/wp-json\/wp\/v2\/comments?post=30342"}],"version-history":[{"count":0,"href":"https:\/\/patagoniambiental.com.ar\/info\/wp-json\/wp\/v2\/posts\/30342\/revisions"}],"wp:featuredmedia":[{"embeddable":true,"href":"https:\/\/patagoniambiental.com.ar\/info\/wp-json\/wp\/v2\/media\/30343"}],"wp:attachment":[{"href":"https:\/\/patagoniambiental.com.ar\/info\/wp-json\/wp\/v2\/media?parent=30342"}],"wp:term":[{"taxonomy":"category","embeddable":true,"href":"https:\/\/patagoniambiental.com.ar\/info\/wp-json\/wp\/v2\/categories?post=30342"},{"taxonomy":"post_tag","embeddable":true,"href":"https:\/\/patagoniambiental.com.ar\/info\/wp-json\/wp\/v2\/tags?post=30342"}],"curies":[{"name":"wp","href":"https:\/\/api.w.org\/{rel}","templated":true}]}}