{"id":30379,"date":"2017-06-12T19:00:06","date_gmt":"2017-06-12T22:00:06","guid":{"rendered":"http:\/\/patagoniambiental.com.ar\/info\/?p=30379"},"modified":"2017-06-12T12:36:24","modified_gmt":"2017-06-12T15:36:24","slug":"se-constuira-en-bariloche-una-planta-para-descargas-atmosfericas","status":"publish","type":"post","link":"https:\/\/patagoniambiental.com.ar\/info\/se-constuira-en-bariloche-una-planta-para-descargas-atmosfericas\/","title":{"rendered":"Se constuir\u00e1 en Bariloche una planta para descargas atmosf\u00e9ricas"},"content":{"rendered":"<h1 class=\"entry-title post-title\"><\/h1>\n<p>San Carlos de Bariloche.-Se abri\u00f3 la licitaci\u00f3n nacional de una de las obras complementarias previstas para la Planta Depuradora de Bariloche.<!--more--><\/p>\n<p>La Planta de tratamiento de Atmosf\u00e9ricos prev\u00e9 alivianar las tareas de la planta actual, hasta que est\u00e9 finalizado el Segundo M\u00f3dulo del sistema de Tratamiento de efluentes cloacales.<\/p>\n<div class=\"entry clearfix\">\n<p>La obra a licitar, cuyos sobres se abrir\u00e1n el 3 de julio, comprende la ejecuci\u00f3n de una planta nueva para el tratamiento de efluentes transportados por camiones atmosf\u00e9ricos. La informaci\u00f3n brindada por el Ente Nacional de Obras H\u00eddricas, que es el organismo licitante, fija un plazo de Ejecuci\u00f3n de seis meses una vez iniciada la obra y requerir\u00e1 una inversi\u00f3n de m\u00e1s de 8 millones de pesos.<\/p>\n<p>El Consejo de Administraci\u00f3n de CEB calific\u00f3 esta obra como una \u201cbuena manifestaci\u00f3n del Gobierno Nacional que ha contemplado las necesidades para el servicio de saneamiento concesionado a la CEB\u201d.<br \/>\nCaracter\u00edsticas t\u00e9cnicas de la Planta de tratamiento de camiones Atmosf\u00e9ricos<\/p>\n<p>El proyecto contempla la construcci\u00f3n de una planta para camiones atmosf\u00e9ricos que podr\u00e1 procesar, como m\u00ednimo 50 metros c\u00fabicos por hora, con caracter\u00edsticas espec\u00edficas para este tipo de efluentes satisfaciendo as\u00ed la demanda.<br \/>\nEn base a datos relevados de los camiones atmosf\u00e9ricos que descargan en la Planta Depuradora, se registr\u00f3 un promedio de 433 descargas al mes, y se determin\u00f3 que m\u00e1s del 90 % de los efluentes son semis\u00f3lidos (barros).<\/p>\n<p>En la actualidad este nivel de s\u00f3lidos afecta el funcionamiento de la estaci\u00f3n elevadora, la remoci\u00f3n de s\u00f3lidos sedimentables y el proceso de tratamiento de los desag\u00fces cloacales, por lo que esos problemas t\u00e9cnicos ser\u00e1n solucionados.<\/p>\n<p><img fetchpriority=\"high\" decoding=\"async\" class=\"attachment-post-thumbnail size-post-thumbnail wp-post-image\" src=\"https:\/\/www.adnrionegro.com.ar\/wp-content\/uploads\/2017\/06\/Planta-de-Tratamiento-Bariloche.jpg\" sizes=\"(max-width: 841px) 100vw, 841px\" srcset=\"https:\/\/i0.wp.com\/www.adnrionegro.com.ar\/wp-content\/uploads\/2017\/06\/Planta-de-Tratamiento-Bariloche.jpg?w=841&amp;ssl=1 841w, https:\/\/i0.wp.com\/www.adnrionegro.com.ar\/wp-content\/uploads\/2017\/06\/Planta-de-Tratamiento-Bariloche.jpg?resize=300%2C225&amp;ssl=1 300w, https:\/\/i0.wp.com\/www.adnrionegro.com.ar\/wp-content\/uploads\/2017\/06\/Planta-de-Tratamiento-Bariloche.jpg?resize=768%2C576&amp;ssl=1 768w\" alt=\"\" width=\"841\" height=\"631\" \/><\/p>\n<p>La descarga de atmosf\u00e9ricos se ubicar\u00e1 dentro de la actual Planta, a desnivel y el vuelco en este sitio se realizar\u00e1 por gravedad.<\/p>\n<p>Obras Complementarias<br \/>\nLos otros cuatro anteproyectos que integran el Plan de Obras Complementarias, previstos para optimizar el correcto funcionamiento de la Planta Depuradora, consisten la conducci\u00f3n del Colector y el tratamiento primario; la construcci\u00f3n del colector Oeste Tramo Melipal \u2013 Colector Costanero; un reactor Biol\u00f3gico; el manejo de Lodos; y una planta para el manejo de Aceites Vegetales Usados, Biodiesel.<\/p>\n<p>El Plan Integral de Obras Complementarias mejorar\u00e1 el transporte y el tratamiento actual de los desag\u00fces cloacales para anticipar la ejecuci\u00f3n de las obras ya licitadas del Nuevo Colector Costero y el Segundo M\u00f3dulo de la Planta actual. Aun no se conoce qu\u00e9 empresa ser\u00e1 la adjudicataria de estas obras ni la fecha de inicio, informaci\u00f3n que oportunamente brindar\u00e1 el ENHOSA, organismo a cargo de esta licitaci\u00f3n.<\/p>\n<p>Con estas obras est\u00e1 previsto obtener resultados inmediatos que reposicionar\u00e1n al servicio de saneamiento local alcanzando una cobertura de la poblaci\u00f3n residencial del setenta por ciento, un alcance prestacional del cincuenta por ciento, incluyendo poblaci\u00f3n flotante, y el desarrollo de un sistema de tratamiento de aceites y grasas con alcance al ciento por ciento de la demanda.<\/p>\n<p>La infraestructura complementaria llevar\u00e1 la tendencia de impacto medioambiental a un valor similar a cero en condiciones normales de operatividad, permitiendo la incorporaci\u00f3n de las grandes obras de Nuevo Colector Costero y el Segundo M\u00f3dulo de la Planta Depuradora de una manera m\u00e1s eficiente.<\/p>\n<p>Fuente: ADN<\/p>\n<\/div>\n","protected":false},"excerpt":{"rendered":"<p>San Carlos de Bariloche.-Se abri\u00f3 la licitaci\u00f3n nacional de una de las obras complementarias previstas para la Planta Depuradora de [&hellip;]<\/p>\n","protected":false},"author":2,"featured_media":30383,"comment_status":"open","ping_status":"open","sticky":false,"template":"","format":"standard","meta":{"site-sidebar-layout":"default","site-content-layout":"","ast-site-content-layout":"default","site-content-style":"default","site-sidebar-style":"default","ast-global-header-display":"","ast-banner-title-visibility":"","ast-main-header-display":"","ast-hfb-above-header-display":"","ast-hfb-below-header-display":"","ast-hfb-mobile-header-display":"","site-post-title":"","ast-breadcrumbs-content":"","ast-featured-img":"","footer-sml-layout":"","ast-disable-related-posts":"","theme-transparent-header-meta":"","adv-header-id-meta":"","stick-header-meta":"","header-above-stick-meta":"","header-main-stick-meta":"","header-below-stick-meta":"","astra-migrate-meta-layouts":"default","ast-page-background-enabled":"default","ast-page-background-meta":{"desktop":{"background-color":"var(--ast-global-color-5)","background-image":"","background-repeat":"repeat","background-position":"center center","background-size":"auto","background-attachment":"scroll","background-type":"","background-media":"","overlay-type":"","overlay-color":"","overlay-opacity":"","overlay-gradient":""},"tablet":{"background-color":"","background-image":"","background-repeat":"repeat","background-position":"center center","background-size":"auto","background-attachment":"scroll","background-type":"","background-media":"","overlay-type":"","overlay-color":"","overlay-opacity":"","overlay-gradient":""},"mobile":{"background-color":"","background-image":"","background-repeat":"repeat","background-position":"center center","background-size":"auto","background-attachment":"scroll","background-type":"","background-media":"","overlay-type":"","overlay-color":"","overlay-opacity":"","overlay-gradient":""}},"ast-content-background-meta":{"desktop":{"background-color":"var(--ast-global-color-4)","background-image":"","background-repeat":"repeat","background-position":"center center","background-size":"auto","background-attachment":"scroll","background-type":"","background-media":"","overlay-type":"","overlay-color":"","overlay-opacity":"","overlay-gradient":""},"tablet":{"background-color":"var(--ast-global-color-4)","background-image":"","background-repeat":"repeat","background-position":"center center","background-size":"auto","background-attachment":"scroll","background-type":"","background-media":"","overlay-type":"","overlay-color":"","overlay-opacity":"","overlay-gradient":""},"mobile":{"background-color":"var(--ast-global-color-4)","background-image":"","background-repeat":"repeat","background-position":"center center","background-size":"auto","background-attachment":"scroll","background-type":"","background-media":"","overlay-type":"","overlay-color":"","overlay-opacity":"","overlay-gradient":""}},"footnotes":""},"categories":[16,1],"tags":[],"class_list":["post-30379","post","type-post","status-publish","format-standard","has-post-thumbnail","hentry","category-municipales","category-noticias"],"yoast_head":"<!-- This site is optimized with the Yoast SEO Premium plugin v23.0 (Yoast SEO v27.4) - https:\/\/yoast.com\/product\/yoast-seo-premium-wordpress\/ -->\n<title>Se constuir\u00e1 en Bariloche una planta para descargas atmosf\u00e9ricas<\/title>\n<meta name=\"robots\" content=\"index, follow, max-snippet:-1, max-image-preview:large, max-video-preview:-1\" \/>\n<link rel=\"canonical\" href=\"https:\/\/patagoniambiental.com.ar\/info\/se-constuira-en-bariloche-una-planta-para-descargas-atmosfericas\/\" \/>\n<meta property=\"og:locale\" content=\"es_ES\" \/>\n<meta property=\"og:type\" content=\"article\" \/>\n<meta property=\"og:title\" content=\"Se constuir\u00e1 en Bariloche una planta para descargas atmosf\u00e9ricas\" \/>\n<meta property=\"og:description\" content=\"San Carlos de Bariloche.-Se abri\u00f3 la licitaci\u00f3n nacional de una de las obras complementarias previstas para la Planta Depuradora de [&hellip;]\" \/>\n<meta property=\"og:url\" content=\"https:\/\/patagoniambiental.com.ar\/info\/se-constuira-en-bariloche-una-planta-para-descargas-atmosfericas\/\" \/>\n<meta property=\"og:site_name\" content=\"Patagonia Ambiental\" \/>\n<meta property=\"article:publisher\" content=\"https:\/\/www.facebook.com\/patagonia.ambiental\" \/>\n<meta property=\"article:author\" content=\"https:\/\/www.facebook.com\/share\/1C1V8Gv9BX\/?mibextid=qi2Omg\" \/>\n<meta property=\"article:published_time\" content=\"2017-06-12T22:00:06+00:00\" \/>\n<meta property=\"og:image\" content=\"https:\/\/patagoniambiental.com.ar\/info\/wp-content\/uploads\/2017\/06\/Planta-de-Tratamiento-Bariloche-1.jpg\" \/>\n\t<meta property=\"og:image:width\" content=\"757\" \/>\n\t<meta property=\"og:image:height\" content=\"453\" \/>\n\t<meta property=\"og:image:type\" content=\"image\/jpeg\" \/>\n<meta name=\"author\" content=\"Patagonia Ambiental\" \/>\n<meta name=\"twitter:card\" content=\"summary_large_image\" \/>\n<meta name=\"twitter:creator\" content=\"@PatAmb\" \/>\n<meta name=\"twitter:site\" content=\"@PatAmb\" \/>\n<script type=\"application\/ld+json\" class=\"yoast-schema-graph\">{\"@context\":\"https:\\\/\\\/schema.org\",\"@graph\":[{\"@type\":\"Article\",\"@id\":\"https:\\\/\\\/patagoniambiental.com.ar\\\/info\\\/se-constuira-en-bariloche-una-planta-para-descargas-atmosfericas\\\/#article\",\"isPartOf\":{\"@id\":\"https:\\\/\\\/patagoniambiental.com.ar\\\/info\\\/se-constuira-en-bariloche-una-planta-para-descargas-atmosfericas\\\/\"},\"author\":{\"name\":\"Patagonia Ambiental\",\"@id\":\"https:\\\/\\\/patagoniambiental.com.ar\\\/info\\\/#\\\/schema\\\/person\\\/db12bff64bbcbf6a253710bf0ea37b5d\"},\"headline\":\"Se constuir\u00e1 en Bariloche una planta para descargas atmosf\u00e9ricas\",\"datePublished\":\"2017-06-12T22:00:06+00:00\",\"mainEntityOfPage\":{\"@id\":\"https:\\\/\\\/patagoniambiental.com.ar\\\/info\\\/se-constuira-en-bariloche-una-planta-para-descargas-atmosfericas\\\/\"},\"wordCount\":567,\"commentCount\":0,\"publisher\":{\"@id\":\"https:\\\/\\\/patagoniambiental.com.ar\\\/info\\\/#organization\"},\"image\":{\"@id\":\"https:\\\/\\\/patagoniambiental.com.ar\\\/info\\\/se-constuira-en-bariloche-una-planta-para-descargas-atmosfericas\\\/#primaryimage\"},\"thumbnailUrl\":\"https:\\\/\\\/patagoniambiental.com.ar\\\/info\\\/wp-content\\\/uploads\\\/2017\\\/06\\\/Planta-de-Tratamiento-Bariloche-1.jpg\",\"articleSection\":[\"Municipales\",\"Noticias\"],\"inLanguage\":\"es\",\"potentialAction\":[{\"@type\":\"CommentAction\",\"name\":\"Comment\",\"target\":[\"https:\\\/\\\/patagoniambiental.com.ar\\\/info\\\/se-constuira-en-bariloche-una-planta-para-descargas-atmosfericas\\\/#respond\"]}]},{\"@type\":\"WebPage\",\"@id\":\"https:\\\/\\\/patagoniambiental.com.ar\\\/info\\\/se-constuira-en-bariloche-una-planta-para-descargas-atmosfericas\\\/\",\"url\":\"https:\\\/\\\/patagoniambiental.com.ar\\\/info\\\/se-constuira-en-bariloche-una-planta-para-descargas-atmosfericas\\\/\",\"name\":\"Se constuir\u00e1 en Bariloche una planta para descargas atmosf\u00e9ricas\",\"isPartOf\":{\"@id\":\"https:\\\/\\\/patagoniambiental.com.ar\\\/info\\\/#website\"},\"primaryImageOfPage\":{\"@id\":\"https:\\\/\\\/patagoniambiental.com.ar\\\/info\\\/se-constuira-en-bariloche-una-planta-para-descargas-atmosfericas\\\/#primaryimage\"},\"image\":{\"@id\":\"https:\\\/\\\/patagoniambiental.com.ar\\\/info\\\/se-constuira-en-bariloche-una-planta-para-descargas-atmosfericas\\\/#primaryimage\"},\"thumbnailUrl\":\"https:\\\/\\\/patagoniambiental.com.ar\\\/info\\\/wp-content\\\/uploads\\\/2017\\\/06\\\/Planta-de-Tratamiento-Bariloche-1.jpg\",\"datePublished\":\"2017-06-12T22:00:06+00:00\",\"breadcrumb\":{\"@id\":\"https:\\\/\\\/patagoniambiental.com.ar\\\/info\\\/se-constuira-en-bariloche-una-planta-para-descargas-atmosfericas\\\/#breadcrumb\"},\"inLanguage\":\"es\",\"potentialAction\":[{\"@type\":\"ReadAction\",\"target\":[\"https:\\\/\\\/patagoniambiental.com.ar\\\/info\\\/se-constuira-en-bariloche-una-planta-para-descargas-atmosfericas\\\/\"]}]},{\"@type\":\"ImageObject\",\"inLanguage\":\"es\",\"@id\":\"https:\\\/\\\/patagoniambiental.com.ar\\\/info\\\/se-constuira-en-bariloche-una-planta-para-descargas-atmosfericas\\\/#primaryimage\",\"url\":\"https:\\\/\\\/patagoniambiental.com.ar\\\/info\\\/wp-content\\\/uploads\\\/2017\\\/06\\\/Planta-de-Tratamiento-Bariloche-1.jpg\",\"contentUrl\":\"https:\\\/\\\/patagoniambiental.com.ar\\\/info\\\/wp-content\\\/uploads\\\/2017\\\/06\\\/Planta-de-Tratamiento-Bariloche-1.jpg\",\"width\":757,\"height\":453},{\"@type\":\"BreadcrumbList\",\"@id\":\"https:\\\/\\\/patagoniambiental.com.ar\\\/info\\\/se-constuira-en-bariloche-una-planta-para-descargas-atmosfericas\\\/#breadcrumb\",\"itemListElement\":[{\"@type\":\"ListItem\",\"position\":1,\"name\":\"Inicio\",\"item\":\"https:\\\/\\\/patagoniambiental.com.ar\\\/info\\\/\"},{\"@type\":\"ListItem\",\"position\":2,\"name\":\"Se constuir\u00e1 en Bariloche una planta para descargas atmosf\u00e9ricas\"}]},{\"@type\":\"WebSite\",\"@id\":\"https:\\\/\\\/patagoniambiental.com.ar\\\/info\\\/#website\",\"url\":\"https:\\\/\\\/patagoniambiental.com.ar\\\/info\\\/\",\"name\":\"Patagonia Ambiental\",\"description\":\"Monitoreo y an\u00e1lisis de la situaci\u00f3n geopol\u00edtica en el mundo y su implicancia en la Patagonia\",\"publisher\":{\"@id\":\"https:\\\/\\\/patagoniambiental.com.ar\\\/info\\\/#organization\"},\"potentialAction\":[{\"@type\":\"SearchAction\",\"target\":{\"@type\":\"EntryPoint\",\"urlTemplate\":\"https:\\\/\\\/patagoniambiental.com.ar\\\/info\\\/?s={search_term_string}\"},\"query-input\":{\"@type\":\"PropertyValueSpecification\",\"valueRequired\":true,\"valueName\":\"search_term_string\"}}],\"inLanguage\":\"es\"},{\"@type\":\"Organization\",\"@id\":\"https:\\\/\\\/patagoniambiental.com.ar\\\/info\\\/#organization\",\"name\":\"Patagonia Ambiental\",\"url\":\"https:\\\/\\\/patagoniambiental.com.ar\\\/info\\\/\",\"logo\":{\"@type\":\"ImageObject\",\"inLanguage\":\"es\",\"@id\":\"https:\\\/\\\/patagoniambiental.com.ar\\\/info\\\/#\\\/schema\\\/logo\\\/image\\\/\",\"url\":\"https:\\\/\\\/patagoniambiental.com.ar\\\/info\\\/wp-content\\\/uploads\\\/2025\\\/05\\\/LOGO-PATAGONIA-AMBIENTAL.png\",\"contentUrl\":\"https:\\\/\\\/patagoniambiental.com.ar\\\/info\\\/wp-content\\\/uploads\\\/2025\\\/05\\\/LOGO-PATAGONIA-AMBIENTAL.png\",\"width\":433,\"height\":250,\"caption\":\"Patagonia Ambiental\"},\"image\":{\"@id\":\"https:\\\/\\\/patagoniambiental.com.ar\\\/info\\\/#\\\/schema\\\/logo\\\/image\\\/\"},\"sameAs\":[\"https:\\\/\\\/www.facebook.com\\\/patagonia.ambiental\",\"https:\\\/\\\/x.com\\\/PatAmb\"]},{\"@type\":\"Person\",\"@id\":\"https:\\\/\\\/patagoniambiental.com.ar\\\/info\\\/#\\\/schema\\\/person\\\/db12bff64bbcbf6a253710bf0ea37b5d\",\"name\":\"Patagonia Ambiental\",\"description\":\"Andr\u00e9s Nievas T\u00e9cnico en manejo ambiental, consultor Ambiental y escritor para medios locales e internacionales sobre temas de geopolitica y medio ambiente.\",\"sameAs\":[\"http:\\\/\\\/www.patagoniambiental.com.ar\",\"https:\\\/\\\/www.facebook.com\\\/share\\\/1C1V8Gv9BX\\\/?mibextid=qi2Omg\",\"@patagoniambiental\",\"https:\\\/\\\/youtube.com\\\/@patagoniaambiental2023?si=BLt58t0wuXquxlYZ\"]}]}<\/script>\n<!-- \/ Yoast SEO Premium plugin. -->","yoast_head_json":{"title":"Se constuir\u00e1 en Bariloche una planta para descargas atmosf\u00e9ricas","robots":{"index":"index","follow":"follow","max-snippet":"max-snippet:-1","max-image-preview":"max-image-preview:large","max-video-preview":"max-video-preview:-1"},"canonical":"https:\/\/patagoniambiental.com.ar\/info\/se-constuira-en-bariloche-una-planta-para-descargas-atmosfericas\/","og_locale":"es_ES","og_type":"article","og_title":"Se constuir\u00e1 en Bariloche una planta para descargas atmosf\u00e9ricas","og_description":"San Carlos de Bariloche.-Se abri\u00f3 la licitaci\u00f3n nacional de una de las obras complementarias previstas para la Planta Depuradora de [&hellip;]","og_url":"https:\/\/patagoniambiental.com.ar\/info\/se-constuira-en-bariloche-una-planta-para-descargas-atmosfericas\/","og_site_name":"Patagonia Ambiental","article_publisher":"https:\/\/www.facebook.com\/patagonia.ambiental","article_author":"https:\/\/www.facebook.com\/share\/1C1V8Gv9BX\/?mibextid=qi2Omg","article_published_time":"2017-06-12T22:00:06+00:00","og_image":[{"width":757,"height":453,"url":"https:\/\/patagoniambiental.com.ar\/info\/wp-content\/uploads\/2017\/06\/Planta-de-Tratamiento-Bariloche-1.jpg","type":"image\/jpeg"}],"author":"Patagonia Ambiental","twitter_card":"summary_large_image","twitter_creator":"@PatAmb","twitter_site":"@PatAmb","schema":{"@context":"https:\/\/schema.org","@graph":[{"@type":"Article","@id":"https:\/\/patagoniambiental.com.ar\/info\/se-constuira-en-bariloche-una-planta-para-descargas-atmosfericas\/#article","isPartOf":{"@id":"https:\/\/patagoniambiental.com.ar\/info\/se-constuira-en-bariloche-una-planta-para-descargas-atmosfericas\/"},"author":{"name":"Patagonia Ambiental","@id":"https:\/\/patagoniambiental.com.ar\/info\/#\/schema\/person\/db12bff64bbcbf6a253710bf0ea37b5d"},"headline":"Se constuir\u00e1 en Bariloche una planta para descargas atmosf\u00e9ricas","datePublished":"2017-06-12T22:00:06+00:00","mainEntityOfPage":{"@id":"https:\/\/patagoniambiental.com.ar\/info\/se-constuira-en-bariloche-una-planta-para-descargas-atmosfericas\/"},"wordCount":567,"commentCount":0,"publisher":{"@id":"https:\/\/patagoniambiental.com.ar\/info\/#organization"},"image":{"@id":"https:\/\/patagoniambiental.com.ar\/info\/se-constuira-en-bariloche-una-planta-para-descargas-atmosfericas\/#primaryimage"},"thumbnailUrl":"https:\/\/patagoniambiental.com.ar\/info\/wp-content\/uploads\/2017\/06\/Planta-de-Tratamiento-Bariloche-1.jpg","articleSection":["Municipales","Noticias"],"inLanguage":"es","potentialAction":[{"@type":"CommentAction","name":"Comment","target":["https:\/\/patagoniambiental.com.ar\/info\/se-constuira-en-bariloche-una-planta-para-descargas-atmosfericas\/#respond"]}]},{"@type":"WebPage","@id":"https:\/\/patagoniambiental.com.ar\/info\/se-constuira-en-bariloche-una-planta-para-descargas-atmosfericas\/","url":"https:\/\/patagoniambiental.com.ar\/info\/se-constuira-en-bariloche-una-planta-para-descargas-atmosfericas\/","name":"Se constuir\u00e1 en Bariloche una planta para descargas atmosf\u00e9ricas","isPartOf":{"@id":"https:\/\/patagoniambiental.com.ar\/info\/#website"},"primaryImageOfPage":{"@id":"https:\/\/patagoniambiental.com.ar\/info\/se-constuira-en-bariloche-una-planta-para-descargas-atmosfericas\/#primaryimage"},"image":{"@id":"https:\/\/patagoniambiental.com.ar\/info\/se-constuira-en-bariloche-una-planta-para-descargas-atmosfericas\/#primaryimage"},"thumbnailUrl":"https:\/\/patagoniambiental.com.ar\/info\/wp-content\/uploads\/2017\/06\/Planta-de-Tratamiento-Bariloche-1.jpg","datePublished":"2017-06-12T22:00:06+00:00","breadcrumb":{"@id":"https:\/\/patagoniambiental.com.ar\/info\/se-constuira-en-bariloche-una-planta-para-descargas-atmosfericas\/#breadcrumb"},"inLanguage":"es","potentialAction":[{"@type":"ReadAction","target":["https:\/\/patagoniambiental.com.ar\/info\/se-constuira-en-bariloche-una-planta-para-descargas-atmosfericas\/"]}]},{"@type":"ImageObject","inLanguage":"es","@id":"https:\/\/patagoniambiental.com.ar\/info\/se-constuira-en-bariloche-una-planta-para-descargas-atmosfericas\/#primaryimage","url":"https:\/\/patagoniambiental.com.ar\/info\/wp-content\/uploads\/2017\/06\/Planta-de-Tratamiento-Bariloche-1.jpg","contentUrl":"https:\/\/patagoniambiental.com.ar\/info\/wp-content\/uploads\/2017\/06\/Planta-de-Tratamiento-Bariloche-1.jpg","width":757,"height":453},{"@type":"BreadcrumbList","@id":"https:\/\/patagoniambiental.com.ar\/info\/se-constuira-en-bariloche-una-planta-para-descargas-atmosfericas\/#breadcrumb","itemListElement":[{"@type":"ListItem","position":1,"name":"Inicio","item":"https:\/\/patagoniambiental.com.ar\/info\/"},{"@type":"ListItem","position":2,"name":"Se constuir\u00e1 en Bariloche una planta para descargas atmosf\u00e9ricas"}]},{"@type":"WebSite","@id":"https:\/\/patagoniambiental.com.ar\/info\/#website","url":"https:\/\/patagoniambiental.com.ar\/info\/","name":"Patagonia Ambiental","description":"Monitoreo y an\u00e1lisis de la situaci\u00f3n geopol\u00edtica en el mundo y su implicancia en la Patagonia","publisher":{"@id":"https:\/\/patagoniambiental.com.ar\/info\/#organization"},"potentialAction":[{"@type":"SearchAction","target":{"@type":"EntryPoint","urlTemplate":"https:\/\/patagoniambiental.com.ar\/info\/?s={search_term_string}"},"query-input":{"@type":"PropertyValueSpecification","valueRequired":true,"valueName":"search_term_string"}}],"inLanguage":"es"},{"@type":"Organization","@id":"https:\/\/patagoniambiental.com.ar\/info\/#organization","name":"Patagonia Ambiental","url":"https:\/\/patagoniambiental.com.ar\/info\/","logo":{"@type":"ImageObject","inLanguage":"es","@id":"https:\/\/patagoniambiental.com.ar\/info\/#\/schema\/logo\/image\/","url":"https:\/\/patagoniambiental.com.ar\/info\/wp-content\/uploads\/2025\/05\/LOGO-PATAGONIA-AMBIENTAL.png","contentUrl":"https:\/\/patagoniambiental.com.ar\/info\/wp-content\/uploads\/2025\/05\/LOGO-PATAGONIA-AMBIENTAL.png","width":433,"height":250,"caption":"Patagonia Ambiental"},"image":{"@id":"https:\/\/patagoniambiental.com.ar\/info\/#\/schema\/logo\/image\/"},"sameAs":["https:\/\/www.facebook.com\/patagonia.ambiental","https:\/\/x.com\/PatAmb"]},{"@type":"Person","@id":"https:\/\/patagoniambiental.com.ar\/info\/#\/schema\/person\/db12bff64bbcbf6a253710bf0ea37b5d","name":"Patagonia Ambiental","description":"Andr\u00e9s Nievas T\u00e9cnico en manejo ambiental, consultor Ambiental y escritor para medios locales e internacionales sobre temas de geopolitica y medio ambiente.","sameAs":["http:\/\/www.patagoniambiental.com.ar","https:\/\/www.facebook.com\/share\/1C1V8Gv9BX\/?mibextid=qi2Omg","@patagoniambiental","https:\/\/youtube.com\/@patagoniaambiental2023?si=BLt58t0wuXquxlYZ"]}]}},"_links":{"self":[{"href":"https:\/\/patagoniambiental.com.ar\/info\/wp-json\/wp\/v2\/posts\/30379","targetHints":{"allow":["GET"]}}],"collection":[{"href":"https:\/\/patagoniambiental.com.ar\/info\/wp-json\/wp\/v2\/posts"}],"about":[{"href":"https:\/\/patagoniambiental.com.ar\/info\/wp-json\/wp\/v2\/types\/post"}],"author":[{"embeddable":true,"href":"https:\/\/patagoniambiental.com.ar\/info\/wp-json\/wp\/v2\/users\/2"}],"replies":[{"embeddable":true,"href":"https:\/\/patagoniambiental.com.ar\/info\/wp-json\/wp\/v2\/comments?post=30379"}],"version-history":[{"count":0,"href":"https:\/\/patagoniambiental.com.ar\/info\/wp-json\/wp\/v2\/posts\/30379\/revisions"}],"wp:featuredmedia":[{"embeddable":true,"href":"https:\/\/patagoniambiental.com.ar\/info\/wp-json\/wp\/v2\/media\/30383"}],"wp:attachment":[{"href":"https:\/\/patagoniambiental.com.ar\/info\/wp-json\/wp\/v2\/media?parent=30379"}],"wp:term":[{"taxonomy":"category","embeddable":true,"href":"https:\/\/patagoniambiental.com.ar\/info\/wp-json\/wp\/v2\/categories?post=30379"},{"taxonomy":"post_tag","embeddable":true,"href":"https:\/\/patagoniambiental.com.ar\/info\/wp-json\/wp\/v2\/tags?post=30379"}],"curies":[{"name":"wp","href":"https:\/\/api.w.org\/{rel}","templated":true}]}}