{"id":30406,"date":"2017-06-12T19:00:17","date_gmt":"2017-06-12T22:00:17","guid":{"rendered":"http:\/\/patagoniambiental.com.ar\/info\/?p=30406"},"modified":"2017-06-12T13:29:33","modified_gmt":"2017-06-12T16:29:33","slug":"sociedad-sabiamos-que-debajo-de-la-calle-mitre-iban-a-aparecer-cosas-interesantes","status":"publish","type":"post","link":"https:\/\/patagoniambiental.com.ar\/info\/sociedad-sabiamos-que-debajo-de-la-calle-mitre-iban-a-aparecer-cosas-interesantes\/","title":{"rendered":"Sociedad \u00abSab\u00edamos que debajo de la calle Mitre iban a aparecer cosas interesantes\u00bb"},"content":{"rendered":"<p>San Carlos de Bariloche.-Solange Fern\u00e1ndez Do R\u00edo es arque\u00f3loga y colaboradora de la Subsecretar\u00eda de Medio Ambiente Municipal.<!--more--> Este viernes detall\u00f3 c\u00f3mo fue la labor de quienes rescataron parte de la historia de la ciudad desde el subsuelo barilochense.<\/p>\n<p>Solange Fern\u00e1ndez Do R\u00edo es arque\u00f3loga y colaboradora de la Subsecretar\u00eda de Medio Ambiente Municipal. Este viernes detall\u00f3 c\u00f3mo fue la labor de quienes rescataron parte de la historia de la ciudad desde el subsuelo barilochense.<\/p>\n<p>En en marco de la inauguraci\u00f3n de la muestra <strong><a href=\"http:\/\/www.barilocheopina.com\/noticias\/2017\/06\/09\/30690-se-inauguro-la-muestra-un-paseo-por-bariloche-en-1917\">\u00abUn paseo por Bariloche en 1917: una recorrida que junta fragmentos, historias e instituciones\u00bb<\/a><\/strong>, Fen\u00e1ndez Do R\u00edo charl\u00f3 con <strong>Bariloche Opina<\/strong>, donde expres\u00f3 su satisfacci\u00f3n por el resultado de largos meses de trabajo principalmente en las obras de remodelaci\u00f3n de la calle Mitre.<\/p>\n<p>\u00abSon objetos que pertenecen a distintos contextos de rescate arqueol\u00f3gico que se hicieron en Bariloche a lo largo del tiempo\u00bb, explic\u00f3. \u00abPrincipalmente est\u00e1n los de calle Mitre del 2016, donde se trabaj\u00f3 de manera interinstitucional e interdisciplinaria\u00bb.<\/p>\n<p>En este punto, record\u00f3 que intervinieron Parques Nacionales, La Subsecretar\u00eda de Medio Ambiente de R\u00edo Negro, la Universidad de R\u00edo Negro, la Universidad del Comahue, el Centro At\u00f3mico, el INIBIOMA, entre otros.<\/p>\n<p>\u00abHab\u00eda ge\u00f3logos, paleont\u00f3logos, arque\u00f3logos, que nos fuimos turnando durante un a\u00f1o para hacer el seguimiento de obra porque sab\u00edamos que debajo de la calle iban a aparecer cosas interesantes\u00bb, se\u00f1al\u00f3.<\/p>\n<p>Cont\u00f3 que el trabajo comenz\u00f3 en Mitre y John O\u00b4Connor, donde se encontr\u00f3 un desag\u00fce hecho con barriles encadenados, \u00abpero no pudimos sacarlos porque estaban metidos en el asfalto\u00bb. Encima hab\u00eda un puente a modo de pasarela.<\/p>\n<p>Mitre al 50 fue el semillero de objetos encontrados, ya que en el lugar hab\u00eda un antiguo pozo de basura, \u00aby pudimos excavar con la buena predisposici\u00f3n de los trabajadores de la obra\u00bb.<\/p>\n<p>La muestra es interactiva, \u00abno solo exhibir objetos con sus cartelitos\u00bb, sino hay una ficci\u00f3n que lleva al visitante a reconstruir la historia por medio de postales, preguntas disparadoras, y una red de memoria multimedia\u00bb.<\/p>\n<p>Fuente: Bariloche Opina<\/p>\n<p>&nbsp;<\/p>\n","protected":false},"excerpt":{"rendered":"<p>San Carlos de Bariloche.-Solange Fern\u00e1ndez Do R\u00edo es arque\u00f3loga y colaboradora de la Subsecretar\u00eda de Medio Ambiente Municipal.<\/p>\n","protected":false},"author":2,"featured_media":30407,"comment_status":"open","ping_status":"open","sticky":false,"template":"","format":"standard","meta":{"site-sidebar-layout":"default","site-content-layout":"","ast-site-content-layout":"default","site-content-style":"default","site-sidebar-style":"default","ast-global-header-display":"","ast-banner-title-visibility":"","ast-main-header-display":"","ast-hfb-above-header-display":"","ast-hfb-below-header-display":"","ast-hfb-mobile-header-display":"","site-post-title":"","ast-breadcrumbs-content":"","ast-featured-img":"","footer-sml-layout":"","ast-disable-related-posts":"","theme-transparent-header-meta":"","adv-header-id-meta":"","stick-header-meta":"","header-above-stick-meta":"","header-main-stick-meta":"","header-below-stick-meta":"","astra-migrate-meta-layouts":"default","ast-page-background-enabled":"default","ast-page-background-meta":{"desktop":{"background-color":"var(--ast-global-color-5)","background-image":"","background-repeat":"repeat","background-position":"center center","background-size":"auto","background-attachment":"scroll","background-type":"","background-media":"","overlay-type":"","overlay-color":"","overlay-opacity":"","overlay-gradient":""},"tablet":{"background-color":"","background-image":"","background-repeat":"repeat","background-position":"center center","background-size":"auto","background-attachment":"scroll","background-type":"","background-media":"","overlay-type":"","overlay-color":"","overlay-opacity":"","overlay-gradient":""},"mobile":{"background-color":"","background-image":"","background-repeat":"repeat","background-position":"center center","background-size":"auto","background-attachment":"scroll","background-type":"","background-media":"","overlay-type":"","overlay-color":"","overlay-opacity":"","overlay-gradient":""}},"ast-content-background-meta":{"desktop":{"background-color":"var(--ast-global-color-4)","background-image":"","background-repeat":"repeat","background-position":"center center","background-size":"auto","background-attachment":"scroll","background-type":"","background-media":"","overlay-type":"","overlay-color":"","overlay-opacity":"","overlay-gradient":""},"tablet":{"background-color":"var(--ast-global-color-4)","background-image":"","background-repeat":"repeat","background-position":"center center","background-size":"auto","background-attachment":"scroll","background-type":"","background-media":"","overlay-type":"","overlay-color":"","overlay-opacity":"","overlay-gradient":""},"mobile":{"background-color":"var(--ast-global-color-4)","background-image":"","background-repeat":"repeat","background-position":"center center","background-size":"auto","background-attachment":"scroll","background-type":"","background-media":"","overlay-type":"","overlay-color":"","overlay-opacity":"","overlay-gradient":""}},"footnotes":""},"categories":[16,1],"tags":[],"class_list":["post-30406","post","type-post","status-publish","format-standard","has-post-thumbnail","hentry","category-municipales","category-noticias"],"yoast_head":"<!-- This site is optimized with the Yoast SEO Premium plugin v23.0 (Yoast SEO v27.4) - https:\/\/yoast.com\/product\/yoast-seo-premium-wordpress\/ -->\n<title>Sociedad &quot;Sab\u00edamos que debajo de la calle Mitre iban a aparecer cosas interesantes&quot;<\/title>\n<meta name=\"robots\" content=\"index, follow, max-snippet:-1, max-image-preview:large, max-video-preview:-1\" \/>\n<link rel=\"canonical\" href=\"https:\/\/patagoniambiental.com.ar\/info\/sociedad-sabiamos-que-debajo-de-la-calle-mitre-iban-a-aparecer-cosas-interesantes\/\" \/>\n<meta property=\"og:locale\" content=\"es_ES\" \/>\n<meta property=\"og:type\" content=\"article\" \/>\n<meta property=\"og:title\" content=\"Sociedad &quot;Sab\u00edamos que debajo de la calle Mitre iban a aparecer cosas interesantes&quot;\" \/>\n<meta property=\"og:description\" content=\"San Carlos de Bariloche.-Solange Fern\u00e1ndez Do R\u00edo es arque\u00f3loga y colaboradora de la Subsecretar\u00eda de Medio Ambiente Municipal.\" \/>\n<meta property=\"og:url\" content=\"https:\/\/patagoniambiental.com.ar\/info\/sociedad-sabiamos-que-debajo-de-la-calle-mitre-iban-a-aparecer-cosas-interesantes\/\" \/>\n<meta property=\"og:site_name\" content=\"Patagonia Ambiental\" \/>\n<meta property=\"article:publisher\" content=\"https:\/\/www.facebook.com\/patagonia.ambiental\" \/>\n<meta property=\"article:author\" content=\"https:\/\/www.facebook.com\/share\/1C1V8Gv9BX\/?mibextid=qi2Omg\" \/>\n<meta property=\"article:published_time\" content=\"2017-06-12T22:00:17+00:00\" \/>\n<meta property=\"og:image\" content=\"https:\/\/patagoniambiental.com.ar\/info\/wp-content\/uploads\/2017\/06\/20170609010706081cbf3b9915c08411c48a35bcb8ce22.jpg\" \/>\n\t<meta property=\"og:image:width\" content=\"1024\" \/>\n\t<meta property=\"og:image:height\" content=\"683\" \/>\n\t<meta property=\"og:image:type\" content=\"image\/jpeg\" \/>\n<meta name=\"author\" content=\"Patagonia Ambiental\" \/>\n<meta name=\"twitter:card\" content=\"summary_large_image\" \/>\n<meta name=\"twitter:creator\" content=\"@PatAmb\" \/>\n<meta name=\"twitter:site\" content=\"@PatAmb\" \/>\n<script type=\"application\/ld+json\" class=\"yoast-schema-graph\">{\"@context\":\"https:\\\/\\\/schema.org\",\"@graph\":[{\"@type\":\"Article\",\"@id\":\"https:\\\/\\\/patagoniambiental.com.ar\\\/info\\\/sociedad-sabiamos-que-debajo-de-la-calle-mitre-iban-a-aparecer-cosas-interesantes\\\/#article\",\"isPartOf\":{\"@id\":\"https:\\\/\\\/patagoniambiental.com.ar\\\/info\\\/sociedad-sabiamos-que-debajo-de-la-calle-mitre-iban-a-aparecer-cosas-interesantes\\\/\"},\"author\":{\"name\":\"Patagonia Ambiental\",\"@id\":\"https:\\\/\\\/patagoniambiental.com.ar\\\/info\\\/#\\\/schema\\\/person\\\/db12bff64bbcbf6a253710bf0ea37b5d\"},\"headline\":\"Sociedad \u00abSab\u00edamos que debajo de la calle Mitre iban a aparecer cosas interesantes\u00bb\",\"datePublished\":\"2017-06-12T22:00:17+00:00\",\"mainEntityOfPage\":{\"@id\":\"https:\\\/\\\/patagoniambiental.com.ar\\\/info\\\/sociedad-sabiamos-que-debajo-de-la-calle-mitre-iban-a-aparecer-cosas-interesantes\\\/\"},\"wordCount\":381,\"commentCount\":0,\"publisher\":{\"@id\":\"https:\\\/\\\/patagoniambiental.com.ar\\\/info\\\/#organization\"},\"image\":{\"@id\":\"https:\\\/\\\/patagoniambiental.com.ar\\\/info\\\/sociedad-sabiamos-que-debajo-de-la-calle-mitre-iban-a-aparecer-cosas-interesantes\\\/#primaryimage\"},\"thumbnailUrl\":\"https:\\\/\\\/patagoniambiental.com.ar\\\/info\\\/wp-content\\\/uploads\\\/2017\\\/06\\\/20170609010706081cbf3b9915c08411c48a35bcb8ce22.jpg\",\"articleSection\":[\"Municipales\",\"Noticias\"],\"inLanguage\":\"es\",\"potentialAction\":[{\"@type\":\"CommentAction\",\"name\":\"Comment\",\"target\":[\"https:\\\/\\\/patagoniambiental.com.ar\\\/info\\\/sociedad-sabiamos-que-debajo-de-la-calle-mitre-iban-a-aparecer-cosas-interesantes\\\/#respond\"]}]},{\"@type\":\"WebPage\",\"@id\":\"https:\\\/\\\/patagoniambiental.com.ar\\\/info\\\/sociedad-sabiamos-que-debajo-de-la-calle-mitre-iban-a-aparecer-cosas-interesantes\\\/\",\"url\":\"https:\\\/\\\/patagoniambiental.com.ar\\\/info\\\/sociedad-sabiamos-que-debajo-de-la-calle-mitre-iban-a-aparecer-cosas-interesantes\\\/\",\"name\":\"Sociedad \\\"Sab\u00edamos que debajo de la calle Mitre iban a aparecer cosas interesantes\\\"\",\"isPartOf\":{\"@id\":\"https:\\\/\\\/patagoniambiental.com.ar\\\/info\\\/#website\"},\"primaryImageOfPage\":{\"@id\":\"https:\\\/\\\/patagoniambiental.com.ar\\\/info\\\/sociedad-sabiamos-que-debajo-de-la-calle-mitre-iban-a-aparecer-cosas-interesantes\\\/#primaryimage\"},\"image\":{\"@id\":\"https:\\\/\\\/patagoniambiental.com.ar\\\/info\\\/sociedad-sabiamos-que-debajo-de-la-calle-mitre-iban-a-aparecer-cosas-interesantes\\\/#primaryimage\"},\"thumbnailUrl\":\"https:\\\/\\\/patagoniambiental.com.ar\\\/info\\\/wp-content\\\/uploads\\\/2017\\\/06\\\/20170609010706081cbf3b9915c08411c48a35bcb8ce22.jpg\",\"datePublished\":\"2017-06-12T22:00:17+00:00\",\"breadcrumb\":{\"@id\":\"https:\\\/\\\/patagoniambiental.com.ar\\\/info\\\/sociedad-sabiamos-que-debajo-de-la-calle-mitre-iban-a-aparecer-cosas-interesantes\\\/#breadcrumb\"},\"inLanguage\":\"es\",\"potentialAction\":[{\"@type\":\"ReadAction\",\"target\":[\"https:\\\/\\\/patagoniambiental.com.ar\\\/info\\\/sociedad-sabiamos-que-debajo-de-la-calle-mitre-iban-a-aparecer-cosas-interesantes\\\/\"]}]},{\"@type\":\"ImageObject\",\"inLanguage\":\"es\",\"@id\":\"https:\\\/\\\/patagoniambiental.com.ar\\\/info\\\/sociedad-sabiamos-que-debajo-de-la-calle-mitre-iban-a-aparecer-cosas-interesantes\\\/#primaryimage\",\"url\":\"https:\\\/\\\/patagoniambiental.com.ar\\\/info\\\/wp-content\\\/uploads\\\/2017\\\/06\\\/20170609010706081cbf3b9915c08411c48a35bcb8ce22.jpg\",\"contentUrl\":\"https:\\\/\\\/patagoniambiental.com.ar\\\/info\\\/wp-content\\\/uploads\\\/2017\\\/06\\\/20170609010706081cbf3b9915c08411c48a35bcb8ce22.jpg\",\"width\":1024,\"height\":683},{\"@type\":\"BreadcrumbList\",\"@id\":\"https:\\\/\\\/patagoniambiental.com.ar\\\/info\\\/sociedad-sabiamos-que-debajo-de-la-calle-mitre-iban-a-aparecer-cosas-interesantes\\\/#breadcrumb\",\"itemListElement\":[{\"@type\":\"ListItem\",\"position\":1,\"name\":\"Inicio\",\"item\":\"https:\\\/\\\/patagoniambiental.com.ar\\\/info\\\/\"},{\"@type\":\"ListItem\",\"position\":2,\"name\":\"Sociedad \u00abSab\u00edamos que debajo de la calle Mitre iban a aparecer cosas interesantes\u00bb\"}]},{\"@type\":\"WebSite\",\"@id\":\"https:\\\/\\\/patagoniambiental.com.ar\\\/info\\\/#website\",\"url\":\"https:\\\/\\\/patagoniambiental.com.ar\\\/info\\\/\",\"name\":\"Patagonia Ambiental\",\"description\":\"Monitoreo y an\u00e1lisis de la situaci\u00f3n geopol\u00edtica en el mundo y su implicancia en la Patagonia\",\"publisher\":{\"@id\":\"https:\\\/\\\/patagoniambiental.com.ar\\\/info\\\/#organization\"},\"potentialAction\":[{\"@type\":\"SearchAction\",\"target\":{\"@type\":\"EntryPoint\",\"urlTemplate\":\"https:\\\/\\\/patagoniambiental.com.ar\\\/info\\\/?s={search_term_string}\"},\"query-input\":{\"@type\":\"PropertyValueSpecification\",\"valueRequired\":true,\"valueName\":\"search_term_string\"}}],\"inLanguage\":\"es\"},{\"@type\":\"Organization\",\"@id\":\"https:\\\/\\\/patagoniambiental.com.ar\\\/info\\\/#organization\",\"name\":\"Patagonia Ambiental\",\"url\":\"https:\\\/\\\/patagoniambiental.com.ar\\\/info\\\/\",\"logo\":{\"@type\":\"ImageObject\",\"inLanguage\":\"es\",\"@id\":\"https:\\\/\\\/patagoniambiental.com.ar\\\/info\\\/#\\\/schema\\\/logo\\\/image\\\/\",\"url\":\"https:\\\/\\\/patagoniambiental.com.ar\\\/info\\\/wp-content\\\/uploads\\\/2025\\\/05\\\/LOGO-PATAGONIA-AMBIENTAL.png\",\"contentUrl\":\"https:\\\/\\\/patagoniambiental.com.ar\\\/info\\\/wp-content\\\/uploads\\\/2025\\\/05\\\/LOGO-PATAGONIA-AMBIENTAL.png\",\"width\":433,\"height\":250,\"caption\":\"Patagonia Ambiental\"},\"image\":{\"@id\":\"https:\\\/\\\/patagoniambiental.com.ar\\\/info\\\/#\\\/schema\\\/logo\\\/image\\\/\"},\"sameAs\":[\"https:\\\/\\\/www.facebook.com\\\/patagonia.ambiental\",\"https:\\\/\\\/x.com\\\/PatAmb\"]},{\"@type\":\"Person\",\"@id\":\"https:\\\/\\\/patagoniambiental.com.ar\\\/info\\\/#\\\/schema\\\/person\\\/db12bff64bbcbf6a253710bf0ea37b5d\",\"name\":\"Patagonia Ambiental\",\"description\":\"Andr\u00e9s Nievas T\u00e9cnico en manejo ambiental, consultor Ambiental y escritor para medios locales e internacionales sobre temas de geopolitica y medio ambiente.\",\"sameAs\":[\"http:\\\/\\\/www.patagoniambiental.com.ar\",\"https:\\\/\\\/www.facebook.com\\\/share\\\/1C1V8Gv9BX\\\/?mibextid=qi2Omg\",\"@patagoniambiental\",\"https:\\\/\\\/youtube.com\\\/@patagoniaambiental2023?si=BLt58t0wuXquxlYZ\"]}]}<\/script>\n<!-- \/ Yoast SEO Premium plugin. -->","yoast_head_json":{"title":"Sociedad \"Sab\u00edamos que debajo de la calle Mitre iban a aparecer cosas interesantes\"","robots":{"index":"index","follow":"follow","max-snippet":"max-snippet:-1","max-image-preview":"max-image-preview:large","max-video-preview":"max-video-preview:-1"},"canonical":"https:\/\/patagoniambiental.com.ar\/info\/sociedad-sabiamos-que-debajo-de-la-calle-mitre-iban-a-aparecer-cosas-interesantes\/","og_locale":"es_ES","og_type":"article","og_title":"Sociedad \"Sab\u00edamos que debajo de la calle Mitre iban a aparecer cosas interesantes\"","og_description":"San Carlos de Bariloche.-Solange Fern\u00e1ndez Do R\u00edo es arque\u00f3loga y colaboradora de la Subsecretar\u00eda de Medio Ambiente Municipal.","og_url":"https:\/\/patagoniambiental.com.ar\/info\/sociedad-sabiamos-que-debajo-de-la-calle-mitre-iban-a-aparecer-cosas-interesantes\/","og_site_name":"Patagonia Ambiental","article_publisher":"https:\/\/www.facebook.com\/patagonia.ambiental","article_author":"https:\/\/www.facebook.com\/share\/1C1V8Gv9BX\/?mibextid=qi2Omg","article_published_time":"2017-06-12T22:00:17+00:00","og_image":[{"width":1024,"height":683,"url":"https:\/\/patagoniambiental.com.ar\/info\/wp-content\/uploads\/2017\/06\/20170609010706081cbf3b9915c08411c48a35bcb8ce22.jpg","type":"image\/jpeg"}],"author":"Patagonia Ambiental","twitter_card":"summary_large_image","twitter_creator":"@PatAmb","twitter_site":"@PatAmb","schema":{"@context":"https:\/\/schema.org","@graph":[{"@type":"Article","@id":"https:\/\/patagoniambiental.com.ar\/info\/sociedad-sabiamos-que-debajo-de-la-calle-mitre-iban-a-aparecer-cosas-interesantes\/#article","isPartOf":{"@id":"https:\/\/patagoniambiental.com.ar\/info\/sociedad-sabiamos-que-debajo-de-la-calle-mitre-iban-a-aparecer-cosas-interesantes\/"},"author":{"name":"Patagonia Ambiental","@id":"https:\/\/patagoniambiental.com.ar\/info\/#\/schema\/person\/db12bff64bbcbf6a253710bf0ea37b5d"},"headline":"Sociedad \u00abSab\u00edamos que debajo de la calle Mitre iban a aparecer cosas interesantes\u00bb","datePublished":"2017-06-12T22:00:17+00:00","mainEntityOfPage":{"@id":"https:\/\/patagoniambiental.com.ar\/info\/sociedad-sabiamos-que-debajo-de-la-calle-mitre-iban-a-aparecer-cosas-interesantes\/"},"wordCount":381,"commentCount":0,"publisher":{"@id":"https:\/\/patagoniambiental.com.ar\/info\/#organization"},"image":{"@id":"https:\/\/patagoniambiental.com.ar\/info\/sociedad-sabiamos-que-debajo-de-la-calle-mitre-iban-a-aparecer-cosas-interesantes\/#primaryimage"},"thumbnailUrl":"https:\/\/patagoniambiental.com.ar\/info\/wp-content\/uploads\/2017\/06\/20170609010706081cbf3b9915c08411c48a35bcb8ce22.jpg","articleSection":["Municipales","Noticias"],"inLanguage":"es","potentialAction":[{"@type":"CommentAction","name":"Comment","target":["https:\/\/patagoniambiental.com.ar\/info\/sociedad-sabiamos-que-debajo-de-la-calle-mitre-iban-a-aparecer-cosas-interesantes\/#respond"]}]},{"@type":"WebPage","@id":"https:\/\/patagoniambiental.com.ar\/info\/sociedad-sabiamos-que-debajo-de-la-calle-mitre-iban-a-aparecer-cosas-interesantes\/","url":"https:\/\/patagoniambiental.com.ar\/info\/sociedad-sabiamos-que-debajo-de-la-calle-mitre-iban-a-aparecer-cosas-interesantes\/","name":"Sociedad \"Sab\u00edamos que debajo de la calle Mitre iban a aparecer cosas interesantes\"","isPartOf":{"@id":"https:\/\/patagoniambiental.com.ar\/info\/#website"},"primaryImageOfPage":{"@id":"https:\/\/patagoniambiental.com.ar\/info\/sociedad-sabiamos-que-debajo-de-la-calle-mitre-iban-a-aparecer-cosas-interesantes\/#primaryimage"},"image":{"@id":"https:\/\/patagoniambiental.com.ar\/info\/sociedad-sabiamos-que-debajo-de-la-calle-mitre-iban-a-aparecer-cosas-interesantes\/#primaryimage"},"thumbnailUrl":"https:\/\/patagoniambiental.com.ar\/info\/wp-content\/uploads\/2017\/06\/20170609010706081cbf3b9915c08411c48a35bcb8ce22.jpg","datePublished":"2017-06-12T22:00:17+00:00","breadcrumb":{"@id":"https:\/\/patagoniambiental.com.ar\/info\/sociedad-sabiamos-que-debajo-de-la-calle-mitre-iban-a-aparecer-cosas-interesantes\/#breadcrumb"},"inLanguage":"es","potentialAction":[{"@type":"ReadAction","target":["https:\/\/patagoniambiental.com.ar\/info\/sociedad-sabiamos-que-debajo-de-la-calle-mitre-iban-a-aparecer-cosas-interesantes\/"]}]},{"@type":"ImageObject","inLanguage":"es","@id":"https:\/\/patagoniambiental.com.ar\/info\/sociedad-sabiamos-que-debajo-de-la-calle-mitre-iban-a-aparecer-cosas-interesantes\/#primaryimage","url":"https:\/\/patagoniambiental.com.ar\/info\/wp-content\/uploads\/2017\/06\/20170609010706081cbf3b9915c08411c48a35bcb8ce22.jpg","contentUrl":"https:\/\/patagoniambiental.com.ar\/info\/wp-content\/uploads\/2017\/06\/20170609010706081cbf3b9915c08411c48a35bcb8ce22.jpg","width":1024,"height":683},{"@type":"BreadcrumbList","@id":"https:\/\/patagoniambiental.com.ar\/info\/sociedad-sabiamos-que-debajo-de-la-calle-mitre-iban-a-aparecer-cosas-interesantes\/#breadcrumb","itemListElement":[{"@type":"ListItem","position":1,"name":"Inicio","item":"https:\/\/patagoniambiental.com.ar\/info\/"},{"@type":"ListItem","position":2,"name":"Sociedad \u00abSab\u00edamos que debajo de la calle Mitre iban a aparecer cosas interesantes\u00bb"}]},{"@type":"WebSite","@id":"https:\/\/patagoniambiental.com.ar\/info\/#website","url":"https:\/\/patagoniambiental.com.ar\/info\/","name":"Patagonia Ambiental","description":"Monitoreo y an\u00e1lisis de la situaci\u00f3n geopol\u00edtica en el mundo y su implicancia en la Patagonia","publisher":{"@id":"https:\/\/patagoniambiental.com.ar\/info\/#organization"},"potentialAction":[{"@type":"SearchAction","target":{"@type":"EntryPoint","urlTemplate":"https:\/\/patagoniambiental.com.ar\/info\/?s={search_term_string}"},"query-input":{"@type":"PropertyValueSpecification","valueRequired":true,"valueName":"search_term_string"}}],"inLanguage":"es"},{"@type":"Organization","@id":"https:\/\/patagoniambiental.com.ar\/info\/#organization","name":"Patagonia Ambiental","url":"https:\/\/patagoniambiental.com.ar\/info\/","logo":{"@type":"ImageObject","inLanguage":"es","@id":"https:\/\/patagoniambiental.com.ar\/info\/#\/schema\/logo\/image\/","url":"https:\/\/patagoniambiental.com.ar\/info\/wp-content\/uploads\/2025\/05\/LOGO-PATAGONIA-AMBIENTAL.png","contentUrl":"https:\/\/patagoniambiental.com.ar\/info\/wp-content\/uploads\/2025\/05\/LOGO-PATAGONIA-AMBIENTAL.png","width":433,"height":250,"caption":"Patagonia Ambiental"},"image":{"@id":"https:\/\/patagoniambiental.com.ar\/info\/#\/schema\/logo\/image\/"},"sameAs":["https:\/\/www.facebook.com\/patagonia.ambiental","https:\/\/x.com\/PatAmb"]},{"@type":"Person","@id":"https:\/\/patagoniambiental.com.ar\/info\/#\/schema\/person\/db12bff64bbcbf6a253710bf0ea37b5d","name":"Patagonia Ambiental","description":"Andr\u00e9s Nievas T\u00e9cnico en manejo ambiental, consultor Ambiental y escritor para medios locales e internacionales sobre temas de geopolitica y medio ambiente.","sameAs":["http:\/\/www.patagoniambiental.com.ar","https:\/\/www.facebook.com\/share\/1C1V8Gv9BX\/?mibextid=qi2Omg","@patagoniambiental","https:\/\/youtube.com\/@patagoniaambiental2023?si=BLt58t0wuXquxlYZ"]}]}},"_links":{"self":[{"href":"https:\/\/patagoniambiental.com.ar\/info\/wp-json\/wp\/v2\/posts\/30406","targetHints":{"allow":["GET"]}}],"collection":[{"href":"https:\/\/patagoniambiental.com.ar\/info\/wp-json\/wp\/v2\/posts"}],"about":[{"href":"https:\/\/patagoniambiental.com.ar\/info\/wp-json\/wp\/v2\/types\/post"}],"author":[{"embeddable":true,"href":"https:\/\/patagoniambiental.com.ar\/info\/wp-json\/wp\/v2\/users\/2"}],"replies":[{"embeddable":true,"href":"https:\/\/patagoniambiental.com.ar\/info\/wp-json\/wp\/v2\/comments?post=30406"}],"version-history":[{"count":0,"href":"https:\/\/patagoniambiental.com.ar\/info\/wp-json\/wp\/v2\/posts\/30406\/revisions"}],"wp:featuredmedia":[{"embeddable":true,"href":"https:\/\/patagoniambiental.com.ar\/info\/wp-json\/wp\/v2\/media\/30407"}],"wp:attachment":[{"href":"https:\/\/patagoniambiental.com.ar\/info\/wp-json\/wp\/v2\/media?parent=30406"}],"wp:term":[{"taxonomy":"category","embeddable":true,"href":"https:\/\/patagoniambiental.com.ar\/info\/wp-json\/wp\/v2\/categories?post=30406"},{"taxonomy":"post_tag","embeddable":true,"href":"https:\/\/patagoniambiental.com.ar\/info\/wp-json\/wp\/v2\/tags?post=30406"}],"curies":[{"name":"wp","href":"https:\/\/api.w.org\/{rel}","templated":true}]}}