{"id":30429,"date":"2017-06-13T09:00:06","date_gmt":"2017-06-13T12:00:06","guid":{"rendered":"http:\/\/patagoniambiental.com.ar\/info\/?p=30429"},"modified":"2017-06-13T07:17:58","modified_gmt":"2017-06-13T10:17:58","slug":"la-conferencia-sobre-los-oceanos-concluyo-con-mas-de-1-000-compromisos-voluntarios","status":"publish","type":"post","link":"https:\/\/patagoniambiental.com.ar\/info\/la-conferencia-sobre-los-oceanos-concluyo-con-mas-de-1-000-compromisos-voluntarios\/","title":{"rendered":"La Conferencia sobre los Oc\u00e9anos concluy\u00f3 con m\u00e1s de 1.000 compromisos voluntarios"},"content":{"rendered":"<div id=\"story-block\" class=\"span8\">\n<div id=\"fullstory\">\n<p>La Conferencia de Naciones Unidas sobre los Oc\u00e9anos se ha convertido en el punto de partida para detener el ciclo de deterioro de los recursos marinos causados por las actividades humanas, afirm\u00f3 el presidente de la Asamblea General.<\/p>\n<p>Peter Thomson revel\u00f3 en una conferencia de prensa que el encuentro internacional logr\u00f3 movilizar un total de 1161 compromisos voluntarios para proteger los oc\u00e9anos.<\/p>\n<p>Esto se trata de iniciativas provenientes de los gobiernos, organizaciones civiles e internacionales, de la comunidad educativa y cient\u00edfica, as\u00ed como del sector privado, que contribuyen a implementar el objetivo 14 de la Agenda de Desarrollo Sostenible 2030, que se refiere a la protecci\u00f3n de los recursos marinos.<\/p>\n<p>\u00abUna cosa de la que estoy seguro es que desde esta Conferencia en adelante, nadie podr\u00e1 decir, no est\u00e1bamos enterados de la gravedad del problema. No sab\u00edamos que la acidificaci\u00f3n estaba acabando con la vida submarina. No sab\u00edamos que habr\u00e1 m\u00e1s pl\u00e1stico que peces en los oc\u00e9anos para el a\u00f1o 2050. No sab\u00edamos qu\u00e9 tantas especies est\u00e1n por extinguirse por culpa de que consumimos pescado proviene de la pesca ilegal o de la sobreexplotaci\u00f3n\u00bb, detall\u00f3 el diplom\u00e1tico.<\/p>\n<p>El presidente de la Asamblea General, el \u00f3rgano de la ONU que lider\u00f3 la organizaci\u00f3n de la Conferencia, detall\u00f3 los logros alcanzados.<\/p>\n<p>Se\u00f1al\u00f3, por ejemplo, que entre los compromisos voluntarios, 460 de ellos est\u00e1n destinados a eliminar la contaminaci\u00f3n a causa del pl\u00e1stico que se arroja al mar y al micropl\u00e1stico en productos como los fabricados por la industria cosm\u00e9tica.<\/p>\n<p>Otros 315 est\u00e1n dirigidos a regular y acabar con la pesca excesiva. Adem\u00e1s, m\u00e1s de 300 promesas fueron hechas para aumentar las investigaciones y el conocimiento cient\u00edfico sobre la vida submarina.<\/p>\n<p>Tambi\u00e9n se consigui\u00f3 un gran apoyo para ampliar las zonas marinas y costeras protegidas. Cit\u00f3 las numerosas alianzas surgidas durante la Conferencia para reducir la acidificaci\u00f3n de esas aguas, incluidas las provenientes del transporte mar\u00edtimo con el objetivo de reducir las emisiones de di\u00f3xido de carbono, que contribuyen al calentamiento global y al fen\u00f3meno de acidificaci\u00f3n.<\/p>\n<p>La Conferencia de esta semana concluir\u00e1 con una declaraci\u00f3n concisa y un llamado a la acci\u00f3n. Contendr\u00e1 puntos acordados por consenso por la comunidad internacional para implementar el Objetivo 14 de la Agenda de Desarrollo Sostenible.<\/p>\n<\/div>\n<\/div>\n<div id=\"sidebar\" class=\"span4 sidebar-story\">\u00a0Fuente:\u00a0http:\/\/www.un.org\/spanish\/News\/story.asp?newsID=37490&amp;utm_content=buffer0fa6c&amp;utm_medium=social&amp;utm_source=twitter.com&amp;utm_campaign=buffer#.WT-7Z2g1_ce<\/div>\n","protected":false},"excerpt":{"rendered":"<p>La Conferencia de Naciones Unidas sobre los Oc\u00e9anos se ha convertido en el punto de partida para detener el ciclo [&hellip;]<\/p>\n","protected":false},"author":2,"featured_media":30430,"comment_status":"open","ping_status":"open","sticky":false,"template":"","format":"standard","meta":{"site-sidebar-layout":"default","site-content-layout":"","ast-site-content-layout":"default","site-content-style":"default","site-sidebar-style":"default","ast-global-header-display":"","ast-banner-title-visibility":"","ast-main-header-display":"","ast-hfb-above-header-display":"","ast-hfb-below-header-display":"","ast-hfb-mobile-header-display":"","site-post-title":"","ast-breadcrumbs-content":"","ast-featured-img":"","footer-sml-layout":"","ast-disable-related-posts":"","theme-transparent-header-meta":"","adv-header-id-meta":"","stick-header-meta":"","header-above-stick-meta":"","header-main-stick-meta":"","header-below-stick-meta":"","astra-migrate-meta-layouts":"default","ast-page-background-enabled":"default","ast-page-background-meta":{"desktop":{"background-color":"var(--ast-global-color-5)","background-image":"","background-repeat":"repeat","background-position":"center center","background-size":"auto","background-attachment":"scroll","background-type":"","background-media":"","overlay-type":"","overlay-color":"","overlay-opacity":"","overlay-gradient":""},"tablet":{"background-color":"","background-image":"","background-repeat":"repeat","background-position":"center center","background-size":"auto","background-attachment":"scroll","background-type":"","background-media":"","overlay-type":"","overlay-color":"","overlay-opacity":"","overlay-gradient":""},"mobile":{"background-color":"","background-image":"","background-repeat":"repeat","background-position":"center center","background-size":"auto","background-attachment":"scroll","background-type":"","background-media":"","overlay-type":"","overlay-color":"","overlay-opacity":"","overlay-gradient":""}},"ast-content-background-meta":{"desktop":{"background-color":"var(--ast-global-color-4)","background-image":"","background-repeat":"repeat","background-position":"center center","background-size":"auto","background-attachment":"scroll","background-type":"","background-media":"","overlay-type":"","overlay-color":"","overlay-opacity":"","overlay-gradient":""},"tablet":{"background-color":"var(--ast-global-color-4)","background-image":"","background-repeat":"repeat","background-position":"center center","background-size":"auto","background-attachment":"scroll","background-type":"","background-media":"","overlay-type":"","overlay-color":"","overlay-opacity":"","overlay-gradient":""},"mobile":{"background-color":"var(--ast-global-color-4)","background-image":"","background-repeat":"repeat","background-position":"center center","background-size":"auto","background-attachment":"scroll","background-type":"","background-media":"","overlay-type":"","overlay-color":"","overlay-opacity":"","overlay-gradient":""}},"footnotes":""},"categories":[23,1],"tags":[],"class_list":["post-30429","post","type-post","status-publish","format-standard","has-post-thumbnail","hentry","category-internacionales","category-noticias"],"yoast_head":"<!-- This site is optimized with the Yoast SEO Premium plugin v23.0 (Yoast SEO v27.4) - https:\/\/yoast.com\/product\/yoast-seo-premium-wordpress\/ -->\n<title>La Conferencia sobre los Oc\u00e9anos concluy\u00f3 con m\u00e1s de 1.000 compromisos voluntarios<\/title>\n<meta name=\"robots\" content=\"index, follow, max-snippet:-1, max-image-preview:large, max-video-preview:-1\" \/>\n<link rel=\"canonical\" href=\"https:\/\/patagoniambiental.com.ar\/info\/la-conferencia-sobre-los-oceanos-concluyo-con-mas-de-1-000-compromisos-voluntarios\/\" \/>\n<meta property=\"og:locale\" content=\"es_ES\" \/>\n<meta property=\"og:type\" content=\"article\" \/>\n<meta property=\"og:title\" content=\"La Conferencia sobre los Oc\u00e9anos concluy\u00f3 con m\u00e1s de 1.000 compromisos voluntarios\" \/>\n<meta property=\"og:description\" content=\"La Conferencia de Naciones Unidas sobre los Oc\u00e9anos se ha convertido en el punto de partida para detener el ciclo [&hellip;]\" \/>\n<meta property=\"og:url\" content=\"https:\/\/patagoniambiental.com.ar\/info\/la-conferencia-sobre-los-oceanos-concluyo-con-mas-de-1-000-compromisos-voluntarios\/\" \/>\n<meta property=\"og:site_name\" content=\"Patagonia Ambiental\" \/>\n<meta property=\"article:publisher\" content=\"https:\/\/www.facebook.com\/patagonia.ambiental\" \/>\n<meta property=\"article:author\" content=\"https:\/\/www.facebook.com\/share\/1C1V8Gv9BX\/?mibextid=qi2Omg\" \/>\n<meta property=\"article:published_time\" content=\"2017-06-13T12:00:06+00:00\" \/>\n<meta property=\"og:image\" content=\"https:\/\/patagoniambiental.com.ar\/info\/wp-content\/uploads\/2017\/06\/mar.jpg\" \/>\n\t<meta property=\"og:image:width\" content=\"1000\" \/>\n\t<meta property=\"og:image:height\" content=\"660\" \/>\n\t<meta property=\"og:image:type\" content=\"image\/jpeg\" \/>\n<meta name=\"author\" content=\"Patagonia Ambiental\" \/>\n<meta name=\"twitter:card\" content=\"summary_large_image\" \/>\n<meta name=\"twitter:creator\" content=\"@PatAmb\" \/>\n<meta name=\"twitter:site\" content=\"@PatAmb\" \/>\n<script type=\"application\/ld+json\" class=\"yoast-schema-graph\">{\"@context\":\"https:\\\/\\\/schema.org\",\"@graph\":[{\"@type\":\"Article\",\"@id\":\"https:\\\/\\\/patagoniambiental.com.ar\\\/info\\\/la-conferencia-sobre-los-oceanos-concluyo-con-mas-de-1-000-compromisos-voluntarios\\\/#article\",\"isPartOf\":{\"@id\":\"https:\\\/\\\/patagoniambiental.com.ar\\\/info\\\/la-conferencia-sobre-los-oceanos-concluyo-con-mas-de-1-000-compromisos-voluntarios\\\/\"},\"author\":{\"name\":\"Patagonia Ambiental\",\"@id\":\"https:\\\/\\\/patagoniambiental.com.ar\\\/info\\\/#\\\/schema\\\/person\\\/db12bff64bbcbf6a253710bf0ea37b5d\"},\"headline\":\"La Conferencia sobre los Oc\u00e9anos concluy\u00f3 con m\u00e1s de 1.000 compromisos voluntarios\",\"datePublished\":\"2017-06-13T12:00:06+00:00\",\"mainEntityOfPage\":{\"@id\":\"https:\\\/\\\/patagoniambiental.com.ar\\\/info\\\/la-conferencia-sobre-los-oceanos-concluyo-con-mas-de-1-000-compromisos-voluntarios\\\/\"},\"wordCount\":443,\"commentCount\":0,\"publisher\":{\"@id\":\"https:\\\/\\\/patagoniambiental.com.ar\\\/info\\\/#organization\"},\"image\":{\"@id\":\"https:\\\/\\\/patagoniambiental.com.ar\\\/info\\\/la-conferencia-sobre-los-oceanos-concluyo-con-mas-de-1-000-compromisos-voluntarios\\\/#primaryimage\"},\"thumbnailUrl\":\"https:\\\/\\\/patagoniambiental.com.ar\\\/info\\\/wp-content\\\/uploads\\\/2017\\\/06\\\/mar.jpg\",\"articleSection\":[\"Internacionales\",\"Noticias\"],\"inLanguage\":\"es\",\"potentialAction\":[{\"@type\":\"CommentAction\",\"name\":\"Comment\",\"target\":[\"https:\\\/\\\/patagoniambiental.com.ar\\\/info\\\/la-conferencia-sobre-los-oceanos-concluyo-con-mas-de-1-000-compromisos-voluntarios\\\/#respond\"]}]},{\"@type\":\"WebPage\",\"@id\":\"https:\\\/\\\/patagoniambiental.com.ar\\\/info\\\/la-conferencia-sobre-los-oceanos-concluyo-con-mas-de-1-000-compromisos-voluntarios\\\/\",\"url\":\"https:\\\/\\\/patagoniambiental.com.ar\\\/info\\\/la-conferencia-sobre-los-oceanos-concluyo-con-mas-de-1-000-compromisos-voluntarios\\\/\",\"name\":\"La Conferencia sobre los Oc\u00e9anos concluy\u00f3 con m\u00e1s de 1.000 compromisos voluntarios\",\"isPartOf\":{\"@id\":\"https:\\\/\\\/patagoniambiental.com.ar\\\/info\\\/#website\"},\"primaryImageOfPage\":{\"@id\":\"https:\\\/\\\/patagoniambiental.com.ar\\\/info\\\/la-conferencia-sobre-los-oceanos-concluyo-con-mas-de-1-000-compromisos-voluntarios\\\/#primaryimage\"},\"image\":{\"@id\":\"https:\\\/\\\/patagoniambiental.com.ar\\\/info\\\/la-conferencia-sobre-los-oceanos-concluyo-con-mas-de-1-000-compromisos-voluntarios\\\/#primaryimage\"},\"thumbnailUrl\":\"https:\\\/\\\/patagoniambiental.com.ar\\\/info\\\/wp-content\\\/uploads\\\/2017\\\/06\\\/mar.jpg\",\"datePublished\":\"2017-06-13T12:00:06+00:00\",\"breadcrumb\":{\"@id\":\"https:\\\/\\\/patagoniambiental.com.ar\\\/info\\\/la-conferencia-sobre-los-oceanos-concluyo-con-mas-de-1-000-compromisos-voluntarios\\\/#breadcrumb\"},\"inLanguage\":\"es\",\"potentialAction\":[{\"@type\":\"ReadAction\",\"target\":[\"https:\\\/\\\/patagoniambiental.com.ar\\\/info\\\/la-conferencia-sobre-los-oceanos-concluyo-con-mas-de-1-000-compromisos-voluntarios\\\/\"]}]},{\"@type\":\"ImageObject\",\"inLanguage\":\"es\",\"@id\":\"https:\\\/\\\/patagoniambiental.com.ar\\\/info\\\/la-conferencia-sobre-los-oceanos-concluyo-con-mas-de-1-000-compromisos-voluntarios\\\/#primaryimage\",\"url\":\"https:\\\/\\\/patagoniambiental.com.ar\\\/info\\\/wp-content\\\/uploads\\\/2017\\\/06\\\/mar.jpg\",\"contentUrl\":\"https:\\\/\\\/patagoniambiental.com.ar\\\/info\\\/wp-content\\\/uploads\\\/2017\\\/06\\\/mar.jpg\",\"width\":1000,\"height\":660},{\"@type\":\"BreadcrumbList\",\"@id\":\"https:\\\/\\\/patagoniambiental.com.ar\\\/info\\\/la-conferencia-sobre-los-oceanos-concluyo-con-mas-de-1-000-compromisos-voluntarios\\\/#breadcrumb\",\"itemListElement\":[{\"@type\":\"ListItem\",\"position\":1,\"name\":\"Inicio\",\"item\":\"https:\\\/\\\/patagoniambiental.com.ar\\\/info\\\/\"},{\"@type\":\"ListItem\",\"position\":2,\"name\":\"La Conferencia sobre los Oc\u00e9anos concluy\u00f3 con m\u00e1s de 1.000 compromisos voluntarios\"}]},{\"@type\":\"WebSite\",\"@id\":\"https:\\\/\\\/patagoniambiental.com.ar\\\/info\\\/#website\",\"url\":\"https:\\\/\\\/patagoniambiental.com.ar\\\/info\\\/\",\"name\":\"Patagonia Ambiental\",\"description\":\"Monitoreo y an\u00e1lisis de la situaci\u00f3n geopol\u00edtica en el mundo y su implicancia en la Patagonia\",\"publisher\":{\"@id\":\"https:\\\/\\\/patagoniambiental.com.ar\\\/info\\\/#organization\"},\"potentialAction\":[{\"@type\":\"SearchAction\",\"target\":{\"@type\":\"EntryPoint\",\"urlTemplate\":\"https:\\\/\\\/patagoniambiental.com.ar\\\/info\\\/?s={search_term_string}\"},\"query-input\":{\"@type\":\"PropertyValueSpecification\",\"valueRequired\":true,\"valueName\":\"search_term_string\"}}],\"inLanguage\":\"es\"},{\"@type\":\"Organization\",\"@id\":\"https:\\\/\\\/patagoniambiental.com.ar\\\/info\\\/#organization\",\"name\":\"Patagonia Ambiental\",\"url\":\"https:\\\/\\\/patagoniambiental.com.ar\\\/info\\\/\",\"logo\":{\"@type\":\"ImageObject\",\"inLanguage\":\"es\",\"@id\":\"https:\\\/\\\/patagoniambiental.com.ar\\\/info\\\/#\\\/schema\\\/logo\\\/image\\\/\",\"url\":\"https:\\\/\\\/patagoniambiental.com.ar\\\/info\\\/wp-content\\\/uploads\\\/2025\\\/05\\\/LOGO-PATAGONIA-AMBIENTAL.png\",\"contentUrl\":\"https:\\\/\\\/patagoniambiental.com.ar\\\/info\\\/wp-content\\\/uploads\\\/2025\\\/05\\\/LOGO-PATAGONIA-AMBIENTAL.png\",\"width\":433,\"height\":250,\"caption\":\"Patagonia Ambiental\"},\"image\":{\"@id\":\"https:\\\/\\\/patagoniambiental.com.ar\\\/info\\\/#\\\/schema\\\/logo\\\/image\\\/\"},\"sameAs\":[\"https:\\\/\\\/www.facebook.com\\\/patagonia.ambiental\",\"https:\\\/\\\/x.com\\\/PatAmb\"]},{\"@type\":\"Person\",\"@id\":\"https:\\\/\\\/patagoniambiental.com.ar\\\/info\\\/#\\\/schema\\\/person\\\/db12bff64bbcbf6a253710bf0ea37b5d\",\"name\":\"Patagonia Ambiental\",\"description\":\"Andr\u00e9s Nievas T\u00e9cnico en manejo ambiental, consultor Ambiental y escritor para medios locales e internacionales sobre temas de geopolitica y medio ambiente.\",\"sameAs\":[\"http:\\\/\\\/www.patagoniambiental.com.ar\",\"https:\\\/\\\/www.facebook.com\\\/share\\\/1C1V8Gv9BX\\\/?mibextid=qi2Omg\",\"@patagoniambiental\",\"https:\\\/\\\/youtube.com\\\/@patagoniaambiental2023?si=BLt58t0wuXquxlYZ\"]}]}<\/script>\n<!-- \/ Yoast SEO Premium plugin. -->","yoast_head_json":{"title":"La Conferencia sobre los Oc\u00e9anos concluy\u00f3 con m\u00e1s de 1.000 compromisos voluntarios","robots":{"index":"index","follow":"follow","max-snippet":"max-snippet:-1","max-image-preview":"max-image-preview:large","max-video-preview":"max-video-preview:-1"},"canonical":"https:\/\/patagoniambiental.com.ar\/info\/la-conferencia-sobre-los-oceanos-concluyo-con-mas-de-1-000-compromisos-voluntarios\/","og_locale":"es_ES","og_type":"article","og_title":"La Conferencia sobre los Oc\u00e9anos concluy\u00f3 con m\u00e1s de 1.000 compromisos voluntarios","og_description":"La Conferencia de Naciones Unidas sobre los Oc\u00e9anos se ha convertido en el punto de partida para detener el ciclo [&hellip;]","og_url":"https:\/\/patagoniambiental.com.ar\/info\/la-conferencia-sobre-los-oceanos-concluyo-con-mas-de-1-000-compromisos-voluntarios\/","og_site_name":"Patagonia Ambiental","article_publisher":"https:\/\/www.facebook.com\/patagonia.ambiental","article_author":"https:\/\/www.facebook.com\/share\/1C1V8Gv9BX\/?mibextid=qi2Omg","article_published_time":"2017-06-13T12:00:06+00:00","og_image":[{"width":1000,"height":660,"url":"https:\/\/patagoniambiental.com.ar\/info\/wp-content\/uploads\/2017\/06\/mar.jpg","type":"image\/jpeg"}],"author":"Patagonia Ambiental","twitter_card":"summary_large_image","twitter_creator":"@PatAmb","twitter_site":"@PatAmb","schema":{"@context":"https:\/\/schema.org","@graph":[{"@type":"Article","@id":"https:\/\/patagoniambiental.com.ar\/info\/la-conferencia-sobre-los-oceanos-concluyo-con-mas-de-1-000-compromisos-voluntarios\/#article","isPartOf":{"@id":"https:\/\/patagoniambiental.com.ar\/info\/la-conferencia-sobre-los-oceanos-concluyo-con-mas-de-1-000-compromisos-voluntarios\/"},"author":{"name":"Patagonia Ambiental","@id":"https:\/\/patagoniambiental.com.ar\/info\/#\/schema\/person\/db12bff64bbcbf6a253710bf0ea37b5d"},"headline":"La Conferencia sobre los Oc\u00e9anos concluy\u00f3 con m\u00e1s de 1.000 compromisos voluntarios","datePublished":"2017-06-13T12:00:06+00:00","mainEntityOfPage":{"@id":"https:\/\/patagoniambiental.com.ar\/info\/la-conferencia-sobre-los-oceanos-concluyo-con-mas-de-1-000-compromisos-voluntarios\/"},"wordCount":443,"commentCount":0,"publisher":{"@id":"https:\/\/patagoniambiental.com.ar\/info\/#organization"},"image":{"@id":"https:\/\/patagoniambiental.com.ar\/info\/la-conferencia-sobre-los-oceanos-concluyo-con-mas-de-1-000-compromisos-voluntarios\/#primaryimage"},"thumbnailUrl":"https:\/\/patagoniambiental.com.ar\/info\/wp-content\/uploads\/2017\/06\/mar.jpg","articleSection":["Internacionales","Noticias"],"inLanguage":"es","potentialAction":[{"@type":"CommentAction","name":"Comment","target":["https:\/\/patagoniambiental.com.ar\/info\/la-conferencia-sobre-los-oceanos-concluyo-con-mas-de-1-000-compromisos-voluntarios\/#respond"]}]},{"@type":"WebPage","@id":"https:\/\/patagoniambiental.com.ar\/info\/la-conferencia-sobre-los-oceanos-concluyo-con-mas-de-1-000-compromisos-voluntarios\/","url":"https:\/\/patagoniambiental.com.ar\/info\/la-conferencia-sobre-los-oceanos-concluyo-con-mas-de-1-000-compromisos-voluntarios\/","name":"La Conferencia sobre los Oc\u00e9anos concluy\u00f3 con m\u00e1s de 1.000 compromisos voluntarios","isPartOf":{"@id":"https:\/\/patagoniambiental.com.ar\/info\/#website"},"primaryImageOfPage":{"@id":"https:\/\/patagoniambiental.com.ar\/info\/la-conferencia-sobre-los-oceanos-concluyo-con-mas-de-1-000-compromisos-voluntarios\/#primaryimage"},"image":{"@id":"https:\/\/patagoniambiental.com.ar\/info\/la-conferencia-sobre-los-oceanos-concluyo-con-mas-de-1-000-compromisos-voluntarios\/#primaryimage"},"thumbnailUrl":"https:\/\/patagoniambiental.com.ar\/info\/wp-content\/uploads\/2017\/06\/mar.jpg","datePublished":"2017-06-13T12:00:06+00:00","breadcrumb":{"@id":"https:\/\/patagoniambiental.com.ar\/info\/la-conferencia-sobre-los-oceanos-concluyo-con-mas-de-1-000-compromisos-voluntarios\/#breadcrumb"},"inLanguage":"es","potentialAction":[{"@type":"ReadAction","target":["https:\/\/patagoniambiental.com.ar\/info\/la-conferencia-sobre-los-oceanos-concluyo-con-mas-de-1-000-compromisos-voluntarios\/"]}]},{"@type":"ImageObject","inLanguage":"es","@id":"https:\/\/patagoniambiental.com.ar\/info\/la-conferencia-sobre-los-oceanos-concluyo-con-mas-de-1-000-compromisos-voluntarios\/#primaryimage","url":"https:\/\/patagoniambiental.com.ar\/info\/wp-content\/uploads\/2017\/06\/mar.jpg","contentUrl":"https:\/\/patagoniambiental.com.ar\/info\/wp-content\/uploads\/2017\/06\/mar.jpg","width":1000,"height":660},{"@type":"BreadcrumbList","@id":"https:\/\/patagoniambiental.com.ar\/info\/la-conferencia-sobre-los-oceanos-concluyo-con-mas-de-1-000-compromisos-voluntarios\/#breadcrumb","itemListElement":[{"@type":"ListItem","position":1,"name":"Inicio","item":"https:\/\/patagoniambiental.com.ar\/info\/"},{"@type":"ListItem","position":2,"name":"La Conferencia sobre los Oc\u00e9anos concluy\u00f3 con m\u00e1s de 1.000 compromisos voluntarios"}]},{"@type":"WebSite","@id":"https:\/\/patagoniambiental.com.ar\/info\/#website","url":"https:\/\/patagoniambiental.com.ar\/info\/","name":"Patagonia Ambiental","description":"Monitoreo y an\u00e1lisis de la situaci\u00f3n geopol\u00edtica en el mundo y su implicancia en la Patagonia","publisher":{"@id":"https:\/\/patagoniambiental.com.ar\/info\/#organization"},"potentialAction":[{"@type":"SearchAction","target":{"@type":"EntryPoint","urlTemplate":"https:\/\/patagoniambiental.com.ar\/info\/?s={search_term_string}"},"query-input":{"@type":"PropertyValueSpecification","valueRequired":true,"valueName":"search_term_string"}}],"inLanguage":"es"},{"@type":"Organization","@id":"https:\/\/patagoniambiental.com.ar\/info\/#organization","name":"Patagonia Ambiental","url":"https:\/\/patagoniambiental.com.ar\/info\/","logo":{"@type":"ImageObject","inLanguage":"es","@id":"https:\/\/patagoniambiental.com.ar\/info\/#\/schema\/logo\/image\/","url":"https:\/\/patagoniambiental.com.ar\/info\/wp-content\/uploads\/2025\/05\/LOGO-PATAGONIA-AMBIENTAL.png","contentUrl":"https:\/\/patagoniambiental.com.ar\/info\/wp-content\/uploads\/2025\/05\/LOGO-PATAGONIA-AMBIENTAL.png","width":433,"height":250,"caption":"Patagonia Ambiental"},"image":{"@id":"https:\/\/patagoniambiental.com.ar\/info\/#\/schema\/logo\/image\/"},"sameAs":["https:\/\/www.facebook.com\/patagonia.ambiental","https:\/\/x.com\/PatAmb"]},{"@type":"Person","@id":"https:\/\/patagoniambiental.com.ar\/info\/#\/schema\/person\/db12bff64bbcbf6a253710bf0ea37b5d","name":"Patagonia Ambiental","description":"Andr\u00e9s Nievas T\u00e9cnico en manejo ambiental, consultor Ambiental y escritor para medios locales e internacionales sobre temas de geopolitica y medio ambiente.","sameAs":["http:\/\/www.patagoniambiental.com.ar","https:\/\/www.facebook.com\/share\/1C1V8Gv9BX\/?mibextid=qi2Omg","@patagoniambiental","https:\/\/youtube.com\/@patagoniaambiental2023?si=BLt58t0wuXquxlYZ"]}]}},"_links":{"self":[{"href":"https:\/\/patagoniambiental.com.ar\/info\/wp-json\/wp\/v2\/posts\/30429","targetHints":{"allow":["GET"]}}],"collection":[{"href":"https:\/\/patagoniambiental.com.ar\/info\/wp-json\/wp\/v2\/posts"}],"about":[{"href":"https:\/\/patagoniambiental.com.ar\/info\/wp-json\/wp\/v2\/types\/post"}],"author":[{"embeddable":true,"href":"https:\/\/patagoniambiental.com.ar\/info\/wp-json\/wp\/v2\/users\/2"}],"replies":[{"embeddable":true,"href":"https:\/\/patagoniambiental.com.ar\/info\/wp-json\/wp\/v2\/comments?post=30429"}],"version-history":[{"count":0,"href":"https:\/\/patagoniambiental.com.ar\/info\/wp-json\/wp\/v2\/posts\/30429\/revisions"}],"wp:featuredmedia":[{"embeddable":true,"href":"https:\/\/patagoniambiental.com.ar\/info\/wp-json\/wp\/v2\/media\/30430"}],"wp:attachment":[{"href":"https:\/\/patagoniambiental.com.ar\/info\/wp-json\/wp\/v2\/media?parent=30429"}],"wp:term":[{"taxonomy":"category","embeddable":true,"href":"https:\/\/patagoniambiental.com.ar\/info\/wp-json\/wp\/v2\/categories?post=30429"},{"taxonomy":"post_tag","embeddable":true,"href":"https:\/\/patagoniambiental.com.ar\/info\/wp-json\/wp\/v2\/tags?post=30429"}],"curies":[{"name":"wp","href":"https:\/\/api.w.org\/{rel}","templated":true}]}}