{"id":30448,"date":"2017-06-13T19:00:43","date_gmt":"2017-06-13T22:00:43","guid":{"rendered":"http:\/\/patagoniambiental.com.ar\/info\/?p=30448"},"modified":"2017-06-13T08:59:32","modified_gmt":"2017-06-13T11:59:32","slug":"comuneros-mapuches-resultan-muertos-por-enfrentamiento-con-carabinero","status":"publish","type":"post","link":"https:\/\/patagoniambiental.com.ar\/info\/comuneros-mapuches-resultan-muertos-por-enfrentamiento-con-carabinero\/","title":{"rendered":"Comuneros mapuches resultan muertos por enfrentamiento con carabinero"},"content":{"rendered":"<p>Chile.-Este s\u00e1bado se registr\u00f3 la muerte de Luis Humberto Marileo Cariqueo \u00a0y Patricio Gonz\u00e1lez Guajardo producto de un enfrentamiento con un capit\u00e1n de Carabineros, en el fundo El Encino, en las cercan\u00edas de Angol.<!--more--><\/p>\n<p>Seg\u00fan inform\u00f3 Carabineros de la zona, tres personas habr\u00edan ingresado al fundo y el capit\u00e1n en retiro utiliz\u00f3 una escopeta y una pistola dispar\u00e1ndole a dos de ellos. El Ministerio P\u00fablico instruy\u00f3 a los fiscales Luis Torres y Luis Espinoza iniciar las indagatorias para esclarecer c\u00f3mo sucedieron estos acontecimientos.<\/p>\n<p>Durante la tarde del domingo fueron entregados los cuerpos de los comuneros mapuche a sus familiares. Esto, en medio de manifestaciones de distintas comunidades de rechazo a los hechos.<\/p>\n<p>El werk\u00e9n de Temucuicui, Rodrigo Curipan, afirm\u00f3 que es lamentable que se sigan repitiendo estos hechos de violencia que afecta a miembros del Pueblo Mapuche y que esperar\u00e1n a lo que indague la justicia para tener una posici\u00f3n clara entre todas las comunidades.<\/p>\n<p>En tanto, un grupo de comunidades hizo un llamado a apoyar una manifestaci\u00f3n que se desarrollar\u00e1 este lunes en Temuco, Concepci\u00f3n y Santiago en solidaridad a los imputados por el caso Luchsinger Mackay que cumplen un a\u00f1o y dos meses en prisi\u00f3n preventiva.<\/p>\n<p>La vocera dela machi Francisca Linconao, Ingrid Conejeros, dijo que la autoridad ancestral sigue en un estado delicado de salud y constantemente es hostigada por funcionarios policiales en su hogar porque cumple con arresto domiciliario.<\/p>\n<p>Respecto de la muerte de los comuneros, Luis Marileo se encontraba en libertad condicional otorgada por la Corte de Apelaciones de Temuco, luego de cumplir tres a\u00f1os de condena por el delito de homicidio de un agricultor de la zona.<\/p>\n<p>Mientras, las organizaciones mapuche realizaron distintas ceremonias durante este domingo por la muerte de ambos comuneros.<\/p>\n<p>Fuente:\u00a0http:\/\/radio.uchile.cl\/2017\/06\/11\/comuneros-mapuches-resultan-muertos-por-enfrentamiento-con-carabinero\/<\/p>\n","protected":false},"excerpt":{"rendered":"<p>Chile.-Este s\u00e1bado se registr\u00f3 la muerte de Luis Humberto Marileo Cariqueo \u00a0y Patricio Gonz\u00e1lez Guajardo producto de un enfrentamiento con [&hellip;]<\/p>\n","protected":false},"author":2,"featured_media":30449,"comment_status":"open","ping_status":"open","sticky":false,"template":"","format":"standard","meta":{"site-sidebar-layout":"default","site-content-layout":"","ast-site-content-layout":"default","site-content-style":"default","site-sidebar-style":"default","ast-global-header-display":"","ast-banner-title-visibility":"","ast-main-header-display":"","ast-hfb-above-header-display":"","ast-hfb-below-header-display":"","ast-hfb-mobile-header-display":"","site-post-title":"","ast-breadcrumbs-content":"","ast-featured-img":"","footer-sml-layout":"","ast-disable-related-posts":"","theme-transparent-header-meta":"","adv-header-id-meta":"","stick-header-meta":"","header-above-stick-meta":"","header-main-stick-meta":"","header-below-stick-meta":"","astra-migrate-meta-layouts":"default","ast-page-background-enabled":"default","ast-page-background-meta":{"desktop":{"background-color":"var(--ast-global-color-5)","background-image":"","background-repeat":"repeat","background-position":"center center","background-size":"auto","background-attachment":"scroll","background-type":"","background-media":"","overlay-type":"","overlay-color":"","overlay-opacity":"","overlay-gradient":""},"tablet":{"background-color":"","background-image":"","background-repeat":"repeat","background-position":"center center","background-size":"auto","background-attachment":"scroll","background-type":"","background-media":"","overlay-type":"","overlay-color":"","overlay-opacity":"","overlay-gradient":""},"mobile":{"background-color":"","background-image":"","background-repeat":"repeat","background-position":"center center","background-size":"auto","background-attachment":"scroll","background-type":"","background-media":"","overlay-type":"","overlay-color":"","overlay-opacity":"","overlay-gradient":""}},"ast-content-background-meta":{"desktop":{"background-color":"var(--ast-global-color-4)","background-image":"","background-repeat":"repeat","background-position":"center center","background-size":"auto","background-attachment":"scroll","background-type":"","background-media":"","overlay-type":"","overlay-color":"","overlay-opacity":"","overlay-gradient":""},"tablet":{"background-color":"var(--ast-global-color-4)","background-image":"","background-repeat":"repeat","background-position":"center center","background-size":"auto","background-attachment":"scroll","background-type":"","background-media":"","overlay-type":"","overlay-color":"","overlay-opacity":"","overlay-gradient":""},"mobile":{"background-color":"var(--ast-global-color-4)","background-image":"","background-repeat":"repeat","background-position":"center center","background-size":"auto","background-attachment":"scroll","background-type":"","background-media":"","overlay-type":"","overlay-color":"","overlay-opacity":"","overlay-gradient":""}},"footnotes":""},"categories":[23,1],"tags":[],"class_list":["post-30448","post","type-post","status-publish","format-standard","has-post-thumbnail","hentry","category-internacionales","category-noticias"],"yoast_head":"<!-- This site is optimized with the Yoast SEO Premium plugin v23.0 (Yoast SEO v27.4) - https:\/\/yoast.com\/product\/yoast-seo-premium-wordpress\/ -->\n<title>Comuneros mapuches resultan muertos por enfrentamiento con carabinero<\/title>\n<meta name=\"robots\" content=\"index, follow, max-snippet:-1, max-image-preview:large, max-video-preview:-1\" \/>\n<link rel=\"canonical\" href=\"https:\/\/patagoniambiental.com.ar\/info\/comuneros-mapuches-resultan-muertos-por-enfrentamiento-con-carabinero\/\" \/>\n<meta property=\"og:locale\" content=\"es_ES\" \/>\n<meta property=\"og:type\" content=\"article\" \/>\n<meta property=\"og:title\" content=\"Comuneros mapuches resultan muertos por enfrentamiento con carabinero\" \/>\n<meta property=\"og:description\" content=\"Chile.-Este s\u00e1bado se registr\u00f3 la muerte de Luis Humberto Marileo Cariqueo \u00a0y Patricio Gonz\u00e1lez Guajardo producto de un enfrentamiento con [&hellip;]\" \/>\n<meta property=\"og:url\" content=\"https:\/\/patagoniambiental.com.ar\/info\/comuneros-mapuches-resultan-muertos-por-enfrentamiento-con-carabinero\/\" \/>\n<meta property=\"og:site_name\" content=\"Patagonia Ambiental\" \/>\n<meta property=\"article:publisher\" content=\"https:\/\/www.facebook.com\/patagonia.ambiental\" \/>\n<meta property=\"article:author\" content=\"https:\/\/www.facebook.com\/share\/1C1V8Gv9BX\/?mibextid=qi2Omg\" \/>\n<meta property=\"article:published_time\" content=\"2017-06-13T22:00:43+00:00\" \/>\n<meta property=\"og:image\" content=\"https:\/\/patagoniambiental.com.ar\/info\/wp-content\/uploads\/2017\/06\/CHILE-MovilizacinMapuche-678x330.jpg\" \/>\n\t<meta property=\"og:image:width\" content=\"678\" \/>\n\t<meta property=\"og:image:height\" content=\"330\" \/>\n\t<meta property=\"og:image:type\" content=\"image\/jpeg\" \/>\n<meta name=\"author\" content=\"Patagonia Ambiental\" \/>\n<meta name=\"twitter:card\" content=\"summary_large_image\" \/>\n<meta name=\"twitter:creator\" content=\"@PatAmb\" \/>\n<meta name=\"twitter:site\" content=\"@PatAmb\" \/>\n<script type=\"application\/ld+json\" class=\"yoast-schema-graph\">{\"@context\":\"https:\\\/\\\/schema.org\",\"@graph\":[{\"@type\":\"Article\",\"@id\":\"https:\\\/\\\/patagoniambiental.com.ar\\\/info\\\/comuneros-mapuches-resultan-muertos-por-enfrentamiento-con-carabinero\\\/#article\",\"isPartOf\":{\"@id\":\"https:\\\/\\\/patagoniambiental.com.ar\\\/info\\\/comuneros-mapuches-resultan-muertos-por-enfrentamiento-con-carabinero\\\/\"},\"author\":{\"name\":\"Patagonia Ambiental\",\"@id\":\"https:\\\/\\\/patagoniambiental.com.ar\\\/info\\\/#\\\/schema\\\/person\\\/db12bff64bbcbf6a253710bf0ea37b5d\"},\"headline\":\"Comuneros mapuches resultan muertos por enfrentamiento con carabinero\",\"datePublished\":\"2017-06-13T22:00:43+00:00\",\"mainEntityOfPage\":{\"@id\":\"https:\\\/\\\/patagoniambiental.com.ar\\\/info\\\/comuneros-mapuches-resultan-muertos-por-enfrentamiento-con-carabinero\\\/\"},\"wordCount\":322,\"commentCount\":0,\"publisher\":{\"@id\":\"https:\\\/\\\/patagoniambiental.com.ar\\\/info\\\/#organization\"},\"image\":{\"@id\":\"https:\\\/\\\/patagoniambiental.com.ar\\\/info\\\/comuneros-mapuches-resultan-muertos-por-enfrentamiento-con-carabinero\\\/#primaryimage\"},\"thumbnailUrl\":\"https:\\\/\\\/patagoniambiental.com.ar\\\/info\\\/wp-content\\\/uploads\\\/2017\\\/06\\\/CHILE-MovilizacinMapuche-678x330.jpg\",\"articleSection\":[\"Internacionales\",\"Noticias\"],\"inLanguage\":\"es\",\"potentialAction\":[{\"@type\":\"CommentAction\",\"name\":\"Comment\",\"target\":[\"https:\\\/\\\/patagoniambiental.com.ar\\\/info\\\/comuneros-mapuches-resultan-muertos-por-enfrentamiento-con-carabinero\\\/#respond\"]}]},{\"@type\":\"WebPage\",\"@id\":\"https:\\\/\\\/patagoniambiental.com.ar\\\/info\\\/comuneros-mapuches-resultan-muertos-por-enfrentamiento-con-carabinero\\\/\",\"url\":\"https:\\\/\\\/patagoniambiental.com.ar\\\/info\\\/comuneros-mapuches-resultan-muertos-por-enfrentamiento-con-carabinero\\\/\",\"name\":\"Comuneros mapuches resultan muertos por enfrentamiento con carabinero\",\"isPartOf\":{\"@id\":\"https:\\\/\\\/patagoniambiental.com.ar\\\/info\\\/#website\"},\"primaryImageOfPage\":{\"@id\":\"https:\\\/\\\/patagoniambiental.com.ar\\\/info\\\/comuneros-mapuches-resultan-muertos-por-enfrentamiento-con-carabinero\\\/#primaryimage\"},\"image\":{\"@id\":\"https:\\\/\\\/patagoniambiental.com.ar\\\/info\\\/comuneros-mapuches-resultan-muertos-por-enfrentamiento-con-carabinero\\\/#primaryimage\"},\"thumbnailUrl\":\"https:\\\/\\\/patagoniambiental.com.ar\\\/info\\\/wp-content\\\/uploads\\\/2017\\\/06\\\/CHILE-MovilizacinMapuche-678x330.jpg\",\"datePublished\":\"2017-06-13T22:00:43+00:00\",\"breadcrumb\":{\"@id\":\"https:\\\/\\\/patagoniambiental.com.ar\\\/info\\\/comuneros-mapuches-resultan-muertos-por-enfrentamiento-con-carabinero\\\/#breadcrumb\"},\"inLanguage\":\"es\",\"potentialAction\":[{\"@type\":\"ReadAction\",\"target\":[\"https:\\\/\\\/patagoniambiental.com.ar\\\/info\\\/comuneros-mapuches-resultan-muertos-por-enfrentamiento-con-carabinero\\\/\"]}]},{\"@type\":\"ImageObject\",\"inLanguage\":\"es\",\"@id\":\"https:\\\/\\\/patagoniambiental.com.ar\\\/info\\\/comuneros-mapuches-resultan-muertos-por-enfrentamiento-con-carabinero\\\/#primaryimage\",\"url\":\"https:\\\/\\\/patagoniambiental.com.ar\\\/info\\\/wp-content\\\/uploads\\\/2017\\\/06\\\/CHILE-MovilizacinMapuche-678x330.jpg\",\"contentUrl\":\"https:\\\/\\\/patagoniambiental.com.ar\\\/info\\\/wp-content\\\/uploads\\\/2017\\\/06\\\/CHILE-MovilizacinMapuche-678x330.jpg\",\"width\":678,\"height\":330},{\"@type\":\"BreadcrumbList\",\"@id\":\"https:\\\/\\\/patagoniambiental.com.ar\\\/info\\\/comuneros-mapuches-resultan-muertos-por-enfrentamiento-con-carabinero\\\/#breadcrumb\",\"itemListElement\":[{\"@type\":\"ListItem\",\"position\":1,\"name\":\"Inicio\",\"item\":\"https:\\\/\\\/patagoniambiental.com.ar\\\/info\\\/\"},{\"@type\":\"ListItem\",\"position\":2,\"name\":\"Comuneros mapuches resultan muertos por enfrentamiento con carabinero\"}]},{\"@type\":\"WebSite\",\"@id\":\"https:\\\/\\\/patagoniambiental.com.ar\\\/info\\\/#website\",\"url\":\"https:\\\/\\\/patagoniambiental.com.ar\\\/info\\\/\",\"name\":\"Patagonia Ambiental\",\"description\":\"Monitoreo y an\u00e1lisis de la situaci\u00f3n geopol\u00edtica en el mundo y su implicancia en la Patagonia\",\"publisher\":{\"@id\":\"https:\\\/\\\/patagoniambiental.com.ar\\\/info\\\/#organization\"},\"potentialAction\":[{\"@type\":\"SearchAction\",\"target\":{\"@type\":\"EntryPoint\",\"urlTemplate\":\"https:\\\/\\\/patagoniambiental.com.ar\\\/info\\\/?s={search_term_string}\"},\"query-input\":{\"@type\":\"PropertyValueSpecification\",\"valueRequired\":true,\"valueName\":\"search_term_string\"}}],\"inLanguage\":\"es\"},{\"@type\":\"Organization\",\"@id\":\"https:\\\/\\\/patagoniambiental.com.ar\\\/info\\\/#organization\",\"name\":\"Patagonia Ambiental\",\"url\":\"https:\\\/\\\/patagoniambiental.com.ar\\\/info\\\/\",\"logo\":{\"@type\":\"ImageObject\",\"inLanguage\":\"es\",\"@id\":\"https:\\\/\\\/patagoniambiental.com.ar\\\/info\\\/#\\\/schema\\\/logo\\\/image\\\/\",\"url\":\"https:\\\/\\\/patagoniambiental.com.ar\\\/info\\\/wp-content\\\/uploads\\\/2025\\\/05\\\/LOGO-PATAGONIA-AMBIENTAL.png\",\"contentUrl\":\"https:\\\/\\\/patagoniambiental.com.ar\\\/info\\\/wp-content\\\/uploads\\\/2025\\\/05\\\/LOGO-PATAGONIA-AMBIENTAL.png\",\"width\":433,\"height\":250,\"caption\":\"Patagonia Ambiental\"},\"image\":{\"@id\":\"https:\\\/\\\/patagoniambiental.com.ar\\\/info\\\/#\\\/schema\\\/logo\\\/image\\\/\"},\"sameAs\":[\"https:\\\/\\\/www.facebook.com\\\/patagonia.ambiental\",\"https:\\\/\\\/x.com\\\/PatAmb\"]},{\"@type\":\"Person\",\"@id\":\"https:\\\/\\\/patagoniambiental.com.ar\\\/info\\\/#\\\/schema\\\/person\\\/db12bff64bbcbf6a253710bf0ea37b5d\",\"name\":\"Patagonia Ambiental\",\"description\":\"Andr\u00e9s Nievas T\u00e9cnico en manejo ambiental, consultor Ambiental y escritor para medios locales e internacionales sobre temas de geopolitica y medio ambiente.\",\"sameAs\":[\"http:\\\/\\\/www.patagoniambiental.com.ar\",\"https:\\\/\\\/www.facebook.com\\\/share\\\/1C1V8Gv9BX\\\/?mibextid=qi2Omg\",\"@patagoniambiental\",\"https:\\\/\\\/youtube.com\\\/@patagoniaambiental2023?si=BLt58t0wuXquxlYZ\"]}]}<\/script>\n<!-- \/ Yoast SEO Premium plugin. -->","yoast_head_json":{"title":"Comuneros mapuches resultan muertos por enfrentamiento con carabinero","robots":{"index":"index","follow":"follow","max-snippet":"max-snippet:-1","max-image-preview":"max-image-preview:large","max-video-preview":"max-video-preview:-1"},"canonical":"https:\/\/patagoniambiental.com.ar\/info\/comuneros-mapuches-resultan-muertos-por-enfrentamiento-con-carabinero\/","og_locale":"es_ES","og_type":"article","og_title":"Comuneros mapuches resultan muertos por enfrentamiento con carabinero","og_description":"Chile.-Este s\u00e1bado se registr\u00f3 la muerte de Luis Humberto Marileo Cariqueo \u00a0y Patricio Gonz\u00e1lez Guajardo producto de un enfrentamiento con [&hellip;]","og_url":"https:\/\/patagoniambiental.com.ar\/info\/comuneros-mapuches-resultan-muertos-por-enfrentamiento-con-carabinero\/","og_site_name":"Patagonia Ambiental","article_publisher":"https:\/\/www.facebook.com\/patagonia.ambiental","article_author":"https:\/\/www.facebook.com\/share\/1C1V8Gv9BX\/?mibextid=qi2Omg","article_published_time":"2017-06-13T22:00:43+00:00","og_image":[{"width":678,"height":330,"url":"https:\/\/patagoniambiental.com.ar\/info\/wp-content\/uploads\/2017\/06\/CHILE-MovilizacinMapuche-678x330.jpg","type":"image\/jpeg"}],"author":"Patagonia Ambiental","twitter_card":"summary_large_image","twitter_creator":"@PatAmb","twitter_site":"@PatAmb","schema":{"@context":"https:\/\/schema.org","@graph":[{"@type":"Article","@id":"https:\/\/patagoniambiental.com.ar\/info\/comuneros-mapuches-resultan-muertos-por-enfrentamiento-con-carabinero\/#article","isPartOf":{"@id":"https:\/\/patagoniambiental.com.ar\/info\/comuneros-mapuches-resultan-muertos-por-enfrentamiento-con-carabinero\/"},"author":{"name":"Patagonia Ambiental","@id":"https:\/\/patagoniambiental.com.ar\/info\/#\/schema\/person\/db12bff64bbcbf6a253710bf0ea37b5d"},"headline":"Comuneros mapuches resultan muertos por enfrentamiento con carabinero","datePublished":"2017-06-13T22:00:43+00:00","mainEntityOfPage":{"@id":"https:\/\/patagoniambiental.com.ar\/info\/comuneros-mapuches-resultan-muertos-por-enfrentamiento-con-carabinero\/"},"wordCount":322,"commentCount":0,"publisher":{"@id":"https:\/\/patagoniambiental.com.ar\/info\/#organization"},"image":{"@id":"https:\/\/patagoniambiental.com.ar\/info\/comuneros-mapuches-resultan-muertos-por-enfrentamiento-con-carabinero\/#primaryimage"},"thumbnailUrl":"https:\/\/patagoniambiental.com.ar\/info\/wp-content\/uploads\/2017\/06\/CHILE-MovilizacinMapuche-678x330.jpg","articleSection":["Internacionales","Noticias"],"inLanguage":"es","potentialAction":[{"@type":"CommentAction","name":"Comment","target":["https:\/\/patagoniambiental.com.ar\/info\/comuneros-mapuches-resultan-muertos-por-enfrentamiento-con-carabinero\/#respond"]}]},{"@type":"WebPage","@id":"https:\/\/patagoniambiental.com.ar\/info\/comuneros-mapuches-resultan-muertos-por-enfrentamiento-con-carabinero\/","url":"https:\/\/patagoniambiental.com.ar\/info\/comuneros-mapuches-resultan-muertos-por-enfrentamiento-con-carabinero\/","name":"Comuneros mapuches resultan muertos por enfrentamiento con carabinero","isPartOf":{"@id":"https:\/\/patagoniambiental.com.ar\/info\/#website"},"primaryImageOfPage":{"@id":"https:\/\/patagoniambiental.com.ar\/info\/comuneros-mapuches-resultan-muertos-por-enfrentamiento-con-carabinero\/#primaryimage"},"image":{"@id":"https:\/\/patagoniambiental.com.ar\/info\/comuneros-mapuches-resultan-muertos-por-enfrentamiento-con-carabinero\/#primaryimage"},"thumbnailUrl":"https:\/\/patagoniambiental.com.ar\/info\/wp-content\/uploads\/2017\/06\/CHILE-MovilizacinMapuche-678x330.jpg","datePublished":"2017-06-13T22:00:43+00:00","breadcrumb":{"@id":"https:\/\/patagoniambiental.com.ar\/info\/comuneros-mapuches-resultan-muertos-por-enfrentamiento-con-carabinero\/#breadcrumb"},"inLanguage":"es","potentialAction":[{"@type":"ReadAction","target":["https:\/\/patagoniambiental.com.ar\/info\/comuneros-mapuches-resultan-muertos-por-enfrentamiento-con-carabinero\/"]}]},{"@type":"ImageObject","inLanguage":"es","@id":"https:\/\/patagoniambiental.com.ar\/info\/comuneros-mapuches-resultan-muertos-por-enfrentamiento-con-carabinero\/#primaryimage","url":"https:\/\/patagoniambiental.com.ar\/info\/wp-content\/uploads\/2017\/06\/CHILE-MovilizacinMapuche-678x330.jpg","contentUrl":"https:\/\/patagoniambiental.com.ar\/info\/wp-content\/uploads\/2017\/06\/CHILE-MovilizacinMapuche-678x330.jpg","width":678,"height":330},{"@type":"BreadcrumbList","@id":"https:\/\/patagoniambiental.com.ar\/info\/comuneros-mapuches-resultan-muertos-por-enfrentamiento-con-carabinero\/#breadcrumb","itemListElement":[{"@type":"ListItem","position":1,"name":"Inicio","item":"https:\/\/patagoniambiental.com.ar\/info\/"},{"@type":"ListItem","position":2,"name":"Comuneros mapuches resultan muertos por enfrentamiento con carabinero"}]},{"@type":"WebSite","@id":"https:\/\/patagoniambiental.com.ar\/info\/#website","url":"https:\/\/patagoniambiental.com.ar\/info\/","name":"Patagonia Ambiental","description":"Monitoreo y an\u00e1lisis de la situaci\u00f3n geopol\u00edtica en el mundo y su implicancia en la Patagonia","publisher":{"@id":"https:\/\/patagoniambiental.com.ar\/info\/#organization"},"potentialAction":[{"@type":"SearchAction","target":{"@type":"EntryPoint","urlTemplate":"https:\/\/patagoniambiental.com.ar\/info\/?s={search_term_string}"},"query-input":{"@type":"PropertyValueSpecification","valueRequired":true,"valueName":"search_term_string"}}],"inLanguage":"es"},{"@type":"Organization","@id":"https:\/\/patagoniambiental.com.ar\/info\/#organization","name":"Patagonia Ambiental","url":"https:\/\/patagoniambiental.com.ar\/info\/","logo":{"@type":"ImageObject","inLanguage":"es","@id":"https:\/\/patagoniambiental.com.ar\/info\/#\/schema\/logo\/image\/","url":"https:\/\/patagoniambiental.com.ar\/info\/wp-content\/uploads\/2025\/05\/LOGO-PATAGONIA-AMBIENTAL.png","contentUrl":"https:\/\/patagoniambiental.com.ar\/info\/wp-content\/uploads\/2025\/05\/LOGO-PATAGONIA-AMBIENTAL.png","width":433,"height":250,"caption":"Patagonia Ambiental"},"image":{"@id":"https:\/\/patagoniambiental.com.ar\/info\/#\/schema\/logo\/image\/"},"sameAs":["https:\/\/www.facebook.com\/patagonia.ambiental","https:\/\/x.com\/PatAmb"]},{"@type":"Person","@id":"https:\/\/patagoniambiental.com.ar\/info\/#\/schema\/person\/db12bff64bbcbf6a253710bf0ea37b5d","name":"Patagonia Ambiental","description":"Andr\u00e9s Nievas T\u00e9cnico en manejo ambiental, consultor Ambiental y escritor para medios locales e internacionales sobre temas de geopolitica y medio ambiente.","sameAs":["http:\/\/www.patagoniambiental.com.ar","https:\/\/www.facebook.com\/share\/1C1V8Gv9BX\/?mibextid=qi2Omg","@patagoniambiental","https:\/\/youtube.com\/@patagoniaambiental2023?si=BLt58t0wuXquxlYZ"]}]}},"_links":{"self":[{"href":"https:\/\/patagoniambiental.com.ar\/info\/wp-json\/wp\/v2\/posts\/30448","targetHints":{"allow":["GET"]}}],"collection":[{"href":"https:\/\/patagoniambiental.com.ar\/info\/wp-json\/wp\/v2\/posts"}],"about":[{"href":"https:\/\/patagoniambiental.com.ar\/info\/wp-json\/wp\/v2\/types\/post"}],"author":[{"embeddable":true,"href":"https:\/\/patagoniambiental.com.ar\/info\/wp-json\/wp\/v2\/users\/2"}],"replies":[{"embeddable":true,"href":"https:\/\/patagoniambiental.com.ar\/info\/wp-json\/wp\/v2\/comments?post=30448"}],"version-history":[{"count":0,"href":"https:\/\/patagoniambiental.com.ar\/info\/wp-json\/wp\/v2\/posts\/30448\/revisions"}],"wp:featuredmedia":[{"embeddable":true,"href":"https:\/\/patagoniambiental.com.ar\/info\/wp-json\/wp\/v2\/media\/30449"}],"wp:attachment":[{"href":"https:\/\/patagoniambiental.com.ar\/info\/wp-json\/wp\/v2\/media?parent=30448"}],"wp:term":[{"taxonomy":"category","embeddable":true,"href":"https:\/\/patagoniambiental.com.ar\/info\/wp-json\/wp\/v2\/categories?post=30448"},{"taxonomy":"post_tag","embeddable":true,"href":"https:\/\/patagoniambiental.com.ar\/info\/wp-json\/wp\/v2\/tags?post=30448"}],"curies":[{"name":"wp","href":"https:\/\/api.w.org\/{rel}","templated":true}]}}