{"id":30476,"date":"2017-06-13T19:00:10","date_gmt":"2017-06-13T22:00:10","guid":{"rendered":"http:\/\/patagoniambiental.com.ar\/info\/?p=30476"},"modified":"2017-06-13T12:56:20","modified_gmt":"2017-06-13T15:56:20","slug":"genusso-es-bueno-que-la-historia-se-preserve-para-construir-un-futuro-sustentable","status":"publish","type":"post","link":"https:\/\/patagoniambiental.com.ar\/info\/genusso-es-bueno-que-la-historia-se-preserve-para-construir-un-futuro-sustentable\/","title":{"rendered":"Genusso: \u201cEs bueno que la historia se preserve para construir un futuro sustentable\u201d"},"content":{"rendered":"<div dir=\"ltr\"><i>Bariloche.-En el marco de la muestra \u201cUn paseo por Bariloche en 1917: una recorrida que junta fragmentos, historias e instituciones\u201d, la Municipalidad de San Carlos de Bariloche y el Parque Nacional Nahuel Huapi firmaron este martes (13\/6) el Acta Acuerdo por la guarda de los materiales arqueol\u00f3gicos pertenecientes al ejido municipal.<\/i><\/div>\n<p><!--more--><\/p>\n<div dir=\"ltr\"><\/div>\n<div dir=\"ltr\"><\/div>\n<div dir=\"ltr\">A trav\u00e9s del acta, la Administraci\u00f3n de Parques Nacionales se compromete a resguardar los bienes bajo custodia en el Museo de la Patagonia \u201cFrancisco P. Moreno\u201d ubicado en el Centro C\u00edvico.<\/div>\n<div dir=\"ltr\"><\/div>\n<div dir=\"ltr\">La r\u00fabrica estuvo encabezada por el intendente Gustavo Gennuso y el intendente del Parque Nacional Nahuel Huapi Dami\u00e1n Mujica. Tambi\u00e9n estuvieron presentes el presidente del Concejo Municipal Diego Ben\u00edtez, el subsecretario de Medio Ambiente Carlos Beros, el jefe del Departamento de Conservaci\u00f3n y Educaci\u00f3n Ambiental del Parque Nacional Nahuel Huapi, y la subsecretaria de Cultura del municipio Ana Geron.<\/div>\n<div dir=\"ltr\"><\/div>\n<div dir=\"ltr\">La ciudad de Bariloche posee, a lo largo de su extensi\u00f3n, innumerables sitios arqueol\u00f3gicos e hist\u00f3ricos, pertenecientes a diferentes per\u00edodos de tiempo y contextos sociales. Algunos de ellos han sido estudiados sistem\u00e1ticamente, mientras que otros fueron objeto de rescates arqueol\u00f3gicos.<\/div>\n<div dir=\"ltr\"><\/div>\n<div dir=\"ltr\">Por primera vez en la historia de nuestra ciudad y a partir del registro e inventario de los materiales arqueol\u00f3gicos e hist\u00f3ricos provenientes de ellos, podemos apreciar la totalidad de nuestro patrimonio.<\/div>\n<div dir=\"ltr\"><\/div>\n<div dir=\"ltr\">El intendente Gustavo Gennuso resalt\u00f3 que \u201cten\u00edamos que tomar una decisi\u00f3n sobre qu\u00e9 hacer con el material recabado, as\u00ed que estamos complacidos de que hayamos podido congeniar para que sean exhibidos en este Museo\u201d.<\/div>\n<div dir=\"ltr\"><\/div>\n<div dir=\"ltr\">Adem\u00e1s mencion\u00f3 que esto es \u201cparte del trabajo en conjunto que se viene llevando adelante con Parques Nacionales en much\u00edsimos aspectos. En este en particular no hace a una problem\u00e1tica del Parque ni de la ciudad, sino de algo muy interesante como es el preservar muestras arqueol\u00f3gicas\u201d.<\/div>\n<div dir=\"ltr\"><\/div>\n<div dir=\"ltr\">\u201cTodo es parte de nuestra historia. Es bueno que la historia se preserve para construir un futuro sustentable. El pasado es parte de presente y parte del futuro\u201d, finaliz\u00f3 el jefe comunal.<\/div>\n<div dir=\"ltr\"><\/div>\n<div dir=\"ltr\">Parte de este acervo patrimonial puede verse en la muestra mencionada, en la sala Chonek del Museo de la Patagonia, de martes a viernes de 10 a 12.30hs y de 14 a 18hs; los s\u00e1bados de 10 a 17hs.<\/div>\n<div dir=\"ltr\"><\/div>\n<div dir=\"ltr\">Fuente: Municipalidad de Bariloche<\/div>\n","protected":false},"excerpt":{"rendered":"<p>Bariloche.-En el marco de la muestra \u201cUn paseo por Bariloche en 1917: una recorrida que junta fragmentos, historias e instituciones\u201d, [&hellip;]<\/p>\n","protected":false},"author":2,"featured_media":30478,"comment_status":"open","ping_status":"open","sticky":false,"template":"","format":"standard","meta":{"site-sidebar-layout":"default","site-content-layout":"","ast-site-content-layout":"default","site-content-style":"default","site-sidebar-style":"default","ast-global-header-display":"","ast-banner-title-visibility":"","ast-main-header-display":"","ast-hfb-above-header-display":"","ast-hfb-below-header-display":"","ast-hfb-mobile-header-display":"","site-post-title":"","ast-breadcrumbs-content":"","ast-featured-img":"","footer-sml-layout":"","ast-disable-related-posts":"","theme-transparent-header-meta":"","adv-header-id-meta":"","stick-header-meta":"","header-above-stick-meta":"","header-main-stick-meta":"","header-below-stick-meta":"","astra-migrate-meta-layouts":"default","ast-page-background-enabled":"default","ast-page-background-meta":{"desktop":{"background-color":"var(--ast-global-color-5)","background-image":"","background-repeat":"repeat","background-position":"center center","background-size":"auto","background-attachment":"scroll","background-type":"","background-media":"","overlay-type":"","overlay-color":"","overlay-opacity":"","overlay-gradient":""},"tablet":{"background-color":"","background-image":"","background-repeat":"repeat","background-position":"center center","background-size":"auto","background-attachment":"scroll","background-type":"","background-media":"","overlay-type":"","overlay-color":"","overlay-opacity":"","overlay-gradient":""},"mobile":{"background-color":"","background-image":"","background-repeat":"repeat","background-position":"center center","background-size":"auto","background-attachment":"scroll","background-type":"","background-media":"","overlay-type":"","overlay-color":"","overlay-opacity":"","overlay-gradient":""}},"ast-content-background-meta":{"desktop":{"background-color":"var(--ast-global-color-4)","background-image":"","background-repeat":"repeat","background-position":"center center","background-size":"auto","background-attachment":"scroll","background-type":"","background-media":"","overlay-type":"","overlay-color":"","overlay-opacity":"","overlay-gradient":""},"tablet":{"background-color":"var(--ast-global-color-4)","background-image":"","background-repeat":"repeat","background-position":"center center","background-size":"auto","background-attachment":"scroll","background-type":"","background-media":"","overlay-type":"","overlay-color":"","overlay-opacity":"","overlay-gradient":""},"mobile":{"background-color":"var(--ast-global-color-4)","background-image":"","background-repeat":"repeat","background-position":"center center","background-size":"auto","background-attachment":"scroll","background-type":"","background-media":"","overlay-type":"","overlay-color":"","overlay-opacity":"","overlay-gradient":""}},"footnotes":""},"categories":[16,1],"tags":[],"class_list":["post-30476","post","type-post","status-publish","format-standard","has-post-thumbnail","hentry","category-municipales","category-noticias"],"yoast_head":"<!-- This site is optimized with the Yoast SEO Premium plugin v23.0 (Yoast SEO v27.4) - https:\/\/yoast.com\/product\/yoast-seo-premium-wordpress\/ -->\n<title>Genusso: \u201cEs bueno que la historia se preserve para construir un futuro sustentable\u201d<\/title>\n<meta name=\"robots\" content=\"index, follow, max-snippet:-1, max-image-preview:large, max-video-preview:-1\" \/>\n<link rel=\"canonical\" href=\"https:\/\/patagoniambiental.com.ar\/info\/genusso-es-bueno-que-la-historia-se-preserve-para-construir-un-futuro-sustentable\/\" \/>\n<meta property=\"og:locale\" content=\"es_ES\" \/>\n<meta property=\"og:type\" content=\"article\" \/>\n<meta property=\"og:title\" content=\"Genusso: \u201cEs bueno que la historia se preserve para construir un futuro sustentable\u201d\" \/>\n<meta property=\"og:description\" content=\"Bariloche.-En el marco de la muestra \u201cUn paseo por Bariloche en 1917: una recorrida que junta fragmentos, historias e instituciones\u201d, [&hellip;]\" \/>\n<meta property=\"og:url\" content=\"https:\/\/patagoniambiental.com.ar\/info\/genusso-es-bueno-que-la-historia-se-preserve-para-construir-un-futuro-sustentable\/\" \/>\n<meta property=\"og:site_name\" content=\"Patagonia Ambiental\" \/>\n<meta property=\"article:publisher\" content=\"https:\/\/www.facebook.com\/patagonia.ambiental\" \/>\n<meta property=\"article:author\" content=\"https:\/\/www.facebook.com\/share\/1C1V8Gv9BX\/?mibextid=qi2Omg\" \/>\n<meta property=\"article:published_time\" content=\"2017-06-13T22:00:10+00:00\" \/>\n<meta property=\"og:image\" content=\"https:\/\/patagoniambiental.com.ar\/info\/wp-content\/uploads\/2017\/06\/Sin-t\u00edtulo-6.png\" \/>\n\t<meta property=\"og:image:width\" content=\"686\" \/>\n\t<meta property=\"og:image:height\" content=\"360\" \/>\n\t<meta property=\"og:image:type\" content=\"image\/png\" \/>\n<meta name=\"author\" content=\"Patagonia Ambiental\" \/>\n<meta name=\"twitter:card\" content=\"summary_large_image\" \/>\n<meta name=\"twitter:creator\" content=\"@PatAmb\" \/>\n<meta name=\"twitter:site\" content=\"@PatAmb\" \/>\n<script type=\"application\/ld+json\" class=\"yoast-schema-graph\">{\"@context\":\"https:\\\/\\\/schema.org\",\"@graph\":[{\"@type\":\"Article\",\"@id\":\"https:\\\/\\\/patagoniambiental.com.ar\\\/info\\\/genusso-es-bueno-que-la-historia-se-preserve-para-construir-un-futuro-sustentable\\\/#article\",\"isPartOf\":{\"@id\":\"https:\\\/\\\/patagoniambiental.com.ar\\\/info\\\/genusso-es-bueno-que-la-historia-se-preserve-para-construir-un-futuro-sustentable\\\/\"},\"author\":{\"name\":\"Patagonia Ambiental\",\"@id\":\"https:\\\/\\\/patagoniambiental.com.ar\\\/info\\\/#\\\/schema\\\/person\\\/db12bff64bbcbf6a253710bf0ea37b5d\"},\"headline\":\"Genusso: \u201cEs bueno que la historia se preserve para construir un futuro sustentable\u201d\",\"datePublished\":\"2017-06-13T22:00:10+00:00\",\"mainEntityOfPage\":{\"@id\":\"https:\\\/\\\/patagoniambiental.com.ar\\\/info\\\/genusso-es-bueno-que-la-historia-se-preserve-para-construir-un-futuro-sustentable\\\/\"},\"wordCount\":403,\"commentCount\":0,\"publisher\":{\"@id\":\"https:\\\/\\\/patagoniambiental.com.ar\\\/info\\\/#organization\"},\"image\":{\"@id\":\"https:\\\/\\\/patagoniambiental.com.ar\\\/info\\\/genusso-es-bueno-que-la-historia-se-preserve-para-construir-un-futuro-sustentable\\\/#primaryimage\"},\"thumbnailUrl\":\"https:\\\/\\\/patagoniambiental.com.ar\\\/info\\\/wp-content\\\/uploads\\\/2017\\\/06\\\/Sin-t\u00edtulo-6.png\",\"articleSection\":[\"Municipales\",\"Noticias\"],\"inLanguage\":\"es\",\"potentialAction\":[{\"@type\":\"CommentAction\",\"name\":\"Comment\",\"target\":[\"https:\\\/\\\/patagoniambiental.com.ar\\\/info\\\/genusso-es-bueno-que-la-historia-se-preserve-para-construir-un-futuro-sustentable\\\/#respond\"]}]},{\"@type\":\"WebPage\",\"@id\":\"https:\\\/\\\/patagoniambiental.com.ar\\\/info\\\/genusso-es-bueno-que-la-historia-se-preserve-para-construir-un-futuro-sustentable\\\/\",\"url\":\"https:\\\/\\\/patagoniambiental.com.ar\\\/info\\\/genusso-es-bueno-que-la-historia-se-preserve-para-construir-un-futuro-sustentable\\\/\",\"name\":\"Genusso: \u201cEs bueno que la historia se preserve para construir un futuro sustentable\u201d\",\"isPartOf\":{\"@id\":\"https:\\\/\\\/patagoniambiental.com.ar\\\/info\\\/#website\"},\"primaryImageOfPage\":{\"@id\":\"https:\\\/\\\/patagoniambiental.com.ar\\\/info\\\/genusso-es-bueno-que-la-historia-se-preserve-para-construir-un-futuro-sustentable\\\/#primaryimage\"},\"image\":{\"@id\":\"https:\\\/\\\/patagoniambiental.com.ar\\\/info\\\/genusso-es-bueno-que-la-historia-se-preserve-para-construir-un-futuro-sustentable\\\/#primaryimage\"},\"thumbnailUrl\":\"https:\\\/\\\/patagoniambiental.com.ar\\\/info\\\/wp-content\\\/uploads\\\/2017\\\/06\\\/Sin-t\u00edtulo-6.png\",\"datePublished\":\"2017-06-13T22:00:10+00:00\",\"breadcrumb\":{\"@id\":\"https:\\\/\\\/patagoniambiental.com.ar\\\/info\\\/genusso-es-bueno-que-la-historia-se-preserve-para-construir-un-futuro-sustentable\\\/#breadcrumb\"},\"inLanguage\":\"es\",\"potentialAction\":[{\"@type\":\"ReadAction\",\"target\":[\"https:\\\/\\\/patagoniambiental.com.ar\\\/info\\\/genusso-es-bueno-que-la-historia-se-preserve-para-construir-un-futuro-sustentable\\\/\"]}]},{\"@type\":\"ImageObject\",\"inLanguage\":\"es\",\"@id\":\"https:\\\/\\\/patagoniambiental.com.ar\\\/info\\\/genusso-es-bueno-que-la-historia-se-preserve-para-construir-un-futuro-sustentable\\\/#primaryimage\",\"url\":\"https:\\\/\\\/patagoniambiental.com.ar\\\/info\\\/wp-content\\\/uploads\\\/2017\\\/06\\\/Sin-t\u00edtulo-6.png\",\"contentUrl\":\"https:\\\/\\\/patagoniambiental.com.ar\\\/info\\\/wp-content\\\/uploads\\\/2017\\\/06\\\/Sin-t\u00edtulo-6.png\",\"width\":686,\"height\":360},{\"@type\":\"BreadcrumbList\",\"@id\":\"https:\\\/\\\/patagoniambiental.com.ar\\\/info\\\/genusso-es-bueno-que-la-historia-se-preserve-para-construir-un-futuro-sustentable\\\/#breadcrumb\",\"itemListElement\":[{\"@type\":\"ListItem\",\"position\":1,\"name\":\"Inicio\",\"item\":\"https:\\\/\\\/patagoniambiental.com.ar\\\/info\\\/\"},{\"@type\":\"ListItem\",\"position\":2,\"name\":\"Genusso: \u201cEs bueno que la historia se preserve para construir un futuro sustentable\u201d\"}]},{\"@type\":\"WebSite\",\"@id\":\"https:\\\/\\\/patagoniambiental.com.ar\\\/info\\\/#website\",\"url\":\"https:\\\/\\\/patagoniambiental.com.ar\\\/info\\\/\",\"name\":\"Patagonia Ambiental\",\"description\":\"Monitoreo y an\u00e1lisis de la situaci\u00f3n geopol\u00edtica en el mundo y su implicancia en la Patagonia\",\"publisher\":{\"@id\":\"https:\\\/\\\/patagoniambiental.com.ar\\\/info\\\/#organization\"},\"potentialAction\":[{\"@type\":\"SearchAction\",\"target\":{\"@type\":\"EntryPoint\",\"urlTemplate\":\"https:\\\/\\\/patagoniambiental.com.ar\\\/info\\\/?s={search_term_string}\"},\"query-input\":{\"@type\":\"PropertyValueSpecification\",\"valueRequired\":true,\"valueName\":\"search_term_string\"}}],\"inLanguage\":\"es\"},{\"@type\":\"Organization\",\"@id\":\"https:\\\/\\\/patagoniambiental.com.ar\\\/info\\\/#organization\",\"name\":\"Patagonia Ambiental\",\"url\":\"https:\\\/\\\/patagoniambiental.com.ar\\\/info\\\/\",\"logo\":{\"@type\":\"ImageObject\",\"inLanguage\":\"es\",\"@id\":\"https:\\\/\\\/patagoniambiental.com.ar\\\/info\\\/#\\\/schema\\\/logo\\\/image\\\/\",\"url\":\"https:\\\/\\\/patagoniambiental.com.ar\\\/info\\\/wp-content\\\/uploads\\\/2025\\\/05\\\/LOGO-PATAGONIA-AMBIENTAL.png\",\"contentUrl\":\"https:\\\/\\\/patagoniambiental.com.ar\\\/info\\\/wp-content\\\/uploads\\\/2025\\\/05\\\/LOGO-PATAGONIA-AMBIENTAL.png\",\"width\":433,\"height\":250,\"caption\":\"Patagonia Ambiental\"},\"image\":{\"@id\":\"https:\\\/\\\/patagoniambiental.com.ar\\\/info\\\/#\\\/schema\\\/logo\\\/image\\\/\"},\"sameAs\":[\"https:\\\/\\\/www.facebook.com\\\/patagonia.ambiental\",\"https:\\\/\\\/x.com\\\/PatAmb\"]},{\"@type\":\"Person\",\"@id\":\"https:\\\/\\\/patagoniambiental.com.ar\\\/info\\\/#\\\/schema\\\/person\\\/db12bff64bbcbf6a253710bf0ea37b5d\",\"name\":\"Patagonia Ambiental\",\"description\":\"Andr\u00e9s Nievas T\u00e9cnico en manejo ambiental, consultor Ambiental y escritor para medios locales e internacionales sobre temas de geopolitica y medio ambiente.\",\"sameAs\":[\"http:\\\/\\\/www.patagoniambiental.com.ar\",\"https:\\\/\\\/www.facebook.com\\\/share\\\/1C1V8Gv9BX\\\/?mibextid=qi2Omg\",\"@patagoniambiental\",\"https:\\\/\\\/youtube.com\\\/@patagoniaambiental2023?si=BLt58t0wuXquxlYZ\"]}]}<\/script>\n<!-- \/ Yoast SEO Premium plugin. -->","yoast_head_json":{"title":"Genusso: \u201cEs bueno que la historia se preserve para construir un futuro sustentable\u201d","robots":{"index":"index","follow":"follow","max-snippet":"max-snippet:-1","max-image-preview":"max-image-preview:large","max-video-preview":"max-video-preview:-1"},"canonical":"https:\/\/patagoniambiental.com.ar\/info\/genusso-es-bueno-que-la-historia-se-preserve-para-construir-un-futuro-sustentable\/","og_locale":"es_ES","og_type":"article","og_title":"Genusso: \u201cEs bueno que la historia se preserve para construir un futuro sustentable\u201d","og_description":"Bariloche.-En el marco de la muestra \u201cUn paseo por Bariloche en 1917: una recorrida que junta fragmentos, historias e instituciones\u201d, [&hellip;]","og_url":"https:\/\/patagoniambiental.com.ar\/info\/genusso-es-bueno-que-la-historia-se-preserve-para-construir-un-futuro-sustentable\/","og_site_name":"Patagonia Ambiental","article_publisher":"https:\/\/www.facebook.com\/patagonia.ambiental","article_author":"https:\/\/www.facebook.com\/share\/1C1V8Gv9BX\/?mibextid=qi2Omg","article_published_time":"2017-06-13T22:00:10+00:00","og_image":[{"width":686,"height":360,"url":"https:\/\/patagoniambiental.com.ar\/info\/wp-content\/uploads\/2017\/06\/Sin-t\u00edtulo-6.png","type":"image\/png"}],"author":"Patagonia Ambiental","twitter_card":"summary_large_image","twitter_creator":"@PatAmb","twitter_site":"@PatAmb","schema":{"@context":"https:\/\/schema.org","@graph":[{"@type":"Article","@id":"https:\/\/patagoniambiental.com.ar\/info\/genusso-es-bueno-que-la-historia-se-preserve-para-construir-un-futuro-sustentable\/#article","isPartOf":{"@id":"https:\/\/patagoniambiental.com.ar\/info\/genusso-es-bueno-que-la-historia-se-preserve-para-construir-un-futuro-sustentable\/"},"author":{"name":"Patagonia Ambiental","@id":"https:\/\/patagoniambiental.com.ar\/info\/#\/schema\/person\/db12bff64bbcbf6a253710bf0ea37b5d"},"headline":"Genusso: \u201cEs bueno que la historia se preserve para construir un futuro sustentable\u201d","datePublished":"2017-06-13T22:00:10+00:00","mainEntityOfPage":{"@id":"https:\/\/patagoniambiental.com.ar\/info\/genusso-es-bueno-que-la-historia-se-preserve-para-construir-un-futuro-sustentable\/"},"wordCount":403,"commentCount":0,"publisher":{"@id":"https:\/\/patagoniambiental.com.ar\/info\/#organization"},"image":{"@id":"https:\/\/patagoniambiental.com.ar\/info\/genusso-es-bueno-que-la-historia-se-preserve-para-construir-un-futuro-sustentable\/#primaryimage"},"thumbnailUrl":"https:\/\/patagoniambiental.com.ar\/info\/wp-content\/uploads\/2017\/06\/Sin-t\u00edtulo-6.png","articleSection":["Municipales","Noticias"],"inLanguage":"es","potentialAction":[{"@type":"CommentAction","name":"Comment","target":["https:\/\/patagoniambiental.com.ar\/info\/genusso-es-bueno-que-la-historia-se-preserve-para-construir-un-futuro-sustentable\/#respond"]}]},{"@type":"WebPage","@id":"https:\/\/patagoniambiental.com.ar\/info\/genusso-es-bueno-que-la-historia-se-preserve-para-construir-un-futuro-sustentable\/","url":"https:\/\/patagoniambiental.com.ar\/info\/genusso-es-bueno-que-la-historia-se-preserve-para-construir-un-futuro-sustentable\/","name":"Genusso: \u201cEs bueno que la historia se preserve para construir un futuro sustentable\u201d","isPartOf":{"@id":"https:\/\/patagoniambiental.com.ar\/info\/#website"},"primaryImageOfPage":{"@id":"https:\/\/patagoniambiental.com.ar\/info\/genusso-es-bueno-que-la-historia-se-preserve-para-construir-un-futuro-sustentable\/#primaryimage"},"image":{"@id":"https:\/\/patagoniambiental.com.ar\/info\/genusso-es-bueno-que-la-historia-se-preserve-para-construir-un-futuro-sustentable\/#primaryimage"},"thumbnailUrl":"https:\/\/patagoniambiental.com.ar\/info\/wp-content\/uploads\/2017\/06\/Sin-t\u00edtulo-6.png","datePublished":"2017-06-13T22:00:10+00:00","breadcrumb":{"@id":"https:\/\/patagoniambiental.com.ar\/info\/genusso-es-bueno-que-la-historia-se-preserve-para-construir-un-futuro-sustentable\/#breadcrumb"},"inLanguage":"es","potentialAction":[{"@type":"ReadAction","target":["https:\/\/patagoniambiental.com.ar\/info\/genusso-es-bueno-que-la-historia-se-preserve-para-construir-un-futuro-sustentable\/"]}]},{"@type":"ImageObject","inLanguage":"es","@id":"https:\/\/patagoniambiental.com.ar\/info\/genusso-es-bueno-que-la-historia-se-preserve-para-construir-un-futuro-sustentable\/#primaryimage","url":"https:\/\/patagoniambiental.com.ar\/info\/wp-content\/uploads\/2017\/06\/Sin-t\u00edtulo-6.png","contentUrl":"https:\/\/patagoniambiental.com.ar\/info\/wp-content\/uploads\/2017\/06\/Sin-t\u00edtulo-6.png","width":686,"height":360},{"@type":"BreadcrumbList","@id":"https:\/\/patagoniambiental.com.ar\/info\/genusso-es-bueno-que-la-historia-se-preserve-para-construir-un-futuro-sustentable\/#breadcrumb","itemListElement":[{"@type":"ListItem","position":1,"name":"Inicio","item":"https:\/\/patagoniambiental.com.ar\/info\/"},{"@type":"ListItem","position":2,"name":"Genusso: \u201cEs bueno que la historia se preserve para construir un futuro sustentable\u201d"}]},{"@type":"WebSite","@id":"https:\/\/patagoniambiental.com.ar\/info\/#website","url":"https:\/\/patagoniambiental.com.ar\/info\/","name":"Patagonia Ambiental","description":"Monitoreo y an\u00e1lisis de la situaci\u00f3n geopol\u00edtica en el mundo y su implicancia en la Patagonia","publisher":{"@id":"https:\/\/patagoniambiental.com.ar\/info\/#organization"},"potentialAction":[{"@type":"SearchAction","target":{"@type":"EntryPoint","urlTemplate":"https:\/\/patagoniambiental.com.ar\/info\/?s={search_term_string}"},"query-input":{"@type":"PropertyValueSpecification","valueRequired":true,"valueName":"search_term_string"}}],"inLanguage":"es"},{"@type":"Organization","@id":"https:\/\/patagoniambiental.com.ar\/info\/#organization","name":"Patagonia Ambiental","url":"https:\/\/patagoniambiental.com.ar\/info\/","logo":{"@type":"ImageObject","inLanguage":"es","@id":"https:\/\/patagoniambiental.com.ar\/info\/#\/schema\/logo\/image\/","url":"https:\/\/patagoniambiental.com.ar\/info\/wp-content\/uploads\/2025\/05\/LOGO-PATAGONIA-AMBIENTAL.png","contentUrl":"https:\/\/patagoniambiental.com.ar\/info\/wp-content\/uploads\/2025\/05\/LOGO-PATAGONIA-AMBIENTAL.png","width":433,"height":250,"caption":"Patagonia Ambiental"},"image":{"@id":"https:\/\/patagoniambiental.com.ar\/info\/#\/schema\/logo\/image\/"},"sameAs":["https:\/\/www.facebook.com\/patagonia.ambiental","https:\/\/x.com\/PatAmb"]},{"@type":"Person","@id":"https:\/\/patagoniambiental.com.ar\/info\/#\/schema\/person\/db12bff64bbcbf6a253710bf0ea37b5d","name":"Patagonia Ambiental","description":"Andr\u00e9s Nievas T\u00e9cnico en manejo ambiental, consultor Ambiental y escritor para medios locales e internacionales sobre temas de geopolitica y medio ambiente.","sameAs":["http:\/\/www.patagoniambiental.com.ar","https:\/\/www.facebook.com\/share\/1C1V8Gv9BX\/?mibextid=qi2Omg","@patagoniambiental","https:\/\/youtube.com\/@patagoniaambiental2023?si=BLt58t0wuXquxlYZ"]}]}},"_links":{"self":[{"href":"https:\/\/patagoniambiental.com.ar\/info\/wp-json\/wp\/v2\/posts\/30476","targetHints":{"allow":["GET"]}}],"collection":[{"href":"https:\/\/patagoniambiental.com.ar\/info\/wp-json\/wp\/v2\/posts"}],"about":[{"href":"https:\/\/patagoniambiental.com.ar\/info\/wp-json\/wp\/v2\/types\/post"}],"author":[{"embeddable":true,"href":"https:\/\/patagoniambiental.com.ar\/info\/wp-json\/wp\/v2\/users\/2"}],"replies":[{"embeddable":true,"href":"https:\/\/patagoniambiental.com.ar\/info\/wp-json\/wp\/v2\/comments?post=30476"}],"version-history":[{"count":0,"href":"https:\/\/patagoniambiental.com.ar\/info\/wp-json\/wp\/v2\/posts\/30476\/revisions"}],"wp:featuredmedia":[{"embeddable":true,"href":"https:\/\/patagoniambiental.com.ar\/info\/wp-json\/wp\/v2\/media\/30478"}],"wp:attachment":[{"href":"https:\/\/patagoniambiental.com.ar\/info\/wp-json\/wp\/v2\/media?parent=30476"}],"wp:term":[{"taxonomy":"category","embeddable":true,"href":"https:\/\/patagoniambiental.com.ar\/info\/wp-json\/wp\/v2\/categories?post=30476"},{"taxonomy":"post_tag","embeddable":true,"href":"https:\/\/patagoniambiental.com.ar\/info\/wp-json\/wp\/v2\/tags?post=30476"}],"curies":[{"name":"wp","href":"https:\/\/api.w.org\/{rel}","templated":true}]}}