{"id":30504,"date":"2017-06-14T09:00:31","date_gmt":"2017-06-14T12:00:31","guid":{"rendered":"http:\/\/patagoniambiental.com.ar\/info\/?p=30504"},"modified":"2017-06-13T20:29:00","modified_gmt":"2017-06-13T23:29:00","slug":"hansen-trump-es-un-obstaculo-pasajero-en-la-lucha-contra-el-cambio-climatico","status":"publish","type":"post","link":"https:\/\/patagoniambiental.com.ar\/info\/hansen-trump-es-un-obstaculo-pasajero-en-la-lucha-contra-el-cambio-climatico\/","title":{"rendered":"Hansen: \u201cTrump es un obst\u00e1culo pasajero en la lucha contra el cambio clim\u00e1tico\u201d"},"content":{"rendered":"<p class=\"entradilla\">La ciencia del cambio clim\u00e1tico no puede entenderse sin las aportaciones del investigador James Hansen, pero tampoco la lucha por combatir este fen\u00f3meno, por la que va a llevar a los tribunales al presidente estadounidense, Donald Trump, a pesar de que cree que \u00abs\u00f3lo es un obst\u00e1culo pasajero en esta batalla\u00bb.<\/p>\n<p>Hasen (Iowa, 1941), profesor del <a href=\"http:\/\/csas.ei.columbia.edu\/\" target=\"_blank\" rel=\"nofollow noopener noreferrer\">Instituto de la Tierra de la Universidad de Colombia<\/a>, ha pasado el vuelo que le ha tra\u00eddo de Nueva York a Madrid para recoger el premio<a href=\"http:\/\/www.fbbva.es\/TLFU\/tlfu\/esp\/microsites\/premios\/fronteras\/index.jsp\" target=\"_blank\" rel=\"nofollow noopener noreferrer\"> BBVA Fronteras del Conocimiento en Cambio Clim\u00e1tico<\/a> redactando la base cient\u00edfica del caso por el que el pr\u00f3ximo mes de noviembre llevar\u00e1 a los tribunales a Trump por no actuar para reducir emisiones.<\/p>\n<p>El cient\u00edfico estadounidense, <strong>pionero en desarrollar modelos matem\u00e1ticos para calcular la acumulaci\u00f3n de gases de efecto invernadero en la atm\u00f3sfera y su impacto en el clima de la Tierra<\/strong>, presenta el caso junto a 21 j\u00f3venes que, apoyados por la organizaci\u00f3n<a href=\"https:\/\/www.ourchildrenstrust.org\/\" target=\"_blank\" rel=\"nofollow noopener noreferrer\"> Our Children Trust<\/a>, acusan al presidente y a varias agencias federales de \u201cincumplir la Constituci\u00f3n\u201d.<\/p>\n<p>\u201cIncumple su deber de proteger los derechos fundamentales de nuestros j\u00f3venes no haciendo nada para estabilizar el clima, lo que implicar\u00eda una reducci\u00f3n de emisiones de un 7 % anualmente, algo perfectamente factible con una tasa al carbono de 10 d\u00f3lares por tonelada emitida\u201d, explica Hansen en una entrevista con Efe.<\/p>\n<p>\u201cEl Gobierno federal ha tratado de impedir el juicio -que tendr\u00e1 lugar en la Corte del Distrito de Oreg\u00f3n- pero los jueces se lo han denegado con argumentos que nos llenan de esperanza de que podremos ganar, e ir mucho m\u00e1s lejos, a la Corte Suprema que es el siguiente paso\u201d, agrega.<\/p>\n<h3><strong>Pionero del activismo cient\u00edfico<\/strong><\/h3>\n<p>Adem\u00e1s de en la investigaci\u00f3n del cambio clim\u00e1tico, Hansen fue pionero en el activismo cient\u00edfico, compareciendo en el Congreso estadounidense en 1988 para dar cuenta de la gravedad del calentamiento global.<\/p>\n<p><strong>Preguntado por c\u00f3mo ve esa comparecencia a d\u00eda de hoy contesta que \u201ccon frustraci\u00f3n<\/strong>. Han pasado treinta a\u00f1os y es irracional que no se ha hecho nada para combatir un problema que afecta al bien com\u00fan\u201d.<\/p>\n<p>\u201cLos Gobiernos fueron capaces de dar una respuesta r\u00e1pida al problema de la capa de ozono mediante el Protocolo de Montreal. Con el cambio clim\u00e1tico no se ha hecho nada debido a la influencia tan descomunal de la industria de los combustibles f\u00f3siles en los partidos pol\u00edticos\u201d, a\u00f1ade.<\/p>\n<p>Hansen no alberga la m\u00e1s m\u00ednima dura de cual es la soluci\u00f3n para evitar las peores consecuencias del clima de la tierra, \u201cy no es el Acuerdo de Par\u00eds, que aunque no hace da\u00f1o, no va a cambiar la trayectoria de emisiones que llevamos\u201d.<\/p>\n<h3><strong>La \u201c\u00fanica\u201d soluci\u00f3n<\/strong><\/h3>\n<p>\u201cLa ciencia ha dejado claro que estabilizar el clima de la tierra exige <strong>poner un precio real a los combustibles f\u00f3siles<\/strong> que incluya su coste social, es decir, <strong>establecer una cuota a las transacciones comerciales de f\u00f3siles en todo el mundo<\/strong> que revierta directamente en incentivos a las energ\u00edas limpias\u201d, subraya.<\/p>\n<p>\u201cSe trata de establecer un mecanismo de mercado, que va a funcionar mejor que cualquier tipo de regulaci\u00f3n. Sin esa tasa no habr\u00e1 transici\u00f3n hacia un modelo bajo en carbono, porque seguiremos consumiendo combustibles f\u00f3siles baratos cuyo precio no incluye el da\u00f1o tan grave que supone su quema\u201d, incide.<\/p>\n<p>Hansen, que forma parte del \u201c<a href=\"https:\/\/citizensclimatelobby.org\/\" target=\"_blank\" rel=\"nofollow noopener noreferrer\">Lobby de Ciudadanos por el Clima<\/a>\u201d que reclama al Congreso estadounidense esa tasa, aboga porque \u201clas cada vez m\u00e1s personas, especialmente j\u00f3venes, preocupados por el cambio clim\u00e1tico en Estados Unidos creen <strong>un nuevo partido pol\u00edtico<\/strong>, ya que los dos que existen en la actualidad son absolutamente dependientes de las donaciones de la industria f\u00f3sil\u201d.<\/p>\n<h3><strong>El poder de los j\u00f3venes<\/strong><\/h3>\n<p>Este es el principal mensaje que quiere a hacer llegar a trav\u00e9s de su pr\u00f3ximo libro, \u201cEl Planeta de Sof\u00eda\u201d, dedicado a la generaci\u00f3n de su nieta mayor, Sof\u00eda, de 18 a\u00f1os: \u201cDefender vuestro derecho a no heredar un planeta en unas condiciones deplorables\u201d.<\/p>\n<p>\u201cEsa energ\u00eda de los j\u00f3venes y esa capacidad de movilizaci\u00f3n a trav\u00e9s de las redes sociales debe canalizarse mediante la creaci\u00f3n de un nuevo partido que no le deba nada a la industria de los combustibles f\u00f3siles. Si logran ponerlo en marcha antes de 2020 puede que tengamos un cambio importante que nos permita evitar las peores consecuencias del cambio clim\u00e1tico\u201d, insiste.<\/p>\n<p>Hasta ese momento, \u201c<strong>Trump es problema de corta duraci\u00f3n y puede ser hasta un revulsivo<\/strong> para que m\u00e1s gente preste atenci\u00f3n al tema y haga uso de la democracia para proteger a las generaciones futuras\u201d.<\/p>\n<p>Preguntado por cu\u00e1l es la pregunta m\u00e1s acuciante a la que debe responder la ciencia del clima, Hansen destaca que \u201ca <strong>cu\u00e1ndo y c\u00f3mo se va a producir el deshielo de los casquetes polares<\/strong>\u201c, en tanto que \u201cm\u00e1s de la mitad de grandes ciudades est\u00e1n al borde de un oc\u00e9ano, cuyo nivel puede subir varios metros de forma abrupta\u201d.<\/p>\n<p>Hansen, ex director del Instituto Goddard de Estudios Espaciales de NASA, no se arrepiente ni un \u00e1pice del activismo que le ha llevado a <strong>ser arrestado en varias ocasiones por protestar frente a la Casa Blanca<\/strong> contra la construcci\u00f3n de nuevos oleoductos: \u201cEl cambio clim\u00e1tico es el problema m\u00e1s crucial que afronta nuestra civilizaci\u00f3n\u201d.<\/p>\n<p>Fuente: Por <a href=\"https:\/\/twitter.com\/CatyArevalo\" target=\"_blank\" rel=\"nofollow noopener noreferrer\">Caty Ar\u00e9valo<\/a>\u00a0para EFE<\/p>\n<div>\n<\/div>\n","protected":false},"excerpt":{"rendered":"<p>La ciencia del cambio clim\u00e1tico no puede entenderse sin las aportaciones del investigador James Hansen, pero tampoco la lucha por [&hellip;]<\/p>\n","protected":false},"author":2,"featured_media":30505,"comment_status":"open","ping_status":"open","sticky":false,"template":"","format":"standard","meta":{"site-sidebar-layout":"default","site-content-layout":"","ast-site-content-layout":"default","site-content-style":"default","site-sidebar-style":"default","ast-global-header-display":"","ast-banner-title-visibility":"","ast-main-header-display":"","ast-hfb-above-header-display":"","ast-hfb-below-header-display":"","ast-hfb-mobile-header-display":"","site-post-title":"","ast-breadcrumbs-content":"","ast-featured-img":"","footer-sml-layout":"","ast-disable-related-posts":"","theme-transparent-header-meta":"","adv-header-id-meta":"","stick-header-meta":"","header-above-stick-meta":"","header-main-stick-meta":"","header-below-stick-meta":"","astra-migrate-meta-layouts":"default","ast-page-background-enabled":"default","ast-page-background-meta":{"desktop":{"background-color":"var(--ast-global-color-5)","background-image":"","background-repeat":"repeat","background-position":"center center","background-size":"auto","background-attachment":"scroll","background-type":"","background-media":"","overlay-type":"","overlay-color":"","overlay-opacity":"","overlay-gradient":""},"tablet":{"background-color":"","background-image":"","background-repeat":"repeat","background-position":"center center","background-size":"auto","background-attachment":"scroll","background-type":"","background-media":"","overlay-type":"","overlay-color":"","overlay-opacity":"","overlay-gradient":""},"mobile":{"background-color":"","background-image":"","background-repeat":"repeat","background-position":"center center","background-size":"auto","background-attachment":"scroll","background-type":"","background-media":"","overlay-type":"","overlay-color":"","overlay-opacity":"","overlay-gradient":""}},"ast-content-background-meta":{"desktop":{"background-color":"var(--ast-global-color-4)","background-image":"","background-repeat":"repeat","background-position":"center center","background-size":"auto","background-attachment":"scroll","background-type":"","background-media":"","overlay-type":"","overlay-color":"","overlay-opacity":"","overlay-gradient":""},"tablet":{"background-color":"var(--ast-global-color-4)","background-image":"","background-repeat":"repeat","background-position":"center center","background-size":"auto","background-attachment":"scroll","background-type":"","background-media":"","overlay-type":"","overlay-color":"","overlay-opacity":"","overlay-gradient":""},"mobile":{"background-color":"var(--ast-global-color-4)","background-image":"","background-repeat":"repeat","background-position":"center center","background-size":"auto","background-attachment":"scroll","background-type":"","background-media":"","overlay-type":"","overlay-color":"","overlay-opacity":"","overlay-gradient":""}},"footnotes":""},"categories":[23,1],"tags":[],"class_list":["post-30504","post","type-post","status-publish","format-standard","has-post-thumbnail","hentry","category-internacionales","category-noticias"],"yoast_head":"<!-- This site is optimized with the Yoast SEO Premium plugin v23.0 (Yoast SEO v27.4) - https:\/\/yoast.com\/product\/yoast-seo-premium-wordpress\/ -->\n<title>Hansen: \u201cTrump es un obst\u00e1culo pasajero en la lucha contra el cambio clim\u00e1tico\u201d<\/title>\n<meta name=\"robots\" content=\"index, follow, max-snippet:-1, max-image-preview:large, max-video-preview:-1\" \/>\n<link rel=\"canonical\" href=\"https:\/\/patagoniambiental.com.ar\/info\/hansen-trump-es-un-obstaculo-pasajero-en-la-lucha-contra-el-cambio-climatico\/\" \/>\n<meta property=\"og:locale\" content=\"es_ES\" \/>\n<meta property=\"og:type\" content=\"article\" \/>\n<meta property=\"og:title\" content=\"Hansen: \u201cTrump es un obst\u00e1culo pasajero en la lucha contra el cambio clim\u00e1tico\u201d\" \/>\n<meta property=\"og:description\" content=\"La ciencia del cambio clim\u00e1tico no puede entenderse sin las aportaciones del investigador James Hansen, pero tampoco la lucha por [&hellip;]\" \/>\n<meta property=\"og:url\" content=\"https:\/\/patagoniambiental.com.ar\/info\/hansen-trump-es-un-obstaculo-pasajero-en-la-lucha-contra-el-cambio-climatico\/\" \/>\n<meta property=\"og:site_name\" content=\"Patagonia Ambiental\" \/>\n<meta property=\"article:publisher\" content=\"https:\/\/www.facebook.com\/patagonia.ambiental\" \/>\n<meta property=\"article:author\" content=\"https:\/\/www.facebook.com\/share\/1C1V8Gv9BX\/?mibextid=qi2Omg\" \/>\n<meta property=\"article:published_time\" content=\"2017-06-14T12:00:31+00:00\" \/>\n<meta property=\"og:image\" content=\"https:\/\/patagoniambiental.com.ar\/info\/wp-content\/uploads\/2017\/06\/Hansen.jpg\" \/>\n\t<meta property=\"og:image:width\" content=\"620\" \/>\n\t<meta property=\"og:image:height\" content=\"310\" \/>\n\t<meta property=\"og:image:type\" content=\"image\/jpeg\" \/>\n<meta name=\"author\" content=\"Patagonia Ambiental\" \/>\n<meta name=\"twitter:card\" content=\"summary_large_image\" \/>\n<meta name=\"twitter:creator\" content=\"@PatAmb\" \/>\n<meta name=\"twitter:site\" content=\"@PatAmb\" \/>\n<script type=\"application\/ld+json\" class=\"yoast-schema-graph\">{\"@context\":\"https:\\\/\\\/schema.org\",\"@graph\":[{\"@type\":\"Article\",\"@id\":\"https:\\\/\\\/patagoniambiental.com.ar\\\/info\\\/hansen-trump-es-un-obstaculo-pasajero-en-la-lucha-contra-el-cambio-climatico\\\/#article\",\"isPartOf\":{\"@id\":\"https:\\\/\\\/patagoniambiental.com.ar\\\/info\\\/hansen-trump-es-un-obstaculo-pasajero-en-la-lucha-contra-el-cambio-climatico\\\/\"},\"author\":{\"name\":\"Patagonia Ambiental\",\"@id\":\"https:\\\/\\\/patagoniambiental.com.ar\\\/info\\\/#\\\/schema\\\/person\\\/db12bff64bbcbf6a253710bf0ea37b5d\"},\"headline\":\"Hansen: \u201cTrump es un obst\u00e1culo pasajero en la lucha contra el cambio clim\u00e1tico\u201d\",\"datePublished\":\"2017-06-14T12:00:31+00:00\",\"mainEntityOfPage\":{\"@id\":\"https:\\\/\\\/patagoniambiental.com.ar\\\/info\\\/hansen-trump-es-un-obstaculo-pasajero-en-la-lucha-contra-el-cambio-climatico\\\/\"},\"wordCount\":954,\"commentCount\":0,\"publisher\":{\"@id\":\"https:\\\/\\\/patagoniambiental.com.ar\\\/info\\\/#organization\"},\"image\":{\"@id\":\"https:\\\/\\\/patagoniambiental.com.ar\\\/info\\\/hansen-trump-es-un-obstaculo-pasajero-en-la-lucha-contra-el-cambio-climatico\\\/#primaryimage\"},\"thumbnailUrl\":\"https:\\\/\\\/patagoniambiental.com.ar\\\/info\\\/wp-content\\\/uploads\\\/2017\\\/06\\\/Hansen.jpg\",\"articleSection\":[\"Internacionales\",\"Noticias\"],\"inLanguage\":\"es\",\"potentialAction\":[{\"@type\":\"CommentAction\",\"name\":\"Comment\",\"target\":[\"https:\\\/\\\/patagoniambiental.com.ar\\\/info\\\/hansen-trump-es-un-obstaculo-pasajero-en-la-lucha-contra-el-cambio-climatico\\\/#respond\"]}]},{\"@type\":\"WebPage\",\"@id\":\"https:\\\/\\\/patagoniambiental.com.ar\\\/info\\\/hansen-trump-es-un-obstaculo-pasajero-en-la-lucha-contra-el-cambio-climatico\\\/\",\"url\":\"https:\\\/\\\/patagoniambiental.com.ar\\\/info\\\/hansen-trump-es-un-obstaculo-pasajero-en-la-lucha-contra-el-cambio-climatico\\\/\",\"name\":\"Hansen: \u201cTrump es un obst\u00e1culo pasajero en la lucha contra el cambio clim\u00e1tico\u201d\",\"isPartOf\":{\"@id\":\"https:\\\/\\\/patagoniambiental.com.ar\\\/info\\\/#website\"},\"primaryImageOfPage\":{\"@id\":\"https:\\\/\\\/patagoniambiental.com.ar\\\/info\\\/hansen-trump-es-un-obstaculo-pasajero-en-la-lucha-contra-el-cambio-climatico\\\/#primaryimage\"},\"image\":{\"@id\":\"https:\\\/\\\/patagoniambiental.com.ar\\\/info\\\/hansen-trump-es-un-obstaculo-pasajero-en-la-lucha-contra-el-cambio-climatico\\\/#primaryimage\"},\"thumbnailUrl\":\"https:\\\/\\\/patagoniambiental.com.ar\\\/info\\\/wp-content\\\/uploads\\\/2017\\\/06\\\/Hansen.jpg\",\"datePublished\":\"2017-06-14T12:00:31+00:00\",\"breadcrumb\":{\"@id\":\"https:\\\/\\\/patagoniambiental.com.ar\\\/info\\\/hansen-trump-es-un-obstaculo-pasajero-en-la-lucha-contra-el-cambio-climatico\\\/#breadcrumb\"},\"inLanguage\":\"es\",\"potentialAction\":[{\"@type\":\"ReadAction\",\"target\":[\"https:\\\/\\\/patagoniambiental.com.ar\\\/info\\\/hansen-trump-es-un-obstaculo-pasajero-en-la-lucha-contra-el-cambio-climatico\\\/\"]}]},{\"@type\":\"ImageObject\",\"inLanguage\":\"es\",\"@id\":\"https:\\\/\\\/patagoniambiental.com.ar\\\/info\\\/hansen-trump-es-un-obstaculo-pasajero-en-la-lucha-contra-el-cambio-climatico\\\/#primaryimage\",\"url\":\"https:\\\/\\\/patagoniambiental.com.ar\\\/info\\\/wp-content\\\/uploads\\\/2017\\\/06\\\/Hansen.jpg\",\"contentUrl\":\"https:\\\/\\\/patagoniambiental.com.ar\\\/info\\\/wp-content\\\/uploads\\\/2017\\\/06\\\/Hansen.jpg\",\"width\":620,\"height\":310,\"caption\":\"El cient\u00edfico estadounidense James Hansen. EFE\\\/Miguel To\u00f1a\"},{\"@type\":\"BreadcrumbList\",\"@id\":\"https:\\\/\\\/patagoniambiental.com.ar\\\/info\\\/hansen-trump-es-un-obstaculo-pasajero-en-la-lucha-contra-el-cambio-climatico\\\/#breadcrumb\",\"itemListElement\":[{\"@type\":\"ListItem\",\"position\":1,\"name\":\"Inicio\",\"item\":\"https:\\\/\\\/patagoniambiental.com.ar\\\/info\\\/\"},{\"@type\":\"ListItem\",\"position\":2,\"name\":\"Hansen: \u201cTrump es un obst\u00e1culo pasajero en la lucha contra el cambio clim\u00e1tico\u201d\"}]},{\"@type\":\"WebSite\",\"@id\":\"https:\\\/\\\/patagoniambiental.com.ar\\\/info\\\/#website\",\"url\":\"https:\\\/\\\/patagoniambiental.com.ar\\\/info\\\/\",\"name\":\"Patagonia Ambiental\",\"description\":\"Monitoreo y an\u00e1lisis de la situaci\u00f3n geopol\u00edtica en el mundo y su implicancia en la Patagonia\",\"publisher\":{\"@id\":\"https:\\\/\\\/patagoniambiental.com.ar\\\/info\\\/#organization\"},\"potentialAction\":[{\"@type\":\"SearchAction\",\"target\":{\"@type\":\"EntryPoint\",\"urlTemplate\":\"https:\\\/\\\/patagoniambiental.com.ar\\\/info\\\/?s={search_term_string}\"},\"query-input\":{\"@type\":\"PropertyValueSpecification\",\"valueRequired\":true,\"valueName\":\"search_term_string\"}}],\"inLanguage\":\"es\"},{\"@type\":\"Organization\",\"@id\":\"https:\\\/\\\/patagoniambiental.com.ar\\\/info\\\/#organization\",\"name\":\"Patagonia Ambiental\",\"url\":\"https:\\\/\\\/patagoniambiental.com.ar\\\/info\\\/\",\"logo\":{\"@type\":\"ImageObject\",\"inLanguage\":\"es\",\"@id\":\"https:\\\/\\\/patagoniambiental.com.ar\\\/info\\\/#\\\/schema\\\/logo\\\/image\\\/\",\"url\":\"https:\\\/\\\/patagoniambiental.com.ar\\\/info\\\/wp-content\\\/uploads\\\/2025\\\/05\\\/LOGO-PATAGONIA-AMBIENTAL.png\",\"contentUrl\":\"https:\\\/\\\/patagoniambiental.com.ar\\\/info\\\/wp-content\\\/uploads\\\/2025\\\/05\\\/LOGO-PATAGONIA-AMBIENTAL.png\",\"width\":433,\"height\":250,\"caption\":\"Patagonia Ambiental\"},\"image\":{\"@id\":\"https:\\\/\\\/patagoniambiental.com.ar\\\/info\\\/#\\\/schema\\\/logo\\\/image\\\/\"},\"sameAs\":[\"https:\\\/\\\/www.facebook.com\\\/patagonia.ambiental\",\"https:\\\/\\\/x.com\\\/PatAmb\"]},{\"@type\":\"Person\",\"@id\":\"https:\\\/\\\/patagoniambiental.com.ar\\\/info\\\/#\\\/schema\\\/person\\\/db12bff64bbcbf6a253710bf0ea37b5d\",\"name\":\"Patagonia Ambiental\",\"description\":\"Andr\u00e9s Nievas T\u00e9cnico en manejo ambiental, consultor Ambiental y escritor para medios locales e internacionales sobre temas de geopolitica y medio ambiente.\",\"sameAs\":[\"http:\\\/\\\/www.patagoniambiental.com.ar\",\"https:\\\/\\\/www.facebook.com\\\/share\\\/1C1V8Gv9BX\\\/?mibextid=qi2Omg\",\"@patagoniambiental\",\"https:\\\/\\\/youtube.com\\\/@patagoniaambiental2023?si=BLt58t0wuXquxlYZ\"]}]}<\/script>\n<!-- \/ Yoast SEO Premium plugin. -->","yoast_head_json":{"title":"Hansen: \u201cTrump es un obst\u00e1culo pasajero en la lucha contra el cambio clim\u00e1tico\u201d","robots":{"index":"index","follow":"follow","max-snippet":"max-snippet:-1","max-image-preview":"max-image-preview:large","max-video-preview":"max-video-preview:-1"},"canonical":"https:\/\/patagoniambiental.com.ar\/info\/hansen-trump-es-un-obstaculo-pasajero-en-la-lucha-contra-el-cambio-climatico\/","og_locale":"es_ES","og_type":"article","og_title":"Hansen: \u201cTrump es un obst\u00e1culo pasajero en la lucha contra el cambio clim\u00e1tico\u201d","og_description":"La ciencia del cambio clim\u00e1tico no puede entenderse sin las aportaciones del investigador James Hansen, pero tampoco la lucha por [&hellip;]","og_url":"https:\/\/patagoniambiental.com.ar\/info\/hansen-trump-es-un-obstaculo-pasajero-en-la-lucha-contra-el-cambio-climatico\/","og_site_name":"Patagonia Ambiental","article_publisher":"https:\/\/www.facebook.com\/patagonia.ambiental","article_author":"https:\/\/www.facebook.com\/share\/1C1V8Gv9BX\/?mibextid=qi2Omg","article_published_time":"2017-06-14T12:00:31+00:00","og_image":[{"width":620,"height":310,"url":"https:\/\/patagoniambiental.com.ar\/info\/wp-content\/uploads\/2017\/06\/Hansen.jpg","type":"image\/jpeg"}],"author":"Patagonia Ambiental","twitter_card":"summary_large_image","twitter_creator":"@PatAmb","twitter_site":"@PatAmb","schema":{"@context":"https:\/\/schema.org","@graph":[{"@type":"Article","@id":"https:\/\/patagoniambiental.com.ar\/info\/hansen-trump-es-un-obstaculo-pasajero-en-la-lucha-contra-el-cambio-climatico\/#article","isPartOf":{"@id":"https:\/\/patagoniambiental.com.ar\/info\/hansen-trump-es-un-obstaculo-pasajero-en-la-lucha-contra-el-cambio-climatico\/"},"author":{"name":"Patagonia Ambiental","@id":"https:\/\/patagoniambiental.com.ar\/info\/#\/schema\/person\/db12bff64bbcbf6a253710bf0ea37b5d"},"headline":"Hansen: \u201cTrump es un obst\u00e1culo pasajero en la lucha contra el cambio clim\u00e1tico\u201d","datePublished":"2017-06-14T12:00:31+00:00","mainEntityOfPage":{"@id":"https:\/\/patagoniambiental.com.ar\/info\/hansen-trump-es-un-obstaculo-pasajero-en-la-lucha-contra-el-cambio-climatico\/"},"wordCount":954,"commentCount":0,"publisher":{"@id":"https:\/\/patagoniambiental.com.ar\/info\/#organization"},"image":{"@id":"https:\/\/patagoniambiental.com.ar\/info\/hansen-trump-es-un-obstaculo-pasajero-en-la-lucha-contra-el-cambio-climatico\/#primaryimage"},"thumbnailUrl":"https:\/\/patagoniambiental.com.ar\/info\/wp-content\/uploads\/2017\/06\/Hansen.jpg","articleSection":["Internacionales","Noticias"],"inLanguage":"es","potentialAction":[{"@type":"CommentAction","name":"Comment","target":["https:\/\/patagoniambiental.com.ar\/info\/hansen-trump-es-un-obstaculo-pasajero-en-la-lucha-contra-el-cambio-climatico\/#respond"]}]},{"@type":"WebPage","@id":"https:\/\/patagoniambiental.com.ar\/info\/hansen-trump-es-un-obstaculo-pasajero-en-la-lucha-contra-el-cambio-climatico\/","url":"https:\/\/patagoniambiental.com.ar\/info\/hansen-trump-es-un-obstaculo-pasajero-en-la-lucha-contra-el-cambio-climatico\/","name":"Hansen: \u201cTrump es un obst\u00e1culo pasajero en la lucha contra el cambio clim\u00e1tico\u201d","isPartOf":{"@id":"https:\/\/patagoniambiental.com.ar\/info\/#website"},"primaryImageOfPage":{"@id":"https:\/\/patagoniambiental.com.ar\/info\/hansen-trump-es-un-obstaculo-pasajero-en-la-lucha-contra-el-cambio-climatico\/#primaryimage"},"image":{"@id":"https:\/\/patagoniambiental.com.ar\/info\/hansen-trump-es-un-obstaculo-pasajero-en-la-lucha-contra-el-cambio-climatico\/#primaryimage"},"thumbnailUrl":"https:\/\/patagoniambiental.com.ar\/info\/wp-content\/uploads\/2017\/06\/Hansen.jpg","datePublished":"2017-06-14T12:00:31+00:00","breadcrumb":{"@id":"https:\/\/patagoniambiental.com.ar\/info\/hansen-trump-es-un-obstaculo-pasajero-en-la-lucha-contra-el-cambio-climatico\/#breadcrumb"},"inLanguage":"es","potentialAction":[{"@type":"ReadAction","target":["https:\/\/patagoniambiental.com.ar\/info\/hansen-trump-es-un-obstaculo-pasajero-en-la-lucha-contra-el-cambio-climatico\/"]}]},{"@type":"ImageObject","inLanguage":"es","@id":"https:\/\/patagoniambiental.com.ar\/info\/hansen-trump-es-un-obstaculo-pasajero-en-la-lucha-contra-el-cambio-climatico\/#primaryimage","url":"https:\/\/patagoniambiental.com.ar\/info\/wp-content\/uploads\/2017\/06\/Hansen.jpg","contentUrl":"https:\/\/patagoniambiental.com.ar\/info\/wp-content\/uploads\/2017\/06\/Hansen.jpg","width":620,"height":310,"caption":"El cient\u00edfico estadounidense James Hansen. EFE\/Miguel To\u00f1a"},{"@type":"BreadcrumbList","@id":"https:\/\/patagoniambiental.com.ar\/info\/hansen-trump-es-un-obstaculo-pasajero-en-la-lucha-contra-el-cambio-climatico\/#breadcrumb","itemListElement":[{"@type":"ListItem","position":1,"name":"Inicio","item":"https:\/\/patagoniambiental.com.ar\/info\/"},{"@type":"ListItem","position":2,"name":"Hansen: \u201cTrump es un obst\u00e1culo pasajero en la lucha contra el cambio clim\u00e1tico\u201d"}]},{"@type":"WebSite","@id":"https:\/\/patagoniambiental.com.ar\/info\/#website","url":"https:\/\/patagoniambiental.com.ar\/info\/","name":"Patagonia Ambiental","description":"Monitoreo y an\u00e1lisis de la situaci\u00f3n geopol\u00edtica en el mundo y su implicancia en la Patagonia","publisher":{"@id":"https:\/\/patagoniambiental.com.ar\/info\/#organization"},"potentialAction":[{"@type":"SearchAction","target":{"@type":"EntryPoint","urlTemplate":"https:\/\/patagoniambiental.com.ar\/info\/?s={search_term_string}"},"query-input":{"@type":"PropertyValueSpecification","valueRequired":true,"valueName":"search_term_string"}}],"inLanguage":"es"},{"@type":"Organization","@id":"https:\/\/patagoniambiental.com.ar\/info\/#organization","name":"Patagonia Ambiental","url":"https:\/\/patagoniambiental.com.ar\/info\/","logo":{"@type":"ImageObject","inLanguage":"es","@id":"https:\/\/patagoniambiental.com.ar\/info\/#\/schema\/logo\/image\/","url":"https:\/\/patagoniambiental.com.ar\/info\/wp-content\/uploads\/2025\/05\/LOGO-PATAGONIA-AMBIENTAL.png","contentUrl":"https:\/\/patagoniambiental.com.ar\/info\/wp-content\/uploads\/2025\/05\/LOGO-PATAGONIA-AMBIENTAL.png","width":433,"height":250,"caption":"Patagonia Ambiental"},"image":{"@id":"https:\/\/patagoniambiental.com.ar\/info\/#\/schema\/logo\/image\/"},"sameAs":["https:\/\/www.facebook.com\/patagonia.ambiental","https:\/\/x.com\/PatAmb"]},{"@type":"Person","@id":"https:\/\/patagoniambiental.com.ar\/info\/#\/schema\/person\/db12bff64bbcbf6a253710bf0ea37b5d","name":"Patagonia Ambiental","description":"Andr\u00e9s Nievas T\u00e9cnico en manejo ambiental, consultor Ambiental y escritor para medios locales e internacionales sobre temas de geopolitica y medio ambiente.","sameAs":["http:\/\/www.patagoniambiental.com.ar","https:\/\/www.facebook.com\/share\/1C1V8Gv9BX\/?mibextid=qi2Omg","@patagoniambiental","https:\/\/youtube.com\/@patagoniaambiental2023?si=BLt58t0wuXquxlYZ"]}]}},"_links":{"self":[{"href":"https:\/\/patagoniambiental.com.ar\/info\/wp-json\/wp\/v2\/posts\/30504","targetHints":{"allow":["GET"]}}],"collection":[{"href":"https:\/\/patagoniambiental.com.ar\/info\/wp-json\/wp\/v2\/posts"}],"about":[{"href":"https:\/\/patagoniambiental.com.ar\/info\/wp-json\/wp\/v2\/types\/post"}],"author":[{"embeddable":true,"href":"https:\/\/patagoniambiental.com.ar\/info\/wp-json\/wp\/v2\/users\/2"}],"replies":[{"embeddable":true,"href":"https:\/\/patagoniambiental.com.ar\/info\/wp-json\/wp\/v2\/comments?post=30504"}],"version-history":[{"count":0,"href":"https:\/\/patagoniambiental.com.ar\/info\/wp-json\/wp\/v2\/posts\/30504\/revisions"}],"wp:featuredmedia":[{"embeddable":true,"href":"https:\/\/patagoniambiental.com.ar\/info\/wp-json\/wp\/v2\/media\/30505"}],"wp:attachment":[{"href":"https:\/\/patagoniambiental.com.ar\/info\/wp-json\/wp\/v2\/media?parent=30504"}],"wp:term":[{"taxonomy":"category","embeddable":true,"href":"https:\/\/patagoniambiental.com.ar\/info\/wp-json\/wp\/v2\/categories?post=30504"},{"taxonomy":"post_tag","embeddable":true,"href":"https:\/\/patagoniambiental.com.ar\/info\/wp-json\/wp\/v2\/tags?post=30504"}],"curies":[{"name":"wp","href":"https:\/\/api.w.org\/{rel}","templated":true}]}}