{"id":30619,"date":"2017-06-16T09:00:51","date_gmt":"2017-06-16T12:00:51","guid":{"rendered":"http:\/\/patagoniambiental.com.ar\/info\/?p=30619"},"modified":"2017-06-15T22:12:37","modified_gmt":"2017-06-16T01:12:37","slug":"desarrollaran-en-pomona-un-parque-eolico-con-una-inversion-de-us-200-millones","status":"publish","type":"post","link":"https:\/\/patagoniambiental.com.ar\/info\/desarrollaran-en-pomona-un-parque-eolico-con-una-inversion-de-us-200-millones\/","title":{"rendered":"Desarrollar\u00e1n en Pomona un parque e\u00f3lico con una inversi\u00f3n de US$ 200 millones"},"content":{"rendered":"<div>POMONA.- El Pomona I comienza a tomar forma y entusiasma a los intendentes del Valle Medio. El parque e\u00f3lico demandar\u00e1 una inversi\u00f3n de alrededor de 200 millones de d\u00f3lares, aportar\u00e1 energ\u00eda limpia a la regi\u00f3n y tiene como objetivo ser motor de la producci\u00f3n.<\/div>\n<div><\/div>\n<div>El dise\u00f1o de la granja e\u00f3lica ya est\u00e1 terminado y por su ubicaci\u00f3n mirar\u00e1 desde lo alto al valle productivo de la regi\u00f3n. Estar\u00e1 ubicado a unos 10 kil\u00f3metros al suroeste de la localidad de Pomona sobre la zona de barda justo encima de la l\u00ednea imaginaria que corta el verde valletano.<\/div>\n<div><\/div>\n<div>Se trata de un predio deshabitado de 1.365 hect\u00e1reas que se encuentra a una altitud aproximada de 140 metros sobre el nivel del mar (MSNM).<\/div>\n<div><\/div>\n<div>All\u00ed se instalar\u00e1n unos 30 aerogeneradores de la firma Vestas (modelo V136 de 3.45 MW). En total sumar\u00e1 una potencia instalada de 103.5 MW. Cada equipo tiene una altura de 82 metros y cuenta con tres palas de 68 metros de extensi\u00f3n cada una.<\/div>\n<div><\/div>\n<div>La empresa PREAR ser\u00e1 la encargada de construir las columnas de 80m a 120m de Hormig\u00f3n Post tensado, para lo cual ser\u00e1 necesaria una provisi\u00f3n de 500m3 hormig\u00f3n H50 por semana.<\/div>\n<div><\/div>\n<div>La informaci\u00f3n surge del municipio de Choele Choel, cuyo intendente, Daniel Belloso, emiti\u00f3 una opini\u00f3n favorable a la iniciativa. Incluso, recibi\u00f3 -junto al secretario de Planificaci\u00f3n Claudio Ortiz- al CEO de la empresa PREAR \u2013Pretensados Argentinos-, Mauro Gallina, quien visit\u00f3 la zona ante el inminente inicio de la obra.<\/div>\n<div><\/div>\n<div>\u201cEsta obra empleara a m\u00e1s de 300 obreros de la Construcci\u00f3n, es por ello que haremos todas las gestiones necesarias ante los organismos Nacionales y Provinciales, para que se privilegie el trabajo argentino, y se plasme lo estipulado en el proyecto que compromete un porcentaje de componentes nacionales del 9,45%.\u00bb<\/div>\n<div><\/div>\n<div>\u00abLa empresa PREAR ha demostrado la suficiente capacidad t\u00e9cnica y financiera para realizar las estructuras Post tensadas, como lo efectu\u00f3 en la Construcci\u00f3n del Puente vehicular colgante de la Pedrera en San Luis o el Puente en Arco sobre Ruta Nacional 150 en el Parque Ischigualasto, en San Juan. Es fundamental que estos 200 millones de d\u00f3lares, queden en el Valle Medio, favoreciendo el comercio y el empleo de nuestros vecinos\u201d, expres\u00f3 Belloso.<\/div>\n<div><\/div>\n<div>Fuente:\u00a0http:\/\/www.argentinaeolica.org.ar\/portal\/index.php?option=com_content&amp;task=view&amp;id=6957&amp;Itemid=3<\/div>\n","protected":false},"excerpt":{"rendered":"<p>POMONA.- El Pomona I comienza a tomar forma y entusiasma a los intendentes del Valle Medio. El parque e\u00f3lico demandar\u00e1 [&hellip;]<\/p>\n","protected":false},"author":2,"featured_media":0,"comment_status":"open","ping_status":"open","sticky":false,"template":"","format":"standard","meta":{"site-sidebar-layout":"default","site-content-layout":"","ast-site-content-layout":"default","site-content-style":"default","site-sidebar-style":"default","ast-global-header-display":"","ast-banner-title-visibility":"","ast-main-header-display":"","ast-hfb-above-header-display":"","ast-hfb-below-header-display":"","ast-hfb-mobile-header-display":"","site-post-title":"","ast-breadcrumbs-content":"","ast-featured-img":"","footer-sml-layout":"","ast-disable-related-posts":"","theme-transparent-header-meta":"","adv-header-id-meta":"","stick-header-meta":"","header-above-stick-meta":"","header-main-stick-meta":"","header-below-stick-meta":"","astra-migrate-meta-layouts":"default","ast-page-background-enabled":"default","ast-page-background-meta":{"desktop":{"background-color":"var(--ast-global-color-5)","background-image":"","background-repeat":"repeat","background-position":"center center","background-size":"auto","background-attachment":"scroll","background-type":"","background-media":"","overlay-type":"","overlay-color":"","overlay-opacity":"","overlay-gradient":""},"tablet":{"background-color":"","background-image":"","background-repeat":"repeat","background-position":"center center","background-size":"auto","background-attachment":"scroll","background-type":"","background-media":"","overlay-type":"","overlay-color":"","overlay-opacity":"","overlay-gradient":""},"mobile":{"background-color":"","background-image":"","background-repeat":"repeat","background-position":"center center","background-size":"auto","background-attachment":"scroll","background-type":"","background-media":"","overlay-type":"","overlay-color":"","overlay-opacity":"","overlay-gradient":""}},"ast-content-background-meta":{"desktop":{"background-color":"var(--ast-global-color-4)","background-image":"","background-repeat":"repeat","background-position":"center center","background-size":"auto","background-attachment":"scroll","background-type":"","background-media":"","overlay-type":"","overlay-color":"","overlay-opacity":"","overlay-gradient":""},"tablet":{"background-color":"var(--ast-global-color-4)","background-image":"","background-repeat":"repeat","background-position":"center center","background-size":"auto","background-attachment":"scroll","background-type":"","background-media":"","overlay-type":"","overlay-color":"","overlay-opacity":"","overlay-gradient":""},"mobile":{"background-color":"var(--ast-global-color-4)","background-image":"","background-repeat":"repeat","background-position":"center center","background-size":"auto","background-attachment":"scroll","background-type":"","background-media":"","overlay-type":"","overlay-color":"","overlay-opacity":"","overlay-gradient":""}},"footnotes":""},"categories":[46,1],"tags":[],"class_list":["post-30619","post","type-post","status-publish","format-standard","hentry","category-municipios","category-noticias"],"yoast_head":"<!-- This site is optimized with the Yoast SEO Premium plugin v23.0 (Yoast SEO v27.5) - https:\/\/yoast.com\/product\/yoast-seo-premium-wordpress\/ -->\n<title>Desarrollar\u00e1n en Pomona un parque e\u00f3lico con una inversi\u00f3n de US$ 200 millones<\/title>\n<meta name=\"robots\" content=\"index, follow, max-snippet:-1, max-image-preview:large, max-video-preview:-1\" \/>\n<link rel=\"canonical\" href=\"https:\/\/patagoniambiental.com.ar\/info\/desarrollaran-en-pomona-un-parque-eolico-con-una-inversion-de-us-200-millones\/\" \/>\n<meta property=\"og:locale\" content=\"es_ES\" \/>\n<meta property=\"og:type\" content=\"article\" \/>\n<meta property=\"og:title\" content=\"Desarrollar\u00e1n en Pomona un parque e\u00f3lico con una inversi\u00f3n de US$ 200 millones\" \/>\n<meta property=\"og:description\" content=\"POMONA.- El Pomona I comienza a tomar forma y entusiasma a los intendentes del Valle Medio. El parque e\u00f3lico demandar\u00e1 [&hellip;]\" \/>\n<meta property=\"og:url\" content=\"https:\/\/patagoniambiental.com.ar\/info\/desarrollaran-en-pomona-un-parque-eolico-con-una-inversion-de-us-200-millones\/\" \/>\n<meta property=\"og:site_name\" content=\"Patagonia Ambiental\" \/>\n<meta property=\"article:publisher\" content=\"https:\/\/www.facebook.com\/patagonia.ambiental\" \/>\n<meta property=\"article:author\" content=\"https:\/\/www.facebook.com\/share\/1C1V8Gv9BX\/?mibextid=qi2Omg\" \/>\n<meta property=\"article:published_time\" content=\"2017-06-16T12:00:51+00:00\" \/>\n<meta name=\"author\" content=\"Patagonia Ambiental\" \/>\n<meta name=\"twitter:card\" content=\"summary_large_image\" \/>\n<meta name=\"twitter:creator\" content=\"@PatAmb\" \/>\n<meta name=\"twitter:site\" content=\"@PatAmb\" \/>\n<script type=\"application\/ld+json\" class=\"yoast-schema-graph\">{\"@context\":\"https:\\\/\\\/schema.org\",\"@graph\":[{\"@type\":\"Article\",\"@id\":\"https:\\\/\\\/patagoniambiental.com.ar\\\/info\\\/desarrollaran-en-pomona-un-parque-eolico-con-una-inversion-de-us-200-millones\\\/#article\",\"isPartOf\":{\"@id\":\"https:\\\/\\\/patagoniambiental.com.ar\\\/info\\\/desarrollaran-en-pomona-un-parque-eolico-con-una-inversion-de-us-200-millones\\\/\"},\"author\":{\"name\":\"Patagonia Ambiental\",\"@id\":\"https:\\\/\\\/patagoniambiental.com.ar\\\/info\\\/#\\\/schema\\\/person\\\/db12bff64bbcbf6a253710bf0ea37b5d\"},\"headline\":\"Desarrollar\u00e1n en Pomona un parque e\u00f3lico con una inversi\u00f3n de US$ 200 millones\",\"datePublished\":\"2017-06-16T12:00:51+00:00\",\"mainEntityOfPage\":{\"@id\":\"https:\\\/\\\/patagoniambiental.com.ar\\\/info\\\/desarrollaran-en-pomona-un-parque-eolico-con-una-inversion-de-us-200-millones\\\/\"},\"wordCount\":416,\"commentCount\":0,\"publisher\":{\"@id\":\"https:\\\/\\\/patagoniambiental.com.ar\\\/info\\\/#organization\"},\"articleSection\":[\"Municipios\",\"Noticias\"],\"inLanguage\":\"es\",\"potentialAction\":[{\"@type\":\"CommentAction\",\"name\":\"Comment\",\"target\":[\"https:\\\/\\\/patagoniambiental.com.ar\\\/info\\\/desarrollaran-en-pomona-un-parque-eolico-con-una-inversion-de-us-200-millones\\\/#respond\"]}]},{\"@type\":\"WebPage\",\"@id\":\"https:\\\/\\\/patagoniambiental.com.ar\\\/info\\\/desarrollaran-en-pomona-un-parque-eolico-con-una-inversion-de-us-200-millones\\\/\",\"url\":\"https:\\\/\\\/patagoniambiental.com.ar\\\/info\\\/desarrollaran-en-pomona-un-parque-eolico-con-una-inversion-de-us-200-millones\\\/\",\"name\":\"Desarrollar\u00e1n en Pomona un parque e\u00f3lico con una inversi\u00f3n de US$ 200 millones\",\"isPartOf\":{\"@id\":\"https:\\\/\\\/patagoniambiental.com.ar\\\/info\\\/#website\"},\"datePublished\":\"2017-06-16T12:00:51+00:00\",\"breadcrumb\":{\"@id\":\"https:\\\/\\\/patagoniambiental.com.ar\\\/info\\\/desarrollaran-en-pomona-un-parque-eolico-con-una-inversion-de-us-200-millones\\\/#breadcrumb\"},\"inLanguage\":\"es\",\"potentialAction\":[{\"@type\":\"ReadAction\",\"target\":[\"https:\\\/\\\/patagoniambiental.com.ar\\\/info\\\/desarrollaran-en-pomona-un-parque-eolico-con-una-inversion-de-us-200-millones\\\/\"]}]},{\"@type\":\"BreadcrumbList\",\"@id\":\"https:\\\/\\\/patagoniambiental.com.ar\\\/info\\\/desarrollaran-en-pomona-un-parque-eolico-con-una-inversion-de-us-200-millones\\\/#breadcrumb\",\"itemListElement\":[{\"@type\":\"ListItem\",\"position\":1,\"name\":\"Inicio\",\"item\":\"https:\\\/\\\/patagoniambiental.com.ar\\\/info\\\/\"},{\"@type\":\"ListItem\",\"position\":2,\"name\":\"Desarrollar\u00e1n en Pomona un parque e\u00f3lico con una inversi\u00f3n de US$ 200 millones\"}]},{\"@type\":\"WebSite\",\"@id\":\"https:\\\/\\\/patagoniambiental.com.ar\\\/info\\\/#website\",\"url\":\"https:\\\/\\\/patagoniambiental.com.ar\\\/info\\\/\",\"name\":\"Patagonia Ambiental\",\"description\":\"Monitoreo y an\u00e1lisis de la situaci\u00f3n geopol\u00edtica en el mundo y su implicancia en la Patagonia\",\"publisher\":{\"@id\":\"https:\\\/\\\/patagoniambiental.com.ar\\\/info\\\/#organization\"},\"potentialAction\":[{\"@type\":\"SearchAction\",\"target\":{\"@type\":\"EntryPoint\",\"urlTemplate\":\"https:\\\/\\\/patagoniambiental.com.ar\\\/info\\\/?s={search_term_string}\"},\"query-input\":{\"@type\":\"PropertyValueSpecification\",\"valueRequired\":true,\"valueName\":\"search_term_string\"}}],\"inLanguage\":\"es\"},{\"@type\":\"Organization\",\"@id\":\"https:\\\/\\\/patagoniambiental.com.ar\\\/info\\\/#organization\",\"name\":\"Patagonia Ambiental\",\"url\":\"https:\\\/\\\/patagoniambiental.com.ar\\\/info\\\/\",\"logo\":{\"@type\":\"ImageObject\",\"inLanguage\":\"es\",\"@id\":\"https:\\\/\\\/patagoniambiental.com.ar\\\/info\\\/#\\\/schema\\\/logo\\\/image\\\/\",\"url\":\"https:\\\/\\\/patagoniambiental.com.ar\\\/info\\\/wp-content\\\/uploads\\\/2025\\\/05\\\/LOGO-PATAGONIA-AMBIENTAL.png\",\"contentUrl\":\"https:\\\/\\\/patagoniambiental.com.ar\\\/info\\\/wp-content\\\/uploads\\\/2025\\\/05\\\/LOGO-PATAGONIA-AMBIENTAL.png\",\"width\":433,\"height\":250,\"caption\":\"Patagonia Ambiental\"},\"image\":{\"@id\":\"https:\\\/\\\/patagoniambiental.com.ar\\\/info\\\/#\\\/schema\\\/logo\\\/image\\\/\"},\"sameAs\":[\"https:\\\/\\\/www.facebook.com\\\/patagonia.ambiental\",\"https:\\\/\\\/x.com\\\/PatAmb\"]},{\"@type\":\"Person\",\"@id\":\"https:\\\/\\\/patagoniambiental.com.ar\\\/info\\\/#\\\/schema\\\/person\\\/db12bff64bbcbf6a253710bf0ea37b5d\",\"name\":\"Patagonia Ambiental\",\"description\":\"Andr\u00e9s Nievas T\u00e9cnico en manejo ambiental, consultor Ambiental y escritor para medios locales e internacionales sobre temas de geopolitica y medio ambiente.\",\"sameAs\":[\"http:\\\/\\\/www.patagoniambiental.com.ar\",\"https:\\\/\\\/www.facebook.com\\\/share\\\/1C1V8Gv9BX\\\/?mibextid=qi2Omg\",\"@patagoniambiental\",\"https:\\\/\\\/youtube.com\\\/@patagoniaambiental2023?si=BLt58t0wuXquxlYZ\"]}]}<\/script>\n<!-- \/ Yoast SEO Premium plugin. -->","yoast_head_json":{"title":"Desarrollar\u00e1n en Pomona un parque e\u00f3lico con una inversi\u00f3n de US$ 200 millones","robots":{"index":"index","follow":"follow","max-snippet":"max-snippet:-1","max-image-preview":"max-image-preview:large","max-video-preview":"max-video-preview:-1"},"canonical":"https:\/\/patagoniambiental.com.ar\/info\/desarrollaran-en-pomona-un-parque-eolico-con-una-inversion-de-us-200-millones\/","og_locale":"es_ES","og_type":"article","og_title":"Desarrollar\u00e1n en Pomona un parque e\u00f3lico con una inversi\u00f3n de US$ 200 millones","og_description":"POMONA.- El Pomona I comienza a tomar forma y entusiasma a los intendentes del Valle Medio. El parque e\u00f3lico demandar\u00e1 [&hellip;]","og_url":"https:\/\/patagoniambiental.com.ar\/info\/desarrollaran-en-pomona-un-parque-eolico-con-una-inversion-de-us-200-millones\/","og_site_name":"Patagonia Ambiental","article_publisher":"https:\/\/www.facebook.com\/patagonia.ambiental","article_author":"https:\/\/www.facebook.com\/share\/1C1V8Gv9BX\/?mibextid=qi2Omg","article_published_time":"2017-06-16T12:00:51+00:00","author":"Patagonia Ambiental","twitter_card":"summary_large_image","twitter_creator":"@PatAmb","twitter_site":"@PatAmb","schema":{"@context":"https:\/\/schema.org","@graph":[{"@type":"Article","@id":"https:\/\/patagoniambiental.com.ar\/info\/desarrollaran-en-pomona-un-parque-eolico-con-una-inversion-de-us-200-millones\/#article","isPartOf":{"@id":"https:\/\/patagoniambiental.com.ar\/info\/desarrollaran-en-pomona-un-parque-eolico-con-una-inversion-de-us-200-millones\/"},"author":{"name":"Patagonia Ambiental","@id":"https:\/\/patagoniambiental.com.ar\/info\/#\/schema\/person\/db12bff64bbcbf6a253710bf0ea37b5d"},"headline":"Desarrollar\u00e1n en Pomona un parque e\u00f3lico con una inversi\u00f3n de US$ 200 millones","datePublished":"2017-06-16T12:00:51+00:00","mainEntityOfPage":{"@id":"https:\/\/patagoniambiental.com.ar\/info\/desarrollaran-en-pomona-un-parque-eolico-con-una-inversion-de-us-200-millones\/"},"wordCount":416,"commentCount":0,"publisher":{"@id":"https:\/\/patagoniambiental.com.ar\/info\/#organization"},"articleSection":["Municipios","Noticias"],"inLanguage":"es","potentialAction":[{"@type":"CommentAction","name":"Comment","target":["https:\/\/patagoniambiental.com.ar\/info\/desarrollaran-en-pomona-un-parque-eolico-con-una-inversion-de-us-200-millones\/#respond"]}]},{"@type":"WebPage","@id":"https:\/\/patagoniambiental.com.ar\/info\/desarrollaran-en-pomona-un-parque-eolico-con-una-inversion-de-us-200-millones\/","url":"https:\/\/patagoniambiental.com.ar\/info\/desarrollaran-en-pomona-un-parque-eolico-con-una-inversion-de-us-200-millones\/","name":"Desarrollar\u00e1n en Pomona un parque e\u00f3lico con una inversi\u00f3n de US$ 200 millones","isPartOf":{"@id":"https:\/\/patagoniambiental.com.ar\/info\/#website"},"datePublished":"2017-06-16T12:00:51+00:00","breadcrumb":{"@id":"https:\/\/patagoniambiental.com.ar\/info\/desarrollaran-en-pomona-un-parque-eolico-con-una-inversion-de-us-200-millones\/#breadcrumb"},"inLanguage":"es","potentialAction":[{"@type":"ReadAction","target":["https:\/\/patagoniambiental.com.ar\/info\/desarrollaran-en-pomona-un-parque-eolico-con-una-inversion-de-us-200-millones\/"]}]},{"@type":"BreadcrumbList","@id":"https:\/\/patagoniambiental.com.ar\/info\/desarrollaran-en-pomona-un-parque-eolico-con-una-inversion-de-us-200-millones\/#breadcrumb","itemListElement":[{"@type":"ListItem","position":1,"name":"Inicio","item":"https:\/\/patagoniambiental.com.ar\/info\/"},{"@type":"ListItem","position":2,"name":"Desarrollar\u00e1n en Pomona un parque e\u00f3lico con una inversi\u00f3n de US$ 200 millones"}]},{"@type":"WebSite","@id":"https:\/\/patagoniambiental.com.ar\/info\/#website","url":"https:\/\/patagoniambiental.com.ar\/info\/","name":"Patagonia Ambiental","description":"Monitoreo y an\u00e1lisis de la situaci\u00f3n geopol\u00edtica en el mundo y su implicancia en la Patagonia","publisher":{"@id":"https:\/\/patagoniambiental.com.ar\/info\/#organization"},"potentialAction":[{"@type":"SearchAction","target":{"@type":"EntryPoint","urlTemplate":"https:\/\/patagoniambiental.com.ar\/info\/?s={search_term_string}"},"query-input":{"@type":"PropertyValueSpecification","valueRequired":true,"valueName":"search_term_string"}}],"inLanguage":"es"},{"@type":"Organization","@id":"https:\/\/patagoniambiental.com.ar\/info\/#organization","name":"Patagonia Ambiental","url":"https:\/\/patagoniambiental.com.ar\/info\/","logo":{"@type":"ImageObject","inLanguage":"es","@id":"https:\/\/patagoniambiental.com.ar\/info\/#\/schema\/logo\/image\/","url":"https:\/\/patagoniambiental.com.ar\/info\/wp-content\/uploads\/2025\/05\/LOGO-PATAGONIA-AMBIENTAL.png","contentUrl":"https:\/\/patagoniambiental.com.ar\/info\/wp-content\/uploads\/2025\/05\/LOGO-PATAGONIA-AMBIENTAL.png","width":433,"height":250,"caption":"Patagonia Ambiental"},"image":{"@id":"https:\/\/patagoniambiental.com.ar\/info\/#\/schema\/logo\/image\/"},"sameAs":["https:\/\/www.facebook.com\/patagonia.ambiental","https:\/\/x.com\/PatAmb"]},{"@type":"Person","@id":"https:\/\/patagoniambiental.com.ar\/info\/#\/schema\/person\/db12bff64bbcbf6a253710bf0ea37b5d","name":"Patagonia Ambiental","description":"Andr\u00e9s Nievas T\u00e9cnico en manejo ambiental, consultor Ambiental y escritor para medios locales e internacionales sobre temas de geopolitica y medio ambiente.","sameAs":["http:\/\/www.patagoniambiental.com.ar","https:\/\/www.facebook.com\/share\/1C1V8Gv9BX\/?mibextid=qi2Omg","@patagoniambiental","https:\/\/youtube.com\/@patagoniaambiental2023?si=BLt58t0wuXquxlYZ"]}]}},"_links":{"self":[{"href":"https:\/\/patagoniambiental.com.ar\/info\/wp-json\/wp\/v2\/posts\/30619","targetHints":{"allow":["GET"]}}],"collection":[{"href":"https:\/\/patagoniambiental.com.ar\/info\/wp-json\/wp\/v2\/posts"}],"about":[{"href":"https:\/\/patagoniambiental.com.ar\/info\/wp-json\/wp\/v2\/types\/post"}],"author":[{"embeddable":true,"href":"https:\/\/patagoniambiental.com.ar\/info\/wp-json\/wp\/v2\/users\/2"}],"replies":[{"embeddable":true,"href":"https:\/\/patagoniambiental.com.ar\/info\/wp-json\/wp\/v2\/comments?post=30619"}],"version-history":[{"count":0,"href":"https:\/\/patagoniambiental.com.ar\/info\/wp-json\/wp\/v2\/posts\/30619\/revisions"}],"wp:attachment":[{"href":"https:\/\/patagoniambiental.com.ar\/info\/wp-json\/wp\/v2\/media?parent=30619"}],"wp:term":[{"taxonomy":"category","embeddable":true,"href":"https:\/\/patagoniambiental.com.ar\/info\/wp-json\/wp\/v2\/categories?post=30619"},{"taxonomy":"post_tag","embeddable":true,"href":"https:\/\/patagoniambiental.com.ar\/info\/wp-json\/wp\/v2\/tags?post=30619"}],"curies":[{"name":"wp","href":"https:\/\/api.w.org\/{rel}","templated":true}]}}