{"id":30706,"date":"2017-06-18T19:00:22","date_gmt":"2017-06-18T22:00:22","guid":{"rendered":"http:\/\/patagoniambiental.com.ar\/info\/?p=30706"},"modified":"2017-06-19T09:49:04","modified_gmt":"2017-06-19T12:49:04","slug":"conunicado-de-coem-jacobacci","status":"publish","type":"post","link":"https:\/\/patagoniambiental.com.ar\/info\/conunicado-de-coem-jacobacci\/","title":{"rendered":"Conunicado de COEM Jacobacci"},"content":{"rendered":"<p>Ingeniero Jacobacci.-El Comit\u00e9 de Operaciones de Emergencias Municipales COEM de Ingeniero Jacobacci se reuni\u00f3 este s\u00e1bado a las 20hs para evaluar la situaci\u00f3n tras la intensa nevada y las condiciones meteorol\u00f3gicas que se pronostican para los pr\u00f3ximos d\u00edas. Hasta el momento la situaci\u00f3n est\u00e1 controlada, es tranquila y no se han detectado casos de emergencia.<!--more--><\/p>\n<p>De acuerdo al pron\u00f3stico, en las pr\u00f3ximas horas se registrar\u00e1n temperaturas bajo cero, por lo cual el COEM se mantendr\u00e1 en alerta para asistir en las circunstancias que se requiera. La intensa nevada de las \u00faltimas horas, con m\u00e1s de 30 cent\u00edmetros de nieve ca\u00edda, por efecto de las r\u00e1fagas de viento ha registrado sectores con acumulaci\u00f3n que supera los 40 cent\u00edmetros en zona urbana y de mayor altura en zona rural.<\/p>\n<p>El Municipio inform\u00f3 que se debi\u00f3 asistir a una familia con problemas en la estructura edilicia de su vivienda, y resolvi\u00f3 la evacuaci\u00f3n de la misma.<\/p>\n<p>TELEFONO DE URGENCIA: Se reitera que se mantiene una guardia permanente en dependencias de la Municipalidad con el tel\u00e9fono 0294 4607514 destinada a recepcionar todo tipo de consultas.<\/p>\n<p>Se mantienen en vigencia las recomendaciones para la poblaci\u00f3n de evitar el tr\u00e1nsito de veh\u00edculos y peatones por la localidad salvo en casos de necesidad. Respecto de la acumulaci\u00f3n de nieve y hielo en las calles, durante la jornada de este s\u00e1bado se dispuso el repaso de calles con m\u00e1quinas de Equimac en los barrios que continuar\u00e1 durante la jornada del domingo. El COEM ha resuelto solicitar a la representaci\u00f3n regional de Vialidad Nacional la colaboraci\u00f3n para que se esparza en las calles asfaltadas agua con sal que evite la acumulaci\u00f3n de hielo en las arterias.<\/p>\n<p>Asimismo, se le comunica a todos aquellos que consideren la posibilidad de viajar a la zona rural que en las pr\u00f3ximas horas se recomienda no hacerlo, en caso de extrema necesidad deber\u00e1n previamente comunicarse con el cuartel de Bomberos al 02940- 432281 y dar aviso.<\/p>\n<p>En cuanto a la transitabilidad de rutas en la regi\u00f3n, se informa que contin\u00faa la restricci\u00f3n la transito sobre la Ruta Nacional 23 dispuesta por Vialidad Nacional, la<\/p>\n<p>misma ser\u00e1 levantada o ratificada a posteriori de la evaluaci\u00f3n este domingo a las 13:00 hs. Respecto de la transitabilidad de la Ruta provincial N\u00ba6 hacia la zona de Ojos de Agua, durante este s\u00e1bado m\u00e1quinas de Vialidad Rionegrina trabajaron en el lugar para despejar la nieve de la calzada, por el momento se restringe el tr\u00e1nsito que podr\u00eda reestablecerse a partir de este domingo una vez finalizadas las tareas.<\/p>\n<p>En cuanto a las medidas dispuestas, desde el Concejo Escolar Zona Sur I, fue suspendido el ingreso de alumnos a las escuelas rurales previsto para el fin de semana en funci\u00f3n del dictado de clases semanal. Respecto de la situaci\u00f3n a nivel local, se evaluar\u00e1 e informar\u00e1n las medidas en las pr\u00f3ximas horas.<\/p>\n<p>Participaron de la reuni\u00f3n de COEM realizada en la sede del cuartel de Bomberos Carmelo Mansilla, en representaci\u00f3n del Ejecutivo Municipal, el Secretario de Gobierno, Gonzalo Adaime, y la Secretaria de Prensa, Yamila Chaina; la Legisladora Sandra Recalt; el 2\u00ba jefe de Bomberos, Oscar Armengol; la Directora del Hospital Dr. Rogelio Cortizo, Helena Herrero; el Director de Radio Nacional, Marcelo Ramallo, el Comisionado de Fomento de Ojos de Agua, Santiago Caba\u00f1ares; el Padre Pedro Rojas de la Comunidad Cat\u00f3lica de Jacobacci, y miembros de la Comisi\u00f3n de Bomberos.-<\/p>\n<p>Fuente: Municipalidad de Ingeniero Jacobacc<\/p>\n","protected":false},"excerpt":{"rendered":"<p>Ingeniero Jacobacci.-El Comit\u00e9 de Operaciones de Emergencias Municipales COEM de Ingeniero Jacobacci se reuni\u00f3 este s\u00e1bado a las 20hs para [&hellip;]<\/p>\n","protected":false},"author":2,"featured_media":30707,"comment_status":"open","ping_status":"open","sticky":false,"template":"","format":"standard","meta":{"site-sidebar-layout":"default","site-content-layout":"","ast-site-content-layout":"default","site-content-style":"default","site-sidebar-style":"default","ast-global-header-display":"","ast-banner-title-visibility":"","ast-main-header-display":"","ast-hfb-above-header-display":"","ast-hfb-below-header-display":"","ast-hfb-mobile-header-display":"","site-post-title":"","ast-breadcrumbs-content":"","ast-featured-img":"","footer-sml-layout":"","ast-disable-related-posts":"","theme-transparent-header-meta":"","adv-header-id-meta":"","stick-header-meta":"","header-above-stick-meta":"","header-main-stick-meta":"","header-below-stick-meta":"","astra-migrate-meta-layouts":"default","ast-page-background-enabled":"default","ast-page-background-meta":{"desktop":{"background-color":"var(--ast-global-color-5)","background-image":"","background-repeat":"repeat","background-position":"center center","background-size":"auto","background-attachment":"scroll","background-type":"","background-media":"","overlay-type":"","overlay-color":"","overlay-opacity":"","overlay-gradient":""},"tablet":{"background-color":"","background-image":"","background-repeat":"repeat","background-position":"center center","background-size":"auto","background-attachment":"scroll","background-type":"","background-media":"","overlay-type":"","overlay-color":"","overlay-opacity":"","overlay-gradient":""},"mobile":{"background-color":"","background-image":"","background-repeat":"repeat","background-position":"center center","background-size":"auto","background-attachment":"scroll","background-type":"","background-media":"","overlay-type":"","overlay-color":"","overlay-opacity":"","overlay-gradient":""}},"ast-content-background-meta":{"desktop":{"background-color":"var(--ast-global-color-4)","background-image":"","background-repeat":"repeat","background-position":"center center","background-size":"auto","background-attachment":"scroll","background-type":"","background-media":"","overlay-type":"","overlay-color":"","overlay-opacity":"","overlay-gradient":""},"tablet":{"background-color":"var(--ast-global-color-4)","background-image":"","background-repeat":"repeat","background-position":"center center","background-size":"auto","background-attachment":"scroll","background-type":"","background-media":"","overlay-type":"","overlay-color":"","overlay-opacity":"","overlay-gradient":""},"mobile":{"background-color":"var(--ast-global-color-4)","background-image":"","background-repeat":"repeat","background-position":"center center","background-size":"auto","background-attachment":"scroll","background-type":"","background-media":"","overlay-type":"","overlay-color":"","overlay-opacity":"","overlay-gradient":""}},"footnotes":""},"categories":[16,1],"tags":[],"class_list":["post-30706","post","type-post","status-publish","format-standard","has-post-thumbnail","hentry","category-municipales","category-noticias"],"yoast_head":"<!-- This site is optimized with the Yoast SEO Premium plugin v23.0 (Yoast SEO v27.4) - https:\/\/yoast.com\/product\/yoast-seo-premium-wordpress\/ -->\n<title>Conunicado de COEM Jacobacci<\/title>\n<meta name=\"robots\" content=\"index, follow, max-snippet:-1, max-image-preview:large, max-video-preview:-1\" \/>\n<link rel=\"canonical\" href=\"https:\/\/patagoniambiental.com.ar\/info\/conunicado-de-coem-jacobacci\/\" \/>\n<meta property=\"og:locale\" content=\"es_ES\" \/>\n<meta property=\"og:type\" content=\"article\" \/>\n<meta property=\"og:title\" content=\"Conunicado de COEM Jacobacci\" \/>\n<meta property=\"og:description\" content=\"Ingeniero Jacobacci.-El Comit\u00e9 de Operaciones de Emergencias Municipales COEM de Ingeniero Jacobacci se reuni\u00f3 este s\u00e1bado a las 20hs para [&hellip;]\" \/>\n<meta property=\"og:url\" content=\"https:\/\/patagoniambiental.com.ar\/info\/conunicado-de-coem-jacobacci\/\" \/>\n<meta property=\"og:site_name\" content=\"Patagonia Ambiental\" \/>\n<meta property=\"article:publisher\" content=\"https:\/\/www.facebook.com\/patagonia.ambiental\" \/>\n<meta property=\"article:author\" content=\"https:\/\/www.facebook.com\/share\/1C1V8Gv9BX\/?mibextid=qi2Omg\" \/>\n<meta property=\"article:published_time\" content=\"2017-06-18T22:00:22+00:00\" \/>\n<meta property=\"article:modified_time\" content=\"2017-06-19T12:49:04+00:00\" \/>\n<meta property=\"og:image\" content=\"https:\/\/patagoniambiental.com.ar\/info\/wp-content\/uploads\/2017\/06\/thumbnail_tel-emergencias.jpg\" \/>\n\t<meta property=\"og:image:width\" content=\"745\" \/>\n\t<meta property=\"og:image:height\" content=\"459\" \/>\n\t<meta property=\"og:image:type\" content=\"image\/jpeg\" \/>\n<meta name=\"author\" content=\"Patagonia Ambiental\" \/>\n<meta name=\"twitter:card\" content=\"summary_large_image\" \/>\n<meta name=\"twitter:creator\" content=\"@PatAmb\" \/>\n<meta name=\"twitter:site\" content=\"@PatAmb\" \/>\n<script type=\"application\/ld+json\" class=\"yoast-schema-graph\">{\"@context\":\"https:\\\/\\\/schema.org\",\"@graph\":[{\"@type\":\"Article\",\"@id\":\"https:\\\/\\\/patagoniambiental.com.ar\\\/info\\\/conunicado-de-coem-jacobacci\\\/#article\",\"isPartOf\":{\"@id\":\"https:\\\/\\\/patagoniambiental.com.ar\\\/info\\\/conunicado-de-coem-jacobacci\\\/\"},\"author\":{\"name\":\"Patagonia Ambiental\",\"@id\":\"https:\\\/\\\/patagoniambiental.com.ar\\\/info\\\/#\\\/schema\\\/person\\\/db12bff64bbcbf6a253710bf0ea37b5d\"},\"headline\":\"Conunicado de COEM Jacobacci\",\"datePublished\":\"2017-06-18T22:00:22+00:00\",\"dateModified\":\"2017-06-19T12:49:04+00:00\",\"mainEntityOfPage\":{\"@id\":\"https:\\\/\\\/patagoniambiental.com.ar\\\/info\\\/conunicado-de-coem-jacobacci\\\/\"},\"wordCount\":609,\"commentCount\":0,\"publisher\":{\"@id\":\"https:\\\/\\\/patagoniambiental.com.ar\\\/info\\\/#organization\"},\"image\":{\"@id\":\"https:\\\/\\\/patagoniambiental.com.ar\\\/info\\\/conunicado-de-coem-jacobacci\\\/#primaryimage\"},\"thumbnailUrl\":\"https:\\\/\\\/patagoniambiental.com.ar\\\/info\\\/wp-content\\\/uploads\\\/2017\\\/06\\\/thumbnail_tel-emergencias.jpg\",\"articleSection\":[\"Municipales\",\"Noticias\"],\"inLanguage\":\"es\",\"potentialAction\":[{\"@type\":\"CommentAction\",\"name\":\"Comment\",\"target\":[\"https:\\\/\\\/patagoniambiental.com.ar\\\/info\\\/conunicado-de-coem-jacobacci\\\/#respond\"]}]},{\"@type\":\"WebPage\",\"@id\":\"https:\\\/\\\/patagoniambiental.com.ar\\\/info\\\/conunicado-de-coem-jacobacci\\\/\",\"url\":\"https:\\\/\\\/patagoniambiental.com.ar\\\/info\\\/conunicado-de-coem-jacobacci\\\/\",\"name\":\"Conunicado de COEM Jacobacci\",\"isPartOf\":{\"@id\":\"https:\\\/\\\/patagoniambiental.com.ar\\\/info\\\/#website\"},\"primaryImageOfPage\":{\"@id\":\"https:\\\/\\\/patagoniambiental.com.ar\\\/info\\\/conunicado-de-coem-jacobacci\\\/#primaryimage\"},\"image\":{\"@id\":\"https:\\\/\\\/patagoniambiental.com.ar\\\/info\\\/conunicado-de-coem-jacobacci\\\/#primaryimage\"},\"thumbnailUrl\":\"https:\\\/\\\/patagoniambiental.com.ar\\\/info\\\/wp-content\\\/uploads\\\/2017\\\/06\\\/thumbnail_tel-emergencias.jpg\",\"datePublished\":\"2017-06-18T22:00:22+00:00\",\"dateModified\":\"2017-06-19T12:49:04+00:00\",\"breadcrumb\":{\"@id\":\"https:\\\/\\\/patagoniambiental.com.ar\\\/info\\\/conunicado-de-coem-jacobacci\\\/#breadcrumb\"},\"inLanguage\":\"es\",\"potentialAction\":[{\"@type\":\"ReadAction\",\"target\":[\"https:\\\/\\\/patagoniambiental.com.ar\\\/info\\\/conunicado-de-coem-jacobacci\\\/\"]}]},{\"@type\":\"ImageObject\",\"inLanguage\":\"es\",\"@id\":\"https:\\\/\\\/patagoniambiental.com.ar\\\/info\\\/conunicado-de-coem-jacobacci\\\/#primaryimage\",\"url\":\"https:\\\/\\\/patagoniambiental.com.ar\\\/info\\\/wp-content\\\/uploads\\\/2017\\\/06\\\/thumbnail_tel-emergencias.jpg\",\"contentUrl\":\"https:\\\/\\\/patagoniambiental.com.ar\\\/info\\\/wp-content\\\/uploads\\\/2017\\\/06\\\/thumbnail_tel-emergencias.jpg\",\"width\":745,\"height\":459},{\"@type\":\"BreadcrumbList\",\"@id\":\"https:\\\/\\\/patagoniambiental.com.ar\\\/info\\\/conunicado-de-coem-jacobacci\\\/#breadcrumb\",\"itemListElement\":[{\"@type\":\"ListItem\",\"position\":1,\"name\":\"Inicio\",\"item\":\"https:\\\/\\\/patagoniambiental.com.ar\\\/info\\\/\"},{\"@type\":\"ListItem\",\"position\":2,\"name\":\"Conunicado de COEM Jacobacci\"}]},{\"@type\":\"WebSite\",\"@id\":\"https:\\\/\\\/patagoniambiental.com.ar\\\/info\\\/#website\",\"url\":\"https:\\\/\\\/patagoniambiental.com.ar\\\/info\\\/\",\"name\":\"Patagonia Ambiental\",\"description\":\"Monitoreo y an\u00e1lisis de la situaci\u00f3n geopol\u00edtica en el mundo y su implicancia en la Patagonia\",\"publisher\":{\"@id\":\"https:\\\/\\\/patagoniambiental.com.ar\\\/info\\\/#organization\"},\"potentialAction\":[{\"@type\":\"SearchAction\",\"target\":{\"@type\":\"EntryPoint\",\"urlTemplate\":\"https:\\\/\\\/patagoniambiental.com.ar\\\/info\\\/?s={search_term_string}\"},\"query-input\":{\"@type\":\"PropertyValueSpecification\",\"valueRequired\":true,\"valueName\":\"search_term_string\"}}],\"inLanguage\":\"es\"},{\"@type\":\"Organization\",\"@id\":\"https:\\\/\\\/patagoniambiental.com.ar\\\/info\\\/#organization\",\"name\":\"Patagonia Ambiental\",\"url\":\"https:\\\/\\\/patagoniambiental.com.ar\\\/info\\\/\",\"logo\":{\"@type\":\"ImageObject\",\"inLanguage\":\"es\",\"@id\":\"https:\\\/\\\/patagoniambiental.com.ar\\\/info\\\/#\\\/schema\\\/logo\\\/image\\\/\",\"url\":\"https:\\\/\\\/patagoniambiental.com.ar\\\/info\\\/wp-content\\\/uploads\\\/2025\\\/05\\\/LOGO-PATAGONIA-AMBIENTAL.png\",\"contentUrl\":\"https:\\\/\\\/patagoniambiental.com.ar\\\/info\\\/wp-content\\\/uploads\\\/2025\\\/05\\\/LOGO-PATAGONIA-AMBIENTAL.png\",\"width\":433,\"height\":250,\"caption\":\"Patagonia Ambiental\"},\"image\":{\"@id\":\"https:\\\/\\\/patagoniambiental.com.ar\\\/info\\\/#\\\/schema\\\/logo\\\/image\\\/\"},\"sameAs\":[\"https:\\\/\\\/www.facebook.com\\\/patagonia.ambiental\",\"https:\\\/\\\/x.com\\\/PatAmb\"]},{\"@type\":\"Person\",\"@id\":\"https:\\\/\\\/patagoniambiental.com.ar\\\/info\\\/#\\\/schema\\\/person\\\/db12bff64bbcbf6a253710bf0ea37b5d\",\"name\":\"Patagonia Ambiental\",\"description\":\"Andr\u00e9s Nievas T\u00e9cnico en manejo ambiental, consultor Ambiental y escritor para medios locales e internacionales sobre temas de geopolitica y medio ambiente.\",\"sameAs\":[\"http:\\\/\\\/www.patagoniambiental.com.ar\",\"https:\\\/\\\/www.facebook.com\\\/share\\\/1C1V8Gv9BX\\\/?mibextid=qi2Omg\",\"@patagoniambiental\",\"https:\\\/\\\/youtube.com\\\/@patagoniaambiental2023?si=BLt58t0wuXquxlYZ\"]}]}<\/script>\n<!-- \/ Yoast SEO Premium plugin. -->","yoast_head_json":{"title":"Conunicado de COEM Jacobacci","robots":{"index":"index","follow":"follow","max-snippet":"max-snippet:-1","max-image-preview":"max-image-preview:large","max-video-preview":"max-video-preview:-1"},"canonical":"https:\/\/patagoniambiental.com.ar\/info\/conunicado-de-coem-jacobacci\/","og_locale":"es_ES","og_type":"article","og_title":"Conunicado de COEM Jacobacci","og_description":"Ingeniero Jacobacci.-El Comit\u00e9 de Operaciones de Emergencias Municipales COEM de Ingeniero Jacobacci se reuni\u00f3 este s\u00e1bado a las 20hs para [&hellip;]","og_url":"https:\/\/patagoniambiental.com.ar\/info\/conunicado-de-coem-jacobacci\/","og_site_name":"Patagonia Ambiental","article_publisher":"https:\/\/www.facebook.com\/patagonia.ambiental","article_author":"https:\/\/www.facebook.com\/share\/1C1V8Gv9BX\/?mibextid=qi2Omg","article_published_time":"2017-06-18T22:00:22+00:00","article_modified_time":"2017-06-19T12:49:04+00:00","og_image":[{"width":745,"height":459,"url":"https:\/\/patagoniambiental.com.ar\/info\/wp-content\/uploads\/2017\/06\/thumbnail_tel-emergencias.jpg","type":"image\/jpeg"}],"author":"Patagonia Ambiental","twitter_card":"summary_large_image","twitter_creator":"@PatAmb","twitter_site":"@PatAmb","schema":{"@context":"https:\/\/schema.org","@graph":[{"@type":"Article","@id":"https:\/\/patagoniambiental.com.ar\/info\/conunicado-de-coem-jacobacci\/#article","isPartOf":{"@id":"https:\/\/patagoniambiental.com.ar\/info\/conunicado-de-coem-jacobacci\/"},"author":{"name":"Patagonia Ambiental","@id":"https:\/\/patagoniambiental.com.ar\/info\/#\/schema\/person\/db12bff64bbcbf6a253710bf0ea37b5d"},"headline":"Conunicado de COEM Jacobacci","datePublished":"2017-06-18T22:00:22+00:00","dateModified":"2017-06-19T12:49:04+00:00","mainEntityOfPage":{"@id":"https:\/\/patagoniambiental.com.ar\/info\/conunicado-de-coem-jacobacci\/"},"wordCount":609,"commentCount":0,"publisher":{"@id":"https:\/\/patagoniambiental.com.ar\/info\/#organization"},"image":{"@id":"https:\/\/patagoniambiental.com.ar\/info\/conunicado-de-coem-jacobacci\/#primaryimage"},"thumbnailUrl":"https:\/\/patagoniambiental.com.ar\/info\/wp-content\/uploads\/2017\/06\/thumbnail_tel-emergencias.jpg","articleSection":["Municipales","Noticias"],"inLanguage":"es","potentialAction":[{"@type":"CommentAction","name":"Comment","target":["https:\/\/patagoniambiental.com.ar\/info\/conunicado-de-coem-jacobacci\/#respond"]}]},{"@type":"WebPage","@id":"https:\/\/patagoniambiental.com.ar\/info\/conunicado-de-coem-jacobacci\/","url":"https:\/\/patagoniambiental.com.ar\/info\/conunicado-de-coem-jacobacci\/","name":"Conunicado de COEM Jacobacci","isPartOf":{"@id":"https:\/\/patagoniambiental.com.ar\/info\/#website"},"primaryImageOfPage":{"@id":"https:\/\/patagoniambiental.com.ar\/info\/conunicado-de-coem-jacobacci\/#primaryimage"},"image":{"@id":"https:\/\/patagoniambiental.com.ar\/info\/conunicado-de-coem-jacobacci\/#primaryimage"},"thumbnailUrl":"https:\/\/patagoniambiental.com.ar\/info\/wp-content\/uploads\/2017\/06\/thumbnail_tel-emergencias.jpg","datePublished":"2017-06-18T22:00:22+00:00","dateModified":"2017-06-19T12:49:04+00:00","breadcrumb":{"@id":"https:\/\/patagoniambiental.com.ar\/info\/conunicado-de-coem-jacobacci\/#breadcrumb"},"inLanguage":"es","potentialAction":[{"@type":"ReadAction","target":["https:\/\/patagoniambiental.com.ar\/info\/conunicado-de-coem-jacobacci\/"]}]},{"@type":"ImageObject","inLanguage":"es","@id":"https:\/\/patagoniambiental.com.ar\/info\/conunicado-de-coem-jacobacci\/#primaryimage","url":"https:\/\/patagoniambiental.com.ar\/info\/wp-content\/uploads\/2017\/06\/thumbnail_tel-emergencias.jpg","contentUrl":"https:\/\/patagoniambiental.com.ar\/info\/wp-content\/uploads\/2017\/06\/thumbnail_tel-emergencias.jpg","width":745,"height":459},{"@type":"BreadcrumbList","@id":"https:\/\/patagoniambiental.com.ar\/info\/conunicado-de-coem-jacobacci\/#breadcrumb","itemListElement":[{"@type":"ListItem","position":1,"name":"Inicio","item":"https:\/\/patagoniambiental.com.ar\/info\/"},{"@type":"ListItem","position":2,"name":"Conunicado de COEM Jacobacci"}]},{"@type":"WebSite","@id":"https:\/\/patagoniambiental.com.ar\/info\/#website","url":"https:\/\/patagoniambiental.com.ar\/info\/","name":"Patagonia Ambiental","description":"Monitoreo y an\u00e1lisis de la situaci\u00f3n geopol\u00edtica en el mundo y su implicancia en la Patagonia","publisher":{"@id":"https:\/\/patagoniambiental.com.ar\/info\/#organization"},"potentialAction":[{"@type":"SearchAction","target":{"@type":"EntryPoint","urlTemplate":"https:\/\/patagoniambiental.com.ar\/info\/?s={search_term_string}"},"query-input":{"@type":"PropertyValueSpecification","valueRequired":true,"valueName":"search_term_string"}}],"inLanguage":"es"},{"@type":"Organization","@id":"https:\/\/patagoniambiental.com.ar\/info\/#organization","name":"Patagonia Ambiental","url":"https:\/\/patagoniambiental.com.ar\/info\/","logo":{"@type":"ImageObject","inLanguage":"es","@id":"https:\/\/patagoniambiental.com.ar\/info\/#\/schema\/logo\/image\/","url":"https:\/\/patagoniambiental.com.ar\/info\/wp-content\/uploads\/2025\/05\/LOGO-PATAGONIA-AMBIENTAL.png","contentUrl":"https:\/\/patagoniambiental.com.ar\/info\/wp-content\/uploads\/2025\/05\/LOGO-PATAGONIA-AMBIENTAL.png","width":433,"height":250,"caption":"Patagonia Ambiental"},"image":{"@id":"https:\/\/patagoniambiental.com.ar\/info\/#\/schema\/logo\/image\/"},"sameAs":["https:\/\/www.facebook.com\/patagonia.ambiental","https:\/\/x.com\/PatAmb"]},{"@type":"Person","@id":"https:\/\/patagoniambiental.com.ar\/info\/#\/schema\/person\/db12bff64bbcbf6a253710bf0ea37b5d","name":"Patagonia Ambiental","description":"Andr\u00e9s Nievas T\u00e9cnico en manejo ambiental, consultor Ambiental y escritor para medios locales e internacionales sobre temas de geopolitica y medio ambiente.","sameAs":["http:\/\/www.patagoniambiental.com.ar","https:\/\/www.facebook.com\/share\/1C1V8Gv9BX\/?mibextid=qi2Omg","@patagoniambiental","https:\/\/youtube.com\/@patagoniaambiental2023?si=BLt58t0wuXquxlYZ"]}]}},"_links":{"self":[{"href":"https:\/\/patagoniambiental.com.ar\/info\/wp-json\/wp\/v2\/posts\/30706","targetHints":{"allow":["GET"]}}],"collection":[{"href":"https:\/\/patagoniambiental.com.ar\/info\/wp-json\/wp\/v2\/posts"}],"about":[{"href":"https:\/\/patagoniambiental.com.ar\/info\/wp-json\/wp\/v2\/types\/post"}],"author":[{"embeddable":true,"href":"https:\/\/patagoniambiental.com.ar\/info\/wp-json\/wp\/v2\/users\/2"}],"replies":[{"embeddable":true,"href":"https:\/\/patagoniambiental.com.ar\/info\/wp-json\/wp\/v2\/comments?post=30706"}],"version-history":[{"count":0,"href":"https:\/\/patagoniambiental.com.ar\/info\/wp-json\/wp\/v2\/posts\/30706\/revisions"}],"wp:featuredmedia":[{"embeddable":true,"href":"https:\/\/patagoniambiental.com.ar\/info\/wp-json\/wp\/v2\/media\/30707"}],"wp:attachment":[{"href":"https:\/\/patagoniambiental.com.ar\/info\/wp-json\/wp\/v2\/media?parent=30706"}],"wp:term":[{"taxonomy":"category","embeddable":true,"href":"https:\/\/patagoniambiental.com.ar\/info\/wp-json\/wp\/v2\/categories?post=30706"},{"taxonomy":"post_tag","embeddable":true,"href":"https:\/\/patagoniambiental.com.ar\/info\/wp-json\/wp\/v2\/tags?post=30706"}],"curies":[{"name":"wp","href":"https:\/\/api.w.org\/{rel}","templated":true}]}}