{"id":30799,"date":"2017-06-21T19:00:14","date_gmt":"2017-06-21T22:00:14","guid":{"rendered":"http:\/\/patagoniambiental.com.ar\/info\/?p=30799"},"modified":"2017-06-21T09:29:55","modified_gmt":"2017-06-21T12:29:55","slug":"huenchumilla-el-estado-plurinacional-no-es-un-invento-de-los-mapuches","status":"publish","type":"post","link":"https:\/\/patagoniambiental.com.ar\/info\/huenchumilla-el-estado-plurinacional-no-es-un-invento-de-los-mapuches\/","title":{"rendered":"Huenchumilla: \u201cEl Estado plurinacional no es un invento de los mapuches\u201d"},"content":{"rendered":"<p>La Araucan\u00eda.-El ex intendente de La Araucan\u00eda y actual candidato a senador convers\u00f3 con Radio Universidad de Chile sobre su propuesta para solucionar el conflicto entre el Estado chileno y el pueblo mapuche: \u00abEs algo que est\u00e1 en el Derecho Internacional p\u00fablico de las Naciones Unidas\u00bb, recalc\u00f3.<!--more--><\/p>\n<p>El ex intendente de la regi\u00f3n de La Araucan\u00eda, Francisco Huenchumilla, presentar\u00e1 esta semana su libro <i>Plurinacionalidad. El nuevo pacto<\/i>, texto en el que repasa su experiencia como autoridad en la zona, destacando las propuestas para destrabar el conflicto que se vive entre el pueblo mapuche y el Estado chileno.<\/p>\n<p>En conversaci\u00f3n con Radio Universidad de Chile, Huenchumilla propuso una alternativa pol\u00edtica, a prop\u00f3sito de su actual candidatura al Senado. Dice que su mirada es una interpelaci\u00f3n al Estado, a los partidos pol\u00edticos y los gobernantes: \u201cSi en la regi\u00f3n de La Araucan\u00eda es el \u00fanico lugar en Chile donde tenemos un clima de violencia pol\u00edtica, la pregunta en consecuencia es por qu\u00e9 hemos llegado a lo que hemos llegado. Yo me calificar\u00eda como un pol\u00edtico que logra entender las causas de un fen\u00f3meno nacional\u201d.<\/p>\n<p>Seg\u00fan Huenchumilla, la idea del Estado plurinacional se ha ido integrando al debate pol\u00edtico: \u201cLo primero en la Concertaci\u00f3n fue el reconocimiento constitucional, hasta el gobierno de la presidenta Bachelet. Es dif\u00edcil avanzar en ese concepto si no se debate, de tal manera que yo creo que el gobierno no ten\u00eda en su programa reformar el Estado en uno plurinacional. El gobierno hablaba de autonom\u00eda, de territorio, pero no entraba a este concepto que va entrando lentamente en Chile, el que est\u00e1 vigente en todo el mundo menos en Chile. El 90% de los estados en el mundo son plurinacionales\u201d, indic\u00f3.<\/p>\n<p>Tomando en cuenta la estad\u00edstica, no ser\u00eda at\u00edpico que en nuestro pa\u00eds se instaurara ese tipo de organizaci\u00f3n de Estado, afirm\u00f3 Huenchumilla: \u201cLo exc\u00e9ntrico es este pa\u00eds que no quiere mirarse al espejo y reconocer sus or\u00edgenes, su estructura, la realidad sociol\u00f3gica que la compone, los distintos pueblos que han compuesto la naci\u00f3n chilena. En el mundo es un tema superado, ac\u00e1 estamos atrasados\u201d.<\/p>\n<p>El ex intendente explic\u00f3 que \u201cel Estado chileno se crea unos 30 a\u00f1os despu\u00e9s que estalla la Revoluci\u00f3n Francesa, donde nace este concepto de Estado naci\u00f3n, donde los franceses imponen al resto de los pueblos el concepto de Estado naci\u00f3n francesa y la soberan\u00eda nacional. Entonces los pa\u00edses que entran en la independencia, Chile espec\u00edficamente, toma ese concepto, pero en ese momento la naci\u00f3n chilena no exist\u00eda, porque el Estado es una ficci\u00f3n jur\u00eddica, es una creaci\u00f3n jur\u00eddica de soberan\u00eda territorial, pero la naci\u00f3n es una cosa que no se crea, nace por la cultura, la religiosidad, la lengua, se va creando con el tiempo. Por ignorancia, esto no ha estado presente en el debate de los candidatos\u201d.<\/p>\n<p>En ese sentdo, Huenchumilla a\u00f1adi\u00f3 que un Estado plurinacional reconoce a todos los pueblos que han conformado el pa\u00eds, pasando los pueblos originarios a ser part\u00edcipes del desarrollo del territorio: \u201cEsto no es un invento de los mapuches, est\u00e1 en el Derecho Internacional p\u00fablico de las Naciones Unidas. Hay instrumentos jur\u00eddicos, que incluso son parte de la legislaci\u00f3n chilena\u201d, concluy\u00f3.<\/p>\n<h3><strong>Lanzamiento<\/strong><\/h3>\n<p>El libro ser\u00e1 presentado a las 19 horas de este martes en la Sala Domeyko de la Casa Central de la U. de Chile (Alameda 1058). Participar\u00e1n\u00a0Ana Rodr\u00edguez, periodista y autora del libro <em>La Frontera. Cr\u00f3nica de la Araucan\u00eda rebelde<\/em>;\u00a0Carolina Huenchull\u00e1n, directora del Centro de Estudios Mapuche R\u00fcmtun; y Enrique Antileo, miembro de la Comunidad de Historia Mapuche.<\/p>\n<p>Fuente:\u00a0http:\/\/radio.uchile.cl\/2017\/06\/19\/huenchumilla-el-estado-plurinacional-no-es-un-invento-de-los-mapuches\/<\/p>\n","protected":false},"excerpt":{"rendered":"<p>La Araucan\u00eda.-El ex intendente de La Araucan\u00eda y actual candidato a senador convers\u00f3 con Radio Universidad de Chile sobre su [&hellip;]<\/p>\n","protected":false},"author":2,"featured_media":30800,"comment_status":"open","ping_status":"open","sticky":false,"template":"","format":"standard","meta":{"site-sidebar-layout":"default","site-content-layout":"","ast-site-content-layout":"default","site-content-style":"default","site-sidebar-style":"default","ast-global-header-display":"","ast-banner-title-visibility":"","ast-main-header-display":"","ast-hfb-above-header-display":"","ast-hfb-below-header-display":"","ast-hfb-mobile-header-display":"","site-post-title":"","ast-breadcrumbs-content":"","ast-featured-img":"","footer-sml-layout":"","ast-disable-related-posts":"","theme-transparent-header-meta":"","adv-header-id-meta":"","stick-header-meta":"","header-above-stick-meta":"","header-main-stick-meta":"","header-below-stick-meta":"","astra-migrate-meta-layouts":"default","ast-page-background-enabled":"default","ast-page-background-meta":{"desktop":{"background-color":"var(--ast-global-color-5)","background-image":"","background-repeat":"repeat","background-position":"center center","background-size":"auto","background-attachment":"scroll","background-type":"","background-media":"","overlay-type":"","overlay-color":"","overlay-opacity":"","overlay-gradient":""},"tablet":{"background-color":"","background-image":"","background-repeat":"repeat","background-position":"center center","background-size":"auto","background-attachment":"scroll","background-type":"","background-media":"","overlay-type":"","overlay-color":"","overlay-opacity":"","overlay-gradient":""},"mobile":{"background-color":"","background-image":"","background-repeat":"repeat","background-position":"center center","background-size":"auto","background-attachment":"scroll","background-type":"","background-media":"","overlay-type":"","overlay-color":"","overlay-opacity":"","overlay-gradient":""}},"ast-content-background-meta":{"desktop":{"background-color":"var(--ast-global-color-4)","background-image":"","background-repeat":"repeat","background-position":"center center","background-size":"auto","background-attachment":"scroll","background-type":"","background-media":"","overlay-type":"","overlay-color":"","overlay-opacity":"","overlay-gradient":""},"tablet":{"background-color":"var(--ast-global-color-4)","background-image":"","background-repeat":"repeat","background-position":"center center","background-size":"auto","background-attachment":"scroll","background-type":"","background-media":"","overlay-type":"","overlay-color":"","overlay-opacity":"","overlay-gradient":""},"mobile":{"background-color":"var(--ast-global-color-4)","background-image":"","background-repeat":"repeat","background-position":"center center","background-size":"auto","background-attachment":"scroll","background-type":"","background-media":"","overlay-type":"","overlay-color":"","overlay-opacity":"","overlay-gradient":""}},"footnotes":""},"categories":[23,1],"tags":[],"class_list":["post-30799","post","type-post","status-publish","format-standard","has-post-thumbnail","hentry","category-internacionales","category-noticias"],"yoast_head":"<!-- This site is optimized with the Yoast SEO Premium plugin v23.0 (Yoast SEO v27.4) - https:\/\/yoast.com\/product\/yoast-seo-premium-wordpress\/ -->\n<title>Huenchumilla: \u201cEl Estado plurinacional no es un invento de los mapuches\u201d<\/title>\n<meta name=\"robots\" content=\"index, follow, max-snippet:-1, max-image-preview:large, max-video-preview:-1\" \/>\n<link rel=\"canonical\" href=\"https:\/\/patagoniambiental.com.ar\/info\/huenchumilla-el-estado-plurinacional-no-es-un-invento-de-los-mapuches\/\" \/>\n<meta property=\"og:locale\" content=\"es_ES\" \/>\n<meta property=\"og:type\" content=\"article\" \/>\n<meta property=\"og:title\" content=\"Huenchumilla: \u201cEl Estado plurinacional no es un invento de los mapuches\u201d\" \/>\n<meta property=\"og:description\" content=\"La Araucan\u00eda.-El ex intendente de La Araucan\u00eda y actual candidato a senador convers\u00f3 con Radio Universidad de Chile sobre su [&hellip;]\" \/>\n<meta property=\"og:url\" content=\"https:\/\/patagoniambiental.com.ar\/info\/huenchumilla-el-estado-plurinacional-no-es-un-invento-de-los-mapuches\/\" \/>\n<meta property=\"og:site_name\" content=\"Patagonia Ambiental\" \/>\n<meta property=\"article:publisher\" content=\"https:\/\/www.facebook.com\/patagonia.ambiental\" \/>\n<meta property=\"article:author\" content=\"https:\/\/www.facebook.com\/share\/1C1V8Gv9BX\/?mibextid=qi2Omg\" \/>\n<meta property=\"article:published_time\" content=\"2017-06-21T22:00:14+00:00\" \/>\n<meta property=\"og:image\" content=\"https:\/\/patagoniambiental.com.ar\/info\/wp-content\/uploads\/2017\/06\/huenchumilla-678x330-1.jpg\" \/>\n\t<meta property=\"og:image:width\" content=\"678\" \/>\n\t<meta property=\"og:image:height\" content=\"330\" \/>\n\t<meta property=\"og:image:type\" content=\"image\/jpeg\" \/>\n<meta name=\"author\" content=\"Patagonia Ambiental\" \/>\n<meta name=\"twitter:card\" content=\"summary_large_image\" \/>\n<meta name=\"twitter:creator\" content=\"@PatAmb\" \/>\n<meta name=\"twitter:site\" content=\"@PatAmb\" \/>\n<script type=\"application\/ld+json\" class=\"yoast-schema-graph\">{\"@context\":\"https:\\\/\\\/schema.org\",\"@graph\":[{\"@type\":\"Article\",\"@id\":\"https:\\\/\\\/patagoniambiental.com.ar\\\/info\\\/huenchumilla-el-estado-plurinacional-no-es-un-invento-de-los-mapuches\\\/#article\",\"isPartOf\":{\"@id\":\"https:\\\/\\\/patagoniambiental.com.ar\\\/info\\\/huenchumilla-el-estado-plurinacional-no-es-un-invento-de-los-mapuches\\\/\"},\"author\":{\"name\":\"Patagonia Ambiental\",\"@id\":\"https:\\\/\\\/patagoniambiental.com.ar\\\/info\\\/#\\\/schema\\\/person\\\/db12bff64bbcbf6a253710bf0ea37b5d\"},\"headline\":\"Huenchumilla: \u201cEl Estado plurinacional no es un invento de los mapuches\u201d\",\"datePublished\":\"2017-06-21T22:00:14+00:00\",\"mainEntityOfPage\":{\"@id\":\"https:\\\/\\\/patagoniambiental.com.ar\\\/info\\\/huenchumilla-el-estado-plurinacional-no-es-un-invento-de-los-mapuches\\\/\"},\"wordCount\":660,\"commentCount\":0,\"publisher\":{\"@id\":\"https:\\\/\\\/patagoniambiental.com.ar\\\/info\\\/#organization\"},\"image\":{\"@id\":\"https:\\\/\\\/patagoniambiental.com.ar\\\/info\\\/huenchumilla-el-estado-plurinacional-no-es-un-invento-de-los-mapuches\\\/#primaryimage\"},\"thumbnailUrl\":\"https:\\\/\\\/patagoniambiental.com.ar\\\/info\\\/wp-content\\\/uploads\\\/2017\\\/06\\\/huenchumilla-678x330-1.jpg\",\"articleSection\":[\"Internacionales\",\"Noticias\"],\"inLanguage\":\"es\",\"potentialAction\":[{\"@type\":\"CommentAction\",\"name\":\"Comment\",\"target\":[\"https:\\\/\\\/patagoniambiental.com.ar\\\/info\\\/huenchumilla-el-estado-plurinacional-no-es-un-invento-de-los-mapuches\\\/#respond\"]}]},{\"@type\":\"WebPage\",\"@id\":\"https:\\\/\\\/patagoniambiental.com.ar\\\/info\\\/huenchumilla-el-estado-plurinacional-no-es-un-invento-de-los-mapuches\\\/\",\"url\":\"https:\\\/\\\/patagoniambiental.com.ar\\\/info\\\/huenchumilla-el-estado-plurinacional-no-es-un-invento-de-los-mapuches\\\/\",\"name\":\"Huenchumilla: \u201cEl Estado plurinacional no es un invento de los mapuches\u201d\",\"isPartOf\":{\"@id\":\"https:\\\/\\\/patagoniambiental.com.ar\\\/info\\\/#website\"},\"primaryImageOfPage\":{\"@id\":\"https:\\\/\\\/patagoniambiental.com.ar\\\/info\\\/huenchumilla-el-estado-plurinacional-no-es-un-invento-de-los-mapuches\\\/#primaryimage\"},\"image\":{\"@id\":\"https:\\\/\\\/patagoniambiental.com.ar\\\/info\\\/huenchumilla-el-estado-plurinacional-no-es-un-invento-de-los-mapuches\\\/#primaryimage\"},\"thumbnailUrl\":\"https:\\\/\\\/patagoniambiental.com.ar\\\/info\\\/wp-content\\\/uploads\\\/2017\\\/06\\\/huenchumilla-678x330-1.jpg\",\"datePublished\":\"2017-06-21T22:00:14+00:00\",\"breadcrumb\":{\"@id\":\"https:\\\/\\\/patagoniambiental.com.ar\\\/info\\\/huenchumilla-el-estado-plurinacional-no-es-un-invento-de-los-mapuches\\\/#breadcrumb\"},\"inLanguage\":\"es\",\"potentialAction\":[{\"@type\":\"ReadAction\",\"target\":[\"https:\\\/\\\/patagoniambiental.com.ar\\\/info\\\/huenchumilla-el-estado-plurinacional-no-es-un-invento-de-los-mapuches\\\/\"]}]},{\"@type\":\"ImageObject\",\"inLanguage\":\"es\",\"@id\":\"https:\\\/\\\/patagoniambiental.com.ar\\\/info\\\/huenchumilla-el-estado-plurinacional-no-es-un-invento-de-los-mapuches\\\/#primaryimage\",\"url\":\"https:\\\/\\\/patagoniambiental.com.ar\\\/info\\\/wp-content\\\/uploads\\\/2017\\\/06\\\/huenchumilla-678x330-1.jpg\",\"contentUrl\":\"https:\\\/\\\/patagoniambiental.com.ar\\\/info\\\/wp-content\\\/uploads\\\/2017\\\/06\\\/huenchumilla-678x330-1.jpg\",\"width\":678,\"height\":330},{\"@type\":\"BreadcrumbList\",\"@id\":\"https:\\\/\\\/patagoniambiental.com.ar\\\/info\\\/huenchumilla-el-estado-plurinacional-no-es-un-invento-de-los-mapuches\\\/#breadcrumb\",\"itemListElement\":[{\"@type\":\"ListItem\",\"position\":1,\"name\":\"Inicio\",\"item\":\"https:\\\/\\\/patagoniambiental.com.ar\\\/info\\\/\"},{\"@type\":\"ListItem\",\"position\":2,\"name\":\"Huenchumilla: \u201cEl Estado plurinacional no es un invento de los mapuches\u201d\"}]},{\"@type\":\"WebSite\",\"@id\":\"https:\\\/\\\/patagoniambiental.com.ar\\\/info\\\/#website\",\"url\":\"https:\\\/\\\/patagoniambiental.com.ar\\\/info\\\/\",\"name\":\"Patagonia Ambiental\",\"description\":\"Monitoreo y an\u00e1lisis de la situaci\u00f3n geopol\u00edtica en el mundo y su implicancia en la Patagonia\",\"publisher\":{\"@id\":\"https:\\\/\\\/patagoniambiental.com.ar\\\/info\\\/#organization\"},\"potentialAction\":[{\"@type\":\"SearchAction\",\"target\":{\"@type\":\"EntryPoint\",\"urlTemplate\":\"https:\\\/\\\/patagoniambiental.com.ar\\\/info\\\/?s={search_term_string}\"},\"query-input\":{\"@type\":\"PropertyValueSpecification\",\"valueRequired\":true,\"valueName\":\"search_term_string\"}}],\"inLanguage\":\"es\"},{\"@type\":\"Organization\",\"@id\":\"https:\\\/\\\/patagoniambiental.com.ar\\\/info\\\/#organization\",\"name\":\"Patagonia Ambiental\",\"url\":\"https:\\\/\\\/patagoniambiental.com.ar\\\/info\\\/\",\"logo\":{\"@type\":\"ImageObject\",\"inLanguage\":\"es\",\"@id\":\"https:\\\/\\\/patagoniambiental.com.ar\\\/info\\\/#\\\/schema\\\/logo\\\/image\\\/\",\"url\":\"https:\\\/\\\/patagoniambiental.com.ar\\\/info\\\/wp-content\\\/uploads\\\/2025\\\/05\\\/LOGO-PATAGONIA-AMBIENTAL.png\",\"contentUrl\":\"https:\\\/\\\/patagoniambiental.com.ar\\\/info\\\/wp-content\\\/uploads\\\/2025\\\/05\\\/LOGO-PATAGONIA-AMBIENTAL.png\",\"width\":433,\"height\":250,\"caption\":\"Patagonia Ambiental\"},\"image\":{\"@id\":\"https:\\\/\\\/patagoniambiental.com.ar\\\/info\\\/#\\\/schema\\\/logo\\\/image\\\/\"},\"sameAs\":[\"https:\\\/\\\/www.facebook.com\\\/patagonia.ambiental\",\"https:\\\/\\\/x.com\\\/PatAmb\"]},{\"@type\":\"Person\",\"@id\":\"https:\\\/\\\/patagoniambiental.com.ar\\\/info\\\/#\\\/schema\\\/person\\\/db12bff64bbcbf6a253710bf0ea37b5d\",\"name\":\"Patagonia Ambiental\",\"description\":\"Andr\u00e9s Nievas T\u00e9cnico en manejo ambiental, consultor Ambiental y escritor para medios locales e internacionales sobre temas de geopolitica y medio ambiente.\",\"sameAs\":[\"http:\\\/\\\/www.patagoniambiental.com.ar\",\"https:\\\/\\\/www.facebook.com\\\/share\\\/1C1V8Gv9BX\\\/?mibextid=qi2Omg\",\"@patagoniambiental\",\"https:\\\/\\\/youtube.com\\\/@patagoniaambiental2023?si=BLt58t0wuXquxlYZ\"]}]}<\/script>\n<!-- \/ Yoast SEO Premium plugin. -->","yoast_head_json":{"title":"Huenchumilla: \u201cEl Estado plurinacional no es un invento de los mapuches\u201d","robots":{"index":"index","follow":"follow","max-snippet":"max-snippet:-1","max-image-preview":"max-image-preview:large","max-video-preview":"max-video-preview:-1"},"canonical":"https:\/\/patagoniambiental.com.ar\/info\/huenchumilla-el-estado-plurinacional-no-es-un-invento-de-los-mapuches\/","og_locale":"es_ES","og_type":"article","og_title":"Huenchumilla: \u201cEl Estado plurinacional no es un invento de los mapuches\u201d","og_description":"La Araucan\u00eda.-El ex intendente de La Araucan\u00eda y actual candidato a senador convers\u00f3 con Radio Universidad de Chile sobre su [&hellip;]","og_url":"https:\/\/patagoniambiental.com.ar\/info\/huenchumilla-el-estado-plurinacional-no-es-un-invento-de-los-mapuches\/","og_site_name":"Patagonia Ambiental","article_publisher":"https:\/\/www.facebook.com\/patagonia.ambiental","article_author":"https:\/\/www.facebook.com\/share\/1C1V8Gv9BX\/?mibextid=qi2Omg","article_published_time":"2017-06-21T22:00:14+00:00","og_image":[{"width":678,"height":330,"url":"https:\/\/patagoniambiental.com.ar\/info\/wp-content\/uploads\/2017\/06\/huenchumilla-678x330-1.jpg","type":"image\/jpeg"}],"author":"Patagonia Ambiental","twitter_card":"summary_large_image","twitter_creator":"@PatAmb","twitter_site":"@PatAmb","schema":{"@context":"https:\/\/schema.org","@graph":[{"@type":"Article","@id":"https:\/\/patagoniambiental.com.ar\/info\/huenchumilla-el-estado-plurinacional-no-es-un-invento-de-los-mapuches\/#article","isPartOf":{"@id":"https:\/\/patagoniambiental.com.ar\/info\/huenchumilla-el-estado-plurinacional-no-es-un-invento-de-los-mapuches\/"},"author":{"name":"Patagonia Ambiental","@id":"https:\/\/patagoniambiental.com.ar\/info\/#\/schema\/person\/db12bff64bbcbf6a253710bf0ea37b5d"},"headline":"Huenchumilla: \u201cEl Estado plurinacional no es un invento de los mapuches\u201d","datePublished":"2017-06-21T22:00:14+00:00","mainEntityOfPage":{"@id":"https:\/\/patagoniambiental.com.ar\/info\/huenchumilla-el-estado-plurinacional-no-es-un-invento-de-los-mapuches\/"},"wordCount":660,"commentCount":0,"publisher":{"@id":"https:\/\/patagoniambiental.com.ar\/info\/#organization"},"image":{"@id":"https:\/\/patagoniambiental.com.ar\/info\/huenchumilla-el-estado-plurinacional-no-es-un-invento-de-los-mapuches\/#primaryimage"},"thumbnailUrl":"https:\/\/patagoniambiental.com.ar\/info\/wp-content\/uploads\/2017\/06\/huenchumilla-678x330-1.jpg","articleSection":["Internacionales","Noticias"],"inLanguage":"es","potentialAction":[{"@type":"CommentAction","name":"Comment","target":["https:\/\/patagoniambiental.com.ar\/info\/huenchumilla-el-estado-plurinacional-no-es-un-invento-de-los-mapuches\/#respond"]}]},{"@type":"WebPage","@id":"https:\/\/patagoniambiental.com.ar\/info\/huenchumilla-el-estado-plurinacional-no-es-un-invento-de-los-mapuches\/","url":"https:\/\/patagoniambiental.com.ar\/info\/huenchumilla-el-estado-plurinacional-no-es-un-invento-de-los-mapuches\/","name":"Huenchumilla: \u201cEl Estado plurinacional no es un invento de los mapuches\u201d","isPartOf":{"@id":"https:\/\/patagoniambiental.com.ar\/info\/#website"},"primaryImageOfPage":{"@id":"https:\/\/patagoniambiental.com.ar\/info\/huenchumilla-el-estado-plurinacional-no-es-un-invento-de-los-mapuches\/#primaryimage"},"image":{"@id":"https:\/\/patagoniambiental.com.ar\/info\/huenchumilla-el-estado-plurinacional-no-es-un-invento-de-los-mapuches\/#primaryimage"},"thumbnailUrl":"https:\/\/patagoniambiental.com.ar\/info\/wp-content\/uploads\/2017\/06\/huenchumilla-678x330-1.jpg","datePublished":"2017-06-21T22:00:14+00:00","breadcrumb":{"@id":"https:\/\/patagoniambiental.com.ar\/info\/huenchumilla-el-estado-plurinacional-no-es-un-invento-de-los-mapuches\/#breadcrumb"},"inLanguage":"es","potentialAction":[{"@type":"ReadAction","target":["https:\/\/patagoniambiental.com.ar\/info\/huenchumilla-el-estado-plurinacional-no-es-un-invento-de-los-mapuches\/"]}]},{"@type":"ImageObject","inLanguage":"es","@id":"https:\/\/patagoniambiental.com.ar\/info\/huenchumilla-el-estado-plurinacional-no-es-un-invento-de-los-mapuches\/#primaryimage","url":"https:\/\/patagoniambiental.com.ar\/info\/wp-content\/uploads\/2017\/06\/huenchumilla-678x330-1.jpg","contentUrl":"https:\/\/patagoniambiental.com.ar\/info\/wp-content\/uploads\/2017\/06\/huenchumilla-678x330-1.jpg","width":678,"height":330},{"@type":"BreadcrumbList","@id":"https:\/\/patagoniambiental.com.ar\/info\/huenchumilla-el-estado-plurinacional-no-es-un-invento-de-los-mapuches\/#breadcrumb","itemListElement":[{"@type":"ListItem","position":1,"name":"Inicio","item":"https:\/\/patagoniambiental.com.ar\/info\/"},{"@type":"ListItem","position":2,"name":"Huenchumilla: \u201cEl Estado plurinacional no es un invento de los mapuches\u201d"}]},{"@type":"WebSite","@id":"https:\/\/patagoniambiental.com.ar\/info\/#website","url":"https:\/\/patagoniambiental.com.ar\/info\/","name":"Patagonia Ambiental","description":"Monitoreo y an\u00e1lisis de la situaci\u00f3n geopol\u00edtica en el mundo y su implicancia en la Patagonia","publisher":{"@id":"https:\/\/patagoniambiental.com.ar\/info\/#organization"},"potentialAction":[{"@type":"SearchAction","target":{"@type":"EntryPoint","urlTemplate":"https:\/\/patagoniambiental.com.ar\/info\/?s={search_term_string}"},"query-input":{"@type":"PropertyValueSpecification","valueRequired":true,"valueName":"search_term_string"}}],"inLanguage":"es"},{"@type":"Organization","@id":"https:\/\/patagoniambiental.com.ar\/info\/#organization","name":"Patagonia Ambiental","url":"https:\/\/patagoniambiental.com.ar\/info\/","logo":{"@type":"ImageObject","inLanguage":"es","@id":"https:\/\/patagoniambiental.com.ar\/info\/#\/schema\/logo\/image\/","url":"https:\/\/patagoniambiental.com.ar\/info\/wp-content\/uploads\/2025\/05\/LOGO-PATAGONIA-AMBIENTAL.png","contentUrl":"https:\/\/patagoniambiental.com.ar\/info\/wp-content\/uploads\/2025\/05\/LOGO-PATAGONIA-AMBIENTAL.png","width":433,"height":250,"caption":"Patagonia Ambiental"},"image":{"@id":"https:\/\/patagoniambiental.com.ar\/info\/#\/schema\/logo\/image\/"},"sameAs":["https:\/\/www.facebook.com\/patagonia.ambiental","https:\/\/x.com\/PatAmb"]},{"@type":"Person","@id":"https:\/\/patagoniambiental.com.ar\/info\/#\/schema\/person\/db12bff64bbcbf6a253710bf0ea37b5d","name":"Patagonia Ambiental","description":"Andr\u00e9s Nievas T\u00e9cnico en manejo ambiental, consultor Ambiental y escritor para medios locales e internacionales sobre temas de geopolitica y medio ambiente.","sameAs":["http:\/\/www.patagoniambiental.com.ar","https:\/\/www.facebook.com\/share\/1C1V8Gv9BX\/?mibextid=qi2Omg","@patagoniambiental","https:\/\/youtube.com\/@patagoniaambiental2023?si=BLt58t0wuXquxlYZ"]}]}},"_links":{"self":[{"href":"https:\/\/patagoniambiental.com.ar\/info\/wp-json\/wp\/v2\/posts\/30799","targetHints":{"allow":["GET"]}}],"collection":[{"href":"https:\/\/patagoniambiental.com.ar\/info\/wp-json\/wp\/v2\/posts"}],"about":[{"href":"https:\/\/patagoniambiental.com.ar\/info\/wp-json\/wp\/v2\/types\/post"}],"author":[{"embeddable":true,"href":"https:\/\/patagoniambiental.com.ar\/info\/wp-json\/wp\/v2\/users\/2"}],"replies":[{"embeddable":true,"href":"https:\/\/patagoniambiental.com.ar\/info\/wp-json\/wp\/v2\/comments?post=30799"}],"version-history":[{"count":0,"href":"https:\/\/patagoniambiental.com.ar\/info\/wp-json\/wp\/v2\/posts\/30799\/revisions"}],"wp:featuredmedia":[{"embeddable":true,"href":"https:\/\/patagoniambiental.com.ar\/info\/wp-json\/wp\/v2\/media\/30800"}],"wp:attachment":[{"href":"https:\/\/patagoniambiental.com.ar\/info\/wp-json\/wp\/v2\/media?parent=30799"}],"wp:term":[{"taxonomy":"category","embeddable":true,"href":"https:\/\/patagoniambiental.com.ar\/info\/wp-json\/wp\/v2\/categories?post=30799"},{"taxonomy":"post_tag","embeddable":true,"href":"https:\/\/patagoniambiental.com.ar\/info\/wp-json\/wp\/v2\/tags?post=30799"}],"curies":[{"name":"wp","href":"https:\/\/api.w.org\/{rel}","templated":true}]}}