{"id":30880,"date":"2017-06-23T09:00:06","date_gmt":"2017-06-23T12:00:06","guid":{"rendered":"http:\/\/patagoniambiental.com.ar\/info\/?p=30880"},"modified":"2017-06-22T23:55:53","modified_gmt":"2017-06-23T02:55:53","slug":"el-fondo-verde-para-el-clima-marcara-el-futuro-de-los-financiamientos-y-orientara-al-capital-hacia-negocios-sostenibles","status":"publish","type":"post","link":"https:\/\/patagoniambiental.com.ar\/info\/el-fondo-verde-para-el-clima-marcara-el-futuro-de-los-financiamientos-y-orientara-al-capital-hacia-negocios-sostenibles\/","title":{"rendered":"El Fondo Verde para el Clima marcar\u00e1 el futuro de los financiamientos y orientar\u00e1 al capital hacia negocios sostenibles"},"content":{"rendered":"<article class=\"post-999999826837 post type-post status-publish format-standard has-post-thumbnail hentry category-ecologia-2 category-economia\">\n<div class=\"post-inner group\">\n<div class=\"entry\">\n<div class=\"entry-inner\">\n<p>RodolfoTarraubella, el mayor experto del pa\u00eds en finanzas clim\u00e1ticas y coordinador de la Secretar\u00eda de Sustentabilidad y Finanzas Clim\u00e1ticas de la agencia de Naciones Unidas (CIFAL) en la Argentina, visit\u00f3 la provincia la semana pasada para dictar un curso intensivo organizado por la Entidad Binacional Yacyreta (EBY) sobre Finanzas Clim\u00e1ticas y Bonos Verdes, y se refiri\u00f3 a las oportunidades futuras que se presentan con las l\u00edneas estrat\u00e9gicas que financiar\u00e1 el Fondo Verde para el Clima, ante el escenario global actual.<\/p>\n<p>En una entrevista con <a href=\"http:\/\/www.argentinaforestal.com\/\"><em>Argentinaforestal.com<\/em><\/a> explic\u00f3 el mecanismo financiero que estar\u00e1 disponible en el corto plazo con el Fondo Verde para el Clima, para promover negocios m\u00e1s sostenibles en el mundo, a partir del compromiso voluntario asumido por los pa\u00edses en desarrollo en el Acuerdo de Par\u00eds donde 55 pa\u00edses se comprometieron a reducir las emisiones de gases de efecto invernadero (GEI)<strong>, <\/strong>ser contribuyentes (voluntarios) y establecieron finalmente estos 100 millones de d\u00f3lares para esta iniciativa de sostenibilidad ambiental global que regir\u00e1 de manera obligatoria a partir del 2020. En el mundo hay 420 compa\u00f1\u00edas interesadas en invertir en proyectos verdes. \u201cEntender los fondos clim\u00e1ticos es entender el futuro de los financiamientos clim\u00e1ticos. Realmente es clave entender este mecanismo, aunque a\u00fan la Argentina no haya reaccionado por falta de conocimiento, el mundo avanzar\u00e1 en esta l\u00ednea. Su aplicaci\u00f3n para mitigar el cambio clim\u00e1tico generar\u00e1 nuevas oportunidades de negocios\u201d, dijo el especialista.<br \/>\n<strong>\u00bfEl escenario global nos est\u00e1 marcando que el futuro estar\u00e1 en los negocios clim\u00e1ticos?<\/strong><\/p>\n<p>Absolutamente. Pero no solo el escenario global, ya que Argentina va a liderar el G-20 en el 2018 con la presidencia. El G-20 en el 2016 con la presidencia de China ha emitido un reporte de finanzas clim\u00e1ticas donde solicita a los inversores que realicen inversiones \u201cverdes\u201d, con proyectos que contemplen acciones de \u201cdescarbonizaci\u00f3n\u201d en los negocios.<\/p>\n<p>Este es un tema transversal, por lo tanto deber\u00eda a trav\u00e9s de las industrias, los servicios y empresas de todo tipo, evaluarse que el peligro del Cambio Clim\u00e1tico es para la humanidad. Los negocios sostenibles, los negocios verdes son el \u00fanico camino que tenemos. De lo contrario, nos convertir\u00edamos en la primera generaci\u00f3n \u201casesina\u201d en el absurdo de que vamos a ser los asesinos de nuestros futuros hijos y nietos si no empezamos a actuar en el cuidado del ambiente y la mitigaci\u00f3n de da\u00f1os sobre los recursos naturales. De lo contrario se viene el exterminio, nadie podr\u00e1 demandar a nadie. Es como una pel\u00edcula de ciencia ficci\u00f3n, no habr\u00e1 relato ni culpa, ni nadie.<\/p>\n<p>&nbsp;<\/p>\n<p><strong>\u00bfY en que consiste el Fondo Verde para el Clima?<\/strong><\/p>\n<p>Es la orientaci\u00f3n del capital hacia la financiaci\u00f3n de proyectos de mitigaci\u00f3n, adaptaci\u00f3n y resiliencias al Cambio Clim\u00e1tico, como otros proyectos verdes, como el Bono Verde.<\/p>\n<p>En ese contexto, el Fondo Verde para el Clima es una gran oportunidad. Es el fondo que se forma por los pa\u00edses ricos o m\u00e1s desarrollados para financiar estos proyectos de mitigaci\u00f3n, adaptaci\u00f3n y resilencia en pa\u00edses en desarrollo que tambi\u00e9n se han comprometido y ratificado su adhesi\u00f3n al Acuerdo Clim\u00e1tico de Par\u00eds con la \u201ccontribuci\u00f3n\u201d de alrededor de 100 millones de d\u00f3lares por a\u00f1o, con vigencia a partir del a\u00f1o 2020.<\/p>\n<p>&nbsp;<\/p>\n<p><strong>\u00bfArgentina tiene oportunidades para avanzar en este camino de financiaci\u00f3n de proyectos verdes?<\/strong><\/p>\n<p>Para la Argentina se presenta una gran oportunidad. En los \u00faltimos a\u00f1os el pa\u00eds no ha tomado fondos clim\u00e1ticos, o fueron muy pocos. Sin dudas, el camino de oportunidad que se presenta para el pa\u00eds es enorme.<\/p>\n<p>Si me pregunt\u00e1s por las experiencias en el pa\u00eds con estos mecanismo, es muy poco. Hasta la fecha se han tomado un poco m\u00e1s de 13 millones de d\u00f3lares del Fondo Verde para el Clima, otorgado por el BID y que se estar\u00edan aplicando en proyectos de energ\u00eda solar. Es un monto muy peque\u00f1o en comparaci\u00f3n a lo que tomaron pa\u00edses vecinos desde el 2014, como Bolivia (U$s 247 millones), Uruguay (U$s 297 millones), Chile (U$s 600 millones), Per\u00fa (U$s 1.129 millones) e incluso Brasil (U$s 2.100 millones).<\/p>\n<p>En comparaci\u00f3n a Per\u00fa, el pa\u00eds tom\u00f3 el 1%. Esto se debe a que los peruanos supieron pedir estos fondos, supieron ejecutar estos proyectos, vieron la oportunidad y le dieron prioridad a los fondos clim\u00e1ticos.<\/p>\n<p>En la Argentina, uno de los grandes problemas que a\u00fan tenemos, es que el sistema financiero no est\u00e1 entrenado ni concientizado tampoco en temas clim\u00e1ticos, por lo tanto, no tiene idea en c\u00f3mo aplicar todo esto.<\/p>\n<p>El conocimiento \u00a0c\u00f3mo utilizarlo, monitorear los proyectos y entender c\u00f3mo llevarlo adelante es lo que falta.<\/p>\n<p>Los bancos hoy reciben la plata y la prestan simplemente a quien tiene la mejor tasa de retorno. Pero no eval\u00faan los impactos ambientales y sociales como una prioridad de evaluaci\u00f3n antes de \u00a0validar un financiamiento y priorizar la tasa de retorno del proyecto.<\/p>\n<p><strong>\u00a0<\/strong><\/p>\n<p><strong>\u00bfEl Fondo Verde financiar\u00e1 proyectos p\u00fablicos (Estado Nacional, Provincial, Municipal) o tambi\u00e9n podr\u00e1n presentarse iniciativas privadas?<\/strong><\/p>\n<p>No es solo para los gobiernos. El Fondo puede financiar proyectos de ambos sectores. En el caso de los proyectos del sector privados hay un tema pol\u00edtico, que es lograr la recomendaci\u00f3n de lo que se denomina \u201cPunto focal\u201d, que ser\u00eda un organismo del Estado (en la Argentina ser\u00eda el Ministerio de Finanzas de Presidencia de la Naci\u00f3n a cargo de Agust\u00edn Mai) y un ente \u201cAcreditador\u201d, que es aquel que va administrar los fondos (en el pa\u00eds es la UCAR, Unidad para el Cambio Rural), que es quien dar\u00eda el aval del Fondo Verde para el Clima para ser aplicado a un proyecto determinado por un privado. Pero a\u00fan no han presentado desde la UCAR ning\u00fan proyecto.<\/p>\n<p>El financiamiento se puede lograr al presentar proyectos en a\u00e9reas estrat\u00e9gicas para el futuro sostenible del planeta:<\/p>\n<ul>\n<li>Mitigaci\u00f3n: Transporte; Construcci\u00f3n, ciudades e industrias; Forestaci\u00f3n y uso de la tierra; generaci\u00f3n y acceso a la energ\u00eda.<\/li>\n<li>Adaptaci\u00f3n: sustento de la gente y las comunidades; infraestructura y ambiente construido; ecosistemas y servicios ecosist\u00e9micos; salud, alimento y agua segura.<\/li>\n<li>Resilencia: Ciudades compatibles con el clima; Agricultura sustentable de bajas emisiones y clim\u00e1ticamente resilientes, ampliar la financiaci\u00f3n para la forestaci\u00f3n y el cambio clim\u00e1tico; mejorar la resilencias en estados peque\u00f1os y vulnerables al clima; transformar el acceso y la energ\u00eda.<\/li>\n<\/ul>\n<p>&nbsp;<\/p>\n<p><strong>\u00bfC\u00f3mo ve a Misiones para calificar con proyectos de Fondo Verde para el Clima?<\/strong><\/p>\n<p>La Provincia tiene un \u00e1rea de oportunidad maravillosa, tanto para emitir Bonos Verdes como para calificar en proyecto financiados por el Fondo Verde. Desde lograr mayor eficiencia de la represa con alg\u00fan proyecto en particular; o tambi\u00e9n, por ejemplo, para financiar proyectos de tratamiento y saneamientos cloacales,\u00a0 eficiencia energ\u00e9tica por cambio de l\u00e1mparas no eficientes por l\u00e1mparas LED, mejorar tecnol\u00f3gicamente el tratamiento de la basura; en forestaci\u00f3n y uso de la tierra, en servicios ecosist\u00e9micos por la conservaci\u00f3n de la selva misionera, en iniciativas de energ\u00edas renovables, entre otras.<\/p>\n<p>&nbsp;<\/p>\n<p><strong>\u00bfCon la EBY est\u00e1n estudiando algunos proyectos?<\/strong><\/p>\n<p>Lo que han manifestado las autoridades de la EBY \u00a0durante la apertura del curso de capacitaci\u00f3n, fue que el proyecto \u201cA\u00f1a Cu\u00e1\u201d tiene una aproximaci\u00f3n para calificar en financiaci\u00f3n con un Bono Verde. Estamos en conversaciones.<\/p>\n<p>&nbsp;<\/p>\n<p>Fuente: Por\u00a0Patricia Escobar para\u00a0www.misionesonline.net<\/p>\n<\/div>\n<div class=\"clear\"><\/div>\n<\/div>\n<\/div>\n<\/article>\n<div class=\"clear\"><\/div>\n<div id=\"div-gpt-ad-1441719739378-0\"><\/div>\n","protected":false},"excerpt":{"rendered":"<p>RodolfoTarraubella, el mayor experto del pa\u00eds en finanzas clim\u00e1ticas y coordinador de la Secretar\u00eda de Sustentabilidad y Finanzas Clim\u00e1ticas de [&hellip;]<\/p>\n","protected":false},"author":2,"featured_media":30881,"comment_status":"open","ping_status":"open","sticky":false,"template":"","format":"standard","meta":{"site-sidebar-layout":"default","site-content-layout":"","ast-site-content-layout":"default","site-content-style":"default","site-sidebar-style":"default","ast-global-header-display":"","ast-banner-title-visibility":"","ast-main-header-display":"","ast-hfb-above-header-display":"","ast-hfb-below-header-display":"","ast-hfb-mobile-header-display":"","site-post-title":"","ast-breadcrumbs-content":"","ast-featured-img":"","footer-sml-layout":"","ast-disable-related-posts":"","theme-transparent-header-meta":"","adv-header-id-meta":"","stick-header-meta":"","header-above-stick-meta":"","header-main-stick-meta":"","header-below-stick-meta":"","astra-migrate-meta-layouts":"default","ast-page-background-enabled":"default","ast-page-background-meta":{"desktop":{"background-color":"var(--ast-global-color-5)","background-image":"","background-repeat":"repeat","background-position":"center center","background-size":"auto","background-attachment":"scroll","background-type":"","background-media":"","overlay-type":"","overlay-color":"","overlay-opacity":"","overlay-gradient":""},"tablet":{"background-color":"","background-image":"","background-repeat":"repeat","background-position":"center center","background-size":"auto","background-attachment":"scroll","background-type":"","background-media":"","overlay-type":"","overlay-color":"","overlay-opacity":"","overlay-gradient":""},"mobile":{"background-color":"","background-image":"","background-repeat":"repeat","background-position":"center center","background-size":"auto","background-attachment":"scroll","background-type":"","background-media":"","overlay-type":"","overlay-color":"","overlay-opacity":"","overlay-gradient":""}},"ast-content-background-meta":{"desktop":{"background-color":"var(--ast-global-color-4)","background-image":"","background-repeat":"repeat","background-position":"center center","background-size":"auto","background-attachment":"scroll","background-type":"","background-media":"","overlay-type":"","overlay-color":"","overlay-opacity":"","overlay-gradient":""},"tablet":{"background-color":"var(--ast-global-color-4)","background-image":"","background-repeat":"repeat","background-position":"center center","background-size":"auto","background-attachment":"scroll","background-type":"","background-media":"","overlay-type":"","overlay-color":"","overlay-opacity":"","overlay-gradient":""},"mobile":{"background-color":"var(--ast-global-color-4)","background-image":"","background-repeat":"repeat","background-position":"center center","background-size":"auto","background-attachment":"scroll","background-type":"","background-media":"","overlay-type":"","overlay-color":"","overlay-opacity":"","overlay-gradient":""}},"footnotes":""},"categories":[51,1],"tags":[],"class_list":["post-30880","post","type-post","status-publish","format-standard","has-post-thumbnail","hentry","category-entrevistas","category-noticias"],"yoast_head":"<!-- This site is optimized with the Yoast SEO Premium plugin v23.0 (Yoast SEO v27.5) - https:\/\/yoast.com\/product\/yoast-seo-premium-wordpress\/ -->\n<title>El Fondo Verde para el Clima marcar\u00e1 el futuro de los financiamientos y orientar\u00e1 al capital hacia negocios sostenibles<\/title>\n<meta name=\"robots\" content=\"index, follow, max-snippet:-1, max-image-preview:large, max-video-preview:-1\" \/>\n<link rel=\"canonical\" href=\"https:\/\/patagoniambiental.com.ar\/info\/el-fondo-verde-para-el-clima-marcara-el-futuro-de-los-financiamientos-y-orientara-al-capital-hacia-negocios-sostenibles\/\" \/>\n<meta property=\"og:locale\" content=\"es_ES\" \/>\n<meta property=\"og:type\" content=\"article\" \/>\n<meta property=\"og:title\" content=\"El Fondo Verde para el Clima marcar\u00e1 el futuro de los financiamientos y orientar\u00e1 al capital hacia negocios sostenibles\" \/>\n<meta property=\"og:description\" content=\"RodolfoTarraubella, el mayor experto del pa\u00eds en finanzas clim\u00e1ticas y coordinador de la Secretar\u00eda de Sustentabilidad y Finanzas Clim\u00e1ticas de [&hellip;]\" \/>\n<meta property=\"og:url\" content=\"https:\/\/patagoniambiental.com.ar\/info\/el-fondo-verde-para-el-clima-marcara-el-futuro-de-los-financiamientos-y-orientara-al-capital-hacia-negocios-sostenibles\/\" \/>\n<meta property=\"og:site_name\" content=\"Patagonia Ambiental\" \/>\n<meta property=\"article:publisher\" content=\"https:\/\/www.facebook.com\/patagonia.ambiental\" \/>\n<meta property=\"article:author\" content=\"https:\/\/www.facebook.com\/share\/1C1V8Gv9BX\/?mibextid=qi2Omg\" \/>\n<meta property=\"article:published_time\" content=\"2017-06-23T12:00:06+00:00\" \/>\n<meta property=\"og:image\" content=\"https:\/\/patagoniambiental.com.ar\/info\/wp-content\/uploads\/2017\/06\/entrevista.jpg\" \/>\n\t<meta property=\"og:image:width\" content=\"960\" \/>\n\t<meta property=\"og:image:height\" content=\"639\" \/>\n\t<meta property=\"og:image:type\" content=\"image\/jpeg\" \/>\n<meta name=\"author\" content=\"Patagonia Ambiental\" \/>\n<meta name=\"twitter:card\" content=\"summary_large_image\" \/>\n<meta name=\"twitter:creator\" content=\"@PatAmb\" \/>\n<meta name=\"twitter:site\" content=\"@PatAmb\" \/>\n<script type=\"application\/ld+json\" class=\"yoast-schema-graph\">{\"@context\":\"https:\\\/\\\/schema.org\",\"@graph\":[{\"@type\":\"Article\",\"@id\":\"https:\\\/\\\/patagoniambiental.com.ar\\\/info\\\/el-fondo-verde-para-el-clima-marcara-el-futuro-de-los-financiamientos-y-orientara-al-capital-hacia-negocios-sostenibles\\\/#article\",\"isPartOf\":{\"@id\":\"https:\\\/\\\/patagoniambiental.com.ar\\\/info\\\/el-fondo-verde-para-el-clima-marcara-el-futuro-de-los-financiamientos-y-orientara-al-capital-hacia-negocios-sostenibles\\\/\"},\"author\":{\"name\":\"Patagonia Ambiental\",\"@id\":\"https:\\\/\\\/patagoniambiental.com.ar\\\/info\\\/#\\\/schema\\\/person\\\/db12bff64bbcbf6a253710bf0ea37b5d\"},\"headline\":\"El Fondo Verde para el Clima marcar\u00e1 el futuro de los financiamientos y orientar\u00e1 al capital hacia negocios sostenibles\",\"datePublished\":\"2017-06-23T12:00:06+00:00\",\"mainEntityOfPage\":{\"@id\":\"https:\\\/\\\/patagoniambiental.com.ar\\\/info\\\/el-fondo-verde-para-el-clima-marcara-el-futuro-de-los-financiamientos-y-orientara-al-capital-hacia-negocios-sostenibles\\\/\"},\"wordCount\":1309,\"commentCount\":0,\"publisher\":{\"@id\":\"https:\\\/\\\/patagoniambiental.com.ar\\\/info\\\/#organization\"},\"image\":{\"@id\":\"https:\\\/\\\/patagoniambiental.com.ar\\\/info\\\/el-fondo-verde-para-el-clima-marcara-el-futuro-de-los-financiamientos-y-orientara-al-capital-hacia-negocios-sostenibles\\\/#primaryimage\"},\"thumbnailUrl\":\"https:\\\/\\\/patagoniambiental.com.ar\\\/info\\\/wp-content\\\/uploads\\\/2017\\\/06\\\/entrevista.jpg\",\"articleSection\":[\"Entrevistas\",\"Noticias\"],\"inLanguage\":\"es\",\"potentialAction\":[{\"@type\":\"CommentAction\",\"name\":\"Comment\",\"target\":[\"https:\\\/\\\/patagoniambiental.com.ar\\\/info\\\/el-fondo-verde-para-el-clima-marcara-el-futuro-de-los-financiamientos-y-orientara-al-capital-hacia-negocios-sostenibles\\\/#respond\"]}]},{\"@type\":\"WebPage\",\"@id\":\"https:\\\/\\\/patagoniambiental.com.ar\\\/info\\\/el-fondo-verde-para-el-clima-marcara-el-futuro-de-los-financiamientos-y-orientara-al-capital-hacia-negocios-sostenibles\\\/\",\"url\":\"https:\\\/\\\/patagoniambiental.com.ar\\\/info\\\/el-fondo-verde-para-el-clima-marcara-el-futuro-de-los-financiamientos-y-orientara-al-capital-hacia-negocios-sostenibles\\\/\",\"name\":\"El Fondo Verde para el Clima marcar\u00e1 el futuro de los financiamientos y orientar\u00e1 al capital hacia negocios sostenibles\",\"isPartOf\":{\"@id\":\"https:\\\/\\\/patagoniambiental.com.ar\\\/info\\\/#website\"},\"primaryImageOfPage\":{\"@id\":\"https:\\\/\\\/patagoniambiental.com.ar\\\/info\\\/el-fondo-verde-para-el-clima-marcara-el-futuro-de-los-financiamientos-y-orientara-al-capital-hacia-negocios-sostenibles\\\/#primaryimage\"},\"image\":{\"@id\":\"https:\\\/\\\/patagoniambiental.com.ar\\\/info\\\/el-fondo-verde-para-el-clima-marcara-el-futuro-de-los-financiamientos-y-orientara-al-capital-hacia-negocios-sostenibles\\\/#primaryimage\"},\"thumbnailUrl\":\"https:\\\/\\\/patagoniambiental.com.ar\\\/info\\\/wp-content\\\/uploads\\\/2017\\\/06\\\/entrevista.jpg\",\"datePublished\":\"2017-06-23T12:00:06+00:00\",\"breadcrumb\":{\"@id\":\"https:\\\/\\\/patagoniambiental.com.ar\\\/info\\\/el-fondo-verde-para-el-clima-marcara-el-futuro-de-los-financiamientos-y-orientara-al-capital-hacia-negocios-sostenibles\\\/#breadcrumb\"},\"inLanguage\":\"es\",\"potentialAction\":[{\"@type\":\"ReadAction\",\"target\":[\"https:\\\/\\\/patagoniambiental.com.ar\\\/info\\\/el-fondo-verde-para-el-clima-marcara-el-futuro-de-los-financiamientos-y-orientara-al-capital-hacia-negocios-sostenibles\\\/\"]}]},{\"@type\":\"ImageObject\",\"inLanguage\":\"es\",\"@id\":\"https:\\\/\\\/patagoniambiental.com.ar\\\/info\\\/el-fondo-verde-para-el-clima-marcara-el-futuro-de-los-financiamientos-y-orientara-al-capital-hacia-negocios-sostenibles\\\/#primaryimage\",\"url\":\"https:\\\/\\\/patagoniambiental.com.ar\\\/info\\\/wp-content\\\/uploads\\\/2017\\\/06\\\/entrevista.jpg\",\"contentUrl\":\"https:\\\/\\\/patagoniambiental.com.ar\\\/info\\\/wp-content\\\/uploads\\\/2017\\\/06\\\/entrevista.jpg\",\"width\":960,\"height\":639},{\"@type\":\"BreadcrumbList\",\"@id\":\"https:\\\/\\\/patagoniambiental.com.ar\\\/info\\\/el-fondo-verde-para-el-clima-marcara-el-futuro-de-los-financiamientos-y-orientara-al-capital-hacia-negocios-sostenibles\\\/#breadcrumb\",\"itemListElement\":[{\"@type\":\"ListItem\",\"position\":1,\"name\":\"Inicio\",\"item\":\"https:\\\/\\\/patagoniambiental.com.ar\\\/info\\\/\"},{\"@type\":\"ListItem\",\"position\":2,\"name\":\"El Fondo Verde para el Clima marcar\u00e1 el futuro de los financiamientos y orientar\u00e1 al capital hacia negocios sostenibles\"}]},{\"@type\":\"WebSite\",\"@id\":\"https:\\\/\\\/patagoniambiental.com.ar\\\/info\\\/#website\",\"url\":\"https:\\\/\\\/patagoniambiental.com.ar\\\/info\\\/\",\"name\":\"Patagonia Ambiental\",\"description\":\"Monitoreo y an\u00e1lisis de la situaci\u00f3n geopol\u00edtica en el mundo y su implicancia en la Patagonia\",\"publisher\":{\"@id\":\"https:\\\/\\\/patagoniambiental.com.ar\\\/info\\\/#organization\"},\"potentialAction\":[{\"@type\":\"SearchAction\",\"target\":{\"@type\":\"EntryPoint\",\"urlTemplate\":\"https:\\\/\\\/patagoniambiental.com.ar\\\/info\\\/?s={search_term_string}\"},\"query-input\":{\"@type\":\"PropertyValueSpecification\",\"valueRequired\":true,\"valueName\":\"search_term_string\"}}],\"inLanguage\":\"es\"},{\"@type\":\"Organization\",\"@id\":\"https:\\\/\\\/patagoniambiental.com.ar\\\/info\\\/#organization\",\"name\":\"Patagonia Ambiental\",\"url\":\"https:\\\/\\\/patagoniambiental.com.ar\\\/info\\\/\",\"logo\":{\"@type\":\"ImageObject\",\"inLanguage\":\"es\",\"@id\":\"https:\\\/\\\/patagoniambiental.com.ar\\\/info\\\/#\\\/schema\\\/logo\\\/image\\\/\",\"url\":\"https:\\\/\\\/patagoniambiental.com.ar\\\/info\\\/wp-content\\\/uploads\\\/2025\\\/05\\\/LOGO-PATAGONIA-AMBIENTAL.png\",\"contentUrl\":\"https:\\\/\\\/patagoniambiental.com.ar\\\/info\\\/wp-content\\\/uploads\\\/2025\\\/05\\\/LOGO-PATAGONIA-AMBIENTAL.png\",\"width\":433,\"height\":250,\"caption\":\"Patagonia Ambiental\"},\"image\":{\"@id\":\"https:\\\/\\\/patagoniambiental.com.ar\\\/info\\\/#\\\/schema\\\/logo\\\/image\\\/\"},\"sameAs\":[\"https:\\\/\\\/www.facebook.com\\\/patagonia.ambiental\",\"https:\\\/\\\/x.com\\\/PatAmb\"]},{\"@type\":\"Person\",\"@id\":\"https:\\\/\\\/patagoniambiental.com.ar\\\/info\\\/#\\\/schema\\\/person\\\/db12bff64bbcbf6a253710bf0ea37b5d\",\"name\":\"Patagonia Ambiental\",\"description\":\"Andr\u00e9s Nievas T\u00e9cnico en manejo ambiental, consultor Ambiental y escritor para medios locales e internacionales sobre temas de geopolitica y medio ambiente.\",\"sameAs\":[\"http:\\\/\\\/www.patagoniambiental.com.ar\",\"https:\\\/\\\/www.facebook.com\\\/share\\\/1C1V8Gv9BX\\\/?mibextid=qi2Omg\",\"@patagoniambiental\",\"https:\\\/\\\/youtube.com\\\/@patagoniaambiental2023?si=BLt58t0wuXquxlYZ\"]}]}<\/script>\n<!-- \/ Yoast SEO Premium plugin. -->","yoast_head_json":{"title":"El Fondo Verde para el Clima marcar\u00e1 el futuro de los financiamientos y orientar\u00e1 al capital hacia negocios sostenibles","robots":{"index":"index","follow":"follow","max-snippet":"max-snippet:-1","max-image-preview":"max-image-preview:large","max-video-preview":"max-video-preview:-1"},"canonical":"https:\/\/patagoniambiental.com.ar\/info\/el-fondo-verde-para-el-clima-marcara-el-futuro-de-los-financiamientos-y-orientara-al-capital-hacia-negocios-sostenibles\/","og_locale":"es_ES","og_type":"article","og_title":"El Fondo Verde para el Clima marcar\u00e1 el futuro de los financiamientos y orientar\u00e1 al capital hacia negocios sostenibles","og_description":"RodolfoTarraubella, el mayor experto del pa\u00eds en finanzas clim\u00e1ticas y coordinador de la Secretar\u00eda de Sustentabilidad y Finanzas Clim\u00e1ticas de [&hellip;]","og_url":"https:\/\/patagoniambiental.com.ar\/info\/el-fondo-verde-para-el-clima-marcara-el-futuro-de-los-financiamientos-y-orientara-al-capital-hacia-negocios-sostenibles\/","og_site_name":"Patagonia Ambiental","article_publisher":"https:\/\/www.facebook.com\/patagonia.ambiental","article_author":"https:\/\/www.facebook.com\/share\/1C1V8Gv9BX\/?mibextid=qi2Omg","article_published_time":"2017-06-23T12:00:06+00:00","og_image":[{"width":960,"height":639,"url":"https:\/\/patagoniambiental.com.ar\/info\/wp-content\/uploads\/2017\/06\/entrevista.jpg","type":"image\/jpeg"}],"author":"Patagonia Ambiental","twitter_card":"summary_large_image","twitter_creator":"@PatAmb","twitter_site":"@PatAmb","schema":{"@context":"https:\/\/schema.org","@graph":[{"@type":"Article","@id":"https:\/\/patagoniambiental.com.ar\/info\/el-fondo-verde-para-el-clima-marcara-el-futuro-de-los-financiamientos-y-orientara-al-capital-hacia-negocios-sostenibles\/#article","isPartOf":{"@id":"https:\/\/patagoniambiental.com.ar\/info\/el-fondo-verde-para-el-clima-marcara-el-futuro-de-los-financiamientos-y-orientara-al-capital-hacia-negocios-sostenibles\/"},"author":{"name":"Patagonia Ambiental","@id":"https:\/\/patagoniambiental.com.ar\/info\/#\/schema\/person\/db12bff64bbcbf6a253710bf0ea37b5d"},"headline":"El Fondo Verde para el Clima marcar\u00e1 el futuro de los financiamientos y orientar\u00e1 al capital hacia negocios sostenibles","datePublished":"2017-06-23T12:00:06+00:00","mainEntityOfPage":{"@id":"https:\/\/patagoniambiental.com.ar\/info\/el-fondo-verde-para-el-clima-marcara-el-futuro-de-los-financiamientos-y-orientara-al-capital-hacia-negocios-sostenibles\/"},"wordCount":1309,"commentCount":0,"publisher":{"@id":"https:\/\/patagoniambiental.com.ar\/info\/#organization"},"image":{"@id":"https:\/\/patagoniambiental.com.ar\/info\/el-fondo-verde-para-el-clima-marcara-el-futuro-de-los-financiamientos-y-orientara-al-capital-hacia-negocios-sostenibles\/#primaryimage"},"thumbnailUrl":"https:\/\/patagoniambiental.com.ar\/info\/wp-content\/uploads\/2017\/06\/entrevista.jpg","articleSection":["Entrevistas","Noticias"],"inLanguage":"es","potentialAction":[{"@type":"CommentAction","name":"Comment","target":["https:\/\/patagoniambiental.com.ar\/info\/el-fondo-verde-para-el-clima-marcara-el-futuro-de-los-financiamientos-y-orientara-al-capital-hacia-negocios-sostenibles\/#respond"]}]},{"@type":"WebPage","@id":"https:\/\/patagoniambiental.com.ar\/info\/el-fondo-verde-para-el-clima-marcara-el-futuro-de-los-financiamientos-y-orientara-al-capital-hacia-negocios-sostenibles\/","url":"https:\/\/patagoniambiental.com.ar\/info\/el-fondo-verde-para-el-clima-marcara-el-futuro-de-los-financiamientos-y-orientara-al-capital-hacia-negocios-sostenibles\/","name":"El Fondo Verde para el Clima marcar\u00e1 el futuro de los financiamientos y orientar\u00e1 al capital hacia negocios sostenibles","isPartOf":{"@id":"https:\/\/patagoniambiental.com.ar\/info\/#website"},"primaryImageOfPage":{"@id":"https:\/\/patagoniambiental.com.ar\/info\/el-fondo-verde-para-el-clima-marcara-el-futuro-de-los-financiamientos-y-orientara-al-capital-hacia-negocios-sostenibles\/#primaryimage"},"image":{"@id":"https:\/\/patagoniambiental.com.ar\/info\/el-fondo-verde-para-el-clima-marcara-el-futuro-de-los-financiamientos-y-orientara-al-capital-hacia-negocios-sostenibles\/#primaryimage"},"thumbnailUrl":"https:\/\/patagoniambiental.com.ar\/info\/wp-content\/uploads\/2017\/06\/entrevista.jpg","datePublished":"2017-06-23T12:00:06+00:00","breadcrumb":{"@id":"https:\/\/patagoniambiental.com.ar\/info\/el-fondo-verde-para-el-clima-marcara-el-futuro-de-los-financiamientos-y-orientara-al-capital-hacia-negocios-sostenibles\/#breadcrumb"},"inLanguage":"es","potentialAction":[{"@type":"ReadAction","target":["https:\/\/patagoniambiental.com.ar\/info\/el-fondo-verde-para-el-clima-marcara-el-futuro-de-los-financiamientos-y-orientara-al-capital-hacia-negocios-sostenibles\/"]}]},{"@type":"ImageObject","inLanguage":"es","@id":"https:\/\/patagoniambiental.com.ar\/info\/el-fondo-verde-para-el-clima-marcara-el-futuro-de-los-financiamientos-y-orientara-al-capital-hacia-negocios-sostenibles\/#primaryimage","url":"https:\/\/patagoniambiental.com.ar\/info\/wp-content\/uploads\/2017\/06\/entrevista.jpg","contentUrl":"https:\/\/patagoniambiental.com.ar\/info\/wp-content\/uploads\/2017\/06\/entrevista.jpg","width":960,"height":639},{"@type":"BreadcrumbList","@id":"https:\/\/patagoniambiental.com.ar\/info\/el-fondo-verde-para-el-clima-marcara-el-futuro-de-los-financiamientos-y-orientara-al-capital-hacia-negocios-sostenibles\/#breadcrumb","itemListElement":[{"@type":"ListItem","position":1,"name":"Inicio","item":"https:\/\/patagoniambiental.com.ar\/info\/"},{"@type":"ListItem","position":2,"name":"El Fondo Verde para el Clima marcar\u00e1 el futuro de los financiamientos y orientar\u00e1 al capital hacia negocios sostenibles"}]},{"@type":"WebSite","@id":"https:\/\/patagoniambiental.com.ar\/info\/#website","url":"https:\/\/patagoniambiental.com.ar\/info\/","name":"Patagonia Ambiental","description":"Monitoreo y an\u00e1lisis de la situaci\u00f3n geopol\u00edtica en el mundo y su implicancia en la Patagonia","publisher":{"@id":"https:\/\/patagoniambiental.com.ar\/info\/#organization"},"potentialAction":[{"@type":"SearchAction","target":{"@type":"EntryPoint","urlTemplate":"https:\/\/patagoniambiental.com.ar\/info\/?s={search_term_string}"},"query-input":{"@type":"PropertyValueSpecification","valueRequired":true,"valueName":"search_term_string"}}],"inLanguage":"es"},{"@type":"Organization","@id":"https:\/\/patagoniambiental.com.ar\/info\/#organization","name":"Patagonia Ambiental","url":"https:\/\/patagoniambiental.com.ar\/info\/","logo":{"@type":"ImageObject","inLanguage":"es","@id":"https:\/\/patagoniambiental.com.ar\/info\/#\/schema\/logo\/image\/","url":"https:\/\/patagoniambiental.com.ar\/info\/wp-content\/uploads\/2025\/05\/LOGO-PATAGONIA-AMBIENTAL.png","contentUrl":"https:\/\/patagoniambiental.com.ar\/info\/wp-content\/uploads\/2025\/05\/LOGO-PATAGONIA-AMBIENTAL.png","width":433,"height":250,"caption":"Patagonia Ambiental"},"image":{"@id":"https:\/\/patagoniambiental.com.ar\/info\/#\/schema\/logo\/image\/"},"sameAs":["https:\/\/www.facebook.com\/patagonia.ambiental","https:\/\/x.com\/PatAmb"]},{"@type":"Person","@id":"https:\/\/patagoniambiental.com.ar\/info\/#\/schema\/person\/db12bff64bbcbf6a253710bf0ea37b5d","name":"Patagonia Ambiental","description":"Andr\u00e9s Nievas T\u00e9cnico en manejo ambiental, consultor Ambiental y escritor para medios locales e internacionales sobre temas de geopolitica y medio ambiente.","sameAs":["http:\/\/www.patagoniambiental.com.ar","https:\/\/www.facebook.com\/share\/1C1V8Gv9BX\/?mibextid=qi2Omg","@patagoniambiental","https:\/\/youtube.com\/@patagoniaambiental2023?si=BLt58t0wuXquxlYZ"]}]}},"_links":{"self":[{"href":"https:\/\/patagoniambiental.com.ar\/info\/wp-json\/wp\/v2\/posts\/30880","targetHints":{"allow":["GET"]}}],"collection":[{"href":"https:\/\/patagoniambiental.com.ar\/info\/wp-json\/wp\/v2\/posts"}],"about":[{"href":"https:\/\/patagoniambiental.com.ar\/info\/wp-json\/wp\/v2\/types\/post"}],"author":[{"embeddable":true,"href":"https:\/\/patagoniambiental.com.ar\/info\/wp-json\/wp\/v2\/users\/2"}],"replies":[{"embeddable":true,"href":"https:\/\/patagoniambiental.com.ar\/info\/wp-json\/wp\/v2\/comments?post=30880"}],"version-history":[{"count":0,"href":"https:\/\/patagoniambiental.com.ar\/info\/wp-json\/wp\/v2\/posts\/30880\/revisions"}],"wp:featuredmedia":[{"embeddable":true,"href":"https:\/\/patagoniambiental.com.ar\/info\/wp-json\/wp\/v2\/media\/30881"}],"wp:attachment":[{"href":"https:\/\/patagoniambiental.com.ar\/info\/wp-json\/wp\/v2\/media?parent=30880"}],"wp:term":[{"taxonomy":"category","embeddable":true,"href":"https:\/\/patagoniambiental.com.ar\/info\/wp-json\/wp\/v2\/categories?post=30880"},{"taxonomy":"post_tag","embeddable":true,"href":"https:\/\/patagoniambiental.com.ar\/info\/wp-json\/wp\/v2\/tags?post=30880"}],"curies":[{"name":"wp","href":"https:\/\/api.w.org\/{rel}","templated":true}]}}