{"id":30959,"date":"2017-06-24T10:05:46","date_gmt":"2017-06-24T13:05:46","guid":{"rendered":"http:\/\/patagoniambiental.com.ar\/info\/?p=30959"},"modified":"2017-06-24T10:05:46","modified_gmt":"2017-06-24T13:05:46","slug":"ing-bezzeccheri-es-importante-diversificar-la-matriz-energetica-introducir-las-renovables","status":"publish","type":"post","link":"https:\/\/patagoniambiental.com.ar\/info\/ing-bezzeccheri-es-importante-diversificar-la-matriz-energetica-introducir-las-renovables\/","title":{"rendered":"Ing. Bezzeccheri: \u201cEs importante diversificar la matriz energ\u00e9tica, introducir las renovables\u00bb"},"content":{"rendered":"<div>En el marco del panel \u00abLas Energ\u00edas Renovables\u00bb de la Jornada \u00abDesaf\u00edos para el Desarrollo El\u00e9ctrico Argentino\u00bb, organizada por la Revista Mercado el\u00e9ctrico, el Country Manager de Enel, analiz\u00f3 la matriz energ\u00e9tica de los pa\u00edses que rodean a Argentina, se refiri\u00f3 a los planes Renovar 1 y Renovar 1.5 y a los mitos que rodean a las energ\u00edas renovables.<\/div>\n<div><\/div>\n<div>Para comenzar el expositor se refiri\u00f3 a la matriz energ\u00e9tica de Brasil, Uruguay y Chile.<\/div>\n<div><\/div>\n<div>\u201cArgentina tiene un 67% t\u00e9rmica, 33% hidroel\u00e9ctrica, 5% nuclear. Tiene previsto incrementar el nuclear. En Europa se est\u00e1 pensando exactamente al rev\u00e9s, reducir la presencia del nuclear de la matriz energ\u00e9tica. Y estamos hablando de 34 GW\u201d, dijo.<\/div>\n<div><\/div>\n<div>Analizando el caso de Brasil precis\u00f3: \u201cVamos a ver Brasil, es 152 GW, de los cuales 77% es renovable. La componente hidroel\u00e9ctrica un 65% y despu\u00e9s e\u00f3lica y fotovoltaica cuentan con un 12%\u201d.<\/div>\n<div><\/div>\n<div>En tanto que Uruguay \u201ctiene un 83% de renovables, un 40% hidroel\u00e9ctrica, y el resto e\u00f3lico\u201d.<\/div>\n<div><\/div>\n<div>\u201cChile m\u00e1s o menos tiene un 46% t\u00e9rmico y el resto es renovable entre hidroel\u00e9ctrico, e\u00f3lico y fotovoltaico\u201d, agreg\u00f3.<\/div>\n<div><\/div>\n<div>En base a esto el orador destac\u00f3: \u201cCon estos n\u00fameros se concluye que Argentina es la m\u00e1s t\u00e9rmica de todos los que est\u00e1n alrededor. La pregunta es por que Brasil fue diversific\u00e1ndose en energ\u00edas renovables y a partir del 2009 el 95% de la nueva potencia instalada en Brasil es renovable\u201d.<\/div>\n<div><\/div>\n<div>\u201cA pesar que era una matriz renovable, en la cual la componente hidroel\u00e9ctrica era una componente significativa, los fen\u00f3menos del ni\u00f1o y la ni\u00f1a empezaban a influir muy profundamente en la reforma. Recuerdo que estaba en el mercado brasilero en el 2014 donde se dispararon absolutamente todos los precios del mercado mayorista porque ten\u00eda una tempestad perfecta, ten\u00eda un fen\u00f3meno de sequ\u00eda, fen\u00f3meno de no mantenimiento de los embalses, y ten\u00eda una falla del transporte. Esta tormenta perfecta lleva a que se dispare el precio en el mercado. Y ese es uno de los motivos por los cuales empieza a diversificarse\u201d, explic\u00f3.<\/div>\n<div><\/div>\n<div>Centr\u00e1ndose en el caso argentino, resalt\u00f3 que \u201cHemos visto la dependencia fuerte de los combustibles f\u00f3siles y \u00a0dada la volatilidad internacional de los precios de los combustibles f\u00f3siles que ha caracteriza estos \u00faltimos a\u00f1os, pasamos de 30 despu\u00e9s subimos a 50 y esta es un poco la fluctuaci\u00f3n que estamos observando. No se puede ver este asunto como un asunto nacional, hoy el tema energ\u00e9tico es un tema geopol\u00edtico, en el cual entran un mont\u00f3n de componentes. Pensar de solucionarlo desde una din\u00e1mica totalmente aut\u00e1rtica no funciona\u201d.<\/div>\n<div><\/div>\n<div>Sobre el plan Renovar 1 y 1.5 y cu\u00e1l es el precio medio con el cual se asignan los MW, detall\u00f3: \u201cEstamos hablando de algo que est\u00e1 por debajo de los US$ 60 por MWh. \u00bfCu\u00e1nto hay de costo? Estar\u00e1 entre US$ 90 y US$ 100 por MWh. \u00bfPor qu\u00e9 renovables? Simplemente porque es m\u00e1s barato. La energ\u00eda que se genera de las renovables es m\u00e1s barata. Aparte que lo dice los n\u00fameros de la subasta. Nosotros el a\u00f1o pasado ofertamos un mix entre energ\u00eda t\u00e9rmica y energ\u00eda fotovoltaica a un valor debajo de los US$ 40 el MWh. Cuando en el 2012 la subasta siempre en Chile hab\u00eda visto la energ\u00eda a \u00a0130, 128, 129 d\u00f3lares el MWh. La introducci\u00f3n de la energ\u00eda renovable no es solo nice sino por problema practico, porque el costo del sistema se abarata inevitablemente. Eso es un tema general\u201d.<\/div>\n<div><\/div>\n<div>Finalmente, el Country Manager de Enel, se encarg\u00f3 de \u201cdestruir\u201d algunos mitos que vienen de Europa, en cuanto a la energ\u00eda renovable. \u201cDec\u00edan que la energ\u00eda renovable era muy costosa, los n\u00fameros que les estoy diciendo les muestran que esto no es as\u00ed\u201d, a\u00f1adi\u00f3.<\/div>\n<div><\/div>\n<div>El segundo mito es el de la imprevisibilidad. \u201cLos mitos del costo elevado los n\u00fameros lo derrotan definitivamente. El tema de la imprevisibilidad tambi\u00e9n. Es evidente que el regulador tiene que dise\u00f1ar el mercado en la forma en la cual estas energ\u00edas se pueden introducir en forma eficiente y eficaces\u201d, agreg\u00f3.<\/div>\n<div><\/div>\n<div>\u201cEl tercer mito que no llega pero llegara a la Argentina, es que la introducci\u00f3n de energ\u00eda intermitente determina una bajada de prestaciones, un riesgo para la red de transporte. Les adelanto que despu\u00e9s de muchos a\u00f1os en el sector en Europa, en Norteam\u00e9rica, en Latinoam\u00e9rica, he visto siempre esta ola de mitos reproducirse\u201d, subray\u00f3.<\/div>\n<div><\/div>\n<div>Ante la pregunta de cu\u00e1nta renovable puede entrar en el sistema, manifest\u00f3: \u201cEsa es la pregunta que todos se hacen. Nosotros estamos haciendo unos estudios, estamos previendo el desarrollo de la Argentina de ac\u00e1 al 2030, para Chile tambi\u00e9n, lo estamos haciendo para el sistema integrado. La red futura de 2030 de Argentina. La red futura de 2030 de Chile. Cuanta energ\u00eda renovable pueden sostener y la combinaci\u00f3n de la interconexi\u00f3n entre los dos pa\u00edses cuanto puede permitir m\u00e1s energ\u00eda renovable entrar en el sistema. \u00a0\u00bfPor qu\u00e9 entrar? Tiene un problema de precio, de competitividad. No solo de precio en si sino de precio en el tiempo. La ventaja es que no me voy a exponer m\u00e1s a la volatilidad de los precios de los combustibles f\u00f3siles, y tengo un precio programado en los pr\u00f3ximos 20 a\u00f1os\u201d.<\/div>\n<div><\/div>\n<div>Para el orador las energ\u00edas renovables son capaces de \u201csolucionar temas de la red, no ser un problema sino una oportunidad para la red de transmisi\u00f3n\u201d.<\/div>\n<div><\/div>\n<div>\u201cEs importante diversificar la matriz energ\u00e9tica, introducir las renovables no es una cosa de moda es una necesidad obvia del sistema, aun mas porque estamos en un pa\u00eds como Argentina donde los recursos e\u00f3licos uno de los mejores del mundo, tanto en t\u00e9rminos de e\u00f3lico como en t\u00e9rminos de solar\u201d, sintetiz\u00f3.<\/div>\n<div><\/div>\n<div>Para concluir, expres\u00f3: \u201cMientras estamos hablando de la diversificaci\u00f3n de la matriz energ\u00e9tica, en Estados Unidos, en Europa y ahora decimos en Chile y Colombia pasamos a otro cap\u00edtulo, un cambio total de paradigma, hoy en d\u00eda nosotros estamos pensando en una red dise\u00f1ada con un flujo mono direccional, un gran generador a consumidor final. En toda esta parte del mundo se est\u00e1 hablando de una red bidireccional. El consumidor se transforma en un actor del mercado\u201d.<\/div>\n<div><\/div>\n<div>Fuente:\u00a0http:\/\/www.melectrico.com.ar\/<\/div>\n","protected":false},"excerpt":{"rendered":"<p>En el marco del panel \u00abLas Energ\u00edas Renovables\u00bb de la Jornada \u00abDesaf\u00edos para el Desarrollo El\u00e9ctrico Argentino\u00bb, organizada por la [&hellip;]<\/p>\n","protected":false},"author":2,"featured_media":0,"comment_status":"open","ping_status":"open","sticky":false,"template":"","format":"standard","meta":{"site-sidebar-layout":"default","site-content-layout":"","ast-site-content-layout":"default","site-content-style":"default","site-sidebar-style":"default","ast-global-header-display":"","ast-banner-title-visibility":"","ast-main-header-display":"","ast-hfb-above-header-display":"","ast-hfb-below-header-display":"","ast-hfb-mobile-header-display":"","site-post-title":"","ast-breadcrumbs-content":"","ast-featured-img":"","footer-sml-layout":"","ast-disable-related-posts":"","theme-transparent-header-meta":"","adv-header-id-meta":"","stick-header-meta":"","header-above-stick-meta":"","header-main-stick-meta":"","header-below-stick-meta":"","astra-migrate-meta-layouts":"default","ast-page-background-enabled":"default","ast-page-background-meta":{"desktop":{"background-color":"var(--ast-global-color-5)","background-image":"","background-repeat":"repeat","background-position":"center center","background-size":"auto","background-attachment":"scroll","background-type":"","background-media":"","overlay-type":"","overlay-color":"","overlay-opacity":"","overlay-gradient":""},"tablet":{"background-color":"","background-image":"","background-repeat":"repeat","background-position":"center center","background-size":"auto","background-attachment":"scroll","background-type":"","background-media":"","overlay-type":"","overlay-color":"","overlay-opacity":"","overlay-gradient":""},"mobile":{"background-color":"","background-image":"","background-repeat":"repeat","background-position":"center center","background-size":"auto","background-attachment":"scroll","background-type":"","background-media":"","overlay-type":"","overlay-color":"","overlay-opacity":"","overlay-gradient":""}},"ast-content-background-meta":{"desktop":{"background-color":"var(--ast-global-color-4)","background-image":"","background-repeat":"repeat","background-position":"center center","background-size":"auto","background-attachment":"scroll","background-type":"","background-media":"","overlay-type":"","overlay-color":"","overlay-opacity":"","overlay-gradient":""},"tablet":{"background-color":"var(--ast-global-color-4)","background-image":"","background-repeat":"repeat","background-position":"center center","background-size":"auto","background-attachment":"scroll","background-type":"","background-media":"","overlay-type":"","overlay-color":"","overlay-opacity":"","overlay-gradient":""},"mobile":{"background-color":"var(--ast-global-color-4)","background-image":"","background-repeat":"repeat","background-position":"center center","background-size":"auto","background-attachment":"scroll","background-type":"","background-media":"","overlay-type":"","overlay-color":"","overlay-opacity":"","overlay-gradient":""}},"footnotes":""},"categories":[1],"tags":[],"class_list":["post-30959","post","type-post","status-publish","format-standard","hentry","category-noticias"],"yoast_head":"<!-- This site is optimized with the Yoast SEO Premium plugin v23.0 (Yoast SEO v27.4) - https:\/\/yoast.com\/product\/yoast-seo-premium-wordpress\/ -->\n<title>Ing. Bezzeccheri: \u201cEs importante diversificar la matriz energ\u00e9tica, introducir las renovables&quot;<\/title>\n<meta name=\"robots\" content=\"index, follow, max-snippet:-1, max-image-preview:large, max-video-preview:-1\" \/>\n<link rel=\"canonical\" href=\"https:\/\/patagoniambiental.com.ar\/info\/ing-bezzeccheri-es-importante-diversificar-la-matriz-energetica-introducir-las-renovables\/\" \/>\n<meta property=\"og:locale\" content=\"es_ES\" \/>\n<meta property=\"og:type\" content=\"article\" \/>\n<meta property=\"og:title\" content=\"Ing. Bezzeccheri: \u201cEs importante diversificar la matriz energ\u00e9tica, introducir las renovables&quot;\" \/>\n<meta property=\"og:description\" content=\"En el marco del panel \u00abLas Energ\u00edas Renovables\u00bb de la Jornada \u00abDesaf\u00edos para el Desarrollo El\u00e9ctrico Argentino\u00bb, organizada por la [&hellip;]\" \/>\n<meta property=\"og:url\" content=\"https:\/\/patagoniambiental.com.ar\/info\/ing-bezzeccheri-es-importante-diversificar-la-matriz-energetica-introducir-las-renovables\/\" \/>\n<meta property=\"og:site_name\" content=\"Patagonia Ambiental\" \/>\n<meta property=\"article:publisher\" content=\"https:\/\/www.facebook.com\/patagonia.ambiental\" \/>\n<meta property=\"article:author\" content=\"https:\/\/www.facebook.com\/share\/1C1V8Gv9BX\/?mibextid=qi2Omg\" \/>\n<meta property=\"article:published_time\" content=\"2017-06-24T13:05:46+00:00\" \/>\n<meta name=\"author\" content=\"Patagonia Ambiental\" \/>\n<meta name=\"twitter:card\" content=\"summary_large_image\" \/>\n<meta name=\"twitter:creator\" content=\"@PatAmb\" \/>\n<meta name=\"twitter:site\" content=\"@PatAmb\" \/>\n<script type=\"application\/ld+json\" class=\"yoast-schema-graph\">{\"@context\":\"https:\\\/\\\/schema.org\",\"@graph\":[{\"@type\":\"Article\",\"@id\":\"https:\\\/\\\/patagoniambiental.com.ar\\\/info\\\/ing-bezzeccheri-es-importante-diversificar-la-matriz-energetica-introducir-las-renovables\\\/#article\",\"isPartOf\":{\"@id\":\"https:\\\/\\\/patagoniambiental.com.ar\\\/info\\\/ing-bezzeccheri-es-importante-diversificar-la-matriz-energetica-introducir-las-renovables\\\/\"},\"author\":{\"name\":\"Patagonia Ambiental\",\"@id\":\"https:\\\/\\\/patagoniambiental.com.ar\\\/info\\\/#\\\/schema\\\/person\\\/db12bff64bbcbf6a253710bf0ea37b5d\"},\"headline\":\"Ing. Bezzeccheri: \u201cEs importante diversificar la matriz energ\u00e9tica, introducir las renovables\u00bb\",\"datePublished\":\"2017-06-24T13:05:46+00:00\",\"mainEntityOfPage\":{\"@id\":\"https:\\\/\\\/patagoniambiental.com.ar\\\/info\\\/ing-bezzeccheri-es-importante-diversificar-la-matriz-energetica-introducir-las-renovables\\\/\"},\"wordCount\":1096,\"commentCount\":0,\"publisher\":{\"@id\":\"https:\\\/\\\/patagoniambiental.com.ar\\\/info\\\/#organization\"},\"articleSection\":[\"Noticias\"],\"inLanguage\":\"es\",\"potentialAction\":[{\"@type\":\"CommentAction\",\"name\":\"Comment\",\"target\":[\"https:\\\/\\\/patagoniambiental.com.ar\\\/info\\\/ing-bezzeccheri-es-importante-diversificar-la-matriz-energetica-introducir-las-renovables\\\/#respond\"]}]},{\"@type\":\"WebPage\",\"@id\":\"https:\\\/\\\/patagoniambiental.com.ar\\\/info\\\/ing-bezzeccheri-es-importante-diversificar-la-matriz-energetica-introducir-las-renovables\\\/\",\"url\":\"https:\\\/\\\/patagoniambiental.com.ar\\\/info\\\/ing-bezzeccheri-es-importante-diversificar-la-matriz-energetica-introducir-las-renovables\\\/\",\"name\":\"Ing. Bezzeccheri: \u201cEs importante diversificar la matriz energ\u00e9tica, introducir las renovables\\\"\",\"isPartOf\":{\"@id\":\"https:\\\/\\\/patagoniambiental.com.ar\\\/info\\\/#website\"},\"datePublished\":\"2017-06-24T13:05:46+00:00\",\"breadcrumb\":{\"@id\":\"https:\\\/\\\/patagoniambiental.com.ar\\\/info\\\/ing-bezzeccheri-es-importante-diversificar-la-matriz-energetica-introducir-las-renovables\\\/#breadcrumb\"},\"inLanguage\":\"es\",\"potentialAction\":[{\"@type\":\"ReadAction\",\"target\":[\"https:\\\/\\\/patagoniambiental.com.ar\\\/info\\\/ing-bezzeccheri-es-importante-diversificar-la-matriz-energetica-introducir-las-renovables\\\/\"]}]},{\"@type\":\"BreadcrumbList\",\"@id\":\"https:\\\/\\\/patagoniambiental.com.ar\\\/info\\\/ing-bezzeccheri-es-importante-diversificar-la-matriz-energetica-introducir-las-renovables\\\/#breadcrumb\",\"itemListElement\":[{\"@type\":\"ListItem\",\"position\":1,\"name\":\"Inicio\",\"item\":\"https:\\\/\\\/patagoniambiental.com.ar\\\/info\\\/\"},{\"@type\":\"ListItem\",\"position\":2,\"name\":\"Ing. Bezzeccheri: \u201cEs importante diversificar la matriz energ\u00e9tica, introducir las renovables\u00bb\"}]},{\"@type\":\"WebSite\",\"@id\":\"https:\\\/\\\/patagoniambiental.com.ar\\\/info\\\/#website\",\"url\":\"https:\\\/\\\/patagoniambiental.com.ar\\\/info\\\/\",\"name\":\"Patagonia Ambiental\",\"description\":\"Monitoreo y an\u00e1lisis de la situaci\u00f3n geopol\u00edtica en el mundo y su implicancia en la Patagonia\",\"publisher\":{\"@id\":\"https:\\\/\\\/patagoniambiental.com.ar\\\/info\\\/#organization\"},\"potentialAction\":[{\"@type\":\"SearchAction\",\"target\":{\"@type\":\"EntryPoint\",\"urlTemplate\":\"https:\\\/\\\/patagoniambiental.com.ar\\\/info\\\/?s={search_term_string}\"},\"query-input\":{\"@type\":\"PropertyValueSpecification\",\"valueRequired\":true,\"valueName\":\"search_term_string\"}}],\"inLanguage\":\"es\"},{\"@type\":\"Organization\",\"@id\":\"https:\\\/\\\/patagoniambiental.com.ar\\\/info\\\/#organization\",\"name\":\"Patagonia Ambiental\",\"url\":\"https:\\\/\\\/patagoniambiental.com.ar\\\/info\\\/\",\"logo\":{\"@type\":\"ImageObject\",\"inLanguage\":\"es\",\"@id\":\"https:\\\/\\\/patagoniambiental.com.ar\\\/info\\\/#\\\/schema\\\/logo\\\/image\\\/\",\"url\":\"https:\\\/\\\/patagoniambiental.com.ar\\\/info\\\/wp-content\\\/uploads\\\/2025\\\/05\\\/LOGO-PATAGONIA-AMBIENTAL.png\",\"contentUrl\":\"https:\\\/\\\/patagoniambiental.com.ar\\\/info\\\/wp-content\\\/uploads\\\/2025\\\/05\\\/LOGO-PATAGONIA-AMBIENTAL.png\",\"width\":433,\"height\":250,\"caption\":\"Patagonia Ambiental\"},\"image\":{\"@id\":\"https:\\\/\\\/patagoniambiental.com.ar\\\/info\\\/#\\\/schema\\\/logo\\\/image\\\/\"},\"sameAs\":[\"https:\\\/\\\/www.facebook.com\\\/patagonia.ambiental\",\"https:\\\/\\\/x.com\\\/PatAmb\"]},{\"@type\":\"Person\",\"@id\":\"https:\\\/\\\/patagoniambiental.com.ar\\\/info\\\/#\\\/schema\\\/person\\\/db12bff64bbcbf6a253710bf0ea37b5d\",\"name\":\"Patagonia Ambiental\",\"description\":\"Andr\u00e9s Nievas T\u00e9cnico en manejo ambiental, consultor Ambiental y escritor para medios locales e internacionales sobre temas de geopolitica y medio ambiente.\",\"sameAs\":[\"http:\\\/\\\/www.patagoniambiental.com.ar\",\"https:\\\/\\\/www.facebook.com\\\/share\\\/1C1V8Gv9BX\\\/?mibextid=qi2Omg\",\"@patagoniambiental\",\"https:\\\/\\\/youtube.com\\\/@patagoniaambiental2023?si=BLt58t0wuXquxlYZ\"]}]}<\/script>\n<!-- \/ Yoast SEO Premium plugin. -->","yoast_head_json":{"title":"Ing. Bezzeccheri: \u201cEs importante diversificar la matriz energ\u00e9tica, introducir las renovables\"","robots":{"index":"index","follow":"follow","max-snippet":"max-snippet:-1","max-image-preview":"max-image-preview:large","max-video-preview":"max-video-preview:-1"},"canonical":"https:\/\/patagoniambiental.com.ar\/info\/ing-bezzeccheri-es-importante-diversificar-la-matriz-energetica-introducir-las-renovables\/","og_locale":"es_ES","og_type":"article","og_title":"Ing. Bezzeccheri: \u201cEs importante diversificar la matriz energ\u00e9tica, introducir las renovables\"","og_description":"En el marco del panel \u00abLas Energ\u00edas Renovables\u00bb de la Jornada \u00abDesaf\u00edos para el Desarrollo El\u00e9ctrico Argentino\u00bb, organizada por la [&hellip;]","og_url":"https:\/\/patagoniambiental.com.ar\/info\/ing-bezzeccheri-es-importante-diversificar-la-matriz-energetica-introducir-las-renovables\/","og_site_name":"Patagonia Ambiental","article_publisher":"https:\/\/www.facebook.com\/patagonia.ambiental","article_author":"https:\/\/www.facebook.com\/share\/1C1V8Gv9BX\/?mibextid=qi2Omg","article_published_time":"2017-06-24T13:05:46+00:00","author":"Patagonia Ambiental","twitter_card":"summary_large_image","twitter_creator":"@PatAmb","twitter_site":"@PatAmb","schema":{"@context":"https:\/\/schema.org","@graph":[{"@type":"Article","@id":"https:\/\/patagoniambiental.com.ar\/info\/ing-bezzeccheri-es-importante-diversificar-la-matriz-energetica-introducir-las-renovables\/#article","isPartOf":{"@id":"https:\/\/patagoniambiental.com.ar\/info\/ing-bezzeccheri-es-importante-diversificar-la-matriz-energetica-introducir-las-renovables\/"},"author":{"name":"Patagonia Ambiental","@id":"https:\/\/patagoniambiental.com.ar\/info\/#\/schema\/person\/db12bff64bbcbf6a253710bf0ea37b5d"},"headline":"Ing. Bezzeccheri: \u201cEs importante diversificar la matriz energ\u00e9tica, introducir las renovables\u00bb","datePublished":"2017-06-24T13:05:46+00:00","mainEntityOfPage":{"@id":"https:\/\/patagoniambiental.com.ar\/info\/ing-bezzeccheri-es-importante-diversificar-la-matriz-energetica-introducir-las-renovables\/"},"wordCount":1096,"commentCount":0,"publisher":{"@id":"https:\/\/patagoniambiental.com.ar\/info\/#organization"},"articleSection":["Noticias"],"inLanguage":"es","potentialAction":[{"@type":"CommentAction","name":"Comment","target":["https:\/\/patagoniambiental.com.ar\/info\/ing-bezzeccheri-es-importante-diversificar-la-matriz-energetica-introducir-las-renovables\/#respond"]}]},{"@type":"WebPage","@id":"https:\/\/patagoniambiental.com.ar\/info\/ing-bezzeccheri-es-importante-diversificar-la-matriz-energetica-introducir-las-renovables\/","url":"https:\/\/patagoniambiental.com.ar\/info\/ing-bezzeccheri-es-importante-diversificar-la-matriz-energetica-introducir-las-renovables\/","name":"Ing. Bezzeccheri: \u201cEs importante diversificar la matriz energ\u00e9tica, introducir las renovables\"","isPartOf":{"@id":"https:\/\/patagoniambiental.com.ar\/info\/#website"},"datePublished":"2017-06-24T13:05:46+00:00","breadcrumb":{"@id":"https:\/\/patagoniambiental.com.ar\/info\/ing-bezzeccheri-es-importante-diversificar-la-matriz-energetica-introducir-las-renovables\/#breadcrumb"},"inLanguage":"es","potentialAction":[{"@type":"ReadAction","target":["https:\/\/patagoniambiental.com.ar\/info\/ing-bezzeccheri-es-importante-diversificar-la-matriz-energetica-introducir-las-renovables\/"]}]},{"@type":"BreadcrumbList","@id":"https:\/\/patagoniambiental.com.ar\/info\/ing-bezzeccheri-es-importante-diversificar-la-matriz-energetica-introducir-las-renovables\/#breadcrumb","itemListElement":[{"@type":"ListItem","position":1,"name":"Inicio","item":"https:\/\/patagoniambiental.com.ar\/info\/"},{"@type":"ListItem","position":2,"name":"Ing. Bezzeccheri: \u201cEs importante diversificar la matriz energ\u00e9tica, introducir las renovables\u00bb"}]},{"@type":"WebSite","@id":"https:\/\/patagoniambiental.com.ar\/info\/#website","url":"https:\/\/patagoniambiental.com.ar\/info\/","name":"Patagonia Ambiental","description":"Monitoreo y an\u00e1lisis de la situaci\u00f3n geopol\u00edtica en el mundo y su implicancia en la Patagonia","publisher":{"@id":"https:\/\/patagoniambiental.com.ar\/info\/#organization"},"potentialAction":[{"@type":"SearchAction","target":{"@type":"EntryPoint","urlTemplate":"https:\/\/patagoniambiental.com.ar\/info\/?s={search_term_string}"},"query-input":{"@type":"PropertyValueSpecification","valueRequired":true,"valueName":"search_term_string"}}],"inLanguage":"es"},{"@type":"Organization","@id":"https:\/\/patagoniambiental.com.ar\/info\/#organization","name":"Patagonia Ambiental","url":"https:\/\/patagoniambiental.com.ar\/info\/","logo":{"@type":"ImageObject","inLanguage":"es","@id":"https:\/\/patagoniambiental.com.ar\/info\/#\/schema\/logo\/image\/","url":"https:\/\/patagoniambiental.com.ar\/info\/wp-content\/uploads\/2025\/05\/LOGO-PATAGONIA-AMBIENTAL.png","contentUrl":"https:\/\/patagoniambiental.com.ar\/info\/wp-content\/uploads\/2025\/05\/LOGO-PATAGONIA-AMBIENTAL.png","width":433,"height":250,"caption":"Patagonia Ambiental"},"image":{"@id":"https:\/\/patagoniambiental.com.ar\/info\/#\/schema\/logo\/image\/"},"sameAs":["https:\/\/www.facebook.com\/patagonia.ambiental","https:\/\/x.com\/PatAmb"]},{"@type":"Person","@id":"https:\/\/patagoniambiental.com.ar\/info\/#\/schema\/person\/db12bff64bbcbf6a253710bf0ea37b5d","name":"Patagonia Ambiental","description":"Andr\u00e9s Nievas T\u00e9cnico en manejo ambiental, consultor Ambiental y escritor para medios locales e internacionales sobre temas de geopolitica y medio ambiente.","sameAs":["http:\/\/www.patagoniambiental.com.ar","https:\/\/www.facebook.com\/share\/1C1V8Gv9BX\/?mibextid=qi2Omg","@patagoniambiental","https:\/\/youtube.com\/@patagoniaambiental2023?si=BLt58t0wuXquxlYZ"]}]}},"_links":{"self":[{"href":"https:\/\/patagoniambiental.com.ar\/info\/wp-json\/wp\/v2\/posts\/30959","targetHints":{"allow":["GET"]}}],"collection":[{"href":"https:\/\/patagoniambiental.com.ar\/info\/wp-json\/wp\/v2\/posts"}],"about":[{"href":"https:\/\/patagoniambiental.com.ar\/info\/wp-json\/wp\/v2\/types\/post"}],"author":[{"embeddable":true,"href":"https:\/\/patagoniambiental.com.ar\/info\/wp-json\/wp\/v2\/users\/2"}],"replies":[{"embeddable":true,"href":"https:\/\/patagoniambiental.com.ar\/info\/wp-json\/wp\/v2\/comments?post=30959"}],"version-history":[{"count":0,"href":"https:\/\/patagoniambiental.com.ar\/info\/wp-json\/wp\/v2\/posts\/30959\/revisions"}],"wp:attachment":[{"href":"https:\/\/patagoniambiental.com.ar\/info\/wp-json\/wp\/v2\/media?parent=30959"}],"wp:term":[{"taxonomy":"category","embeddable":true,"href":"https:\/\/patagoniambiental.com.ar\/info\/wp-json\/wp\/v2\/categories?post=30959"},{"taxonomy":"post_tag","embeddable":true,"href":"https:\/\/patagoniambiental.com.ar\/info\/wp-json\/wp\/v2\/tags?post=30959"}],"curies":[{"name":"wp","href":"https:\/\/api.w.org\/{rel}","templated":true}]}}