{"id":31019,"date":"2017-06-26T09:00:07","date_gmt":"2017-06-26T12:00:07","guid":{"rendered":"http:\/\/patagoniambiental.com.ar\/info\/?p=31019"},"modified":"2017-06-25T12:27:01","modified_gmt":"2017-06-25T15:27:01","slug":"comodoro-rivadavia-geologos-analizaron-las-causa-del-temporal-para-refundar-la-ciudad","status":"publish","type":"post","link":"https:\/\/patagoniambiental.com.ar\/info\/comodoro-rivadavia-geologos-analizaron-las-causa-del-temporal-para-refundar-la-ciudad\/","title":{"rendered":"Comodoro Rivadavia: ge\u00f3logos analizaron las causa del temporal para refundar la ciudad"},"content":{"rendered":"<div class=\"wrapper-editable-content\">\n<div class=\"editable-content clearfix\">Un grupo de investigadores, docentes y alumnos de la Universidad de la Patagonia San Juan Bosco se dedic\u00f3, luego de las\u00a0<a href=\"http:\/\/www.telam.com.ar\/notas\/201703\/184102-graves-lluvias-comodoro-rivadavia-chubut-inundaciones-temporal.html\" target=\"_blank\" rel=\"noopener noreferrer\">lluvias que ocurrieron entre el 29 de marzo y 8 de abril<\/a>, a la recopilaci\u00f3n de datos y el an\u00e1lisis de las causas, procesos erosionales y dep\u00f3sitos sedimentarios asociados con el temporal, evaluando posibles mitigaciones ante futuras precipitaciones extremas dentro del ejido urbano y en las \u00e1reas de cabecera de las redes de drenaje.<\/p>\n<p>El informe que se present\u00f3 bajo el t\u00edtulo: \u201c<em>Sistemas Fluviales ef\u00edmeros e inundaciones repentinas de la ciudad de Comodoro Rivadavia: Causas, procesos y mitigaciones<\/em>\u201d.<\/p>\n<p>Jos\u00e9 Paredes, ge\u00f3logo y uno de los organizadores de las Jornadas relacionadas a las \u201ccausas, procesos y obras de mitigaci\u00f3n de los efectos del temporal de Marzo-Abril de 2017\u201d dialog\u00f3 con\u00a0<strong>T\u00e9lam\u00a0<\/strong>y manifest\u00f3 que \u201cen t\u00e9rminos de lo transmitido es excelente, ya que se pudo contar con un n\u00famero de profesionales y expertos en la tem\u00e1tica, en planificaci\u00f3n y gesti\u00f3n de obras que ayuden a Comodoro de cara a las futuras lluvias\u201d.<\/p>\n<p>Adem\u00e1s se cont\u00f3 con una mesa de pol\u00edticos locales que colaboraron y aportaron informaci\u00f3n que sirva a la planificaci\u00f3n de la ciudad: entre ellos solo estuvo presente el arquitecto Guillermo Cherenichenko, Secretario de Tierras, quienes forman parte del gabinete local, en una ciudad que durante ocho d\u00edas sufri\u00f3 la ca\u00edda de m\u00e1s de 300 mil\u00edmetros sobre la ciudad.<\/p>\n<div class=\"epigrafe\">Entre los disertantes, en una serie de charlas y exposiciones llevadas a cabo en el Aula Magna de la UNPSJB estuvo presente la investigadora del Conicet, la climat\u00f3loga Dra. In\u00e9s Camilloni, quien admiti\u00f3 un dato procupante: \u201cLas precipitaciones en Argentina pueden aumentar en un 20 a 25 por ciento\u201d.<\/div>\n<p>\u201cEl evento que sucedi\u00f3 en Comodoro fue extraordinario. Hay que entender que fue lo que pas\u00f3, porque los modelos no fallaron y pronosticaron lo que finalmente pas\u00f3\u201d, indic\u00f3 en di\u00e1logo con\u00a0<strong>T\u00e9lam<\/strong>.<\/p>\n<p>En el an\u00e1lisis de la disertaci\u00f3n, sobre cambio clim\u00e1tico la especialista remarc\u00f3 que \u201chay que entender como se puede trabajar en la toma de decisiones, de manera integrada, donde el conocimiento cient\u00edfico cumple o no el rol fundamental para proceder\u201d.<br \/>\nCamilloni bas\u00f3 sus fundamentos es que \u201cen un contexto donde las decisiones se toman en base a pol\u00edticas locales, provinciales, nacionales e internacionales por negociaciones como el cambio clim\u00e1tico\u201d hay que mostrar proyecciones futuras referidas al clima en Argentina, en base a las de aumentos de temperatura y las modificaciones por precipitaciones en regiones como centro, norte y el sur.<\/p>\n<p>\u201cHay que estar pendientes de c\u00f3mo fue el aumento y c\u00f3mo ser\u00e1 la variaci\u00f3n de lluvias en las pr\u00f3ximas d\u00e9cadas, para tener bien en claro qu\u00e9 pas\u00f3 en la regi\u00f3n patag\u00f3nica, como en la provincia del Chubut, sumado al aumento de temperatura en nuestro pa\u00eds desde 1960\u201d, asever\u00f3.<\/p>\n<p>Este documento es para los disertantes y profesionales una herramienta de acceso libre disponible para toda la comunidad, que se complet\u00f3 una revisi\u00f3n preliminar de las siete cuencas de drenaje (arroyo La Mata, arroyo de la Quinta, cuenca de Saavedra-Km.3, arroyo Belgrano y arroyo de km8- Restinga Al\u00ed, cuenca de Caleta C\u00f3rdova y cuenca del Ca\u00f1ad\u00f3n Biggs), y se recopil\u00f3 informaci\u00f3n de procesos erosionales y depositacionales a lo largo de las mismas.<\/p>\n<div id=\"image\" class=\"image\">El objetivo de este estudio \u201cmultidisciplinario\u201d es entender los motivos por los cuales la tormenta deriv\u00f3 en una inundaci\u00f3n sin precedentes sobre grandes sectores de la ciudad, la cual dej\u00f3 un muerto y 80 por ciento de ciudad destruida, para as\u00ed \u00a0establecer el grado de vulnerabilidad de sectores espec\u00edficos de las diferentes redes de drenaje, presentar informaci\u00f3n morfom\u00e9trica de las redes, c\u00e1lculos de caudales y efectuar recomendaciones para mitigar el impacto que futuras lluvias ocasionen en la ciudad.<\/div>\n<div class=\"image\"><\/div>\n<\/div>\n<div class=\"image\">Fuente: Telam<\/div>\n<div class=\"editable-content clearfix\"><\/div>\n<\/div>\n<div class=\"wrapper-tags\"><\/div>\n","protected":false},"excerpt":{"rendered":"<p>Un grupo de investigadores, docentes y alumnos de la Universidad de la Patagonia San Juan Bosco se dedic\u00f3, luego de [&hellip;]<\/p>\n","protected":false},"author":2,"featured_media":31020,"comment_status":"open","ping_status":"open","sticky":false,"template":"","format":"standard","meta":{"site-sidebar-layout":"default","site-content-layout":"","ast-site-content-layout":"default","site-content-style":"default","site-sidebar-style":"default","ast-global-header-display":"","ast-banner-title-visibility":"","ast-main-header-display":"","ast-hfb-above-header-display":"","ast-hfb-below-header-display":"","ast-hfb-mobile-header-display":"","site-post-title":"","ast-breadcrumbs-content":"","ast-featured-img":"","footer-sml-layout":"","ast-disable-related-posts":"","theme-transparent-header-meta":"","adv-header-id-meta":"","stick-header-meta":"","header-above-stick-meta":"","header-main-stick-meta":"","header-below-stick-meta":"","astra-migrate-meta-layouts":"default","ast-page-background-enabled":"default","ast-page-background-meta":{"desktop":{"background-color":"var(--ast-global-color-5)","background-image":"","background-repeat":"repeat","background-position":"center center","background-size":"auto","background-attachment":"scroll","background-type":"","background-media":"","overlay-type":"","overlay-color":"","overlay-opacity":"","overlay-gradient":""},"tablet":{"background-color":"","background-image":"","background-repeat":"repeat","background-position":"center center","background-size":"auto","background-attachment":"scroll","background-type":"","background-media":"","overlay-type":"","overlay-color":"","overlay-opacity":"","overlay-gradient":""},"mobile":{"background-color":"","background-image":"","background-repeat":"repeat","background-position":"center center","background-size":"auto","background-attachment":"scroll","background-type":"","background-media":"","overlay-type":"","overlay-color":"","overlay-opacity":"","overlay-gradient":""}},"ast-content-background-meta":{"desktop":{"background-color":"var(--ast-global-color-4)","background-image":"","background-repeat":"repeat","background-position":"center center","background-size":"auto","background-attachment":"scroll","background-type":"","background-media":"","overlay-type":"","overlay-color":"","overlay-opacity":"","overlay-gradient":""},"tablet":{"background-color":"var(--ast-global-color-4)","background-image":"","background-repeat":"repeat","background-position":"center center","background-size":"auto","background-attachment":"scroll","background-type":"","background-media":"","overlay-type":"","overlay-color":"","overlay-opacity":"","overlay-gradient":""},"mobile":{"background-color":"var(--ast-global-color-4)","background-image":"","background-repeat":"repeat","background-position":"center center","background-size":"auto","background-attachment":"scroll","background-type":"","background-media":"","overlay-type":"","overlay-color":"","overlay-opacity":"","overlay-gradient":""}},"footnotes":""},"categories":[46,1],"tags":[],"class_list":["post-31019","post","type-post","status-publish","format-standard","has-post-thumbnail","hentry","category-municipios","category-noticias"],"yoast_head":"<!-- This site is optimized with the Yoast SEO Premium plugin v23.0 (Yoast SEO v27.5) - https:\/\/yoast.com\/product\/yoast-seo-premium-wordpress\/ -->\n<title>Comodoro Rivadavia: ge\u00f3logos analizaron las causa del temporal para refundar la ciudad<\/title>\n<meta name=\"robots\" content=\"index, follow, max-snippet:-1, max-image-preview:large, max-video-preview:-1\" \/>\n<link rel=\"canonical\" href=\"https:\/\/patagoniambiental.com.ar\/info\/comodoro-rivadavia-geologos-analizaron-las-causa-del-temporal-para-refundar-la-ciudad\/\" \/>\n<meta property=\"og:locale\" content=\"es_ES\" \/>\n<meta property=\"og:type\" content=\"article\" \/>\n<meta property=\"og:title\" content=\"Comodoro Rivadavia: ge\u00f3logos analizaron las causa del temporal para refundar la ciudad\" \/>\n<meta property=\"og:description\" content=\"Un grupo de investigadores, docentes y alumnos de la Universidad de la Patagonia San Juan Bosco se dedic\u00f3, luego de [&hellip;]\" \/>\n<meta property=\"og:url\" content=\"https:\/\/patagoniambiental.com.ar\/info\/comodoro-rivadavia-geologos-analizaron-las-causa-del-temporal-para-refundar-la-ciudad\/\" \/>\n<meta property=\"og:site_name\" content=\"Patagonia Ambiental\" \/>\n<meta property=\"article:publisher\" content=\"https:\/\/www.facebook.com\/patagonia.ambiental\" \/>\n<meta property=\"article:author\" content=\"https:\/\/www.facebook.com\/share\/1C1V8Gv9BX\/?mibextid=qi2Omg\" \/>\n<meta property=\"article:published_time\" content=\"2017-06-26T12:00:07+00:00\" \/>\n<meta property=\"og:image\" content=\"https:\/\/patagoniambiental.com.ar\/info\/wp-content\/uploads\/2017\/06\/comodoro-rivadavia.jpg\" \/>\n\t<meta property=\"og:image:width\" content=\"685\" \/>\n\t<meta property=\"og:image:height\" content=\"386\" \/>\n\t<meta property=\"og:image:type\" content=\"image\/jpeg\" \/>\n<meta name=\"author\" content=\"Patagonia Ambiental\" \/>\n<meta name=\"twitter:card\" content=\"summary_large_image\" \/>\n<meta name=\"twitter:creator\" content=\"@PatAmb\" \/>\n<meta name=\"twitter:site\" content=\"@PatAmb\" \/>\n<script type=\"application\/ld+json\" class=\"yoast-schema-graph\">{\"@context\":\"https:\\\/\\\/schema.org\",\"@graph\":[{\"@type\":\"Article\",\"@id\":\"https:\\\/\\\/patagoniambiental.com.ar\\\/info\\\/comodoro-rivadavia-geologos-analizaron-las-causa-del-temporal-para-refundar-la-ciudad\\\/#article\",\"isPartOf\":{\"@id\":\"https:\\\/\\\/patagoniambiental.com.ar\\\/info\\\/comodoro-rivadavia-geologos-analizaron-las-causa-del-temporal-para-refundar-la-ciudad\\\/\"},\"author\":{\"name\":\"Patagonia Ambiental\",\"@id\":\"https:\\\/\\\/patagoniambiental.com.ar\\\/info\\\/#\\\/schema\\\/person\\\/db12bff64bbcbf6a253710bf0ea37b5d\"},\"headline\":\"Comodoro Rivadavia: ge\u00f3logos analizaron las causa del temporal para refundar la ciudad\",\"datePublished\":\"2017-06-26T12:00:07+00:00\",\"mainEntityOfPage\":{\"@id\":\"https:\\\/\\\/patagoniambiental.com.ar\\\/info\\\/comodoro-rivadavia-geologos-analizaron-las-causa-del-temporal-para-refundar-la-ciudad\\\/\"},\"wordCount\":666,\"commentCount\":0,\"publisher\":{\"@id\":\"https:\\\/\\\/patagoniambiental.com.ar\\\/info\\\/#organization\"},\"image\":{\"@id\":\"https:\\\/\\\/patagoniambiental.com.ar\\\/info\\\/comodoro-rivadavia-geologos-analizaron-las-causa-del-temporal-para-refundar-la-ciudad\\\/#primaryimage\"},\"thumbnailUrl\":\"https:\\\/\\\/patagoniambiental.com.ar\\\/info\\\/wp-content\\\/uploads\\\/2017\\\/06\\\/comodoro-rivadavia.jpg\",\"articleSection\":[\"Municipios\",\"Noticias\"],\"inLanguage\":\"es\",\"potentialAction\":[{\"@type\":\"CommentAction\",\"name\":\"Comment\",\"target\":[\"https:\\\/\\\/patagoniambiental.com.ar\\\/info\\\/comodoro-rivadavia-geologos-analizaron-las-causa-del-temporal-para-refundar-la-ciudad\\\/#respond\"]}]},{\"@type\":\"WebPage\",\"@id\":\"https:\\\/\\\/patagoniambiental.com.ar\\\/info\\\/comodoro-rivadavia-geologos-analizaron-las-causa-del-temporal-para-refundar-la-ciudad\\\/\",\"url\":\"https:\\\/\\\/patagoniambiental.com.ar\\\/info\\\/comodoro-rivadavia-geologos-analizaron-las-causa-del-temporal-para-refundar-la-ciudad\\\/\",\"name\":\"Comodoro Rivadavia: ge\u00f3logos analizaron las causa del temporal para refundar la ciudad\",\"isPartOf\":{\"@id\":\"https:\\\/\\\/patagoniambiental.com.ar\\\/info\\\/#website\"},\"primaryImageOfPage\":{\"@id\":\"https:\\\/\\\/patagoniambiental.com.ar\\\/info\\\/comodoro-rivadavia-geologos-analizaron-las-causa-del-temporal-para-refundar-la-ciudad\\\/#primaryimage\"},\"image\":{\"@id\":\"https:\\\/\\\/patagoniambiental.com.ar\\\/info\\\/comodoro-rivadavia-geologos-analizaron-las-causa-del-temporal-para-refundar-la-ciudad\\\/#primaryimage\"},\"thumbnailUrl\":\"https:\\\/\\\/patagoniambiental.com.ar\\\/info\\\/wp-content\\\/uploads\\\/2017\\\/06\\\/comodoro-rivadavia.jpg\",\"datePublished\":\"2017-06-26T12:00:07+00:00\",\"breadcrumb\":{\"@id\":\"https:\\\/\\\/patagoniambiental.com.ar\\\/info\\\/comodoro-rivadavia-geologos-analizaron-las-causa-del-temporal-para-refundar-la-ciudad\\\/#breadcrumb\"},\"inLanguage\":\"es\",\"potentialAction\":[{\"@type\":\"ReadAction\",\"target\":[\"https:\\\/\\\/patagoniambiental.com.ar\\\/info\\\/comodoro-rivadavia-geologos-analizaron-las-causa-del-temporal-para-refundar-la-ciudad\\\/\"]}]},{\"@type\":\"ImageObject\",\"inLanguage\":\"es\",\"@id\":\"https:\\\/\\\/patagoniambiental.com.ar\\\/info\\\/comodoro-rivadavia-geologos-analizaron-las-causa-del-temporal-para-refundar-la-ciudad\\\/#primaryimage\",\"url\":\"https:\\\/\\\/patagoniambiental.com.ar\\\/info\\\/wp-content\\\/uploads\\\/2017\\\/06\\\/comodoro-rivadavia.jpg\",\"contentUrl\":\"https:\\\/\\\/patagoniambiental.com.ar\\\/info\\\/wp-content\\\/uploads\\\/2017\\\/06\\\/comodoro-rivadavia.jpg\",\"width\":685,\"height\":386},{\"@type\":\"BreadcrumbList\",\"@id\":\"https:\\\/\\\/patagoniambiental.com.ar\\\/info\\\/comodoro-rivadavia-geologos-analizaron-las-causa-del-temporal-para-refundar-la-ciudad\\\/#breadcrumb\",\"itemListElement\":[{\"@type\":\"ListItem\",\"position\":1,\"name\":\"Inicio\",\"item\":\"https:\\\/\\\/patagoniambiental.com.ar\\\/info\\\/\"},{\"@type\":\"ListItem\",\"position\":2,\"name\":\"Comodoro Rivadavia: ge\u00f3logos analizaron las causa del temporal para refundar la ciudad\"}]},{\"@type\":\"WebSite\",\"@id\":\"https:\\\/\\\/patagoniambiental.com.ar\\\/info\\\/#website\",\"url\":\"https:\\\/\\\/patagoniambiental.com.ar\\\/info\\\/\",\"name\":\"Patagonia Ambiental\",\"description\":\"Monitoreo y an\u00e1lisis de la situaci\u00f3n geopol\u00edtica en el mundo y su implicancia en la Patagonia\",\"publisher\":{\"@id\":\"https:\\\/\\\/patagoniambiental.com.ar\\\/info\\\/#organization\"},\"potentialAction\":[{\"@type\":\"SearchAction\",\"target\":{\"@type\":\"EntryPoint\",\"urlTemplate\":\"https:\\\/\\\/patagoniambiental.com.ar\\\/info\\\/?s={search_term_string}\"},\"query-input\":{\"@type\":\"PropertyValueSpecification\",\"valueRequired\":true,\"valueName\":\"search_term_string\"}}],\"inLanguage\":\"es\"},{\"@type\":\"Organization\",\"@id\":\"https:\\\/\\\/patagoniambiental.com.ar\\\/info\\\/#organization\",\"name\":\"Patagonia Ambiental\",\"url\":\"https:\\\/\\\/patagoniambiental.com.ar\\\/info\\\/\",\"logo\":{\"@type\":\"ImageObject\",\"inLanguage\":\"es\",\"@id\":\"https:\\\/\\\/patagoniambiental.com.ar\\\/info\\\/#\\\/schema\\\/logo\\\/image\\\/\",\"url\":\"https:\\\/\\\/patagoniambiental.com.ar\\\/info\\\/wp-content\\\/uploads\\\/2025\\\/05\\\/LOGO-PATAGONIA-AMBIENTAL.png\",\"contentUrl\":\"https:\\\/\\\/patagoniambiental.com.ar\\\/info\\\/wp-content\\\/uploads\\\/2025\\\/05\\\/LOGO-PATAGONIA-AMBIENTAL.png\",\"width\":433,\"height\":250,\"caption\":\"Patagonia Ambiental\"},\"image\":{\"@id\":\"https:\\\/\\\/patagoniambiental.com.ar\\\/info\\\/#\\\/schema\\\/logo\\\/image\\\/\"},\"sameAs\":[\"https:\\\/\\\/www.facebook.com\\\/patagonia.ambiental\",\"https:\\\/\\\/x.com\\\/PatAmb\"]},{\"@type\":\"Person\",\"@id\":\"https:\\\/\\\/patagoniambiental.com.ar\\\/info\\\/#\\\/schema\\\/person\\\/db12bff64bbcbf6a253710bf0ea37b5d\",\"name\":\"Patagonia Ambiental\",\"description\":\"Andr\u00e9s Nievas T\u00e9cnico en manejo ambiental, consultor Ambiental y escritor para medios locales e internacionales sobre temas de geopolitica y medio ambiente.\",\"sameAs\":[\"http:\\\/\\\/www.patagoniambiental.com.ar\",\"https:\\\/\\\/www.facebook.com\\\/share\\\/1C1V8Gv9BX\\\/?mibextid=qi2Omg\",\"@patagoniambiental\",\"https:\\\/\\\/youtube.com\\\/@patagoniaambiental2023?si=BLt58t0wuXquxlYZ\"]}]}<\/script>\n<!-- \/ Yoast SEO Premium plugin. -->","yoast_head_json":{"title":"Comodoro Rivadavia: ge\u00f3logos analizaron las causa del temporal para refundar la ciudad","robots":{"index":"index","follow":"follow","max-snippet":"max-snippet:-1","max-image-preview":"max-image-preview:large","max-video-preview":"max-video-preview:-1"},"canonical":"https:\/\/patagoniambiental.com.ar\/info\/comodoro-rivadavia-geologos-analizaron-las-causa-del-temporal-para-refundar-la-ciudad\/","og_locale":"es_ES","og_type":"article","og_title":"Comodoro Rivadavia: ge\u00f3logos analizaron las causa del temporal para refundar la ciudad","og_description":"Un grupo de investigadores, docentes y alumnos de la Universidad de la Patagonia San Juan Bosco se dedic\u00f3, luego de [&hellip;]","og_url":"https:\/\/patagoniambiental.com.ar\/info\/comodoro-rivadavia-geologos-analizaron-las-causa-del-temporal-para-refundar-la-ciudad\/","og_site_name":"Patagonia Ambiental","article_publisher":"https:\/\/www.facebook.com\/patagonia.ambiental","article_author":"https:\/\/www.facebook.com\/share\/1C1V8Gv9BX\/?mibextid=qi2Omg","article_published_time":"2017-06-26T12:00:07+00:00","og_image":[{"width":685,"height":386,"url":"https:\/\/patagoniambiental.com.ar\/info\/wp-content\/uploads\/2017\/06\/comodoro-rivadavia.jpg","type":"image\/jpeg"}],"author":"Patagonia Ambiental","twitter_card":"summary_large_image","twitter_creator":"@PatAmb","twitter_site":"@PatAmb","schema":{"@context":"https:\/\/schema.org","@graph":[{"@type":"Article","@id":"https:\/\/patagoniambiental.com.ar\/info\/comodoro-rivadavia-geologos-analizaron-las-causa-del-temporal-para-refundar-la-ciudad\/#article","isPartOf":{"@id":"https:\/\/patagoniambiental.com.ar\/info\/comodoro-rivadavia-geologos-analizaron-las-causa-del-temporal-para-refundar-la-ciudad\/"},"author":{"name":"Patagonia Ambiental","@id":"https:\/\/patagoniambiental.com.ar\/info\/#\/schema\/person\/db12bff64bbcbf6a253710bf0ea37b5d"},"headline":"Comodoro Rivadavia: ge\u00f3logos analizaron las causa del temporal para refundar la ciudad","datePublished":"2017-06-26T12:00:07+00:00","mainEntityOfPage":{"@id":"https:\/\/patagoniambiental.com.ar\/info\/comodoro-rivadavia-geologos-analizaron-las-causa-del-temporal-para-refundar-la-ciudad\/"},"wordCount":666,"commentCount":0,"publisher":{"@id":"https:\/\/patagoniambiental.com.ar\/info\/#organization"},"image":{"@id":"https:\/\/patagoniambiental.com.ar\/info\/comodoro-rivadavia-geologos-analizaron-las-causa-del-temporal-para-refundar-la-ciudad\/#primaryimage"},"thumbnailUrl":"https:\/\/patagoniambiental.com.ar\/info\/wp-content\/uploads\/2017\/06\/comodoro-rivadavia.jpg","articleSection":["Municipios","Noticias"],"inLanguage":"es","potentialAction":[{"@type":"CommentAction","name":"Comment","target":["https:\/\/patagoniambiental.com.ar\/info\/comodoro-rivadavia-geologos-analizaron-las-causa-del-temporal-para-refundar-la-ciudad\/#respond"]}]},{"@type":"WebPage","@id":"https:\/\/patagoniambiental.com.ar\/info\/comodoro-rivadavia-geologos-analizaron-las-causa-del-temporal-para-refundar-la-ciudad\/","url":"https:\/\/patagoniambiental.com.ar\/info\/comodoro-rivadavia-geologos-analizaron-las-causa-del-temporal-para-refundar-la-ciudad\/","name":"Comodoro Rivadavia: ge\u00f3logos analizaron las causa del temporal para refundar la ciudad","isPartOf":{"@id":"https:\/\/patagoniambiental.com.ar\/info\/#website"},"primaryImageOfPage":{"@id":"https:\/\/patagoniambiental.com.ar\/info\/comodoro-rivadavia-geologos-analizaron-las-causa-del-temporal-para-refundar-la-ciudad\/#primaryimage"},"image":{"@id":"https:\/\/patagoniambiental.com.ar\/info\/comodoro-rivadavia-geologos-analizaron-las-causa-del-temporal-para-refundar-la-ciudad\/#primaryimage"},"thumbnailUrl":"https:\/\/patagoniambiental.com.ar\/info\/wp-content\/uploads\/2017\/06\/comodoro-rivadavia.jpg","datePublished":"2017-06-26T12:00:07+00:00","breadcrumb":{"@id":"https:\/\/patagoniambiental.com.ar\/info\/comodoro-rivadavia-geologos-analizaron-las-causa-del-temporal-para-refundar-la-ciudad\/#breadcrumb"},"inLanguage":"es","potentialAction":[{"@type":"ReadAction","target":["https:\/\/patagoniambiental.com.ar\/info\/comodoro-rivadavia-geologos-analizaron-las-causa-del-temporal-para-refundar-la-ciudad\/"]}]},{"@type":"ImageObject","inLanguage":"es","@id":"https:\/\/patagoniambiental.com.ar\/info\/comodoro-rivadavia-geologos-analizaron-las-causa-del-temporal-para-refundar-la-ciudad\/#primaryimage","url":"https:\/\/patagoniambiental.com.ar\/info\/wp-content\/uploads\/2017\/06\/comodoro-rivadavia.jpg","contentUrl":"https:\/\/patagoniambiental.com.ar\/info\/wp-content\/uploads\/2017\/06\/comodoro-rivadavia.jpg","width":685,"height":386},{"@type":"BreadcrumbList","@id":"https:\/\/patagoniambiental.com.ar\/info\/comodoro-rivadavia-geologos-analizaron-las-causa-del-temporal-para-refundar-la-ciudad\/#breadcrumb","itemListElement":[{"@type":"ListItem","position":1,"name":"Inicio","item":"https:\/\/patagoniambiental.com.ar\/info\/"},{"@type":"ListItem","position":2,"name":"Comodoro Rivadavia: ge\u00f3logos analizaron las causa del temporal para refundar la ciudad"}]},{"@type":"WebSite","@id":"https:\/\/patagoniambiental.com.ar\/info\/#website","url":"https:\/\/patagoniambiental.com.ar\/info\/","name":"Patagonia Ambiental","description":"Monitoreo y an\u00e1lisis de la situaci\u00f3n geopol\u00edtica en el mundo y su implicancia en la Patagonia","publisher":{"@id":"https:\/\/patagoniambiental.com.ar\/info\/#organization"},"potentialAction":[{"@type":"SearchAction","target":{"@type":"EntryPoint","urlTemplate":"https:\/\/patagoniambiental.com.ar\/info\/?s={search_term_string}"},"query-input":{"@type":"PropertyValueSpecification","valueRequired":true,"valueName":"search_term_string"}}],"inLanguage":"es"},{"@type":"Organization","@id":"https:\/\/patagoniambiental.com.ar\/info\/#organization","name":"Patagonia Ambiental","url":"https:\/\/patagoniambiental.com.ar\/info\/","logo":{"@type":"ImageObject","inLanguage":"es","@id":"https:\/\/patagoniambiental.com.ar\/info\/#\/schema\/logo\/image\/","url":"https:\/\/patagoniambiental.com.ar\/info\/wp-content\/uploads\/2025\/05\/LOGO-PATAGONIA-AMBIENTAL.png","contentUrl":"https:\/\/patagoniambiental.com.ar\/info\/wp-content\/uploads\/2025\/05\/LOGO-PATAGONIA-AMBIENTAL.png","width":433,"height":250,"caption":"Patagonia Ambiental"},"image":{"@id":"https:\/\/patagoniambiental.com.ar\/info\/#\/schema\/logo\/image\/"},"sameAs":["https:\/\/www.facebook.com\/patagonia.ambiental","https:\/\/x.com\/PatAmb"]},{"@type":"Person","@id":"https:\/\/patagoniambiental.com.ar\/info\/#\/schema\/person\/db12bff64bbcbf6a253710bf0ea37b5d","name":"Patagonia Ambiental","description":"Andr\u00e9s Nievas T\u00e9cnico en manejo ambiental, consultor Ambiental y escritor para medios locales e internacionales sobre temas de geopolitica y medio ambiente.","sameAs":["http:\/\/www.patagoniambiental.com.ar","https:\/\/www.facebook.com\/share\/1C1V8Gv9BX\/?mibextid=qi2Omg","@patagoniambiental","https:\/\/youtube.com\/@patagoniaambiental2023?si=BLt58t0wuXquxlYZ"]}]}},"_links":{"self":[{"href":"https:\/\/patagoniambiental.com.ar\/info\/wp-json\/wp\/v2\/posts\/31019","targetHints":{"allow":["GET"]}}],"collection":[{"href":"https:\/\/patagoniambiental.com.ar\/info\/wp-json\/wp\/v2\/posts"}],"about":[{"href":"https:\/\/patagoniambiental.com.ar\/info\/wp-json\/wp\/v2\/types\/post"}],"author":[{"embeddable":true,"href":"https:\/\/patagoniambiental.com.ar\/info\/wp-json\/wp\/v2\/users\/2"}],"replies":[{"embeddable":true,"href":"https:\/\/patagoniambiental.com.ar\/info\/wp-json\/wp\/v2\/comments?post=31019"}],"version-history":[{"count":0,"href":"https:\/\/patagoniambiental.com.ar\/info\/wp-json\/wp\/v2\/posts\/31019\/revisions"}],"wp:featuredmedia":[{"embeddable":true,"href":"https:\/\/patagoniambiental.com.ar\/info\/wp-json\/wp\/v2\/media\/31020"}],"wp:attachment":[{"href":"https:\/\/patagoniambiental.com.ar\/info\/wp-json\/wp\/v2\/media?parent=31019"}],"wp:term":[{"taxonomy":"category","embeddable":true,"href":"https:\/\/patagoniambiental.com.ar\/info\/wp-json\/wp\/v2\/categories?post=31019"},{"taxonomy":"post_tag","embeddable":true,"href":"https:\/\/patagoniambiental.com.ar\/info\/wp-json\/wp\/v2\/tags?post=31019"}],"curies":[{"name":"wp","href":"https:\/\/api.w.org\/{rel}","templated":true}]}}