{"id":31091,"date":"2017-06-27T09:00:41","date_gmt":"2017-06-27T12:00:41","guid":{"rendered":"http:\/\/patagoniambiental.com.ar\/info\/?p=31091"},"modified":"2017-06-26T19:50:03","modified_gmt":"2017-06-26T22:50:03","slug":"presidente-de-la-agrupacion-ecologica-patagonica-el-parque-maria-behety-es-el-ultimo-remanente-biologico-donde-nos-queda-flora-y-especies-acuaticas","status":"publish","type":"post","link":"https:\/\/patagoniambiental.com.ar\/info\/presidente-de-la-agrupacion-ecologica-patagonica-el-parque-maria-behety-es-el-ultimo-remanente-biologico-donde-nos-queda-flora-y-especies-acuaticas\/","title":{"rendered":"Presidente de la Agrupaci\u00f3n Ecol\u00f3gica Patag\u00f3nica: \u201cEl Parque Mar\u00eda Behety es el \u00faltimo remanente biol\u00f3gico donde nos queda flora y especies acu\u00e1ticas\u201d"},"content":{"rendered":"<p class=\"p2\">PUNTA ARENAS.- Luego de hacerse p\u00fablica la multa que anunci\u00f3 cursar la Direcci\u00f3n General de Aguas (DGA) al municipio de Punta Arenas, tras la intervenci\u00f3n provocada en el cauce de la laguna del Parque Mar\u00eda Behety (en un hecho ocurrido el 12 de diciembre del a\u00f1o pasado), el presidente de la Agrupaci\u00f3n Ecol\u00f3gica Patag\u00f3nica, Humberto G\u00f3mez Galindo, afirm\u00f3 a La Prensa Austral, que \u201cpara medir los da\u00f1os que pudo haber generado la acci\u00f3n efectuada por el municipio, debi\u00f3 haberse levantado antes un informe que permita cuantificar los da\u00f1os\u201d.<\/p>\n<p class=\"p3\">En este aspecto, G\u00f3mez se\u00f1al\u00f3 que -en \u00e9poca de nidificaci\u00f3n- se acent\u00faa el impacto, en la acci\u00f3n de intentar forzar el secado de la laguna del Parque Mar\u00eda Behety, pero que se torna complejo, cuantificar el nivel de intervenci\u00f3n en dichas aguas.<\/p>\n<p class=\"p3\">\u201cSi secamos la laguna de dicho parque, claramente se ven afectadas las familias de aves que llegan hasta ese lugar. S\u00f3lo recorriendo en sucesivas ocasiones dicha laguna, nos encontramos con especies como patos y, queltehues, entre otras aves. Sin contar que lo fundamental y caracter\u00edstico del parque es la abundante flora que all\u00ed habita. Ahora bien, en relaci\u00f3n a la laguna propiamente tal, la posibilidad de calibrar el da\u00f1o en su cauce, se complica en tanto, no hay una evaluaci\u00f3n previa. Sin embargo, el da\u00f1o al ecosistema efectivamente existi\u00f3, sobre todo porque la fecha en que se efectuaron los trabajos de secado fueron a mediados de diciembre\u201d, acot\u00f3 G\u00f3mez.<\/p>\n<p class=\"p3\">\u201cY si bien, hay una multa que ya fue notificada, tampoco eso acarrea una posibilidad de reparar el da\u00f1o, que podr\u00eda ser indicado por otra entidad. Y este tema en definitiva, viene a desnudar la tremenda falencia que existe en investigaci\u00f3n, porque a nivel regional no se da a la biolog\u00eda, la importancia que ella se merece. Actualmente, el panorama es que, con o sin<span class=\"Apple-converted-space\">\u00a0\u00a0<\/span>intervenci\u00f3n, con o sin multa, no se realizan acciones para proteger un ecosistema\u201d, apunt\u00f3 G\u00f3mez.<\/p>\n<p class=\"p3\">Cabe agregar que en la \u00faltima sesi\u00f3n de Concejo Comunal realizada el pasado mi\u00e9rcoles 21 de junio, el alcalde Claudio Radonich se refiri\u00f3 a la multa propuesta por la Direcci\u00f3n de Aguas del Mop (Ministerio de Obras P\u00fablicas), precisando que \u201cla municipalidad no ha sido notificada(\u2026) estamos esperando la notificaci\u00f3n y como no hubo un perjuicio al medio ambiente, este no es un tema que est\u00e9 zanjado\u201d, concluy\u00f3 el edil.<\/p>\n<div class=\"sharedaddy sd-sharing-enabled\"><\/div>\n<div class=\"sharedaddy sd-sharing-enabled\">Fuente:\u00a0www.laprensaaustral.cl<\/div>\n","protected":false},"excerpt":{"rendered":"<p>PUNTA ARENAS.- Luego de hacerse p\u00fablica la multa que anunci\u00f3 cursar la Direcci\u00f3n General de Aguas (DGA) al municipio de [&hellip;]<\/p>\n","protected":false},"author":2,"featured_media":31092,"comment_status":"open","ping_status":"open","sticky":false,"template":"","format":"standard","meta":{"site-sidebar-layout":"default","site-content-layout":"","ast-site-content-layout":"default","site-content-style":"default","site-sidebar-style":"default","ast-global-header-display":"","ast-banner-title-visibility":"","ast-main-header-display":"","ast-hfb-above-header-display":"","ast-hfb-below-header-display":"","ast-hfb-mobile-header-display":"","site-post-title":"","ast-breadcrumbs-content":"","ast-featured-img":"","footer-sml-layout":"","ast-disable-related-posts":"","theme-transparent-header-meta":"","adv-header-id-meta":"","stick-header-meta":"","header-above-stick-meta":"","header-main-stick-meta":"","header-below-stick-meta":"","astra-migrate-meta-layouts":"default","ast-page-background-enabled":"default","ast-page-background-meta":{"desktop":{"background-color":"var(--ast-global-color-5)","background-image":"","background-repeat":"repeat","background-position":"center center","background-size":"auto","background-attachment":"scroll","background-type":"","background-media":"","overlay-type":"","overlay-color":"","overlay-opacity":"","overlay-gradient":""},"tablet":{"background-color":"","background-image":"","background-repeat":"repeat","background-position":"center center","background-size":"auto","background-attachment":"scroll","background-type":"","background-media":"","overlay-type":"","overlay-color":"","overlay-opacity":"","overlay-gradient":""},"mobile":{"background-color":"","background-image":"","background-repeat":"repeat","background-position":"center center","background-size":"auto","background-attachment":"scroll","background-type":"","background-media":"","overlay-type":"","overlay-color":"","overlay-opacity":"","overlay-gradient":""}},"ast-content-background-meta":{"desktop":{"background-color":"var(--ast-global-color-4)","background-image":"","background-repeat":"repeat","background-position":"center center","background-size":"auto","background-attachment":"scroll","background-type":"","background-media":"","overlay-type":"","overlay-color":"","overlay-opacity":"","overlay-gradient":""},"tablet":{"background-color":"var(--ast-global-color-4)","background-image":"","background-repeat":"repeat","background-position":"center center","background-size":"auto","background-attachment":"scroll","background-type":"","background-media":"","overlay-type":"","overlay-color":"","overlay-opacity":"","overlay-gradient":""},"mobile":{"background-color":"var(--ast-global-color-4)","background-image":"","background-repeat":"repeat","background-position":"center center","background-size":"auto","background-attachment":"scroll","background-type":"","background-media":"","overlay-type":"","overlay-color":"","overlay-opacity":"","overlay-gradient":""}},"footnotes":""},"categories":[23,1,3],"tags":[],"class_list":["post-31091","post","type-post","status-publish","format-standard","has-post-thumbnail","hentry","category-internacionales","category-noticias","category-ong"],"yoast_head":"<!-- This site is optimized with the Yoast SEO Premium plugin v23.0 (Yoast SEO v27.4) - https:\/\/yoast.com\/product\/yoast-seo-premium-wordpress\/ -->\n<title>Presidente de la Agrupaci\u00f3n Ecol\u00f3gica Patag\u00f3nica: \u201cEl Parque Mar\u00eda Behety es el \u00faltimo remanente biol\u00f3gico donde nos queda flora y especies acu\u00e1ticas\u201d<\/title>\n<meta name=\"robots\" content=\"index, follow, max-snippet:-1, max-image-preview:large, max-video-preview:-1\" \/>\n<link rel=\"canonical\" href=\"https:\/\/patagoniambiental.com.ar\/info\/presidente-de-la-agrupacion-ecologica-patagonica-el-parque-maria-behety-es-el-ultimo-remanente-biologico-donde-nos-queda-flora-y-especies-acuaticas\/\" \/>\n<meta property=\"og:locale\" content=\"es_ES\" \/>\n<meta property=\"og:type\" content=\"article\" \/>\n<meta property=\"og:title\" content=\"Presidente de la Agrupaci\u00f3n Ecol\u00f3gica Patag\u00f3nica: \u201cEl Parque Mar\u00eda Behety es el \u00faltimo remanente biol\u00f3gico donde nos queda flora y especies acu\u00e1ticas\u201d\" \/>\n<meta property=\"og:description\" content=\"PUNTA ARENAS.- Luego de hacerse p\u00fablica la multa que anunci\u00f3 cursar la Direcci\u00f3n General de Aguas (DGA) al municipio de [&hellip;]\" \/>\n<meta property=\"og:url\" content=\"https:\/\/patagoniambiental.com.ar\/info\/presidente-de-la-agrupacion-ecologica-patagonica-el-parque-maria-behety-es-el-ultimo-remanente-biologico-donde-nos-queda-flora-y-especies-acuaticas\/\" \/>\n<meta property=\"og:site_name\" content=\"Patagonia Ambiental\" \/>\n<meta property=\"article:publisher\" content=\"https:\/\/www.facebook.com\/patagonia.ambiental\" \/>\n<meta property=\"article:author\" content=\"https:\/\/www.facebook.com\/share\/1C1V8Gv9BX\/?mibextid=qi2Omg\" \/>\n<meta property=\"article:published_time\" content=\"2017-06-27T12:00:41+00:00\" \/>\n<meta property=\"og:image\" content=\"https:\/\/patagoniambiental.com.ar\/info\/wp-content\/uploads\/2017\/06\/Punta-Arenas.jpg\" \/>\n\t<meta property=\"og:image:width\" content=\"1100\" \/>\n\t<meta property=\"og:image:height\" content=\"490\" \/>\n\t<meta property=\"og:image:type\" content=\"image\/jpeg\" \/>\n<meta name=\"author\" content=\"Patagonia Ambiental\" \/>\n<meta name=\"twitter:card\" content=\"summary_large_image\" \/>\n<meta name=\"twitter:creator\" content=\"@PatAmb\" \/>\n<meta name=\"twitter:site\" content=\"@PatAmb\" \/>\n<script type=\"application\/ld+json\" class=\"yoast-schema-graph\">{\"@context\":\"https:\\\/\\\/schema.org\",\"@graph\":[{\"@type\":\"Article\",\"@id\":\"https:\\\/\\\/patagoniambiental.com.ar\\\/info\\\/presidente-de-la-agrupacion-ecologica-patagonica-el-parque-maria-behety-es-el-ultimo-remanente-biologico-donde-nos-queda-flora-y-especies-acuaticas\\\/#article\",\"isPartOf\":{\"@id\":\"https:\\\/\\\/patagoniambiental.com.ar\\\/info\\\/presidente-de-la-agrupacion-ecologica-patagonica-el-parque-maria-behety-es-el-ultimo-remanente-biologico-donde-nos-queda-flora-y-especies-acuaticas\\\/\"},\"author\":{\"name\":\"Patagonia Ambiental\",\"@id\":\"https:\\\/\\\/patagoniambiental.com.ar\\\/info\\\/#\\\/schema\\\/person\\\/db12bff64bbcbf6a253710bf0ea37b5d\"},\"headline\":\"Presidente de la Agrupaci\u00f3n Ecol\u00f3gica Patag\u00f3nica: \u201cEl Parque Mar\u00eda Behety es el \u00faltimo remanente biol\u00f3gico donde nos queda flora y especies acu\u00e1ticas\u201d\",\"datePublished\":\"2017-06-27T12:00:41+00:00\",\"mainEntityOfPage\":{\"@id\":\"https:\\\/\\\/patagoniambiental.com.ar\\\/info\\\/presidente-de-la-agrupacion-ecologica-patagonica-el-parque-maria-behety-es-el-ultimo-remanente-biologico-donde-nos-queda-flora-y-especies-acuaticas\\\/\"},\"wordCount\":457,\"commentCount\":0,\"publisher\":{\"@id\":\"https:\\\/\\\/patagoniambiental.com.ar\\\/info\\\/#organization\"},\"image\":{\"@id\":\"https:\\\/\\\/patagoniambiental.com.ar\\\/info\\\/presidente-de-la-agrupacion-ecologica-patagonica-el-parque-maria-behety-es-el-ultimo-remanente-biologico-donde-nos-queda-flora-y-especies-acuaticas\\\/#primaryimage\"},\"thumbnailUrl\":\"https:\\\/\\\/patagoniambiental.com.ar\\\/info\\\/wp-content\\\/uploads\\\/2017\\\/06\\\/Punta-Arenas.jpg\",\"articleSection\":[\"Internacionales\",\"Noticias\",\"ONG\"],\"inLanguage\":\"es\",\"potentialAction\":[{\"@type\":\"CommentAction\",\"name\":\"Comment\",\"target\":[\"https:\\\/\\\/patagoniambiental.com.ar\\\/info\\\/presidente-de-la-agrupacion-ecologica-patagonica-el-parque-maria-behety-es-el-ultimo-remanente-biologico-donde-nos-queda-flora-y-especies-acuaticas\\\/#respond\"]}]},{\"@type\":\"WebPage\",\"@id\":\"https:\\\/\\\/patagoniambiental.com.ar\\\/info\\\/presidente-de-la-agrupacion-ecologica-patagonica-el-parque-maria-behety-es-el-ultimo-remanente-biologico-donde-nos-queda-flora-y-especies-acuaticas\\\/\",\"url\":\"https:\\\/\\\/patagoniambiental.com.ar\\\/info\\\/presidente-de-la-agrupacion-ecologica-patagonica-el-parque-maria-behety-es-el-ultimo-remanente-biologico-donde-nos-queda-flora-y-especies-acuaticas\\\/\",\"name\":\"Presidente de la Agrupaci\u00f3n Ecol\u00f3gica Patag\u00f3nica: \u201cEl Parque Mar\u00eda Behety es el \u00faltimo remanente biol\u00f3gico donde nos queda flora y especies acu\u00e1ticas\u201d\",\"isPartOf\":{\"@id\":\"https:\\\/\\\/patagoniambiental.com.ar\\\/info\\\/#website\"},\"primaryImageOfPage\":{\"@id\":\"https:\\\/\\\/patagoniambiental.com.ar\\\/info\\\/presidente-de-la-agrupacion-ecologica-patagonica-el-parque-maria-behety-es-el-ultimo-remanente-biologico-donde-nos-queda-flora-y-especies-acuaticas\\\/#primaryimage\"},\"image\":{\"@id\":\"https:\\\/\\\/patagoniambiental.com.ar\\\/info\\\/presidente-de-la-agrupacion-ecologica-patagonica-el-parque-maria-behety-es-el-ultimo-remanente-biologico-donde-nos-queda-flora-y-especies-acuaticas\\\/#primaryimage\"},\"thumbnailUrl\":\"https:\\\/\\\/patagoniambiental.com.ar\\\/info\\\/wp-content\\\/uploads\\\/2017\\\/06\\\/Punta-Arenas.jpg\",\"datePublished\":\"2017-06-27T12:00:41+00:00\",\"breadcrumb\":{\"@id\":\"https:\\\/\\\/patagoniambiental.com.ar\\\/info\\\/presidente-de-la-agrupacion-ecologica-patagonica-el-parque-maria-behety-es-el-ultimo-remanente-biologico-donde-nos-queda-flora-y-especies-acuaticas\\\/#breadcrumb\"},\"inLanguage\":\"es\",\"potentialAction\":[{\"@type\":\"ReadAction\",\"target\":[\"https:\\\/\\\/patagoniambiental.com.ar\\\/info\\\/presidente-de-la-agrupacion-ecologica-patagonica-el-parque-maria-behety-es-el-ultimo-remanente-biologico-donde-nos-queda-flora-y-especies-acuaticas\\\/\"]}]},{\"@type\":\"ImageObject\",\"inLanguage\":\"es\",\"@id\":\"https:\\\/\\\/patagoniambiental.com.ar\\\/info\\\/presidente-de-la-agrupacion-ecologica-patagonica-el-parque-maria-behety-es-el-ultimo-remanente-biologico-donde-nos-queda-flora-y-especies-acuaticas\\\/#primaryimage\",\"url\":\"https:\\\/\\\/patagoniambiental.com.ar\\\/info\\\/wp-content\\\/uploads\\\/2017\\\/06\\\/Punta-Arenas.jpg\",\"contentUrl\":\"https:\\\/\\\/patagoniambiental.com.ar\\\/info\\\/wp-content\\\/uploads\\\/2017\\\/06\\\/Punta-Arenas.jpg\",\"width\":1100,\"height\":490},{\"@type\":\"BreadcrumbList\",\"@id\":\"https:\\\/\\\/patagoniambiental.com.ar\\\/info\\\/presidente-de-la-agrupacion-ecologica-patagonica-el-parque-maria-behety-es-el-ultimo-remanente-biologico-donde-nos-queda-flora-y-especies-acuaticas\\\/#breadcrumb\",\"itemListElement\":[{\"@type\":\"ListItem\",\"position\":1,\"name\":\"Inicio\",\"item\":\"https:\\\/\\\/patagoniambiental.com.ar\\\/info\\\/\"},{\"@type\":\"ListItem\",\"position\":2,\"name\":\"Presidente de la Agrupaci\u00f3n Ecol\u00f3gica Patag\u00f3nica: \u201cEl Parque Mar\u00eda Behety es el \u00faltimo remanente biol\u00f3gico donde nos queda flora y especies acu\u00e1ticas\u201d\"}]},{\"@type\":\"WebSite\",\"@id\":\"https:\\\/\\\/patagoniambiental.com.ar\\\/info\\\/#website\",\"url\":\"https:\\\/\\\/patagoniambiental.com.ar\\\/info\\\/\",\"name\":\"Patagonia Ambiental\",\"description\":\"Monitoreo y an\u00e1lisis de la situaci\u00f3n geopol\u00edtica en el mundo y su implicancia en la Patagonia\",\"publisher\":{\"@id\":\"https:\\\/\\\/patagoniambiental.com.ar\\\/info\\\/#organization\"},\"potentialAction\":[{\"@type\":\"SearchAction\",\"target\":{\"@type\":\"EntryPoint\",\"urlTemplate\":\"https:\\\/\\\/patagoniambiental.com.ar\\\/info\\\/?s={search_term_string}\"},\"query-input\":{\"@type\":\"PropertyValueSpecification\",\"valueRequired\":true,\"valueName\":\"search_term_string\"}}],\"inLanguage\":\"es\"},{\"@type\":\"Organization\",\"@id\":\"https:\\\/\\\/patagoniambiental.com.ar\\\/info\\\/#organization\",\"name\":\"Patagonia Ambiental\",\"url\":\"https:\\\/\\\/patagoniambiental.com.ar\\\/info\\\/\",\"logo\":{\"@type\":\"ImageObject\",\"inLanguage\":\"es\",\"@id\":\"https:\\\/\\\/patagoniambiental.com.ar\\\/info\\\/#\\\/schema\\\/logo\\\/image\\\/\",\"url\":\"https:\\\/\\\/patagoniambiental.com.ar\\\/info\\\/wp-content\\\/uploads\\\/2025\\\/05\\\/LOGO-PATAGONIA-AMBIENTAL.png\",\"contentUrl\":\"https:\\\/\\\/patagoniambiental.com.ar\\\/info\\\/wp-content\\\/uploads\\\/2025\\\/05\\\/LOGO-PATAGONIA-AMBIENTAL.png\",\"width\":433,\"height\":250,\"caption\":\"Patagonia Ambiental\"},\"image\":{\"@id\":\"https:\\\/\\\/patagoniambiental.com.ar\\\/info\\\/#\\\/schema\\\/logo\\\/image\\\/\"},\"sameAs\":[\"https:\\\/\\\/www.facebook.com\\\/patagonia.ambiental\",\"https:\\\/\\\/x.com\\\/PatAmb\"]},{\"@type\":\"Person\",\"@id\":\"https:\\\/\\\/patagoniambiental.com.ar\\\/info\\\/#\\\/schema\\\/person\\\/db12bff64bbcbf6a253710bf0ea37b5d\",\"name\":\"Patagonia Ambiental\",\"description\":\"Andr\u00e9s Nievas T\u00e9cnico en manejo ambiental, consultor Ambiental y escritor para medios locales e internacionales sobre temas de geopolitica y medio ambiente.\",\"sameAs\":[\"http:\\\/\\\/www.patagoniambiental.com.ar\",\"https:\\\/\\\/www.facebook.com\\\/share\\\/1C1V8Gv9BX\\\/?mibextid=qi2Omg\",\"@patagoniambiental\",\"https:\\\/\\\/youtube.com\\\/@patagoniaambiental2023?si=BLt58t0wuXquxlYZ\"]}]}<\/script>\n<!-- \/ Yoast SEO Premium plugin. -->","yoast_head_json":{"title":"Presidente de la Agrupaci\u00f3n Ecol\u00f3gica Patag\u00f3nica: \u201cEl Parque Mar\u00eda Behety es el \u00faltimo remanente biol\u00f3gico donde nos queda flora y especies acu\u00e1ticas\u201d","robots":{"index":"index","follow":"follow","max-snippet":"max-snippet:-1","max-image-preview":"max-image-preview:large","max-video-preview":"max-video-preview:-1"},"canonical":"https:\/\/patagoniambiental.com.ar\/info\/presidente-de-la-agrupacion-ecologica-patagonica-el-parque-maria-behety-es-el-ultimo-remanente-biologico-donde-nos-queda-flora-y-especies-acuaticas\/","og_locale":"es_ES","og_type":"article","og_title":"Presidente de la Agrupaci\u00f3n Ecol\u00f3gica Patag\u00f3nica: \u201cEl Parque Mar\u00eda Behety es el \u00faltimo remanente biol\u00f3gico donde nos queda flora y especies acu\u00e1ticas\u201d","og_description":"PUNTA ARENAS.- Luego de hacerse p\u00fablica la multa que anunci\u00f3 cursar la Direcci\u00f3n General de Aguas (DGA) al municipio de [&hellip;]","og_url":"https:\/\/patagoniambiental.com.ar\/info\/presidente-de-la-agrupacion-ecologica-patagonica-el-parque-maria-behety-es-el-ultimo-remanente-biologico-donde-nos-queda-flora-y-especies-acuaticas\/","og_site_name":"Patagonia Ambiental","article_publisher":"https:\/\/www.facebook.com\/patagonia.ambiental","article_author":"https:\/\/www.facebook.com\/share\/1C1V8Gv9BX\/?mibextid=qi2Omg","article_published_time":"2017-06-27T12:00:41+00:00","og_image":[{"width":1100,"height":490,"url":"https:\/\/patagoniambiental.com.ar\/info\/wp-content\/uploads\/2017\/06\/Punta-Arenas.jpg","type":"image\/jpeg"}],"author":"Patagonia Ambiental","twitter_card":"summary_large_image","twitter_creator":"@PatAmb","twitter_site":"@PatAmb","schema":{"@context":"https:\/\/schema.org","@graph":[{"@type":"Article","@id":"https:\/\/patagoniambiental.com.ar\/info\/presidente-de-la-agrupacion-ecologica-patagonica-el-parque-maria-behety-es-el-ultimo-remanente-biologico-donde-nos-queda-flora-y-especies-acuaticas\/#article","isPartOf":{"@id":"https:\/\/patagoniambiental.com.ar\/info\/presidente-de-la-agrupacion-ecologica-patagonica-el-parque-maria-behety-es-el-ultimo-remanente-biologico-donde-nos-queda-flora-y-especies-acuaticas\/"},"author":{"name":"Patagonia Ambiental","@id":"https:\/\/patagoniambiental.com.ar\/info\/#\/schema\/person\/db12bff64bbcbf6a253710bf0ea37b5d"},"headline":"Presidente de la Agrupaci\u00f3n Ecol\u00f3gica Patag\u00f3nica: \u201cEl Parque Mar\u00eda Behety es el \u00faltimo remanente biol\u00f3gico donde nos queda flora y especies acu\u00e1ticas\u201d","datePublished":"2017-06-27T12:00:41+00:00","mainEntityOfPage":{"@id":"https:\/\/patagoniambiental.com.ar\/info\/presidente-de-la-agrupacion-ecologica-patagonica-el-parque-maria-behety-es-el-ultimo-remanente-biologico-donde-nos-queda-flora-y-especies-acuaticas\/"},"wordCount":457,"commentCount":0,"publisher":{"@id":"https:\/\/patagoniambiental.com.ar\/info\/#organization"},"image":{"@id":"https:\/\/patagoniambiental.com.ar\/info\/presidente-de-la-agrupacion-ecologica-patagonica-el-parque-maria-behety-es-el-ultimo-remanente-biologico-donde-nos-queda-flora-y-especies-acuaticas\/#primaryimage"},"thumbnailUrl":"https:\/\/patagoniambiental.com.ar\/info\/wp-content\/uploads\/2017\/06\/Punta-Arenas.jpg","articleSection":["Internacionales","Noticias","ONG"],"inLanguage":"es","potentialAction":[{"@type":"CommentAction","name":"Comment","target":["https:\/\/patagoniambiental.com.ar\/info\/presidente-de-la-agrupacion-ecologica-patagonica-el-parque-maria-behety-es-el-ultimo-remanente-biologico-donde-nos-queda-flora-y-especies-acuaticas\/#respond"]}]},{"@type":"WebPage","@id":"https:\/\/patagoniambiental.com.ar\/info\/presidente-de-la-agrupacion-ecologica-patagonica-el-parque-maria-behety-es-el-ultimo-remanente-biologico-donde-nos-queda-flora-y-especies-acuaticas\/","url":"https:\/\/patagoniambiental.com.ar\/info\/presidente-de-la-agrupacion-ecologica-patagonica-el-parque-maria-behety-es-el-ultimo-remanente-biologico-donde-nos-queda-flora-y-especies-acuaticas\/","name":"Presidente de la Agrupaci\u00f3n Ecol\u00f3gica Patag\u00f3nica: \u201cEl Parque Mar\u00eda Behety es el \u00faltimo remanente biol\u00f3gico donde nos queda flora y especies acu\u00e1ticas\u201d","isPartOf":{"@id":"https:\/\/patagoniambiental.com.ar\/info\/#website"},"primaryImageOfPage":{"@id":"https:\/\/patagoniambiental.com.ar\/info\/presidente-de-la-agrupacion-ecologica-patagonica-el-parque-maria-behety-es-el-ultimo-remanente-biologico-donde-nos-queda-flora-y-especies-acuaticas\/#primaryimage"},"image":{"@id":"https:\/\/patagoniambiental.com.ar\/info\/presidente-de-la-agrupacion-ecologica-patagonica-el-parque-maria-behety-es-el-ultimo-remanente-biologico-donde-nos-queda-flora-y-especies-acuaticas\/#primaryimage"},"thumbnailUrl":"https:\/\/patagoniambiental.com.ar\/info\/wp-content\/uploads\/2017\/06\/Punta-Arenas.jpg","datePublished":"2017-06-27T12:00:41+00:00","breadcrumb":{"@id":"https:\/\/patagoniambiental.com.ar\/info\/presidente-de-la-agrupacion-ecologica-patagonica-el-parque-maria-behety-es-el-ultimo-remanente-biologico-donde-nos-queda-flora-y-especies-acuaticas\/#breadcrumb"},"inLanguage":"es","potentialAction":[{"@type":"ReadAction","target":["https:\/\/patagoniambiental.com.ar\/info\/presidente-de-la-agrupacion-ecologica-patagonica-el-parque-maria-behety-es-el-ultimo-remanente-biologico-donde-nos-queda-flora-y-especies-acuaticas\/"]}]},{"@type":"ImageObject","inLanguage":"es","@id":"https:\/\/patagoniambiental.com.ar\/info\/presidente-de-la-agrupacion-ecologica-patagonica-el-parque-maria-behety-es-el-ultimo-remanente-biologico-donde-nos-queda-flora-y-especies-acuaticas\/#primaryimage","url":"https:\/\/patagoniambiental.com.ar\/info\/wp-content\/uploads\/2017\/06\/Punta-Arenas.jpg","contentUrl":"https:\/\/patagoniambiental.com.ar\/info\/wp-content\/uploads\/2017\/06\/Punta-Arenas.jpg","width":1100,"height":490},{"@type":"BreadcrumbList","@id":"https:\/\/patagoniambiental.com.ar\/info\/presidente-de-la-agrupacion-ecologica-patagonica-el-parque-maria-behety-es-el-ultimo-remanente-biologico-donde-nos-queda-flora-y-especies-acuaticas\/#breadcrumb","itemListElement":[{"@type":"ListItem","position":1,"name":"Inicio","item":"https:\/\/patagoniambiental.com.ar\/info\/"},{"@type":"ListItem","position":2,"name":"Presidente de la Agrupaci\u00f3n Ecol\u00f3gica Patag\u00f3nica: \u201cEl Parque Mar\u00eda Behety es el \u00faltimo remanente biol\u00f3gico donde nos queda flora y especies acu\u00e1ticas\u201d"}]},{"@type":"WebSite","@id":"https:\/\/patagoniambiental.com.ar\/info\/#website","url":"https:\/\/patagoniambiental.com.ar\/info\/","name":"Patagonia Ambiental","description":"Monitoreo y an\u00e1lisis de la situaci\u00f3n geopol\u00edtica en el mundo y su implicancia en la Patagonia","publisher":{"@id":"https:\/\/patagoniambiental.com.ar\/info\/#organization"},"potentialAction":[{"@type":"SearchAction","target":{"@type":"EntryPoint","urlTemplate":"https:\/\/patagoniambiental.com.ar\/info\/?s={search_term_string}"},"query-input":{"@type":"PropertyValueSpecification","valueRequired":true,"valueName":"search_term_string"}}],"inLanguage":"es"},{"@type":"Organization","@id":"https:\/\/patagoniambiental.com.ar\/info\/#organization","name":"Patagonia Ambiental","url":"https:\/\/patagoniambiental.com.ar\/info\/","logo":{"@type":"ImageObject","inLanguage":"es","@id":"https:\/\/patagoniambiental.com.ar\/info\/#\/schema\/logo\/image\/","url":"https:\/\/patagoniambiental.com.ar\/info\/wp-content\/uploads\/2025\/05\/LOGO-PATAGONIA-AMBIENTAL.png","contentUrl":"https:\/\/patagoniambiental.com.ar\/info\/wp-content\/uploads\/2025\/05\/LOGO-PATAGONIA-AMBIENTAL.png","width":433,"height":250,"caption":"Patagonia Ambiental"},"image":{"@id":"https:\/\/patagoniambiental.com.ar\/info\/#\/schema\/logo\/image\/"},"sameAs":["https:\/\/www.facebook.com\/patagonia.ambiental","https:\/\/x.com\/PatAmb"]},{"@type":"Person","@id":"https:\/\/patagoniambiental.com.ar\/info\/#\/schema\/person\/db12bff64bbcbf6a253710bf0ea37b5d","name":"Patagonia Ambiental","description":"Andr\u00e9s Nievas T\u00e9cnico en manejo ambiental, consultor Ambiental y escritor para medios locales e internacionales sobre temas de geopolitica y medio ambiente.","sameAs":["http:\/\/www.patagoniambiental.com.ar","https:\/\/www.facebook.com\/share\/1C1V8Gv9BX\/?mibextid=qi2Omg","@patagoniambiental","https:\/\/youtube.com\/@patagoniaambiental2023?si=BLt58t0wuXquxlYZ"]}]}},"_links":{"self":[{"href":"https:\/\/patagoniambiental.com.ar\/info\/wp-json\/wp\/v2\/posts\/31091","targetHints":{"allow":["GET"]}}],"collection":[{"href":"https:\/\/patagoniambiental.com.ar\/info\/wp-json\/wp\/v2\/posts"}],"about":[{"href":"https:\/\/patagoniambiental.com.ar\/info\/wp-json\/wp\/v2\/types\/post"}],"author":[{"embeddable":true,"href":"https:\/\/patagoniambiental.com.ar\/info\/wp-json\/wp\/v2\/users\/2"}],"replies":[{"embeddable":true,"href":"https:\/\/patagoniambiental.com.ar\/info\/wp-json\/wp\/v2\/comments?post=31091"}],"version-history":[{"count":0,"href":"https:\/\/patagoniambiental.com.ar\/info\/wp-json\/wp\/v2\/posts\/31091\/revisions"}],"wp:featuredmedia":[{"embeddable":true,"href":"https:\/\/patagoniambiental.com.ar\/info\/wp-json\/wp\/v2\/media\/31092"}],"wp:attachment":[{"href":"https:\/\/patagoniambiental.com.ar\/info\/wp-json\/wp\/v2\/media?parent=31091"}],"wp:term":[{"taxonomy":"category","embeddable":true,"href":"https:\/\/patagoniambiental.com.ar\/info\/wp-json\/wp\/v2\/categories?post=31091"},{"taxonomy":"post_tag","embeddable":true,"href":"https:\/\/patagoniambiental.com.ar\/info\/wp-json\/wp\/v2\/tags?post=31091"}],"curies":[{"name":"wp","href":"https:\/\/api.w.org\/{rel}","templated":true}]}}