{"id":31197,"date":"2017-06-29T19:00:04","date_gmt":"2017-06-29T22:00:04","guid":{"rendered":"http:\/\/patagoniambiental.com.ar\/info\/?p=31197"},"modified":"2017-06-29T11:20:05","modified_gmt":"2017-06-29T14:20:05","slug":"chile-hay-que-aumentar-las-areas-marinas-protegidas-cercanas-al-continente-y-a-la-patagonia","status":"publish","type":"post","link":"https:\/\/patagoniambiental.com.ar\/info\/chile-hay-que-aumentar-las-areas-marinas-protegidas-cercanas-al-continente-y-a-la-patagonia\/","title":{"rendered":"CHILE: \u00abHay que aumentar las \u00e1reas marinas protegidas cercanas al continente y a la Patagonia\u00bb"},"content":{"rendered":"<div><b>Diario Financiero<\/b> \/ Por Kamila Cortez Con el anuncio de la creaci\u00f3n del parque marino en Cabo de Hornos e Islas Diego Ram\u00edrez de 100 mil km\u00b2 y la expansi\u00f3n de la actual \u00e1rea protegida de Juan Fern\u00e1ndez hasta completar 450 mil km\u00b2, Chile se ubica entre los cinco pa\u00edses con mayor superficie marina protegida, tras Australia, Nueva Zelanda, Nueva Caledonia y Estados Unidos, totalizando m\u00e1s de un mill\u00f3n de km\u00b2 resguardados, una cifra hist\u00f3rica.<\/div>\n<p><!--more--><\/p>\n<div><\/div>\n<div>Respecto de este avance, el Ministro de Medio Ambiente, Marcelo Mena, expresa que \u00abes parte de una agenda global que apunta a crear grandes santuarios de protecci\u00f3n a la extracci\u00f3n, considerando la sobreexplotaci\u00f3n que viven muchas especies. Por ello, localmente estamos trabajando en la b\u00fasqueda de zonas pr\u00edstinas que podamos resguardar en el tiempo\u00bb.<\/p>\n<p>-\u00bfCu\u00e1l es el balance a la protecci\u00f3n marina en Chile?<\/p>\n<p>-Hay un balance positivo. El gobierno se traz\u00f3 una meta de protecci\u00f3n y conservaci\u00f3n oce\u00e1nica que nos puso dentro de los top cinco del mundo y probablemente Chile es el pa\u00eds que m\u00e1s \u00e1reas protegidas ha creado en los \u00faltimos cuatro a\u00f1os a nivel mundial. Tiene que ver con la importancia del valor que le damos a esta tem\u00e1tica en torno a los beneficios que genera, no s\u00f3lo sociales y econ\u00f3micos, sino como medida de mitigaci\u00f3n del cambio clim\u00e1tico.<\/p>\n<p>-\u00bfCu\u00e1les son los principales desaf\u00edos del pa\u00eds en la conservaci\u00f3n del oc\u00e9ano?<\/p>\n<p>-Estamos cumpliendo las Metas Aichi -de conservaci\u00f3n de la biodiversidad (COP10)- de porcentajes de \u00e1rea bajo conservaci\u00f3n dentro de los oc\u00e9anos, que es 10% (en el mundo, a 2020), pero tenemos que aumentar la representatividad de ecosistemas m\u00e1s vulnerables y distintos. Debemos ser capaces de tener m\u00e1s \u00e1reas protegidas cercanas al continente y en ecosistemas particulares de la Patagonia. Eso, en parte, se est\u00e1 logrado con el parque marino de Cabo de Hornos, pero a\u00fan falta una visi\u00f3n m\u00e1s espec\u00edfica respecto a otras \u00e1reas a proteger cerca del continente.<\/p>\n<p>-\u00bfCu\u00e1l es la clave para avanzar en esta materia?<\/p>\n<p>-Hay que considerar que son procesos graduales, que requieren entender que estas \u00e1reas protegidas no afectan negativamente las actividades econ\u00f3micas, m\u00e1s bien son una oportunidad de conservaci\u00f3n que permite que las especies se recuperen y as\u00ed podamos tener actividades econ\u00f3micas que sean sustentables en el tiempo.<\/p>\n<p>-A fin de a\u00f1o entregar\u00e1n la propuesta de pol\u00edtica oce\u00e1nica a la presidenta \u00bfQu\u00e9 aborda?<\/p>\n<p>-Considerando el valor del oc\u00e9ano, la importancia de su conservaci\u00f3n y que muchas pesquer\u00edas est\u00e1n sobreexplotadas, el documento aborda los lineamientos de c\u00f3mo deber\u00eda ser la relaci\u00f3n del oc\u00e9ano y la pol\u00edtica de Estado en general y qu\u00e9 tipo de pol\u00edtica de soberan\u00eda, extracci\u00f3n y conservaci\u00f3n debe tener el pa\u00eds. Es in\u00e9dito, ya que busca consolidar la agenda de conservaci\u00f3n y su relaci\u00f3n con cambio clim\u00e1tico, en funci\u00f3n del rol de los oc\u00e9anos como verdadero garante del bienestar para Chile.<\/p>\n<p>-En este \u00e1mbito \u00bfCu\u00e1l deber\u00eda ser el foco del pr\u00f3ximo gobierno?<\/p>\n<p>-Debe buscar expansi\u00f3n de \u00e1reas protegidas en zonas que se determine que tienen significancia ecol\u00f3gica y donde la comunidad tambi\u00e9n trabaje en pos de su conservaci\u00f3n. Sin duda, la fiscalizaci\u00f3n y planes de manejo de estas \u00e1reas, ser\u00e1n desaf\u00edos importantes para el pr\u00f3ximo gobierno.<\/p>\n<p>Avance local En septiembre, Chile ser\u00e1 la sede del 4 \u00b0 Congreso Internacional de \u00c1reas Marinas Protegidas, IMPAC 4, que se realizar\u00e1 en La Serena y Coquimbo, organizado por el Ministerio del Medio Ambiente y la Uni\u00f3n Internacional para la Conservaci\u00f3n de la Naturaleza (UICN).<\/p>\n<p>La instancia que reunir\u00e1 a expertos en conservaci\u00f3n marina de todo el mundo, se efect\u00faa cada cuatro a\u00f1os, y que se ha llevado a cabo en Australia, Francia y Estados Unidos.<\/p>\n<p>-\u00bfQu\u00e9 significa para el pa\u00eds ser sede del IMPAC 4?<\/p>\n<p>-Con este encuentro Chile se pone en el epicentro de la conservaci\u00f3n marina. Es la primera vez que se hace en un pa\u00eds en v\u00edas de desarrollo y se da por el reconocimiento al avance en local.<\/p>\n<p>Ser\u00e1 una oportunidad para compartir las mejores pr\u00e1cticas en la implementaci\u00f3n de estas \u00e1reas protegidas. Adem\u00e1s, de una importante plataforma de anuncios regionales para la mayor conservaci\u00f3n.<\/p>\n<p>\u00c1reas marinas protegidas Un \u00e1rea marina protegida es un espacio marino, costero, espec\u00edfico y delimitado, para asegurar la preservaci\u00f3n y conservaci\u00f3n de la biodiversidad marina del pa\u00eds, que en Chile alcanza 463.230,77 km\u00b2, equivalente a un 13,6% del mar nacional. A mayo de 2017, el resumen de \u00e1reas marinas protegidas en las cuatro categor\u00edas establecidas es el siguiente:<\/p>\n<p>8 PARQUES MARINOS: suman 451.132 km\u00b2, donde no se puede realizar ning\u00fan tipo de actividad.<\/p>\n<p>10 \u00c1REAS MARINAS COSTERAS PROTEGIDAS DE M\u00daLTIPLES USOS: corresponden a 12.015,8 km\u00b2.<\/p>\n<p>5 RESERVAS MARINAS: suman 78,1 km\u00b2 y corresponden a \u00e1reas de resguardo de los recursos hidrobiol\u00f3gicos.<\/p>\n<p>10 SANTUARIOS DE LA NATURALEZA MARINOS: 8,3 km\u00b2, que corresponden a sitios de inter\u00e9s cient\u00edfico.<\/p>\n<p>Noticias Relacionadas Mujer maravilla usa joyas chilenas Fiscal\u00eda espa\u00f1ola acepta sustituir condena de 21 meses a <a href=\"http:\/\/www.enlasgradas.com\/\" target=\"'_blank'\">Messi<\/a> por multa de 255 mil euros Hern\u00e1n Leal, el empresario que quiere conquistar las siete cumbres m\u00e1s altas <b>CHILE: \u00abHay que aumentar las \u00e1reas marinas protegidas cercanas al continente y a la Patagonia\u00bb<\/b><\/p>\n<p>Con Informaci\u00f3n de <b>Diario Financiero<\/b><\/p>\n<p><a title=\"'CHILE:\" href=\"http:\/\/www.entornointeligente.com\/articulo\/10192819\/'\/articulo\/10192819\/CHILE-Hay-que-aumentar-las-areas-marinas-protegidas-cercanas-al-continente-y-a-la-Patagonia-28062017'\">http:\/\/entornointeligente.com\/articulo\/10192819\/CHILE-Hay-que-aumentar-las-areas-marinas-protegidas-cercanas-al-continente-y-a-la-Patagonia-28062017<\/a><\/p>\n<p>S\u00edguenos en Twitter @entornoi<\/p>\n<div class=\"addthis_toolbox addthis_vertical_style\"><\/div>\n<\/div>\n<p>Para mas informaci\u00f3n visite: <a href=\"http:\/\/entornointeligente.com\/secciones\/negocios\/\" target=\"_blank\" rel=\"noopener\">EntornoInteligente.com<\/a><\/p>\n<p>&nbsp;<\/p>\n<p>Fuente:\u00a0http:\/\/www.entornointeligente.com\/articulo\/10192819\/CHILE-Hay-que-aumentar-las-areas-marinas-protegidas-cercanas-al-continente-y-a-la-Patagonia-28062017<\/p>\n","protected":false},"excerpt":{"rendered":"<p>Diario Financiero \/ Por Kamila Cortez Con el anuncio de la creaci\u00f3n del parque marino en Cabo de Hornos e [&hellip;]<\/p>\n","protected":false},"author":2,"featured_media":31198,"comment_status":"open","ping_status":"open","sticky":false,"template":"","format":"standard","meta":{"site-sidebar-layout":"default","site-content-layout":"","ast-site-content-layout":"default","site-content-style":"default","site-sidebar-style":"default","ast-global-header-display":"","ast-banner-title-visibility":"","ast-main-header-display":"","ast-hfb-above-header-display":"","ast-hfb-below-header-display":"","ast-hfb-mobile-header-display":"","site-post-title":"","ast-breadcrumbs-content":"","ast-featured-img":"","footer-sml-layout":"","ast-disable-related-posts":"","theme-transparent-header-meta":"","adv-header-id-meta":"","stick-header-meta":"","header-above-stick-meta":"","header-main-stick-meta":"","header-below-stick-meta":"","astra-migrate-meta-layouts":"default","ast-page-background-enabled":"default","ast-page-background-meta":{"desktop":{"background-color":"var(--ast-global-color-5)","background-image":"","background-repeat":"repeat","background-position":"center center","background-size":"auto","background-attachment":"scroll","background-type":"","background-media":"","overlay-type":"","overlay-color":"","overlay-opacity":"","overlay-gradient":""},"tablet":{"background-color":"","background-image":"","background-repeat":"repeat","background-position":"center center","background-size":"auto","background-attachment":"scroll","background-type":"","background-media":"","overlay-type":"","overlay-color":"","overlay-opacity":"","overlay-gradient":""},"mobile":{"background-color":"","background-image":"","background-repeat":"repeat","background-position":"center center","background-size":"auto","background-attachment":"scroll","background-type":"","background-media":"","overlay-type":"","overlay-color":"","overlay-opacity":"","overlay-gradient":""}},"ast-content-background-meta":{"desktop":{"background-color":"var(--ast-global-color-4)","background-image":"","background-repeat":"repeat","background-position":"center center","background-size":"auto","background-attachment":"scroll","background-type":"","background-media":"","overlay-type":"","overlay-color":"","overlay-opacity":"","overlay-gradient":""},"tablet":{"background-color":"var(--ast-global-color-4)","background-image":"","background-repeat":"repeat","background-position":"center center","background-size":"auto","background-attachment":"scroll","background-type":"","background-media":"","overlay-type":"","overlay-color":"","overlay-opacity":"","overlay-gradient":""},"mobile":{"background-color":"var(--ast-global-color-4)","background-image":"","background-repeat":"repeat","background-position":"center center","background-size":"auto","background-attachment":"scroll","background-type":"","background-media":"","overlay-type":"","overlay-color":"","overlay-opacity":"","overlay-gradient":""}},"footnotes":""},"categories":[23,1],"tags":[],"class_list":["post-31197","post","type-post","status-publish","format-standard","has-post-thumbnail","hentry","category-internacionales","category-noticias"],"yoast_head":"<!-- This site is optimized with the Yoast SEO Premium plugin v23.0 (Yoast SEO v27.4) - https:\/\/yoast.com\/product\/yoast-seo-premium-wordpress\/ -->\n<title>CHILE: &quot;Hay que aumentar las \u00e1reas marinas protegidas cercanas al continente y a la Patagonia&quot;<\/title>\n<meta name=\"robots\" content=\"index, follow, max-snippet:-1, max-image-preview:large, max-video-preview:-1\" \/>\n<link rel=\"canonical\" href=\"https:\/\/patagoniambiental.com.ar\/info\/chile-hay-que-aumentar-las-areas-marinas-protegidas-cercanas-al-continente-y-a-la-patagonia\/\" \/>\n<meta property=\"og:locale\" content=\"es_ES\" \/>\n<meta property=\"og:type\" content=\"article\" \/>\n<meta property=\"og:title\" content=\"CHILE: &quot;Hay que aumentar las \u00e1reas marinas protegidas cercanas al continente y a la Patagonia&quot;\" \/>\n<meta property=\"og:description\" content=\"Diario Financiero \/ Por Kamila Cortez Con el anuncio de la creaci\u00f3n del parque marino en Cabo de Hornos e [&hellip;]\" \/>\n<meta property=\"og:url\" content=\"https:\/\/patagoniambiental.com.ar\/info\/chile-hay-que-aumentar-las-areas-marinas-protegidas-cercanas-al-continente-y-a-la-patagonia\/\" \/>\n<meta property=\"og:site_name\" content=\"Patagonia Ambiental\" \/>\n<meta property=\"article:publisher\" content=\"https:\/\/www.facebook.com\/patagonia.ambiental\" \/>\n<meta property=\"article:author\" content=\"https:\/\/www.facebook.com\/share\/1C1V8Gv9BX\/?mibextid=qi2Omg\" \/>\n<meta property=\"article:published_time\" content=\"2017-06-29T22:00:04+00:00\" \/>\n<meta property=\"og:image\" content=\"https:\/\/patagoniambiental.com.ar\/info\/wp-content\/uploads\/2017\/06\/francisco-velasquez-gago-CHILE-Hay-que-aumentar-las-reas-marinas-protegidas-cercanas-al-continente-y-a-la-Patagonia-.jpg\" \/>\n\t<meta property=\"og:image:width\" content=\"225\" \/>\n\t<meta property=\"og:image:height\" content=\"114\" \/>\n\t<meta property=\"og:image:type\" content=\"image\/jpeg\" \/>\n<meta name=\"author\" content=\"Patagonia Ambiental\" \/>\n<meta name=\"twitter:card\" content=\"summary_large_image\" \/>\n<meta name=\"twitter:creator\" content=\"@PatAmb\" \/>\n<meta name=\"twitter:site\" content=\"@PatAmb\" \/>\n<script type=\"application\/ld+json\" class=\"yoast-schema-graph\">{\"@context\":\"https:\\\/\\\/schema.org\",\"@graph\":[{\"@type\":\"Article\",\"@id\":\"https:\\\/\\\/patagoniambiental.com.ar\\\/info\\\/chile-hay-que-aumentar-las-areas-marinas-protegidas-cercanas-al-continente-y-a-la-patagonia\\\/#article\",\"isPartOf\":{\"@id\":\"https:\\\/\\\/patagoniambiental.com.ar\\\/info\\\/chile-hay-que-aumentar-las-areas-marinas-protegidas-cercanas-al-continente-y-a-la-patagonia\\\/\"},\"author\":{\"name\":\"Patagonia Ambiental\",\"@id\":\"https:\\\/\\\/patagoniambiental.com.ar\\\/info\\\/#\\\/schema\\\/person\\\/db12bff64bbcbf6a253710bf0ea37b5d\"},\"headline\":\"CHILE: \u00abHay que aumentar las \u00e1reas marinas protegidas cercanas al continente y a la Patagonia\u00bb\",\"datePublished\":\"2017-06-29T22:00:04+00:00\",\"mainEntityOfPage\":{\"@id\":\"https:\\\/\\\/patagoniambiental.com.ar\\\/info\\\/chile-hay-que-aumentar-las-areas-marinas-protegidas-cercanas-al-continente-y-a-la-patagonia\\\/\"},\"wordCount\":976,\"commentCount\":0,\"publisher\":{\"@id\":\"https:\\\/\\\/patagoniambiental.com.ar\\\/info\\\/#organization\"},\"image\":{\"@id\":\"https:\\\/\\\/patagoniambiental.com.ar\\\/info\\\/chile-hay-que-aumentar-las-areas-marinas-protegidas-cercanas-al-continente-y-a-la-patagonia\\\/#primaryimage\"},\"thumbnailUrl\":\"https:\\\/\\\/patagoniambiental.com.ar\\\/info\\\/wp-content\\\/uploads\\\/2017\\\/06\\\/francisco-velasquez-gago-CHILE-Hay-que-aumentar-las-reas-marinas-protegidas-cercanas-al-continente-y-a-la-Patagonia-.jpg\",\"articleSection\":[\"Internacionales\",\"Noticias\"],\"inLanguage\":\"es\",\"potentialAction\":[{\"@type\":\"CommentAction\",\"name\":\"Comment\",\"target\":[\"https:\\\/\\\/patagoniambiental.com.ar\\\/info\\\/chile-hay-que-aumentar-las-areas-marinas-protegidas-cercanas-al-continente-y-a-la-patagonia\\\/#respond\"]}]},{\"@type\":\"WebPage\",\"@id\":\"https:\\\/\\\/patagoniambiental.com.ar\\\/info\\\/chile-hay-que-aumentar-las-areas-marinas-protegidas-cercanas-al-continente-y-a-la-patagonia\\\/\",\"url\":\"https:\\\/\\\/patagoniambiental.com.ar\\\/info\\\/chile-hay-que-aumentar-las-areas-marinas-protegidas-cercanas-al-continente-y-a-la-patagonia\\\/\",\"name\":\"CHILE: \\\"Hay que aumentar las \u00e1reas marinas protegidas cercanas al continente y a la Patagonia\\\"\",\"isPartOf\":{\"@id\":\"https:\\\/\\\/patagoniambiental.com.ar\\\/info\\\/#website\"},\"primaryImageOfPage\":{\"@id\":\"https:\\\/\\\/patagoniambiental.com.ar\\\/info\\\/chile-hay-que-aumentar-las-areas-marinas-protegidas-cercanas-al-continente-y-a-la-patagonia\\\/#primaryimage\"},\"image\":{\"@id\":\"https:\\\/\\\/patagoniambiental.com.ar\\\/info\\\/chile-hay-que-aumentar-las-areas-marinas-protegidas-cercanas-al-continente-y-a-la-patagonia\\\/#primaryimage\"},\"thumbnailUrl\":\"https:\\\/\\\/patagoniambiental.com.ar\\\/info\\\/wp-content\\\/uploads\\\/2017\\\/06\\\/francisco-velasquez-gago-CHILE-Hay-que-aumentar-las-reas-marinas-protegidas-cercanas-al-continente-y-a-la-Patagonia-.jpg\",\"datePublished\":\"2017-06-29T22:00:04+00:00\",\"breadcrumb\":{\"@id\":\"https:\\\/\\\/patagoniambiental.com.ar\\\/info\\\/chile-hay-que-aumentar-las-areas-marinas-protegidas-cercanas-al-continente-y-a-la-patagonia\\\/#breadcrumb\"},\"inLanguage\":\"es\",\"potentialAction\":[{\"@type\":\"ReadAction\",\"target\":[\"https:\\\/\\\/patagoniambiental.com.ar\\\/info\\\/chile-hay-que-aumentar-las-areas-marinas-protegidas-cercanas-al-continente-y-a-la-patagonia\\\/\"]}]},{\"@type\":\"ImageObject\",\"inLanguage\":\"es\",\"@id\":\"https:\\\/\\\/patagoniambiental.com.ar\\\/info\\\/chile-hay-que-aumentar-las-areas-marinas-protegidas-cercanas-al-continente-y-a-la-patagonia\\\/#primaryimage\",\"url\":\"https:\\\/\\\/patagoniambiental.com.ar\\\/info\\\/wp-content\\\/uploads\\\/2017\\\/06\\\/francisco-velasquez-gago-CHILE-Hay-que-aumentar-las-reas-marinas-protegidas-cercanas-al-continente-y-a-la-Patagonia-.jpg\",\"contentUrl\":\"https:\\\/\\\/patagoniambiental.com.ar\\\/info\\\/wp-content\\\/uploads\\\/2017\\\/06\\\/francisco-velasquez-gago-CHILE-Hay-que-aumentar-las-reas-marinas-protegidas-cercanas-al-continente-y-a-la-Patagonia-.jpg\",\"width\":225,\"height\":114},{\"@type\":\"BreadcrumbList\",\"@id\":\"https:\\\/\\\/patagoniambiental.com.ar\\\/info\\\/chile-hay-que-aumentar-las-areas-marinas-protegidas-cercanas-al-continente-y-a-la-patagonia\\\/#breadcrumb\",\"itemListElement\":[{\"@type\":\"ListItem\",\"position\":1,\"name\":\"Inicio\",\"item\":\"https:\\\/\\\/patagoniambiental.com.ar\\\/info\\\/\"},{\"@type\":\"ListItem\",\"position\":2,\"name\":\"CHILE: \u00abHay que aumentar las \u00e1reas marinas protegidas cercanas al continente y a la Patagonia\u00bb\"}]},{\"@type\":\"WebSite\",\"@id\":\"https:\\\/\\\/patagoniambiental.com.ar\\\/info\\\/#website\",\"url\":\"https:\\\/\\\/patagoniambiental.com.ar\\\/info\\\/\",\"name\":\"Patagonia Ambiental\",\"description\":\"Monitoreo y an\u00e1lisis de la situaci\u00f3n geopol\u00edtica en el mundo y su implicancia en la Patagonia\",\"publisher\":{\"@id\":\"https:\\\/\\\/patagoniambiental.com.ar\\\/info\\\/#organization\"},\"potentialAction\":[{\"@type\":\"SearchAction\",\"target\":{\"@type\":\"EntryPoint\",\"urlTemplate\":\"https:\\\/\\\/patagoniambiental.com.ar\\\/info\\\/?s={search_term_string}\"},\"query-input\":{\"@type\":\"PropertyValueSpecification\",\"valueRequired\":true,\"valueName\":\"search_term_string\"}}],\"inLanguage\":\"es\"},{\"@type\":\"Organization\",\"@id\":\"https:\\\/\\\/patagoniambiental.com.ar\\\/info\\\/#organization\",\"name\":\"Patagonia Ambiental\",\"url\":\"https:\\\/\\\/patagoniambiental.com.ar\\\/info\\\/\",\"logo\":{\"@type\":\"ImageObject\",\"inLanguage\":\"es\",\"@id\":\"https:\\\/\\\/patagoniambiental.com.ar\\\/info\\\/#\\\/schema\\\/logo\\\/image\\\/\",\"url\":\"https:\\\/\\\/patagoniambiental.com.ar\\\/info\\\/wp-content\\\/uploads\\\/2025\\\/05\\\/LOGO-PATAGONIA-AMBIENTAL.png\",\"contentUrl\":\"https:\\\/\\\/patagoniambiental.com.ar\\\/info\\\/wp-content\\\/uploads\\\/2025\\\/05\\\/LOGO-PATAGONIA-AMBIENTAL.png\",\"width\":433,\"height\":250,\"caption\":\"Patagonia Ambiental\"},\"image\":{\"@id\":\"https:\\\/\\\/patagoniambiental.com.ar\\\/info\\\/#\\\/schema\\\/logo\\\/image\\\/\"},\"sameAs\":[\"https:\\\/\\\/www.facebook.com\\\/patagonia.ambiental\",\"https:\\\/\\\/x.com\\\/PatAmb\"]},{\"@type\":\"Person\",\"@id\":\"https:\\\/\\\/patagoniambiental.com.ar\\\/info\\\/#\\\/schema\\\/person\\\/db12bff64bbcbf6a253710bf0ea37b5d\",\"name\":\"Patagonia Ambiental\",\"description\":\"Andr\u00e9s Nievas T\u00e9cnico en manejo ambiental, consultor Ambiental y escritor para medios locales e internacionales sobre temas de geopolitica y medio ambiente.\",\"sameAs\":[\"http:\\\/\\\/www.patagoniambiental.com.ar\",\"https:\\\/\\\/www.facebook.com\\\/share\\\/1C1V8Gv9BX\\\/?mibextid=qi2Omg\",\"@patagoniambiental\",\"https:\\\/\\\/youtube.com\\\/@patagoniaambiental2023?si=BLt58t0wuXquxlYZ\"]}]}<\/script>\n<!-- \/ Yoast SEO Premium plugin. -->","yoast_head_json":{"title":"CHILE: \"Hay que aumentar las \u00e1reas marinas protegidas cercanas al continente y a la Patagonia\"","robots":{"index":"index","follow":"follow","max-snippet":"max-snippet:-1","max-image-preview":"max-image-preview:large","max-video-preview":"max-video-preview:-1"},"canonical":"https:\/\/patagoniambiental.com.ar\/info\/chile-hay-que-aumentar-las-areas-marinas-protegidas-cercanas-al-continente-y-a-la-patagonia\/","og_locale":"es_ES","og_type":"article","og_title":"CHILE: \"Hay que aumentar las \u00e1reas marinas protegidas cercanas al continente y a la Patagonia\"","og_description":"Diario Financiero \/ Por Kamila Cortez Con el anuncio de la creaci\u00f3n del parque marino en Cabo de Hornos e [&hellip;]","og_url":"https:\/\/patagoniambiental.com.ar\/info\/chile-hay-que-aumentar-las-areas-marinas-protegidas-cercanas-al-continente-y-a-la-patagonia\/","og_site_name":"Patagonia Ambiental","article_publisher":"https:\/\/www.facebook.com\/patagonia.ambiental","article_author":"https:\/\/www.facebook.com\/share\/1C1V8Gv9BX\/?mibextid=qi2Omg","article_published_time":"2017-06-29T22:00:04+00:00","og_image":[{"width":225,"height":114,"url":"https:\/\/patagoniambiental.com.ar\/info\/wp-content\/uploads\/2017\/06\/francisco-velasquez-gago-CHILE-Hay-que-aumentar-las-reas-marinas-protegidas-cercanas-al-continente-y-a-la-Patagonia-.jpg","type":"image\/jpeg"}],"author":"Patagonia Ambiental","twitter_card":"summary_large_image","twitter_creator":"@PatAmb","twitter_site":"@PatAmb","schema":{"@context":"https:\/\/schema.org","@graph":[{"@type":"Article","@id":"https:\/\/patagoniambiental.com.ar\/info\/chile-hay-que-aumentar-las-areas-marinas-protegidas-cercanas-al-continente-y-a-la-patagonia\/#article","isPartOf":{"@id":"https:\/\/patagoniambiental.com.ar\/info\/chile-hay-que-aumentar-las-areas-marinas-protegidas-cercanas-al-continente-y-a-la-patagonia\/"},"author":{"name":"Patagonia Ambiental","@id":"https:\/\/patagoniambiental.com.ar\/info\/#\/schema\/person\/db12bff64bbcbf6a253710bf0ea37b5d"},"headline":"CHILE: \u00abHay que aumentar las \u00e1reas marinas protegidas cercanas al continente y a la Patagonia\u00bb","datePublished":"2017-06-29T22:00:04+00:00","mainEntityOfPage":{"@id":"https:\/\/patagoniambiental.com.ar\/info\/chile-hay-que-aumentar-las-areas-marinas-protegidas-cercanas-al-continente-y-a-la-patagonia\/"},"wordCount":976,"commentCount":0,"publisher":{"@id":"https:\/\/patagoniambiental.com.ar\/info\/#organization"},"image":{"@id":"https:\/\/patagoniambiental.com.ar\/info\/chile-hay-que-aumentar-las-areas-marinas-protegidas-cercanas-al-continente-y-a-la-patagonia\/#primaryimage"},"thumbnailUrl":"https:\/\/patagoniambiental.com.ar\/info\/wp-content\/uploads\/2017\/06\/francisco-velasquez-gago-CHILE-Hay-que-aumentar-las-reas-marinas-protegidas-cercanas-al-continente-y-a-la-Patagonia-.jpg","articleSection":["Internacionales","Noticias"],"inLanguage":"es","potentialAction":[{"@type":"CommentAction","name":"Comment","target":["https:\/\/patagoniambiental.com.ar\/info\/chile-hay-que-aumentar-las-areas-marinas-protegidas-cercanas-al-continente-y-a-la-patagonia\/#respond"]}]},{"@type":"WebPage","@id":"https:\/\/patagoniambiental.com.ar\/info\/chile-hay-que-aumentar-las-areas-marinas-protegidas-cercanas-al-continente-y-a-la-patagonia\/","url":"https:\/\/patagoniambiental.com.ar\/info\/chile-hay-que-aumentar-las-areas-marinas-protegidas-cercanas-al-continente-y-a-la-patagonia\/","name":"CHILE: \"Hay que aumentar las \u00e1reas marinas protegidas cercanas al continente y a la Patagonia\"","isPartOf":{"@id":"https:\/\/patagoniambiental.com.ar\/info\/#website"},"primaryImageOfPage":{"@id":"https:\/\/patagoniambiental.com.ar\/info\/chile-hay-que-aumentar-las-areas-marinas-protegidas-cercanas-al-continente-y-a-la-patagonia\/#primaryimage"},"image":{"@id":"https:\/\/patagoniambiental.com.ar\/info\/chile-hay-que-aumentar-las-areas-marinas-protegidas-cercanas-al-continente-y-a-la-patagonia\/#primaryimage"},"thumbnailUrl":"https:\/\/patagoniambiental.com.ar\/info\/wp-content\/uploads\/2017\/06\/francisco-velasquez-gago-CHILE-Hay-que-aumentar-las-reas-marinas-protegidas-cercanas-al-continente-y-a-la-Patagonia-.jpg","datePublished":"2017-06-29T22:00:04+00:00","breadcrumb":{"@id":"https:\/\/patagoniambiental.com.ar\/info\/chile-hay-que-aumentar-las-areas-marinas-protegidas-cercanas-al-continente-y-a-la-patagonia\/#breadcrumb"},"inLanguage":"es","potentialAction":[{"@type":"ReadAction","target":["https:\/\/patagoniambiental.com.ar\/info\/chile-hay-que-aumentar-las-areas-marinas-protegidas-cercanas-al-continente-y-a-la-patagonia\/"]}]},{"@type":"ImageObject","inLanguage":"es","@id":"https:\/\/patagoniambiental.com.ar\/info\/chile-hay-que-aumentar-las-areas-marinas-protegidas-cercanas-al-continente-y-a-la-patagonia\/#primaryimage","url":"https:\/\/patagoniambiental.com.ar\/info\/wp-content\/uploads\/2017\/06\/francisco-velasquez-gago-CHILE-Hay-que-aumentar-las-reas-marinas-protegidas-cercanas-al-continente-y-a-la-Patagonia-.jpg","contentUrl":"https:\/\/patagoniambiental.com.ar\/info\/wp-content\/uploads\/2017\/06\/francisco-velasquez-gago-CHILE-Hay-que-aumentar-las-reas-marinas-protegidas-cercanas-al-continente-y-a-la-Patagonia-.jpg","width":225,"height":114},{"@type":"BreadcrumbList","@id":"https:\/\/patagoniambiental.com.ar\/info\/chile-hay-que-aumentar-las-areas-marinas-protegidas-cercanas-al-continente-y-a-la-patagonia\/#breadcrumb","itemListElement":[{"@type":"ListItem","position":1,"name":"Inicio","item":"https:\/\/patagoniambiental.com.ar\/info\/"},{"@type":"ListItem","position":2,"name":"CHILE: \u00abHay que aumentar las \u00e1reas marinas protegidas cercanas al continente y a la Patagonia\u00bb"}]},{"@type":"WebSite","@id":"https:\/\/patagoniambiental.com.ar\/info\/#website","url":"https:\/\/patagoniambiental.com.ar\/info\/","name":"Patagonia Ambiental","description":"Monitoreo y an\u00e1lisis de la situaci\u00f3n geopol\u00edtica en el mundo y su implicancia en la Patagonia","publisher":{"@id":"https:\/\/patagoniambiental.com.ar\/info\/#organization"},"potentialAction":[{"@type":"SearchAction","target":{"@type":"EntryPoint","urlTemplate":"https:\/\/patagoniambiental.com.ar\/info\/?s={search_term_string}"},"query-input":{"@type":"PropertyValueSpecification","valueRequired":true,"valueName":"search_term_string"}}],"inLanguage":"es"},{"@type":"Organization","@id":"https:\/\/patagoniambiental.com.ar\/info\/#organization","name":"Patagonia Ambiental","url":"https:\/\/patagoniambiental.com.ar\/info\/","logo":{"@type":"ImageObject","inLanguage":"es","@id":"https:\/\/patagoniambiental.com.ar\/info\/#\/schema\/logo\/image\/","url":"https:\/\/patagoniambiental.com.ar\/info\/wp-content\/uploads\/2025\/05\/LOGO-PATAGONIA-AMBIENTAL.png","contentUrl":"https:\/\/patagoniambiental.com.ar\/info\/wp-content\/uploads\/2025\/05\/LOGO-PATAGONIA-AMBIENTAL.png","width":433,"height":250,"caption":"Patagonia Ambiental"},"image":{"@id":"https:\/\/patagoniambiental.com.ar\/info\/#\/schema\/logo\/image\/"},"sameAs":["https:\/\/www.facebook.com\/patagonia.ambiental","https:\/\/x.com\/PatAmb"]},{"@type":"Person","@id":"https:\/\/patagoniambiental.com.ar\/info\/#\/schema\/person\/db12bff64bbcbf6a253710bf0ea37b5d","name":"Patagonia Ambiental","description":"Andr\u00e9s Nievas T\u00e9cnico en manejo ambiental, consultor Ambiental y escritor para medios locales e internacionales sobre temas de geopolitica y medio ambiente.","sameAs":["http:\/\/www.patagoniambiental.com.ar","https:\/\/www.facebook.com\/share\/1C1V8Gv9BX\/?mibextid=qi2Omg","@patagoniambiental","https:\/\/youtube.com\/@patagoniaambiental2023?si=BLt58t0wuXquxlYZ"]}]}},"_links":{"self":[{"href":"https:\/\/patagoniambiental.com.ar\/info\/wp-json\/wp\/v2\/posts\/31197","targetHints":{"allow":["GET"]}}],"collection":[{"href":"https:\/\/patagoniambiental.com.ar\/info\/wp-json\/wp\/v2\/posts"}],"about":[{"href":"https:\/\/patagoniambiental.com.ar\/info\/wp-json\/wp\/v2\/types\/post"}],"author":[{"embeddable":true,"href":"https:\/\/patagoniambiental.com.ar\/info\/wp-json\/wp\/v2\/users\/2"}],"replies":[{"embeddable":true,"href":"https:\/\/patagoniambiental.com.ar\/info\/wp-json\/wp\/v2\/comments?post=31197"}],"version-history":[{"count":0,"href":"https:\/\/patagoniambiental.com.ar\/info\/wp-json\/wp\/v2\/posts\/31197\/revisions"}],"wp:featuredmedia":[{"embeddable":true,"href":"https:\/\/patagoniambiental.com.ar\/info\/wp-json\/wp\/v2\/media\/31198"}],"wp:attachment":[{"href":"https:\/\/patagoniambiental.com.ar\/info\/wp-json\/wp\/v2\/media?parent=31197"}],"wp:term":[{"taxonomy":"category","embeddable":true,"href":"https:\/\/patagoniambiental.com.ar\/info\/wp-json\/wp\/v2\/categories?post=31197"},{"taxonomy":"post_tag","embeddable":true,"href":"https:\/\/patagoniambiental.com.ar\/info\/wp-json\/wp\/v2\/tags?post=31197"}],"curies":[{"name":"wp","href":"https:\/\/api.w.org\/{rel}","templated":true}]}}