{"id":31205,"date":"2017-06-29T19:00:13","date_gmt":"2017-06-29T22:00:13","guid":{"rendered":"http:\/\/patagoniambiental.com.ar\/info\/?p=31205"},"modified":"2017-06-29T11:30:33","modified_gmt":"2017-06-29T14:30:33","slug":"proponen-crear-un-parque-en-el-predio-de-rincon-club","status":"publish","type":"post","link":"https:\/\/patagoniambiental.com.ar\/info\/proponen-crear-un-parque-en-el-predio-de-rincon-club\/","title":{"rendered":"Proponen crear un parque en el predio de Rinc\u00f3n Club"},"content":{"rendered":"<article id=\"article-post\" class=\"cat-rojo\">\n<div class=\"cuerpo\">\n<p>Neuqu\u00e9n.-El concejal del bloque Frente Neuquino <strong>Luis Dur\u00e1n propuso crear un \u00e1rea recreativa en una superficie de ocho hect\u00e1reas<\/strong> que actualmente ocupa Rinc\u00f3n Club de Campo.<\/p>\n<\/div>\n<\/article>\n<p><!--more--><\/p>\n<article id=\"article-post\" class=\"cat-rojo\">\n<div class=\"cuerpo\">\n<p>\u201cLas tierras que actualmente ocupa ilegalmente el Rinc\u00f3n Club de Campo y que utilizan unos pocos vecinos para jugar al golf deben ser restituidas para todos los habitantes de la ciudad, ya que el permiso de ocupaci\u00f3n otorgado para las tres hect\u00e1reas y media y que se extendi\u00f3 de hecho hasta ocho hect\u00e1reas caduc\u00f3 hace 13 a\u00f1os\u201d, indic\u00f3 Dur\u00e1n.<\/p>\n<p>En su iniciativa, el concejal plantea <strong>la creaci\u00f3n del \u00c1rea Protegida Parque Municipal Agreste, para destinarlo a recreaci\u00f3n, entretenimiento y pr\u00e1cticas deportivas.<\/strong><\/p>\n<p>\u201cNuestra propuesta comprende, adem\u00e1s de la devoluci\u00f3n del espacio p\u00fablico y la concreci\u00f3n de las obras pluvioaluvionales que se deber\u00edan haber realizado; crear un parque agreste municipal que incluya todo tipo de actividades al aire libre\u201d.<\/p>\n<p>Tambi\u00e9n propone crear un v\u00eda vrucis para fomentar el turismo religioso de Semana Santa, un sendero para promover la cultura neuquina y un sendero de los artesanos, explic\u00f3 Dur\u00e1n. Destac\u00f3 asimismo \u201cla importancia de sumar un espacio m\u00e1s para el deporte y la recreaci\u00f3n en la ciudad\u201d.<\/p>\n<p>Dur\u00e1n agreg\u00f3 que \u201ceste proyecto va a ser beneficioso para los vecinos de Rinc\u00f3n de Emilio que denuncian que por la extensi\u00f3n de la cancha de golf se interrumpi\u00f3 la calle Am\u00e9rica del Sur, que funciona como una salida alternativa del barrio\u201d.<\/p>\n<p>Fuente: La Ma\u00f1ana Neuqu\u00e9n<\/p>\n<\/div>\n<\/article>\n","protected":false},"excerpt":{"rendered":"<p>Neuqu\u00e9n.-El concejal del bloque Frente Neuquino Luis Dur\u00e1n propuso crear un \u00e1rea recreativa en una superficie de ocho hect\u00e1reas que [&hellip;]<\/p>\n","protected":false},"author":2,"featured_media":0,"comment_status":"open","ping_status":"open","sticky":false,"template":"","format":"standard","meta":{"site-sidebar-layout":"default","site-content-layout":"","ast-site-content-layout":"default","site-content-style":"default","site-sidebar-style":"default","ast-global-header-display":"","ast-banner-title-visibility":"","ast-main-header-display":"","ast-hfb-above-header-display":"","ast-hfb-below-header-display":"","ast-hfb-mobile-header-display":"","site-post-title":"","ast-breadcrumbs-content":"","ast-featured-img":"","footer-sml-layout":"","ast-disable-related-posts":"","theme-transparent-header-meta":"","adv-header-id-meta":"","stick-header-meta":"","header-above-stick-meta":"","header-main-stick-meta":"","header-below-stick-meta":"","astra-migrate-meta-layouts":"default","ast-page-background-enabled":"default","ast-page-background-meta":{"desktop":{"background-color":"var(--ast-global-color-5)","background-image":"","background-repeat":"repeat","background-position":"center center","background-size":"auto","background-attachment":"scroll","background-type":"","background-media":"","overlay-type":"","overlay-color":"","overlay-opacity":"","overlay-gradient":""},"tablet":{"background-color":"","background-image":"","background-repeat":"repeat","background-position":"center center","background-size":"auto","background-attachment":"scroll","background-type":"","background-media":"","overlay-type":"","overlay-color":"","overlay-opacity":"","overlay-gradient":""},"mobile":{"background-color":"","background-image":"","background-repeat":"repeat","background-position":"center center","background-size":"auto","background-attachment":"scroll","background-type":"","background-media":"","overlay-type":"","overlay-color":"","overlay-opacity":"","overlay-gradient":""}},"ast-content-background-meta":{"desktop":{"background-color":"var(--ast-global-color-4)","background-image":"","background-repeat":"repeat","background-position":"center center","background-size":"auto","background-attachment":"scroll","background-type":"","background-media":"","overlay-type":"","overlay-color":"","overlay-opacity":"","overlay-gradient":""},"tablet":{"background-color":"var(--ast-global-color-4)","background-image":"","background-repeat":"repeat","background-position":"center center","background-size":"auto","background-attachment":"scroll","background-type":"","background-media":"","overlay-type":"","overlay-color":"","overlay-opacity":"","overlay-gradient":""},"mobile":{"background-color":"var(--ast-global-color-4)","background-image":"","background-repeat":"repeat","background-position":"center center","background-size":"auto","background-attachment":"scroll","background-type":"","background-media":"","overlay-type":"","overlay-color":"","overlay-opacity":"","overlay-gradient":""}},"footnotes":""},"categories":[16,1],"tags":[],"class_list":["post-31205","post","type-post","status-publish","format-standard","hentry","category-municipales","category-noticias"],"yoast_head":"<!-- This site is optimized with the Yoast SEO Premium plugin v23.0 (Yoast SEO v27.4) - https:\/\/yoast.com\/product\/yoast-seo-premium-wordpress\/ -->\n<title>Proponen crear un parque en el predio de Rinc\u00f3n Club<\/title>\n<meta name=\"robots\" content=\"index, follow, max-snippet:-1, max-image-preview:large, max-video-preview:-1\" \/>\n<link rel=\"canonical\" href=\"https:\/\/patagoniambiental.com.ar\/info\/proponen-crear-un-parque-en-el-predio-de-rincon-club\/\" \/>\n<meta property=\"og:locale\" content=\"es_ES\" \/>\n<meta property=\"og:type\" content=\"article\" \/>\n<meta property=\"og:title\" content=\"Proponen crear un parque en el predio de Rinc\u00f3n Club\" \/>\n<meta property=\"og:description\" content=\"Neuqu\u00e9n.-El concejal del bloque Frente Neuquino Luis Dur\u00e1n propuso crear un \u00e1rea recreativa en una superficie de ocho hect\u00e1reas que [&hellip;]\" \/>\n<meta property=\"og:url\" content=\"https:\/\/patagoniambiental.com.ar\/info\/proponen-crear-un-parque-en-el-predio-de-rincon-club\/\" \/>\n<meta property=\"og:site_name\" content=\"Patagonia Ambiental\" \/>\n<meta property=\"article:publisher\" content=\"https:\/\/www.facebook.com\/patagonia.ambiental\" \/>\n<meta property=\"article:author\" content=\"https:\/\/www.facebook.com\/share\/1C1V8Gv9BX\/?mibextid=qi2Omg\" \/>\n<meta property=\"article:published_time\" content=\"2017-06-29T22:00:13+00:00\" \/>\n<meta name=\"author\" content=\"Patagonia Ambiental\" \/>\n<meta name=\"twitter:card\" content=\"summary_large_image\" \/>\n<meta name=\"twitter:creator\" content=\"@PatAmb\" \/>\n<meta name=\"twitter:site\" content=\"@PatAmb\" \/>\n<script type=\"application\/ld+json\" class=\"yoast-schema-graph\">{\"@context\":\"https:\\\/\\\/schema.org\",\"@graph\":[{\"@type\":\"Article\",\"@id\":\"https:\\\/\\\/patagoniambiental.com.ar\\\/info\\\/proponen-crear-un-parque-en-el-predio-de-rincon-club\\\/#article\",\"isPartOf\":{\"@id\":\"https:\\\/\\\/patagoniambiental.com.ar\\\/info\\\/proponen-crear-un-parque-en-el-predio-de-rincon-club\\\/\"},\"author\":{\"name\":\"Patagonia Ambiental\",\"@id\":\"https:\\\/\\\/patagoniambiental.com.ar\\\/info\\\/#\\\/schema\\\/person\\\/db12bff64bbcbf6a253710bf0ea37b5d\"},\"headline\":\"Proponen crear un parque en el predio de Rinc\u00f3n Club\",\"datePublished\":\"2017-06-29T22:00:13+00:00\",\"mainEntityOfPage\":{\"@id\":\"https:\\\/\\\/patagoniambiental.com.ar\\\/info\\\/proponen-crear-un-parque-en-el-predio-de-rincon-club\\\/\"},\"wordCount\":276,\"commentCount\":0,\"publisher\":{\"@id\":\"https:\\\/\\\/patagoniambiental.com.ar\\\/info\\\/#organization\"},\"articleSection\":[\"Municipales\",\"Noticias\"],\"inLanguage\":\"es\",\"potentialAction\":[{\"@type\":\"CommentAction\",\"name\":\"Comment\",\"target\":[\"https:\\\/\\\/patagoniambiental.com.ar\\\/info\\\/proponen-crear-un-parque-en-el-predio-de-rincon-club\\\/#respond\"]}]},{\"@type\":\"WebPage\",\"@id\":\"https:\\\/\\\/patagoniambiental.com.ar\\\/info\\\/proponen-crear-un-parque-en-el-predio-de-rincon-club\\\/\",\"url\":\"https:\\\/\\\/patagoniambiental.com.ar\\\/info\\\/proponen-crear-un-parque-en-el-predio-de-rincon-club\\\/\",\"name\":\"Proponen crear un parque en el predio de Rinc\u00f3n Club\",\"isPartOf\":{\"@id\":\"https:\\\/\\\/patagoniambiental.com.ar\\\/info\\\/#website\"},\"datePublished\":\"2017-06-29T22:00:13+00:00\",\"breadcrumb\":{\"@id\":\"https:\\\/\\\/patagoniambiental.com.ar\\\/info\\\/proponen-crear-un-parque-en-el-predio-de-rincon-club\\\/#breadcrumb\"},\"inLanguage\":\"es\",\"potentialAction\":[{\"@type\":\"ReadAction\",\"target\":[\"https:\\\/\\\/patagoniambiental.com.ar\\\/info\\\/proponen-crear-un-parque-en-el-predio-de-rincon-club\\\/\"]}]},{\"@type\":\"BreadcrumbList\",\"@id\":\"https:\\\/\\\/patagoniambiental.com.ar\\\/info\\\/proponen-crear-un-parque-en-el-predio-de-rincon-club\\\/#breadcrumb\",\"itemListElement\":[{\"@type\":\"ListItem\",\"position\":1,\"name\":\"Inicio\",\"item\":\"https:\\\/\\\/patagoniambiental.com.ar\\\/info\\\/\"},{\"@type\":\"ListItem\",\"position\":2,\"name\":\"Proponen crear un parque en el predio de Rinc\u00f3n Club\"}]},{\"@type\":\"WebSite\",\"@id\":\"https:\\\/\\\/patagoniambiental.com.ar\\\/info\\\/#website\",\"url\":\"https:\\\/\\\/patagoniambiental.com.ar\\\/info\\\/\",\"name\":\"Patagonia Ambiental\",\"description\":\"Monitoreo y an\u00e1lisis de la situaci\u00f3n geopol\u00edtica en el mundo y su implicancia en la Patagonia\",\"publisher\":{\"@id\":\"https:\\\/\\\/patagoniambiental.com.ar\\\/info\\\/#organization\"},\"potentialAction\":[{\"@type\":\"SearchAction\",\"target\":{\"@type\":\"EntryPoint\",\"urlTemplate\":\"https:\\\/\\\/patagoniambiental.com.ar\\\/info\\\/?s={search_term_string}\"},\"query-input\":{\"@type\":\"PropertyValueSpecification\",\"valueRequired\":true,\"valueName\":\"search_term_string\"}}],\"inLanguage\":\"es\"},{\"@type\":\"Organization\",\"@id\":\"https:\\\/\\\/patagoniambiental.com.ar\\\/info\\\/#organization\",\"name\":\"Patagonia Ambiental\",\"url\":\"https:\\\/\\\/patagoniambiental.com.ar\\\/info\\\/\",\"logo\":{\"@type\":\"ImageObject\",\"inLanguage\":\"es\",\"@id\":\"https:\\\/\\\/patagoniambiental.com.ar\\\/info\\\/#\\\/schema\\\/logo\\\/image\\\/\",\"url\":\"https:\\\/\\\/patagoniambiental.com.ar\\\/info\\\/wp-content\\\/uploads\\\/2025\\\/05\\\/LOGO-PATAGONIA-AMBIENTAL.png\",\"contentUrl\":\"https:\\\/\\\/patagoniambiental.com.ar\\\/info\\\/wp-content\\\/uploads\\\/2025\\\/05\\\/LOGO-PATAGONIA-AMBIENTAL.png\",\"width\":433,\"height\":250,\"caption\":\"Patagonia Ambiental\"},\"image\":{\"@id\":\"https:\\\/\\\/patagoniambiental.com.ar\\\/info\\\/#\\\/schema\\\/logo\\\/image\\\/\"},\"sameAs\":[\"https:\\\/\\\/www.facebook.com\\\/patagonia.ambiental\",\"https:\\\/\\\/x.com\\\/PatAmb\"]},{\"@type\":\"Person\",\"@id\":\"https:\\\/\\\/patagoniambiental.com.ar\\\/info\\\/#\\\/schema\\\/person\\\/db12bff64bbcbf6a253710bf0ea37b5d\",\"name\":\"Patagonia Ambiental\",\"description\":\"Andr\u00e9s Nievas T\u00e9cnico en manejo ambiental, consultor Ambiental y escritor para medios locales e internacionales sobre temas de geopolitica y medio ambiente.\",\"sameAs\":[\"http:\\\/\\\/www.patagoniambiental.com.ar\",\"https:\\\/\\\/www.facebook.com\\\/share\\\/1C1V8Gv9BX\\\/?mibextid=qi2Omg\",\"@patagoniambiental\",\"https:\\\/\\\/youtube.com\\\/@patagoniaambiental2023?si=BLt58t0wuXquxlYZ\"]}]}<\/script>\n<!-- \/ Yoast SEO Premium plugin. -->","yoast_head_json":{"title":"Proponen crear un parque en el predio de Rinc\u00f3n Club","robots":{"index":"index","follow":"follow","max-snippet":"max-snippet:-1","max-image-preview":"max-image-preview:large","max-video-preview":"max-video-preview:-1"},"canonical":"https:\/\/patagoniambiental.com.ar\/info\/proponen-crear-un-parque-en-el-predio-de-rincon-club\/","og_locale":"es_ES","og_type":"article","og_title":"Proponen crear un parque en el predio de Rinc\u00f3n Club","og_description":"Neuqu\u00e9n.-El concejal del bloque Frente Neuquino Luis Dur\u00e1n propuso crear un \u00e1rea recreativa en una superficie de ocho hect\u00e1reas que [&hellip;]","og_url":"https:\/\/patagoniambiental.com.ar\/info\/proponen-crear-un-parque-en-el-predio-de-rincon-club\/","og_site_name":"Patagonia Ambiental","article_publisher":"https:\/\/www.facebook.com\/patagonia.ambiental","article_author":"https:\/\/www.facebook.com\/share\/1C1V8Gv9BX\/?mibextid=qi2Omg","article_published_time":"2017-06-29T22:00:13+00:00","author":"Patagonia Ambiental","twitter_card":"summary_large_image","twitter_creator":"@PatAmb","twitter_site":"@PatAmb","schema":{"@context":"https:\/\/schema.org","@graph":[{"@type":"Article","@id":"https:\/\/patagoniambiental.com.ar\/info\/proponen-crear-un-parque-en-el-predio-de-rincon-club\/#article","isPartOf":{"@id":"https:\/\/patagoniambiental.com.ar\/info\/proponen-crear-un-parque-en-el-predio-de-rincon-club\/"},"author":{"name":"Patagonia Ambiental","@id":"https:\/\/patagoniambiental.com.ar\/info\/#\/schema\/person\/db12bff64bbcbf6a253710bf0ea37b5d"},"headline":"Proponen crear un parque en el predio de Rinc\u00f3n Club","datePublished":"2017-06-29T22:00:13+00:00","mainEntityOfPage":{"@id":"https:\/\/patagoniambiental.com.ar\/info\/proponen-crear-un-parque-en-el-predio-de-rincon-club\/"},"wordCount":276,"commentCount":0,"publisher":{"@id":"https:\/\/patagoniambiental.com.ar\/info\/#organization"},"articleSection":["Municipales","Noticias"],"inLanguage":"es","potentialAction":[{"@type":"CommentAction","name":"Comment","target":["https:\/\/patagoniambiental.com.ar\/info\/proponen-crear-un-parque-en-el-predio-de-rincon-club\/#respond"]}]},{"@type":"WebPage","@id":"https:\/\/patagoniambiental.com.ar\/info\/proponen-crear-un-parque-en-el-predio-de-rincon-club\/","url":"https:\/\/patagoniambiental.com.ar\/info\/proponen-crear-un-parque-en-el-predio-de-rincon-club\/","name":"Proponen crear un parque en el predio de Rinc\u00f3n Club","isPartOf":{"@id":"https:\/\/patagoniambiental.com.ar\/info\/#website"},"datePublished":"2017-06-29T22:00:13+00:00","breadcrumb":{"@id":"https:\/\/patagoniambiental.com.ar\/info\/proponen-crear-un-parque-en-el-predio-de-rincon-club\/#breadcrumb"},"inLanguage":"es","potentialAction":[{"@type":"ReadAction","target":["https:\/\/patagoniambiental.com.ar\/info\/proponen-crear-un-parque-en-el-predio-de-rincon-club\/"]}]},{"@type":"BreadcrumbList","@id":"https:\/\/patagoniambiental.com.ar\/info\/proponen-crear-un-parque-en-el-predio-de-rincon-club\/#breadcrumb","itemListElement":[{"@type":"ListItem","position":1,"name":"Inicio","item":"https:\/\/patagoniambiental.com.ar\/info\/"},{"@type":"ListItem","position":2,"name":"Proponen crear un parque en el predio de Rinc\u00f3n Club"}]},{"@type":"WebSite","@id":"https:\/\/patagoniambiental.com.ar\/info\/#website","url":"https:\/\/patagoniambiental.com.ar\/info\/","name":"Patagonia Ambiental","description":"Monitoreo y an\u00e1lisis de la situaci\u00f3n geopol\u00edtica en el mundo y su implicancia en la Patagonia","publisher":{"@id":"https:\/\/patagoniambiental.com.ar\/info\/#organization"},"potentialAction":[{"@type":"SearchAction","target":{"@type":"EntryPoint","urlTemplate":"https:\/\/patagoniambiental.com.ar\/info\/?s={search_term_string}"},"query-input":{"@type":"PropertyValueSpecification","valueRequired":true,"valueName":"search_term_string"}}],"inLanguage":"es"},{"@type":"Organization","@id":"https:\/\/patagoniambiental.com.ar\/info\/#organization","name":"Patagonia Ambiental","url":"https:\/\/patagoniambiental.com.ar\/info\/","logo":{"@type":"ImageObject","inLanguage":"es","@id":"https:\/\/patagoniambiental.com.ar\/info\/#\/schema\/logo\/image\/","url":"https:\/\/patagoniambiental.com.ar\/info\/wp-content\/uploads\/2025\/05\/LOGO-PATAGONIA-AMBIENTAL.png","contentUrl":"https:\/\/patagoniambiental.com.ar\/info\/wp-content\/uploads\/2025\/05\/LOGO-PATAGONIA-AMBIENTAL.png","width":433,"height":250,"caption":"Patagonia Ambiental"},"image":{"@id":"https:\/\/patagoniambiental.com.ar\/info\/#\/schema\/logo\/image\/"},"sameAs":["https:\/\/www.facebook.com\/patagonia.ambiental","https:\/\/x.com\/PatAmb"]},{"@type":"Person","@id":"https:\/\/patagoniambiental.com.ar\/info\/#\/schema\/person\/db12bff64bbcbf6a253710bf0ea37b5d","name":"Patagonia Ambiental","description":"Andr\u00e9s Nievas T\u00e9cnico en manejo ambiental, consultor Ambiental y escritor para medios locales e internacionales sobre temas de geopolitica y medio ambiente.","sameAs":["http:\/\/www.patagoniambiental.com.ar","https:\/\/www.facebook.com\/share\/1C1V8Gv9BX\/?mibextid=qi2Omg","@patagoniambiental","https:\/\/youtube.com\/@patagoniaambiental2023?si=BLt58t0wuXquxlYZ"]}]}},"_links":{"self":[{"href":"https:\/\/patagoniambiental.com.ar\/info\/wp-json\/wp\/v2\/posts\/31205","targetHints":{"allow":["GET"]}}],"collection":[{"href":"https:\/\/patagoniambiental.com.ar\/info\/wp-json\/wp\/v2\/posts"}],"about":[{"href":"https:\/\/patagoniambiental.com.ar\/info\/wp-json\/wp\/v2\/types\/post"}],"author":[{"embeddable":true,"href":"https:\/\/patagoniambiental.com.ar\/info\/wp-json\/wp\/v2\/users\/2"}],"replies":[{"embeddable":true,"href":"https:\/\/patagoniambiental.com.ar\/info\/wp-json\/wp\/v2\/comments?post=31205"}],"version-history":[{"count":0,"href":"https:\/\/patagoniambiental.com.ar\/info\/wp-json\/wp\/v2\/posts\/31205\/revisions"}],"wp:attachment":[{"href":"https:\/\/patagoniambiental.com.ar\/info\/wp-json\/wp\/v2\/media?parent=31205"}],"wp:term":[{"taxonomy":"category","embeddable":true,"href":"https:\/\/patagoniambiental.com.ar\/info\/wp-json\/wp\/v2\/categories?post=31205"},{"taxonomy":"post_tag","embeddable":true,"href":"https:\/\/patagoniambiental.com.ar\/info\/wp-json\/wp\/v2\/tags?post=31205"}],"curies":[{"name":"wp","href":"https:\/\/api.w.org\/{rel}","templated":true}]}}