{"id":31229,"date":"2017-06-29T19:00:58","date_gmt":"2017-06-29T22:00:58","guid":{"rendered":"http:\/\/patagoniambiental.com.ar\/info\/?p=31229"},"modified":"2017-06-29T13:11:10","modified_gmt":"2017-06-29T16:11:10","slug":"se-recuerda-la-ubicacion-del-servicio-de-puntos-limpios-fijos","status":"publish","type":"post","link":"https:\/\/patagoniambiental.com.ar\/info\/se-recuerda-la-ubicacion-del-servicio-de-puntos-limpios-fijos\/","title":{"rendered":"Se recuerda la ubicaci\u00f3n del servicio de Puntos Limpios Fijos"},"content":{"rendered":"<p class=\"x_MsoNormal\">Viedma.-La Municipalidad de Viedma, a trav\u00e9s de la Secretar\u00eda de Ordenamiento Territorial y Servicios P\u00fablicos, recuerda los lugares de ubicaci\u00f3n de los \u201cPuntos Limpios Fijos\u201d, disponibles para el dep\u00f3sito de ramas, escombros y basura voluminosa.<\/p>\n<p class=\"x_MsoNormal\"><!--more--><\/p>\n<p class=\"x_MsoNormal\">Los volquetes met\u00e1licos se encuentran ubicados en: Sierra Colorada y Jacobacci, O\u00b4Higgins y Liniers, Alvear y Brown, Dorrego y Estados Unidos, Alicia Moreau de Justo y 9 de Julio, Rucci entre Cagliero y Mata Negra, Los Crisantemos y Las Violetas y Parisi y French.<\/p>\n<p class=\"x_MsoNormal\">\n<p class=\"x_MsoNormal\">Tambi\u00e9n est\u00e1n disponibles sobre la Junta Vecinal del barrio Jard\u00edn, en calle Del Coihue, sobre Savio y Mazarello, y tres en el balneario El C\u00f3ndor, sobre calles 180 y 77 y 16 y 77.<\/p>\n<p class=\"x_xwestern\">Los interesados en saber ubicaci\u00f3n exacta, pueden acceder a la p\u00e1gina oficial de la Municipalidad de Viedma, a trav\u00e9s del link <a href=\"http:\/\/bit.ly\/2sUOBqZ\" target=\"_blank\" rel=\"noopener noreferrer\">http:\/\/bit.ly\/2sUOBqZ<\/a> y obtener la ubicaci\u00f3n de cada volquete a trav\u00e9s de un mapa indicador.<\/p>\n<p class=\"x_MsoNormal\">\n<p class=\"x_MsoNormal\">Se recuerda que estos contenedores no est\u00e1n habilitados para el dep\u00f3sito de basura domiciliaria.<\/p>\n<p>Fuente: Municipalidad de Viedma<\/p>\n<p class=\"x_MsoNormal\">\n","protected":false},"excerpt":{"rendered":"<p>Viedma.-La Municipalidad de Viedma, a trav\u00e9s de la Secretar\u00eda de Ordenamiento Territorial y Servicios P\u00fablicos, recuerda los lugares de ubicaci\u00f3n [&hellip;]<\/p>\n","protected":false},"author":2,"featured_media":31230,"comment_status":"open","ping_status":"open","sticky":false,"template":"","format":"standard","meta":{"site-sidebar-layout":"default","site-content-layout":"","ast-site-content-layout":"default","site-content-style":"default","site-sidebar-style":"default","ast-global-header-display":"","ast-banner-title-visibility":"","ast-main-header-display":"","ast-hfb-above-header-display":"","ast-hfb-below-header-display":"","ast-hfb-mobile-header-display":"","site-post-title":"","ast-breadcrumbs-content":"","ast-featured-img":"","footer-sml-layout":"","ast-disable-related-posts":"","theme-transparent-header-meta":"","adv-header-id-meta":"","stick-header-meta":"","header-above-stick-meta":"","header-main-stick-meta":"","header-below-stick-meta":"","astra-migrate-meta-layouts":"default","ast-page-background-enabled":"default","ast-page-background-meta":{"desktop":{"background-color":"var(--ast-global-color-5)","background-image":"","background-repeat":"repeat","background-position":"center center","background-size":"auto","background-attachment":"scroll","background-type":"","background-media":"","overlay-type":"","overlay-color":"","overlay-opacity":"","overlay-gradient":""},"tablet":{"background-color":"","background-image":"","background-repeat":"repeat","background-position":"center center","background-size":"auto","background-attachment":"scroll","background-type":"","background-media":"","overlay-type":"","overlay-color":"","overlay-opacity":"","overlay-gradient":""},"mobile":{"background-color":"","background-image":"","background-repeat":"repeat","background-position":"center center","background-size":"auto","background-attachment":"scroll","background-type":"","background-media":"","overlay-type":"","overlay-color":"","overlay-opacity":"","overlay-gradient":""}},"ast-content-background-meta":{"desktop":{"background-color":"var(--ast-global-color-4)","background-image":"","background-repeat":"repeat","background-position":"center center","background-size":"auto","background-attachment":"scroll","background-type":"","background-media":"","overlay-type":"","overlay-color":"","overlay-opacity":"","overlay-gradient":""},"tablet":{"background-color":"var(--ast-global-color-4)","background-image":"","background-repeat":"repeat","background-position":"center center","background-size":"auto","background-attachment":"scroll","background-type":"","background-media":"","overlay-type":"","overlay-color":"","overlay-opacity":"","overlay-gradient":""},"mobile":{"background-color":"var(--ast-global-color-4)","background-image":"","background-repeat":"repeat","background-position":"center center","background-size":"auto","background-attachment":"scroll","background-type":"","background-media":"","overlay-type":"","overlay-color":"","overlay-opacity":"","overlay-gradient":""}},"footnotes":""},"categories":[16,1],"tags":[],"class_list":["post-31229","post","type-post","status-publish","format-standard","has-post-thumbnail","hentry","category-municipales","category-noticias"],"yoast_head":"<!-- This site is optimized with the Yoast SEO Premium plugin v23.0 (Yoast SEO v27.4) - https:\/\/yoast.com\/product\/yoast-seo-premium-wordpress\/ -->\n<title>Se recuerda la ubicaci\u00f3n del servicio de Puntos Limpios Fijos<\/title>\n<meta name=\"robots\" content=\"index, follow, max-snippet:-1, max-image-preview:large, max-video-preview:-1\" \/>\n<link rel=\"canonical\" href=\"https:\/\/patagoniambiental.com.ar\/info\/se-recuerda-la-ubicacion-del-servicio-de-puntos-limpios-fijos\/\" \/>\n<meta property=\"og:locale\" content=\"es_ES\" \/>\n<meta property=\"og:type\" content=\"article\" \/>\n<meta property=\"og:title\" content=\"Se recuerda la ubicaci\u00f3n del servicio de Puntos Limpios Fijos\" \/>\n<meta property=\"og:description\" content=\"Viedma.-La Municipalidad de Viedma, a trav\u00e9s de la Secretar\u00eda de Ordenamiento Territorial y Servicios P\u00fablicos, recuerda los lugares de ubicaci\u00f3n [&hellip;]\" \/>\n<meta property=\"og:url\" content=\"https:\/\/patagoniambiental.com.ar\/info\/se-recuerda-la-ubicacion-del-servicio-de-puntos-limpios-fijos\/\" \/>\n<meta property=\"og:site_name\" content=\"Patagonia Ambiental\" \/>\n<meta property=\"article:publisher\" content=\"https:\/\/www.facebook.com\/patagonia.ambiental\" \/>\n<meta property=\"article:author\" content=\"https:\/\/www.facebook.com\/share\/1C1V8Gv9BX\/?mibextid=qi2Omg\" \/>\n<meta property=\"article:published_time\" content=\"2017-06-29T22:00:58+00:00\" \/>\n<meta property=\"og:image\" content=\"https:\/\/patagoniambiental.com.ar\/info\/wp-content\/uploads\/2017\/06\/thumbnail_banner-puntos.png\" \/>\n\t<meta property=\"og:image:width\" content=\"391\" \/>\n\t<meta property=\"og:image:height\" content=\"170\" \/>\n\t<meta property=\"og:image:type\" content=\"image\/png\" \/>\n<meta name=\"author\" content=\"Patagonia Ambiental\" \/>\n<meta name=\"twitter:card\" content=\"summary_large_image\" \/>\n<meta name=\"twitter:creator\" content=\"@PatAmb\" \/>\n<meta name=\"twitter:site\" content=\"@PatAmb\" \/>\n<script type=\"application\/ld+json\" class=\"yoast-schema-graph\">{\"@context\":\"https:\\\/\\\/schema.org\",\"@graph\":[{\"@type\":\"Article\",\"@id\":\"https:\\\/\\\/patagoniambiental.com.ar\\\/info\\\/se-recuerda-la-ubicacion-del-servicio-de-puntos-limpios-fijos\\\/#article\",\"isPartOf\":{\"@id\":\"https:\\\/\\\/patagoniambiental.com.ar\\\/info\\\/se-recuerda-la-ubicacion-del-servicio-de-puntos-limpios-fijos\\\/\"},\"author\":{\"name\":\"Patagonia Ambiental\",\"@id\":\"https:\\\/\\\/patagoniambiental.com.ar\\\/info\\\/#\\\/schema\\\/person\\\/db12bff64bbcbf6a253710bf0ea37b5d\"},\"headline\":\"Se recuerda la ubicaci\u00f3n del servicio de Puntos Limpios Fijos\",\"datePublished\":\"2017-06-29T22:00:58+00:00\",\"mainEntityOfPage\":{\"@id\":\"https:\\\/\\\/patagoniambiental.com.ar\\\/info\\\/se-recuerda-la-ubicacion-del-servicio-de-puntos-limpios-fijos\\\/\"},\"wordCount\":194,\"commentCount\":0,\"publisher\":{\"@id\":\"https:\\\/\\\/patagoniambiental.com.ar\\\/info\\\/#organization\"},\"image\":{\"@id\":\"https:\\\/\\\/patagoniambiental.com.ar\\\/info\\\/se-recuerda-la-ubicacion-del-servicio-de-puntos-limpios-fijos\\\/#primaryimage\"},\"thumbnailUrl\":\"https:\\\/\\\/patagoniambiental.com.ar\\\/info\\\/wp-content\\\/uploads\\\/2017\\\/06\\\/thumbnail_banner-puntos.png\",\"articleSection\":[\"Municipales\",\"Noticias\"],\"inLanguage\":\"es\",\"potentialAction\":[{\"@type\":\"CommentAction\",\"name\":\"Comment\",\"target\":[\"https:\\\/\\\/patagoniambiental.com.ar\\\/info\\\/se-recuerda-la-ubicacion-del-servicio-de-puntos-limpios-fijos\\\/#respond\"]}]},{\"@type\":\"WebPage\",\"@id\":\"https:\\\/\\\/patagoniambiental.com.ar\\\/info\\\/se-recuerda-la-ubicacion-del-servicio-de-puntos-limpios-fijos\\\/\",\"url\":\"https:\\\/\\\/patagoniambiental.com.ar\\\/info\\\/se-recuerda-la-ubicacion-del-servicio-de-puntos-limpios-fijos\\\/\",\"name\":\"Se recuerda la ubicaci\u00f3n del servicio de Puntos Limpios Fijos\",\"isPartOf\":{\"@id\":\"https:\\\/\\\/patagoniambiental.com.ar\\\/info\\\/#website\"},\"primaryImageOfPage\":{\"@id\":\"https:\\\/\\\/patagoniambiental.com.ar\\\/info\\\/se-recuerda-la-ubicacion-del-servicio-de-puntos-limpios-fijos\\\/#primaryimage\"},\"image\":{\"@id\":\"https:\\\/\\\/patagoniambiental.com.ar\\\/info\\\/se-recuerda-la-ubicacion-del-servicio-de-puntos-limpios-fijos\\\/#primaryimage\"},\"thumbnailUrl\":\"https:\\\/\\\/patagoniambiental.com.ar\\\/info\\\/wp-content\\\/uploads\\\/2017\\\/06\\\/thumbnail_banner-puntos.png\",\"datePublished\":\"2017-06-29T22:00:58+00:00\",\"breadcrumb\":{\"@id\":\"https:\\\/\\\/patagoniambiental.com.ar\\\/info\\\/se-recuerda-la-ubicacion-del-servicio-de-puntos-limpios-fijos\\\/#breadcrumb\"},\"inLanguage\":\"es\",\"potentialAction\":[{\"@type\":\"ReadAction\",\"target\":[\"https:\\\/\\\/patagoniambiental.com.ar\\\/info\\\/se-recuerda-la-ubicacion-del-servicio-de-puntos-limpios-fijos\\\/\"]}]},{\"@type\":\"ImageObject\",\"inLanguage\":\"es\",\"@id\":\"https:\\\/\\\/patagoniambiental.com.ar\\\/info\\\/se-recuerda-la-ubicacion-del-servicio-de-puntos-limpios-fijos\\\/#primaryimage\",\"url\":\"https:\\\/\\\/patagoniambiental.com.ar\\\/info\\\/wp-content\\\/uploads\\\/2017\\\/06\\\/thumbnail_banner-puntos.png\",\"contentUrl\":\"https:\\\/\\\/patagoniambiental.com.ar\\\/info\\\/wp-content\\\/uploads\\\/2017\\\/06\\\/thumbnail_banner-puntos.png\",\"width\":391,\"height\":170},{\"@type\":\"BreadcrumbList\",\"@id\":\"https:\\\/\\\/patagoniambiental.com.ar\\\/info\\\/se-recuerda-la-ubicacion-del-servicio-de-puntos-limpios-fijos\\\/#breadcrumb\",\"itemListElement\":[{\"@type\":\"ListItem\",\"position\":1,\"name\":\"Inicio\",\"item\":\"https:\\\/\\\/patagoniambiental.com.ar\\\/info\\\/\"},{\"@type\":\"ListItem\",\"position\":2,\"name\":\"Se recuerda la ubicaci\u00f3n del servicio de Puntos Limpios Fijos\"}]},{\"@type\":\"WebSite\",\"@id\":\"https:\\\/\\\/patagoniambiental.com.ar\\\/info\\\/#website\",\"url\":\"https:\\\/\\\/patagoniambiental.com.ar\\\/info\\\/\",\"name\":\"Patagonia Ambiental\",\"description\":\"Monitoreo y an\u00e1lisis de la situaci\u00f3n geopol\u00edtica en el mundo y su implicancia en la Patagonia\",\"publisher\":{\"@id\":\"https:\\\/\\\/patagoniambiental.com.ar\\\/info\\\/#organization\"},\"potentialAction\":[{\"@type\":\"SearchAction\",\"target\":{\"@type\":\"EntryPoint\",\"urlTemplate\":\"https:\\\/\\\/patagoniambiental.com.ar\\\/info\\\/?s={search_term_string}\"},\"query-input\":{\"@type\":\"PropertyValueSpecification\",\"valueRequired\":true,\"valueName\":\"search_term_string\"}}],\"inLanguage\":\"es\"},{\"@type\":\"Organization\",\"@id\":\"https:\\\/\\\/patagoniambiental.com.ar\\\/info\\\/#organization\",\"name\":\"Patagonia Ambiental\",\"url\":\"https:\\\/\\\/patagoniambiental.com.ar\\\/info\\\/\",\"logo\":{\"@type\":\"ImageObject\",\"inLanguage\":\"es\",\"@id\":\"https:\\\/\\\/patagoniambiental.com.ar\\\/info\\\/#\\\/schema\\\/logo\\\/image\\\/\",\"url\":\"https:\\\/\\\/patagoniambiental.com.ar\\\/info\\\/wp-content\\\/uploads\\\/2025\\\/05\\\/LOGO-PATAGONIA-AMBIENTAL.png\",\"contentUrl\":\"https:\\\/\\\/patagoniambiental.com.ar\\\/info\\\/wp-content\\\/uploads\\\/2025\\\/05\\\/LOGO-PATAGONIA-AMBIENTAL.png\",\"width\":433,\"height\":250,\"caption\":\"Patagonia Ambiental\"},\"image\":{\"@id\":\"https:\\\/\\\/patagoniambiental.com.ar\\\/info\\\/#\\\/schema\\\/logo\\\/image\\\/\"},\"sameAs\":[\"https:\\\/\\\/www.facebook.com\\\/patagonia.ambiental\",\"https:\\\/\\\/x.com\\\/PatAmb\"]},{\"@type\":\"Person\",\"@id\":\"https:\\\/\\\/patagoniambiental.com.ar\\\/info\\\/#\\\/schema\\\/person\\\/db12bff64bbcbf6a253710bf0ea37b5d\",\"name\":\"Patagonia Ambiental\",\"description\":\"Andr\u00e9s Nievas T\u00e9cnico en manejo ambiental, consultor Ambiental y escritor para medios locales e internacionales sobre temas de geopolitica y medio ambiente.\",\"sameAs\":[\"http:\\\/\\\/www.patagoniambiental.com.ar\",\"https:\\\/\\\/www.facebook.com\\\/share\\\/1C1V8Gv9BX\\\/?mibextid=qi2Omg\",\"@patagoniambiental\",\"https:\\\/\\\/youtube.com\\\/@patagoniaambiental2023?si=BLt58t0wuXquxlYZ\"]}]}<\/script>\n<!-- \/ Yoast SEO Premium plugin. -->","yoast_head_json":{"title":"Se recuerda la ubicaci\u00f3n del servicio de Puntos Limpios Fijos","robots":{"index":"index","follow":"follow","max-snippet":"max-snippet:-1","max-image-preview":"max-image-preview:large","max-video-preview":"max-video-preview:-1"},"canonical":"https:\/\/patagoniambiental.com.ar\/info\/se-recuerda-la-ubicacion-del-servicio-de-puntos-limpios-fijos\/","og_locale":"es_ES","og_type":"article","og_title":"Se recuerda la ubicaci\u00f3n del servicio de Puntos Limpios Fijos","og_description":"Viedma.-La Municipalidad de Viedma, a trav\u00e9s de la Secretar\u00eda de Ordenamiento Territorial y Servicios P\u00fablicos, recuerda los lugares de ubicaci\u00f3n [&hellip;]","og_url":"https:\/\/patagoniambiental.com.ar\/info\/se-recuerda-la-ubicacion-del-servicio-de-puntos-limpios-fijos\/","og_site_name":"Patagonia Ambiental","article_publisher":"https:\/\/www.facebook.com\/patagonia.ambiental","article_author":"https:\/\/www.facebook.com\/share\/1C1V8Gv9BX\/?mibextid=qi2Omg","article_published_time":"2017-06-29T22:00:58+00:00","og_image":[{"width":391,"height":170,"url":"https:\/\/patagoniambiental.com.ar\/info\/wp-content\/uploads\/2017\/06\/thumbnail_banner-puntos.png","type":"image\/png"}],"author":"Patagonia Ambiental","twitter_card":"summary_large_image","twitter_creator":"@PatAmb","twitter_site":"@PatAmb","schema":{"@context":"https:\/\/schema.org","@graph":[{"@type":"Article","@id":"https:\/\/patagoniambiental.com.ar\/info\/se-recuerda-la-ubicacion-del-servicio-de-puntos-limpios-fijos\/#article","isPartOf":{"@id":"https:\/\/patagoniambiental.com.ar\/info\/se-recuerda-la-ubicacion-del-servicio-de-puntos-limpios-fijos\/"},"author":{"name":"Patagonia Ambiental","@id":"https:\/\/patagoniambiental.com.ar\/info\/#\/schema\/person\/db12bff64bbcbf6a253710bf0ea37b5d"},"headline":"Se recuerda la ubicaci\u00f3n del servicio de Puntos Limpios Fijos","datePublished":"2017-06-29T22:00:58+00:00","mainEntityOfPage":{"@id":"https:\/\/patagoniambiental.com.ar\/info\/se-recuerda-la-ubicacion-del-servicio-de-puntos-limpios-fijos\/"},"wordCount":194,"commentCount":0,"publisher":{"@id":"https:\/\/patagoniambiental.com.ar\/info\/#organization"},"image":{"@id":"https:\/\/patagoniambiental.com.ar\/info\/se-recuerda-la-ubicacion-del-servicio-de-puntos-limpios-fijos\/#primaryimage"},"thumbnailUrl":"https:\/\/patagoniambiental.com.ar\/info\/wp-content\/uploads\/2017\/06\/thumbnail_banner-puntos.png","articleSection":["Municipales","Noticias"],"inLanguage":"es","potentialAction":[{"@type":"CommentAction","name":"Comment","target":["https:\/\/patagoniambiental.com.ar\/info\/se-recuerda-la-ubicacion-del-servicio-de-puntos-limpios-fijos\/#respond"]}]},{"@type":"WebPage","@id":"https:\/\/patagoniambiental.com.ar\/info\/se-recuerda-la-ubicacion-del-servicio-de-puntos-limpios-fijos\/","url":"https:\/\/patagoniambiental.com.ar\/info\/se-recuerda-la-ubicacion-del-servicio-de-puntos-limpios-fijos\/","name":"Se recuerda la ubicaci\u00f3n del servicio de Puntos Limpios Fijos","isPartOf":{"@id":"https:\/\/patagoniambiental.com.ar\/info\/#website"},"primaryImageOfPage":{"@id":"https:\/\/patagoniambiental.com.ar\/info\/se-recuerda-la-ubicacion-del-servicio-de-puntos-limpios-fijos\/#primaryimage"},"image":{"@id":"https:\/\/patagoniambiental.com.ar\/info\/se-recuerda-la-ubicacion-del-servicio-de-puntos-limpios-fijos\/#primaryimage"},"thumbnailUrl":"https:\/\/patagoniambiental.com.ar\/info\/wp-content\/uploads\/2017\/06\/thumbnail_banner-puntos.png","datePublished":"2017-06-29T22:00:58+00:00","breadcrumb":{"@id":"https:\/\/patagoniambiental.com.ar\/info\/se-recuerda-la-ubicacion-del-servicio-de-puntos-limpios-fijos\/#breadcrumb"},"inLanguage":"es","potentialAction":[{"@type":"ReadAction","target":["https:\/\/patagoniambiental.com.ar\/info\/se-recuerda-la-ubicacion-del-servicio-de-puntos-limpios-fijos\/"]}]},{"@type":"ImageObject","inLanguage":"es","@id":"https:\/\/patagoniambiental.com.ar\/info\/se-recuerda-la-ubicacion-del-servicio-de-puntos-limpios-fijos\/#primaryimage","url":"https:\/\/patagoniambiental.com.ar\/info\/wp-content\/uploads\/2017\/06\/thumbnail_banner-puntos.png","contentUrl":"https:\/\/patagoniambiental.com.ar\/info\/wp-content\/uploads\/2017\/06\/thumbnail_banner-puntos.png","width":391,"height":170},{"@type":"BreadcrumbList","@id":"https:\/\/patagoniambiental.com.ar\/info\/se-recuerda-la-ubicacion-del-servicio-de-puntos-limpios-fijos\/#breadcrumb","itemListElement":[{"@type":"ListItem","position":1,"name":"Inicio","item":"https:\/\/patagoniambiental.com.ar\/info\/"},{"@type":"ListItem","position":2,"name":"Se recuerda la ubicaci\u00f3n del servicio de Puntos Limpios Fijos"}]},{"@type":"WebSite","@id":"https:\/\/patagoniambiental.com.ar\/info\/#website","url":"https:\/\/patagoniambiental.com.ar\/info\/","name":"Patagonia Ambiental","description":"Monitoreo y an\u00e1lisis de la situaci\u00f3n geopol\u00edtica en el mundo y su implicancia en la Patagonia","publisher":{"@id":"https:\/\/patagoniambiental.com.ar\/info\/#organization"},"potentialAction":[{"@type":"SearchAction","target":{"@type":"EntryPoint","urlTemplate":"https:\/\/patagoniambiental.com.ar\/info\/?s={search_term_string}"},"query-input":{"@type":"PropertyValueSpecification","valueRequired":true,"valueName":"search_term_string"}}],"inLanguage":"es"},{"@type":"Organization","@id":"https:\/\/patagoniambiental.com.ar\/info\/#organization","name":"Patagonia Ambiental","url":"https:\/\/patagoniambiental.com.ar\/info\/","logo":{"@type":"ImageObject","inLanguage":"es","@id":"https:\/\/patagoniambiental.com.ar\/info\/#\/schema\/logo\/image\/","url":"https:\/\/patagoniambiental.com.ar\/info\/wp-content\/uploads\/2025\/05\/LOGO-PATAGONIA-AMBIENTAL.png","contentUrl":"https:\/\/patagoniambiental.com.ar\/info\/wp-content\/uploads\/2025\/05\/LOGO-PATAGONIA-AMBIENTAL.png","width":433,"height":250,"caption":"Patagonia Ambiental"},"image":{"@id":"https:\/\/patagoniambiental.com.ar\/info\/#\/schema\/logo\/image\/"},"sameAs":["https:\/\/www.facebook.com\/patagonia.ambiental","https:\/\/x.com\/PatAmb"]},{"@type":"Person","@id":"https:\/\/patagoniambiental.com.ar\/info\/#\/schema\/person\/db12bff64bbcbf6a253710bf0ea37b5d","name":"Patagonia Ambiental","description":"Andr\u00e9s Nievas T\u00e9cnico en manejo ambiental, consultor Ambiental y escritor para medios locales e internacionales sobre temas de geopolitica y medio ambiente.","sameAs":["http:\/\/www.patagoniambiental.com.ar","https:\/\/www.facebook.com\/share\/1C1V8Gv9BX\/?mibextid=qi2Omg","@patagoniambiental","https:\/\/youtube.com\/@patagoniaambiental2023?si=BLt58t0wuXquxlYZ"]}]}},"_links":{"self":[{"href":"https:\/\/patagoniambiental.com.ar\/info\/wp-json\/wp\/v2\/posts\/31229","targetHints":{"allow":["GET"]}}],"collection":[{"href":"https:\/\/patagoniambiental.com.ar\/info\/wp-json\/wp\/v2\/posts"}],"about":[{"href":"https:\/\/patagoniambiental.com.ar\/info\/wp-json\/wp\/v2\/types\/post"}],"author":[{"embeddable":true,"href":"https:\/\/patagoniambiental.com.ar\/info\/wp-json\/wp\/v2\/users\/2"}],"replies":[{"embeddable":true,"href":"https:\/\/patagoniambiental.com.ar\/info\/wp-json\/wp\/v2\/comments?post=31229"}],"version-history":[{"count":0,"href":"https:\/\/patagoniambiental.com.ar\/info\/wp-json\/wp\/v2\/posts\/31229\/revisions"}],"wp:featuredmedia":[{"embeddable":true,"href":"https:\/\/patagoniambiental.com.ar\/info\/wp-json\/wp\/v2\/media\/31230"}],"wp:attachment":[{"href":"https:\/\/patagoniambiental.com.ar\/info\/wp-json\/wp\/v2\/media?parent=31229"}],"wp:term":[{"taxonomy":"category","embeddable":true,"href":"https:\/\/patagoniambiental.com.ar\/info\/wp-json\/wp\/v2\/categories?post=31229"},{"taxonomy":"post_tag","embeddable":true,"href":"https:\/\/patagoniambiental.com.ar\/info\/wp-json\/wp\/v2\/tags?post=31229"}],"curies":[{"name":"wp","href":"https:\/\/api.w.org\/{rel}","templated":true}]}}