{"id":31369,"date":"2017-07-03T09:00:53","date_gmt":"2017-07-03T12:00:53","guid":{"rendered":"http:\/\/patagoniambiental.com.ar\/info\/?p=31369"},"modified":"2017-07-02T19:45:18","modified_gmt":"2017-07-02T22:45:18","slug":"abejas-nativas-como-alternativa-de-polinizacion-son-investigadas-por-cientificos-de-la-u-catolica-del-maule","status":"publish","type":"post","link":"https:\/\/patagoniambiental.com.ar\/info\/abejas-nativas-como-alternativa-de-polinizacion-son-investigadas-por-cientificos-de-la-u-catolica-del-maule\/","title":{"rendered":"Abejas nativas como alternativa de polinizaci\u00f3n son investigadas por cient\u00edficos de la U. Cat\u00f3lica del Maule"},"content":{"rendered":"<p>La crisis de la polinizaci\u00f3n a nivel mundial ha llevado a la ciencia a buscar una serie de alternativas en todas partes del mundo. Una de ellas en Chile, espec\u00edficamente en la Regi\u00f3n del Maule, donde un equipo de investigadores de la Universidad Cat\u00f3lica del Maule (UCM) estudia a las abejas nativas en toda su magnitud.<br \/>\nEn este contexto, los investigadores maulinos liderados por el Dr. V\u00edctor Hugo Monz\u00f3n, acad\u00e9mico de la Facultad de Ciencias B\u00e1sicas del plantel, presentar\u00e1n los primeros resultados en relaci\u00f3n a las abejas nativas, las que son una alternativa suplementaria para la polinizaci\u00f3n especialmente de frutales como cerezos, ar\u00e1ndanos y paltos.<br \/>\nDesde los \u00faltimos cinco a\u00f1os, el equipo de profesionales estudia las abejas nativas de Chile, desde su biolog\u00eda, comportamiento, clasificaci\u00f3n taxon\u00f3mica, interacciones ecol\u00f3gicas con la flora nativa de Chile y tambi\u00e9n la importancia que tienen en la polinizaci\u00f3n tanto de la flora silvestre como de los cultivos agr\u00edcolas.<br \/>\nLos primeros resultados del proyecto financiado por el Fondo de Innovaci\u00f3n para la Competitividad (FIC) que ejecuta la UCM denominado: \u201cTransferencia y Desarrollo de una Unidad Suplementaria de Polinizaci\u00f3n utilizando Abejas Nativas\u201d, en la Regi\u00f3n del Maule, dar\u00e1n cuenta del trabajo desarrollado en unidades experimentales en frutales en el Seminario que se desarrollar\u00e1 el lunes 03 de julio, de 09:00 a 13:00 horas, en el Campus San Miguel de la U. Cat\u00f3lica del Maule, en Talca.<br \/>\nEn la oportunidad, tambi\u00e9n expondr\u00e1 Ricardo Claro, consultor de la Organizaci\u00f3n de las Naciones Unidas (ONU) para la Agricultura y la Alimentaci\u00f3n (FAO), sobre \u201cEstado del servicio ecosist\u00e9mico de la polinizaci\u00f3n en Chile\u201d.<\/p>\n<p>&nbsp;<\/p>\n<p>Fuente:\u00a0http:\/\/www.maulee.cl\/abejas-nativas-como-alternativa-de-polinizacion-son-investigadas-por-cientificos-de-la-u-catolica-del-maule\/<\/p>\n","protected":false},"excerpt":{"rendered":"<p>La crisis de la polinizaci\u00f3n a nivel mundial ha llevado a la ciencia a buscar una serie de alternativas en [&hellip;]<\/p>\n","protected":false},"author":2,"featured_media":31370,"comment_status":"open","ping_status":"open","sticky":false,"template":"","format":"standard","meta":{"site-sidebar-layout":"default","site-content-layout":"","ast-site-content-layout":"default","site-content-style":"default","site-sidebar-style":"default","ast-global-header-display":"","ast-banner-title-visibility":"","ast-main-header-display":"","ast-hfb-above-header-display":"","ast-hfb-below-header-display":"","ast-hfb-mobile-header-display":"","site-post-title":"","ast-breadcrumbs-content":"","ast-featured-img":"","footer-sml-layout":"","ast-disable-related-posts":"","theme-transparent-header-meta":"","adv-header-id-meta":"","stick-header-meta":"","header-above-stick-meta":"","header-main-stick-meta":"","header-below-stick-meta":"","astra-migrate-meta-layouts":"default","ast-page-background-enabled":"default","ast-page-background-meta":{"desktop":{"background-color":"var(--ast-global-color-5)","background-image":"","background-repeat":"repeat","background-position":"center center","background-size":"auto","background-attachment":"scroll","background-type":"","background-media":"","overlay-type":"","overlay-color":"","overlay-opacity":"","overlay-gradient":""},"tablet":{"background-color":"","background-image":"","background-repeat":"repeat","background-position":"center center","background-size":"auto","background-attachment":"scroll","background-type":"","background-media":"","overlay-type":"","overlay-color":"","overlay-opacity":"","overlay-gradient":""},"mobile":{"background-color":"","background-image":"","background-repeat":"repeat","background-position":"center center","background-size":"auto","background-attachment":"scroll","background-type":"","background-media":"","overlay-type":"","overlay-color":"","overlay-opacity":"","overlay-gradient":""}},"ast-content-background-meta":{"desktop":{"background-color":"var(--ast-global-color-4)","background-image":"","background-repeat":"repeat","background-position":"center center","background-size":"auto","background-attachment":"scroll","background-type":"","background-media":"","overlay-type":"","overlay-color":"","overlay-opacity":"","overlay-gradient":""},"tablet":{"background-color":"var(--ast-global-color-4)","background-image":"","background-repeat":"repeat","background-position":"center center","background-size":"auto","background-attachment":"scroll","background-type":"","background-media":"","overlay-type":"","overlay-color":"","overlay-opacity":"","overlay-gradient":""},"mobile":{"background-color":"var(--ast-global-color-4)","background-image":"","background-repeat":"repeat","background-position":"center center","background-size":"auto","background-attachment":"scroll","background-type":"","background-media":"","overlay-type":"","overlay-color":"","overlay-opacity":"","overlay-gradient":""}},"footnotes":""},"categories":[23,1],"tags":[],"class_list":["post-31369","post","type-post","status-publish","format-standard","has-post-thumbnail","hentry","category-internacionales","category-noticias"],"yoast_head":"<!-- This site is optimized with the Yoast SEO Premium plugin v23.0 (Yoast SEO v27.4) - https:\/\/yoast.com\/product\/yoast-seo-premium-wordpress\/ -->\n<title>Abejas nativas como alternativa de polinizaci\u00f3n son investigadas por cient\u00edficos de la U. Cat\u00f3lica del Maule<\/title>\n<meta name=\"robots\" content=\"index, follow, max-snippet:-1, max-image-preview:large, max-video-preview:-1\" \/>\n<link rel=\"canonical\" href=\"https:\/\/patagoniambiental.com.ar\/info\/abejas-nativas-como-alternativa-de-polinizacion-son-investigadas-por-cientificos-de-la-u-catolica-del-maule\/\" \/>\n<meta property=\"og:locale\" content=\"es_ES\" \/>\n<meta property=\"og:type\" content=\"article\" \/>\n<meta property=\"og:title\" content=\"Abejas nativas como alternativa de polinizaci\u00f3n son investigadas por cient\u00edficos de la U. Cat\u00f3lica del Maule\" \/>\n<meta property=\"og:description\" content=\"La crisis de la polinizaci\u00f3n a nivel mundial ha llevado a la ciencia a buscar una serie de alternativas en [&hellip;]\" \/>\n<meta property=\"og:url\" content=\"https:\/\/patagoniambiental.com.ar\/info\/abejas-nativas-como-alternativa-de-polinizacion-son-investigadas-por-cientificos-de-la-u-catolica-del-maule\/\" \/>\n<meta property=\"og:site_name\" content=\"Patagonia Ambiental\" \/>\n<meta property=\"article:publisher\" content=\"https:\/\/www.facebook.com\/patagonia.ambiental\" \/>\n<meta property=\"article:author\" content=\"https:\/\/www.facebook.com\/share\/1C1V8Gv9BX\/?mibextid=qi2Omg\" \/>\n<meta property=\"article:published_time\" content=\"2017-07-03T12:00:53+00:00\" \/>\n<meta property=\"og:image\" content=\"https:\/\/patagoniambiental.com.ar\/info\/wp-content\/uploads\/2017\/07\/abeja.jpg\" \/>\n\t<meta property=\"og:image:width\" content=\"700\" \/>\n\t<meta property=\"og:image:height\" content=\"481\" \/>\n\t<meta property=\"og:image:type\" content=\"image\/jpeg\" \/>\n<meta name=\"author\" content=\"Patagonia Ambiental\" \/>\n<meta name=\"twitter:card\" content=\"summary_large_image\" \/>\n<meta name=\"twitter:creator\" content=\"@PatAmb\" \/>\n<meta name=\"twitter:site\" content=\"@PatAmb\" \/>\n<script type=\"application\/ld+json\" class=\"yoast-schema-graph\">{\"@context\":\"https:\\\/\\\/schema.org\",\"@graph\":[{\"@type\":\"Article\",\"@id\":\"https:\\\/\\\/patagoniambiental.com.ar\\\/info\\\/abejas-nativas-como-alternativa-de-polinizacion-son-investigadas-por-cientificos-de-la-u-catolica-del-maule\\\/#article\",\"isPartOf\":{\"@id\":\"https:\\\/\\\/patagoniambiental.com.ar\\\/info\\\/abejas-nativas-como-alternativa-de-polinizacion-son-investigadas-por-cientificos-de-la-u-catolica-del-maule\\\/\"},\"author\":{\"name\":\"Patagonia Ambiental\",\"@id\":\"https:\\\/\\\/patagoniambiental.com.ar\\\/info\\\/#\\\/schema\\\/person\\\/db12bff64bbcbf6a253710bf0ea37b5d\"},\"headline\":\"Abejas nativas como alternativa de polinizaci\u00f3n son investigadas por cient\u00edficos de la U. Cat\u00f3lica del Maule\",\"datePublished\":\"2017-07-03T12:00:53+00:00\",\"mainEntityOfPage\":{\"@id\":\"https:\\\/\\\/patagoniambiental.com.ar\\\/info\\\/abejas-nativas-como-alternativa-de-polinizacion-son-investigadas-por-cientificos-de-la-u-catolica-del-maule\\\/\"},\"wordCount\":315,\"commentCount\":0,\"publisher\":{\"@id\":\"https:\\\/\\\/patagoniambiental.com.ar\\\/info\\\/#organization\"},\"image\":{\"@id\":\"https:\\\/\\\/patagoniambiental.com.ar\\\/info\\\/abejas-nativas-como-alternativa-de-polinizacion-son-investigadas-por-cientificos-de-la-u-catolica-del-maule\\\/#primaryimage\"},\"thumbnailUrl\":\"https:\\\/\\\/patagoniambiental.com.ar\\\/info\\\/wp-content\\\/uploads\\\/2017\\\/07\\\/abeja.jpg\",\"articleSection\":[\"Internacionales\",\"Noticias\"],\"inLanguage\":\"es\",\"potentialAction\":[{\"@type\":\"CommentAction\",\"name\":\"Comment\",\"target\":[\"https:\\\/\\\/patagoniambiental.com.ar\\\/info\\\/abejas-nativas-como-alternativa-de-polinizacion-son-investigadas-por-cientificos-de-la-u-catolica-del-maule\\\/#respond\"]}]},{\"@type\":\"WebPage\",\"@id\":\"https:\\\/\\\/patagoniambiental.com.ar\\\/info\\\/abejas-nativas-como-alternativa-de-polinizacion-son-investigadas-por-cientificos-de-la-u-catolica-del-maule\\\/\",\"url\":\"https:\\\/\\\/patagoniambiental.com.ar\\\/info\\\/abejas-nativas-como-alternativa-de-polinizacion-son-investigadas-por-cientificos-de-la-u-catolica-del-maule\\\/\",\"name\":\"Abejas nativas como alternativa de polinizaci\u00f3n son investigadas por cient\u00edficos de la U. Cat\u00f3lica del Maule\",\"isPartOf\":{\"@id\":\"https:\\\/\\\/patagoniambiental.com.ar\\\/info\\\/#website\"},\"primaryImageOfPage\":{\"@id\":\"https:\\\/\\\/patagoniambiental.com.ar\\\/info\\\/abejas-nativas-como-alternativa-de-polinizacion-son-investigadas-por-cientificos-de-la-u-catolica-del-maule\\\/#primaryimage\"},\"image\":{\"@id\":\"https:\\\/\\\/patagoniambiental.com.ar\\\/info\\\/abejas-nativas-como-alternativa-de-polinizacion-son-investigadas-por-cientificos-de-la-u-catolica-del-maule\\\/#primaryimage\"},\"thumbnailUrl\":\"https:\\\/\\\/patagoniambiental.com.ar\\\/info\\\/wp-content\\\/uploads\\\/2017\\\/07\\\/abeja.jpg\",\"datePublished\":\"2017-07-03T12:00:53+00:00\",\"breadcrumb\":{\"@id\":\"https:\\\/\\\/patagoniambiental.com.ar\\\/info\\\/abejas-nativas-como-alternativa-de-polinizacion-son-investigadas-por-cientificos-de-la-u-catolica-del-maule\\\/#breadcrumb\"},\"inLanguage\":\"es\",\"potentialAction\":[{\"@type\":\"ReadAction\",\"target\":[\"https:\\\/\\\/patagoniambiental.com.ar\\\/info\\\/abejas-nativas-como-alternativa-de-polinizacion-son-investigadas-por-cientificos-de-la-u-catolica-del-maule\\\/\"]}]},{\"@type\":\"ImageObject\",\"inLanguage\":\"es\",\"@id\":\"https:\\\/\\\/patagoniambiental.com.ar\\\/info\\\/abejas-nativas-como-alternativa-de-polinizacion-son-investigadas-por-cientificos-de-la-u-catolica-del-maule\\\/#primaryimage\",\"url\":\"https:\\\/\\\/patagoniambiental.com.ar\\\/info\\\/wp-content\\\/uploads\\\/2017\\\/07\\\/abeja.jpg\",\"contentUrl\":\"https:\\\/\\\/patagoniambiental.com.ar\\\/info\\\/wp-content\\\/uploads\\\/2017\\\/07\\\/abeja.jpg\",\"width\":700,\"height\":481},{\"@type\":\"BreadcrumbList\",\"@id\":\"https:\\\/\\\/patagoniambiental.com.ar\\\/info\\\/abejas-nativas-como-alternativa-de-polinizacion-son-investigadas-por-cientificos-de-la-u-catolica-del-maule\\\/#breadcrumb\",\"itemListElement\":[{\"@type\":\"ListItem\",\"position\":1,\"name\":\"Inicio\",\"item\":\"https:\\\/\\\/patagoniambiental.com.ar\\\/info\\\/\"},{\"@type\":\"ListItem\",\"position\":2,\"name\":\"Abejas nativas como alternativa de polinizaci\u00f3n son investigadas por cient\u00edficos de la U. Cat\u00f3lica del Maule\"}]},{\"@type\":\"WebSite\",\"@id\":\"https:\\\/\\\/patagoniambiental.com.ar\\\/info\\\/#website\",\"url\":\"https:\\\/\\\/patagoniambiental.com.ar\\\/info\\\/\",\"name\":\"Patagonia Ambiental\",\"description\":\"Monitoreo y an\u00e1lisis de la situaci\u00f3n geopol\u00edtica en el mundo y su implicancia en la Patagonia\",\"publisher\":{\"@id\":\"https:\\\/\\\/patagoniambiental.com.ar\\\/info\\\/#organization\"},\"potentialAction\":[{\"@type\":\"SearchAction\",\"target\":{\"@type\":\"EntryPoint\",\"urlTemplate\":\"https:\\\/\\\/patagoniambiental.com.ar\\\/info\\\/?s={search_term_string}\"},\"query-input\":{\"@type\":\"PropertyValueSpecification\",\"valueRequired\":true,\"valueName\":\"search_term_string\"}}],\"inLanguage\":\"es\"},{\"@type\":\"Organization\",\"@id\":\"https:\\\/\\\/patagoniambiental.com.ar\\\/info\\\/#organization\",\"name\":\"Patagonia Ambiental\",\"url\":\"https:\\\/\\\/patagoniambiental.com.ar\\\/info\\\/\",\"logo\":{\"@type\":\"ImageObject\",\"inLanguage\":\"es\",\"@id\":\"https:\\\/\\\/patagoniambiental.com.ar\\\/info\\\/#\\\/schema\\\/logo\\\/image\\\/\",\"url\":\"https:\\\/\\\/patagoniambiental.com.ar\\\/info\\\/wp-content\\\/uploads\\\/2025\\\/05\\\/LOGO-PATAGONIA-AMBIENTAL.png\",\"contentUrl\":\"https:\\\/\\\/patagoniambiental.com.ar\\\/info\\\/wp-content\\\/uploads\\\/2025\\\/05\\\/LOGO-PATAGONIA-AMBIENTAL.png\",\"width\":433,\"height\":250,\"caption\":\"Patagonia Ambiental\"},\"image\":{\"@id\":\"https:\\\/\\\/patagoniambiental.com.ar\\\/info\\\/#\\\/schema\\\/logo\\\/image\\\/\"},\"sameAs\":[\"https:\\\/\\\/www.facebook.com\\\/patagonia.ambiental\",\"https:\\\/\\\/x.com\\\/PatAmb\"]},{\"@type\":\"Person\",\"@id\":\"https:\\\/\\\/patagoniambiental.com.ar\\\/info\\\/#\\\/schema\\\/person\\\/db12bff64bbcbf6a253710bf0ea37b5d\",\"name\":\"Patagonia Ambiental\",\"description\":\"Andr\u00e9s Nievas T\u00e9cnico en manejo ambiental, consultor Ambiental y escritor para medios locales e internacionales sobre temas de geopolitica y medio ambiente.\",\"sameAs\":[\"http:\\\/\\\/www.patagoniambiental.com.ar\",\"https:\\\/\\\/www.facebook.com\\\/share\\\/1C1V8Gv9BX\\\/?mibextid=qi2Omg\",\"@patagoniambiental\",\"https:\\\/\\\/youtube.com\\\/@patagoniaambiental2023?si=BLt58t0wuXquxlYZ\"]}]}<\/script>\n<!-- \/ Yoast SEO Premium plugin. -->","yoast_head_json":{"title":"Abejas nativas como alternativa de polinizaci\u00f3n son investigadas por cient\u00edficos de la U. Cat\u00f3lica del Maule","robots":{"index":"index","follow":"follow","max-snippet":"max-snippet:-1","max-image-preview":"max-image-preview:large","max-video-preview":"max-video-preview:-1"},"canonical":"https:\/\/patagoniambiental.com.ar\/info\/abejas-nativas-como-alternativa-de-polinizacion-son-investigadas-por-cientificos-de-la-u-catolica-del-maule\/","og_locale":"es_ES","og_type":"article","og_title":"Abejas nativas como alternativa de polinizaci\u00f3n son investigadas por cient\u00edficos de la U. Cat\u00f3lica del Maule","og_description":"La crisis de la polinizaci\u00f3n a nivel mundial ha llevado a la ciencia a buscar una serie de alternativas en [&hellip;]","og_url":"https:\/\/patagoniambiental.com.ar\/info\/abejas-nativas-como-alternativa-de-polinizacion-son-investigadas-por-cientificos-de-la-u-catolica-del-maule\/","og_site_name":"Patagonia Ambiental","article_publisher":"https:\/\/www.facebook.com\/patagonia.ambiental","article_author":"https:\/\/www.facebook.com\/share\/1C1V8Gv9BX\/?mibextid=qi2Omg","article_published_time":"2017-07-03T12:00:53+00:00","og_image":[{"width":700,"height":481,"url":"https:\/\/patagoniambiental.com.ar\/info\/wp-content\/uploads\/2017\/07\/abeja.jpg","type":"image\/jpeg"}],"author":"Patagonia Ambiental","twitter_card":"summary_large_image","twitter_creator":"@PatAmb","twitter_site":"@PatAmb","schema":{"@context":"https:\/\/schema.org","@graph":[{"@type":"Article","@id":"https:\/\/patagoniambiental.com.ar\/info\/abejas-nativas-como-alternativa-de-polinizacion-son-investigadas-por-cientificos-de-la-u-catolica-del-maule\/#article","isPartOf":{"@id":"https:\/\/patagoniambiental.com.ar\/info\/abejas-nativas-como-alternativa-de-polinizacion-son-investigadas-por-cientificos-de-la-u-catolica-del-maule\/"},"author":{"name":"Patagonia Ambiental","@id":"https:\/\/patagoniambiental.com.ar\/info\/#\/schema\/person\/db12bff64bbcbf6a253710bf0ea37b5d"},"headline":"Abejas nativas como alternativa de polinizaci\u00f3n son investigadas por cient\u00edficos de la U. Cat\u00f3lica del Maule","datePublished":"2017-07-03T12:00:53+00:00","mainEntityOfPage":{"@id":"https:\/\/patagoniambiental.com.ar\/info\/abejas-nativas-como-alternativa-de-polinizacion-son-investigadas-por-cientificos-de-la-u-catolica-del-maule\/"},"wordCount":315,"commentCount":0,"publisher":{"@id":"https:\/\/patagoniambiental.com.ar\/info\/#organization"},"image":{"@id":"https:\/\/patagoniambiental.com.ar\/info\/abejas-nativas-como-alternativa-de-polinizacion-son-investigadas-por-cientificos-de-la-u-catolica-del-maule\/#primaryimage"},"thumbnailUrl":"https:\/\/patagoniambiental.com.ar\/info\/wp-content\/uploads\/2017\/07\/abeja.jpg","articleSection":["Internacionales","Noticias"],"inLanguage":"es","potentialAction":[{"@type":"CommentAction","name":"Comment","target":["https:\/\/patagoniambiental.com.ar\/info\/abejas-nativas-como-alternativa-de-polinizacion-son-investigadas-por-cientificos-de-la-u-catolica-del-maule\/#respond"]}]},{"@type":"WebPage","@id":"https:\/\/patagoniambiental.com.ar\/info\/abejas-nativas-como-alternativa-de-polinizacion-son-investigadas-por-cientificos-de-la-u-catolica-del-maule\/","url":"https:\/\/patagoniambiental.com.ar\/info\/abejas-nativas-como-alternativa-de-polinizacion-son-investigadas-por-cientificos-de-la-u-catolica-del-maule\/","name":"Abejas nativas como alternativa de polinizaci\u00f3n son investigadas por cient\u00edficos de la U. Cat\u00f3lica del Maule","isPartOf":{"@id":"https:\/\/patagoniambiental.com.ar\/info\/#website"},"primaryImageOfPage":{"@id":"https:\/\/patagoniambiental.com.ar\/info\/abejas-nativas-como-alternativa-de-polinizacion-son-investigadas-por-cientificos-de-la-u-catolica-del-maule\/#primaryimage"},"image":{"@id":"https:\/\/patagoniambiental.com.ar\/info\/abejas-nativas-como-alternativa-de-polinizacion-son-investigadas-por-cientificos-de-la-u-catolica-del-maule\/#primaryimage"},"thumbnailUrl":"https:\/\/patagoniambiental.com.ar\/info\/wp-content\/uploads\/2017\/07\/abeja.jpg","datePublished":"2017-07-03T12:00:53+00:00","breadcrumb":{"@id":"https:\/\/patagoniambiental.com.ar\/info\/abejas-nativas-como-alternativa-de-polinizacion-son-investigadas-por-cientificos-de-la-u-catolica-del-maule\/#breadcrumb"},"inLanguage":"es","potentialAction":[{"@type":"ReadAction","target":["https:\/\/patagoniambiental.com.ar\/info\/abejas-nativas-como-alternativa-de-polinizacion-son-investigadas-por-cientificos-de-la-u-catolica-del-maule\/"]}]},{"@type":"ImageObject","inLanguage":"es","@id":"https:\/\/patagoniambiental.com.ar\/info\/abejas-nativas-como-alternativa-de-polinizacion-son-investigadas-por-cientificos-de-la-u-catolica-del-maule\/#primaryimage","url":"https:\/\/patagoniambiental.com.ar\/info\/wp-content\/uploads\/2017\/07\/abeja.jpg","contentUrl":"https:\/\/patagoniambiental.com.ar\/info\/wp-content\/uploads\/2017\/07\/abeja.jpg","width":700,"height":481},{"@type":"BreadcrumbList","@id":"https:\/\/patagoniambiental.com.ar\/info\/abejas-nativas-como-alternativa-de-polinizacion-son-investigadas-por-cientificos-de-la-u-catolica-del-maule\/#breadcrumb","itemListElement":[{"@type":"ListItem","position":1,"name":"Inicio","item":"https:\/\/patagoniambiental.com.ar\/info\/"},{"@type":"ListItem","position":2,"name":"Abejas nativas como alternativa de polinizaci\u00f3n son investigadas por cient\u00edficos de la U. Cat\u00f3lica del Maule"}]},{"@type":"WebSite","@id":"https:\/\/patagoniambiental.com.ar\/info\/#website","url":"https:\/\/patagoniambiental.com.ar\/info\/","name":"Patagonia Ambiental","description":"Monitoreo y an\u00e1lisis de la situaci\u00f3n geopol\u00edtica en el mundo y su implicancia en la Patagonia","publisher":{"@id":"https:\/\/patagoniambiental.com.ar\/info\/#organization"},"potentialAction":[{"@type":"SearchAction","target":{"@type":"EntryPoint","urlTemplate":"https:\/\/patagoniambiental.com.ar\/info\/?s={search_term_string}"},"query-input":{"@type":"PropertyValueSpecification","valueRequired":true,"valueName":"search_term_string"}}],"inLanguage":"es"},{"@type":"Organization","@id":"https:\/\/patagoniambiental.com.ar\/info\/#organization","name":"Patagonia Ambiental","url":"https:\/\/patagoniambiental.com.ar\/info\/","logo":{"@type":"ImageObject","inLanguage":"es","@id":"https:\/\/patagoniambiental.com.ar\/info\/#\/schema\/logo\/image\/","url":"https:\/\/patagoniambiental.com.ar\/info\/wp-content\/uploads\/2025\/05\/LOGO-PATAGONIA-AMBIENTAL.png","contentUrl":"https:\/\/patagoniambiental.com.ar\/info\/wp-content\/uploads\/2025\/05\/LOGO-PATAGONIA-AMBIENTAL.png","width":433,"height":250,"caption":"Patagonia Ambiental"},"image":{"@id":"https:\/\/patagoniambiental.com.ar\/info\/#\/schema\/logo\/image\/"},"sameAs":["https:\/\/www.facebook.com\/patagonia.ambiental","https:\/\/x.com\/PatAmb"]},{"@type":"Person","@id":"https:\/\/patagoniambiental.com.ar\/info\/#\/schema\/person\/db12bff64bbcbf6a253710bf0ea37b5d","name":"Patagonia Ambiental","description":"Andr\u00e9s Nievas T\u00e9cnico en manejo ambiental, consultor Ambiental y escritor para medios locales e internacionales sobre temas de geopolitica y medio ambiente.","sameAs":["http:\/\/www.patagoniambiental.com.ar","https:\/\/www.facebook.com\/share\/1C1V8Gv9BX\/?mibextid=qi2Omg","@patagoniambiental","https:\/\/youtube.com\/@patagoniaambiental2023?si=BLt58t0wuXquxlYZ"]}]}},"_links":{"self":[{"href":"https:\/\/patagoniambiental.com.ar\/info\/wp-json\/wp\/v2\/posts\/31369","targetHints":{"allow":["GET"]}}],"collection":[{"href":"https:\/\/patagoniambiental.com.ar\/info\/wp-json\/wp\/v2\/posts"}],"about":[{"href":"https:\/\/patagoniambiental.com.ar\/info\/wp-json\/wp\/v2\/types\/post"}],"author":[{"embeddable":true,"href":"https:\/\/patagoniambiental.com.ar\/info\/wp-json\/wp\/v2\/users\/2"}],"replies":[{"embeddable":true,"href":"https:\/\/patagoniambiental.com.ar\/info\/wp-json\/wp\/v2\/comments?post=31369"}],"version-history":[{"count":0,"href":"https:\/\/patagoniambiental.com.ar\/info\/wp-json\/wp\/v2\/posts\/31369\/revisions"}],"wp:featuredmedia":[{"embeddable":true,"href":"https:\/\/patagoniambiental.com.ar\/info\/wp-json\/wp\/v2\/media\/31370"}],"wp:attachment":[{"href":"https:\/\/patagoniambiental.com.ar\/info\/wp-json\/wp\/v2\/media?parent=31369"}],"wp:term":[{"taxonomy":"category","embeddable":true,"href":"https:\/\/patagoniambiental.com.ar\/info\/wp-json\/wp\/v2\/categories?post=31369"},{"taxonomy":"post_tag","embeddable":true,"href":"https:\/\/patagoniambiental.com.ar\/info\/wp-json\/wp\/v2\/tags?post=31369"}],"curies":[{"name":"wp","href":"https:\/\/api.w.org\/{rel}","templated":true}]}}