{"id":31405,"date":"2017-07-03T19:00:14","date_gmt":"2017-07-03T22:00:14","guid":{"rendered":"http:\/\/patagoniambiental.com.ar\/info\/?p=31405"},"modified":"2017-07-02T23:43:54","modified_gmt":"2017-07-03T02:43:54","slug":"en-la-ciudad-ya-hay-100-mil-perros-y-el-numero-alarma","status":"publish","type":"post","link":"https:\/\/patagoniambiental.com.ar\/info\/en-la-ciudad-ya-hay-100-mil-perros-y-el-numero-alarma\/","title":{"rendered":"En la ciudad ya hay 100 mil perros y el n\u00famero alarma"},"content":{"rendered":"<article id=\"article-post\" class=\"cat-rojo\">\n<header>\n<div class=\"row\">\n<div class=\"col-xs-12\">\n<p class=\"title\">Neuqu\u00e9n.-La Muni hace castraciones gratis y pide tenencia responsable.<\/p>\n<p><!--more--><\/p>\n<\/div>\n<\/div>\n<\/header>\n<div class=\"head-image thumb-wrap relative\">\n<div id=\"content-gallery\">\n<div id=\"fotogaleria-Object_3184_1797\" class=\"gallery\">\n<div class=\"col2\">\n<div class=\"image itemGallery classid482583\">\n<p><a title=\"Vida social. Los perros sueltos en la calle, la principal preocupaci\u00f3n del Municipio.\" href=\"https:\/\/media.lmneuquen.com\/adjuntos\/195\/imagenes\/002\/588\/0002588403.jpg\"><img fetchpriority=\"high\" decoding=\"async\" title=\"Vida social. Los perros sueltos en la calle\" src=\"https:\/\/media.lmneuquen.com\/adjuntos\/195\/imagenes\/002\/588\/0002588403.jpg\" alt=\"Vida social. Los perros sueltos en la calle\" width=\"770\" height=\"433\" \/><\/a><\/p>\n<div class=\"gallery-header\"><\/div>\n<div class=\"pieFoto\"><span class=\"epiinterior\">Vida social. Los perros sueltos en la calle, la principal preocupaci\u00f3n del Municipio.<\/span><span class=\"copyinterior\">Sebastian Fari\u00f1a Petersen<\/span><\/div>\n<\/div>\n<\/div>\n<div class=\"clearfix\"><\/div>\n<\/div>\n<\/div>\n<\/div>\n<div class=\"cuerpo\">\n<p><strong>Los neuquinos conviven con aproximadamente 100 mil perros, sea dentro o fuera de sus hogares.<\/strong>\u00a0El Municipio estima que hay un promedio de\u00a0<strong>tres animales por vivienda<\/strong>\u00a0(en algunos casos hasta cinco) y la poblaci\u00f3n canina ha aumentado tanto que ya encendi\u00f3 algunas luces de alerta, especialmente por los perros que andan sueltos por la calle y que, al deambular, ocasionan algunas complicaciones, como mordeduras a peatones, o desparraman enfermedades como la rabia o par\u00e1sitos dif\u00edciles de controlar.<\/p>\n<\/div>\n<\/article>\n<article id=\"article-post\" class=\"cat-rojo\">\n<div class=\"cuerpo\">\n<p>De momento, las pol\u00edticas para controlar la situaci\u00f3n pasan por acciones:<strong>\u00a0la esterilizaci\u00f3n y la desparasitaci\u00f3n gratuita<\/strong>. Sin embargo, cualquier buena intenci\u00f3n de las autoridades depende de la tenencia responsable de los due\u00f1os, explica la subsecretaria de Medio Ambiente de la Municipalidad,\u00a0<strong>Silvia Guti\u00e9rrez.<\/strong><\/p>\n<p>El tema adquiere mayor relieve en los barrios, donde encontrar animales sueltos es m\u00e1s frecuente a causa de una conducta acentuada de sus propietarios de abrirles las puertas para que hagan sus necesidades o procuren el alimento que no pueden suministrarles. Al respecto, Guti\u00e9rrez advirti\u00f3 que una alimentaci\u00f3n deficiente no solamente torna m\u00e1s violentos a los animales, sino que los convierte en agentes activos de contagio de enfermedades a trav\u00e9s de la caca.<\/p>\n<p>La cuesti\u00f3n de los excrementos no es problem\u00e1tica con los canes sueltos, sino tambi\u00e9n con los que salen a pasear con sus due\u00f1os que no juntan las heces en los espacios p\u00fablicos.<\/p>\n<p>Aun cuando en diversos puestos de la ciudad se encuentran los disp\u00e9nseres de bolsas de nylon para la caca de perro, las cuadrillas de limpieza juntan diariamente una importante cantidad de excrementos.<\/p>\n<div id=\"482584-Mediano-1989630726_wrap\" class=\"embed_cont type_imagen\">\n<div id=\"482584-Mediano-1989630726_content\" class=\"embed_content\"><img decoding=\"async\" id=\"482584-Mediano-1989630726_embed\" src=\"https:\/\/media.lmneuquen.com\/adjuntos\/195\/imagenes\/002\/588\/0002588411.jpg?0000-00-00-00-00-00\" alt=\"En Parque Industrial es posible hallar un perro para adoptar.\" \/><\/div>\n<div id=\"482584-Mediano-1989630726_epigrafe\" class=\"embed_epigrafe\">En Parque Industrial es posible hallar un perro para adoptar.<\/div>\n<div id=\"482584-Mediano-1989630726_copyright\" class=\"embed_copyright\">Sebastian Fari\u00f1a Petersen<\/div>\n<\/div>\n<p>Para hacer frente al crecimiento exponencial de la poblaci\u00f3n canina,<strong>\u00a0el Municipio est\u00e1 llevando a cabo\u00a0<a href=\"https:\/\/www.lmneuquen.com\/aumentaron-un-55-las-castraciones-gratuitas-la-muni-n544668\">castraciones gratuitas<\/a>\u00a0en los barrios a trav\u00e9s de quir\u00f3fanos<\/strong>\u00a0m\u00f3viles que esterilizan unos siete mil animales al a\u00f1o.<\/p>\n<p>La Municipalidad destac\u00f3 la respuesta de los vecinos a este servicio. En el barrio Almafuerte en s\u00f3lo tres d\u00edas,\u00a0<strong>los veterinarios de Zoonosis castraron 115 animales.<\/strong><\/p>\n<p>Hasta el pr\u00f3ximo viernes, el quir\u00f3fano m\u00f3vil de la Municipalidad permanecer\u00e1 en el Gimnasio Polideportivo del barrio Gregorio \u00c1lvarez, ubicado en calle Coll\u00f3n Cur\u00e1 y Avenida del Trabajador.<\/p>\n<p>Una operaci\u00f3n de castraci\u00f3n en forma particular cuesta aproximadamente 2 mil pesos en cualquiera de las veterinarias que funcionan en la ciudad. Guti\u00e9rrez se\u00f1al\u00f3 que los quir\u00f3fanos m\u00f3viles tambi\u00e9n entregan antiparasitarios gratis.<\/p>\n<p><strong>C\u00f3mo evitar los problemas<\/strong><\/p>\n<p>Los perros deben permanecer en el interior de las viviendas con un cuidado \u00f3ptimo.<\/p>\n<p>Al salir a pasear a las mascotas, los due\u00f1os deben hacerse responsables de juntar las heces. La Muni distribuye bolsitas gratuitamente en paseos p\u00fablicos.<\/p>\n<p>No dar de comer cualquier cosa a los perros que andan sueltos por la calle o frecuentan algunos espacios p\u00fablicos. Hay alimentos, como sobras de comidas en los hogares, que no son saludables para los animales y luego contaminan a trav\u00e9s de la caca.<\/p>\n<p><span id=\"saysCMSEmphasisx8ftj8212p\" class=\"saysCMSEmphasis\">2000 pesos cobran actualmente las veterinarias para castrar una mascota.<\/span><\/p>\n<p>El Municipio hace las operaciones en forma gratuita en los quir\u00f3fanos m\u00f3viles que andan por los barrios. Adem\u00e1s, entrega antiparasitarios.<\/p>\n<p><span id=\"saysCMSEmphasisjfe18mlt1q\" class=\"saysCMSEmphasis\">5 Hasta esa cantidad de perros suelen convivir en algunos hogares neuquinos.<\/span><\/p>\n<p>Rige una ordenanza de tenencia responsable de mascotas que permite denunciar a los propietarios de perros que no los cuiden como corresponde.<\/p>\n<p><strong>Las mascotas que esperan que alguien las adopte<\/strong><\/p>\n<p>Actualmente hay m\u00e1s de 50 perros listos para ser adoptados en la direcci\u00f3n municipal de Zoonosis en el barrio Ciudad Industrial Jaime de Nevares.<\/p>\n<p>Los animales est\u00e1n castrados, desparasitados y en buenas condiciones sanitarias. Se trata de perros que fueron rescatados por el municipio o por vecinos que no les pueden hacer un lugar en sus hogares.<\/p>\n<p>Se trata del programa \u201c<strong>Mi amigo, mi mascota\u201d,<\/strong>\u00a0que funciona en el \u00e1rea de Zoonosis, en calle Domingo Savio 3215 de Parque Industrial, y que es coordinado por las responsables de la Asociaci\u00f3n Neuquina del Cuidado del Animal (ANCA).<\/p>\n<p><strong>Ana Posdema, miembro de ANCA, explic\u00f3 que para adoptar un perro no hace falta m\u00e1s que contactarse a los n\u00fameros de tel\u00e9fono 441-3523, 299-5045138 o 299-5806188<\/strong>\u00a0para acordar una visita a los caniles donde se encuentran las mascotas.<\/p>\n<p>Posdena explic\u00f3 que los adoptantes deben comprometerse a ejercer una tenencia responsable de las mascotas y a confeccionar un registro con sus datos personales.<\/p>\n<p>ANCA se ocupa de seleccionar el animal que pretende el adoptante de acuerdo con la disponibilidad, previo a establecer cu\u00e1l es el objetivo de llevarse la mascota (seguridad, compa\u00f1\u00eda, etc).<\/p>\n<p>\u201cNo vamos a entregar un pitbull a una familia que vive en un departamento de dimensiones peque\u00f1as. Una raza as\u00ed requiere de condiciones apropiadas\u201d, explic\u00f3.<\/p>\n<p>La entrega en adopci\u00f3n es gratuita. Sin embargo, ANCA agradece si, a cambio, los adoptantes pueden ofrecer alimento para perros a modo de donaci\u00f3n para atender la demanda de los animales que esperan una familia que los lleve.<\/p>\n<p>Los adoptantes reciben consejos respecto de c\u00f3mo tratar a los animales y cu\u00e1les son los cuidados necesarios para que no haya problemas en los hogares.<\/p>\n<p>Adem\u00e1s, debe haber un compromiso expreso de los adoptantes respecto de una tenencia responsable de la mascota, as\u00ed como de su atenci\u00f3n sanitaria.<\/p>\n<p>Fuente: La Ma\u00f1ana Neuqu\u00e9n<\/p>\n<\/div>\n<\/article>\n","protected":false},"excerpt":{"rendered":"<p>Neuqu\u00e9n.-La Muni hace castraciones gratis y pide tenencia responsable.<\/p>\n","protected":false},"author":2,"featured_media":31408,"comment_status":"open","ping_status":"open","sticky":false,"template":"","format":"standard","meta":{"site-sidebar-layout":"default","site-content-layout":"","ast-site-content-layout":"default","site-content-style":"default","site-sidebar-style":"default","ast-global-header-display":"","ast-banner-title-visibility":"","ast-main-header-display":"","ast-hfb-above-header-display":"","ast-hfb-below-header-display":"","ast-hfb-mobile-header-display":"","site-post-title":"","ast-breadcrumbs-content":"","ast-featured-img":"","footer-sml-layout":"","ast-disable-related-posts":"","theme-transparent-header-meta":"","adv-header-id-meta":"","stick-header-meta":"","header-above-stick-meta":"","header-main-stick-meta":"","header-below-stick-meta":"","astra-migrate-meta-layouts":"default","ast-page-background-enabled":"default","ast-page-background-meta":{"desktop":{"background-color":"var(--ast-global-color-5)","background-image":"","background-repeat":"repeat","background-position":"center center","background-size":"auto","background-attachment":"scroll","background-type":"","background-media":"","overlay-type":"","overlay-color":"","overlay-opacity":"","overlay-gradient":""},"tablet":{"background-color":"","background-image":"","background-repeat":"repeat","background-position":"center center","background-size":"auto","background-attachment":"scroll","background-type":"","background-media":"","overlay-type":"","overlay-color":"","overlay-opacity":"","overlay-gradient":""},"mobile":{"background-color":"","background-image":"","background-repeat":"repeat","background-position":"center center","background-size":"auto","background-attachment":"scroll","background-type":"","background-media":"","overlay-type":"","overlay-color":"","overlay-opacity":"","overlay-gradient":""}},"ast-content-background-meta":{"desktop":{"background-color":"var(--ast-global-color-4)","background-image":"","background-repeat":"repeat","background-position":"center center","background-size":"auto","background-attachment":"scroll","background-type":"","background-media":"","overlay-type":"","overlay-color":"","overlay-opacity":"","overlay-gradient":""},"tablet":{"background-color":"var(--ast-global-color-4)","background-image":"","background-repeat":"repeat","background-position":"center center","background-size":"auto","background-attachment":"scroll","background-type":"","background-media":"","overlay-type":"","overlay-color":"","overlay-opacity":"","overlay-gradient":""},"mobile":{"background-color":"var(--ast-global-color-4)","background-image":"","background-repeat":"repeat","background-position":"center center","background-size":"auto","background-attachment":"scroll","background-type":"","background-media":"","overlay-type":"","overlay-color":"","overlay-opacity":"","overlay-gradient":""}},"footnotes":""},"categories":[16,1],"tags":[],"class_list":["post-31405","post","type-post","status-publish","format-standard","has-post-thumbnail","hentry","category-municipales","category-noticias"],"yoast_head":"<!-- This site is optimized with the Yoast SEO Premium plugin v23.0 (Yoast SEO v27.4) - https:\/\/yoast.com\/product\/yoast-seo-premium-wordpress\/ -->\n<title>En la ciudad ya hay 100 mil perros y el n\u00famero alarma<\/title>\n<meta name=\"robots\" content=\"index, follow, max-snippet:-1, max-image-preview:large, max-video-preview:-1\" \/>\n<link rel=\"canonical\" href=\"https:\/\/patagoniambiental.com.ar\/info\/en-la-ciudad-ya-hay-100-mil-perros-y-el-numero-alarma\/\" \/>\n<meta property=\"og:locale\" content=\"es_ES\" \/>\n<meta property=\"og:type\" content=\"article\" \/>\n<meta property=\"og:title\" content=\"En la ciudad ya hay 100 mil perros y el n\u00famero alarma\" \/>\n<meta property=\"og:description\" content=\"Neuqu\u00e9n.-La Muni hace castraciones gratis y pide tenencia responsable.\" \/>\n<meta property=\"og:url\" content=\"https:\/\/patagoniambiental.com.ar\/info\/en-la-ciudad-ya-hay-100-mil-perros-y-el-numero-alarma\/\" \/>\n<meta property=\"og:site_name\" content=\"Patagonia Ambiental\" \/>\n<meta property=\"article:publisher\" content=\"https:\/\/www.facebook.com\/patagonia.ambiental\" \/>\n<meta property=\"article:author\" content=\"https:\/\/www.facebook.com\/share\/1C1V8Gv9BX\/?mibextid=qi2Omg\" \/>\n<meta property=\"article:published_time\" content=\"2017-07-03T22:00:14+00:00\" \/>\n<meta property=\"og:image\" content=\"https:\/\/patagoniambiental.com.ar\/info\/wp-content\/uploads\/2017\/07\/0002588403.jpg\" \/>\n\t<meta property=\"og:image:width\" content=\"770\" \/>\n\t<meta property=\"og:image:height\" content=\"433\" \/>\n\t<meta property=\"og:image:type\" content=\"image\/jpeg\" \/>\n<meta name=\"author\" content=\"Patagonia Ambiental\" \/>\n<meta name=\"twitter:card\" content=\"summary_large_image\" \/>\n<meta name=\"twitter:creator\" content=\"@PatAmb\" \/>\n<meta name=\"twitter:site\" content=\"@PatAmb\" \/>\n<script type=\"application\/ld+json\" class=\"yoast-schema-graph\">{\"@context\":\"https:\\\/\\\/schema.org\",\"@graph\":[{\"@type\":\"Article\",\"@id\":\"https:\\\/\\\/patagoniambiental.com.ar\\\/info\\\/en-la-ciudad-ya-hay-100-mil-perros-y-el-numero-alarma\\\/#article\",\"isPartOf\":{\"@id\":\"https:\\\/\\\/patagoniambiental.com.ar\\\/info\\\/en-la-ciudad-ya-hay-100-mil-perros-y-el-numero-alarma\\\/\"},\"author\":{\"name\":\"Patagonia Ambiental\",\"@id\":\"https:\\\/\\\/patagoniambiental.com.ar\\\/info\\\/#\\\/schema\\\/person\\\/db12bff64bbcbf6a253710bf0ea37b5d\"},\"headline\":\"En la ciudad ya hay 100 mil perros y el n\u00famero alarma\",\"datePublished\":\"2017-07-03T22:00:14+00:00\",\"mainEntityOfPage\":{\"@id\":\"https:\\\/\\\/patagoniambiental.com.ar\\\/info\\\/en-la-ciudad-ya-hay-100-mil-perros-y-el-numero-alarma\\\/\"},\"wordCount\":953,\"commentCount\":0,\"publisher\":{\"@id\":\"https:\\\/\\\/patagoniambiental.com.ar\\\/info\\\/#organization\"},\"image\":{\"@id\":\"https:\\\/\\\/patagoniambiental.com.ar\\\/info\\\/en-la-ciudad-ya-hay-100-mil-perros-y-el-numero-alarma\\\/#primaryimage\"},\"thumbnailUrl\":\"https:\\\/\\\/patagoniambiental.com.ar\\\/info\\\/wp-content\\\/uploads\\\/2017\\\/07\\\/0002588403.jpg\",\"articleSection\":[\"Municipales\",\"Noticias\"],\"inLanguage\":\"es\",\"potentialAction\":[{\"@type\":\"CommentAction\",\"name\":\"Comment\",\"target\":[\"https:\\\/\\\/patagoniambiental.com.ar\\\/info\\\/en-la-ciudad-ya-hay-100-mil-perros-y-el-numero-alarma\\\/#respond\"]}]},{\"@type\":\"WebPage\",\"@id\":\"https:\\\/\\\/patagoniambiental.com.ar\\\/info\\\/en-la-ciudad-ya-hay-100-mil-perros-y-el-numero-alarma\\\/\",\"url\":\"https:\\\/\\\/patagoniambiental.com.ar\\\/info\\\/en-la-ciudad-ya-hay-100-mil-perros-y-el-numero-alarma\\\/\",\"name\":\"En la ciudad ya hay 100 mil perros y el n\u00famero alarma\",\"isPartOf\":{\"@id\":\"https:\\\/\\\/patagoniambiental.com.ar\\\/info\\\/#website\"},\"primaryImageOfPage\":{\"@id\":\"https:\\\/\\\/patagoniambiental.com.ar\\\/info\\\/en-la-ciudad-ya-hay-100-mil-perros-y-el-numero-alarma\\\/#primaryimage\"},\"image\":{\"@id\":\"https:\\\/\\\/patagoniambiental.com.ar\\\/info\\\/en-la-ciudad-ya-hay-100-mil-perros-y-el-numero-alarma\\\/#primaryimage\"},\"thumbnailUrl\":\"https:\\\/\\\/patagoniambiental.com.ar\\\/info\\\/wp-content\\\/uploads\\\/2017\\\/07\\\/0002588403.jpg\",\"datePublished\":\"2017-07-03T22:00:14+00:00\",\"breadcrumb\":{\"@id\":\"https:\\\/\\\/patagoniambiental.com.ar\\\/info\\\/en-la-ciudad-ya-hay-100-mil-perros-y-el-numero-alarma\\\/#breadcrumb\"},\"inLanguage\":\"es\",\"potentialAction\":[{\"@type\":\"ReadAction\",\"target\":[\"https:\\\/\\\/patagoniambiental.com.ar\\\/info\\\/en-la-ciudad-ya-hay-100-mil-perros-y-el-numero-alarma\\\/\"]}]},{\"@type\":\"ImageObject\",\"inLanguage\":\"es\",\"@id\":\"https:\\\/\\\/patagoniambiental.com.ar\\\/info\\\/en-la-ciudad-ya-hay-100-mil-perros-y-el-numero-alarma\\\/#primaryimage\",\"url\":\"https:\\\/\\\/patagoniambiental.com.ar\\\/info\\\/wp-content\\\/uploads\\\/2017\\\/07\\\/0002588403.jpg\",\"contentUrl\":\"https:\\\/\\\/patagoniambiental.com.ar\\\/info\\\/wp-content\\\/uploads\\\/2017\\\/07\\\/0002588403.jpg\",\"width\":770,\"height\":433},{\"@type\":\"BreadcrumbList\",\"@id\":\"https:\\\/\\\/patagoniambiental.com.ar\\\/info\\\/en-la-ciudad-ya-hay-100-mil-perros-y-el-numero-alarma\\\/#breadcrumb\",\"itemListElement\":[{\"@type\":\"ListItem\",\"position\":1,\"name\":\"Inicio\",\"item\":\"https:\\\/\\\/patagoniambiental.com.ar\\\/info\\\/\"},{\"@type\":\"ListItem\",\"position\":2,\"name\":\"En la ciudad ya hay 100 mil perros y el n\u00famero alarma\"}]},{\"@type\":\"WebSite\",\"@id\":\"https:\\\/\\\/patagoniambiental.com.ar\\\/info\\\/#website\",\"url\":\"https:\\\/\\\/patagoniambiental.com.ar\\\/info\\\/\",\"name\":\"Patagonia Ambiental\",\"description\":\"Monitoreo y an\u00e1lisis de la situaci\u00f3n geopol\u00edtica en el mundo y su implicancia en la Patagonia\",\"publisher\":{\"@id\":\"https:\\\/\\\/patagoniambiental.com.ar\\\/info\\\/#organization\"},\"potentialAction\":[{\"@type\":\"SearchAction\",\"target\":{\"@type\":\"EntryPoint\",\"urlTemplate\":\"https:\\\/\\\/patagoniambiental.com.ar\\\/info\\\/?s={search_term_string}\"},\"query-input\":{\"@type\":\"PropertyValueSpecification\",\"valueRequired\":true,\"valueName\":\"search_term_string\"}}],\"inLanguage\":\"es\"},{\"@type\":\"Organization\",\"@id\":\"https:\\\/\\\/patagoniambiental.com.ar\\\/info\\\/#organization\",\"name\":\"Patagonia Ambiental\",\"url\":\"https:\\\/\\\/patagoniambiental.com.ar\\\/info\\\/\",\"logo\":{\"@type\":\"ImageObject\",\"inLanguage\":\"es\",\"@id\":\"https:\\\/\\\/patagoniambiental.com.ar\\\/info\\\/#\\\/schema\\\/logo\\\/image\\\/\",\"url\":\"https:\\\/\\\/patagoniambiental.com.ar\\\/info\\\/wp-content\\\/uploads\\\/2025\\\/05\\\/LOGO-PATAGONIA-AMBIENTAL.png\",\"contentUrl\":\"https:\\\/\\\/patagoniambiental.com.ar\\\/info\\\/wp-content\\\/uploads\\\/2025\\\/05\\\/LOGO-PATAGONIA-AMBIENTAL.png\",\"width\":433,\"height\":250,\"caption\":\"Patagonia Ambiental\"},\"image\":{\"@id\":\"https:\\\/\\\/patagoniambiental.com.ar\\\/info\\\/#\\\/schema\\\/logo\\\/image\\\/\"},\"sameAs\":[\"https:\\\/\\\/www.facebook.com\\\/patagonia.ambiental\",\"https:\\\/\\\/x.com\\\/PatAmb\"]},{\"@type\":\"Person\",\"@id\":\"https:\\\/\\\/patagoniambiental.com.ar\\\/info\\\/#\\\/schema\\\/person\\\/db12bff64bbcbf6a253710bf0ea37b5d\",\"name\":\"Patagonia Ambiental\",\"description\":\"Andr\u00e9s Nievas T\u00e9cnico en manejo ambiental, consultor Ambiental y escritor para medios locales e internacionales sobre temas de geopolitica y medio ambiente.\",\"sameAs\":[\"http:\\\/\\\/www.patagoniambiental.com.ar\",\"https:\\\/\\\/www.facebook.com\\\/share\\\/1C1V8Gv9BX\\\/?mibextid=qi2Omg\",\"@patagoniambiental\",\"https:\\\/\\\/youtube.com\\\/@patagoniaambiental2023?si=BLt58t0wuXquxlYZ\"]}]}<\/script>\n<!-- \/ Yoast SEO Premium plugin. -->","yoast_head_json":{"title":"En la ciudad ya hay 100 mil perros y el n\u00famero alarma","robots":{"index":"index","follow":"follow","max-snippet":"max-snippet:-1","max-image-preview":"max-image-preview:large","max-video-preview":"max-video-preview:-1"},"canonical":"https:\/\/patagoniambiental.com.ar\/info\/en-la-ciudad-ya-hay-100-mil-perros-y-el-numero-alarma\/","og_locale":"es_ES","og_type":"article","og_title":"En la ciudad ya hay 100 mil perros y el n\u00famero alarma","og_description":"Neuqu\u00e9n.-La Muni hace castraciones gratis y pide tenencia responsable.","og_url":"https:\/\/patagoniambiental.com.ar\/info\/en-la-ciudad-ya-hay-100-mil-perros-y-el-numero-alarma\/","og_site_name":"Patagonia Ambiental","article_publisher":"https:\/\/www.facebook.com\/patagonia.ambiental","article_author":"https:\/\/www.facebook.com\/share\/1C1V8Gv9BX\/?mibextid=qi2Omg","article_published_time":"2017-07-03T22:00:14+00:00","og_image":[{"width":770,"height":433,"url":"https:\/\/patagoniambiental.com.ar\/info\/wp-content\/uploads\/2017\/07\/0002588403.jpg","type":"image\/jpeg"}],"author":"Patagonia Ambiental","twitter_card":"summary_large_image","twitter_creator":"@PatAmb","twitter_site":"@PatAmb","schema":{"@context":"https:\/\/schema.org","@graph":[{"@type":"Article","@id":"https:\/\/patagoniambiental.com.ar\/info\/en-la-ciudad-ya-hay-100-mil-perros-y-el-numero-alarma\/#article","isPartOf":{"@id":"https:\/\/patagoniambiental.com.ar\/info\/en-la-ciudad-ya-hay-100-mil-perros-y-el-numero-alarma\/"},"author":{"name":"Patagonia Ambiental","@id":"https:\/\/patagoniambiental.com.ar\/info\/#\/schema\/person\/db12bff64bbcbf6a253710bf0ea37b5d"},"headline":"En la ciudad ya hay 100 mil perros y el n\u00famero alarma","datePublished":"2017-07-03T22:00:14+00:00","mainEntityOfPage":{"@id":"https:\/\/patagoniambiental.com.ar\/info\/en-la-ciudad-ya-hay-100-mil-perros-y-el-numero-alarma\/"},"wordCount":953,"commentCount":0,"publisher":{"@id":"https:\/\/patagoniambiental.com.ar\/info\/#organization"},"image":{"@id":"https:\/\/patagoniambiental.com.ar\/info\/en-la-ciudad-ya-hay-100-mil-perros-y-el-numero-alarma\/#primaryimage"},"thumbnailUrl":"https:\/\/patagoniambiental.com.ar\/info\/wp-content\/uploads\/2017\/07\/0002588403.jpg","articleSection":["Municipales","Noticias"],"inLanguage":"es","potentialAction":[{"@type":"CommentAction","name":"Comment","target":["https:\/\/patagoniambiental.com.ar\/info\/en-la-ciudad-ya-hay-100-mil-perros-y-el-numero-alarma\/#respond"]}]},{"@type":"WebPage","@id":"https:\/\/patagoniambiental.com.ar\/info\/en-la-ciudad-ya-hay-100-mil-perros-y-el-numero-alarma\/","url":"https:\/\/patagoniambiental.com.ar\/info\/en-la-ciudad-ya-hay-100-mil-perros-y-el-numero-alarma\/","name":"En la ciudad ya hay 100 mil perros y el n\u00famero alarma","isPartOf":{"@id":"https:\/\/patagoniambiental.com.ar\/info\/#website"},"primaryImageOfPage":{"@id":"https:\/\/patagoniambiental.com.ar\/info\/en-la-ciudad-ya-hay-100-mil-perros-y-el-numero-alarma\/#primaryimage"},"image":{"@id":"https:\/\/patagoniambiental.com.ar\/info\/en-la-ciudad-ya-hay-100-mil-perros-y-el-numero-alarma\/#primaryimage"},"thumbnailUrl":"https:\/\/patagoniambiental.com.ar\/info\/wp-content\/uploads\/2017\/07\/0002588403.jpg","datePublished":"2017-07-03T22:00:14+00:00","breadcrumb":{"@id":"https:\/\/patagoniambiental.com.ar\/info\/en-la-ciudad-ya-hay-100-mil-perros-y-el-numero-alarma\/#breadcrumb"},"inLanguage":"es","potentialAction":[{"@type":"ReadAction","target":["https:\/\/patagoniambiental.com.ar\/info\/en-la-ciudad-ya-hay-100-mil-perros-y-el-numero-alarma\/"]}]},{"@type":"ImageObject","inLanguage":"es","@id":"https:\/\/patagoniambiental.com.ar\/info\/en-la-ciudad-ya-hay-100-mil-perros-y-el-numero-alarma\/#primaryimage","url":"https:\/\/patagoniambiental.com.ar\/info\/wp-content\/uploads\/2017\/07\/0002588403.jpg","contentUrl":"https:\/\/patagoniambiental.com.ar\/info\/wp-content\/uploads\/2017\/07\/0002588403.jpg","width":770,"height":433},{"@type":"BreadcrumbList","@id":"https:\/\/patagoniambiental.com.ar\/info\/en-la-ciudad-ya-hay-100-mil-perros-y-el-numero-alarma\/#breadcrumb","itemListElement":[{"@type":"ListItem","position":1,"name":"Inicio","item":"https:\/\/patagoniambiental.com.ar\/info\/"},{"@type":"ListItem","position":2,"name":"En la ciudad ya hay 100 mil perros y el n\u00famero alarma"}]},{"@type":"WebSite","@id":"https:\/\/patagoniambiental.com.ar\/info\/#website","url":"https:\/\/patagoniambiental.com.ar\/info\/","name":"Patagonia Ambiental","description":"Monitoreo y an\u00e1lisis de la situaci\u00f3n geopol\u00edtica en el mundo y su implicancia en la Patagonia","publisher":{"@id":"https:\/\/patagoniambiental.com.ar\/info\/#organization"},"potentialAction":[{"@type":"SearchAction","target":{"@type":"EntryPoint","urlTemplate":"https:\/\/patagoniambiental.com.ar\/info\/?s={search_term_string}"},"query-input":{"@type":"PropertyValueSpecification","valueRequired":true,"valueName":"search_term_string"}}],"inLanguage":"es"},{"@type":"Organization","@id":"https:\/\/patagoniambiental.com.ar\/info\/#organization","name":"Patagonia Ambiental","url":"https:\/\/patagoniambiental.com.ar\/info\/","logo":{"@type":"ImageObject","inLanguage":"es","@id":"https:\/\/patagoniambiental.com.ar\/info\/#\/schema\/logo\/image\/","url":"https:\/\/patagoniambiental.com.ar\/info\/wp-content\/uploads\/2025\/05\/LOGO-PATAGONIA-AMBIENTAL.png","contentUrl":"https:\/\/patagoniambiental.com.ar\/info\/wp-content\/uploads\/2025\/05\/LOGO-PATAGONIA-AMBIENTAL.png","width":433,"height":250,"caption":"Patagonia Ambiental"},"image":{"@id":"https:\/\/patagoniambiental.com.ar\/info\/#\/schema\/logo\/image\/"},"sameAs":["https:\/\/www.facebook.com\/patagonia.ambiental","https:\/\/x.com\/PatAmb"]},{"@type":"Person","@id":"https:\/\/patagoniambiental.com.ar\/info\/#\/schema\/person\/db12bff64bbcbf6a253710bf0ea37b5d","name":"Patagonia Ambiental","description":"Andr\u00e9s Nievas T\u00e9cnico en manejo ambiental, consultor Ambiental y escritor para medios locales e internacionales sobre temas de geopolitica y medio ambiente.","sameAs":["http:\/\/www.patagoniambiental.com.ar","https:\/\/www.facebook.com\/share\/1C1V8Gv9BX\/?mibextid=qi2Omg","@patagoniambiental","https:\/\/youtube.com\/@patagoniaambiental2023?si=BLt58t0wuXquxlYZ"]}]}},"_links":{"self":[{"href":"https:\/\/patagoniambiental.com.ar\/info\/wp-json\/wp\/v2\/posts\/31405","targetHints":{"allow":["GET"]}}],"collection":[{"href":"https:\/\/patagoniambiental.com.ar\/info\/wp-json\/wp\/v2\/posts"}],"about":[{"href":"https:\/\/patagoniambiental.com.ar\/info\/wp-json\/wp\/v2\/types\/post"}],"author":[{"embeddable":true,"href":"https:\/\/patagoniambiental.com.ar\/info\/wp-json\/wp\/v2\/users\/2"}],"replies":[{"embeddable":true,"href":"https:\/\/patagoniambiental.com.ar\/info\/wp-json\/wp\/v2\/comments?post=31405"}],"version-history":[{"count":0,"href":"https:\/\/patagoniambiental.com.ar\/info\/wp-json\/wp\/v2\/posts\/31405\/revisions"}],"wp:featuredmedia":[{"embeddable":true,"href":"https:\/\/patagoniambiental.com.ar\/info\/wp-json\/wp\/v2\/media\/31408"}],"wp:attachment":[{"href":"https:\/\/patagoniambiental.com.ar\/info\/wp-json\/wp\/v2\/media?parent=31405"}],"wp:term":[{"taxonomy":"category","embeddable":true,"href":"https:\/\/patagoniambiental.com.ar\/info\/wp-json\/wp\/v2\/categories?post=31405"},{"taxonomy":"post_tag","embeddable":true,"href":"https:\/\/patagoniambiental.com.ar\/info\/wp-json\/wp\/v2\/tags?post=31405"}],"curies":[{"name":"wp","href":"https:\/\/api.w.org\/{rel}","templated":true}]}}