{"id":31481,"date":"2017-07-04T19:00:59","date_gmt":"2017-07-04T22:00:59","guid":{"rendered":"http:\/\/patagoniambiental.com.ar\/info\/?p=31481"},"modified":"2017-07-04T09:13:02","modified_gmt":"2017-07-04T12:13:02","slug":"la-ordenanza-para-drones-cayo-antes-de-tomar-vuelo","status":"publish","type":"post","link":"https:\/\/patagoniambiental.com.ar\/info\/la-ordenanza-para-drones-cayo-antes-de-tomar-vuelo\/","title":{"rendered":"La ordenanza para drones cay\u00f3 antes de tomar vuelo"},"content":{"rendered":"<article id=\"article-post\" class=\"cat-rojo\">\n<header>\n<div class=\"row\">\n<div class=\"col-xs-12\">\n<p class=\"title\">Neuqu\u00e9n.-Las aeronaves no tripuladas ya est\u00e1n reguladas, pero un concejal pretend\u00eda cobrarles un canon municipal.<\/p>\n<p><!--more--><\/p>\n<\/div>\n<\/div>\n<\/header>\n<div class=\"head-image thumb-wrap relative\">\n<div id=\"content-gallery\">\n<div id=\"fotogaleria-Object_3184_1797\" class=\"gallery\">\n<div class=\"col2\">\n<div class=\"image itemGallery classid482898\"><a title=\"Los pilotos de drones llevaron todos los antecedentes sobre la regulaci\u00f3n nacional al Concejo Deliberante.\" href=\"https:\/\/media.lmneuquen.com\/adjuntos\/195\/imagenes\/002\/592\/0002592290.jpg\"><img fetchpriority=\"high\" decoding=\"async\" title=\"Los pilotos de drones llevaron todos los antecedentes sobre la regulaci\u00f3n nacional al Concejo Deliberante.\" src=\"https:\/\/media.lmneuquen.com\/adjuntos\/195\/imagenes\/002\/592\/0002592290.jpg\" alt=\"Los pilotos de drones llevaron todos los antecedentes sobre la regulaci\u00f3n nacional al Concejo Deliberante.\" width=\"770\" height=\"433\" \/><\/a><\/p>\n<div class=\"gallery-header\"><\/div>\n<div class=\"pieFoto\"><span class=\"epiinterior\">Los pilotos de drones llevaron todos los antecedentes sobre la regulaci\u00f3n nacional al Concejo Deliberante.<\/span><span class=\"copyinterior\">Agust\u00edn Mart\u00ednez<\/span><\/div>\n<\/div>\n<\/div>\n<div class=\"clearfix\"><\/div>\n<\/div>\n<\/div>\n<\/div>\n<div class=\"cuerpo\">\n<p>Fue contundente. Los pilotos de drones neuquinos demostraron ayer en el\u00a0<a class=\"agrupador\" href=\"https:\/\/www.lmneuquen.com\/URL_AGRUPADOR_195\/concejo-deliberante-a131\" rel=\"131\">Concejo Deliberante<\/a>\u00a0que est\u00e1n regulados por la Asociaci\u00f3n Nacional de Aviaci\u00f3n Civil (ANAC) y que cumplen con tantas normas de seguridad que cualquier intento de controlarlos a nivel municipal ser\u00eda redundante.<\/p>\n<div class=\"teads-inread\"><\/div>\n<\/div>\n<\/article>\n<p>&nbsp;<\/p>\n<article id=\"article-post\" class=\"cat-rojo\">\n<div class=\"cuerpo\">\n<p>Tras la exposici\u00f3n,<strong>\u00a0todos los bloques pol\u00edticos le dieron la espalda al proyecto del edil Luis Dur\u00e1n (FPN),<\/strong>quien buscaba crear un registro y cobrarles una tasa.<\/p>\n<p><a href=\"https:\/\/www.lmneuquen.com\/Proponen%20regular%20el%20uso%20de%20drones%20en%20la%20ciudad\">Dur\u00e1n present\u00f3 dos proyectos de ordenanza, uno para inscribir a los droneros y otro para que paguen por el uso del espacio p\u00fablico.<\/a>\u00a0R\u00e1pidamente, los due\u00f1os de los aparatitos voladores se organizaron y, en pocos d\u00edas, reunieron 316 firmas en contra de la propuesta. Tambi\u00e9n llevaron ayer una carpeta con fundamentos jur\u00eddicos y legales para descartar una regulaci\u00f3n a nivel local.<\/p>\n<p>Daniel Salazar, uno de los pilotos de dron, remarc\u00f3 que \u201cquisieron inventar algo que ya est\u00e1 previsto en la resoluci\u00f3n nacional 527 de 2015\u201d, y pidi\u00f3 a los concejales que se definan, \u201cporque muchos en el pa\u00eds est\u00e1n viendo lo que pasa en Neuqu\u00e9n, ya que este proyecto sentar\u00eda un mal precedente\u201d.<\/p>\n<p>Inform\u00f3 que para usar un dron hay que sacar un carnet, que lo otorga la ANAC y s\u00f3lo se entrega luego de aprobar una capacitaci\u00f3n en Buenos Aires y contratar un seguro. Adem\u00e1s, detall\u00f3, \u201chasta los equipos m\u00e1s b\u00e1sicos tienen un software y, como trabajan con GPS, no te dejan volar en lugares prohibidos como aeropuertos, porque ni siquiera encienden los motores, as\u00ed que nadie puede ir en contra de las reglas ni aunque quiera hacer da\u00f1o\u201d.<\/p>\n<p><strong>Ratificaci\u00f3n<\/strong><\/p>\n<p>El representante de la ANAC en Neuqu\u00e9n, Juan Pratis, tambi\u00e9n fue ayer al Deliberante y ratific\u00f3 los argumentos de los droneros, lo que termin\u00f3 de sepultar el proyecto de Dur\u00e1n. Nadie quiso firmar un despacho y la iniciativa qued\u00f3 cajoneada. A menos que haya alg\u00fan cambio de opini\u00f3n, su destino m\u00e1s probable es el archivo.<\/p>\n<p>Santiago Mont\u00f3rfano (NCN-PRO), presidente de la comisi\u00f3n donde se analiz\u00f3 el tema, explic\u00f3 que \u201cel oficialismo est\u00e1 en contra de esto porque est\u00e1 claro que ya lo regula el Estado nacional y, de insistir, se correr\u00eda riesgo de que la Municipalidad reciba demandas judiciales\u201d.<\/p>\n<p>Andrea Ferracioli (MPN) coment\u00f3 que la exposici\u00f3n de los droneros \u201cdej\u00f3 conformes pr\u00e1cticamente a todos, porque quiz\u00e1s hab\u00eda una preocupaci\u00f3n de que se usen en zonas peligrosas y qued\u00f3 claro que no es posible, todas las cuestiones de seguridad est\u00e1n resueltas\u201d.<\/p>\n<p>Adem\u00e1s de los argumentos legales, los droneros neuquinos demostraron que en nuestra provincia no existe ninguna denuncia policial o accidente por el uso de estos aparatos.<\/p>\n<p>La reuni\u00f3n culmin\u00f3 con un pronunciamiento de todos los bloques, salvo el FPN, en contra de regular el uso de drones a nivel local. Fue un rechazo que dif\u00edcilmente se pueda revertir.<\/p>\n<p><span id=\"saysCMSEmphasiszqitaaraqve\" class=\"saysCMSEmphasis\">25 Es la cantidad de droneros que hay en la ciudad.<\/span><\/p>\n<p>Muchos usan los equipos para trabajar. Hay periodistas, fot\u00f3grafos, productores audiovisuales, empresas de vigilancia, ge\u00f3grafos y agrimensores.<\/p>\n<p><strong>Dur\u00e1n insistir\u00e1 en su idea<\/strong><\/p>\n<p>Aunque qued\u00f3 solo con la idea de controlar los drones, el concejal Luis Dur\u00e1n (FPN) anunci\u00f3 que no dejar\u00e1 que el proyecto se descarte. Para lograrlo necesitar\u00e1 que al menos un edil de otro bloque pol\u00edtico le firme el documento.<\/p>\n<p>\u201cEsto no se pens\u00f3 por una cuesti\u00f3n recaudatoria, el problema es la seguridad\u201d, afirm\u00f3. Observ\u00f3 que, si bien la ANAC regula a los drones, \u201cno tienen estructura suficiente porque si un vecino est\u00e1 en la pileta y alguien le saca fotos en el patio de su casa, no hay d\u00f3nde quejarse\u201d.<\/p>\n<\/div>\n<\/article>\n","protected":false},"excerpt":{"rendered":"<p>Neuqu\u00e9n.-Las aeronaves no tripuladas ya est\u00e1n reguladas, pero un concejal pretend\u00eda cobrarles un canon municipal.<\/p>\n","protected":false},"author":2,"featured_media":31482,"comment_status":"open","ping_status":"open","sticky":false,"template":"","format":"standard","meta":{"site-sidebar-layout":"default","site-content-layout":"","ast-site-content-layout":"default","site-content-style":"default","site-sidebar-style":"default","ast-global-header-display":"","ast-banner-title-visibility":"","ast-main-header-display":"","ast-hfb-above-header-display":"","ast-hfb-below-header-display":"","ast-hfb-mobile-header-display":"","site-post-title":"","ast-breadcrumbs-content":"","ast-featured-img":"","footer-sml-layout":"","ast-disable-related-posts":"","theme-transparent-header-meta":"","adv-header-id-meta":"","stick-header-meta":"","header-above-stick-meta":"","header-main-stick-meta":"","header-below-stick-meta":"","astra-migrate-meta-layouts":"default","ast-page-background-enabled":"default","ast-page-background-meta":{"desktop":{"background-color":"var(--ast-global-color-5)","background-image":"","background-repeat":"repeat","background-position":"center center","background-size":"auto","background-attachment":"scroll","background-type":"","background-media":"","overlay-type":"","overlay-color":"","overlay-opacity":"","overlay-gradient":""},"tablet":{"background-color":"","background-image":"","background-repeat":"repeat","background-position":"center center","background-size":"auto","background-attachment":"scroll","background-type":"","background-media":"","overlay-type":"","overlay-color":"","overlay-opacity":"","overlay-gradient":""},"mobile":{"background-color":"","background-image":"","background-repeat":"repeat","background-position":"center center","background-size":"auto","background-attachment":"scroll","background-type":"","background-media":"","overlay-type":"","overlay-color":"","overlay-opacity":"","overlay-gradient":""}},"ast-content-background-meta":{"desktop":{"background-color":"var(--ast-global-color-4)","background-image":"","background-repeat":"repeat","background-position":"center center","background-size":"auto","background-attachment":"scroll","background-type":"","background-media":"","overlay-type":"","overlay-color":"","overlay-opacity":"","overlay-gradient":""},"tablet":{"background-color":"var(--ast-global-color-4)","background-image":"","background-repeat":"repeat","background-position":"center center","background-size":"auto","background-attachment":"scroll","background-type":"","background-media":"","overlay-type":"","overlay-color":"","overlay-opacity":"","overlay-gradient":""},"mobile":{"background-color":"var(--ast-global-color-4)","background-image":"","background-repeat":"repeat","background-position":"center center","background-size":"auto","background-attachment":"scroll","background-type":"","background-media":"","overlay-type":"","overlay-color":"","overlay-opacity":"","overlay-gradient":""}},"footnotes":""},"categories":[16,1],"tags":[],"class_list":["post-31481","post","type-post","status-publish","format-standard","has-post-thumbnail","hentry","category-municipales","category-noticias"],"yoast_head":"<!-- This site is optimized with the Yoast SEO Premium plugin v23.0 (Yoast SEO v27.4) - https:\/\/yoast.com\/product\/yoast-seo-premium-wordpress\/ -->\n<title>La ordenanza para drones cay\u00f3 antes de tomar vuelo<\/title>\n<meta name=\"robots\" content=\"index, follow, max-snippet:-1, max-image-preview:large, max-video-preview:-1\" \/>\n<link rel=\"canonical\" href=\"https:\/\/patagoniambiental.com.ar\/info\/la-ordenanza-para-drones-cayo-antes-de-tomar-vuelo\/\" \/>\n<meta property=\"og:locale\" content=\"es_ES\" \/>\n<meta property=\"og:type\" content=\"article\" \/>\n<meta property=\"og:title\" content=\"La ordenanza para drones cay\u00f3 antes de tomar vuelo\" \/>\n<meta property=\"og:description\" content=\"Neuqu\u00e9n.-Las aeronaves no tripuladas ya est\u00e1n reguladas, pero un concejal pretend\u00eda cobrarles un canon municipal.\" \/>\n<meta property=\"og:url\" content=\"https:\/\/patagoniambiental.com.ar\/info\/la-ordenanza-para-drones-cayo-antes-de-tomar-vuelo\/\" \/>\n<meta property=\"og:site_name\" content=\"Patagonia Ambiental\" \/>\n<meta property=\"article:publisher\" content=\"https:\/\/www.facebook.com\/patagonia.ambiental\" \/>\n<meta property=\"article:author\" content=\"https:\/\/www.facebook.com\/share\/1C1V8Gv9BX\/?mibextid=qi2Omg\" \/>\n<meta property=\"article:published_time\" content=\"2017-07-04T22:00:59+00:00\" \/>\n<meta property=\"og:image\" content=\"https:\/\/patagoniambiental.com.ar\/info\/wp-content\/uploads\/2017\/07\/0002592290.jpg\" \/>\n\t<meta property=\"og:image:width\" content=\"770\" \/>\n\t<meta property=\"og:image:height\" content=\"433\" \/>\n\t<meta property=\"og:image:type\" content=\"image\/jpeg\" \/>\n<meta name=\"author\" content=\"Patagonia Ambiental\" \/>\n<meta name=\"twitter:card\" content=\"summary_large_image\" \/>\n<meta name=\"twitter:creator\" content=\"@PatAmb\" \/>\n<meta name=\"twitter:site\" content=\"@PatAmb\" \/>\n<script type=\"application\/ld+json\" class=\"yoast-schema-graph\">{\"@context\":\"https:\\\/\\\/schema.org\",\"@graph\":[{\"@type\":\"Article\",\"@id\":\"https:\\\/\\\/patagoniambiental.com.ar\\\/info\\\/la-ordenanza-para-drones-cayo-antes-de-tomar-vuelo\\\/#article\",\"isPartOf\":{\"@id\":\"https:\\\/\\\/patagoniambiental.com.ar\\\/info\\\/la-ordenanza-para-drones-cayo-antes-de-tomar-vuelo\\\/\"},\"author\":{\"name\":\"Patagonia Ambiental\",\"@id\":\"https:\\\/\\\/patagoniambiental.com.ar\\\/info\\\/#\\\/schema\\\/person\\\/db12bff64bbcbf6a253710bf0ea37b5d\"},\"headline\":\"La ordenanza para drones cay\u00f3 antes de tomar vuelo\",\"datePublished\":\"2017-07-04T22:00:59+00:00\",\"mainEntityOfPage\":{\"@id\":\"https:\\\/\\\/patagoniambiental.com.ar\\\/info\\\/la-ordenanza-para-drones-cayo-antes-de-tomar-vuelo\\\/\"},\"wordCount\":679,\"commentCount\":0,\"publisher\":{\"@id\":\"https:\\\/\\\/patagoniambiental.com.ar\\\/info\\\/#organization\"},\"image\":{\"@id\":\"https:\\\/\\\/patagoniambiental.com.ar\\\/info\\\/la-ordenanza-para-drones-cayo-antes-de-tomar-vuelo\\\/#primaryimage\"},\"thumbnailUrl\":\"https:\\\/\\\/patagoniambiental.com.ar\\\/info\\\/wp-content\\\/uploads\\\/2017\\\/07\\\/0002592290.jpg\",\"articleSection\":[\"Municipales\",\"Noticias\"],\"inLanguage\":\"es\",\"potentialAction\":[{\"@type\":\"CommentAction\",\"name\":\"Comment\",\"target\":[\"https:\\\/\\\/patagoniambiental.com.ar\\\/info\\\/la-ordenanza-para-drones-cayo-antes-de-tomar-vuelo\\\/#respond\"]}]},{\"@type\":\"WebPage\",\"@id\":\"https:\\\/\\\/patagoniambiental.com.ar\\\/info\\\/la-ordenanza-para-drones-cayo-antes-de-tomar-vuelo\\\/\",\"url\":\"https:\\\/\\\/patagoniambiental.com.ar\\\/info\\\/la-ordenanza-para-drones-cayo-antes-de-tomar-vuelo\\\/\",\"name\":\"La ordenanza para drones cay\u00f3 antes de tomar vuelo\",\"isPartOf\":{\"@id\":\"https:\\\/\\\/patagoniambiental.com.ar\\\/info\\\/#website\"},\"primaryImageOfPage\":{\"@id\":\"https:\\\/\\\/patagoniambiental.com.ar\\\/info\\\/la-ordenanza-para-drones-cayo-antes-de-tomar-vuelo\\\/#primaryimage\"},\"image\":{\"@id\":\"https:\\\/\\\/patagoniambiental.com.ar\\\/info\\\/la-ordenanza-para-drones-cayo-antes-de-tomar-vuelo\\\/#primaryimage\"},\"thumbnailUrl\":\"https:\\\/\\\/patagoniambiental.com.ar\\\/info\\\/wp-content\\\/uploads\\\/2017\\\/07\\\/0002592290.jpg\",\"datePublished\":\"2017-07-04T22:00:59+00:00\",\"breadcrumb\":{\"@id\":\"https:\\\/\\\/patagoniambiental.com.ar\\\/info\\\/la-ordenanza-para-drones-cayo-antes-de-tomar-vuelo\\\/#breadcrumb\"},\"inLanguage\":\"es\",\"potentialAction\":[{\"@type\":\"ReadAction\",\"target\":[\"https:\\\/\\\/patagoniambiental.com.ar\\\/info\\\/la-ordenanza-para-drones-cayo-antes-de-tomar-vuelo\\\/\"]}]},{\"@type\":\"ImageObject\",\"inLanguage\":\"es\",\"@id\":\"https:\\\/\\\/patagoniambiental.com.ar\\\/info\\\/la-ordenanza-para-drones-cayo-antes-de-tomar-vuelo\\\/#primaryimage\",\"url\":\"https:\\\/\\\/patagoniambiental.com.ar\\\/info\\\/wp-content\\\/uploads\\\/2017\\\/07\\\/0002592290.jpg\",\"contentUrl\":\"https:\\\/\\\/patagoniambiental.com.ar\\\/info\\\/wp-content\\\/uploads\\\/2017\\\/07\\\/0002592290.jpg\",\"width\":770,\"height\":433},{\"@type\":\"BreadcrumbList\",\"@id\":\"https:\\\/\\\/patagoniambiental.com.ar\\\/info\\\/la-ordenanza-para-drones-cayo-antes-de-tomar-vuelo\\\/#breadcrumb\",\"itemListElement\":[{\"@type\":\"ListItem\",\"position\":1,\"name\":\"Inicio\",\"item\":\"https:\\\/\\\/patagoniambiental.com.ar\\\/info\\\/\"},{\"@type\":\"ListItem\",\"position\":2,\"name\":\"La ordenanza para drones cay\u00f3 antes de tomar vuelo\"}]},{\"@type\":\"WebSite\",\"@id\":\"https:\\\/\\\/patagoniambiental.com.ar\\\/info\\\/#website\",\"url\":\"https:\\\/\\\/patagoniambiental.com.ar\\\/info\\\/\",\"name\":\"Patagonia Ambiental\",\"description\":\"Monitoreo y an\u00e1lisis de la situaci\u00f3n geopol\u00edtica en el mundo y su implicancia en la Patagonia\",\"publisher\":{\"@id\":\"https:\\\/\\\/patagoniambiental.com.ar\\\/info\\\/#organization\"},\"potentialAction\":[{\"@type\":\"SearchAction\",\"target\":{\"@type\":\"EntryPoint\",\"urlTemplate\":\"https:\\\/\\\/patagoniambiental.com.ar\\\/info\\\/?s={search_term_string}\"},\"query-input\":{\"@type\":\"PropertyValueSpecification\",\"valueRequired\":true,\"valueName\":\"search_term_string\"}}],\"inLanguage\":\"es\"},{\"@type\":\"Organization\",\"@id\":\"https:\\\/\\\/patagoniambiental.com.ar\\\/info\\\/#organization\",\"name\":\"Patagonia Ambiental\",\"url\":\"https:\\\/\\\/patagoniambiental.com.ar\\\/info\\\/\",\"logo\":{\"@type\":\"ImageObject\",\"inLanguage\":\"es\",\"@id\":\"https:\\\/\\\/patagoniambiental.com.ar\\\/info\\\/#\\\/schema\\\/logo\\\/image\\\/\",\"url\":\"https:\\\/\\\/patagoniambiental.com.ar\\\/info\\\/wp-content\\\/uploads\\\/2025\\\/05\\\/LOGO-PATAGONIA-AMBIENTAL.png\",\"contentUrl\":\"https:\\\/\\\/patagoniambiental.com.ar\\\/info\\\/wp-content\\\/uploads\\\/2025\\\/05\\\/LOGO-PATAGONIA-AMBIENTAL.png\",\"width\":433,\"height\":250,\"caption\":\"Patagonia Ambiental\"},\"image\":{\"@id\":\"https:\\\/\\\/patagoniambiental.com.ar\\\/info\\\/#\\\/schema\\\/logo\\\/image\\\/\"},\"sameAs\":[\"https:\\\/\\\/www.facebook.com\\\/patagonia.ambiental\",\"https:\\\/\\\/x.com\\\/PatAmb\"]},{\"@type\":\"Person\",\"@id\":\"https:\\\/\\\/patagoniambiental.com.ar\\\/info\\\/#\\\/schema\\\/person\\\/db12bff64bbcbf6a253710bf0ea37b5d\",\"name\":\"Patagonia Ambiental\",\"description\":\"Andr\u00e9s Nievas T\u00e9cnico en manejo ambiental, consultor Ambiental y escritor para medios locales e internacionales sobre temas de geopolitica y medio ambiente.\",\"sameAs\":[\"http:\\\/\\\/www.patagoniambiental.com.ar\",\"https:\\\/\\\/www.facebook.com\\\/share\\\/1C1V8Gv9BX\\\/?mibextid=qi2Omg\",\"@patagoniambiental\",\"https:\\\/\\\/youtube.com\\\/@patagoniaambiental2023?si=BLt58t0wuXquxlYZ\"]}]}<\/script>\n<!-- \/ Yoast SEO Premium plugin. -->","yoast_head_json":{"title":"La ordenanza para drones cay\u00f3 antes de tomar vuelo","robots":{"index":"index","follow":"follow","max-snippet":"max-snippet:-1","max-image-preview":"max-image-preview:large","max-video-preview":"max-video-preview:-1"},"canonical":"https:\/\/patagoniambiental.com.ar\/info\/la-ordenanza-para-drones-cayo-antes-de-tomar-vuelo\/","og_locale":"es_ES","og_type":"article","og_title":"La ordenanza para drones cay\u00f3 antes de tomar vuelo","og_description":"Neuqu\u00e9n.-Las aeronaves no tripuladas ya est\u00e1n reguladas, pero un concejal pretend\u00eda cobrarles un canon municipal.","og_url":"https:\/\/patagoniambiental.com.ar\/info\/la-ordenanza-para-drones-cayo-antes-de-tomar-vuelo\/","og_site_name":"Patagonia Ambiental","article_publisher":"https:\/\/www.facebook.com\/patagonia.ambiental","article_author":"https:\/\/www.facebook.com\/share\/1C1V8Gv9BX\/?mibextid=qi2Omg","article_published_time":"2017-07-04T22:00:59+00:00","og_image":[{"width":770,"height":433,"url":"https:\/\/patagoniambiental.com.ar\/info\/wp-content\/uploads\/2017\/07\/0002592290.jpg","type":"image\/jpeg"}],"author":"Patagonia Ambiental","twitter_card":"summary_large_image","twitter_creator":"@PatAmb","twitter_site":"@PatAmb","schema":{"@context":"https:\/\/schema.org","@graph":[{"@type":"Article","@id":"https:\/\/patagoniambiental.com.ar\/info\/la-ordenanza-para-drones-cayo-antes-de-tomar-vuelo\/#article","isPartOf":{"@id":"https:\/\/patagoniambiental.com.ar\/info\/la-ordenanza-para-drones-cayo-antes-de-tomar-vuelo\/"},"author":{"name":"Patagonia Ambiental","@id":"https:\/\/patagoniambiental.com.ar\/info\/#\/schema\/person\/db12bff64bbcbf6a253710bf0ea37b5d"},"headline":"La ordenanza para drones cay\u00f3 antes de tomar vuelo","datePublished":"2017-07-04T22:00:59+00:00","mainEntityOfPage":{"@id":"https:\/\/patagoniambiental.com.ar\/info\/la-ordenanza-para-drones-cayo-antes-de-tomar-vuelo\/"},"wordCount":679,"commentCount":0,"publisher":{"@id":"https:\/\/patagoniambiental.com.ar\/info\/#organization"},"image":{"@id":"https:\/\/patagoniambiental.com.ar\/info\/la-ordenanza-para-drones-cayo-antes-de-tomar-vuelo\/#primaryimage"},"thumbnailUrl":"https:\/\/patagoniambiental.com.ar\/info\/wp-content\/uploads\/2017\/07\/0002592290.jpg","articleSection":["Municipales","Noticias"],"inLanguage":"es","potentialAction":[{"@type":"CommentAction","name":"Comment","target":["https:\/\/patagoniambiental.com.ar\/info\/la-ordenanza-para-drones-cayo-antes-de-tomar-vuelo\/#respond"]}]},{"@type":"WebPage","@id":"https:\/\/patagoniambiental.com.ar\/info\/la-ordenanza-para-drones-cayo-antes-de-tomar-vuelo\/","url":"https:\/\/patagoniambiental.com.ar\/info\/la-ordenanza-para-drones-cayo-antes-de-tomar-vuelo\/","name":"La ordenanza para drones cay\u00f3 antes de tomar vuelo","isPartOf":{"@id":"https:\/\/patagoniambiental.com.ar\/info\/#website"},"primaryImageOfPage":{"@id":"https:\/\/patagoniambiental.com.ar\/info\/la-ordenanza-para-drones-cayo-antes-de-tomar-vuelo\/#primaryimage"},"image":{"@id":"https:\/\/patagoniambiental.com.ar\/info\/la-ordenanza-para-drones-cayo-antes-de-tomar-vuelo\/#primaryimage"},"thumbnailUrl":"https:\/\/patagoniambiental.com.ar\/info\/wp-content\/uploads\/2017\/07\/0002592290.jpg","datePublished":"2017-07-04T22:00:59+00:00","breadcrumb":{"@id":"https:\/\/patagoniambiental.com.ar\/info\/la-ordenanza-para-drones-cayo-antes-de-tomar-vuelo\/#breadcrumb"},"inLanguage":"es","potentialAction":[{"@type":"ReadAction","target":["https:\/\/patagoniambiental.com.ar\/info\/la-ordenanza-para-drones-cayo-antes-de-tomar-vuelo\/"]}]},{"@type":"ImageObject","inLanguage":"es","@id":"https:\/\/patagoniambiental.com.ar\/info\/la-ordenanza-para-drones-cayo-antes-de-tomar-vuelo\/#primaryimage","url":"https:\/\/patagoniambiental.com.ar\/info\/wp-content\/uploads\/2017\/07\/0002592290.jpg","contentUrl":"https:\/\/patagoniambiental.com.ar\/info\/wp-content\/uploads\/2017\/07\/0002592290.jpg","width":770,"height":433},{"@type":"BreadcrumbList","@id":"https:\/\/patagoniambiental.com.ar\/info\/la-ordenanza-para-drones-cayo-antes-de-tomar-vuelo\/#breadcrumb","itemListElement":[{"@type":"ListItem","position":1,"name":"Inicio","item":"https:\/\/patagoniambiental.com.ar\/info\/"},{"@type":"ListItem","position":2,"name":"La ordenanza para drones cay\u00f3 antes de tomar vuelo"}]},{"@type":"WebSite","@id":"https:\/\/patagoniambiental.com.ar\/info\/#website","url":"https:\/\/patagoniambiental.com.ar\/info\/","name":"Patagonia Ambiental","description":"Monitoreo y an\u00e1lisis de la situaci\u00f3n geopol\u00edtica en el mundo y su implicancia en la Patagonia","publisher":{"@id":"https:\/\/patagoniambiental.com.ar\/info\/#organization"},"potentialAction":[{"@type":"SearchAction","target":{"@type":"EntryPoint","urlTemplate":"https:\/\/patagoniambiental.com.ar\/info\/?s={search_term_string}"},"query-input":{"@type":"PropertyValueSpecification","valueRequired":true,"valueName":"search_term_string"}}],"inLanguage":"es"},{"@type":"Organization","@id":"https:\/\/patagoniambiental.com.ar\/info\/#organization","name":"Patagonia Ambiental","url":"https:\/\/patagoniambiental.com.ar\/info\/","logo":{"@type":"ImageObject","inLanguage":"es","@id":"https:\/\/patagoniambiental.com.ar\/info\/#\/schema\/logo\/image\/","url":"https:\/\/patagoniambiental.com.ar\/info\/wp-content\/uploads\/2025\/05\/LOGO-PATAGONIA-AMBIENTAL.png","contentUrl":"https:\/\/patagoniambiental.com.ar\/info\/wp-content\/uploads\/2025\/05\/LOGO-PATAGONIA-AMBIENTAL.png","width":433,"height":250,"caption":"Patagonia Ambiental"},"image":{"@id":"https:\/\/patagoniambiental.com.ar\/info\/#\/schema\/logo\/image\/"},"sameAs":["https:\/\/www.facebook.com\/patagonia.ambiental","https:\/\/x.com\/PatAmb"]},{"@type":"Person","@id":"https:\/\/patagoniambiental.com.ar\/info\/#\/schema\/person\/db12bff64bbcbf6a253710bf0ea37b5d","name":"Patagonia Ambiental","description":"Andr\u00e9s Nievas T\u00e9cnico en manejo ambiental, consultor Ambiental y escritor para medios locales e internacionales sobre temas de geopolitica y medio ambiente.","sameAs":["http:\/\/www.patagoniambiental.com.ar","https:\/\/www.facebook.com\/share\/1C1V8Gv9BX\/?mibextid=qi2Omg","@patagoniambiental","https:\/\/youtube.com\/@patagoniaambiental2023?si=BLt58t0wuXquxlYZ"]}]}},"_links":{"self":[{"href":"https:\/\/patagoniambiental.com.ar\/info\/wp-json\/wp\/v2\/posts\/31481","targetHints":{"allow":["GET"]}}],"collection":[{"href":"https:\/\/patagoniambiental.com.ar\/info\/wp-json\/wp\/v2\/posts"}],"about":[{"href":"https:\/\/patagoniambiental.com.ar\/info\/wp-json\/wp\/v2\/types\/post"}],"author":[{"embeddable":true,"href":"https:\/\/patagoniambiental.com.ar\/info\/wp-json\/wp\/v2\/users\/2"}],"replies":[{"embeddable":true,"href":"https:\/\/patagoniambiental.com.ar\/info\/wp-json\/wp\/v2\/comments?post=31481"}],"version-history":[{"count":0,"href":"https:\/\/patagoniambiental.com.ar\/info\/wp-json\/wp\/v2\/posts\/31481\/revisions"}],"wp:featuredmedia":[{"embeddable":true,"href":"https:\/\/patagoniambiental.com.ar\/info\/wp-json\/wp\/v2\/media\/31482"}],"wp:attachment":[{"href":"https:\/\/patagoniambiental.com.ar\/info\/wp-json\/wp\/v2\/media?parent=31481"}],"wp:term":[{"taxonomy":"category","embeddable":true,"href":"https:\/\/patagoniambiental.com.ar\/info\/wp-json\/wp\/v2\/categories?post=31481"},{"taxonomy":"post_tag","embeddable":true,"href":"https:\/\/patagoniambiental.com.ar\/info\/wp-json\/wp\/v2\/tags?post=31481"}],"curies":[{"name":"wp","href":"https:\/\/api.w.org\/{rel}","templated":true}]}}