{"id":31504,"date":"2017-07-04T19:00:19","date_gmt":"2017-07-04T22:00:19","guid":{"rendered":"http:\/\/patagoniambiental.com.ar\/info\/?p=31504"},"modified":"2017-07-04T13:35:40","modified_gmt":"2017-07-04T16:35:40","slug":"continua-la-campana-de-castracion-gratuitas-de-mascotas","status":"publish","type":"post","link":"https:\/\/patagoniambiental.com.ar\/info\/continua-la-campana-de-castracion-gratuitas-de-mascotas\/","title":{"rendered":"Contin\u00faa la campa\u00f1a de castraci\u00f3n gratuitas de mascotas"},"content":{"rendered":"<div dir=\"ltr\"><i>Bariloche.-La campa\u00f1a de esterilizaci\u00f3n gratuita de mascotas sigue recorriendo los barrios de la ciudad. <\/i><\/div>\n<p><!--more--><\/p>\n<div dir=\"ltr\"><\/div>\n<div dir=\"ltr\"><\/div>\n<div dir=\"ltr\"><i>Desde ayer, el equipo de Veterinaria y Zoonosis est\u00e1 atendiendo en COVIBAR, y el Quir\u00f3fano M\u00f3vil de ProTenencia est\u00e1 en el barrio 170 Viviendas. Difunden recomendaciones para el desfile del 9 de julio.\u00a0<\/i><\/div>\n<div dir=\"ltr\"><\/div>\n<div dir=\"ltr\"><\/div>\n<div dir=\"ltr\">En el marco de la campa\u00f1a municipal de esterilizaci\u00f3n gratuita de mascotas \u2014tanto machos como hembras\u2014, los equipos de profesionales de Veterinaria y Zoonosis y del programa ProTenencia contin\u00faan con su atenci\u00f3n en distintos barrios de la ciudad.<\/div>\n<div dir=\"ltr\"><\/div>\n<div dir=\"ltr\">Por un lado, el equipo de profesionales del Departamento de Veterinaria y Zoonosis municipal est\u00e1 atendiendo desde ayer en el barrio COVIBAR (km 13), en la sede de la Junta Vecinal (calle Algarrobo N\u00ba 1445). Hasta ma\u00f1ana jueves 6 de julio se operan perros, y el viernes 7 de julio, se har\u00e1 lo propio con gatos. La atenci\u00f3n es por orden de llegada a partir de las 8 hs.<\/div>\n<div dir=\"ltr\"><\/div>\n<div dir=\"ltr\">Y por otro lado, en paralelo, el equipo del Quir\u00f3fano M\u00f3vil de ProTenencia ya comenz\u00f3 a atender en el barrio 170 Viviendas, dentro del Centro Comunitario (Sarmiento y Os\u00e9s), en donde estar\u00e1n hasta este viernes 7 inclusive. En este caso es necesario sacar turno previamente, comunic\u00e1ndose al celular (154) 41-2027 de lunes a viernes, de 9 a 15 hs.<\/div>\n<div dir=\"ltr\"><\/div>\n<div dir=\"ltr\">El Departamento de Veterinaria y Zoonosis recuerda que, para poder realizar las intervenciones, las mascotas tienen que tener un ayuno de 10 hs (tanto de comida como de agua). Sus propietarios deben llevarlos, en el caso de los perros, con correa y bozal (obligatorio para razas peligrosas) y, en el caso de los gatos, dentro de un bolso, canil, caja o mochila. Adem\u00e1s deben llevar una manta o frazada para abrigarlos despu\u00e9s de la operaci\u00f3n, y una bolsa de residuos para excrementos.<\/div>\n<div dir=\"ltr\"><\/div>\n<div dir=\"ltr\"><\/div>\n<div dir=\"ltr\"><b>Recomendaciones para el desfile del 9 de Julio<\/b><\/div>\n<div dir=\"ltr\"><\/div>\n<div dir=\"ltr\">El Departamento de Veterinaria y Zoonosis recuerda a la comunidad que, con motivo de la conmemoraci\u00f3n del D\u00eda de la Independencia, este domingo se realizar\u00e1 el tradicional desfile por calle 9 de Julio, por lo tanto se solicita a los vecinos que eviten concurrir a este evento con sus perros, o que en su defecto sean llevados con collar, correa y\/ o pretal. En el caso de perros de razas potencialmente peligrosas es obligatorio el uso de bozal, seg\u00fan lo indicado en la Ordenanza 1931-CM-09. De este modo, evitaremos posibles peleas entre canes y mordeduras a terceros.<\/div>\n<div dir=\"ltr\"><\/div>\n<div dir=\"ltr\">Durante ese d\u00eda, personal de Veterinaria y Zoonosis realizar\u00e1 controles sobre la tenencia responsable por la calle 9 de Julio, por eso se solicita a los vecinos tener a sus mascotas dentro de su predio, para evitar multas.<\/div>\n<div dir=\"ltr\"><\/div>\n<div dir=\"ltr\">Por otro lado, tambi\u00e9n se solicita a los comercios que colaboran con la alimentaci\u00f3n de \u201cPerros Comunitarios\u201d que en la medida de lo posible, y a fin de evitar cualquier tipo de inconvenientesmantengan en el interior a los canes en los horarios de mayor concentraci\u00f3n de gente.<\/div>\n<div dir=\"ltr\"><\/div>\n<div dir=\"ltr\">Por cualquier informaci\u00f3n o consulta, los interesados pueden comunicarse con el inspector Juan Fuentes, al tel\u00e9fono 154-57-9866.<\/div>\n<div dir=\"ltr\"><\/div>\n<div dir=\"ltr\"><\/div>\n<div dir=\"ltr\"><\/div>\n<div dir=\"ltr\"><b>Para tener siempre en cuenta:\u00a0<\/b><\/div>\n<div dir=\"ltr\"><\/div>\n<div dir=\"ltr\">El Departamento de Veterinaria y Zoonosis recuerda a los vecinos la responsabilidad que implica ser tenedores de mascotas, y recuerda las recomendaciones m\u00e1s importantes:<\/div>\n<div dir=\"ltr\"><\/div>\n<div dir=\"ltr\">&#8211; Evitar que los animales est\u00e9n sueltos en la v\u00eda p\u00fablica<\/div>\n<div dir=\"ltr\">&#8211; Tener a los animales en predios cerrados, con paseos controlados<\/div>\n<div dir=\"ltr\">&#8211; Garantizar una alimentaci\u00f3n adecuada y agua limpia siempre disponible<\/div>\n<div dir=\"ltr\">&#8211; Realizar un peri\u00f3dico control veterinario para las mascotas<\/div>\n<div dir=\"ltr\"><\/div>\n<div dir=\"ltr\"><\/div>\n<div dir=\"ltr\"><b>Recomendaciones generales del programa ProTenencia en campa\u00f1as de castraci\u00f3n:\u00a0<\/b><\/div>\n<div dir=\"ltr\"><\/div>\n<div dir=\"ltr\"><i>REQUISITOS:\u00a0<\/i><\/div>\n<div dir=\"ltr\"><\/div>\n<div dir=\"ltr\">Cada animal debe ser tra\u00eddo por un adulto responsable (mayor de 18 a\u00f1os)<\/div>\n<div dir=\"ltr\">Esa persona debe disponer de un tiempo aproximado de 2 horas para estar junto a su animal de compa\u00f1\u00eda<\/div>\n<div dir=\"ltr\"><\/div>\n<div dir=\"ltr\"><i>INDICACIONES Y PREPARACI\u00d3N ANTES DE LA CIRUG\u00cdA:<\/i><\/div>\n<div dir=\"ltr\"><\/div>\n<div dir=\"ltr\">&#8211; No debe comer alimentos ni tomar agua desde 12 horas antes de la cirug\u00eda<\/div>\n<div dir=\"ltr\">&#8211; Traiga una manta para retirar a su animal ya que es importante que se mantenga abrigado luego de la cirug\u00eda<\/div>\n<div dir=\"ltr\">&#8211; Traiga a su gato en una jaula transportadora, en un bolso con cierre a cremallera o en una bolsa de red que permita su manejo y control sin riesgos para el animal, ni para el personal<\/div>\n<div dir=\"ltr\">&#8211; Traiga a su perro con correa y collar<\/div>\n<div dir=\"ltr\"><\/div>\n<div dir=\"ltr\"><i>INDICACIONES LUEGO DE LA CIRUG\u00cdA:<\/i><\/div>\n<div dir=\"ltr\"><\/div>\n<div dir=\"ltr\">&#8211; No se preocupe: es posible que el animal se retire algo dormido pues est\u00e1 a\u00fan bajo los efectos de la anestesia. Esto podr\u00eda durar varias horas<\/div>\n<div dir=\"ltr\">&#8211; Cuando llegue a su casa coloque a su animal en un ambiente c\u00e1lido, al ras del piso y sobre una tela, lejos de otros animales y de ni\u00f1os peque\u00f1os<\/div>\n<div dir=\"ltr\">&#8211; Ofr\u00e9zcale agua fresca reci\u00e9n cuando est\u00e9 totalmente recuperado y comida en peque\u00f1as porciones a la ma\u00f1ana siguiente<\/div>\n<div dir=\"ltr\">&#8211; H\u00e1gale una camiseta y\/o col\u00f3quele un collar isabelino (que parece la pantalla de un velador) para evitar que se toque la herida y esto complique la recuperaci\u00f3n.<\/div>\n<div dir=\"ltr\">&#8211; El animal ha recibido los antibi\u00f3ticos suficientes durante la cirug\u00eda<\/div>\n<div dir=\"ltr\">&#8211; Ll\u00e9velo a controlar unos d\u00edas despu\u00e9s de la castraci\u00f3n. Si su animal tiene puntos, debe asistir nuevamente para que se los quitemos<\/div>\n<div dir=\"ltr\"><\/div>\n<div dir=\"ltr\">Para m\u00e1s informaci\u00f3n y recomendaciones, los interesados pueden consultar el Facebook del Quir\u00f3fano M\u00f3vil en este enlace:\u00a0<a href=\"https:\/\/www.facebook.com\/QuirofanoMovilBariloche\" target=\"_blank\" rel=\"noopener noreferrer\">https:\/\/www.facebook.com\/QuirofanoMovilBariloche<\/a>.<\/div>\n<div dir=\"ltr\"><\/div>\n<div dir=\"ltr\">Fuente: Municipalidad de Bariloche<\/div>\n","protected":false},"excerpt":{"rendered":"<p>Bariloche.-La campa\u00f1a de esterilizaci\u00f3n gratuita de mascotas sigue recorriendo los barrios de la ciudad.<\/p>\n","protected":false},"author":2,"featured_media":31505,"comment_status":"open","ping_status":"open","sticky":false,"template":"","format":"standard","meta":{"site-sidebar-layout":"default","site-content-layout":"","ast-site-content-layout":"default","site-content-style":"default","site-sidebar-style":"default","ast-global-header-display":"","ast-banner-title-visibility":"","ast-main-header-display":"","ast-hfb-above-header-display":"","ast-hfb-below-header-display":"","ast-hfb-mobile-header-display":"","site-post-title":"","ast-breadcrumbs-content":"","ast-featured-img":"","footer-sml-layout":"","ast-disable-related-posts":"","theme-transparent-header-meta":"","adv-header-id-meta":"","stick-header-meta":"","header-above-stick-meta":"","header-main-stick-meta":"","header-below-stick-meta":"","astra-migrate-meta-layouts":"default","ast-page-background-enabled":"default","ast-page-background-meta":{"desktop":{"background-color":"var(--ast-global-color-5)","background-image":"","background-repeat":"repeat","background-position":"center center","background-size":"auto","background-attachment":"scroll","background-type":"","background-media":"","overlay-type":"","overlay-color":"","overlay-opacity":"","overlay-gradient":""},"tablet":{"background-color":"","background-image":"","background-repeat":"repeat","background-position":"center center","background-size":"auto","background-attachment":"scroll","background-type":"","background-media":"","overlay-type":"","overlay-color":"","overlay-opacity":"","overlay-gradient":""},"mobile":{"background-color":"","background-image":"","background-repeat":"repeat","background-position":"center center","background-size":"auto","background-attachment":"scroll","background-type":"","background-media":"","overlay-type":"","overlay-color":"","overlay-opacity":"","overlay-gradient":""}},"ast-content-background-meta":{"desktop":{"background-color":"var(--ast-global-color-4)","background-image":"","background-repeat":"repeat","background-position":"center center","background-size":"auto","background-attachment":"scroll","background-type":"","background-media":"","overlay-type":"","overlay-color":"","overlay-opacity":"","overlay-gradient":""},"tablet":{"background-color":"var(--ast-global-color-4)","background-image":"","background-repeat":"repeat","background-position":"center center","background-size":"auto","background-attachment":"scroll","background-type":"","background-media":"","overlay-type":"","overlay-color":"","overlay-opacity":"","overlay-gradient":""},"mobile":{"background-color":"var(--ast-global-color-4)","background-image":"","background-repeat":"repeat","background-position":"center center","background-size":"auto","background-attachment":"scroll","background-type":"","background-media":"","overlay-type":"","overlay-color":"","overlay-opacity":"","overlay-gradient":""}},"footnotes":""},"categories":[16,1],"tags":[],"class_list":["post-31504","post","type-post","status-publish","format-standard","has-post-thumbnail","hentry","category-municipales","category-noticias"],"yoast_head":"<!-- This site is optimized with the Yoast SEO Premium plugin v23.0 (Yoast SEO v27.4) - https:\/\/yoast.com\/product\/yoast-seo-premium-wordpress\/ -->\n<title>Contin\u00faa la campa\u00f1a de castraci\u00f3n gratuitas de mascotas<\/title>\n<meta name=\"robots\" content=\"index, follow, max-snippet:-1, max-image-preview:large, max-video-preview:-1\" \/>\n<link rel=\"canonical\" href=\"https:\/\/patagoniambiental.com.ar\/info\/continua-la-campana-de-castracion-gratuitas-de-mascotas\/\" \/>\n<meta property=\"og:locale\" content=\"es_ES\" \/>\n<meta property=\"og:type\" content=\"article\" \/>\n<meta property=\"og:title\" content=\"Contin\u00faa la campa\u00f1a de castraci\u00f3n gratuitas de mascotas\" \/>\n<meta property=\"og:description\" content=\"Bariloche.-La campa\u00f1a de esterilizaci\u00f3n gratuita de mascotas sigue recorriendo los barrios de la ciudad.\" \/>\n<meta property=\"og:url\" content=\"https:\/\/patagoniambiental.com.ar\/info\/continua-la-campana-de-castracion-gratuitas-de-mascotas\/\" \/>\n<meta property=\"og:site_name\" content=\"Patagonia Ambiental\" \/>\n<meta property=\"article:publisher\" content=\"https:\/\/www.facebook.com\/patagonia.ambiental\" \/>\n<meta property=\"article:author\" content=\"https:\/\/www.facebook.com\/share\/1C1V8Gv9BX\/?mibextid=qi2Omg\" \/>\n<meta property=\"article:published_time\" content=\"2017-07-04T22:00:19+00:00\" \/>\n<meta property=\"og:image\" content=\"https:\/\/patagoniambiental.com.ar\/info\/wp-content\/uploads\/2017\/07\/thumbnail_Mascotas.jpg\" \/>\n\t<meta property=\"og:image:width\" content=\"1000\" \/>\n\t<meta property=\"og:image:height\" content=\"666\" \/>\n\t<meta property=\"og:image:type\" content=\"image\/jpeg\" \/>\n<meta name=\"author\" content=\"Patagonia Ambiental\" \/>\n<meta name=\"twitter:card\" content=\"summary_large_image\" \/>\n<meta name=\"twitter:creator\" content=\"@PatAmb\" \/>\n<meta name=\"twitter:site\" content=\"@PatAmb\" \/>\n<script type=\"application\/ld+json\" class=\"yoast-schema-graph\">{\"@context\":\"https:\\\/\\\/schema.org\",\"@graph\":[{\"@type\":\"Article\",\"@id\":\"https:\\\/\\\/patagoniambiental.com.ar\\\/info\\\/continua-la-campana-de-castracion-gratuitas-de-mascotas\\\/#article\",\"isPartOf\":{\"@id\":\"https:\\\/\\\/patagoniambiental.com.ar\\\/info\\\/continua-la-campana-de-castracion-gratuitas-de-mascotas\\\/\"},\"author\":{\"name\":\"Patagonia Ambiental\",\"@id\":\"https:\\\/\\\/patagoniambiental.com.ar\\\/info\\\/#\\\/schema\\\/person\\\/db12bff64bbcbf6a253710bf0ea37b5d\"},\"headline\":\"Contin\u00faa la campa\u00f1a de castraci\u00f3n gratuitas de mascotas\",\"datePublished\":\"2017-07-04T22:00:19+00:00\",\"mainEntityOfPage\":{\"@id\":\"https:\\\/\\\/patagoniambiental.com.ar\\\/info\\\/continua-la-campana-de-castracion-gratuitas-de-mascotas\\\/\"},\"wordCount\":931,\"commentCount\":0,\"publisher\":{\"@id\":\"https:\\\/\\\/patagoniambiental.com.ar\\\/info\\\/#organization\"},\"image\":{\"@id\":\"https:\\\/\\\/patagoniambiental.com.ar\\\/info\\\/continua-la-campana-de-castracion-gratuitas-de-mascotas\\\/#primaryimage\"},\"thumbnailUrl\":\"https:\\\/\\\/patagoniambiental.com.ar\\\/info\\\/wp-content\\\/uploads\\\/2017\\\/07\\\/thumbnail_Mascotas.jpg\",\"articleSection\":[\"Municipales\",\"Noticias\"],\"inLanguage\":\"es\",\"potentialAction\":[{\"@type\":\"CommentAction\",\"name\":\"Comment\",\"target\":[\"https:\\\/\\\/patagoniambiental.com.ar\\\/info\\\/continua-la-campana-de-castracion-gratuitas-de-mascotas\\\/#respond\"]}]},{\"@type\":\"WebPage\",\"@id\":\"https:\\\/\\\/patagoniambiental.com.ar\\\/info\\\/continua-la-campana-de-castracion-gratuitas-de-mascotas\\\/\",\"url\":\"https:\\\/\\\/patagoniambiental.com.ar\\\/info\\\/continua-la-campana-de-castracion-gratuitas-de-mascotas\\\/\",\"name\":\"Contin\u00faa la campa\u00f1a de castraci\u00f3n gratuitas de mascotas\",\"isPartOf\":{\"@id\":\"https:\\\/\\\/patagoniambiental.com.ar\\\/info\\\/#website\"},\"primaryImageOfPage\":{\"@id\":\"https:\\\/\\\/patagoniambiental.com.ar\\\/info\\\/continua-la-campana-de-castracion-gratuitas-de-mascotas\\\/#primaryimage\"},\"image\":{\"@id\":\"https:\\\/\\\/patagoniambiental.com.ar\\\/info\\\/continua-la-campana-de-castracion-gratuitas-de-mascotas\\\/#primaryimage\"},\"thumbnailUrl\":\"https:\\\/\\\/patagoniambiental.com.ar\\\/info\\\/wp-content\\\/uploads\\\/2017\\\/07\\\/thumbnail_Mascotas.jpg\",\"datePublished\":\"2017-07-04T22:00:19+00:00\",\"breadcrumb\":{\"@id\":\"https:\\\/\\\/patagoniambiental.com.ar\\\/info\\\/continua-la-campana-de-castracion-gratuitas-de-mascotas\\\/#breadcrumb\"},\"inLanguage\":\"es\",\"potentialAction\":[{\"@type\":\"ReadAction\",\"target\":[\"https:\\\/\\\/patagoniambiental.com.ar\\\/info\\\/continua-la-campana-de-castracion-gratuitas-de-mascotas\\\/\"]}]},{\"@type\":\"ImageObject\",\"inLanguage\":\"es\",\"@id\":\"https:\\\/\\\/patagoniambiental.com.ar\\\/info\\\/continua-la-campana-de-castracion-gratuitas-de-mascotas\\\/#primaryimage\",\"url\":\"https:\\\/\\\/patagoniambiental.com.ar\\\/info\\\/wp-content\\\/uploads\\\/2017\\\/07\\\/thumbnail_Mascotas.jpg\",\"contentUrl\":\"https:\\\/\\\/patagoniambiental.com.ar\\\/info\\\/wp-content\\\/uploads\\\/2017\\\/07\\\/thumbnail_Mascotas.jpg\",\"width\":1000,\"height\":666,\"caption\":\"Foto: Municipalidad de Bariloche\"},{\"@type\":\"BreadcrumbList\",\"@id\":\"https:\\\/\\\/patagoniambiental.com.ar\\\/info\\\/continua-la-campana-de-castracion-gratuitas-de-mascotas\\\/#breadcrumb\",\"itemListElement\":[{\"@type\":\"ListItem\",\"position\":1,\"name\":\"Inicio\",\"item\":\"https:\\\/\\\/patagoniambiental.com.ar\\\/info\\\/\"},{\"@type\":\"ListItem\",\"position\":2,\"name\":\"Contin\u00faa la campa\u00f1a de castraci\u00f3n gratuitas de mascotas\"}]},{\"@type\":\"WebSite\",\"@id\":\"https:\\\/\\\/patagoniambiental.com.ar\\\/info\\\/#website\",\"url\":\"https:\\\/\\\/patagoniambiental.com.ar\\\/info\\\/\",\"name\":\"Patagonia Ambiental\",\"description\":\"Monitoreo y an\u00e1lisis de la situaci\u00f3n geopol\u00edtica en el mundo y su implicancia en la Patagonia\",\"publisher\":{\"@id\":\"https:\\\/\\\/patagoniambiental.com.ar\\\/info\\\/#organization\"},\"potentialAction\":[{\"@type\":\"SearchAction\",\"target\":{\"@type\":\"EntryPoint\",\"urlTemplate\":\"https:\\\/\\\/patagoniambiental.com.ar\\\/info\\\/?s={search_term_string}\"},\"query-input\":{\"@type\":\"PropertyValueSpecification\",\"valueRequired\":true,\"valueName\":\"search_term_string\"}}],\"inLanguage\":\"es\"},{\"@type\":\"Organization\",\"@id\":\"https:\\\/\\\/patagoniambiental.com.ar\\\/info\\\/#organization\",\"name\":\"Patagonia Ambiental\",\"url\":\"https:\\\/\\\/patagoniambiental.com.ar\\\/info\\\/\",\"logo\":{\"@type\":\"ImageObject\",\"inLanguage\":\"es\",\"@id\":\"https:\\\/\\\/patagoniambiental.com.ar\\\/info\\\/#\\\/schema\\\/logo\\\/image\\\/\",\"url\":\"https:\\\/\\\/patagoniambiental.com.ar\\\/info\\\/wp-content\\\/uploads\\\/2025\\\/05\\\/LOGO-PATAGONIA-AMBIENTAL.png\",\"contentUrl\":\"https:\\\/\\\/patagoniambiental.com.ar\\\/info\\\/wp-content\\\/uploads\\\/2025\\\/05\\\/LOGO-PATAGONIA-AMBIENTAL.png\",\"width\":433,\"height\":250,\"caption\":\"Patagonia Ambiental\"},\"image\":{\"@id\":\"https:\\\/\\\/patagoniambiental.com.ar\\\/info\\\/#\\\/schema\\\/logo\\\/image\\\/\"},\"sameAs\":[\"https:\\\/\\\/www.facebook.com\\\/patagonia.ambiental\",\"https:\\\/\\\/x.com\\\/PatAmb\"]},{\"@type\":\"Person\",\"@id\":\"https:\\\/\\\/patagoniambiental.com.ar\\\/info\\\/#\\\/schema\\\/person\\\/db12bff64bbcbf6a253710bf0ea37b5d\",\"name\":\"Patagonia Ambiental\",\"description\":\"Andr\u00e9s Nievas T\u00e9cnico en manejo ambiental, consultor Ambiental y escritor para medios locales e internacionales sobre temas de geopolitica y medio ambiente.\",\"sameAs\":[\"http:\\\/\\\/www.patagoniambiental.com.ar\",\"https:\\\/\\\/www.facebook.com\\\/share\\\/1C1V8Gv9BX\\\/?mibextid=qi2Omg\",\"@patagoniambiental\",\"https:\\\/\\\/youtube.com\\\/@patagoniaambiental2023?si=BLt58t0wuXquxlYZ\"]}]}<\/script>\n<!-- \/ Yoast SEO Premium plugin. -->","yoast_head_json":{"title":"Contin\u00faa la campa\u00f1a de castraci\u00f3n gratuitas de mascotas","robots":{"index":"index","follow":"follow","max-snippet":"max-snippet:-1","max-image-preview":"max-image-preview:large","max-video-preview":"max-video-preview:-1"},"canonical":"https:\/\/patagoniambiental.com.ar\/info\/continua-la-campana-de-castracion-gratuitas-de-mascotas\/","og_locale":"es_ES","og_type":"article","og_title":"Contin\u00faa la campa\u00f1a de castraci\u00f3n gratuitas de mascotas","og_description":"Bariloche.-La campa\u00f1a de esterilizaci\u00f3n gratuita de mascotas sigue recorriendo los barrios de la ciudad.","og_url":"https:\/\/patagoniambiental.com.ar\/info\/continua-la-campana-de-castracion-gratuitas-de-mascotas\/","og_site_name":"Patagonia Ambiental","article_publisher":"https:\/\/www.facebook.com\/patagonia.ambiental","article_author":"https:\/\/www.facebook.com\/share\/1C1V8Gv9BX\/?mibextid=qi2Omg","article_published_time":"2017-07-04T22:00:19+00:00","og_image":[{"width":1000,"height":666,"url":"https:\/\/patagoniambiental.com.ar\/info\/wp-content\/uploads\/2017\/07\/thumbnail_Mascotas.jpg","type":"image\/jpeg"}],"author":"Patagonia Ambiental","twitter_card":"summary_large_image","twitter_creator":"@PatAmb","twitter_site":"@PatAmb","schema":{"@context":"https:\/\/schema.org","@graph":[{"@type":"Article","@id":"https:\/\/patagoniambiental.com.ar\/info\/continua-la-campana-de-castracion-gratuitas-de-mascotas\/#article","isPartOf":{"@id":"https:\/\/patagoniambiental.com.ar\/info\/continua-la-campana-de-castracion-gratuitas-de-mascotas\/"},"author":{"name":"Patagonia Ambiental","@id":"https:\/\/patagoniambiental.com.ar\/info\/#\/schema\/person\/db12bff64bbcbf6a253710bf0ea37b5d"},"headline":"Contin\u00faa la campa\u00f1a de castraci\u00f3n gratuitas de mascotas","datePublished":"2017-07-04T22:00:19+00:00","mainEntityOfPage":{"@id":"https:\/\/patagoniambiental.com.ar\/info\/continua-la-campana-de-castracion-gratuitas-de-mascotas\/"},"wordCount":931,"commentCount":0,"publisher":{"@id":"https:\/\/patagoniambiental.com.ar\/info\/#organization"},"image":{"@id":"https:\/\/patagoniambiental.com.ar\/info\/continua-la-campana-de-castracion-gratuitas-de-mascotas\/#primaryimage"},"thumbnailUrl":"https:\/\/patagoniambiental.com.ar\/info\/wp-content\/uploads\/2017\/07\/thumbnail_Mascotas.jpg","articleSection":["Municipales","Noticias"],"inLanguage":"es","potentialAction":[{"@type":"CommentAction","name":"Comment","target":["https:\/\/patagoniambiental.com.ar\/info\/continua-la-campana-de-castracion-gratuitas-de-mascotas\/#respond"]}]},{"@type":"WebPage","@id":"https:\/\/patagoniambiental.com.ar\/info\/continua-la-campana-de-castracion-gratuitas-de-mascotas\/","url":"https:\/\/patagoniambiental.com.ar\/info\/continua-la-campana-de-castracion-gratuitas-de-mascotas\/","name":"Contin\u00faa la campa\u00f1a de castraci\u00f3n gratuitas de mascotas","isPartOf":{"@id":"https:\/\/patagoniambiental.com.ar\/info\/#website"},"primaryImageOfPage":{"@id":"https:\/\/patagoniambiental.com.ar\/info\/continua-la-campana-de-castracion-gratuitas-de-mascotas\/#primaryimage"},"image":{"@id":"https:\/\/patagoniambiental.com.ar\/info\/continua-la-campana-de-castracion-gratuitas-de-mascotas\/#primaryimage"},"thumbnailUrl":"https:\/\/patagoniambiental.com.ar\/info\/wp-content\/uploads\/2017\/07\/thumbnail_Mascotas.jpg","datePublished":"2017-07-04T22:00:19+00:00","breadcrumb":{"@id":"https:\/\/patagoniambiental.com.ar\/info\/continua-la-campana-de-castracion-gratuitas-de-mascotas\/#breadcrumb"},"inLanguage":"es","potentialAction":[{"@type":"ReadAction","target":["https:\/\/patagoniambiental.com.ar\/info\/continua-la-campana-de-castracion-gratuitas-de-mascotas\/"]}]},{"@type":"ImageObject","inLanguage":"es","@id":"https:\/\/patagoniambiental.com.ar\/info\/continua-la-campana-de-castracion-gratuitas-de-mascotas\/#primaryimage","url":"https:\/\/patagoniambiental.com.ar\/info\/wp-content\/uploads\/2017\/07\/thumbnail_Mascotas.jpg","contentUrl":"https:\/\/patagoniambiental.com.ar\/info\/wp-content\/uploads\/2017\/07\/thumbnail_Mascotas.jpg","width":1000,"height":666,"caption":"Foto: Municipalidad de Bariloche"},{"@type":"BreadcrumbList","@id":"https:\/\/patagoniambiental.com.ar\/info\/continua-la-campana-de-castracion-gratuitas-de-mascotas\/#breadcrumb","itemListElement":[{"@type":"ListItem","position":1,"name":"Inicio","item":"https:\/\/patagoniambiental.com.ar\/info\/"},{"@type":"ListItem","position":2,"name":"Contin\u00faa la campa\u00f1a de castraci\u00f3n gratuitas de mascotas"}]},{"@type":"WebSite","@id":"https:\/\/patagoniambiental.com.ar\/info\/#website","url":"https:\/\/patagoniambiental.com.ar\/info\/","name":"Patagonia Ambiental","description":"Monitoreo y an\u00e1lisis de la situaci\u00f3n geopol\u00edtica en el mundo y su implicancia en la Patagonia","publisher":{"@id":"https:\/\/patagoniambiental.com.ar\/info\/#organization"},"potentialAction":[{"@type":"SearchAction","target":{"@type":"EntryPoint","urlTemplate":"https:\/\/patagoniambiental.com.ar\/info\/?s={search_term_string}"},"query-input":{"@type":"PropertyValueSpecification","valueRequired":true,"valueName":"search_term_string"}}],"inLanguage":"es"},{"@type":"Organization","@id":"https:\/\/patagoniambiental.com.ar\/info\/#organization","name":"Patagonia Ambiental","url":"https:\/\/patagoniambiental.com.ar\/info\/","logo":{"@type":"ImageObject","inLanguage":"es","@id":"https:\/\/patagoniambiental.com.ar\/info\/#\/schema\/logo\/image\/","url":"https:\/\/patagoniambiental.com.ar\/info\/wp-content\/uploads\/2025\/05\/LOGO-PATAGONIA-AMBIENTAL.png","contentUrl":"https:\/\/patagoniambiental.com.ar\/info\/wp-content\/uploads\/2025\/05\/LOGO-PATAGONIA-AMBIENTAL.png","width":433,"height":250,"caption":"Patagonia Ambiental"},"image":{"@id":"https:\/\/patagoniambiental.com.ar\/info\/#\/schema\/logo\/image\/"},"sameAs":["https:\/\/www.facebook.com\/patagonia.ambiental","https:\/\/x.com\/PatAmb"]},{"@type":"Person","@id":"https:\/\/patagoniambiental.com.ar\/info\/#\/schema\/person\/db12bff64bbcbf6a253710bf0ea37b5d","name":"Patagonia Ambiental","description":"Andr\u00e9s Nievas T\u00e9cnico en manejo ambiental, consultor Ambiental y escritor para medios locales e internacionales sobre temas de geopolitica y medio ambiente.","sameAs":["http:\/\/www.patagoniambiental.com.ar","https:\/\/www.facebook.com\/share\/1C1V8Gv9BX\/?mibextid=qi2Omg","@patagoniambiental","https:\/\/youtube.com\/@patagoniaambiental2023?si=BLt58t0wuXquxlYZ"]}]}},"_links":{"self":[{"href":"https:\/\/patagoniambiental.com.ar\/info\/wp-json\/wp\/v2\/posts\/31504","targetHints":{"allow":["GET"]}}],"collection":[{"href":"https:\/\/patagoniambiental.com.ar\/info\/wp-json\/wp\/v2\/posts"}],"about":[{"href":"https:\/\/patagoniambiental.com.ar\/info\/wp-json\/wp\/v2\/types\/post"}],"author":[{"embeddable":true,"href":"https:\/\/patagoniambiental.com.ar\/info\/wp-json\/wp\/v2\/users\/2"}],"replies":[{"embeddable":true,"href":"https:\/\/patagoniambiental.com.ar\/info\/wp-json\/wp\/v2\/comments?post=31504"}],"version-history":[{"count":0,"href":"https:\/\/patagoniambiental.com.ar\/info\/wp-json\/wp\/v2\/posts\/31504\/revisions"}],"wp:featuredmedia":[{"embeddable":true,"href":"https:\/\/patagoniambiental.com.ar\/info\/wp-json\/wp\/v2\/media\/31505"}],"wp:attachment":[{"href":"https:\/\/patagoniambiental.com.ar\/info\/wp-json\/wp\/v2\/media?parent=31504"}],"wp:term":[{"taxonomy":"category","embeddable":true,"href":"https:\/\/patagoniambiental.com.ar\/info\/wp-json\/wp\/v2\/categories?post=31504"},{"taxonomy":"post_tag","embeddable":true,"href":"https:\/\/patagoniambiental.com.ar\/info\/wp-json\/wp\/v2\/tags?post=31504"}],"curies":[{"name":"wp","href":"https:\/\/api.w.org\/{rel}","templated":true}]}}