{"id":31526,"date":"2017-07-05T09:00:49","date_gmt":"2017-07-05T12:00:49","guid":{"rendered":"http:\/\/patagoniambiental.com.ar\/info\/?p=31526"},"modified":"2017-07-04T16:40:16","modified_gmt":"2017-07-04T19:40:16","slug":"jovenes-de-la-union-malvinizadora-proponen-incorporar-carteleria-sobre-malvinas-en-el-ambito-turistico-y-hotelero","status":"publish","type":"post","link":"https:\/\/patagoniambiental.com.ar\/info\/jovenes-de-la-union-malvinizadora-proponen-incorporar-carteleria-sobre-malvinas-en-el-ambito-turistico-y-hotelero\/","title":{"rendered":"J\u00f3venes de la Uni\u00f3n Malvinizadora proponen incorporar carteler\u00eda sobre Malvinas en el \u00e1mbito tur\u00edstico y hotelero"},"content":{"rendered":"<div class=\"container\">\n<div class=\"col-md-12 col-sm-12 col-xs-12 margen-section\">\n<p class=\"titulo-noti1 encodeB\">Ushuaia.-El secretario de Gobierno de la Municipalidad, Omar Becerra defini\u00f3 con los integrantes de Cantera Popular, Mario Casabona Guerra, y Estefan\u00eda Pe\u00f1alva, miembro de la organizaci\u00f3n Hijos de Malvinas, y los dos a su vez participantes de la Uni\u00f3n Malvinizadora Argentina (UMA) promover la colocaci\u00f3n de carteler\u00eda alusiva a la soberan\u00eda argentina sobre las Islas Malvinas, Georgias y Sandwich del Sur.<\/p>\n<\/div>\n<\/div>\n<p><!--more--><\/p>\n<div class=\"container \">\n<div class=\"col-md-8 col-sm-12 col-xs-12 margen-section\">\n<div class=\"col-md-6 col-sm-8 col-xs-12 text-left\"><\/div>\n<div class=\"col-md-6 col-sm-4 col-xs-12 text-right\"><\/div>\n<div class=\"hr4\"><\/div>\n<div class=\"col-md-12 col-sm-12\">\n<div class=\"col-md-12 no-m mb-w hidden-xs\"><\/div>\n<div class=\"space\"><\/div>\n<div class=\"col-md-6 col-sm-6 col-xs-6 text-left\"><\/div>\n<p><img decoding=\"async\" class=\"img-responsive text-center center-img\" src=\"http:\/\/www.sur54.com\/data\/upload\/news\/2083b186ca9717ac59d1868430264933-1000malvinas_cartel_ruta.jpg\" \/><\/p>\n<div class=\"space\"><\/div>\n<div class=\"col-md-12 col-sm-12 col-xs-12 text-center\"><\/div>\n<div class=\"sofia copete\">\n<p>En tal sentido, el funcionario destac\u00f3 tras la reuni\u00f3n que \u00abhemos dialogado respecto de la posibilidad de avanzar en la colocaci\u00f3n de carteler\u00eda alusiva a nuestra soberan\u00eda sobre las Islas Malvinas en los establecimientos tur\u00edsticos y hoteleros\u00bb y resalt\u00f3 que \u00abnosotros ya tenemos el antecedente de la carteler\u00eda puesta en los colectivos nuevos de la ciudad por decisi\u00f3n del intendente Walter Vuoto con la leyenda alusiva a Malvinas\u00bb.<\/p>\n<p>En ese marco, Becerra indic\u00f3 que\u00a0<span class=\"marker\">es una propuesta importante para profundizar el reclamo indeclinable y pac\u00edfico, \u00abd\u00e1ndole este tipo de mensajes a los visitantes que eligen nuestra ciudad como destino tur\u00edstico\u00bb.\u00a0<\/span><\/p>\n<p>Asimismo, se\u00f1al\u00f3 que los proyectos est\u00e1n presentados en los Concejos Deliberantes de Ushuaia y Rio Grande, y en los pr\u00f3ximos d\u00edas \u00abvamos a reunirnos nuevamente para continuar avanzando en esto con ellos y con los hijos de los ex combatientes\u00bb.<\/p>\n<p>Fuente: Sur54<\/p>\n<\/div>\n<\/div>\n<\/div>\n<\/div>\n","protected":false},"excerpt":{"rendered":"<p>Ushuaia.-El secretario de Gobierno de la Municipalidad, Omar Becerra defini\u00f3 con los integrantes de Cantera Popular, Mario Casabona Guerra, y [&hellip;]<\/p>\n","protected":false},"author":2,"featured_media":31527,"comment_status":"open","ping_status":"open","sticky":false,"template":"","format":"standard","meta":{"site-sidebar-layout":"default","site-content-layout":"","ast-site-content-layout":"default","site-content-style":"default","site-sidebar-style":"default","ast-global-header-display":"","ast-banner-title-visibility":"","ast-main-header-display":"","ast-hfb-above-header-display":"","ast-hfb-below-header-display":"","ast-hfb-mobile-header-display":"","site-post-title":"","ast-breadcrumbs-content":"","ast-featured-img":"","footer-sml-layout":"","ast-disable-related-posts":"","theme-transparent-header-meta":"","adv-header-id-meta":"","stick-header-meta":"","header-above-stick-meta":"","header-main-stick-meta":"","header-below-stick-meta":"","astra-migrate-meta-layouts":"default","ast-page-background-enabled":"default","ast-page-background-meta":{"desktop":{"background-color":"var(--ast-global-color-5)","background-image":"","background-repeat":"repeat","background-position":"center center","background-size":"auto","background-attachment":"scroll","background-type":"","background-media":"","overlay-type":"","overlay-color":"","overlay-opacity":"","overlay-gradient":""},"tablet":{"background-color":"","background-image":"","background-repeat":"repeat","background-position":"center center","background-size":"auto","background-attachment":"scroll","background-type":"","background-media":"","overlay-type":"","overlay-color":"","overlay-opacity":"","overlay-gradient":""},"mobile":{"background-color":"","background-image":"","background-repeat":"repeat","background-position":"center center","background-size":"auto","background-attachment":"scroll","background-type":"","background-media":"","overlay-type":"","overlay-color":"","overlay-opacity":"","overlay-gradient":""}},"ast-content-background-meta":{"desktop":{"background-color":"var(--ast-global-color-4)","background-image":"","background-repeat":"repeat","background-position":"center center","background-size":"auto","background-attachment":"scroll","background-type":"","background-media":"","overlay-type":"","overlay-color":"","overlay-opacity":"","overlay-gradient":""},"tablet":{"background-color":"var(--ast-global-color-4)","background-image":"","background-repeat":"repeat","background-position":"center center","background-size":"auto","background-attachment":"scroll","background-type":"","background-media":"","overlay-type":"","overlay-color":"","overlay-opacity":"","overlay-gradient":""},"mobile":{"background-color":"var(--ast-global-color-4)","background-image":"","background-repeat":"repeat","background-position":"center center","background-size":"auto","background-attachment":"scroll","background-type":"","background-media":"","overlay-type":"","overlay-color":"","overlay-opacity":"","overlay-gradient":""}},"footnotes":""},"categories":[16,1],"tags":[],"class_list":["post-31526","post","type-post","status-publish","format-standard","has-post-thumbnail","hentry","category-municipales","category-noticias"],"yoast_head":"<!-- This site is optimized with the Yoast SEO Premium plugin v23.0 (Yoast SEO v27.4) - https:\/\/yoast.com\/product\/yoast-seo-premium-wordpress\/ -->\n<title>J\u00f3venes de la Uni\u00f3n Malvinizadora proponen incorporar carteler\u00eda sobre Malvinas en el \u00e1mbito tur\u00edstico y hotelero<\/title>\n<meta name=\"robots\" content=\"index, follow, max-snippet:-1, max-image-preview:large, max-video-preview:-1\" \/>\n<link rel=\"canonical\" href=\"https:\/\/patagoniambiental.com.ar\/info\/jovenes-de-la-union-malvinizadora-proponen-incorporar-carteleria-sobre-malvinas-en-el-ambito-turistico-y-hotelero\/\" \/>\n<meta property=\"og:locale\" content=\"es_ES\" \/>\n<meta property=\"og:type\" content=\"article\" \/>\n<meta property=\"og:title\" content=\"J\u00f3venes de la Uni\u00f3n Malvinizadora proponen incorporar carteler\u00eda sobre Malvinas en el \u00e1mbito tur\u00edstico y hotelero\" \/>\n<meta property=\"og:description\" content=\"Ushuaia.-El secretario de Gobierno de la Municipalidad, Omar Becerra defini\u00f3 con los integrantes de Cantera Popular, Mario Casabona Guerra, y [&hellip;]\" \/>\n<meta property=\"og:url\" content=\"https:\/\/patagoniambiental.com.ar\/info\/jovenes-de-la-union-malvinizadora-proponen-incorporar-carteleria-sobre-malvinas-en-el-ambito-turistico-y-hotelero\/\" \/>\n<meta property=\"og:site_name\" content=\"Patagonia Ambiental\" \/>\n<meta property=\"article:publisher\" content=\"https:\/\/www.facebook.com\/patagonia.ambiental\" \/>\n<meta property=\"article:author\" content=\"https:\/\/www.facebook.com\/share\/1C1V8Gv9BX\/?mibextid=qi2Omg\" \/>\n<meta property=\"article:published_time\" content=\"2017-07-05T12:00:49+00:00\" \/>\n<meta property=\"og:image\" content=\"https:\/\/patagoniambiental.com.ar\/info\/wp-content\/uploads\/2017\/07\/2083b186ca9717ac59d1868430264933-1000malvinas_cartel_ruta.jpg\" \/>\n\t<meta property=\"og:image:width\" content=\"1000\" \/>\n\t<meta property=\"og:image:height\" content=\"667\" \/>\n\t<meta property=\"og:image:type\" content=\"image\/jpeg\" \/>\n<meta name=\"author\" content=\"Patagonia Ambiental\" \/>\n<meta name=\"twitter:card\" content=\"summary_large_image\" \/>\n<meta name=\"twitter:creator\" content=\"@PatAmb\" \/>\n<meta name=\"twitter:site\" content=\"@PatAmb\" \/>\n<script type=\"application\/ld+json\" class=\"yoast-schema-graph\">{\"@context\":\"https:\\\/\\\/schema.org\",\"@graph\":[{\"@type\":\"Article\",\"@id\":\"https:\\\/\\\/patagoniambiental.com.ar\\\/info\\\/jovenes-de-la-union-malvinizadora-proponen-incorporar-carteleria-sobre-malvinas-en-el-ambito-turistico-y-hotelero\\\/#article\",\"isPartOf\":{\"@id\":\"https:\\\/\\\/patagoniambiental.com.ar\\\/info\\\/jovenes-de-la-union-malvinizadora-proponen-incorporar-carteleria-sobre-malvinas-en-el-ambito-turistico-y-hotelero\\\/\"},\"author\":{\"name\":\"Patagonia Ambiental\",\"@id\":\"https:\\\/\\\/patagoniambiental.com.ar\\\/info\\\/#\\\/schema\\\/person\\\/db12bff64bbcbf6a253710bf0ea37b5d\"},\"headline\":\"J\u00f3venes de la Uni\u00f3n Malvinizadora proponen incorporar carteler\u00eda sobre Malvinas en el \u00e1mbito tur\u00edstico y hotelero\",\"datePublished\":\"2017-07-05T12:00:49+00:00\",\"mainEntityOfPage\":{\"@id\":\"https:\\\/\\\/patagoniambiental.com.ar\\\/info\\\/jovenes-de-la-union-malvinizadora-proponen-incorporar-carteleria-sobre-malvinas-en-el-ambito-turistico-y-hotelero\\\/\"},\"wordCount\":245,\"commentCount\":0,\"publisher\":{\"@id\":\"https:\\\/\\\/patagoniambiental.com.ar\\\/info\\\/#organization\"},\"image\":{\"@id\":\"https:\\\/\\\/patagoniambiental.com.ar\\\/info\\\/jovenes-de-la-union-malvinizadora-proponen-incorporar-carteleria-sobre-malvinas-en-el-ambito-turistico-y-hotelero\\\/#primaryimage\"},\"thumbnailUrl\":\"https:\\\/\\\/patagoniambiental.com.ar\\\/info\\\/wp-content\\\/uploads\\\/2017\\\/07\\\/2083b186ca9717ac59d1868430264933-1000malvinas_cartel_ruta.jpg\",\"articleSection\":[\"Municipales\",\"Noticias\"],\"inLanguage\":\"es\",\"potentialAction\":[{\"@type\":\"CommentAction\",\"name\":\"Comment\",\"target\":[\"https:\\\/\\\/patagoniambiental.com.ar\\\/info\\\/jovenes-de-la-union-malvinizadora-proponen-incorporar-carteleria-sobre-malvinas-en-el-ambito-turistico-y-hotelero\\\/#respond\"]}]},{\"@type\":\"WebPage\",\"@id\":\"https:\\\/\\\/patagoniambiental.com.ar\\\/info\\\/jovenes-de-la-union-malvinizadora-proponen-incorporar-carteleria-sobre-malvinas-en-el-ambito-turistico-y-hotelero\\\/\",\"url\":\"https:\\\/\\\/patagoniambiental.com.ar\\\/info\\\/jovenes-de-la-union-malvinizadora-proponen-incorporar-carteleria-sobre-malvinas-en-el-ambito-turistico-y-hotelero\\\/\",\"name\":\"J\u00f3venes de la Uni\u00f3n Malvinizadora proponen incorporar carteler\u00eda sobre Malvinas en el \u00e1mbito tur\u00edstico y hotelero\",\"isPartOf\":{\"@id\":\"https:\\\/\\\/patagoniambiental.com.ar\\\/info\\\/#website\"},\"primaryImageOfPage\":{\"@id\":\"https:\\\/\\\/patagoniambiental.com.ar\\\/info\\\/jovenes-de-la-union-malvinizadora-proponen-incorporar-carteleria-sobre-malvinas-en-el-ambito-turistico-y-hotelero\\\/#primaryimage\"},\"image\":{\"@id\":\"https:\\\/\\\/patagoniambiental.com.ar\\\/info\\\/jovenes-de-la-union-malvinizadora-proponen-incorporar-carteleria-sobre-malvinas-en-el-ambito-turistico-y-hotelero\\\/#primaryimage\"},\"thumbnailUrl\":\"https:\\\/\\\/patagoniambiental.com.ar\\\/info\\\/wp-content\\\/uploads\\\/2017\\\/07\\\/2083b186ca9717ac59d1868430264933-1000malvinas_cartel_ruta.jpg\",\"datePublished\":\"2017-07-05T12:00:49+00:00\",\"breadcrumb\":{\"@id\":\"https:\\\/\\\/patagoniambiental.com.ar\\\/info\\\/jovenes-de-la-union-malvinizadora-proponen-incorporar-carteleria-sobre-malvinas-en-el-ambito-turistico-y-hotelero\\\/#breadcrumb\"},\"inLanguage\":\"es\",\"potentialAction\":[{\"@type\":\"ReadAction\",\"target\":[\"https:\\\/\\\/patagoniambiental.com.ar\\\/info\\\/jovenes-de-la-union-malvinizadora-proponen-incorporar-carteleria-sobre-malvinas-en-el-ambito-turistico-y-hotelero\\\/\"]}]},{\"@type\":\"ImageObject\",\"inLanguage\":\"es\",\"@id\":\"https:\\\/\\\/patagoniambiental.com.ar\\\/info\\\/jovenes-de-la-union-malvinizadora-proponen-incorporar-carteleria-sobre-malvinas-en-el-ambito-turistico-y-hotelero\\\/#primaryimage\",\"url\":\"https:\\\/\\\/patagoniambiental.com.ar\\\/info\\\/wp-content\\\/uploads\\\/2017\\\/07\\\/2083b186ca9717ac59d1868430264933-1000malvinas_cartel_ruta.jpg\",\"contentUrl\":\"https:\\\/\\\/patagoniambiental.com.ar\\\/info\\\/wp-content\\\/uploads\\\/2017\\\/07\\\/2083b186ca9717ac59d1868430264933-1000malvinas_cartel_ruta.jpg\",\"width\":1000,\"height\":667},{\"@type\":\"BreadcrumbList\",\"@id\":\"https:\\\/\\\/patagoniambiental.com.ar\\\/info\\\/jovenes-de-la-union-malvinizadora-proponen-incorporar-carteleria-sobre-malvinas-en-el-ambito-turistico-y-hotelero\\\/#breadcrumb\",\"itemListElement\":[{\"@type\":\"ListItem\",\"position\":1,\"name\":\"Inicio\",\"item\":\"https:\\\/\\\/patagoniambiental.com.ar\\\/info\\\/\"},{\"@type\":\"ListItem\",\"position\":2,\"name\":\"J\u00f3venes de la Uni\u00f3n Malvinizadora proponen incorporar carteler\u00eda sobre Malvinas en el \u00e1mbito tur\u00edstico y hotelero\"}]},{\"@type\":\"WebSite\",\"@id\":\"https:\\\/\\\/patagoniambiental.com.ar\\\/info\\\/#website\",\"url\":\"https:\\\/\\\/patagoniambiental.com.ar\\\/info\\\/\",\"name\":\"Patagonia Ambiental\",\"description\":\"Monitoreo y an\u00e1lisis de la situaci\u00f3n geopol\u00edtica en el mundo y su implicancia en la Patagonia\",\"publisher\":{\"@id\":\"https:\\\/\\\/patagoniambiental.com.ar\\\/info\\\/#organization\"},\"potentialAction\":[{\"@type\":\"SearchAction\",\"target\":{\"@type\":\"EntryPoint\",\"urlTemplate\":\"https:\\\/\\\/patagoniambiental.com.ar\\\/info\\\/?s={search_term_string}\"},\"query-input\":{\"@type\":\"PropertyValueSpecification\",\"valueRequired\":true,\"valueName\":\"search_term_string\"}}],\"inLanguage\":\"es\"},{\"@type\":\"Organization\",\"@id\":\"https:\\\/\\\/patagoniambiental.com.ar\\\/info\\\/#organization\",\"name\":\"Patagonia Ambiental\",\"url\":\"https:\\\/\\\/patagoniambiental.com.ar\\\/info\\\/\",\"logo\":{\"@type\":\"ImageObject\",\"inLanguage\":\"es\",\"@id\":\"https:\\\/\\\/patagoniambiental.com.ar\\\/info\\\/#\\\/schema\\\/logo\\\/image\\\/\",\"url\":\"https:\\\/\\\/patagoniambiental.com.ar\\\/info\\\/wp-content\\\/uploads\\\/2025\\\/05\\\/LOGO-PATAGONIA-AMBIENTAL.png\",\"contentUrl\":\"https:\\\/\\\/patagoniambiental.com.ar\\\/info\\\/wp-content\\\/uploads\\\/2025\\\/05\\\/LOGO-PATAGONIA-AMBIENTAL.png\",\"width\":433,\"height\":250,\"caption\":\"Patagonia Ambiental\"},\"image\":{\"@id\":\"https:\\\/\\\/patagoniambiental.com.ar\\\/info\\\/#\\\/schema\\\/logo\\\/image\\\/\"},\"sameAs\":[\"https:\\\/\\\/www.facebook.com\\\/patagonia.ambiental\",\"https:\\\/\\\/x.com\\\/PatAmb\"]},{\"@type\":\"Person\",\"@id\":\"https:\\\/\\\/patagoniambiental.com.ar\\\/info\\\/#\\\/schema\\\/person\\\/db12bff64bbcbf6a253710bf0ea37b5d\",\"name\":\"Patagonia Ambiental\",\"description\":\"Andr\u00e9s Nievas T\u00e9cnico en manejo ambiental, consultor Ambiental y escritor para medios locales e internacionales sobre temas de geopolitica y medio ambiente.\",\"sameAs\":[\"http:\\\/\\\/www.patagoniambiental.com.ar\",\"https:\\\/\\\/www.facebook.com\\\/share\\\/1C1V8Gv9BX\\\/?mibextid=qi2Omg\",\"@patagoniambiental\",\"https:\\\/\\\/youtube.com\\\/@patagoniaambiental2023?si=BLt58t0wuXquxlYZ\"]}]}<\/script>\n<!-- \/ Yoast SEO Premium plugin. -->","yoast_head_json":{"title":"J\u00f3venes de la Uni\u00f3n Malvinizadora proponen incorporar carteler\u00eda sobre Malvinas en el \u00e1mbito tur\u00edstico y hotelero","robots":{"index":"index","follow":"follow","max-snippet":"max-snippet:-1","max-image-preview":"max-image-preview:large","max-video-preview":"max-video-preview:-1"},"canonical":"https:\/\/patagoniambiental.com.ar\/info\/jovenes-de-la-union-malvinizadora-proponen-incorporar-carteleria-sobre-malvinas-en-el-ambito-turistico-y-hotelero\/","og_locale":"es_ES","og_type":"article","og_title":"J\u00f3venes de la Uni\u00f3n Malvinizadora proponen incorporar carteler\u00eda sobre Malvinas en el \u00e1mbito tur\u00edstico y hotelero","og_description":"Ushuaia.-El secretario de Gobierno de la Municipalidad, Omar Becerra defini\u00f3 con los integrantes de Cantera Popular, Mario Casabona Guerra, y [&hellip;]","og_url":"https:\/\/patagoniambiental.com.ar\/info\/jovenes-de-la-union-malvinizadora-proponen-incorporar-carteleria-sobre-malvinas-en-el-ambito-turistico-y-hotelero\/","og_site_name":"Patagonia Ambiental","article_publisher":"https:\/\/www.facebook.com\/patagonia.ambiental","article_author":"https:\/\/www.facebook.com\/share\/1C1V8Gv9BX\/?mibextid=qi2Omg","article_published_time":"2017-07-05T12:00:49+00:00","og_image":[{"width":1000,"height":667,"url":"https:\/\/patagoniambiental.com.ar\/info\/wp-content\/uploads\/2017\/07\/2083b186ca9717ac59d1868430264933-1000malvinas_cartel_ruta.jpg","type":"image\/jpeg"}],"author":"Patagonia Ambiental","twitter_card":"summary_large_image","twitter_creator":"@PatAmb","twitter_site":"@PatAmb","schema":{"@context":"https:\/\/schema.org","@graph":[{"@type":"Article","@id":"https:\/\/patagoniambiental.com.ar\/info\/jovenes-de-la-union-malvinizadora-proponen-incorporar-carteleria-sobre-malvinas-en-el-ambito-turistico-y-hotelero\/#article","isPartOf":{"@id":"https:\/\/patagoniambiental.com.ar\/info\/jovenes-de-la-union-malvinizadora-proponen-incorporar-carteleria-sobre-malvinas-en-el-ambito-turistico-y-hotelero\/"},"author":{"name":"Patagonia Ambiental","@id":"https:\/\/patagoniambiental.com.ar\/info\/#\/schema\/person\/db12bff64bbcbf6a253710bf0ea37b5d"},"headline":"J\u00f3venes de la Uni\u00f3n Malvinizadora proponen incorporar carteler\u00eda sobre Malvinas en el \u00e1mbito tur\u00edstico y hotelero","datePublished":"2017-07-05T12:00:49+00:00","mainEntityOfPage":{"@id":"https:\/\/patagoniambiental.com.ar\/info\/jovenes-de-la-union-malvinizadora-proponen-incorporar-carteleria-sobre-malvinas-en-el-ambito-turistico-y-hotelero\/"},"wordCount":245,"commentCount":0,"publisher":{"@id":"https:\/\/patagoniambiental.com.ar\/info\/#organization"},"image":{"@id":"https:\/\/patagoniambiental.com.ar\/info\/jovenes-de-la-union-malvinizadora-proponen-incorporar-carteleria-sobre-malvinas-en-el-ambito-turistico-y-hotelero\/#primaryimage"},"thumbnailUrl":"https:\/\/patagoniambiental.com.ar\/info\/wp-content\/uploads\/2017\/07\/2083b186ca9717ac59d1868430264933-1000malvinas_cartel_ruta.jpg","articleSection":["Municipales","Noticias"],"inLanguage":"es","potentialAction":[{"@type":"CommentAction","name":"Comment","target":["https:\/\/patagoniambiental.com.ar\/info\/jovenes-de-la-union-malvinizadora-proponen-incorporar-carteleria-sobre-malvinas-en-el-ambito-turistico-y-hotelero\/#respond"]}]},{"@type":"WebPage","@id":"https:\/\/patagoniambiental.com.ar\/info\/jovenes-de-la-union-malvinizadora-proponen-incorporar-carteleria-sobre-malvinas-en-el-ambito-turistico-y-hotelero\/","url":"https:\/\/patagoniambiental.com.ar\/info\/jovenes-de-la-union-malvinizadora-proponen-incorporar-carteleria-sobre-malvinas-en-el-ambito-turistico-y-hotelero\/","name":"J\u00f3venes de la Uni\u00f3n Malvinizadora proponen incorporar carteler\u00eda sobre Malvinas en el \u00e1mbito tur\u00edstico y hotelero","isPartOf":{"@id":"https:\/\/patagoniambiental.com.ar\/info\/#website"},"primaryImageOfPage":{"@id":"https:\/\/patagoniambiental.com.ar\/info\/jovenes-de-la-union-malvinizadora-proponen-incorporar-carteleria-sobre-malvinas-en-el-ambito-turistico-y-hotelero\/#primaryimage"},"image":{"@id":"https:\/\/patagoniambiental.com.ar\/info\/jovenes-de-la-union-malvinizadora-proponen-incorporar-carteleria-sobre-malvinas-en-el-ambito-turistico-y-hotelero\/#primaryimage"},"thumbnailUrl":"https:\/\/patagoniambiental.com.ar\/info\/wp-content\/uploads\/2017\/07\/2083b186ca9717ac59d1868430264933-1000malvinas_cartel_ruta.jpg","datePublished":"2017-07-05T12:00:49+00:00","breadcrumb":{"@id":"https:\/\/patagoniambiental.com.ar\/info\/jovenes-de-la-union-malvinizadora-proponen-incorporar-carteleria-sobre-malvinas-en-el-ambito-turistico-y-hotelero\/#breadcrumb"},"inLanguage":"es","potentialAction":[{"@type":"ReadAction","target":["https:\/\/patagoniambiental.com.ar\/info\/jovenes-de-la-union-malvinizadora-proponen-incorporar-carteleria-sobre-malvinas-en-el-ambito-turistico-y-hotelero\/"]}]},{"@type":"ImageObject","inLanguage":"es","@id":"https:\/\/patagoniambiental.com.ar\/info\/jovenes-de-la-union-malvinizadora-proponen-incorporar-carteleria-sobre-malvinas-en-el-ambito-turistico-y-hotelero\/#primaryimage","url":"https:\/\/patagoniambiental.com.ar\/info\/wp-content\/uploads\/2017\/07\/2083b186ca9717ac59d1868430264933-1000malvinas_cartel_ruta.jpg","contentUrl":"https:\/\/patagoniambiental.com.ar\/info\/wp-content\/uploads\/2017\/07\/2083b186ca9717ac59d1868430264933-1000malvinas_cartel_ruta.jpg","width":1000,"height":667},{"@type":"BreadcrumbList","@id":"https:\/\/patagoniambiental.com.ar\/info\/jovenes-de-la-union-malvinizadora-proponen-incorporar-carteleria-sobre-malvinas-en-el-ambito-turistico-y-hotelero\/#breadcrumb","itemListElement":[{"@type":"ListItem","position":1,"name":"Inicio","item":"https:\/\/patagoniambiental.com.ar\/info\/"},{"@type":"ListItem","position":2,"name":"J\u00f3venes de la Uni\u00f3n Malvinizadora proponen incorporar carteler\u00eda sobre Malvinas en el \u00e1mbito tur\u00edstico y hotelero"}]},{"@type":"WebSite","@id":"https:\/\/patagoniambiental.com.ar\/info\/#website","url":"https:\/\/patagoniambiental.com.ar\/info\/","name":"Patagonia Ambiental","description":"Monitoreo y an\u00e1lisis de la situaci\u00f3n geopol\u00edtica en el mundo y su implicancia en la Patagonia","publisher":{"@id":"https:\/\/patagoniambiental.com.ar\/info\/#organization"},"potentialAction":[{"@type":"SearchAction","target":{"@type":"EntryPoint","urlTemplate":"https:\/\/patagoniambiental.com.ar\/info\/?s={search_term_string}"},"query-input":{"@type":"PropertyValueSpecification","valueRequired":true,"valueName":"search_term_string"}}],"inLanguage":"es"},{"@type":"Organization","@id":"https:\/\/patagoniambiental.com.ar\/info\/#organization","name":"Patagonia Ambiental","url":"https:\/\/patagoniambiental.com.ar\/info\/","logo":{"@type":"ImageObject","inLanguage":"es","@id":"https:\/\/patagoniambiental.com.ar\/info\/#\/schema\/logo\/image\/","url":"https:\/\/patagoniambiental.com.ar\/info\/wp-content\/uploads\/2025\/05\/LOGO-PATAGONIA-AMBIENTAL.png","contentUrl":"https:\/\/patagoniambiental.com.ar\/info\/wp-content\/uploads\/2025\/05\/LOGO-PATAGONIA-AMBIENTAL.png","width":433,"height":250,"caption":"Patagonia Ambiental"},"image":{"@id":"https:\/\/patagoniambiental.com.ar\/info\/#\/schema\/logo\/image\/"},"sameAs":["https:\/\/www.facebook.com\/patagonia.ambiental","https:\/\/x.com\/PatAmb"]},{"@type":"Person","@id":"https:\/\/patagoniambiental.com.ar\/info\/#\/schema\/person\/db12bff64bbcbf6a253710bf0ea37b5d","name":"Patagonia Ambiental","description":"Andr\u00e9s Nievas T\u00e9cnico en manejo ambiental, consultor Ambiental y escritor para medios locales e internacionales sobre temas de geopolitica y medio ambiente.","sameAs":["http:\/\/www.patagoniambiental.com.ar","https:\/\/www.facebook.com\/share\/1C1V8Gv9BX\/?mibextid=qi2Omg","@patagoniambiental","https:\/\/youtube.com\/@patagoniaambiental2023?si=BLt58t0wuXquxlYZ"]}]}},"_links":{"self":[{"href":"https:\/\/patagoniambiental.com.ar\/info\/wp-json\/wp\/v2\/posts\/31526","targetHints":{"allow":["GET"]}}],"collection":[{"href":"https:\/\/patagoniambiental.com.ar\/info\/wp-json\/wp\/v2\/posts"}],"about":[{"href":"https:\/\/patagoniambiental.com.ar\/info\/wp-json\/wp\/v2\/types\/post"}],"author":[{"embeddable":true,"href":"https:\/\/patagoniambiental.com.ar\/info\/wp-json\/wp\/v2\/users\/2"}],"replies":[{"embeddable":true,"href":"https:\/\/patagoniambiental.com.ar\/info\/wp-json\/wp\/v2\/comments?post=31526"}],"version-history":[{"count":0,"href":"https:\/\/patagoniambiental.com.ar\/info\/wp-json\/wp\/v2\/posts\/31526\/revisions"}],"wp:featuredmedia":[{"embeddable":true,"href":"https:\/\/patagoniambiental.com.ar\/info\/wp-json\/wp\/v2\/media\/31527"}],"wp:attachment":[{"href":"https:\/\/patagoniambiental.com.ar\/info\/wp-json\/wp\/v2\/media?parent=31526"}],"wp:term":[{"taxonomy":"category","embeddable":true,"href":"https:\/\/patagoniambiental.com.ar\/info\/wp-json\/wp\/v2\/categories?post=31526"},{"taxonomy":"post_tag","embeddable":true,"href":"https:\/\/patagoniambiental.com.ar\/info\/wp-json\/wp\/v2\/tags?post=31526"}],"curies":[{"name":"wp","href":"https:\/\/api.w.org\/{rel}","templated":true}]}}