{"id":31601,"date":"2017-07-06T19:00:53","date_gmt":"2017-07-06T22:00:53","guid":{"rendered":"http:\/\/patagoniambiental.com.ar\/info\/?p=31601"},"modified":"2017-07-06T10:29:45","modified_gmt":"2017-07-06T13:29:45","slug":"proponen-rebajar-impuestos-a-los-que-adopten-perros","status":"publish","type":"post","link":"https:\/\/patagoniambiental.com.ar\/info\/proponen-rebajar-impuestos-a-los-que-adopten-perros\/","title":{"rendered":"Proponen rebajar impuestos a los que adopten perros"},"content":{"rendered":"<article id=\"article-post\" class=\"cat-rojo\">\n<header>\n<div class=\"row\">\n<div class=\"col-xs-12\">\n<p class=\"title\">Neuqu\u00e9n.-La reducci\u00f3n de tasas municipales llegar\u00eda hasta el 30% para los que se lleven animales callejeros.<\/p>\n<\/div>\n<\/div>\n<\/header>\n<div class=\"head-image thumb-wrap relative\"><!--more--><\/div>\n<div class=\"cuerpo\">\n<p><strong>Neuqu\u00e9n<\/strong><\/p>\n<p>La adopci\u00f3n responsable de mascotas podr\u00eda traer, entre otros beneficios, una reducci\u00f3n en los impuestos (tasas) municipales. La concejal\u00a0<strong>Andrea Ferracioli<\/strong>\u00a0present\u00f3 un proyecto para incentivar a quienes le ofrezcan un hogar a los perros que se encuentran en Zoonosis.<\/p>\n<\/div>\n<\/article>\n<p>&nbsp;<\/p>\n<article id=\"article-post\" class=\"cat-rojo\">\n<div class=\"cuerpo\">\n<p>\u201c<strong>Lo que pretendemos hacer es una reducci\u00f3n del 20 o 30%<\/strong>\u00a0(puede ser menos) en impuestos retributivos e intereses ante las cancelaciones de deuda de acuerdo con la cantidad de mascotas adoptadas\u201d, explic\u00f3 la presidenta del bloque del MPN en el Deliberante.<\/p>\n<p><span id=\"saysCMSEmphasisez4puycbj8p\" class=\"saysCMSEmphasis\">60 perros esperan ser adoptados en el \u00e1rea de Zoonosis del municipio. Los encargados de rescatar y cuidar a los perros son los miembros de la asociaci\u00f3n proteccionista ANCA.<\/span><\/p>\n<p><strong>Encuesta<\/strong><\/p>\n<p>La propuesta incluye, adem\u00e1s, una encuesta socioecon\u00f3mica que establecer\u00e1 si los interesados est\u00e1n en condiciones de adoptar o no.<\/p>\n<p>\u00abEsto no est\u00e1 cerrado\u00bb, remarc\u00f3 Ferracioli. \u00abLo acabamos de poner en discusi\u00f3n y obviamente\u00a0<strong>cada bloque va a incorporar lo que crea conveniente.<\/strong>\u00a0Hay que invitar a las organizaciones proteccionistas, representantes de Zoonosis y del municipio para escuchar sus opiniones y ver si es factible\u00bb, a\u00f1adi\u00f3 y se\u00f1al\u00f3 que se est\u00e1 analizando si ser\u00eda aplicable a personas f\u00edsicas o jur\u00eddicas.<\/p>\n<div id=\"embed26_wrap\" class=\"embed_cont type_freetext\">\n<div id=\"embed26_content\" class=\"embed_content\">\n<div id=\"embed26_embed\">\n<div class=\"SandboxRoot env-bp-350\" data-twitter-event-id=\"0\">\n<div id=\"twitter-widget-1\" class=\"EmbeddedTweet EmbeddedTweet--edge js-clickToOpenTarget tweet-InformationCircle-widgetParent\" lang=\"es\" data-click-to-open-target=\"https:\/\/twitter.com\/andreaferraciol\/status\/882652803516248065\" data-iframe-title=\"Tweet de Twitter\" data-dt-full=\"%{hours24}:%{minutes} - %{day} %{month} %{year}\" data-dt-months=\"Jan|Feb|Mar|Apr|May|Jun|Jul|Aug|Sep|Oct|Nov|Dec\" data-dt-am=\"AM\" data-dt-pm=\"PM\" data-dt-now=\"now\" data-dt-s=\"s\" data-dt-m=\"m\" data-dt-h=\"h\" data-dt-second=\"segundo\" data-dt-seconds=\"segundos\" data-dt-minute=\"minuto\" data-dt-minutes=\"minutos\" data-dt-hour=\"hora\" data-dt-hours=\"horas\" data-dt-abbr=\"%{number}%{symbol}\" data-dt-short=\"%{day} %{month}\" data-dt-long=\"%{day} %{month} %{year}\" data-scribe=\"page:tweet\" data-twitter-event-id=\"2\">\n<div class=\"EmbeddedTweet-tweet\">\n<blockquote class=\"Tweet h-entry js-tweetIdInfo subject expanded \n<p>                    is-deciderHtmlWhitespace\" cite=\"https:\/\/twitter.com\/andreaferraciol\/status\/882652803516248065\" data-tweet-id=\"882652803516248065\" data-scribe=\"section:subject\"><\/p>\n<div class=\"Tweet-header u-cf\">\n<div class=\"Tweet-brand u-floatRight\">\n<div class=\"Icon Icon--twitter \" title=\"\" role=\"presentation\" aria-label=\"\"><\/div>\n<p><span class=\"u-hiddenInNarrowEnv\"><a class=\"FollowButton FollowButton--edge follow-button profile\" title=\"Seguir a andrea ferracioli en Twitter\" role=\"button\" href=\"https:\/\/twitter.com\/andreaferraciol\" data-scribe=\"component:followbutton\">\u00a0Seguir<\/a><\/span><\/div>\n<div class=\"TweetAuthor \" data-scribe=\"component:author\"><a class=\"TweetAuthor-link Identity u-linkBlend\" href=\"https:\/\/twitter.com\/andreaferraciol\" data-scribe=\"element:user_link\" aria-label=\"andrea ferracioli (nombre de pantalla: andreaferraciol)\"><span class=\"TweetAuthor-avatar Identity-avatar\"><img decoding=\"async\" class=\"Avatar Avatar--edge\" src=\"https:\/\/pbs.twimg.com\/profile_images\/876955470812131330\/-V942BnW_normal.jpg\" alt=\"\" data-scribe=\"element:avatar\" data-src-2x=\"https:\/\/pbs.twimg.com\/profile_images\/876955470812131330\/-V942BnW_bigger.jpg\" data-src-1x=\"https:\/\/pbs.twimg.com\/profile_images\/876955470812131330\/-V942BnW_normal.jpg\" \/><\/span><span class=\"TweetAuthor-name Identity-name customisable-highlight\" title=\"andrea ferracioli\" data-scribe=\"element:name\">andrea ferracioli<\/span>\u00a0<span class=\"TweetAuthor-screenName Identity-screenName\" dir=\"ltr\" title=\"@andreaferraciol\" data-scribe=\"element:screen_name\">@andreaferraciol<\/span><\/a><\/div>\n<\/div>\n<div class=\"Tweet-body e-entry-content\" data-scribe=\"component:tweet\">\n<p class=\"Tweet-text e-entry-title\" dir=\"ltr\" lang=\"es\">Hoy empezamos a trabajar el proyecto para beneficiar a vecinos quienes adopten bajo el Programa de adopci\u00f3n de mascotas del Municipio<\/p>\n<div class=\"Tweet-metadata dateline\"><a class=\"u-linkBlend u-url customisable-highlight long-permalink\" href=\"https:\/\/twitter.com\/andreaferraciol\/status\/882652803516248065\" data-datetime=\"2017-07-05T17:30:01+0000\" data-scribe=\"element:full_timestamp\"><time class=\"dt-updated\" title=\"Publicado a las: 05 Jul 2017, 17:30:01 (UTC)\" datetime=\"2017-07-05T17:30:01+0000\">14:30 &#8211; 5 Jul 2017<\/time><\/a><\/div>\n<ul class=\"Tweet-actions\" role=\"menu\" data-scribe=\"component:actions\" aria-label=\"Acciones del Tweet\">\n<li class=\"Tweet-action\">\n<div class=\"Icon Icon--reply TweetAction-icon Icon--replyEdge\" title=\"Responder\" role=\"img\" aria-label=\"Responder\"><\/div>\n<\/li>\n<li class=\"Tweet-action\">\n<div class=\"Icon Icon--retweet TweetAction-icon Icon--retweetEdge\" title=\"Retwittear\" role=\"img\" aria-label=\"Retwittear\"><\/div>\n<p><a class=\"TweetAction TweetAction--retweetEdge web-intent\" href=\"https:\/\/twitter.com\/intent\/retweet?tweet_id=882652803516248065\" data-scribe=\"element:retweet\">\u00a0<span class=\"TweetAction-stat\" data-scribe=\"element:retweet_count\" aria-hidden=\"true\">2<\/span><span class=\"u-hiddenVisually\">2 Retweets<\/span><\/a><\/li>\n<li class=\"Tweet-action\">\n<div class=\"Icon Icon--heart TweetAction-icon Icon--heartEdge\" title=\"Me gusta\" role=\"img\" aria-label=\"Me gusta\"><\/div>\n<p><a class=\"TweetAction TweetAction--heartEdge web-intent\" href=\"https:\/\/twitter.com\/intent\/like?tweet_id=882652803516248065\" data-scribe=\"element:heart\">\u00a0<span class=\"TweetAction-stat\" data-scribe=\"element:heart_count\" aria-hidden=\"true\">7<\/span><span class=\"u-hiddenVisually\">7 me gusta<\/span><\/a><\/li>\n<\/ul>\n<\/div>\n<\/blockquote>\n<\/div>\n<div class=\"tweet-InformationCircle--bottom tweet-InformationCircle\"><a class=\"Icon Icon--informationCircleWhite\" title=\"Informaci\u00f3n y privacidad de Twitter Ads\" href=\"https:\/\/support.twitter.com\/articles\/20175256\"><span class=\"u-hiddenVisually\">Informaci\u00f3n y privacidad de Twitter Ads<\/span><\/a><\/div>\n<\/div>\n<div class=\"resize-sensor\"><\/div>\n<\/div>\n<\/div>\n<\/div>\n<div id=\"embed26_epigrafe\" class=\"embed_epigrafe\"><\/div>\n<div id=\"embed26_copyright\" class=\"embed_copyright\"><\/div>\n<\/div>\n<p>Para evitar que se adopten perros s\u00f3lo para acceder al premio y luego los dejen en situaci\u00f3n de calle,<strong>\u00a0la ordenanza dispondr\u00e1 mecanismos de control<\/strong>. \u00abLa Municipalidad deber\u00e1 realizar convenios de cooperaci\u00f3n con asociaciones protectoras de animales y organizaciones afines para la promoci\u00f3n y difusi\u00f3n de tenencia responsable, la colaboraci\u00f3n en el programa de adopci\u00f3n, el seguimiento de los estados de la mascotas pos-adopci\u00f3n, la asistencia de mascotas con fines terap\u00e9uticos y la actualizaci\u00f3n permanente de padrones de canes y felinos\u00bb, precis\u00f3 Ferracioli.<\/p>\n<p><span id=\"saysCMSEmphasiszdqc2or6cf\" class=\"saysCMSEmphasis\">\u201cHay que apuntar a la castraci\u00f3n masiva de perros y a la capacitaci\u00f3n de tenencia responsable de mascotas en la ciudad de Neuqu\u00e9n\u201d. Andrea Ferracioli Concejal del MPN<\/span><\/p>\n<p><strong>Modelo cordob\u00e9s<\/strong><\/p>\n<p>Ferracioli indic\u00f3 que la propuesta est\u00e1 inspirada en una ordenanza que\u00a0<strong>se comenz\u00f3 a implementar a principios de a\u00f1o en la localidad cordobesa de Alta Gracia<\/strong>, donde\u00a0<strong>se redujo en un 50% la tasa del impuesto<\/strong>\u00a0a la propiedad para abaratar los costos de mantenimiento y salud de los animales.<\/p>\n<p>Adem\u00e1s del beneficio econ\u00f3mico que se mantiene durante un a\u00f1o, la Municipalidad puso como incentivo una bolsa de alimento balanceado de buena calidad por mes y atenci\u00f3n m\u00e9dica veterinaria gratuita.<\/p>\n<p>\u201cHablamos con el\u00a0<a class=\"agrupador\" href=\"https:\/\/www.lmneuquen.com\/URL_AGRUPADOR_195\/concejo-deliberante-a131\" rel=\"131\">Concejo Deliberante<\/a>\u00a0de all\u00e1 y nos contaron c\u00f3mo lo estaban implementando El resultado que est\u00e1 teniendo all\u00e1 es positivo\u201d, afirm\u00f3.<\/p>\n<p><strong>Tenencia responsable<\/strong><\/p>\n<p><em><strong>Un programa para que las mascotas rescatadas tengan hogar<\/strong><\/em><\/p>\n<p><em>Mi amigo, mi mascota<\/em>. As\u00ed se llama el programa que promueve la adopci\u00f3n de los m\u00e1s de 60 perros que se encuentran en los caniles de Zoonosis (Domingo Savio 3215 de Parque Industrial) a la espera de una familia.<\/p>\n<p>Actualmente la adopci\u00f3n se puede realizar en el d\u00eda bajo la coordinaci\u00f3n de las responsables de la Asociaci\u00f3n Neuquina del Cuidado del Animal (ANCA).\u00a0<strong>Las citas se pueden acordar v\u00eda telef\u00f3nica: 441-3523, 299-5045138 o 299-5806188<\/strong><\/p>\n<p>Los perros adoptados salen de la direcci\u00f3n de Zoonosis esterilizados, desparasitados y en buenas condiciones sanitarias. Los adoptantes tienen comprometerse a ejercer una tenencia responsable y llenar un registro con sus datos personales.<\/p>\n<p>La ordenanza 11036 indica que el Municipio debe castrar anualmente el 10% de la poblaci\u00f3n canina y el 5% del total felino, y que en todos los casos las intervenciones ser\u00e1n gratuitas. La alimentaci\u00f3n deficiente de los perros en situaci\u00f3n de calle los convierte en agentes de contagio de enfermedades a trav\u00e9s de la caca.<\/p>\n<p>Fuente: La Ma\u00f1ana Neuqu\u00e9n<\/p>\n<\/div>\n<\/article>\n","protected":false},"excerpt":{"rendered":"<p>Neuqu\u00e9n.-La reducci\u00f3n de tasas municipales llegar\u00eda hasta el 30% para los que se lleven animales callejeros.<\/p>\n","protected":false},"author":2,"featured_media":30177,"comment_status":"open","ping_status":"open","sticky":false,"template":"","format":"standard","meta":{"site-sidebar-layout":"default","site-content-layout":"","ast-site-content-layout":"default","site-content-style":"default","site-sidebar-style":"default","ast-global-header-display":"","ast-banner-title-visibility":"","ast-main-header-display":"","ast-hfb-above-header-display":"","ast-hfb-below-header-display":"","ast-hfb-mobile-header-display":"","site-post-title":"","ast-breadcrumbs-content":"","ast-featured-img":"","footer-sml-layout":"","ast-disable-related-posts":"","theme-transparent-header-meta":"","adv-header-id-meta":"","stick-header-meta":"","header-above-stick-meta":"","header-main-stick-meta":"","header-below-stick-meta":"","astra-migrate-meta-layouts":"default","ast-page-background-enabled":"default","ast-page-background-meta":{"desktop":{"background-color":"var(--ast-global-color-5)","background-image":"","background-repeat":"repeat","background-position":"center center","background-size":"auto","background-attachment":"scroll","background-type":"","background-media":"","overlay-type":"","overlay-color":"","overlay-opacity":"","overlay-gradient":""},"tablet":{"background-color":"","background-image":"","background-repeat":"repeat","background-position":"center center","background-size":"auto","background-attachment":"scroll","background-type":"","background-media":"","overlay-type":"","overlay-color":"","overlay-opacity":"","overlay-gradient":""},"mobile":{"background-color":"","background-image":"","background-repeat":"repeat","background-position":"center center","background-size":"auto","background-attachment":"scroll","background-type":"","background-media":"","overlay-type":"","overlay-color":"","overlay-opacity":"","overlay-gradient":""}},"ast-content-background-meta":{"desktop":{"background-color":"var(--ast-global-color-4)","background-image":"","background-repeat":"repeat","background-position":"center center","background-size":"auto","background-attachment":"scroll","background-type":"","background-media":"","overlay-type":"","overlay-color":"","overlay-opacity":"","overlay-gradient":""},"tablet":{"background-color":"var(--ast-global-color-4)","background-image":"","background-repeat":"repeat","background-position":"center center","background-size":"auto","background-attachment":"scroll","background-type":"","background-media":"","overlay-type":"","overlay-color":"","overlay-opacity":"","overlay-gradient":""},"mobile":{"background-color":"var(--ast-global-color-4)","background-image":"","background-repeat":"repeat","background-position":"center center","background-size":"auto","background-attachment":"scroll","background-type":"","background-media":"","overlay-type":"","overlay-color":"","overlay-opacity":"","overlay-gradient":""}},"footnotes":""},"categories":[16,1],"tags":[],"class_list":["post-31601","post","type-post","status-publish","format-standard","has-post-thumbnail","hentry","category-municipales","category-noticias"],"yoast_head":"<!-- This site is optimized with the Yoast SEO Premium plugin v23.0 (Yoast SEO v27.4) - https:\/\/yoast.com\/product\/yoast-seo-premium-wordpress\/ -->\n<title>Proponen rebajar impuestos a los que adopten perros<\/title>\n<meta name=\"robots\" content=\"index, follow, max-snippet:-1, max-image-preview:large, max-video-preview:-1\" \/>\n<link rel=\"canonical\" href=\"https:\/\/patagoniambiental.com.ar\/info\/proponen-rebajar-impuestos-a-los-que-adopten-perros\/\" \/>\n<meta property=\"og:locale\" content=\"es_ES\" \/>\n<meta property=\"og:type\" content=\"article\" \/>\n<meta property=\"og:title\" content=\"Proponen rebajar impuestos a los que adopten perros\" \/>\n<meta property=\"og:description\" content=\"Neuqu\u00e9n.-La reducci\u00f3n de tasas municipales llegar\u00eda hasta el 30% para los que se lleven animales callejeros.\" \/>\n<meta property=\"og:url\" content=\"https:\/\/patagoniambiental.com.ar\/info\/proponen-rebajar-impuestos-a-los-que-adopten-perros\/\" \/>\n<meta property=\"og:site_name\" content=\"Patagonia Ambiental\" \/>\n<meta property=\"article:publisher\" content=\"https:\/\/www.facebook.com\/patagonia.ambiental\" \/>\n<meta property=\"article:author\" content=\"https:\/\/www.facebook.com\/share\/1C1V8Gv9BX\/?mibextid=qi2Omg\" \/>\n<meta property=\"article:published_time\" content=\"2017-07-06T22:00:53+00:00\" \/>\n<meta property=\"og:image\" content=\"https:\/\/patagoniambiental.com.ar\/info\/wp-content\/uploads\/2017\/06\/neuquen-capital3-wpcf_900x600.jpg\" \/>\n\t<meta property=\"og:image:width\" content=\"900\" \/>\n\t<meta property=\"og:image:height\" content=\"600\" \/>\n\t<meta property=\"og:image:type\" content=\"image\/jpeg\" \/>\n<meta name=\"author\" content=\"Patagonia Ambiental\" \/>\n<meta name=\"twitter:card\" content=\"summary_large_image\" \/>\n<meta name=\"twitter:creator\" content=\"@PatAmb\" \/>\n<meta name=\"twitter:site\" content=\"@PatAmb\" \/>\n<script type=\"application\/ld+json\" class=\"yoast-schema-graph\">{\"@context\":\"https:\\\/\\\/schema.org\",\"@graph\":[{\"@type\":\"Article\",\"@id\":\"https:\\\/\\\/patagoniambiental.com.ar\\\/info\\\/proponen-rebajar-impuestos-a-los-que-adopten-perros\\\/#article\",\"isPartOf\":{\"@id\":\"https:\\\/\\\/patagoniambiental.com.ar\\\/info\\\/proponen-rebajar-impuestos-a-los-que-adopten-perros\\\/\"},\"author\":{\"name\":\"Patagonia Ambiental\",\"@id\":\"https:\\\/\\\/patagoniambiental.com.ar\\\/info\\\/#\\\/schema\\\/person\\\/db12bff64bbcbf6a253710bf0ea37b5d\"},\"headline\":\"Proponen rebajar impuestos a los que adopten perros\",\"datePublished\":\"2017-07-06T22:00:53+00:00\",\"mainEntityOfPage\":{\"@id\":\"https:\\\/\\\/patagoniambiental.com.ar\\\/info\\\/proponen-rebajar-impuestos-a-los-que-adopten-perros\\\/\"},\"wordCount\":694,\"commentCount\":0,\"publisher\":{\"@id\":\"https:\\\/\\\/patagoniambiental.com.ar\\\/info\\\/#organization\"},\"image\":{\"@id\":\"https:\\\/\\\/patagoniambiental.com.ar\\\/info\\\/proponen-rebajar-impuestos-a-los-que-adopten-perros\\\/#primaryimage\"},\"thumbnailUrl\":\"https:\\\/\\\/patagoniambiental.com.ar\\\/info\\\/wp-content\\\/uploads\\\/2017\\\/06\\\/neuquen-capital3-wpcf_900x600.jpg\",\"articleSection\":[\"Municipales\",\"Noticias\"],\"inLanguage\":\"es\",\"potentialAction\":[{\"@type\":\"CommentAction\",\"name\":\"Comment\",\"target\":[\"https:\\\/\\\/patagoniambiental.com.ar\\\/info\\\/proponen-rebajar-impuestos-a-los-que-adopten-perros\\\/#respond\"]}]},{\"@type\":\"WebPage\",\"@id\":\"https:\\\/\\\/patagoniambiental.com.ar\\\/info\\\/proponen-rebajar-impuestos-a-los-que-adopten-perros\\\/\",\"url\":\"https:\\\/\\\/patagoniambiental.com.ar\\\/info\\\/proponen-rebajar-impuestos-a-los-que-adopten-perros\\\/\",\"name\":\"Proponen rebajar impuestos a los que adopten perros\",\"isPartOf\":{\"@id\":\"https:\\\/\\\/patagoniambiental.com.ar\\\/info\\\/#website\"},\"primaryImageOfPage\":{\"@id\":\"https:\\\/\\\/patagoniambiental.com.ar\\\/info\\\/proponen-rebajar-impuestos-a-los-que-adopten-perros\\\/#primaryimage\"},\"image\":{\"@id\":\"https:\\\/\\\/patagoniambiental.com.ar\\\/info\\\/proponen-rebajar-impuestos-a-los-que-adopten-perros\\\/#primaryimage\"},\"thumbnailUrl\":\"https:\\\/\\\/patagoniambiental.com.ar\\\/info\\\/wp-content\\\/uploads\\\/2017\\\/06\\\/neuquen-capital3-wpcf_900x600.jpg\",\"datePublished\":\"2017-07-06T22:00:53+00:00\",\"breadcrumb\":{\"@id\":\"https:\\\/\\\/patagoniambiental.com.ar\\\/info\\\/proponen-rebajar-impuestos-a-los-que-adopten-perros\\\/#breadcrumb\"},\"inLanguage\":\"es\",\"potentialAction\":[{\"@type\":\"ReadAction\",\"target\":[\"https:\\\/\\\/patagoniambiental.com.ar\\\/info\\\/proponen-rebajar-impuestos-a-los-que-adopten-perros\\\/\"]}]},{\"@type\":\"ImageObject\",\"inLanguage\":\"es\",\"@id\":\"https:\\\/\\\/patagoniambiental.com.ar\\\/info\\\/proponen-rebajar-impuestos-a-los-que-adopten-perros\\\/#primaryimage\",\"url\":\"https:\\\/\\\/patagoniambiental.com.ar\\\/info\\\/wp-content\\\/uploads\\\/2017\\\/06\\\/neuquen-capital3-wpcf_900x600.jpg\",\"contentUrl\":\"https:\\\/\\\/patagoniambiental.com.ar\\\/info\\\/wp-content\\\/uploads\\\/2017\\\/06\\\/neuquen-capital3-wpcf_900x600.jpg\",\"width\":900,\"height\":600,\"caption\":\"http:\\\/\\\/neuquentur.gob.ar\\\/lab\\\/wp-content\\\/uploads\\\/2015\\\/04\\\/neuquen-capital3-wpcf_900x600.jpg\"},{\"@type\":\"BreadcrumbList\",\"@id\":\"https:\\\/\\\/patagoniambiental.com.ar\\\/info\\\/proponen-rebajar-impuestos-a-los-que-adopten-perros\\\/#breadcrumb\",\"itemListElement\":[{\"@type\":\"ListItem\",\"position\":1,\"name\":\"Inicio\",\"item\":\"https:\\\/\\\/patagoniambiental.com.ar\\\/info\\\/\"},{\"@type\":\"ListItem\",\"position\":2,\"name\":\"Proponen rebajar impuestos a los que adopten perros\"}]},{\"@type\":\"WebSite\",\"@id\":\"https:\\\/\\\/patagoniambiental.com.ar\\\/info\\\/#website\",\"url\":\"https:\\\/\\\/patagoniambiental.com.ar\\\/info\\\/\",\"name\":\"Patagonia Ambiental\",\"description\":\"Monitoreo y an\u00e1lisis de la situaci\u00f3n geopol\u00edtica en el mundo y su implicancia en la Patagonia\",\"publisher\":{\"@id\":\"https:\\\/\\\/patagoniambiental.com.ar\\\/info\\\/#organization\"},\"potentialAction\":[{\"@type\":\"SearchAction\",\"target\":{\"@type\":\"EntryPoint\",\"urlTemplate\":\"https:\\\/\\\/patagoniambiental.com.ar\\\/info\\\/?s={search_term_string}\"},\"query-input\":{\"@type\":\"PropertyValueSpecification\",\"valueRequired\":true,\"valueName\":\"search_term_string\"}}],\"inLanguage\":\"es\"},{\"@type\":\"Organization\",\"@id\":\"https:\\\/\\\/patagoniambiental.com.ar\\\/info\\\/#organization\",\"name\":\"Patagonia Ambiental\",\"url\":\"https:\\\/\\\/patagoniambiental.com.ar\\\/info\\\/\",\"logo\":{\"@type\":\"ImageObject\",\"inLanguage\":\"es\",\"@id\":\"https:\\\/\\\/patagoniambiental.com.ar\\\/info\\\/#\\\/schema\\\/logo\\\/image\\\/\",\"url\":\"https:\\\/\\\/patagoniambiental.com.ar\\\/info\\\/wp-content\\\/uploads\\\/2025\\\/05\\\/LOGO-PATAGONIA-AMBIENTAL.png\",\"contentUrl\":\"https:\\\/\\\/patagoniambiental.com.ar\\\/info\\\/wp-content\\\/uploads\\\/2025\\\/05\\\/LOGO-PATAGONIA-AMBIENTAL.png\",\"width\":433,\"height\":250,\"caption\":\"Patagonia Ambiental\"},\"image\":{\"@id\":\"https:\\\/\\\/patagoniambiental.com.ar\\\/info\\\/#\\\/schema\\\/logo\\\/image\\\/\"},\"sameAs\":[\"https:\\\/\\\/www.facebook.com\\\/patagonia.ambiental\",\"https:\\\/\\\/x.com\\\/PatAmb\"]},{\"@type\":\"Person\",\"@id\":\"https:\\\/\\\/patagoniambiental.com.ar\\\/info\\\/#\\\/schema\\\/person\\\/db12bff64bbcbf6a253710bf0ea37b5d\",\"name\":\"Patagonia Ambiental\",\"description\":\"Andr\u00e9s Nievas T\u00e9cnico en manejo ambiental, consultor Ambiental y escritor para medios locales e internacionales sobre temas de geopolitica y medio ambiente.\",\"sameAs\":[\"http:\\\/\\\/www.patagoniambiental.com.ar\",\"https:\\\/\\\/www.facebook.com\\\/share\\\/1C1V8Gv9BX\\\/?mibextid=qi2Omg\",\"@patagoniambiental\",\"https:\\\/\\\/youtube.com\\\/@patagoniaambiental2023?si=BLt58t0wuXquxlYZ\"]}]}<\/script>\n<!-- \/ Yoast SEO Premium plugin. -->","yoast_head_json":{"title":"Proponen rebajar impuestos a los que adopten perros","robots":{"index":"index","follow":"follow","max-snippet":"max-snippet:-1","max-image-preview":"max-image-preview:large","max-video-preview":"max-video-preview:-1"},"canonical":"https:\/\/patagoniambiental.com.ar\/info\/proponen-rebajar-impuestos-a-los-que-adopten-perros\/","og_locale":"es_ES","og_type":"article","og_title":"Proponen rebajar impuestos a los que adopten perros","og_description":"Neuqu\u00e9n.-La reducci\u00f3n de tasas municipales llegar\u00eda hasta el 30% para los que se lleven animales callejeros.","og_url":"https:\/\/patagoniambiental.com.ar\/info\/proponen-rebajar-impuestos-a-los-que-adopten-perros\/","og_site_name":"Patagonia Ambiental","article_publisher":"https:\/\/www.facebook.com\/patagonia.ambiental","article_author":"https:\/\/www.facebook.com\/share\/1C1V8Gv9BX\/?mibextid=qi2Omg","article_published_time":"2017-07-06T22:00:53+00:00","og_image":[{"width":900,"height":600,"url":"https:\/\/patagoniambiental.com.ar\/info\/wp-content\/uploads\/2017\/06\/neuquen-capital3-wpcf_900x600.jpg","type":"image\/jpeg"}],"author":"Patagonia Ambiental","twitter_card":"summary_large_image","twitter_creator":"@PatAmb","twitter_site":"@PatAmb","schema":{"@context":"https:\/\/schema.org","@graph":[{"@type":"Article","@id":"https:\/\/patagoniambiental.com.ar\/info\/proponen-rebajar-impuestos-a-los-que-adopten-perros\/#article","isPartOf":{"@id":"https:\/\/patagoniambiental.com.ar\/info\/proponen-rebajar-impuestos-a-los-que-adopten-perros\/"},"author":{"name":"Patagonia Ambiental","@id":"https:\/\/patagoniambiental.com.ar\/info\/#\/schema\/person\/db12bff64bbcbf6a253710bf0ea37b5d"},"headline":"Proponen rebajar impuestos a los que adopten perros","datePublished":"2017-07-06T22:00:53+00:00","mainEntityOfPage":{"@id":"https:\/\/patagoniambiental.com.ar\/info\/proponen-rebajar-impuestos-a-los-que-adopten-perros\/"},"wordCount":694,"commentCount":0,"publisher":{"@id":"https:\/\/patagoniambiental.com.ar\/info\/#organization"},"image":{"@id":"https:\/\/patagoniambiental.com.ar\/info\/proponen-rebajar-impuestos-a-los-que-adopten-perros\/#primaryimage"},"thumbnailUrl":"https:\/\/patagoniambiental.com.ar\/info\/wp-content\/uploads\/2017\/06\/neuquen-capital3-wpcf_900x600.jpg","articleSection":["Municipales","Noticias"],"inLanguage":"es","potentialAction":[{"@type":"CommentAction","name":"Comment","target":["https:\/\/patagoniambiental.com.ar\/info\/proponen-rebajar-impuestos-a-los-que-adopten-perros\/#respond"]}]},{"@type":"WebPage","@id":"https:\/\/patagoniambiental.com.ar\/info\/proponen-rebajar-impuestos-a-los-que-adopten-perros\/","url":"https:\/\/patagoniambiental.com.ar\/info\/proponen-rebajar-impuestos-a-los-que-adopten-perros\/","name":"Proponen rebajar impuestos a los que adopten perros","isPartOf":{"@id":"https:\/\/patagoniambiental.com.ar\/info\/#website"},"primaryImageOfPage":{"@id":"https:\/\/patagoniambiental.com.ar\/info\/proponen-rebajar-impuestos-a-los-que-adopten-perros\/#primaryimage"},"image":{"@id":"https:\/\/patagoniambiental.com.ar\/info\/proponen-rebajar-impuestos-a-los-que-adopten-perros\/#primaryimage"},"thumbnailUrl":"https:\/\/patagoniambiental.com.ar\/info\/wp-content\/uploads\/2017\/06\/neuquen-capital3-wpcf_900x600.jpg","datePublished":"2017-07-06T22:00:53+00:00","breadcrumb":{"@id":"https:\/\/patagoniambiental.com.ar\/info\/proponen-rebajar-impuestos-a-los-que-adopten-perros\/#breadcrumb"},"inLanguage":"es","potentialAction":[{"@type":"ReadAction","target":["https:\/\/patagoniambiental.com.ar\/info\/proponen-rebajar-impuestos-a-los-que-adopten-perros\/"]}]},{"@type":"ImageObject","inLanguage":"es","@id":"https:\/\/patagoniambiental.com.ar\/info\/proponen-rebajar-impuestos-a-los-que-adopten-perros\/#primaryimage","url":"https:\/\/patagoniambiental.com.ar\/info\/wp-content\/uploads\/2017\/06\/neuquen-capital3-wpcf_900x600.jpg","contentUrl":"https:\/\/patagoniambiental.com.ar\/info\/wp-content\/uploads\/2017\/06\/neuquen-capital3-wpcf_900x600.jpg","width":900,"height":600,"caption":"http:\/\/neuquentur.gob.ar\/lab\/wp-content\/uploads\/2015\/04\/neuquen-capital3-wpcf_900x600.jpg"},{"@type":"BreadcrumbList","@id":"https:\/\/patagoniambiental.com.ar\/info\/proponen-rebajar-impuestos-a-los-que-adopten-perros\/#breadcrumb","itemListElement":[{"@type":"ListItem","position":1,"name":"Inicio","item":"https:\/\/patagoniambiental.com.ar\/info\/"},{"@type":"ListItem","position":2,"name":"Proponen rebajar impuestos a los que adopten perros"}]},{"@type":"WebSite","@id":"https:\/\/patagoniambiental.com.ar\/info\/#website","url":"https:\/\/patagoniambiental.com.ar\/info\/","name":"Patagonia Ambiental","description":"Monitoreo y an\u00e1lisis de la situaci\u00f3n geopol\u00edtica en el mundo y su implicancia en la Patagonia","publisher":{"@id":"https:\/\/patagoniambiental.com.ar\/info\/#organization"},"potentialAction":[{"@type":"SearchAction","target":{"@type":"EntryPoint","urlTemplate":"https:\/\/patagoniambiental.com.ar\/info\/?s={search_term_string}"},"query-input":{"@type":"PropertyValueSpecification","valueRequired":true,"valueName":"search_term_string"}}],"inLanguage":"es"},{"@type":"Organization","@id":"https:\/\/patagoniambiental.com.ar\/info\/#organization","name":"Patagonia Ambiental","url":"https:\/\/patagoniambiental.com.ar\/info\/","logo":{"@type":"ImageObject","inLanguage":"es","@id":"https:\/\/patagoniambiental.com.ar\/info\/#\/schema\/logo\/image\/","url":"https:\/\/patagoniambiental.com.ar\/info\/wp-content\/uploads\/2025\/05\/LOGO-PATAGONIA-AMBIENTAL.png","contentUrl":"https:\/\/patagoniambiental.com.ar\/info\/wp-content\/uploads\/2025\/05\/LOGO-PATAGONIA-AMBIENTAL.png","width":433,"height":250,"caption":"Patagonia Ambiental"},"image":{"@id":"https:\/\/patagoniambiental.com.ar\/info\/#\/schema\/logo\/image\/"},"sameAs":["https:\/\/www.facebook.com\/patagonia.ambiental","https:\/\/x.com\/PatAmb"]},{"@type":"Person","@id":"https:\/\/patagoniambiental.com.ar\/info\/#\/schema\/person\/db12bff64bbcbf6a253710bf0ea37b5d","name":"Patagonia Ambiental","description":"Andr\u00e9s Nievas T\u00e9cnico en manejo ambiental, consultor Ambiental y escritor para medios locales e internacionales sobre temas de geopolitica y medio ambiente.","sameAs":["http:\/\/www.patagoniambiental.com.ar","https:\/\/www.facebook.com\/share\/1C1V8Gv9BX\/?mibextid=qi2Omg","@patagoniambiental","https:\/\/youtube.com\/@patagoniaambiental2023?si=BLt58t0wuXquxlYZ"]}]}},"_links":{"self":[{"href":"https:\/\/patagoniambiental.com.ar\/info\/wp-json\/wp\/v2\/posts\/31601","targetHints":{"allow":["GET"]}}],"collection":[{"href":"https:\/\/patagoniambiental.com.ar\/info\/wp-json\/wp\/v2\/posts"}],"about":[{"href":"https:\/\/patagoniambiental.com.ar\/info\/wp-json\/wp\/v2\/types\/post"}],"author":[{"embeddable":true,"href":"https:\/\/patagoniambiental.com.ar\/info\/wp-json\/wp\/v2\/users\/2"}],"replies":[{"embeddable":true,"href":"https:\/\/patagoniambiental.com.ar\/info\/wp-json\/wp\/v2\/comments?post=31601"}],"version-history":[{"count":0,"href":"https:\/\/patagoniambiental.com.ar\/info\/wp-json\/wp\/v2\/posts\/31601\/revisions"}],"wp:featuredmedia":[{"embeddable":true,"href":"https:\/\/patagoniambiental.com.ar\/info\/wp-json\/wp\/v2\/media\/30177"}],"wp:attachment":[{"href":"https:\/\/patagoniambiental.com.ar\/info\/wp-json\/wp\/v2\/media?parent=31601"}],"wp:term":[{"taxonomy":"category","embeddable":true,"href":"https:\/\/patagoniambiental.com.ar\/info\/wp-json\/wp\/v2\/categories?post=31601"},{"taxonomy":"post_tag","embeddable":true,"href":"https:\/\/patagoniambiental.com.ar\/info\/wp-json\/wp\/v2\/tags?post=31601"}],"curies":[{"name":"wp","href":"https:\/\/api.w.org\/{rel}","templated":true}]}}