{"id":31681,"date":"2017-07-07T19:00:22","date_gmt":"2017-07-07T22:00:22","guid":{"rendered":"http:\/\/patagoniambiental.com.ar\/info\/?p=31681"},"modified":"2017-07-07T16:02:31","modified_gmt":"2017-07-07T19:02:31","slug":"san-blas-y-los-pocitos-se-promocionan-en-la-feria-caminos-y-sabores","status":"publish","type":"post","link":"https:\/\/patagoniambiental.com.ar\/info\/san-blas-y-los-pocitos-se-promocionan-en-la-feria-caminos-y-sabores\/","title":{"rendered":"San Blas y Los Pocitos\u00a0se promocionan en la feria Caminos y Sabores"},"content":{"rendered":"<p class=\"x_gmail-xxmsonormal\">San Blas.-Hasta el 9 de julio, los balnearios de Bah\u00eda San Blas y Los Pocitos se promocionan en la 13\u00ba Edici\u00f3n de la feria Camino y Sabores, desarrollada en el predio de la Rural de Buenos Aires.<!--more--><\/p>\n<p class=\"x_gmail-xxmsonormal\">En el evento, que promociona\u00a0alimentos regionales, turismo y artesan\u00edas, San Blas y Los Pocitos realizar\u00e1n una\u00a0degustaci\u00f3n de comidas t\u00edpicas desarrolladas\u00a0con\u00a0ostras.<\/p>\n<p class=\"x_gmail-xxmsonormal\">Caminos y Sabores tuvo su primera edici\u00f3n en octubre del a\u00f1o 2005, y desde entonces se ha convertido en el mercado de productos regionales m\u00e1s importante de Am\u00e9rica Latina.<\/p>\n<p class=\"x_gmail-xxmsonormal\">Promueve el fortalecimiento de la identidad regional y el valor agregado en origen, y es el espacio de mayor representatividad cultural con dimensi\u00f3n federal, en plena\u00a0ciudad de Buenos Aires.<\/p>\n<p class=\"x_gmail-xxmsonormal\">En cada edici\u00f3n, miles de visitantes, junto a cadenas de retail, restaurantes e importadores se encuentran cara a cara con productores provenientes de los m\u00e1s diversos rincones del pa\u00eds. Todos comparten durante cuatro d\u00edas experiencias \u00fanicas que complementan la adquisici\u00f3n de productos originales y de gran calidad.<\/p>\n<p class=\"x_gmail-xxmsonormal\">Se organizaron\u00a0nueve\u00a0caminos tem\u00e1ticos: quesos, carnes, tradici\u00f3n, turismo, aceite y especias, bebidas, yerba mate y t\u00e9, frutos de la tierra y dulces).<\/p>\n<p class=\"x_gmail-xxmsonormal\">Participan\u00a0m\u00e1s de 400 expositores de 23 provincias argentinas.<\/p>\n<p class=\"x_gmail-xxmsonormal\">La feria incluye clases de cocina aut\u00f3ctona de la Argentina y Am\u00e9rica Latina abiertas al p\u00fablico, un espacio de degustaci\u00f3n, el concurso Experiencias del Sabor, en\u00a0el que un panel de expertos aval\u00faa\u00a0a los mejores quesos, dulces de leche, aceites de oliva, yerba mate y cervezas artesanales.<\/p>\n<div><\/div>\n<p>Fuente: \u00a0<span style=\"font-size: small;\">Direcci\u00f3n de Comunicaci\u00f3n Institucional<\/span><\/p>\n<div class=\"x_gmail_signature\">\n<div dir=\"ltr\">\n<div>\n<div dir=\"ltr\">\n<div>\n<div dir=\"ltr\">\n<div>\n<div dir=\"ltr\">\n<div>\n<div dir=\"ltr\">\n<div>\n<div dir=\"ltr\">\n<div>\n<div><b><span style=\"font-size: small;\">MUNICIPALIDAD DE PATAGONES<\/span><\/b><\/div>\n<\/div>\n<\/div>\n<\/div>\n<\/div>\n<\/div>\n<\/div>\n<\/div>\n<\/div>\n<\/div>\n<\/div>\n<\/div>\n<\/div>\n<\/div>\n","protected":false},"excerpt":{"rendered":"<p>San Blas.-Hasta el 9 de julio, los balnearios de Bah\u00eda San Blas y Los Pocitos se promocionan en la 13\u00ba [&hellip;]<\/p>\n","protected":false},"author":2,"featured_media":31682,"comment_status":"open","ping_status":"open","sticky":false,"template":"","format":"standard","meta":{"site-sidebar-layout":"default","site-content-layout":"","ast-site-content-layout":"default","site-content-style":"default","site-sidebar-style":"default","ast-global-header-display":"","ast-banner-title-visibility":"","ast-main-header-display":"","ast-hfb-above-header-display":"","ast-hfb-below-header-display":"","ast-hfb-mobile-header-display":"","site-post-title":"","ast-breadcrumbs-content":"","ast-featured-img":"","footer-sml-layout":"","ast-disable-related-posts":"","theme-transparent-header-meta":"","adv-header-id-meta":"","stick-header-meta":"","header-above-stick-meta":"","header-main-stick-meta":"","header-below-stick-meta":"","astra-migrate-meta-layouts":"default","ast-page-background-enabled":"default","ast-page-background-meta":{"desktop":{"background-color":"var(--ast-global-color-5)","background-image":"","background-repeat":"repeat","background-position":"center center","background-size":"auto","background-attachment":"scroll","background-type":"","background-media":"","overlay-type":"","overlay-color":"","overlay-opacity":"","overlay-gradient":""},"tablet":{"background-color":"","background-image":"","background-repeat":"repeat","background-position":"center center","background-size":"auto","background-attachment":"scroll","background-type":"","background-media":"","overlay-type":"","overlay-color":"","overlay-opacity":"","overlay-gradient":""},"mobile":{"background-color":"","background-image":"","background-repeat":"repeat","background-position":"center center","background-size":"auto","background-attachment":"scroll","background-type":"","background-media":"","overlay-type":"","overlay-color":"","overlay-opacity":"","overlay-gradient":""}},"ast-content-background-meta":{"desktop":{"background-color":"var(--ast-global-color-4)","background-image":"","background-repeat":"repeat","background-position":"center center","background-size":"auto","background-attachment":"scroll","background-type":"","background-media":"","overlay-type":"","overlay-color":"","overlay-opacity":"","overlay-gradient":""},"tablet":{"background-color":"var(--ast-global-color-4)","background-image":"","background-repeat":"repeat","background-position":"center center","background-size":"auto","background-attachment":"scroll","background-type":"","background-media":"","overlay-type":"","overlay-color":"","overlay-opacity":"","overlay-gradient":""},"mobile":{"background-color":"var(--ast-global-color-4)","background-image":"","background-repeat":"repeat","background-position":"center center","background-size":"auto","background-attachment":"scroll","background-type":"","background-media":"","overlay-type":"","overlay-color":"","overlay-opacity":"","overlay-gradient":""}},"footnotes":""},"categories":[16,1],"tags":[],"class_list":["post-31681","post","type-post","status-publish","format-standard","has-post-thumbnail","hentry","category-municipales","category-noticias"],"yoast_head":"<!-- This site is optimized with the Yoast SEO Premium plugin v23.0 (Yoast SEO v27.4) - https:\/\/yoast.com\/product\/yoast-seo-premium-wordpress\/ -->\n<title>San Blas y Los Pocitos\u00a0se promocionan en la feria Caminos y Sabores<\/title>\n<meta name=\"robots\" content=\"index, follow, max-snippet:-1, max-image-preview:large, max-video-preview:-1\" \/>\n<link rel=\"canonical\" href=\"https:\/\/patagoniambiental.com.ar\/info\/san-blas-y-los-pocitos-se-promocionan-en-la-feria-caminos-y-sabores\/\" \/>\n<meta property=\"og:locale\" content=\"es_ES\" \/>\n<meta property=\"og:type\" content=\"article\" \/>\n<meta property=\"og:title\" content=\"San Blas y Los Pocitos\u00a0se promocionan en la feria Caminos y Sabores\" \/>\n<meta property=\"og:description\" content=\"San Blas.-Hasta el 9 de julio, los balnearios de Bah\u00eda San Blas y Los Pocitos se promocionan en la 13\u00ba [&hellip;]\" \/>\n<meta property=\"og:url\" content=\"https:\/\/patagoniambiental.com.ar\/info\/san-blas-y-los-pocitos-se-promocionan-en-la-feria-caminos-y-sabores\/\" \/>\n<meta property=\"og:site_name\" content=\"Patagonia Ambiental\" \/>\n<meta property=\"article:publisher\" content=\"https:\/\/www.facebook.com\/patagonia.ambiental\" \/>\n<meta property=\"article:author\" content=\"https:\/\/www.facebook.com\/share\/1C1V8Gv9BX\/?mibextid=qi2Omg\" \/>\n<meta property=\"article:published_time\" content=\"2017-07-07T22:00:22+00:00\" \/>\n<meta property=\"og:image\" content=\"https:\/\/patagoniambiental.com.ar\/info\/wp-content\/uploads\/2017\/07\/thumbnail_Caminos-y-Sabores-feria4.jpg\" \/>\n\t<meta property=\"og:image:width\" content=\"1024\" \/>\n\t<meta property=\"og:image:height\" content=\"681\" \/>\n\t<meta property=\"og:image:type\" content=\"image\/jpeg\" \/>\n<meta name=\"author\" content=\"Patagonia Ambiental\" \/>\n<meta name=\"twitter:card\" content=\"summary_large_image\" \/>\n<meta name=\"twitter:creator\" content=\"@PatAmb\" \/>\n<meta name=\"twitter:site\" content=\"@PatAmb\" \/>\n<script type=\"application\/ld+json\" class=\"yoast-schema-graph\">{\"@context\":\"https:\\\/\\\/schema.org\",\"@graph\":[{\"@type\":\"Article\",\"@id\":\"https:\\\/\\\/patagoniambiental.com.ar\\\/info\\\/san-blas-y-los-pocitos-se-promocionan-en-la-feria-caminos-y-sabores\\\/#article\",\"isPartOf\":{\"@id\":\"https:\\\/\\\/patagoniambiental.com.ar\\\/info\\\/san-blas-y-los-pocitos-se-promocionan-en-la-feria-caminos-y-sabores\\\/\"},\"author\":{\"name\":\"Patagonia Ambiental\",\"@id\":\"https:\\\/\\\/patagoniambiental.com.ar\\\/info\\\/#\\\/schema\\\/person\\\/db12bff64bbcbf6a253710bf0ea37b5d\"},\"headline\":\"San Blas y Los Pocitos\u00a0se promocionan en la feria Caminos y Sabores\",\"datePublished\":\"2017-07-07T22:00:22+00:00\",\"mainEntityOfPage\":{\"@id\":\"https:\\\/\\\/patagoniambiental.com.ar\\\/info\\\/san-blas-y-los-pocitos-se-promocionan-en-la-feria-caminos-y-sabores\\\/\"},\"wordCount\":290,\"commentCount\":0,\"publisher\":{\"@id\":\"https:\\\/\\\/patagoniambiental.com.ar\\\/info\\\/#organization\"},\"image\":{\"@id\":\"https:\\\/\\\/patagoniambiental.com.ar\\\/info\\\/san-blas-y-los-pocitos-se-promocionan-en-la-feria-caminos-y-sabores\\\/#primaryimage\"},\"thumbnailUrl\":\"https:\\\/\\\/patagoniambiental.com.ar\\\/info\\\/wp-content\\\/uploads\\\/2017\\\/07\\\/thumbnail_Caminos-y-Sabores-feria4.jpg\",\"articleSection\":[\"Municipales\",\"Noticias\"],\"inLanguage\":\"es\",\"potentialAction\":[{\"@type\":\"CommentAction\",\"name\":\"Comment\",\"target\":[\"https:\\\/\\\/patagoniambiental.com.ar\\\/info\\\/san-blas-y-los-pocitos-se-promocionan-en-la-feria-caminos-y-sabores\\\/#respond\"]}]},{\"@type\":\"WebPage\",\"@id\":\"https:\\\/\\\/patagoniambiental.com.ar\\\/info\\\/san-blas-y-los-pocitos-se-promocionan-en-la-feria-caminos-y-sabores\\\/\",\"url\":\"https:\\\/\\\/patagoniambiental.com.ar\\\/info\\\/san-blas-y-los-pocitos-se-promocionan-en-la-feria-caminos-y-sabores\\\/\",\"name\":\"San Blas y Los Pocitos\u00a0se promocionan en la feria Caminos y Sabores\",\"isPartOf\":{\"@id\":\"https:\\\/\\\/patagoniambiental.com.ar\\\/info\\\/#website\"},\"primaryImageOfPage\":{\"@id\":\"https:\\\/\\\/patagoniambiental.com.ar\\\/info\\\/san-blas-y-los-pocitos-se-promocionan-en-la-feria-caminos-y-sabores\\\/#primaryimage\"},\"image\":{\"@id\":\"https:\\\/\\\/patagoniambiental.com.ar\\\/info\\\/san-blas-y-los-pocitos-se-promocionan-en-la-feria-caminos-y-sabores\\\/#primaryimage\"},\"thumbnailUrl\":\"https:\\\/\\\/patagoniambiental.com.ar\\\/info\\\/wp-content\\\/uploads\\\/2017\\\/07\\\/thumbnail_Caminos-y-Sabores-feria4.jpg\",\"datePublished\":\"2017-07-07T22:00:22+00:00\",\"breadcrumb\":{\"@id\":\"https:\\\/\\\/patagoniambiental.com.ar\\\/info\\\/san-blas-y-los-pocitos-se-promocionan-en-la-feria-caminos-y-sabores\\\/#breadcrumb\"},\"inLanguage\":\"es\",\"potentialAction\":[{\"@type\":\"ReadAction\",\"target\":[\"https:\\\/\\\/patagoniambiental.com.ar\\\/info\\\/san-blas-y-los-pocitos-se-promocionan-en-la-feria-caminos-y-sabores\\\/\"]}]},{\"@type\":\"ImageObject\",\"inLanguage\":\"es\",\"@id\":\"https:\\\/\\\/patagoniambiental.com.ar\\\/info\\\/san-blas-y-los-pocitos-se-promocionan-en-la-feria-caminos-y-sabores\\\/#primaryimage\",\"url\":\"https:\\\/\\\/patagoniambiental.com.ar\\\/info\\\/wp-content\\\/uploads\\\/2017\\\/07\\\/thumbnail_Caminos-y-Sabores-feria4.jpg\",\"contentUrl\":\"https:\\\/\\\/patagoniambiental.com.ar\\\/info\\\/wp-content\\\/uploads\\\/2017\\\/07\\\/thumbnail_Caminos-y-Sabores-feria4.jpg\",\"width\":1024,\"height\":681},{\"@type\":\"BreadcrumbList\",\"@id\":\"https:\\\/\\\/patagoniambiental.com.ar\\\/info\\\/san-blas-y-los-pocitos-se-promocionan-en-la-feria-caminos-y-sabores\\\/#breadcrumb\",\"itemListElement\":[{\"@type\":\"ListItem\",\"position\":1,\"name\":\"Inicio\",\"item\":\"https:\\\/\\\/patagoniambiental.com.ar\\\/info\\\/\"},{\"@type\":\"ListItem\",\"position\":2,\"name\":\"San Blas y Los Pocitos\u00a0se promocionan en la feria Caminos y Sabores\"}]},{\"@type\":\"WebSite\",\"@id\":\"https:\\\/\\\/patagoniambiental.com.ar\\\/info\\\/#website\",\"url\":\"https:\\\/\\\/patagoniambiental.com.ar\\\/info\\\/\",\"name\":\"Patagonia Ambiental\",\"description\":\"Monitoreo y an\u00e1lisis de la situaci\u00f3n geopol\u00edtica en el mundo y su implicancia en la Patagonia\",\"publisher\":{\"@id\":\"https:\\\/\\\/patagoniambiental.com.ar\\\/info\\\/#organization\"},\"potentialAction\":[{\"@type\":\"SearchAction\",\"target\":{\"@type\":\"EntryPoint\",\"urlTemplate\":\"https:\\\/\\\/patagoniambiental.com.ar\\\/info\\\/?s={search_term_string}\"},\"query-input\":{\"@type\":\"PropertyValueSpecification\",\"valueRequired\":true,\"valueName\":\"search_term_string\"}}],\"inLanguage\":\"es\"},{\"@type\":\"Organization\",\"@id\":\"https:\\\/\\\/patagoniambiental.com.ar\\\/info\\\/#organization\",\"name\":\"Patagonia Ambiental\",\"url\":\"https:\\\/\\\/patagoniambiental.com.ar\\\/info\\\/\",\"logo\":{\"@type\":\"ImageObject\",\"inLanguage\":\"es\",\"@id\":\"https:\\\/\\\/patagoniambiental.com.ar\\\/info\\\/#\\\/schema\\\/logo\\\/image\\\/\",\"url\":\"https:\\\/\\\/patagoniambiental.com.ar\\\/info\\\/wp-content\\\/uploads\\\/2025\\\/05\\\/LOGO-PATAGONIA-AMBIENTAL.png\",\"contentUrl\":\"https:\\\/\\\/patagoniambiental.com.ar\\\/info\\\/wp-content\\\/uploads\\\/2025\\\/05\\\/LOGO-PATAGONIA-AMBIENTAL.png\",\"width\":433,\"height\":250,\"caption\":\"Patagonia Ambiental\"},\"image\":{\"@id\":\"https:\\\/\\\/patagoniambiental.com.ar\\\/info\\\/#\\\/schema\\\/logo\\\/image\\\/\"},\"sameAs\":[\"https:\\\/\\\/www.facebook.com\\\/patagonia.ambiental\",\"https:\\\/\\\/x.com\\\/PatAmb\"]},{\"@type\":\"Person\",\"@id\":\"https:\\\/\\\/patagoniambiental.com.ar\\\/info\\\/#\\\/schema\\\/person\\\/db12bff64bbcbf6a253710bf0ea37b5d\",\"name\":\"Patagonia Ambiental\",\"description\":\"Andr\u00e9s Nievas T\u00e9cnico en manejo ambiental, consultor Ambiental y escritor para medios locales e internacionales sobre temas de geopolitica y medio ambiente.\",\"sameAs\":[\"http:\\\/\\\/www.patagoniambiental.com.ar\",\"https:\\\/\\\/www.facebook.com\\\/share\\\/1C1V8Gv9BX\\\/?mibextid=qi2Omg\",\"@patagoniambiental\",\"https:\\\/\\\/youtube.com\\\/@patagoniaambiental2023?si=BLt58t0wuXquxlYZ\"]}]}<\/script>\n<!-- \/ Yoast SEO Premium plugin. -->","yoast_head_json":{"title":"San Blas y Los Pocitos\u00a0se promocionan en la feria Caminos y Sabores","robots":{"index":"index","follow":"follow","max-snippet":"max-snippet:-1","max-image-preview":"max-image-preview:large","max-video-preview":"max-video-preview:-1"},"canonical":"https:\/\/patagoniambiental.com.ar\/info\/san-blas-y-los-pocitos-se-promocionan-en-la-feria-caminos-y-sabores\/","og_locale":"es_ES","og_type":"article","og_title":"San Blas y Los Pocitos\u00a0se promocionan en la feria Caminos y Sabores","og_description":"San Blas.-Hasta el 9 de julio, los balnearios de Bah\u00eda San Blas y Los Pocitos se promocionan en la 13\u00ba [&hellip;]","og_url":"https:\/\/patagoniambiental.com.ar\/info\/san-blas-y-los-pocitos-se-promocionan-en-la-feria-caminos-y-sabores\/","og_site_name":"Patagonia Ambiental","article_publisher":"https:\/\/www.facebook.com\/patagonia.ambiental","article_author":"https:\/\/www.facebook.com\/share\/1C1V8Gv9BX\/?mibextid=qi2Omg","article_published_time":"2017-07-07T22:00:22+00:00","og_image":[{"width":1024,"height":681,"url":"https:\/\/patagoniambiental.com.ar\/info\/wp-content\/uploads\/2017\/07\/thumbnail_Caminos-y-Sabores-feria4.jpg","type":"image\/jpeg"}],"author":"Patagonia Ambiental","twitter_card":"summary_large_image","twitter_creator":"@PatAmb","twitter_site":"@PatAmb","schema":{"@context":"https:\/\/schema.org","@graph":[{"@type":"Article","@id":"https:\/\/patagoniambiental.com.ar\/info\/san-blas-y-los-pocitos-se-promocionan-en-la-feria-caminos-y-sabores\/#article","isPartOf":{"@id":"https:\/\/patagoniambiental.com.ar\/info\/san-blas-y-los-pocitos-se-promocionan-en-la-feria-caminos-y-sabores\/"},"author":{"name":"Patagonia Ambiental","@id":"https:\/\/patagoniambiental.com.ar\/info\/#\/schema\/person\/db12bff64bbcbf6a253710bf0ea37b5d"},"headline":"San Blas y Los Pocitos\u00a0se promocionan en la feria Caminos y Sabores","datePublished":"2017-07-07T22:00:22+00:00","mainEntityOfPage":{"@id":"https:\/\/patagoniambiental.com.ar\/info\/san-blas-y-los-pocitos-se-promocionan-en-la-feria-caminos-y-sabores\/"},"wordCount":290,"commentCount":0,"publisher":{"@id":"https:\/\/patagoniambiental.com.ar\/info\/#organization"},"image":{"@id":"https:\/\/patagoniambiental.com.ar\/info\/san-blas-y-los-pocitos-se-promocionan-en-la-feria-caminos-y-sabores\/#primaryimage"},"thumbnailUrl":"https:\/\/patagoniambiental.com.ar\/info\/wp-content\/uploads\/2017\/07\/thumbnail_Caminos-y-Sabores-feria4.jpg","articleSection":["Municipales","Noticias"],"inLanguage":"es","potentialAction":[{"@type":"CommentAction","name":"Comment","target":["https:\/\/patagoniambiental.com.ar\/info\/san-blas-y-los-pocitos-se-promocionan-en-la-feria-caminos-y-sabores\/#respond"]}]},{"@type":"WebPage","@id":"https:\/\/patagoniambiental.com.ar\/info\/san-blas-y-los-pocitos-se-promocionan-en-la-feria-caminos-y-sabores\/","url":"https:\/\/patagoniambiental.com.ar\/info\/san-blas-y-los-pocitos-se-promocionan-en-la-feria-caminos-y-sabores\/","name":"San Blas y Los Pocitos\u00a0se promocionan en la feria Caminos y Sabores","isPartOf":{"@id":"https:\/\/patagoniambiental.com.ar\/info\/#website"},"primaryImageOfPage":{"@id":"https:\/\/patagoniambiental.com.ar\/info\/san-blas-y-los-pocitos-se-promocionan-en-la-feria-caminos-y-sabores\/#primaryimage"},"image":{"@id":"https:\/\/patagoniambiental.com.ar\/info\/san-blas-y-los-pocitos-se-promocionan-en-la-feria-caminos-y-sabores\/#primaryimage"},"thumbnailUrl":"https:\/\/patagoniambiental.com.ar\/info\/wp-content\/uploads\/2017\/07\/thumbnail_Caminos-y-Sabores-feria4.jpg","datePublished":"2017-07-07T22:00:22+00:00","breadcrumb":{"@id":"https:\/\/patagoniambiental.com.ar\/info\/san-blas-y-los-pocitos-se-promocionan-en-la-feria-caminos-y-sabores\/#breadcrumb"},"inLanguage":"es","potentialAction":[{"@type":"ReadAction","target":["https:\/\/patagoniambiental.com.ar\/info\/san-blas-y-los-pocitos-se-promocionan-en-la-feria-caminos-y-sabores\/"]}]},{"@type":"ImageObject","inLanguage":"es","@id":"https:\/\/patagoniambiental.com.ar\/info\/san-blas-y-los-pocitos-se-promocionan-en-la-feria-caminos-y-sabores\/#primaryimage","url":"https:\/\/patagoniambiental.com.ar\/info\/wp-content\/uploads\/2017\/07\/thumbnail_Caminos-y-Sabores-feria4.jpg","contentUrl":"https:\/\/patagoniambiental.com.ar\/info\/wp-content\/uploads\/2017\/07\/thumbnail_Caminos-y-Sabores-feria4.jpg","width":1024,"height":681},{"@type":"BreadcrumbList","@id":"https:\/\/patagoniambiental.com.ar\/info\/san-blas-y-los-pocitos-se-promocionan-en-la-feria-caminos-y-sabores\/#breadcrumb","itemListElement":[{"@type":"ListItem","position":1,"name":"Inicio","item":"https:\/\/patagoniambiental.com.ar\/info\/"},{"@type":"ListItem","position":2,"name":"San Blas y Los Pocitos\u00a0se promocionan en la feria Caminos y Sabores"}]},{"@type":"WebSite","@id":"https:\/\/patagoniambiental.com.ar\/info\/#website","url":"https:\/\/patagoniambiental.com.ar\/info\/","name":"Patagonia Ambiental","description":"Monitoreo y an\u00e1lisis de la situaci\u00f3n geopol\u00edtica en el mundo y su implicancia en la Patagonia","publisher":{"@id":"https:\/\/patagoniambiental.com.ar\/info\/#organization"},"potentialAction":[{"@type":"SearchAction","target":{"@type":"EntryPoint","urlTemplate":"https:\/\/patagoniambiental.com.ar\/info\/?s={search_term_string}"},"query-input":{"@type":"PropertyValueSpecification","valueRequired":true,"valueName":"search_term_string"}}],"inLanguage":"es"},{"@type":"Organization","@id":"https:\/\/patagoniambiental.com.ar\/info\/#organization","name":"Patagonia Ambiental","url":"https:\/\/patagoniambiental.com.ar\/info\/","logo":{"@type":"ImageObject","inLanguage":"es","@id":"https:\/\/patagoniambiental.com.ar\/info\/#\/schema\/logo\/image\/","url":"https:\/\/patagoniambiental.com.ar\/info\/wp-content\/uploads\/2025\/05\/LOGO-PATAGONIA-AMBIENTAL.png","contentUrl":"https:\/\/patagoniambiental.com.ar\/info\/wp-content\/uploads\/2025\/05\/LOGO-PATAGONIA-AMBIENTAL.png","width":433,"height":250,"caption":"Patagonia Ambiental"},"image":{"@id":"https:\/\/patagoniambiental.com.ar\/info\/#\/schema\/logo\/image\/"},"sameAs":["https:\/\/www.facebook.com\/patagonia.ambiental","https:\/\/x.com\/PatAmb"]},{"@type":"Person","@id":"https:\/\/patagoniambiental.com.ar\/info\/#\/schema\/person\/db12bff64bbcbf6a253710bf0ea37b5d","name":"Patagonia Ambiental","description":"Andr\u00e9s Nievas T\u00e9cnico en manejo ambiental, consultor Ambiental y escritor para medios locales e internacionales sobre temas de geopolitica y medio ambiente.","sameAs":["http:\/\/www.patagoniambiental.com.ar","https:\/\/www.facebook.com\/share\/1C1V8Gv9BX\/?mibextid=qi2Omg","@patagoniambiental","https:\/\/youtube.com\/@patagoniaambiental2023?si=BLt58t0wuXquxlYZ"]}]}},"_links":{"self":[{"href":"https:\/\/patagoniambiental.com.ar\/info\/wp-json\/wp\/v2\/posts\/31681","targetHints":{"allow":["GET"]}}],"collection":[{"href":"https:\/\/patagoniambiental.com.ar\/info\/wp-json\/wp\/v2\/posts"}],"about":[{"href":"https:\/\/patagoniambiental.com.ar\/info\/wp-json\/wp\/v2\/types\/post"}],"author":[{"embeddable":true,"href":"https:\/\/patagoniambiental.com.ar\/info\/wp-json\/wp\/v2\/users\/2"}],"replies":[{"embeddable":true,"href":"https:\/\/patagoniambiental.com.ar\/info\/wp-json\/wp\/v2\/comments?post=31681"}],"version-history":[{"count":0,"href":"https:\/\/patagoniambiental.com.ar\/info\/wp-json\/wp\/v2\/posts\/31681\/revisions"}],"wp:featuredmedia":[{"embeddable":true,"href":"https:\/\/patagoniambiental.com.ar\/info\/wp-json\/wp\/v2\/media\/31682"}],"wp:attachment":[{"href":"https:\/\/patagoniambiental.com.ar\/info\/wp-json\/wp\/v2\/media?parent=31681"}],"wp:term":[{"taxonomy":"category","embeddable":true,"href":"https:\/\/patagoniambiental.com.ar\/info\/wp-json\/wp\/v2\/categories?post=31681"},{"taxonomy":"post_tag","embeddable":true,"href":"https:\/\/patagoniambiental.com.ar\/info\/wp-json\/wp\/v2\/tags?post=31681"}],"curies":[{"name":"wp","href":"https:\/\/api.w.org\/{rel}","templated":true}]}}