{"id":31710,"date":"2017-07-09T11:53:16","date_gmt":"2017-07-09T14:53:16","guid":{"rendered":"http:\/\/patagoniambiental.com.ar\/info\/?p=31710"},"modified":"2017-07-09T11:53:16","modified_gmt":"2017-07-09T14:53:16","slug":"el-cierre-del-g20-merkel-agradecio-el-apoyo-al-acuerdo-climatico-de-paris","status":"publish","type":"post","link":"https:\/\/patagoniambiental.com.ar\/info\/el-cierre-del-g20-merkel-agradecio-el-apoyo-al-acuerdo-climatico-de-paris\/","title":{"rendered":"El cierre del G20, Merkel agradeci\u00f3 el apoyo al acuerdo clim\u00e1tico de Par\u00eds"},"content":{"rendered":"<div class=\"content-txt\">\n<p>La canciller alemana, Angela Merkel, asegur\u00f3 \u00a0estar \u00abmuy contenta\u00bb por el comunicado final acordado en la cumbre del G20 en torno al cambio clim\u00e1tico, en el que todos los participantes, excepto Estados Unidos, ratificaron su apoyo al Acuerdo de Par\u00eds. El Acuerdo es irreversible\u00bb, celebr\u00f3 Merkel en una rueda de prensa tras concluir la cumbre, en la que record\u00f3 que desde el inicio de la cita se mostr\u00f3 dispuesta a trabajar para lograr compromisos, pero tambi\u00e9n decidida a no ocultar los \u00abdisensos\u00bb, que quedaron claros en el comunicado final.<\/p>\n<p>Tras la decisi\u00f3n de Estados Unidos de, \u00ablamentablemente\u00bb, abandonar el Acuerdo de Par\u00eds, el resto de los l\u00edderes del G20 ha decidido permanecer \u00abunidos\u00bb y ratificar su apoyo a ese pacto, aprobando tambi\u00e9n un plan de acci\u00f3n por el clima y la energ\u00eda, sostuvo la anfitriona de la cumbre, citada por la agencia de noticias EFE.<\/p>\n<p>En el acuerdo, el G20 \u00abtoma nota\u00bb del paso dado por Estados Unidos, que incluy\u00f3 tambi\u00e9n su decisi\u00f3n de ayudar a otros pa\u00edses a acceder a combustibles f\u00f3siles de manera m\u00e1s limpia y eficiente y a desarrollar otras fuentes e energ\u00edas renovables.<\/p>\n<p>Tras la decisi\u00f3n de Estados Unidos de, \u00ablamentablemente\u00bb, abandonar el Acuerdo de Par\u00eds, el resto de los l\u00edderes del G20 ha decidido permanecer \u00abunidos\u00bb y ratificar su apoyo a ese pacto.<\/p>\n<p>Merkel reconoci\u00f3 que se negoci\u00f3 hasta \u00faltima hora porque el resto de pa\u00edses quer\u00eda que quedara claro que esa menci\u00f3n al carb\u00f3n y al gas natural era \u00fanicamente de Estados Unidos y que todos los dem\u00e1s ratifican su compromiso de apoyar a los pa\u00edses en desarrollo para avanzar hacia las metas del Acuerdo de Par\u00eds.<\/p>\n<p>La canciller dej\u00f3 claro que no ve posibilidades de cambio en la postura estadounidense y lament\u00f3 que no sea posible el consenso, pero se mostr\u00f3 tambi\u00e9n satisfecha de \u00abhaber puesto nombre claramente\u00bb al desacuerdo en el comunicado.<\/p>\n<\/div>\n<div class=\"entry-tag-persons clearfix\">\n<div class=\"tit\">Fuente:\u00a0https:\/\/www.cronista.com\/internacionales\/El-cierre-del-G20-merkel-agradecio-el-apoyo-al-acuerdo-climatico-de-Paris-20170708-0006.html<\/div>\n<\/div>\n","protected":false},"excerpt":{"rendered":"<p>La canciller alemana, Angela Merkel, asegur\u00f3 \u00a0estar \u00abmuy contenta\u00bb por el comunicado final acordado en la cumbre del G20 en [&hellip;]<\/p>\n","protected":false},"author":2,"featured_media":31711,"comment_status":"open","ping_status":"open","sticky":false,"template":"","format":"standard","meta":{"site-sidebar-layout":"default","site-content-layout":"","ast-site-content-layout":"default","site-content-style":"default","site-sidebar-style":"default","ast-global-header-display":"","ast-banner-title-visibility":"","ast-main-header-display":"","ast-hfb-above-header-display":"","ast-hfb-below-header-display":"","ast-hfb-mobile-header-display":"","site-post-title":"","ast-breadcrumbs-content":"","ast-featured-img":"","footer-sml-layout":"","ast-disable-related-posts":"","theme-transparent-header-meta":"","adv-header-id-meta":"","stick-header-meta":"","header-above-stick-meta":"","header-main-stick-meta":"","header-below-stick-meta":"","astra-migrate-meta-layouts":"default","ast-page-background-enabled":"default","ast-page-background-meta":{"desktop":{"background-color":"var(--ast-global-color-5)","background-image":"","background-repeat":"repeat","background-position":"center center","background-size":"auto","background-attachment":"scroll","background-type":"","background-media":"","overlay-type":"","overlay-color":"","overlay-opacity":"","overlay-gradient":""},"tablet":{"background-color":"","background-image":"","background-repeat":"repeat","background-position":"center center","background-size":"auto","background-attachment":"scroll","background-type":"","background-media":"","overlay-type":"","overlay-color":"","overlay-opacity":"","overlay-gradient":""},"mobile":{"background-color":"","background-image":"","background-repeat":"repeat","background-position":"center center","background-size":"auto","background-attachment":"scroll","background-type":"","background-media":"","overlay-type":"","overlay-color":"","overlay-opacity":"","overlay-gradient":""}},"ast-content-background-meta":{"desktop":{"background-color":"var(--ast-global-color-4)","background-image":"","background-repeat":"repeat","background-position":"center center","background-size":"auto","background-attachment":"scroll","background-type":"","background-media":"","overlay-type":"","overlay-color":"","overlay-opacity":"","overlay-gradient":""},"tablet":{"background-color":"var(--ast-global-color-4)","background-image":"","background-repeat":"repeat","background-position":"center center","background-size":"auto","background-attachment":"scroll","background-type":"","background-media":"","overlay-type":"","overlay-color":"","overlay-opacity":"","overlay-gradient":""},"mobile":{"background-color":"var(--ast-global-color-4)","background-image":"","background-repeat":"repeat","background-position":"center center","background-size":"auto","background-attachment":"scroll","background-type":"","background-media":"","overlay-type":"","overlay-color":"","overlay-opacity":"","overlay-gradient":""}},"footnotes":""},"categories":[23,1],"tags":[],"class_list":["post-31710","post","type-post","status-publish","format-standard","has-post-thumbnail","hentry","category-internacionales","category-noticias"],"yoast_head":"<!-- This site is optimized with the Yoast SEO Premium plugin v23.0 (Yoast SEO v27.4) - https:\/\/yoast.com\/product\/yoast-seo-premium-wordpress\/ -->\n<title>El cierre del G20, Merkel agradeci\u00f3 el apoyo al acuerdo clim\u00e1tico de Par\u00eds<\/title>\n<meta name=\"robots\" content=\"index, follow, max-snippet:-1, max-image-preview:large, max-video-preview:-1\" \/>\n<link rel=\"canonical\" href=\"https:\/\/patagoniambiental.com.ar\/info\/el-cierre-del-g20-merkel-agradecio-el-apoyo-al-acuerdo-climatico-de-paris\/\" \/>\n<meta property=\"og:locale\" content=\"es_ES\" \/>\n<meta property=\"og:type\" content=\"article\" \/>\n<meta property=\"og:title\" content=\"El cierre del G20, Merkel agradeci\u00f3 el apoyo al acuerdo clim\u00e1tico de Par\u00eds\" \/>\n<meta property=\"og:description\" content=\"La canciller alemana, Angela Merkel, asegur\u00f3 \u00a0estar \u00abmuy contenta\u00bb por el comunicado final acordado en la cumbre del G20 en [&hellip;]\" \/>\n<meta property=\"og:url\" content=\"https:\/\/patagoniambiental.com.ar\/info\/el-cierre-del-g20-merkel-agradecio-el-apoyo-al-acuerdo-climatico-de-paris\/\" \/>\n<meta property=\"og:site_name\" content=\"Patagonia Ambiental\" \/>\n<meta property=\"article:publisher\" content=\"https:\/\/www.facebook.com\/patagonia.ambiental\" \/>\n<meta property=\"article:author\" content=\"https:\/\/www.facebook.com\/share\/1C1V8Gv9BX\/?mibextid=qi2Omg\" \/>\n<meta property=\"article:published_time\" content=\"2017-07-09T14:53:16+00:00\" \/>\n<meta property=\"og:image\" content=\"https:\/\/patagoniambiental.com.ar\/info\/wp-content\/uploads\/2017\/07\/cumbre-g20-alemania-1920-foto-familia-1_x1x.jpg_258117318.jpg\" \/>\n\t<meta property=\"og:image:width\" content=\"829\" \/>\n\t<meta property=\"og:image:height\" content=\"466\" \/>\n\t<meta property=\"og:image:type\" content=\"image\/jpeg\" \/>\n<meta name=\"author\" content=\"Patagonia Ambiental\" \/>\n<meta name=\"twitter:card\" content=\"summary_large_image\" \/>\n<meta name=\"twitter:creator\" content=\"@PatAmb\" \/>\n<meta name=\"twitter:site\" content=\"@PatAmb\" \/>\n<script type=\"application\/ld+json\" class=\"yoast-schema-graph\">{\"@context\":\"https:\\\/\\\/schema.org\",\"@graph\":[{\"@type\":\"Article\",\"@id\":\"https:\\\/\\\/patagoniambiental.com.ar\\\/info\\\/el-cierre-del-g20-merkel-agradecio-el-apoyo-al-acuerdo-climatico-de-paris\\\/#article\",\"isPartOf\":{\"@id\":\"https:\\\/\\\/patagoniambiental.com.ar\\\/info\\\/el-cierre-del-g20-merkel-agradecio-el-apoyo-al-acuerdo-climatico-de-paris\\\/\"},\"author\":{\"name\":\"Patagonia Ambiental\",\"@id\":\"https:\\\/\\\/patagoniambiental.com.ar\\\/info\\\/#\\\/schema\\\/person\\\/db12bff64bbcbf6a253710bf0ea37b5d\"},\"headline\":\"El cierre del G20, Merkel agradeci\u00f3 el apoyo al acuerdo clim\u00e1tico de Par\u00eds\",\"datePublished\":\"2017-07-09T14:53:16+00:00\",\"mainEntityOfPage\":{\"@id\":\"https:\\\/\\\/patagoniambiental.com.ar\\\/info\\\/el-cierre-del-g20-merkel-agradecio-el-apoyo-al-acuerdo-climatico-de-paris\\\/\"},\"wordCount\":361,\"commentCount\":0,\"publisher\":{\"@id\":\"https:\\\/\\\/patagoniambiental.com.ar\\\/info\\\/#organization\"},\"image\":{\"@id\":\"https:\\\/\\\/patagoniambiental.com.ar\\\/info\\\/el-cierre-del-g20-merkel-agradecio-el-apoyo-al-acuerdo-climatico-de-paris\\\/#primaryimage\"},\"thumbnailUrl\":\"https:\\\/\\\/patagoniambiental.com.ar\\\/info\\\/wp-content\\\/uploads\\\/2017\\\/07\\\/cumbre-g20-alemania-1920-foto-familia-1_x1x.jpg_258117318.jpg\",\"articleSection\":[\"Internacionales\",\"Noticias\"],\"inLanguage\":\"es\",\"potentialAction\":[{\"@type\":\"CommentAction\",\"name\":\"Comment\",\"target\":[\"https:\\\/\\\/patagoniambiental.com.ar\\\/info\\\/el-cierre-del-g20-merkel-agradecio-el-apoyo-al-acuerdo-climatico-de-paris\\\/#respond\"]}]},{\"@type\":\"WebPage\",\"@id\":\"https:\\\/\\\/patagoniambiental.com.ar\\\/info\\\/el-cierre-del-g20-merkel-agradecio-el-apoyo-al-acuerdo-climatico-de-paris\\\/\",\"url\":\"https:\\\/\\\/patagoniambiental.com.ar\\\/info\\\/el-cierre-del-g20-merkel-agradecio-el-apoyo-al-acuerdo-climatico-de-paris\\\/\",\"name\":\"El cierre del G20, Merkel agradeci\u00f3 el apoyo al acuerdo clim\u00e1tico de Par\u00eds\",\"isPartOf\":{\"@id\":\"https:\\\/\\\/patagoniambiental.com.ar\\\/info\\\/#website\"},\"primaryImageOfPage\":{\"@id\":\"https:\\\/\\\/patagoniambiental.com.ar\\\/info\\\/el-cierre-del-g20-merkel-agradecio-el-apoyo-al-acuerdo-climatico-de-paris\\\/#primaryimage\"},\"image\":{\"@id\":\"https:\\\/\\\/patagoniambiental.com.ar\\\/info\\\/el-cierre-del-g20-merkel-agradecio-el-apoyo-al-acuerdo-climatico-de-paris\\\/#primaryimage\"},\"thumbnailUrl\":\"https:\\\/\\\/patagoniambiental.com.ar\\\/info\\\/wp-content\\\/uploads\\\/2017\\\/07\\\/cumbre-g20-alemania-1920-foto-familia-1_x1x.jpg_258117318.jpg\",\"datePublished\":\"2017-07-09T14:53:16+00:00\",\"breadcrumb\":{\"@id\":\"https:\\\/\\\/patagoniambiental.com.ar\\\/info\\\/el-cierre-del-g20-merkel-agradecio-el-apoyo-al-acuerdo-climatico-de-paris\\\/#breadcrumb\"},\"inLanguage\":\"es\",\"potentialAction\":[{\"@type\":\"ReadAction\",\"target\":[\"https:\\\/\\\/patagoniambiental.com.ar\\\/info\\\/el-cierre-del-g20-merkel-agradecio-el-apoyo-al-acuerdo-climatico-de-paris\\\/\"]}]},{\"@type\":\"ImageObject\",\"inLanguage\":\"es\",\"@id\":\"https:\\\/\\\/patagoniambiental.com.ar\\\/info\\\/el-cierre-del-g20-merkel-agradecio-el-apoyo-al-acuerdo-climatico-de-paris\\\/#primaryimage\",\"url\":\"https:\\\/\\\/patagoniambiental.com.ar\\\/info\\\/wp-content\\\/uploads\\\/2017\\\/07\\\/cumbre-g20-alemania-1920-foto-familia-1_x1x.jpg_258117318.jpg\",\"contentUrl\":\"https:\\\/\\\/patagoniambiental.com.ar\\\/info\\\/wp-content\\\/uploads\\\/2017\\\/07\\\/cumbre-g20-alemania-1920-foto-familia-1_x1x.jpg_258117318.jpg\",\"width\":829,\"height\":466},{\"@type\":\"BreadcrumbList\",\"@id\":\"https:\\\/\\\/patagoniambiental.com.ar\\\/info\\\/el-cierre-del-g20-merkel-agradecio-el-apoyo-al-acuerdo-climatico-de-paris\\\/#breadcrumb\",\"itemListElement\":[{\"@type\":\"ListItem\",\"position\":1,\"name\":\"Inicio\",\"item\":\"https:\\\/\\\/patagoniambiental.com.ar\\\/info\\\/\"},{\"@type\":\"ListItem\",\"position\":2,\"name\":\"El cierre del G20, Merkel agradeci\u00f3 el apoyo al acuerdo clim\u00e1tico de Par\u00eds\"}]},{\"@type\":\"WebSite\",\"@id\":\"https:\\\/\\\/patagoniambiental.com.ar\\\/info\\\/#website\",\"url\":\"https:\\\/\\\/patagoniambiental.com.ar\\\/info\\\/\",\"name\":\"Patagonia Ambiental\",\"description\":\"Monitoreo y an\u00e1lisis de la situaci\u00f3n geopol\u00edtica en el mundo y su implicancia en la Patagonia\",\"publisher\":{\"@id\":\"https:\\\/\\\/patagoniambiental.com.ar\\\/info\\\/#organization\"},\"potentialAction\":[{\"@type\":\"SearchAction\",\"target\":{\"@type\":\"EntryPoint\",\"urlTemplate\":\"https:\\\/\\\/patagoniambiental.com.ar\\\/info\\\/?s={search_term_string}\"},\"query-input\":{\"@type\":\"PropertyValueSpecification\",\"valueRequired\":true,\"valueName\":\"search_term_string\"}}],\"inLanguage\":\"es\"},{\"@type\":\"Organization\",\"@id\":\"https:\\\/\\\/patagoniambiental.com.ar\\\/info\\\/#organization\",\"name\":\"Patagonia Ambiental\",\"url\":\"https:\\\/\\\/patagoniambiental.com.ar\\\/info\\\/\",\"logo\":{\"@type\":\"ImageObject\",\"inLanguage\":\"es\",\"@id\":\"https:\\\/\\\/patagoniambiental.com.ar\\\/info\\\/#\\\/schema\\\/logo\\\/image\\\/\",\"url\":\"https:\\\/\\\/patagoniambiental.com.ar\\\/info\\\/wp-content\\\/uploads\\\/2025\\\/05\\\/LOGO-PATAGONIA-AMBIENTAL.png\",\"contentUrl\":\"https:\\\/\\\/patagoniambiental.com.ar\\\/info\\\/wp-content\\\/uploads\\\/2025\\\/05\\\/LOGO-PATAGONIA-AMBIENTAL.png\",\"width\":433,\"height\":250,\"caption\":\"Patagonia Ambiental\"},\"image\":{\"@id\":\"https:\\\/\\\/patagoniambiental.com.ar\\\/info\\\/#\\\/schema\\\/logo\\\/image\\\/\"},\"sameAs\":[\"https:\\\/\\\/www.facebook.com\\\/patagonia.ambiental\",\"https:\\\/\\\/x.com\\\/PatAmb\"]},{\"@type\":\"Person\",\"@id\":\"https:\\\/\\\/patagoniambiental.com.ar\\\/info\\\/#\\\/schema\\\/person\\\/db12bff64bbcbf6a253710bf0ea37b5d\",\"name\":\"Patagonia Ambiental\",\"description\":\"Andr\u00e9s Nievas T\u00e9cnico en manejo ambiental, consultor Ambiental y escritor para medios locales e internacionales sobre temas de geopolitica y medio ambiente.\",\"sameAs\":[\"http:\\\/\\\/www.patagoniambiental.com.ar\",\"https:\\\/\\\/www.facebook.com\\\/share\\\/1C1V8Gv9BX\\\/?mibextid=qi2Omg\",\"@patagoniambiental\",\"https:\\\/\\\/youtube.com\\\/@patagoniaambiental2023?si=BLt58t0wuXquxlYZ\"]}]}<\/script>\n<!-- \/ Yoast SEO Premium plugin. -->","yoast_head_json":{"title":"El cierre del G20, Merkel agradeci\u00f3 el apoyo al acuerdo clim\u00e1tico de Par\u00eds","robots":{"index":"index","follow":"follow","max-snippet":"max-snippet:-1","max-image-preview":"max-image-preview:large","max-video-preview":"max-video-preview:-1"},"canonical":"https:\/\/patagoniambiental.com.ar\/info\/el-cierre-del-g20-merkel-agradecio-el-apoyo-al-acuerdo-climatico-de-paris\/","og_locale":"es_ES","og_type":"article","og_title":"El cierre del G20, Merkel agradeci\u00f3 el apoyo al acuerdo clim\u00e1tico de Par\u00eds","og_description":"La canciller alemana, Angela Merkel, asegur\u00f3 \u00a0estar \u00abmuy contenta\u00bb por el comunicado final acordado en la cumbre del G20 en [&hellip;]","og_url":"https:\/\/patagoniambiental.com.ar\/info\/el-cierre-del-g20-merkel-agradecio-el-apoyo-al-acuerdo-climatico-de-paris\/","og_site_name":"Patagonia Ambiental","article_publisher":"https:\/\/www.facebook.com\/patagonia.ambiental","article_author":"https:\/\/www.facebook.com\/share\/1C1V8Gv9BX\/?mibextid=qi2Omg","article_published_time":"2017-07-09T14:53:16+00:00","og_image":[{"width":829,"height":466,"url":"https:\/\/patagoniambiental.com.ar\/info\/wp-content\/uploads\/2017\/07\/cumbre-g20-alemania-1920-foto-familia-1_x1x.jpg_258117318.jpg","type":"image\/jpeg"}],"author":"Patagonia Ambiental","twitter_card":"summary_large_image","twitter_creator":"@PatAmb","twitter_site":"@PatAmb","schema":{"@context":"https:\/\/schema.org","@graph":[{"@type":"Article","@id":"https:\/\/patagoniambiental.com.ar\/info\/el-cierre-del-g20-merkel-agradecio-el-apoyo-al-acuerdo-climatico-de-paris\/#article","isPartOf":{"@id":"https:\/\/patagoniambiental.com.ar\/info\/el-cierre-del-g20-merkel-agradecio-el-apoyo-al-acuerdo-climatico-de-paris\/"},"author":{"name":"Patagonia Ambiental","@id":"https:\/\/patagoniambiental.com.ar\/info\/#\/schema\/person\/db12bff64bbcbf6a253710bf0ea37b5d"},"headline":"El cierre del G20, Merkel agradeci\u00f3 el apoyo al acuerdo clim\u00e1tico de Par\u00eds","datePublished":"2017-07-09T14:53:16+00:00","mainEntityOfPage":{"@id":"https:\/\/patagoniambiental.com.ar\/info\/el-cierre-del-g20-merkel-agradecio-el-apoyo-al-acuerdo-climatico-de-paris\/"},"wordCount":361,"commentCount":0,"publisher":{"@id":"https:\/\/patagoniambiental.com.ar\/info\/#organization"},"image":{"@id":"https:\/\/patagoniambiental.com.ar\/info\/el-cierre-del-g20-merkel-agradecio-el-apoyo-al-acuerdo-climatico-de-paris\/#primaryimage"},"thumbnailUrl":"https:\/\/patagoniambiental.com.ar\/info\/wp-content\/uploads\/2017\/07\/cumbre-g20-alemania-1920-foto-familia-1_x1x.jpg_258117318.jpg","articleSection":["Internacionales","Noticias"],"inLanguage":"es","potentialAction":[{"@type":"CommentAction","name":"Comment","target":["https:\/\/patagoniambiental.com.ar\/info\/el-cierre-del-g20-merkel-agradecio-el-apoyo-al-acuerdo-climatico-de-paris\/#respond"]}]},{"@type":"WebPage","@id":"https:\/\/patagoniambiental.com.ar\/info\/el-cierre-del-g20-merkel-agradecio-el-apoyo-al-acuerdo-climatico-de-paris\/","url":"https:\/\/patagoniambiental.com.ar\/info\/el-cierre-del-g20-merkel-agradecio-el-apoyo-al-acuerdo-climatico-de-paris\/","name":"El cierre del G20, Merkel agradeci\u00f3 el apoyo al acuerdo clim\u00e1tico de Par\u00eds","isPartOf":{"@id":"https:\/\/patagoniambiental.com.ar\/info\/#website"},"primaryImageOfPage":{"@id":"https:\/\/patagoniambiental.com.ar\/info\/el-cierre-del-g20-merkel-agradecio-el-apoyo-al-acuerdo-climatico-de-paris\/#primaryimage"},"image":{"@id":"https:\/\/patagoniambiental.com.ar\/info\/el-cierre-del-g20-merkel-agradecio-el-apoyo-al-acuerdo-climatico-de-paris\/#primaryimage"},"thumbnailUrl":"https:\/\/patagoniambiental.com.ar\/info\/wp-content\/uploads\/2017\/07\/cumbre-g20-alemania-1920-foto-familia-1_x1x.jpg_258117318.jpg","datePublished":"2017-07-09T14:53:16+00:00","breadcrumb":{"@id":"https:\/\/patagoniambiental.com.ar\/info\/el-cierre-del-g20-merkel-agradecio-el-apoyo-al-acuerdo-climatico-de-paris\/#breadcrumb"},"inLanguage":"es","potentialAction":[{"@type":"ReadAction","target":["https:\/\/patagoniambiental.com.ar\/info\/el-cierre-del-g20-merkel-agradecio-el-apoyo-al-acuerdo-climatico-de-paris\/"]}]},{"@type":"ImageObject","inLanguage":"es","@id":"https:\/\/patagoniambiental.com.ar\/info\/el-cierre-del-g20-merkel-agradecio-el-apoyo-al-acuerdo-climatico-de-paris\/#primaryimage","url":"https:\/\/patagoniambiental.com.ar\/info\/wp-content\/uploads\/2017\/07\/cumbre-g20-alemania-1920-foto-familia-1_x1x.jpg_258117318.jpg","contentUrl":"https:\/\/patagoniambiental.com.ar\/info\/wp-content\/uploads\/2017\/07\/cumbre-g20-alemania-1920-foto-familia-1_x1x.jpg_258117318.jpg","width":829,"height":466},{"@type":"BreadcrumbList","@id":"https:\/\/patagoniambiental.com.ar\/info\/el-cierre-del-g20-merkel-agradecio-el-apoyo-al-acuerdo-climatico-de-paris\/#breadcrumb","itemListElement":[{"@type":"ListItem","position":1,"name":"Inicio","item":"https:\/\/patagoniambiental.com.ar\/info\/"},{"@type":"ListItem","position":2,"name":"El cierre del G20, Merkel agradeci\u00f3 el apoyo al acuerdo clim\u00e1tico de Par\u00eds"}]},{"@type":"WebSite","@id":"https:\/\/patagoniambiental.com.ar\/info\/#website","url":"https:\/\/patagoniambiental.com.ar\/info\/","name":"Patagonia Ambiental","description":"Monitoreo y an\u00e1lisis de la situaci\u00f3n geopol\u00edtica en el mundo y su implicancia en la Patagonia","publisher":{"@id":"https:\/\/patagoniambiental.com.ar\/info\/#organization"},"potentialAction":[{"@type":"SearchAction","target":{"@type":"EntryPoint","urlTemplate":"https:\/\/patagoniambiental.com.ar\/info\/?s={search_term_string}"},"query-input":{"@type":"PropertyValueSpecification","valueRequired":true,"valueName":"search_term_string"}}],"inLanguage":"es"},{"@type":"Organization","@id":"https:\/\/patagoniambiental.com.ar\/info\/#organization","name":"Patagonia Ambiental","url":"https:\/\/patagoniambiental.com.ar\/info\/","logo":{"@type":"ImageObject","inLanguage":"es","@id":"https:\/\/patagoniambiental.com.ar\/info\/#\/schema\/logo\/image\/","url":"https:\/\/patagoniambiental.com.ar\/info\/wp-content\/uploads\/2025\/05\/LOGO-PATAGONIA-AMBIENTAL.png","contentUrl":"https:\/\/patagoniambiental.com.ar\/info\/wp-content\/uploads\/2025\/05\/LOGO-PATAGONIA-AMBIENTAL.png","width":433,"height":250,"caption":"Patagonia Ambiental"},"image":{"@id":"https:\/\/patagoniambiental.com.ar\/info\/#\/schema\/logo\/image\/"},"sameAs":["https:\/\/www.facebook.com\/patagonia.ambiental","https:\/\/x.com\/PatAmb"]},{"@type":"Person","@id":"https:\/\/patagoniambiental.com.ar\/info\/#\/schema\/person\/db12bff64bbcbf6a253710bf0ea37b5d","name":"Patagonia Ambiental","description":"Andr\u00e9s Nievas T\u00e9cnico en manejo ambiental, consultor Ambiental y escritor para medios locales e internacionales sobre temas de geopolitica y medio ambiente.","sameAs":["http:\/\/www.patagoniambiental.com.ar","https:\/\/www.facebook.com\/share\/1C1V8Gv9BX\/?mibextid=qi2Omg","@patagoniambiental","https:\/\/youtube.com\/@patagoniaambiental2023?si=BLt58t0wuXquxlYZ"]}]}},"_links":{"self":[{"href":"https:\/\/patagoniambiental.com.ar\/info\/wp-json\/wp\/v2\/posts\/31710","targetHints":{"allow":["GET"]}}],"collection":[{"href":"https:\/\/patagoniambiental.com.ar\/info\/wp-json\/wp\/v2\/posts"}],"about":[{"href":"https:\/\/patagoniambiental.com.ar\/info\/wp-json\/wp\/v2\/types\/post"}],"author":[{"embeddable":true,"href":"https:\/\/patagoniambiental.com.ar\/info\/wp-json\/wp\/v2\/users\/2"}],"replies":[{"embeddable":true,"href":"https:\/\/patagoniambiental.com.ar\/info\/wp-json\/wp\/v2\/comments?post=31710"}],"version-history":[{"count":0,"href":"https:\/\/patagoniambiental.com.ar\/info\/wp-json\/wp\/v2\/posts\/31710\/revisions"}],"wp:featuredmedia":[{"embeddable":true,"href":"https:\/\/patagoniambiental.com.ar\/info\/wp-json\/wp\/v2\/media\/31711"}],"wp:attachment":[{"href":"https:\/\/patagoniambiental.com.ar\/info\/wp-json\/wp\/v2\/media?parent=31710"}],"wp:term":[{"taxonomy":"category","embeddable":true,"href":"https:\/\/patagoniambiental.com.ar\/info\/wp-json\/wp\/v2\/categories?post=31710"},{"taxonomy":"post_tag","embeddable":true,"href":"https:\/\/patagoniambiental.com.ar\/info\/wp-json\/wp\/v2\/tags?post=31710"}],"curies":[{"name":"wp","href":"https:\/\/api.w.org\/{rel}","templated":true}]}}