{"id":31779,"date":"2017-07-10T19:00:04","date_gmt":"2017-07-10T22:00:04","guid":{"rendered":"http:\/\/patagoniambiental.com.ar\/info\/?p=31779"},"modified":"2017-07-09T23:32:42","modified_gmt":"2017-07-10T02:32:42","slug":"bariloche-ingreso-al-programa-de-ciudades-emergentes-sostenibles","status":"publish","type":"post","link":"https:\/\/patagoniambiental.com.ar\/info\/bariloche-ingreso-al-programa-de-ciudades-emergentes-sostenibles\/","title":{"rendered":"Bariloche ingres\u00f3 al programa de ciudades emergentes sostenibles"},"content":{"rendered":"<p>Bariloche.-La ciudad es una de las cinco elegidas en el pa\u00eds donde se realizar\u00e1 un estudio integral que contempla el tema medioambiental, social, fiscal y de planificaci\u00f3n, para conseguir financiamiento para las obras fundamentales.<!--more--><\/p>\n<p>Este jueves por la tarde, el intendente Gustavo Gennuso firm\u00f3 un convenio con la Secretar\u00eda de Asuntos Municipales de la Naci\u00f3n para implementar en Bariloche el programa \u00abIniciativa de Ciudades Emergentes Sostenibles\u00bb (ICES) del Banco Interamericano de Desarrollo.<\/p>\n<p>Se trata de un programa de asistencia t\u00e9cnica no-reembolsable que provee apoyo directo a los gobiernos centrales y locales en el desarrollo y ejecuci\u00f3n de planes de sostenibilidad urbana. \u00abCuando uno piensa el futuro tiene que hacerlo en forma sist\u00e9mica, cient\u00edfica, ordenada, y t\u00e9cnicamente posible. A eso hay que ponerle conocimiento, hay que ponerle m\u00e9todo. Lo que hoy se firma es esto\u00bb, celebr\u00f3 Gennuso.<\/p>\n<p>El intendente plante\u00f3 la necesidad de ser estrat\u00e9gicos y determinar prioridades, \u00aby no desde un sentido com\u00fan sino con la t\u00e9cnica y experiencia que nos puedan aportar otros organismos, y enriquecer con otras visiones\u00bb.<\/p>\n<p>\u00abEstoy muy contento porque estamos mirando al futuro con algo que empez\u00f3 al inicio de la gesti\u00f3n, que nos va permitir hacer un planeamiento de la ciudad que va m\u00e1s all\u00e1 de nosotros, que es una pol\u00edtica de Estado\u00bb , concluy\u00f3.<\/p>\n<p>El acuerdo fue rubricado con el subsecretario de Gesti\u00f3n Municipal de la Naci\u00f3n Lucas Delfino, el titular de la Direcci\u00f3n Nacional de Preinversi\u00f3n Municipal (DINAPREM) Alejandro Abraam, y la directora de Asistencia de Proyectos de la DINAPREM Elisa Dest\u00e9fano.<\/p>\n<p>Durante el acto, Dest\u00e9fano explic\u00f3 que el programa ICES emplea un enfoque integral e interdisciplinario para identificar, organizar y priorizar intervenciones urbanas, centr\u00e1ndose en hacer frente a los principales obst\u00e1culos que impiden el crecimiento sostenible de las ciudades emergentes.<\/p>\n<p>\u00abEsta mirada transversal se basa en tres pilares: la sostenibilidad medioambiental y de cambio clim\u00e1tico, la sostenibilidad urbana, y la sostenibilidad fiscal y gobernabilidad\u00bb, indic\u00f3.<\/p>\n<p>En el acto tambi\u00e9n estuvieron presentes, entre otros funcionarios municipales, Marcos Barberis (Turismo y Producci\u00f3n), Carlos Beros (Medio Ambiente), Pablo Bullaude (Planeamiento Urbano), el presidente del Concejo Municipal Diego Ben\u00edtez junto a los concejales Viviana Gelain, Gerardo \u00c1vila y Daniel Gonz\u00e1lez, y el vicepresidente de la C\u00e1mara de Comercio de Bariloche Leonardo Marcasciano.<\/p>\n<p>Adem\u00e1s, los funcionarios nacionales estuvieron acompa\u00f1ados de la directora de Asuntos Legales de la Secretar\u00eda de Asuntos Municipales Florencia Biusilachi, el director de Relaciones institucionales de la Subsecretar\u00eda de Gesti\u00f3n Municipal Manuel Chavarr\u00eda, y la coordinadora t\u00e9cnica del programa ICES Ana Daher.<\/p>\n<p><strong>Bariloche, una de las cinco ciudades elegidas<\/strong><\/p>\n<p>Lucas Delfino sostuvo en di\u00e1logo con\u00a0<strong>Bariloche Opina<\/strong>\u00a0que \u00abpara que los vecinos de cada uno de los municipios logren una mejor calidad de vida la soluci\u00f3n es la planificaci\u00f3n y comenzar a mirar las ciudades de ac\u00e1 hacia adelante\u00bb.<\/p>\n<p>Se\u00f1al\u00f3 que con este programa \u00abestamos sentando las bases de c\u00f3mo planificamos y c\u00f3mo desarrollamos las ciudades de ac\u00e1 a 50 a\u00f1os; es un pedido del presidente Macri, y el mandato de Frigerio, comenzar a dar gran impulso a estos programas que nos van a sacar de la inmediatez constante que han vivido los municipios de nuestro pa\u00eds en los \u00faltimos 30 a\u00f1os\u00bb.<\/p>\n<p>\u00abCada a\u00f1o se eligen cinco ciudades y ahora es el turno de Bariloche, como uno de los municipios que est\u00e1 creciendo por encima de la media tradicional en Am\u00e9rica Latina\u00bb, destac\u00f3. \u00abEsto va a permitir que va a tener un financiamiento para que entre 8 meses a un a\u00f1o se haga un estudio pormenorizado, como una radiograf\u00eda de la ciudad\u00bb.<\/p>\n<p>\u00abLos resultados se van a ver en el plazo de un a\u00f1o\u00bb, sostuvo. \u00abY se har\u00e1 una inversi\u00f3n de alrededor de 500 mil d\u00f3lares. Es un estudio integral que contempla el tema medioambiental, social, fiscal y de planificaci\u00f3n\u00bb.<\/p>\n<p>Afirm\u00f3 que \u00abuna vez hecho el programa es m\u00e1s f\u00e1cil conseguir financiamiento para las obras fundamentales para cada una de las ciudades, hay organismos multilaterales que tienen mucho inter\u00e9s en invertir en los municipios\u00bb.<\/p>\n<p>Ante la consulta de\u00a0<strong>este medio<\/strong>, Delfino remarc\u00f3 que \u00abla decisi\u00f3n del Presidente es llevar adelante el plan de obra p\u00fablica m\u00e1s grande de la historia. Por eso las obras que incluso se comenzaron en gestiones anteriores, si bien hoy hay algunas trabas burocr\u00e1ticas, se van a terminar\u00bb.<\/p>\n<p>\u00abEstamos trabajando para que el a\u00f1o pr\u00f3ximo cada vecino tenga la certeza de que obra que comienza, es obra que termina\u00bb, subray\u00f3. \u00abNo podemos permitir que los sue\u00f1os de la gente se sigan frustrando\u00bb.<\/p>\n<p>\u00abLamentablemente venimos de muy atr\u00e1s, pero hay que marcar que el intendente, sin ser de nuestro espacio pol\u00edtico, ha tenido una gran predisposici\u00f3n y un buen complemento con la tercer pata que es la gobernaci\u00f3n\u00bb, puntualiz\u00f3. Fuente: Bariloche Opina<\/p>\n","protected":false},"excerpt":{"rendered":"<p>Bariloche.-La ciudad es una de las cinco elegidas en el pa\u00eds donde se realizar\u00e1 un estudio integral que contempla el [&hellip;]<\/p>\n","protected":false},"author":2,"featured_media":31780,"comment_status":"open","ping_status":"open","sticky":false,"template":"","format":"standard","meta":{"site-sidebar-layout":"default","site-content-layout":"","ast-site-content-layout":"default","site-content-style":"default","site-sidebar-style":"default","ast-global-header-display":"","ast-banner-title-visibility":"","ast-main-header-display":"","ast-hfb-above-header-display":"","ast-hfb-below-header-display":"","ast-hfb-mobile-header-display":"","site-post-title":"","ast-breadcrumbs-content":"","ast-featured-img":"","footer-sml-layout":"","ast-disable-related-posts":"","theme-transparent-header-meta":"","adv-header-id-meta":"","stick-header-meta":"","header-above-stick-meta":"","header-main-stick-meta":"","header-below-stick-meta":"","astra-migrate-meta-layouts":"default","ast-page-background-enabled":"default","ast-page-background-meta":{"desktop":{"background-color":"var(--ast-global-color-5)","background-image":"","background-repeat":"repeat","background-position":"center center","background-size":"auto","background-attachment":"scroll","background-type":"","background-media":"","overlay-type":"","overlay-color":"","overlay-opacity":"","overlay-gradient":""},"tablet":{"background-color":"","background-image":"","background-repeat":"repeat","background-position":"center center","background-size":"auto","background-attachment":"scroll","background-type":"","background-media":"","overlay-type":"","overlay-color":"","overlay-opacity":"","overlay-gradient":""},"mobile":{"background-color":"","background-image":"","background-repeat":"repeat","background-position":"center center","background-size":"auto","background-attachment":"scroll","background-type":"","background-media":"","overlay-type":"","overlay-color":"","overlay-opacity":"","overlay-gradient":""}},"ast-content-background-meta":{"desktop":{"background-color":"var(--ast-global-color-4)","background-image":"","background-repeat":"repeat","background-position":"center center","background-size":"auto","background-attachment":"scroll","background-type":"","background-media":"","overlay-type":"","overlay-color":"","overlay-opacity":"","overlay-gradient":""},"tablet":{"background-color":"var(--ast-global-color-4)","background-image":"","background-repeat":"repeat","background-position":"center center","background-size":"auto","background-attachment":"scroll","background-type":"","background-media":"","overlay-type":"","overlay-color":"","overlay-opacity":"","overlay-gradient":""},"mobile":{"background-color":"var(--ast-global-color-4)","background-image":"","background-repeat":"repeat","background-position":"center center","background-size":"auto","background-attachment":"scroll","background-type":"","background-media":"","overlay-type":"","overlay-color":"","overlay-opacity":"","overlay-gradient":""}},"footnotes":""},"categories":[16,1],"tags":[],"class_list":["post-31779","post","type-post","status-publish","format-standard","has-post-thumbnail","hentry","category-municipales","category-noticias"],"yoast_head":"<!-- This site is optimized with the Yoast SEO Premium plugin v23.0 (Yoast SEO v27.4) - https:\/\/yoast.com\/product\/yoast-seo-premium-wordpress\/ -->\n<title>Bariloche ingres\u00f3 al programa de ciudades emergentes sostenibles<\/title>\n<meta name=\"robots\" content=\"index, follow, max-snippet:-1, max-image-preview:large, max-video-preview:-1\" \/>\n<link rel=\"canonical\" href=\"https:\/\/patagoniambiental.com.ar\/info\/bariloche-ingreso-al-programa-de-ciudades-emergentes-sostenibles\/\" \/>\n<meta property=\"og:locale\" content=\"es_ES\" \/>\n<meta property=\"og:type\" content=\"article\" \/>\n<meta property=\"og:title\" content=\"Bariloche ingres\u00f3 al programa de ciudades emergentes sostenibles\" \/>\n<meta property=\"og:description\" content=\"Bariloche.-La ciudad es una de las cinco elegidas en el pa\u00eds donde se realizar\u00e1 un estudio integral que contempla el [&hellip;]\" \/>\n<meta property=\"og:url\" content=\"https:\/\/patagoniambiental.com.ar\/info\/bariloche-ingreso-al-programa-de-ciudades-emergentes-sostenibles\/\" \/>\n<meta property=\"og:site_name\" content=\"Patagonia Ambiental\" \/>\n<meta property=\"article:publisher\" content=\"https:\/\/www.facebook.com\/patagonia.ambiental\" \/>\n<meta property=\"article:author\" content=\"https:\/\/www.facebook.com\/share\/1C1V8Gv9BX\/?mibextid=qi2Omg\" \/>\n<meta property=\"article:published_time\" content=\"2017-07-10T22:00:04+00:00\" \/>\n<meta property=\"og:image\" content=\"https:\/\/patagoniambiental.com.ar\/info\/wp-content\/uploads\/2017\/07\/201707071211253b911beb303603de7b1df3bac8942d7d.jpg\" \/>\n\t<meta property=\"og:image:width\" content=\"1024\" \/>\n\t<meta property=\"og:image:height\" content=\"683\" \/>\n\t<meta property=\"og:image:type\" content=\"image\/jpeg\" \/>\n<meta name=\"author\" content=\"Patagonia Ambiental\" \/>\n<meta name=\"twitter:card\" content=\"summary_large_image\" \/>\n<meta name=\"twitter:creator\" content=\"@PatAmb\" \/>\n<meta name=\"twitter:site\" content=\"@PatAmb\" \/>\n<script type=\"application\/ld+json\" class=\"yoast-schema-graph\">{\"@context\":\"https:\\\/\\\/schema.org\",\"@graph\":[{\"@type\":\"Article\",\"@id\":\"https:\\\/\\\/patagoniambiental.com.ar\\\/info\\\/bariloche-ingreso-al-programa-de-ciudades-emergentes-sostenibles\\\/#article\",\"isPartOf\":{\"@id\":\"https:\\\/\\\/patagoniambiental.com.ar\\\/info\\\/bariloche-ingreso-al-programa-de-ciudades-emergentes-sostenibles\\\/\"},\"author\":{\"name\":\"Patagonia Ambiental\",\"@id\":\"https:\\\/\\\/patagoniambiental.com.ar\\\/info\\\/#\\\/schema\\\/person\\\/db12bff64bbcbf6a253710bf0ea37b5d\"},\"headline\":\"Bariloche ingres\u00f3 al programa de ciudades emergentes sostenibles\",\"datePublished\":\"2017-07-10T22:00:04+00:00\",\"mainEntityOfPage\":{\"@id\":\"https:\\\/\\\/patagoniambiental.com.ar\\\/info\\\/bariloche-ingreso-al-programa-de-ciudades-emergentes-sostenibles\\\/\"},\"wordCount\":844,\"commentCount\":0,\"publisher\":{\"@id\":\"https:\\\/\\\/patagoniambiental.com.ar\\\/info\\\/#organization\"},\"image\":{\"@id\":\"https:\\\/\\\/patagoniambiental.com.ar\\\/info\\\/bariloche-ingreso-al-programa-de-ciudades-emergentes-sostenibles\\\/#primaryimage\"},\"thumbnailUrl\":\"https:\\\/\\\/patagoniambiental.com.ar\\\/info\\\/wp-content\\\/uploads\\\/2017\\\/07\\\/201707071211253b911beb303603de7b1df3bac8942d7d.jpg\",\"articleSection\":[\"Municipales\",\"Noticias\"],\"inLanguage\":\"es\",\"potentialAction\":[{\"@type\":\"CommentAction\",\"name\":\"Comment\",\"target\":[\"https:\\\/\\\/patagoniambiental.com.ar\\\/info\\\/bariloche-ingreso-al-programa-de-ciudades-emergentes-sostenibles\\\/#respond\"]}]},{\"@type\":\"WebPage\",\"@id\":\"https:\\\/\\\/patagoniambiental.com.ar\\\/info\\\/bariloche-ingreso-al-programa-de-ciudades-emergentes-sostenibles\\\/\",\"url\":\"https:\\\/\\\/patagoniambiental.com.ar\\\/info\\\/bariloche-ingreso-al-programa-de-ciudades-emergentes-sostenibles\\\/\",\"name\":\"Bariloche ingres\u00f3 al programa de ciudades emergentes sostenibles\",\"isPartOf\":{\"@id\":\"https:\\\/\\\/patagoniambiental.com.ar\\\/info\\\/#website\"},\"primaryImageOfPage\":{\"@id\":\"https:\\\/\\\/patagoniambiental.com.ar\\\/info\\\/bariloche-ingreso-al-programa-de-ciudades-emergentes-sostenibles\\\/#primaryimage\"},\"image\":{\"@id\":\"https:\\\/\\\/patagoniambiental.com.ar\\\/info\\\/bariloche-ingreso-al-programa-de-ciudades-emergentes-sostenibles\\\/#primaryimage\"},\"thumbnailUrl\":\"https:\\\/\\\/patagoniambiental.com.ar\\\/info\\\/wp-content\\\/uploads\\\/2017\\\/07\\\/201707071211253b911beb303603de7b1df3bac8942d7d.jpg\",\"datePublished\":\"2017-07-10T22:00:04+00:00\",\"breadcrumb\":{\"@id\":\"https:\\\/\\\/patagoniambiental.com.ar\\\/info\\\/bariloche-ingreso-al-programa-de-ciudades-emergentes-sostenibles\\\/#breadcrumb\"},\"inLanguage\":\"es\",\"potentialAction\":[{\"@type\":\"ReadAction\",\"target\":[\"https:\\\/\\\/patagoniambiental.com.ar\\\/info\\\/bariloche-ingreso-al-programa-de-ciudades-emergentes-sostenibles\\\/\"]}]},{\"@type\":\"ImageObject\",\"inLanguage\":\"es\",\"@id\":\"https:\\\/\\\/patagoniambiental.com.ar\\\/info\\\/bariloche-ingreso-al-programa-de-ciudades-emergentes-sostenibles\\\/#primaryimage\",\"url\":\"https:\\\/\\\/patagoniambiental.com.ar\\\/info\\\/wp-content\\\/uploads\\\/2017\\\/07\\\/201707071211253b911beb303603de7b1df3bac8942d7d.jpg\",\"contentUrl\":\"https:\\\/\\\/patagoniambiental.com.ar\\\/info\\\/wp-content\\\/uploads\\\/2017\\\/07\\\/201707071211253b911beb303603de7b1df3bac8942d7d.jpg\",\"width\":1024,\"height\":683},{\"@type\":\"BreadcrumbList\",\"@id\":\"https:\\\/\\\/patagoniambiental.com.ar\\\/info\\\/bariloche-ingreso-al-programa-de-ciudades-emergentes-sostenibles\\\/#breadcrumb\",\"itemListElement\":[{\"@type\":\"ListItem\",\"position\":1,\"name\":\"Inicio\",\"item\":\"https:\\\/\\\/patagoniambiental.com.ar\\\/info\\\/\"},{\"@type\":\"ListItem\",\"position\":2,\"name\":\"Bariloche ingres\u00f3 al programa de ciudades emergentes sostenibles\"}]},{\"@type\":\"WebSite\",\"@id\":\"https:\\\/\\\/patagoniambiental.com.ar\\\/info\\\/#website\",\"url\":\"https:\\\/\\\/patagoniambiental.com.ar\\\/info\\\/\",\"name\":\"Patagonia Ambiental\",\"description\":\"Monitoreo y an\u00e1lisis de la situaci\u00f3n geopol\u00edtica en el mundo y su implicancia en la Patagonia\",\"publisher\":{\"@id\":\"https:\\\/\\\/patagoniambiental.com.ar\\\/info\\\/#organization\"},\"potentialAction\":[{\"@type\":\"SearchAction\",\"target\":{\"@type\":\"EntryPoint\",\"urlTemplate\":\"https:\\\/\\\/patagoniambiental.com.ar\\\/info\\\/?s={search_term_string}\"},\"query-input\":{\"@type\":\"PropertyValueSpecification\",\"valueRequired\":true,\"valueName\":\"search_term_string\"}}],\"inLanguage\":\"es\"},{\"@type\":\"Organization\",\"@id\":\"https:\\\/\\\/patagoniambiental.com.ar\\\/info\\\/#organization\",\"name\":\"Patagonia Ambiental\",\"url\":\"https:\\\/\\\/patagoniambiental.com.ar\\\/info\\\/\",\"logo\":{\"@type\":\"ImageObject\",\"inLanguage\":\"es\",\"@id\":\"https:\\\/\\\/patagoniambiental.com.ar\\\/info\\\/#\\\/schema\\\/logo\\\/image\\\/\",\"url\":\"https:\\\/\\\/patagoniambiental.com.ar\\\/info\\\/wp-content\\\/uploads\\\/2025\\\/05\\\/LOGO-PATAGONIA-AMBIENTAL.png\",\"contentUrl\":\"https:\\\/\\\/patagoniambiental.com.ar\\\/info\\\/wp-content\\\/uploads\\\/2025\\\/05\\\/LOGO-PATAGONIA-AMBIENTAL.png\",\"width\":433,\"height\":250,\"caption\":\"Patagonia Ambiental\"},\"image\":{\"@id\":\"https:\\\/\\\/patagoniambiental.com.ar\\\/info\\\/#\\\/schema\\\/logo\\\/image\\\/\"},\"sameAs\":[\"https:\\\/\\\/www.facebook.com\\\/patagonia.ambiental\",\"https:\\\/\\\/x.com\\\/PatAmb\"]},{\"@type\":\"Person\",\"@id\":\"https:\\\/\\\/patagoniambiental.com.ar\\\/info\\\/#\\\/schema\\\/person\\\/db12bff64bbcbf6a253710bf0ea37b5d\",\"name\":\"Patagonia Ambiental\",\"description\":\"Andr\u00e9s Nievas T\u00e9cnico en manejo ambiental, consultor Ambiental y escritor para medios locales e internacionales sobre temas de geopolitica y medio ambiente.\",\"sameAs\":[\"http:\\\/\\\/www.patagoniambiental.com.ar\",\"https:\\\/\\\/www.facebook.com\\\/share\\\/1C1V8Gv9BX\\\/?mibextid=qi2Omg\",\"@patagoniambiental\",\"https:\\\/\\\/youtube.com\\\/@patagoniaambiental2023?si=BLt58t0wuXquxlYZ\"]}]}<\/script>\n<!-- \/ Yoast SEO Premium plugin. -->","yoast_head_json":{"title":"Bariloche ingres\u00f3 al programa de ciudades emergentes sostenibles","robots":{"index":"index","follow":"follow","max-snippet":"max-snippet:-1","max-image-preview":"max-image-preview:large","max-video-preview":"max-video-preview:-1"},"canonical":"https:\/\/patagoniambiental.com.ar\/info\/bariloche-ingreso-al-programa-de-ciudades-emergentes-sostenibles\/","og_locale":"es_ES","og_type":"article","og_title":"Bariloche ingres\u00f3 al programa de ciudades emergentes sostenibles","og_description":"Bariloche.-La ciudad es una de las cinco elegidas en el pa\u00eds donde se realizar\u00e1 un estudio integral que contempla el [&hellip;]","og_url":"https:\/\/patagoniambiental.com.ar\/info\/bariloche-ingreso-al-programa-de-ciudades-emergentes-sostenibles\/","og_site_name":"Patagonia Ambiental","article_publisher":"https:\/\/www.facebook.com\/patagonia.ambiental","article_author":"https:\/\/www.facebook.com\/share\/1C1V8Gv9BX\/?mibextid=qi2Omg","article_published_time":"2017-07-10T22:00:04+00:00","og_image":[{"width":1024,"height":683,"url":"https:\/\/patagoniambiental.com.ar\/info\/wp-content\/uploads\/2017\/07\/201707071211253b911beb303603de7b1df3bac8942d7d.jpg","type":"image\/jpeg"}],"author":"Patagonia Ambiental","twitter_card":"summary_large_image","twitter_creator":"@PatAmb","twitter_site":"@PatAmb","schema":{"@context":"https:\/\/schema.org","@graph":[{"@type":"Article","@id":"https:\/\/patagoniambiental.com.ar\/info\/bariloche-ingreso-al-programa-de-ciudades-emergentes-sostenibles\/#article","isPartOf":{"@id":"https:\/\/patagoniambiental.com.ar\/info\/bariloche-ingreso-al-programa-de-ciudades-emergentes-sostenibles\/"},"author":{"name":"Patagonia Ambiental","@id":"https:\/\/patagoniambiental.com.ar\/info\/#\/schema\/person\/db12bff64bbcbf6a253710bf0ea37b5d"},"headline":"Bariloche ingres\u00f3 al programa de ciudades emergentes sostenibles","datePublished":"2017-07-10T22:00:04+00:00","mainEntityOfPage":{"@id":"https:\/\/patagoniambiental.com.ar\/info\/bariloche-ingreso-al-programa-de-ciudades-emergentes-sostenibles\/"},"wordCount":844,"commentCount":0,"publisher":{"@id":"https:\/\/patagoniambiental.com.ar\/info\/#organization"},"image":{"@id":"https:\/\/patagoniambiental.com.ar\/info\/bariloche-ingreso-al-programa-de-ciudades-emergentes-sostenibles\/#primaryimage"},"thumbnailUrl":"https:\/\/patagoniambiental.com.ar\/info\/wp-content\/uploads\/2017\/07\/201707071211253b911beb303603de7b1df3bac8942d7d.jpg","articleSection":["Municipales","Noticias"],"inLanguage":"es","potentialAction":[{"@type":"CommentAction","name":"Comment","target":["https:\/\/patagoniambiental.com.ar\/info\/bariloche-ingreso-al-programa-de-ciudades-emergentes-sostenibles\/#respond"]}]},{"@type":"WebPage","@id":"https:\/\/patagoniambiental.com.ar\/info\/bariloche-ingreso-al-programa-de-ciudades-emergentes-sostenibles\/","url":"https:\/\/patagoniambiental.com.ar\/info\/bariloche-ingreso-al-programa-de-ciudades-emergentes-sostenibles\/","name":"Bariloche ingres\u00f3 al programa de ciudades emergentes sostenibles","isPartOf":{"@id":"https:\/\/patagoniambiental.com.ar\/info\/#website"},"primaryImageOfPage":{"@id":"https:\/\/patagoniambiental.com.ar\/info\/bariloche-ingreso-al-programa-de-ciudades-emergentes-sostenibles\/#primaryimage"},"image":{"@id":"https:\/\/patagoniambiental.com.ar\/info\/bariloche-ingreso-al-programa-de-ciudades-emergentes-sostenibles\/#primaryimage"},"thumbnailUrl":"https:\/\/patagoniambiental.com.ar\/info\/wp-content\/uploads\/2017\/07\/201707071211253b911beb303603de7b1df3bac8942d7d.jpg","datePublished":"2017-07-10T22:00:04+00:00","breadcrumb":{"@id":"https:\/\/patagoniambiental.com.ar\/info\/bariloche-ingreso-al-programa-de-ciudades-emergentes-sostenibles\/#breadcrumb"},"inLanguage":"es","potentialAction":[{"@type":"ReadAction","target":["https:\/\/patagoniambiental.com.ar\/info\/bariloche-ingreso-al-programa-de-ciudades-emergentes-sostenibles\/"]}]},{"@type":"ImageObject","inLanguage":"es","@id":"https:\/\/patagoniambiental.com.ar\/info\/bariloche-ingreso-al-programa-de-ciudades-emergentes-sostenibles\/#primaryimage","url":"https:\/\/patagoniambiental.com.ar\/info\/wp-content\/uploads\/2017\/07\/201707071211253b911beb303603de7b1df3bac8942d7d.jpg","contentUrl":"https:\/\/patagoniambiental.com.ar\/info\/wp-content\/uploads\/2017\/07\/201707071211253b911beb303603de7b1df3bac8942d7d.jpg","width":1024,"height":683},{"@type":"BreadcrumbList","@id":"https:\/\/patagoniambiental.com.ar\/info\/bariloche-ingreso-al-programa-de-ciudades-emergentes-sostenibles\/#breadcrumb","itemListElement":[{"@type":"ListItem","position":1,"name":"Inicio","item":"https:\/\/patagoniambiental.com.ar\/info\/"},{"@type":"ListItem","position":2,"name":"Bariloche ingres\u00f3 al programa de ciudades emergentes sostenibles"}]},{"@type":"WebSite","@id":"https:\/\/patagoniambiental.com.ar\/info\/#website","url":"https:\/\/patagoniambiental.com.ar\/info\/","name":"Patagonia Ambiental","description":"Monitoreo y an\u00e1lisis de la situaci\u00f3n geopol\u00edtica en el mundo y su implicancia en la Patagonia","publisher":{"@id":"https:\/\/patagoniambiental.com.ar\/info\/#organization"},"potentialAction":[{"@type":"SearchAction","target":{"@type":"EntryPoint","urlTemplate":"https:\/\/patagoniambiental.com.ar\/info\/?s={search_term_string}"},"query-input":{"@type":"PropertyValueSpecification","valueRequired":true,"valueName":"search_term_string"}}],"inLanguage":"es"},{"@type":"Organization","@id":"https:\/\/patagoniambiental.com.ar\/info\/#organization","name":"Patagonia Ambiental","url":"https:\/\/patagoniambiental.com.ar\/info\/","logo":{"@type":"ImageObject","inLanguage":"es","@id":"https:\/\/patagoniambiental.com.ar\/info\/#\/schema\/logo\/image\/","url":"https:\/\/patagoniambiental.com.ar\/info\/wp-content\/uploads\/2025\/05\/LOGO-PATAGONIA-AMBIENTAL.png","contentUrl":"https:\/\/patagoniambiental.com.ar\/info\/wp-content\/uploads\/2025\/05\/LOGO-PATAGONIA-AMBIENTAL.png","width":433,"height":250,"caption":"Patagonia Ambiental"},"image":{"@id":"https:\/\/patagoniambiental.com.ar\/info\/#\/schema\/logo\/image\/"},"sameAs":["https:\/\/www.facebook.com\/patagonia.ambiental","https:\/\/x.com\/PatAmb"]},{"@type":"Person","@id":"https:\/\/patagoniambiental.com.ar\/info\/#\/schema\/person\/db12bff64bbcbf6a253710bf0ea37b5d","name":"Patagonia Ambiental","description":"Andr\u00e9s Nievas T\u00e9cnico en manejo ambiental, consultor Ambiental y escritor para medios locales e internacionales sobre temas de geopolitica y medio ambiente.","sameAs":["http:\/\/www.patagoniambiental.com.ar","https:\/\/www.facebook.com\/share\/1C1V8Gv9BX\/?mibextid=qi2Omg","@patagoniambiental","https:\/\/youtube.com\/@patagoniaambiental2023?si=BLt58t0wuXquxlYZ"]}]}},"_links":{"self":[{"href":"https:\/\/patagoniambiental.com.ar\/info\/wp-json\/wp\/v2\/posts\/31779","targetHints":{"allow":["GET"]}}],"collection":[{"href":"https:\/\/patagoniambiental.com.ar\/info\/wp-json\/wp\/v2\/posts"}],"about":[{"href":"https:\/\/patagoniambiental.com.ar\/info\/wp-json\/wp\/v2\/types\/post"}],"author":[{"embeddable":true,"href":"https:\/\/patagoniambiental.com.ar\/info\/wp-json\/wp\/v2\/users\/2"}],"replies":[{"embeddable":true,"href":"https:\/\/patagoniambiental.com.ar\/info\/wp-json\/wp\/v2\/comments?post=31779"}],"version-history":[{"count":0,"href":"https:\/\/patagoniambiental.com.ar\/info\/wp-json\/wp\/v2\/posts\/31779\/revisions"}],"wp:featuredmedia":[{"embeddable":true,"href":"https:\/\/patagoniambiental.com.ar\/info\/wp-json\/wp\/v2\/media\/31780"}],"wp:attachment":[{"href":"https:\/\/patagoniambiental.com.ar\/info\/wp-json\/wp\/v2\/media?parent=31779"}],"wp:term":[{"taxonomy":"category","embeddable":true,"href":"https:\/\/patagoniambiental.com.ar\/info\/wp-json\/wp\/v2\/categories?post=31779"},{"taxonomy":"post_tag","embeddable":true,"href":"https:\/\/patagoniambiental.com.ar\/info\/wp-json\/wp\/v2\/tags?post=31779"}],"curies":[{"name":"wp","href":"https:\/\/api.w.org\/{rel}","templated":true}]}}