{"id":31896,"date":"2017-07-12T19:00:06","date_gmt":"2017-07-12T22:00:06","guid":{"rendered":"http:\/\/patagoniambiental.com.ar\/info\/?p=31896"},"modified":"2017-07-11T15:08:04","modified_gmt":"2017-07-11T18:08:04","slug":"roca-suma-ocho-torres-a-su-paisaje","status":"publish","type":"post","link":"https:\/\/patagoniambiental.com.ar\/info\/roca-suma-ocho-torres-a-su-paisaje\/","title":{"rendered":"Roca suma ocho torres a su paisaje"},"content":{"rendered":"<p class=\"location font-2-ebold fs16\"><a href=\"http:\/\/www.rionegro.com.ar\/tag\/-\/meta\/roca\">ROCA.-<\/a>El escenario urbano cambia pero para el municipio local el desaf\u00edo es consolidar la planta urbana antes que pensar en su crecimiento.<!--more--><\/p>\n<p class=\"location font-2-ebold fs16\">En el radio c\u00e9ntrico tambi\u00e9n hubo varias demoliciones importantes, reemplazadas por nuevas construcciones.<\/p>\n<div id=\"p_p_id_contentviewerportlet_WAR_newsportlet_INSTANCE_3b855f77bfe14f52b1d3fea9ce363fd4_\" class=\"portlet-boundary portlet-boundary_contentviewerportlet_WAR_newsportlet_  portlet-static portlet-static-end content-viewer-portlet \">\n<div class=\"td-portlet\">\n<section id=\"portlet_contentviewerportlet_WAR_newsportlet_INSTANCE_3b855f77bfe14f52b1d3fea9ce363fd4\" class=\"portlet\">\n<div class=\"portlet-content\">\n<div class=\" portlet-content-container\">\n<div class=\"portlet-body\">\n<div class=\"last td-viewer full-access\">\n<div class=\"template-94\">\n<div class=\"left-block\">\n<div class=\"text font-4 fs16 resizable\">\n<div class=\"paragraph\">\n<p>Ocho torres en construcci\u00f3n y 20 demoliciones desde el 2016, expresan el movimiento de las obras particulares en Roca, principalmente de las llamadas viviendas multifamiliares. Nuevas urbanizaciones llenan espacios que antes estaban vac\u00edos y para el municipio hoy el desaf\u00edo es consolidar la planta urbana m\u00e1s que ampliarla.<\/p>\n<p>\u201cLa densificaci\u00f3n desordenada afecta a los intereses comunes\u201d, apunt\u00f3 Carla Colombo, directora de Arquitectura en la Secretar\u00eda de Obras P\u00fablicas, Ambiente y Parques Industriales del municipio.<\/p>\n<p>\u201cEs prioritario mejorar las redes de infraestructura, ya que la ciudad est\u00e1 en v\u00edas de crecimiento, eso aumenta la densidad poblacional y necesariamente se requiere de los correspondientes servicios (agua potable, red cloacal, gas, red el\u00e9ctrica)\u201d, ampli\u00f3.<\/p>\n<p>Entre los proyectos se destacan los que se extienden hacia arriba: en la actualidad se construyen en simult\u00e1neo ocho torres de m\u00e1s de 12 metros de altura y ascensor. Se localizan en las calles Isidro Lobo entre avenida Roca y Sarmiento, avenida Roca (entre Artigas y Rodhe), 9 de Julio y Neuqu\u00e9n, La Pampa y Alsina, Misiones y Gadano, Villegas (entre Don Bosco y Maip\u00fa), Don Bosco (entre Villegas y Moreno) y San Mart\u00edn (entre Don Bosco y Neuqu\u00e9n).<\/p>\n<p>\u00c9ste tipo de edificios entre medianeras o en torre a partir del a\u00f1o 2.010 y hasta la fecha se han incrementado. Los que alcanzan los 21 metros de altura y hasta 30, pueden instalarse en la zona central.<\/p>\n<p>Adem\u00e1s, se edifican construcciones m\u00e1s bajas pero tambi\u00e9n con tres pisos que no superan los 12 metros. \u201cSe concentran principalmente en zonas tales como el B\u00b0 Los Olmos, San Cayetano, Aeroclub y diseminados en el \u00c1rea Urbana\u201d.<\/p>\n<p>Para la construcci\u00f3n de este tipo de edificios bajos, se han realizado la mayor\u00eda de las demoliciones en el \u00faltimo tiempo en la zona m\u00e1s antigua de la ciudad. Los registros indican que entre el 2016 y la actualidad se tiraron abajo unas 20 construcciones en el radio c\u00e9ntrico.<\/p>\n<p>La zona urbana en Roca est\u00e1 limitada por las calles Castelli al Oeste (barrio J. J. G\u00f3mez); Alvear el Este (barrio Stefenelli Norte), Ruta Nacional N\u00b0 22 al Sur y una l\u00ednea irregular que bordea la Barda Norte.<\/p>\n<p>\u201cDe a poco se va consolidando ese \u00e1rea llen\u00e1ndose los vac\u00edos con urbanizaciones, por ejemplo Jujuy y La Plata, Jujuy y Vintter, Vintter entre el Canal Principal y Del Libertador, el sector al este de Vintter, al norte del Canal Principal y al oeste de Alvear; el sector al este de Castelli y al Oeste de la Ruta Provincial 6 en el cruce con Alsina, el Norte del Canal Principal, al sur del Aeropuerto, oeste de la Ruta 6; y en otros sectores de la ciudad\u201d, enumer\u00f3 Colombo.<\/p>\n<p><b>Al sur de la 22<\/b><\/p>\n<p>En relaci\u00f3n a las construcciones al sur de la Ruta Nacional N\u00b0 22, el Plan Director define los sectores donde es posible implantar las denominadas \u201curbanizaciones especiales\u201d, ya sean barrios cerrados o clubes de campo que est\u00e1n prohibidas en el \u00e1rea Urbana y en la zona productiva. S\u00ed se permiten en el corredor Viterbori y en la zona ribere\u00f1a.<\/p>\n<p>\u201cLo que se pretende lograr es que estos barrios tengan una muy baja ocupaci\u00f3n del suelo, poca altura, mucha vegetaci\u00f3n, y una integraci\u00f3n espacial y paisaj\u00edstica con el entorno periurbano, casi rural donde se encuentran implantados\u201d, enfatiz\u00f3 la directora.<\/p>\n<p>As\u00ed est\u00e1 el escenario de la construcci\u00f3n en Roca, con sectores que piden m\u00e1s y mejores servicios y con un municipio que intenta dar respuestas.<\/p>\n<p><b>Las respuestas<\/b><\/p>\n<p>El resultado entre la demanda y las respuestas se puede considerar positivo, m\u00e1s all\u00e1 de los reclamos que surgen todo el tiempo, muchos de los cuales est\u00e1n vinculados con agua y cloacas, que no son precisamente tarea del municipio. Es decir, cloacas con problemas y falta de agua o roturas repercuten en las calles de la ciudad, pero resolver esos asuntos es materia de la provincia.<\/p>\n<p>El crecimiento es grande y los servicios deben ir a la par de ese crecimiento. Sin embargo, eso no siempre se logra, porque cuando se da respuestas a un sector, surge otro que demanda.<\/p>\n<p>La ciudad crece y eso est\u00e1 a la vista. Lo que se busca es que ese crecimiento sea ordenado.<\/p>\n<\/div>\n<div class=\"microformat_headline ant-text\">En cifras<\/div>\n<div class=\"microformat_highlight_text ant-microformat_headline\">163<\/div>\n<div class=\"microformat_text ant-microformat_highlight_text\">Expedientes de obras nuevas con permiso se aprobaron en lo que va del 2017.<\/div>\n<div class=\"microformat_highlight_text ant-microformat_text\">245<\/div>\n<div class=\"microformat_text ant-microformat_highlight_text\">Planos se aprobaron con el conforme a obra, es decir, de obras construidas sin permiso previo.<\/div>\n<div class=\"microformat_highlight_text ant-microformat_text\">2<\/div>\n<div class=\"microformat_text ant-microformat_highlight_text\">Meses es el tiempo promedio de visado de un plano, mientras que el Permiso Provisorio de Obra se tramita en un plazo no mayor a siete d\u00edas.<\/div>\n<div class=\"highlight_text ant-microformat_text\">\u201cEs sumamente importante consolidar la planta urbana en vez de seguir ampli\u00e1ndola, ya que es m\u00e1s sencillo de esa forma dotar de servicios a los nuevos sectores de la ciudad\u201d<\/div>\n<div class=\"highlight_author ant-highlight_text\">Carla Colombo, directora de Arquitectura del municipio<\/div>\n<div class=\"microformat_headline ant-highlight_author\">Para saber m\u00e1s<\/div>\n<div class=\"microformat_list_text ant-microformat_headline\">Las viviendas de tipo \u201cunifamiliar\u201d refieren a una vivienda por parcela.<\/div>\n<div class=\"microformat_list_text ant-microformat_list_text\">Hablar de \u201cmultifamiliar\u201d refiere a m\u00e1s de una vivienda por parcela en planta baja o en m\u00e1s de una planta.<\/div>\n<div class=\"microformat_list_text ant-microformat_list_text\">El Plan Director de Roca determina en qu\u00e9 zonas autoriza o prohibe la implantaci\u00f3n de una o de otra opci\u00f3n.<\/div>\n<div class=\"microformat_list_text ant-microformat_list_text\">En los Parques Industriales, por ejemplo, no se pueden construir viviendas s\u00f3lo la del cuidador; en el barrio Las Vi\u00f1as no se puede construir m\u00e1s de una vivienda por parcela.<\/div>\n<div><\/div>\n<div class=\"agency font-2-bold\">Fuente: Diario Rio Negro- DeRoca<\/div>\n<\/div>\n<\/div>\n<div class=\"cl\"><\/div>\n<\/div>\n<\/div>\n<\/div>\n<\/div>\n<\/div>\n<\/section>\n<\/div>\n<\/div>\n<div id=\"p_p_id_articletopicsportlet_WAR_newsportlet_INSTANCE_a062a360d792450ea068607ecfc24f2c_\" class=\"portlet-boundary portlet-boundary_articletopicsportlet_WAR_newsportlet_  portlet-static portlet-static-end article-topics-portlet advanced-99\"><\/div>\n","protected":false},"excerpt":{"rendered":"<p>ROCA.-El escenario urbano cambia pero para el municipio local el desaf\u00edo es consolidar la planta urbana antes que pensar en [&hellip;]<\/p>\n","protected":false},"author":2,"featured_media":31897,"comment_status":"open","ping_status":"open","sticky":false,"template":"","format":"standard","meta":{"site-sidebar-layout":"default","site-content-layout":"","ast-site-content-layout":"default","site-content-style":"default","site-sidebar-style":"default","ast-global-header-display":"","ast-banner-title-visibility":"","ast-main-header-display":"","ast-hfb-above-header-display":"","ast-hfb-below-header-display":"","ast-hfb-mobile-header-display":"","site-post-title":"","ast-breadcrumbs-content":"","ast-featured-img":"","footer-sml-layout":"","ast-disable-related-posts":"","theme-transparent-header-meta":"","adv-header-id-meta":"","stick-header-meta":"","header-above-stick-meta":"","header-main-stick-meta":"","header-below-stick-meta":"","astra-migrate-meta-layouts":"default","ast-page-background-enabled":"default","ast-page-background-meta":{"desktop":{"background-color":"var(--ast-global-color-5)","background-image":"","background-repeat":"repeat","background-position":"center center","background-size":"auto","background-attachment":"scroll","background-type":"","background-media":"","overlay-type":"","overlay-color":"","overlay-opacity":"","overlay-gradient":""},"tablet":{"background-color":"","background-image":"","background-repeat":"repeat","background-position":"center center","background-size":"auto","background-attachment":"scroll","background-type":"","background-media":"","overlay-type":"","overlay-color":"","overlay-opacity":"","overlay-gradient":""},"mobile":{"background-color":"","background-image":"","background-repeat":"repeat","background-position":"center center","background-size":"auto","background-attachment":"scroll","background-type":"","background-media":"","overlay-type":"","overlay-color":"","overlay-opacity":"","overlay-gradient":""}},"ast-content-background-meta":{"desktop":{"background-color":"var(--ast-global-color-4)","background-image":"","background-repeat":"repeat","background-position":"center center","background-size":"auto","background-attachment":"scroll","background-type":"","background-media":"","overlay-type":"","overlay-color":"","overlay-opacity":"","overlay-gradient":""},"tablet":{"background-color":"var(--ast-global-color-4)","background-image":"","background-repeat":"repeat","background-position":"center center","background-size":"auto","background-attachment":"scroll","background-type":"","background-media":"","overlay-type":"","overlay-color":"","overlay-opacity":"","overlay-gradient":""},"mobile":{"background-color":"var(--ast-global-color-4)","background-image":"","background-repeat":"repeat","background-position":"center center","background-size":"auto","background-attachment":"scroll","background-type":"","background-media":"","overlay-type":"","overlay-color":"","overlay-opacity":"","overlay-gradient":""}},"footnotes":""},"categories":[16,1],"tags":[],"class_list":["post-31896","post","type-post","status-publish","format-standard","has-post-thumbnail","hentry","category-municipales","category-noticias"],"yoast_head":"<!-- This site is optimized with the Yoast SEO Premium plugin v23.0 (Yoast SEO v27.4) - https:\/\/yoast.com\/product\/yoast-seo-premium-wordpress\/ -->\n<title>Roca suma ocho torres a su paisaje<\/title>\n<meta name=\"robots\" content=\"index, follow, max-snippet:-1, max-image-preview:large, max-video-preview:-1\" \/>\n<link rel=\"canonical\" href=\"https:\/\/patagoniambiental.com.ar\/info\/roca-suma-ocho-torres-a-su-paisaje\/\" \/>\n<meta property=\"og:locale\" content=\"es_ES\" \/>\n<meta property=\"og:type\" content=\"article\" \/>\n<meta property=\"og:title\" content=\"Roca suma ocho torres a su paisaje\" \/>\n<meta property=\"og:description\" content=\"ROCA.-El escenario urbano cambia pero para el municipio local el desaf\u00edo es consolidar la planta urbana antes que pensar en [&hellip;]\" \/>\n<meta property=\"og:url\" content=\"https:\/\/patagoniambiental.com.ar\/info\/roca-suma-ocho-torres-a-su-paisaje\/\" \/>\n<meta property=\"og:site_name\" content=\"Patagonia Ambiental\" \/>\n<meta property=\"article:publisher\" content=\"https:\/\/www.facebook.com\/patagonia.ambiental\" \/>\n<meta property=\"article:author\" content=\"https:\/\/www.facebook.com\/share\/1C1V8Gv9BX\/?mibextid=qi2Omg\" \/>\n<meta property=\"article:published_time\" content=\"2017-07-12T22:00:06+00:00\" \/>\n<meta property=\"og:image\" content=\"https:\/\/patagoniambiental.com.ar\/info\/wp-content\/uploads\/2017\/07\/image_content_8591799_20170710224213.jpg\" \/>\n\t<meta property=\"og:image:width\" content=\"660\" \/>\n\t<meta property=\"og:image:height\" content=\"370\" \/>\n\t<meta property=\"og:image:type\" content=\"image\/jpeg\" \/>\n<meta name=\"author\" content=\"Patagonia Ambiental\" \/>\n<meta name=\"twitter:card\" content=\"summary_large_image\" \/>\n<meta name=\"twitter:creator\" content=\"@PatAmb\" \/>\n<meta name=\"twitter:site\" content=\"@PatAmb\" \/>\n<script type=\"application\/ld+json\" class=\"yoast-schema-graph\">{\"@context\":\"https:\\\/\\\/schema.org\",\"@graph\":[{\"@type\":\"Article\",\"@id\":\"https:\\\/\\\/patagoniambiental.com.ar\\\/info\\\/roca-suma-ocho-torres-a-su-paisaje\\\/#article\",\"isPartOf\":{\"@id\":\"https:\\\/\\\/patagoniambiental.com.ar\\\/info\\\/roca-suma-ocho-torres-a-su-paisaje\\\/\"},\"author\":{\"name\":\"Patagonia Ambiental\",\"@id\":\"https:\\\/\\\/patagoniambiental.com.ar\\\/info\\\/#\\\/schema\\\/person\\\/db12bff64bbcbf6a253710bf0ea37b5d\"},\"headline\":\"Roca suma ocho torres a su paisaje\",\"datePublished\":\"2017-07-12T22:00:06+00:00\",\"mainEntityOfPage\":{\"@id\":\"https:\\\/\\\/patagoniambiental.com.ar\\\/info\\\/roca-suma-ocho-torres-a-su-paisaje\\\/\"},\"wordCount\":952,\"commentCount\":0,\"publisher\":{\"@id\":\"https:\\\/\\\/patagoniambiental.com.ar\\\/info\\\/#organization\"},\"image\":{\"@id\":\"https:\\\/\\\/patagoniambiental.com.ar\\\/info\\\/roca-suma-ocho-torres-a-su-paisaje\\\/#primaryimage\"},\"thumbnailUrl\":\"https:\\\/\\\/patagoniambiental.com.ar\\\/info\\\/wp-content\\\/uploads\\\/2017\\\/07\\\/image_content_8591799_20170710224213.jpg\",\"articleSection\":[\"Municipales\",\"Noticias\"],\"inLanguage\":\"es\",\"potentialAction\":[{\"@type\":\"CommentAction\",\"name\":\"Comment\",\"target\":[\"https:\\\/\\\/patagoniambiental.com.ar\\\/info\\\/roca-suma-ocho-torres-a-su-paisaje\\\/#respond\"]}]},{\"@type\":\"WebPage\",\"@id\":\"https:\\\/\\\/patagoniambiental.com.ar\\\/info\\\/roca-suma-ocho-torres-a-su-paisaje\\\/\",\"url\":\"https:\\\/\\\/patagoniambiental.com.ar\\\/info\\\/roca-suma-ocho-torres-a-su-paisaje\\\/\",\"name\":\"Roca suma ocho torres a su paisaje\",\"isPartOf\":{\"@id\":\"https:\\\/\\\/patagoniambiental.com.ar\\\/info\\\/#website\"},\"primaryImageOfPage\":{\"@id\":\"https:\\\/\\\/patagoniambiental.com.ar\\\/info\\\/roca-suma-ocho-torres-a-su-paisaje\\\/#primaryimage\"},\"image\":{\"@id\":\"https:\\\/\\\/patagoniambiental.com.ar\\\/info\\\/roca-suma-ocho-torres-a-su-paisaje\\\/#primaryimage\"},\"thumbnailUrl\":\"https:\\\/\\\/patagoniambiental.com.ar\\\/info\\\/wp-content\\\/uploads\\\/2017\\\/07\\\/image_content_8591799_20170710224213.jpg\",\"datePublished\":\"2017-07-12T22:00:06+00:00\",\"breadcrumb\":{\"@id\":\"https:\\\/\\\/patagoniambiental.com.ar\\\/info\\\/roca-suma-ocho-torres-a-su-paisaje\\\/#breadcrumb\"},\"inLanguage\":\"es\",\"potentialAction\":[{\"@type\":\"ReadAction\",\"target\":[\"https:\\\/\\\/patagoniambiental.com.ar\\\/info\\\/roca-suma-ocho-torres-a-su-paisaje\\\/\"]}]},{\"@type\":\"ImageObject\",\"inLanguage\":\"es\",\"@id\":\"https:\\\/\\\/patagoniambiental.com.ar\\\/info\\\/roca-suma-ocho-torres-a-su-paisaje\\\/#primaryimage\",\"url\":\"https:\\\/\\\/patagoniambiental.com.ar\\\/info\\\/wp-content\\\/uploads\\\/2017\\\/07\\\/image_content_8591799_20170710224213.jpg\",\"contentUrl\":\"https:\\\/\\\/patagoniambiental.com.ar\\\/info\\\/wp-content\\\/uploads\\\/2017\\\/07\\\/image_content_8591799_20170710224213.jpg\",\"width\":660,\"height\":370},{\"@type\":\"BreadcrumbList\",\"@id\":\"https:\\\/\\\/patagoniambiental.com.ar\\\/info\\\/roca-suma-ocho-torres-a-su-paisaje\\\/#breadcrumb\",\"itemListElement\":[{\"@type\":\"ListItem\",\"position\":1,\"name\":\"Inicio\",\"item\":\"https:\\\/\\\/patagoniambiental.com.ar\\\/info\\\/\"},{\"@type\":\"ListItem\",\"position\":2,\"name\":\"Roca suma ocho torres a su paisaje\"}]},{\"@type\":\"WebSite\",\"@id\":\"https:\\\/\\\/patagoniambiental.com.ar\\\/info\\\/#website\",\"url\":\"https:\\\/\\\/patagoniambiental.com.ar\\\/info\\\/\",\"name\":\"Patagonia Ambiental\",\"description\":\"Monitoreo y an\u00e1lisis de la situaci\u00f3n geopol\u00edtica en el mundo y su implicancia en la Patagonia\",\"publisher\":{\"@id\":\"https:\\\/\\\/patagoniambiental.com.ar\\\/info\\\/#organization\"},\"potentialAction\":[{\"@type\":\"SearchAction\",\"target\":{\"@type\":\"EntryPoint\",\"urlTemplate\":\"https:\\\/\\\/patagoniambiental.com.ar\\\/info\\\/?s={search_term_string}\"},\"query-input\":{\"@type\":\"PropertyValueSpecification\",\"valueRequired\":true,\"valueName\":\"search_term_string\"}}],\"inLanguage\":\"es\"},{\"@type\":\"Organization\",\"@id\":\"https:\\\/\\\/patagoniambiental.com.ar\\\/info\\\/#organization\",\"name\":\"Patagonia Ambiental\",\"url\":\"https:\\\/\\\/patagoniambiental.com.ar\\\/info\\\/\",\"logo\":{\"@type\":\"ImageObject\",\"inLanguage\":\"es\",\"@id\":\"https:\\\/\\\/patagoniambiental.com.ar\\\/info\\\/#\\\/schema\\\/logo\\\/image\\\/\",\"url\":\"https:\\\/\\\/patagoniambiental.com.ar\\\/info\\\/wp-content\\\/uploads\\\/2025\\\/05\\\/LOGO-PATAGONIA-AMBIENTAL.png\",\"contentUrl\":\"https:\\\/\\\/patagoniambiental.com.ar\\\/info\\\/wp-content\\\/uploads\\\/2025\\\/05\\\/LOGO-PATAGONIA-AMBIENTAL.png\",\"width\":433,\"height\":250,\"caption\":\"Patagonia Ambiental\"},\"image\":{\"@id\":\"https:\\\/\\\/patagoniambiental.com.ar\\\/info\\\/#\\\/schema\\\/logo\\\/image\\\/\"},\"sameAs\":[\"https:\\\/\\\/www.facebook.com\\\/patagonia.ambiental\",\"https:\\\/\\\/x.com\\\/PatAmb\"]},{\"@type\":\"Person\",\"@id\":\"https:\\\/\\\/patagoniambiental.com.ar\\\/info\\\/#\\\/schema\\\/person\\\/db12bff64bbcbf6a253710bf0ea37b5d\",\"name\":\"Patagonia Ambiental\",\"description\":\"Andr\u00e9s Nievas T\u00e9cnico en manejo ambiental, consultor Ambiental y escritor para medios locales e internacionales sobre temas de geopolitica y medio ambiente.\",\"sameAs\":[\"http:\\\/\\\/www.patagoniambiental.com.ar\",\"https:\\\/\\\/www.facebook.com\\\/share\\\/1C1V8Gv9BX\\\/?mibextid=qi2Omg\",\"@patagoniambiental\",\"https:\\\/\\\/youtube.com\\\/@patagoniaambiental2023?si=BLt58t0wuXquxlYZ\"]}]}<\/script>\n<!-- \/ Yoast SEO Premium plugin. -->","yoast_head_json":{"title":"Roca suma ocho torres a su paisaje","robots":{"index":"index","follow":"follow","max-snippet":"max-snippet:-1","max-image-preview":"max-image-preview:large","max-video-preview":"max-video-preview:-1"},"canonical":"https:\/\/patagoniambiental.com.ar\/info\/roca-suma-ocho-torres-a-su-paisaje\/","og_locale":"es_ES","og_type":"article","og_title":"Roca suma ocho torres a su paisaje","og_description":"ROCA.-El escenario urbano cambia pero para el municipio local el desaf\u00edo es consolidar la planta urbana antes que pensar en [&hellip;]","og_url":"https:\/\/patagoniambiental.com.ar\/info\/roca-suma-ocho-torres-a-su-paisaje\/","og_site_name":"Patagonia Ambiental","article_publisher":"https:\/\/www.facebook.com\/patagonia.ambiental","article_author":"https:\/\/www.facebook.com\/share\/1C1V8Gv9BX\/?mibextid=qi2Omg","article_published_time":"2017-07-12T22:00:06+00:00","og_image":[{"width":660,"height":370,"url":"https:\/\/patagoniambiental.com.ar\/info\/wp-content\/uploads\/2017\/07\/image_content_8591799_20170710224213.jpg","type":"image\/jpeg"}],"author":"Patagonia Ambiental","twitter_card":"summary_large_image","twitter_creator":"@PatAmb","twitter_site":"@PatAmb","schema":{"@context":"https:\/\/schema.org","@graph":[{"@type":"Article","@id":"https:\/\/patagoniambiental.com.ar\/info\/roca-suma-ocho-torres-a-su-paisaje\/#article","isPartOf":{"@id":"https:\/\/patagoniambiental.com.ar\/info\/roca-suma-ocho-torres-a-su-paisaje\/"},"author":{"name":"Patagonia Ambiental","@id":"https:\/\/patagoniambiental.com.ar\/info\/#\/schema\/person\/db12bff64bbcbf6a253710bf0ea37b5d"},"headline":"Roca suma ocho torres a su paisaje","datePublished":"2017-07-12T22:00:06+00:00","mainEntityOfPage":{"@id":"https:\/\/patagoniambiental.com.ar\/info\/roca-suma-ocho-torres-a-su-paisaje\/"},"wordCount":952,"commentCount":0,"publisher":{"@id":"https:\/\/patagoniambiental.com.ar\/info\/#organization"},"image":{"@id":"https:\/\/patagoniambiental.com.ar\/info\/roca-suma-ocho-torres-a-su-paisaje\/#primaryimage"},"thumbnailUrl":"https:\/\/patagoniambiental.com.ar\/info\/wp-content\/uploads\/2017\/07\/image_content_8591799_20170710224213.jpg","articleSection":["Municipales","Noticias"],"inLanguage":"es","potentialAction":[{"@type":"CommentAction","name":"Comment","target":["https:\/\/patagoniambiental.com.ar\/info\/roca-suma-ocho-torres-a-su-paisaje\/#respond"]}]},{"@type":"WebPage","@id":"https:\/\/patagoniambiental.com.ar\/info\/roca-suma-ocho-torres-a-su-paisaje\/","url":"https:\/\/patagoniambiental.com.ar\/info\/roca-suma-ocho-torres-a-su-paisaje\/","name":"Roca suma ocho torres a su paisaje","isPartOf":{"@id":"https:\/\/patagoniambiental.com.ar\/info\/#website"},"primaryImageOfPage":{"@id":"https:\/\/patagoniambiental.com.ar\/info\/roca-suma-ocho-torres-a-su-paisaje\/#primaryimage"},"image":{"@id":"https:\/\/patagoniambiental.com.ar\/info\/roca-suma-ocho-torres-a-su-paisaje\/#primaryimage"},"thumbnailUrl":"https:\/\/patagoniambiental.com.ar\/info\/wp-content\/uploads\/2017\/07\/image_content_8591799_20170710224213.jpg","datePublished":"2017-07-12T22:00:06+00:00","breadcrumb":{"@id":"https:\/\/patagoniambiental.com.ar\/info\/roca-suma-ocho-torres-a-su-paisaje\/#breadcrumb"},"inLanguage":"es","potentialAction":[{"@type":"ReadAction","target":["https:\/\/patagoniambiental.com.ar\/info\/roca-suma-ocho-torres-a-su-paisaje\/"]}]},{"@type":"ImageObject","inLanguage":"es","@id":"https:\/\/patagoniambiental.com.ar\/info\/roca-suma-ocho-torres-a-su-paisaje\/#primaryimage","url":"https:\/\/patagoniambiental.com.ar\/info\/wp-content\/uploads\/2017\/07\/image_content_8591799_20170710224213.jpg","contentUrl":"https:\/\/patagoniambiental.com.ar\/info\/wp-content\/uploads\/2017\/07\/image_content_8591799_20170710224213.jpg","width":660,"height":370},{"@type":"BreadcrumbList","@id":"https:\/\/patagoniambiental.com.ar\/info\/roca-suma-ocho-torres-a-su-paisaje\/#breadcrumb","itemListElement":[{"@type":"ListItem","position":1,"name":"Inicio","item":"https:\/\/patagoniambiental.com.ar\/info\/"},{"@type":"ListItem","position":2,"name":"Roca suma ocho torres a su paisaje"}]},{"@type":"WebSite","@id":"https:\/\/patagoniambiental.com.ar\/info\/#website","url":"https:\/\/patagoniambiental.com.ar\/info\/","name":"Patagonia Ambiental","description":"Monitoreo y an\u00e1lisis de la situaci\u00f3n geopol\u00edtica en el mundo y su implicancia en la Patagonia","publisher":{"@id":"https:\/\/patagoniambiental.com.ar\/info\/#organization"},"potentialAction":[{"@type":"SearchAction","target":{"@type":"EntryPoint","urlTemplate":"https:\/\/patagoniambiental.com.ar\/info\/?s={search_term_string}"},"query-input":{"@type":"PropertyValueSpecification","valueRequired":true,"valueName":"search_term_string"}}],"inLanguage":"es"},{"@type":"Organization","@id":"https:\/\/patagoniambiental.com.ar\/info\/#organization","name":"Patagonia Ambiental","url":"https:\/\/patagoniambiental.com.ar\/info\/","logo":{"@type":"ImageObject","inLanguage":"es","@id":"https:\/\/patagoniambiental.com.ar\/info\/#\/schema\/logo\/image\/","url":"https:\/\/patagoniambiental.com.ar\/info\/wp-content\/uploads\/2025\/05\/LOGO-PATAGONIA-AMBIENTAL.png","contentUrl":"https:\/\/patagoniambiental.com.ar\/info\/wp-content\/uploads\/2025\/05\/LOGO-PATAGONIA-AMBIENTAL.png","width":433,"height":250,"caption":"Patagonia Ambiental"},"image":{"@id":"https:\/\/patagoniambiental.com.ar\/info\/#\/schema\/logo\/image\/"},"sameAs":["https:\/\/www.facebook.com\/patagonia.ambiental","https:\/\/x.com\/PatAmb"]},{"@type":"Person","@id":"https:\/\/patagoniambiental.com.ar\/info\/#\/schema\/person\/db12bff64bbcbf6a253710bf0ea37b5d","name":"Patagonia Ambiental","description":"Andr\u00e9s Nievas T\u00e9cnico en manejo ambiental, consultor Ambiental y escritor para medios locales e internacionales sobre temas de geopolitica y medio ambiente.","sameAs":["http:\/\/www.patagoniambiental.com.ar","https:\/\/www.facebook.com\/share\/1C1V8Gv9BX\/?mibextid=qi2Omg","@patagoniambiental","https:\/\/youtube.com\/@patagoniaambiental2023?si=BLt58t0wuXquxlYZ"]}]}},"_links":{"self":[{"href":"https:\/\/patagoniambiental.com.ar\/info\/wp-json\/wp\/v2\/posts\/31896","targetHints":{"allow":["GET"]}}],"collection":[{"href":"https:\/\/patagoniambiental.com.ar\/info\/wp-json\/wp\/v2\/posts"}],"about":[{"href":"https:\/\/patagoniambiental.com.ar\/info\/wp-json\/wp\/v2\/types\/post"}],"author":[{"embeddable":true,"href":"https:\/\/patagoniambiental.com.ar\/info\/wp-json\/wp\/v2\/users\/2"}],"replies":[{"embeddable":true,"href":"https:\/\/patagoniambiental.com.ar\/info\/wp-json\/wp\/v2\/comments?post=31896"}],"version-history":[{"count":0,"href":"https:\/\/patagoniambiental.com.ar\/info\/wp-json\/wp\/v2\/posts\/31896\/revisions"}],"wp:featuredmedia":[{"embeddable":true,"href":"https:\/\/patagoniambiental.com.ar\/info\/wp-json\/wp\/v2\/media\/31897"}],"wp:attachment":[{"href":"https:\/\/patagoniambiental.com.ar\/info\/wp-json\/wp\/v2\/media?parent=31896"}],"wp:term":[{"taxonomy":"category","embeddable":true,"href":"https:\/\/patagoniambiental.com.ar\/info\/wp-json\/wp\/v2\/categories?post=31896"},{"taxonomy":"post_tag","embeddable":true,"href":"https:\/\/patagoniambiental.com.ar\/info\/wp-json\/wp\/v2\/tags?post=31896"}],"curies":[{"name":"wp","href":"https:\/\/api.w.org\/{rel}","templated":true}]}}