{"id":31984,"date":"2017-07-13T19:00:03","date_gmt":"2017-07-13T22:00:03","guid":{"rendered":"http:\/\/patagoniambiental.com.ar\/info\/?p=31984"},"modified":"2017-07-12T13:20:06","modified_gmt":"2017-07-12T16:20:06","slug":"aumento-en-el-nivel-del-mar-afectaria-a-la-poblacion-mundial-que-vive-en-zonas-costeras","status":"publish","type":"post","link":"https:\/\/patagoniambiental.com.ar\/info\/aumento-en-el-nivel-del-mar-afectaria-a-la-poblacion-mundial-que-vive-en-zonas-costeras\/","title":{"rendered":"Aumento en el nivel del mar afectar\u00eda a la poblaci\u00f3n mundial que vive en zonas costeras"},"content":{"rendered":"<p class=\"blockquote\">Estados Unidos.-El aumento del nivel del mar supone un grave riesgo para una gran parte de la poblaci\u00f3n mundial que vive en zonas costeras, pudiendo ocasionar inundaciones, p\u00e9rdida de h\u00e1bitats naturales, infraestructuras e incluso la desaparici\u00f3n de islas.<!--more--><\/p>\n<div class=\"sing-info\"><em class=\"autor\"><i class=\"fa fa-user\"><\/i>\u00a0EFE\/Nueva York<\/em><em class=\"publicacion pull-right\"><i class=\"fa fa-calendar\"><\/i>11\/07\/2017<\/em><\/div>\n<div class=\"row\">\n<div class=\"col-md-12\"><img fetchpriority=\"high\" decoding=\"async\" class=\"img-responsive wp-post-image\" src=\"http:\/\/s3.laprensa.com.ni-bq.s3-us-west-2.amazonaws.com\/wp-content\/uploads\/2017\/07\/11131528\/Inundacion-2-750x486.jpg\" sizes=\"(max-width: 750px) 100vw, 750px\" srcset=\"http:\/\/s3.laprensa.com.ni-bq.s3-us-west-2.amazonaws.com\/wp-content\/uploads\/2017\/07\/11131528\/Inundacion-2-750x486.jpg 750w, http:\/\/s3.laprensa.com.ni-bq.s3-us-west-2.amazonaws.com\/wp-content\/uploads\/2017\/07\/11131528\/Inundacion-2-125x80.jpg 125w\" alt=\"\" width=\"750\" height=\"486\" \/><\/p>\n<div class=\"sing-fotoinfo\">\n<p>Los oc\u00e9anos nos est\u00e1n haciendo un gran favor. Absorben una gran cantidad del calor de la atm\u00f3sfera y de emisiones de di\u00f3xido de carbono. LA PRENSA\/EFE<\/p>\n<\/div>\n<\/div>\n<\/div>\n<div class=\"row\">\n<div class=\"col-sm-12\">\n<div class=\"sing-contenido\">El aumento del nivel del mar supone un grave riesgo para una gran parte de la poblaci\u00f3n mundial que vive en zonas costeras, pudiendo ocasionar inundaciones, p\u00e9rdida de h\u00e1bitats naturales, infraestructuras e incluso la desaparici\u00f3n de islas.Esta fue la advertencia lanzada este martes por un grupo de expertos en una conferencia internacional organizada por el Programa Mundial de Investigaciones Cient\u00edficas y la Unesco, que arranc\u00f3 este lunes en la Universidad de Columbia (Nueva York).<\/p>\n<div class=\"adscontenido\"><\/div>\n<p><strong>Le puede interesar: \u00a0<a href=\"http:\/\/www.laprensa.com.ni\/2017\/06\/23\/ciencia\/2251429-lo-le-puede-ensenar-holanda-america-latina-resto-del-mundo-adaptarse-al-cambio-climatico\">Lo que le puede ense\u00f1ar Holanda a Am\u00e9rica Latina y el resto del mundo sobre c\u00f3mo adaptarse al cambio clim\u00e1tico<\/a><\/strong>\u201cLas proyecciones futuras sobre la subida del nivel del mar amenazan la existencia de muchos estados soberanos y tienen implicaciones en la migraci\u00f3n global, la seguridad alimentaria y las infraestructuras costeras\u201d, dijo el presidente de la Asamblea General de la ONU, Peter Thompson, en la apertura del congreso.<\/p>\n<h3>Comunidades costeras<\/h3>\n<p>El simposio, titulado \u201cVariaciones regionales del nivel del mar y su impacto en zonas costeras\u201d, tiene como objetivo facilitar a los pa\u00edses y comunidades costeras la informaci\u00f3n m\u00e1s reciente sobre este fen\u00f3meno y los procesos ambientales que lo originan, con el fin de adaptarse a sus efectos adversos y ofrecer soluciones pr\u00e1cticas.\u201cHemos observado los efectos del cambio clim\u00e1tico en los mantos de hielo de la Ant\u00e1rtida, que presentan m\u00faltiples periodos de inestabilidad y al derretirse elevan el nivel del mar\u201d, advirti\u00f3 Val\u00e9rie Masson Delmotte, miembro del Grupo Intergubernamental de Expertos sobre el Cambio Clim\u00e1tico.<img decoding=\"async\" class=\"aligncenter wp-image-2261261\" src=\"http:\/\/gep90.laprensa.com.ni\/wp-content\/uploads\/2017\/07\/Inundaci%C3%B3n-EFE.jpg\" sizes=\"(max-width: 700px) 100vw, 700px\" srcset=\"http:\/\/s3.laprensa.com.ni-bq.s3-us-west-2.amazonaws.com\/wp-content\/uploads\/2017\/07\/11131442\/Inundaci%C3%B3n-EFE.jpg 947w, http:\/\/s3.laprensa.com.ni-bq.s3-us-west-2.amazonaws.com\/wp-content\/uploads\/2017\/07\/11131442\/Inundaci%C3%B3n-EFE-300x195.jpg 300w, http:\/\/s3.laprensa.com.ni-bq.s3-us-west-2.amazonaws.com\/wp-content\/uploads\/2017\/07\/11131442\/Inundaci%C3%B3n-EFE-768x500.jpg 768w, http:\/\/s3.laprensa.com.ni-bq.s3-us-west-2.amazonaws.com\/wp-content\/uploads\/2017\/07\/11131442\/Inundaci%C3%B3n-EFE-188x122.jpg 188w, http:\/\/s3.laprensa.com.ni-bq.s3-us-west-2.amazonaws.com\/wp-content\/uploads\/2017\/07\/11131442\/Inundaci%C3%B3n-EFE-125x80.jpg 125w\" alt=\"\" width=\"700\" height=\"455\" \/><strong>Lea tambi\u00e9n:\u00a0<a href=\"http:\/\/www.laprensa.com.ni\/2017\/06\/28\/economia\/2253801-centroamerica-se-adapta-al-cambio-climatico-con-las-unas-el-mundo-le-da-migajas\">Centroam\u00e9rica se adapta al cambio clim\u00e1tico con \u201clas u\u00f1as\u201d: el mundo le da \u201cmigajas\u201d<\/a><\/strong>Seg\u00fan estos expertos, desde mediados del siglo XX el nivel del mar est\u00e1 aumentando de forma acelerada como consecuencia del calentamiento global, causado principalmente por la emisi\u00f3n de gases de efecto invernadero procedentes de la actividad humana.Muchas de las ciudades y \u00e1reas econ\u00f3micas m\u00e1s importantes del mundo se encuentran situadas a lo largo de las costas y las proyecciones m\u00e1s alarmantes estiman que un peque\u00f1o aumento del nivel de los oc\u00e9anos puede causar temporales devastadores e inundar grandes zonas urbanas como Londres o Los \u00c1ngeles.<\/p>\n<h3>Base cient\u00edfica<\/h3>\n<p>En este sentido, Masson insisti\u00f3 en la importancia de realizar evaluaciones del posible impacto y disponer de \u201cinformaci\u00f3n de base cient\u00edfica\u201d para guiar la adaptaci\u00f3n de los gobiernos a escala regional.\u201cEsta informaci\u00f3n es esencial para planificar de cara al futuro. Pa\u00edses como Holanda ya disponen de tecnolog\u00eda y planes de protecci\u00f3n de sus ciudades, pero hay muchos estados vulnerables que no los tienen\u201d a\u00f1adi\u00f3 el profesor de la Universidad de Southampton Robert Nicholls.<strong>Lea adem\u00e1s:\u00a0<a href=\"http:\/\/www.laprensa.com.ni\/2017\/06\/19\/ciencia\/2249298-la-olas-calor-continuaran-aumentando-la-emision-gases\">La olas de calor continuar\u00e1n aumentando por la emisi\u00f3n de gases<\/a><\/strong>De acuerdo con el investigador de la Universidad de Columbia Peter Schlosser, la subida de la temperatura de la superficie de la tierra acelera el deshielo de los glaciares y los casquetes polares y, de este modo, incrementa el flujo de agua hacia los oc\u00e9anos.\u201cLos oc\u00e9anos nos est\u00e1n haciendo un gran favor. Absorben una gran cantidad del calor de la atm\u00f3sfera y de emisiones de di\u00f3xido de carbono, pero el precio a pagar es la subida del nivel del mar y con ello la destrucci\u00f3n de ecosistemas\u201d, afirm\u00f3 Schlosser.<\/p>\n<h3>Destrucci\u00f3n de ecosistemas<\/h3>\n<p>En esta conferencia, que tendr\u00e1 lugar hasta el 14 de julio, destacados cient\u00edficos, urbanistas, representantes gubernamentales y gestores de zonas costeras debaten la manera de reforzar la adaptaci\u00f3n a factores como la dilataci\u00f3n t\u00e9rmica oce\u00e1nica, la fusi\u00f3n de los glaciares y mantos de hielo y otros fen\u00f3menos geol\u00f3gicos.As\u00ed, durante esta semana analizar\u00e1n, entre otras cuestiones, las lecciones aprendidas del hurac\u00e1n Sandy, que en octubre de 2012 caus\u00f3 da\u00f1os generalizados en viviendas e infraestructuras, as\u00ed como miles de millones de d\u00f3lares en p\u00e9rdidas econ\u00f3micas y humanas.<\/p><\/div>\n<\/div>\n<div>Fuente:\u00a0http:\/\/www.laprensa.com.ni\/2017\/07\/11\/ciencia\/2261256-aumento-en-el-nivel-del-mar-afectaria-a-la-poblacion-mundial-que-vive-en-zonas-costeras<\/div>\n<\/div>\n","protected":false},"excerpt":{"rendered":"<p>Estados Unidos.-El aumento del nivel del mar supone un grave riesgo para una gran parte de la poblaci\u00f3n mundial que [&hellip;]<\/p>\n","protected":false},"author":2,"featured_media":31985,"comment_status":"open","ping_status":"open","sticky":false,"template":"","format":"standard","meta":{"site-sidebar-layout":"default","site-content-layout":"","ast-site-content-layout":"default","site-content-style":"default","site-sidebar-style":"default","ast-global-header-display":"","ast-banner-title-visibility":"","ast-main-header-display":"","ast-hfb-above-header-display":"","ast-hfb-below-header-display":"","ast-hfb-mobile-header-display":"","site-post-title":"","ast-breadcrumbs-content":"","ast-featured-img":"","footer-sml-layout":"","ast-disable-related-posts":"","theme-transparent-header-meta":"","adv-header-id-meta":"","stick-header-meta":"","header-above-stick-meta":"","header-main-stick-meta":"","header-below-stick-meta":"","astra-migrate-meta-layouts":"default","ast-page-background-enabled":"default","ast-page-background-meta":{"desktop":{"background-color":"var(--ast-global-color-5)","background-image":"","background-repeat":"repeat","background-position":"center center","background-size":"auto","background-attachment":"scroll","background-type":"","background-media":"","overlay-type":"","overlay-color":"","overlay-opacity":"","overlay-gradient":""},"tablet":{"background-color":"","background-image":"","background-repeat":"repeat","background-position":"center center","background-size":"auto","background-attachment":"scroll","background-type":"","background-media":"","overlay-type":"","overlay-color":"","overlay-opacity":"","overlay-gradient":""},"mobile":{"background-color":"","background-image":"","background-repeat":"repeat","background-position":"center center","background-size":"auto","background-attachment":"scroll","background-type":"","background-media":"","overlay-type":"","overlay-color":"","overlay-opacity":"","overlay-gradient":""}},"ast-content-background-meta":{"desktop":{"background-color":"var(--ast-global-color-4)","background-image":"","background-repeat":"repeat","background-position":"center center","background-size":"auto","background-attachment":"scroll","background-type":"","background-media":"","overlay-type":"","overlay-color":"","overlay-opacity":"","overlay-gradient":""},"tablet":{"background-color":"var(--ast-global-color-4)","background-image":"","background-repeat":"repeat","background-position":"center center","background-size":"auto","background-attachment":"scroll","background-type":"","background-media":"","overlay-type":"","overlay-color":"","overlay-opacity":"","overlay-gradient":""},"mobile":{"background-color":"var(--ast-global-color-4)","background-image":"","background-repeat":"repeat","background-position":"center center","background-size":"auto","background-attachment":"scroll","background-type":"","background-media":"","overlay-type":"","overlay-color":"","overlay-opacity":"","overlay-gradient":""}},"footnotes":""},"categories":[23,1],"tags":[],"class_list":["post-31984","post","type-post","status-publish","format-standard","has-post-thumbnail","hentry","category-internacionales","category-noticias"],"yoast_head":"<!-- This site is optimized with the Yoast SEO Premium plugin v23.0 (Yoast SEO v27.4) - https:\/\/yoast.com\/product\/yoast-seo-premium-wordpress\/ -->\n<title>Aumento en el nivel del mar afectar\u00eda a la poblaci\u00f3n mundial que vive en zonas costeras<\/title>\n<meta name=\"robots\" content=\"index, follow, max-snippet:-1, max-image-preview:large, max-video-preview:-1\" \/>\n<link rel=\"canonical\" href=\"https:\/\/patagoniambiental.com.ar\/info\/aumento-en-el-nivel-del-mar-afectaria-a-la-poblacion-mundial-que-vive-en-zonas-costeras\/\" \/>\n<meta property=\"og:locale\" content=\"es_ES\" \/>\n<meta property=\"og:type\" content=\"article\" \/>\n<meta property=\"og:title\" content=\"Aumento en el nivel del mar afectar\u00eda a la poblaci\u00f3n mundial que vive en zonas costeras\" \/>\n<meta property=\"og:description\" content=\"Estados Unidos.-El aumento del nivel del mar supone un grave riesgo para una gran parte de la poblaci\u00f3n mundial que [&hellip;]\" \/>\n<meta property=\"og:url\" content=\"https:\/\/patagoniambiental.com.ar\/info\/aumento-en-el-nivel-del-mar-afectaria-a-la-poblacion-mundial-que-vive-en-zonas-costeras\/\" \/>\n<meta property=\"og:site_name\" content=\"Patagonia Ambiental\" \/>\n<meta property=\"article:publisher\" content=\"https:\/\/www.facebook.com\/patagonia.ambiental\" \/>\n<meta property=\"article:author\" content=\"https:\/\/www.facebook.com\/share\/1C1V8Gv9BX\/?mibextid=qi2Omg\" \/>\n<meta property=\"article:published_time\" content=\"2017-07-13T22:00:03+00:00\" \/>\n<meta property=\"og:image\" content=\"https:\/\/patagoniambiental.com.ar\/info\/wp-content\/uploads\/2017\/07\/Inundacion-2-750x486.jpg\" \/>\n\t<meta property=\"og:image:width\" content=\"750\" \/>\n\t<meta property=\"og:image:height\" content=\"486\" \/>\n\t<meta property=\"og:image:type\" content=\"image\/jpeg\" \/>\n<meta name=\"author\" content=\"Patagonia Ambiental\" \/>\n<meta name=\"twitter:card\" content=\"summary_large_image\" \/>\n<meta name=\"twitter:creator\" content=\"@PatAmb\" \/>\n<meta name=\"twitter:site\" content=\"@PatAmb\" \/>\n<script type=\"application\/ld+json\" class=\"yoast-schema-graph\">{\"@context\":\"https:\\\/\\\/schema.org\",\"@graph\":[{\"@type\":\"Article\",\"@id\":\"https:\\\/\\\/patagoniambiental.com.ar\\\/info\\\/aumento-en-el-nivel-del-mar-afectaria-a-la-poblacion-mundial-que-vive-en-zonas-costeras\\\/#article\",\"isPartOf\":{\"@id\":\"https:\\\/\\\/patagoniambiental.com.ar\\\/info\\\/aumento-en-el-nivel-del-mar-afectaria-a-la-poblacion-mundial-que-vive-en-zonas-costeras\\\/\"},\"author\":{\"name\":\"Patagonia Ambiental\",\"@id\":\"https:\\\/\\\/patagoniambiental.com.ar\\\/info\\\/#\\\/schema\\\/person\\\/db12bff64bbcbf6a253710bf0ea37b5d\"},\"headline\":\"Aumento en el nivel del mar afectar\u00eda a la poblaci\u00f3n mundial que vive en zonas costeras\",\"datePublished\":\"2017-07-13T22:00:03+00:00\",\"mainEntityOfPage\":{\"@id\":\"https:\\\/\\\/patagoniambiental.com.ar\\\/info\\\/aumento-en-el-nivel-del-mar-afectaria-a-la-poblacion-mundial-que-vive-en-zonas-costeras\\\/\"},\"wordCount\":778,\"commentCount\":0,\"publisher\":{\"@id\":\"https:\\\/\\\/patagoniambiental.com.ar\\\/info\\\/#organization\"},\"image\":{\"@id\":\"https:\\\/\\\/patagoniambiental.com.ar\\\/info\\\/aumento-en-el-nivel-del-mar-afectaria-a-la-poblacion-mundial-que-vive-en-zonas-costeras\\\/#primaryimage\"},\"thumbnailUrl\":\"https:\\\/\\\/patagoniambiental.com.ar\\\/info\\\/wp-content\\\/uploads\\\/2017\\\/07\\\/Inundacion-2-750x486.jpg\",\"articleSection\":[\"Internacionales\",\"Noticias\"],\"inLanguage\":\"es\",\"potentialAction\":[{\"@type\":\"CommentAction\",\"name\":\"Comment\",\"target\":[\"https:\\\/\\\/patagoniambiental.com.ar\\\/info\\\/aumento-en-el-nivel-del-mar-afectaria-a-la-poblacion-mundial-que-vive-en-zonas-costeras\\\/#respond\"]}]},{\"@type\":\"WebPage\",\"@id\":\"https:\\\/\\\/patagoniambiental.com.ar\\\/info\\\/aumento-en-el-nivel-del-mar-afectaria-a-la-poblacion-mundial-que-vive-en-zonas-costeras\\\/\",\"url\":\"https:\\\/\\\/patagoniambiental.com.ar\\\/info\\\/aumento-en-el-nivel-del-mar-afectaria-a-la-poblacion-mundial-que-vive-en-zonas-costeras\\\/\",\"name\":\"Aumento en el nivel del mar afectar\u00eda a la poblaci\u00f3n mundial que vive en zonas costeras\",\"isPartOf\":{\"@id\":\"https:\\\/\\\/patagoniambiental.com.ar\\\/info\\\/#website\"},\"primaryImageOfPage\":{\"@id\":\"https:\\\/\\\/patagoniambiental.com.ar\\\/info\\\/aumento-en-el-nivel-del-mar-afectaria-a-la-poblacion-mundial-que-vive-en-zonas-costeras\\\/#primaryimage\"},\"image\":{\"@id\":\"https:\\\/\\\/patagoniambiental.com.ar\\\/info\\\/aumento-en-el-nivel-del-mar-afectaria-a-la-poblacion-mundial-que-vive-en-zonas-costeras\\\/#primaryimage\"},\"thumbnailUrl\":\"https:\\\/\\\/patagoniambiental.com.ar\\\/info\\\/wp-content\\\/uploads\\\/2017\\\/07\\\/Inundacion-2-750x486.jpg\",\"datePublished\":\"2017-07-13T22:00:03+00:00\",\"breadcrumb\":{\"@id\":\"https:\\\/\\\/patagoniambiental.com.ar\\\/info\\\/aumento-en-el-nivel-del-mar-afectaria-a-la-poblacion-mundial-que-vive-en-zonas-costeras\\\/#breadcrumb\"},\"inLanguage\":\"es\",\"potentialAction\":[{\"@type\":\"ReadAction\",\"target\":[\"https:\\\/\\\/patagoniambiental.com.ar\\\/info\\\/aumento-en-el-nivel-del-mar-afectaria-a-la-poblacion-mundial-que-vive-en-zonas-costeras\\\/\"]}]},{\"@type\":\"ImageObject\",\"inLanguage\":\"es\",\"@id\":\"https:\\\/\\\/patagoniambiental.com.ar\\\/info\\\/aumento-en-el-nivel-del-mar-afectaria-a-la-poblacion-mundial-que-vive-en-zonas-costeras\\\/#primaryimage\",\"url\":\"https:\\\/\\\/patagoniambiental.com.ar\\\/info\\\/wp-content\\\/uploads\\\/2017\\\/07\\\/Inundacion-2-750x486.jpg\",\"contentUrl\":\"https:\\\/\\\/patagoniambiental.com.ar\\\/info\\\/wp-content\\\/uploads\\\/2017\\\/07\\\/Inundacion-2-750x486.jpg\",\"width\":750,\"height\":486},{\"@type\":\"BreadcrumbList\",\"@id\":\"https:\\\/\\\/patagoniambiental.com.ar\\\/info\\\/aumento-en-el-nivel-del-mar-afectaria-a-la-poblacion-mundial-que-vive-en-zonas-costeras\\\/#breadcrumb\",\"itemListElement\":[{\"@type\":\"ListItem\",\"position\":1,\"name\":\"Inicio\",\"item\":\"https:\\\/\\\/patagoniambiental.com.ar\\\/info\\\/\"},{\"@type\":\"ListItem\",\"position\":2,\"name\":\"Aumento en el nivel del mar afectar\u00eda a la poblaci\u00f3n mundial que vive en zonas costeras\"}]},{\"@type\":\"WebSite\",\"@id\":\"https:\\\/\\\/patagoniambiental.com.ar\\\/info\\\/#website\",\"url\":\"https:\\\/\\\/patagoniambiental.com.ar\\\/info\\\/\",\"name\":\"Patagonia Ambiental\",\"description\":\"Monitoreo y an\u00e1lisis de la situaci\u00f3n geopol\u00edtica en el mundo y su implicancia en la Patagonia\",\"publisher\":{\"@id\":\"https:\\\/\\\/patagoniambiental.com.ar\\\/info\\\/#organization\"},\"potentialAction\":[{\"@type\":\"SearchAction\",\"target\":{\"@type\":\"EntryPoint\",\"urlTemplate\":\"https:\\\/\\\/patagoniambiental.com.ar\\\/info\\\/?s={search_term_string}\"},\"query-input\":{\"@type\":\"PropertyValueSpecification\",\"valueRequired\":true,\"valueName\":\"search_term_string\"}}],\"inLanguage\":\"es\"},{\"@type\":\"Organization\",\"@id\":\"https:\\\/\\\/patagoniambiental.com.ar\\\/info\\\/#organization\",\"name\":\"Patagonia Ambiental\",\"url\":\"https:\\\/\\\/patagoniambiental.com.ar\\\/info\\\/\",\"logo\":{\"@type\":\"ImageObject\",\"inLanguage\":\"es\",\"@id\":\"https:\\\/\\\/patagoniambiental.com.ar\\\/info\\\/#\\\/schema\\\/logo\\\/image\\\/\",\"url\":\"https:\\\/\\\/patagoniambiental.com.ar\\\/info\\\/wp-content\\\/uploads\\\/2025\\\/05\\\/LOGO-PATAGONIA-AMBIENTAL.png\",\"contentUrl\":\"https:\\\/\\\/patagoniambiental.com.ar\\\/info\\\/wp-content\\\/uploads\\\/2025\\\/05\\\/LOGO-PATAGONIA-AMBIENTAL.png\",\"width\":433,\"height\":250,\"caption\":\"Patagonia Ambiental\"},\"image\":{\"@id\":\"https:\\\/\\\/patagoniambiental.com.ar\\\/info\\\/#\\\/schema\\\/logo\\\/image\\\/\"},\"sameAs\":[\"https:\\\/\\\/www.facebook.com\\\/patagonia.ambiental\",\"https:\\\/\\\/x.com\\\/PatAmb\"]},{\"@type\":\"Person\",\"@id\":\"https:\\\/\\\/patagoniambiental.com.ar\\\/info\\\/#\\\/schema\\\/person\\\/db12bff64bbcbf6a253710bf0ea37b5d\",\"name\":\"Patagonia Ambiental\",\"description\":\"Andr\u00e9s Nievas T\u00e9cnico en manejo ambiental, consultor Ambiental y escritor para medios locales e internacionales sobre temas de geopolitica y medio ambiente.\",\"sameAs\":[\"http:\\\/\\\/www.patagoniambiental.com.ar\",\"https:\\\/\\\/www.facebook.com\\\/share\\\/1C1V8Gv9BX\\\/?mibextid=qi2Omg\",\"@patagoniambiental\",\"https:\\\/\\\/youtube.com\\\/@patagoniaambiental2023?si=BLt58t0wuXquxlYZ\"]}]}<\/script>\n<!-- \/ Yoast SEO Premium plugin. -->","yoast_head_json":{"title":"Aumento en el nivel del mar afectar\u00eda a la poblaci\u00f3n mundial que vive en zonas costeras","robots":{"index":"index","follow":"follow","max-snippet":"max-snippet:-1","max-image-preview":"max-image-preview:large","max-video-preview":"max-video-preview:-1"},"canonical":"https:\/\/patagoniambiental.com.ar\/info\/aumento-en-el-nivel-del-mar-afectaria-a-la-poblacion-mundial-que-vive-en-zonas-costeras\/","og_locale":"es_ES","og_type":"article","og_title":"Aumento en el nivel del mar afectar\u00eda a la poblaci\u00f3n mundial que vive en zonas costeras","og_description":"Estados Unidos.-El aumento del nivel del mar supone un grave riesgo para una gran parte de la poblaci\u00f3n mundial que [&hellip;]","og_url":"https:\/\/patagoniambiental.com.ar\/info\/aumento-en-el-nivel-del-mar-afectaria-a-la-poblacion-mundial-que-vive-en-zonas-costeras\/","og_site_name":"Patagonia Ambiental","article_publisher":"https:\/\/www.facebook.com\/patagonia.ambiental","article_author":"https:\/\/www.facebook.com\/share\/1C1V8Gv9BX\/?mibextid=qi2Omg","article_published_time":"2017-07-13T22:00:03+00:00","og_image":[{"width":750,"height":486,"url":"https:\/\/patagoniambiental.com.ar\/info\/wp-content\/uploads\/2017\/07\/Inundacion-2-750x486.jpg","type":"image\/jpeg"}],"author":"Patagonia Ambiental","twitter_card":"summary_large_image","twitter_creator":"@PatAmb","twitter_site":"@PatAmb","schema":{"@context":"https:\/\/schema.org","@graph":[{"@type":"Article","@id":"https:\/\/patagoniambiental.com.ar\/info\/aumento-en-el-nivel-del-mar-afectaria-a-la-poblacion-mundial-que-vive-en-zonas-costeras\/#article","isPartOf":{"@id":"https:\/\/patagoniambiental.com.ar\/info\/aumento-en-el-nivel-del-mar-afectaria-a-la-poblacion-mundial-que-vive-en-zonas-costeras\/"},"author":{"name":"Patagonia Ambiental","@id":"https:\/\/patagoniambiental.com.ar\/info\/#\/schema\/person\/db12bff64bbcbf6a253710bf0ea37b5d"},"headline":"Aumento en el nivel del mar afectar\u00eda a la poblaci\u00f3n mundial que vive en zonas costeras","datePublished":"2017-07-13T22:00:03+00:00","mainEntityOfPage":{"@id":"https:\/\/patagoniambiental.com.ar\/info\/aumento-en-el-nivel-del-mar-afectaria-a-la-poblacion-mundial-que-vive-en-zonas-costeras\/"},"wordCount":778,"commentCount":0,"publisher":{"@id":"https:\/\/patagoniambiental.com.ar\/info\/#organization"},"image":{"@id":"https:\/\/patagoniambiental.com.ar\/info\/aumento-en-el-nivel-del-mar-afectaria-a-la-poblacion-mundial-que-vive-en-zonas-costeras\/#primaryimage"},"thumbnailUrl":"https:\/\/patagoniambiental.com.ar\/info\/wp-content\/uploads\/2017\/07\/Inundacion-2-750x486.jpg","articleSection":["Internacionales","Noticias"],"inLanguage":"es","potentialAction":[{"@type":"CommentAction","name":"Comment","target":["https:\/\/patagoniambiental.com.ar\/info\/aumento-en-el-nivel-del-mar-afectaria-a-la-poblacion-mundial-que-vive-en-zonas-costeras\/#respond"]}]},{"@type":"WebPage","@id":"https:\/\/patagoniambiental.com.ar\/info\/aumento-en-el-nivel-del-mar-afectaria-a-la-poblacion-mundial-que-vive-en-zonas-costeras\/","url":"https:\/\/patagoniambiental.com.ar\/info\/aumento-en-el-nivel-del-mar-afectaria-a-la-poblacion-mundial-que-vive-en-zonas-costeras\/","name":"Aumento en el nivel del mar afectar\u00eda a la poblaci\u00f3n mundial que vive en zonas costeras","isPartOf":{"@id":"https:\/\/patagoniambiental.com.ar\/info\/#website"},"primaryImageOfPage":{"@id":"https:\/\/patagoniambiental.com.ar\/info\/aumento-en-el-nivel-del-mar-afectaria-a-la-poblacion-mundial-que-vive-en-zonas-costeras\/#primaryimage"},"image":{"@id":"https:\/\/patagoniambiental.com.ar\/info\/aumento-en-el-nivel-del-mar-afectaria-a-la-poblacion-mundial-que-vive-en-zonas-costeras\/#primaryimage"},"thumbnailUrl":"https:\/\/patagoniambiental.com.ar\/info\/wp-content\/uploads\/2017\/07\/Inundacion-2-750x486.jpg","datePublished":"2017-07-13T22:00:03+00:00","breadcrumb":{"@id":"https:\/\/patagoniambiental.com.ar\/info\/aumento-en-el-nivel-del-mar-afectaria-a-la-poblacion-mundial-que-vive-en-zonas-costeras\/#breadcrumb"},"inLanguage":"es","potentialAction":[{"@type":"ReadAction","target":["https:\/\/patagoniambiental.com.ar\/info\/aumento-en-el-nivel-del-mar-afectaria-a-la-poblacion-mundial-que-vive-en-zonas-costeras\/"]}]},{"@type":"ImageObject","inLanguage":"es","@id":"https:\/\/patagoniambiental.com.ar\/info\/aumento-en-el-nivel-del-mar-afectaria-a-la-poblacion-mundial-que-vive-en-zonas-costeras\/#primaryimage","url":"https:\/\/patagoniambiental.com.ar\/info\/wp-content\/uploads\/2017\/07\/Inundacion-2-750x486.jpg","contentUrl":"https:\/\/patagoniambiental.com.ar\/info\/wp-content\/uploads\/2017\/07\/Inundacion-2-750x486.jpg","width":750,"height":486},{"@type":"BreadcrumbList","@id":"https:\/\/patagoniambiental.com.ar\/info\/aumento-en-el-nivel-del-mar-afectaria-a-la-poblacion-mundial-que-vive-en-zonas-costeras\/#breadcrumb","itemListElement":[{"@type":"ListItem","position":1,"name":"Inicio","item":"https:\/\/patagoniambiental.com.ar\/info\/"},{"@type":"ListItem","position":2,"name":"Aumento en el nivel del mar afectar\u00eda a la poblaci\u00f3n mundial que vive en zonas costeras"}]},{"@type":"WebSite","@id":"https:\/\/patagoniambiental.com.ar\/info\/#website","url":"https:\/\/patagoniambiental.com.ar\/info\/","name":"Patagonia Ambiental","description":"Monitoreo y an\u00e1lisis de la situaci\u00f3n geopol\u00edtica en el mundo y su implicancia en la Patagonia","publisher":{"@id":"https:\/\/patagoniambiental.com.ar\/info\/#organization"},"potentialAction":[{"@type":"SearchAction","target":{"@type":"EntryPoint","urlTemplate":"https:\/\/patagoniambiental.com.ar\/info\/?s={search_term_string}"},"query-input":{"@type":"PropertyValueSpecification","valueRequired":true,"valueName":"search_term_string"}}],"inLanguage":"es"},{"@type":"Organization","@id":"https:\/\/patagoniambiental.com.ar\/info\/#organization","name":"Patagonia Ambiental","url":"https:\/\/patagoniambiental.com.ar\/info\/","logo":{"@type":"ImageObject","inLanguage":"es","@id":"https:\/\/patagoniambiental.com.ar\/info\/#\/schema\/logo\/image\/","url":"https:\/\/patagoniambiental.com.ar\/info\/wp-content\/uploads\/2025\/05\/LOGO-PATAGONIA-AMBIENTAL.png","contentUrl":"https:\/\/patagoniambiental.com.ar\/info\/wp-content\/uploads\/2025\/05\/LOGO-PATAGONIA-AMBIENTAL.png","width":433,"height":250,"caption":"Patagonia Ambiental"},"image":{"@id":"https:\/\/patagoniambiental.com.ar\/info\/#\/schema\/logo\/image\/"},"sameAs":["https:\/\/www.facebook.com\/patagonia.ambiental","https:\/\/x.com\/PatAmb"]},{"@type":"Person","@id":"https:\/\/patagoniambiental.com.ar\/info\/#\/schema\/person\/db12bff64bbcbf6a253710bf0ea37b5d","name":"Patagonia Ambiental","description":"Andr\u00e9s Nievas T\u00e9cnico en manejo ambiental, consultor Ambiental y escritor para medios locales e internacionales sobre temas de geopolitica y medio ambiente.","sameAs":["http:\/\/www.patagoniambiental.com.ar","https:\/\/www.facebook.com\/share\/1C1V8Gv9BX\/?mibextid=qi2Omg","@patagoniambiental","https:\/\/youtube.com\/@patagoniaambiental2023?si=BLt58t0wuXquxlYZ"]}]}},"_links":{"self":[{"href":"https:\/\/patagoniambiental.com.ar\/info\/wp-json\/wp\/v2\/posts\/31984","targetHints":{"allow":["GET"]}}],"collection":[{"href":"https:\/\/patagoniambiental.com.ar\/info\/wp-json\/wp\/v2\/posts"}],"about":[{"href":"https:\/\/patagoniambiental.com.ar\/info\/wp-json\/wp\/v2\/types\/post"}],"author":[{"embeddable":true,"href":"https:\/\/patagoniambiental.com.ar\/info\/wp-json\/wp\/v2\/users\/2"}],"replies":[{"embeddable":true,"href":"https:\/\/patagoniambiental.com.ar\/info\/wp-json\/wp\/v2\/comments?post=31984"}],"version-history":[{"count":0,"href":"https:\/\/patagoniambiental.com.ar\/info\/wp-json\/wp\/v2\/posts\/31984\/revisions"}],"wp:featuredmedia":[{"embeddable":true,"href":"https:\/\/patagoniambiental.com.ar\/info\/wp-json\/wp\/v2\/media\/31985"}],"wp:attachment":[{"href":"https:\/\/patagoniambiental.com.ar\/info\/wp-json\/wp\/v2\/media?parent=31984"}],"wp:term":[{"taxonomy":"category","embeddable":true,"href":"https:\/\/patagoniambiental.com.ar\/info\/wp-json\/wp\/v2\/categories?post=31984"},{"taxonomy":"post_tag","embeddable":true,"href":"https:\/\/patagoniambiental.com.ar\/info\/wp-json\/wp\/v2\/tags?post=31984"}],"curies":[{"name":"wp","href":"https:\/\/api.w.org\/{rel}","templated":true}]}}