{"id":32007,"date":"2017-07-15T19:00:33","date_gmt":"2017-07-15T22:00:33","guid":{"rendered":"http:\/\/patagoniambiental.com.ar\/info\/?p=32007"},"modified":"2017-07-12T16:53:36","modified_gmt":"2017-07-12T19:53:36","slug":"se-licita-una-planta-de-tratamiento-de-camiones-atmosfericos-para-bariloche","status":"publish","type":"post","link":"https:\/\/patagoniambiental.com.ar\/info\/se-licita-una-planta-de-tratamiento-de-camiones-atmosfericos-para-bariloche\/","title":{"rendered":"Se licita una planta de tratamiento de camiones atmosf\u00e9ricos para Bariloche"},"content":{"rendered":"<div dir=\"ltr\"><i>Bariloche.-La apertura de ofertas se realiz\u00f3 la semana pasada en Buenos Aires, encabezada por el Ente Nacional de Obras H\u00eddricas y de Saneamiento (ENOHSA). <\/i><\/div>\n<p><!--more--><\/p>\n<div dir=\"ltr\"><\/div>\n<div dir=\"ltr\"><i>Es parte de las obras gestionadas en forma conjunta el Municipio de Bariloche, Parques Nacionales y la Provincia de R\u00edo Negro, con la participaci\u00f3n activa de la CEB. Esto sucedi\u00f3 durante el \u00faltimo a\u00f1o, y se materializar\u00e1 en obras complementarias destinadas a afrontar la transici\u00f3n y mejorar el rendimiento general de la futura ampliaci\u00f3n de la planta depuradora y el colector costanero.\u00a0<\/i><\/div>\n<div dir=\"ltr\"><\/div>\n<div dir=\"ltr\"><\/div>\n<div dir=\"ltr\">La oportunidad surgi\u00f3 por la confluencia de una intensa y acertada acci\u00f3n ciudadana frente al deterioro de la calidad ambiental de vastos sectores del lago Nahuel Huapi, en consonancia con actuaciones coordinadas de los tres niveles del estado: Nacional, Provincial y Municipal, frente a un tema que excede las capacidades individuales por envergadura y multijurisdiccionalidad.<\/div>\n<div dir=\"ltr\"><\/div>\n<div dir=\"ltr\">Luego de un per\u00edodo extremadamente prolongado de al menos 20 a\u00f1os, durante los cuales no se realizaron las inversiones necesarias en infraestructura primaria adecuada para afrontar el crecimiento de la ciudad, ahora se abre un nuevo escenario.<\/div>\n<div dir=\"ltr\"><\/div>\n<div dir=\"ltr\">\u201cEs auspicioso que tras un a\u00f1o de intensas gestiones del Municipio, la iniciativa que impulsamos y que tanto trabajamos ya se haya materializado en algo concreto, como es la construcci\u00f3n de esta planta de tratamiento de camiones atmosf\u00e9ricos\u201d, sostuvo el intendente Gustavo Gennuso.<\/div>\n<div dir=\"ltr\"><\/div>\n<div dir=\"ltr\">El jefe comunal record\u00f3 que desde la Secretar\u00eda de Desarrollo Urbano y la Subsecretar\u00eda de Medio Ambiente del Municipio se comenz\u00f3 a trabajar a comienzos de 2016 en un amplio proyecto de obras complementarias para remediar y disminuir el impacto del vertido en el lago Nahuel Huapi mientras Naci\u00f3n ejecuta la obra principal, que consiste en el segundo m\u00f3dulo de la planta depuradora y el colector costanero principal.<\/div>\n<div dir=\"ltr\"><\/div>\n<div dir=\"ltr\">Para avanzar en los aspectos t\u00e9cnicos de estas obras complementarias, la Municipalidad de Bariloche convoc\u00f3 a diversos sectores y jurisdicciones que intervienen en la tem\u00e1tica: la Administraci\u00f3n de Parques Nacionales, la Secretar\u00eda de Medio Ambiente de la provincia de R\u00edo Negro, el Departamento Provincial de Aguas (DPA), la Cooperativa de Electricidad Bariloche (CEB) y el estudio proyectista Funes y Seriale.<\/div>\n<div dir=\"ltr\"><\/div>\n<div dir=\"ltr\">En esa iniciativa, se programaron una serie de obras clave, dise\u00f1adas para complementarse luego con la obra de mayor rango. En esa serie se incluy\u00f3 una planta de tratamiento de camiones atmosf\u00e9ricos, un sistema de tratamiento MBR en la Planta Depuradora Central, un colector por impulsi\u00f3n en cercan\u00edas de Vereertbrugghen, un colector Oeste y el tratamiento parcial de la cuenca \u00d1ireco Oeste. Con ese fin, se avanz\u00f3 con especial \u00e9nfasis en los an\u00e1lisis de compatibilidad y complementaci\u00f3n entre estos planes de contingencia \u2014de construcci\u00f3n y aplicaci\u00f3n en el corto plazo, dada la necesidad de reducir con urgencia el impacto ambiental actual\u2014 y las obras centrales, que constituyen la soluci\u00f3n de fondo a la problem\u00e1tica de los residuos cloacales de la ciudad.<\/div>\n<div dir=\"ltr\"><\/div>\n<div dir=\"ltr\">Ahora, el ENOHSA \u2014el ente nacional que financia los proyectos vinculados al saneamiento del Nahuel Huapi\u2014 acaba de realizar la apertura de ofertas para una de esas propuestas: la planta de tratamiento de camiones atmosf\u00e9ricos, que mejorar\u00e1 sensiblemente las condiciones en las que los residuos cloacales ingresan a la planta actual. Luego de la licitaci\u00f3n, el proyecto deber\u00e1 cumplimentar con las correspondientes disposiciones municipales para este tipo de obra.<\/div>\n<div dir=\"ltr\"><\/div>\n<div dir=\"ltr\">La apertura de ofertas en la licitaci\u00f3n de la obra principal \u2014la ampliaci\u00f3n de la planta y la construcci\u00f3n del colector costanero\u2014 se realiz\u00f3 en marzo de este a\u00f1o, con lo cual son significativos los avances para lograr la remediaci\u00f3n y saneo de la cuenca del Nahuel Huapi y brindar soluciones definitivas a la actual situaci\u00f3n sanitaria de la ciudad.<\/div>\n<div dir=\"ltr\"><\/div>\n<div dir=\"ltr\">La acci\u00f3n coordinada de los tres niveles del Estado permitir\u00e1 concretar y sostener el proceso de regularizaci\u00f3n y optimizaci\u00f3n del saneamiento de la ciudad, por ello, la plataforma o mesa de trabajo conjunta constituyen un emergente que demostr\u00f3 su eficacia y resulta de m\u00e1xima importancia, por lo cual se est\u00e1 proponiendo desde la Municipalidad formalizarla y sostenerla activa en el tiempo.<\/div>\n<div dir=\"ltr\"><\/div>\n<div dir=\"ltr\">Fuente: Municipalidad de Bariloche<\/div>\n","protected":false},"excerpt":{"rendered":"<p>Bariloche.-La apertura de ofertas se realiz\u00f3 la semana pasada en Buenos Aires, encabezada por el Ente Nacional de Obras H\u00eddricas [&hellip;]<\/p>\n","protected":false},"author":2,"featured_media":32008,"comment_status":"open","ping_status":"open","sticky":false,"template":"","format":"standard","meta":{"site-sidebar-layout":"default","site-content-layout":"","ast-site-content-layout":"default","site-content-style":"default","site-sidebar-style":"default","ast-global-header-display":"","ast-banner-title-visibility":"","ast-main-header-display":"","ast-hfb-above-header-display":"","ast-hfb-below-header-display":"","ast-hfb-mobile-header-display":"","site-post-title":"","ast-breadcrumbs-content":"","ast-featured-img":"","footer-sml-layout":"","ast-disable-related-posts":"","theme-transparent-header-meta":"","adv-header-id-meta":"","stick-header-meta":"","header-above-stick-meta":"","header-main-stick-meta":"","header-below-stick-meta":"","astra-migrate-meta-layouts":"default","ast-page-background-enabled":"default","ast-page-background-meta":{"desktop":{"background-color":"var(--ast-global-color-5)","background-image":"","background-repeat":"repeat","background-position":"center center","background-size":"auto","background-attachment":"scroll","background-type":"","background-media":"","overlay-type":"","overlay-color":"","overlay-opacity":"","overlay-gradient":""},"tablet":{"background-color":"","background-image":"","background-repeat":"repeat","background-position":"center center","background-size":"auto","background-attachment":"scroll","background-type":"","background-media":"","overlay-type":"","overlay-color":"","overlay-opacity":"","overlay-gradient":""},"mobile":{"background-color":"","background-image":"","background-repeat":"repeat","background-position":"center center","background-size":"auto","background-attachment":"scroll","background-type":"","background-media":"","overlay-type":"","overlay-color":"","overlay-opacity":"","overlay-gradient":""}},"ast-content-background-meta":{"desktop":{"background-color":"var(--ast-global-color-4)","background-image":"","background-repeat":"repeat","background-position":"center center","background-size":"auto","background-attachment":"scroll","background-type":"","background-media":"","overlay-type":"","overlay-color":"","overlay-opacity":"","overlay-gradient":""},"tablet":{"background-color":"var(--ast-global-color-4)","background-image":"","background-repeat":"repeat","background-position":"center center","background-size":"auto","background-attachment":"scroll","background-type":"","background-media":"","overlay-type":"","overlay-color":"","overlay-opacity":"","overlay-gradient":""},"mobile":{"background-color":"var(--ast-global-color-4)","background-image":"","background-repeat":"repeat","background-position":"center center","background-size":"auto","background-attachment":"scroll","background-type":"","background-media":"","overlay-type":"","overlay-color":"","overlay-opacity":"","overlay-gradient":""}},"footnotes":""},"categories":[16,1],"tags":[],"class_list":["post-32007","post","type-post","status-publish","format-standard","has-post-thumbnail","hentry","category-municipales","category-noticias"],"yoast_head":"<!-- This site is optimized with the Yoast SEO Premium plugin v23.0 (Yoast SEO v27.4) - https:\/\/yoast.com\/product\/yoast-seo-premium-wordpress\/ -->\n<title>Se licita una planta de tratamiento de camiones atmosf\u00e9ricos para Bariloche<\/title>\n<meta name=\"robots\" content=\"index, follow, max-snippet:-1, max-image-preview:large, max-video-preview:-1\" \/>\n<link rel=\"canonical\" href=\"https:\/\/patagoniambiental.com.ar\/info\/se-licita-una-planta-de-tratamiento-de-camiones-atmosfericos-para-bariloche\/\" \/>\n<meta property=\"og:locale\" content=\"es_ES\" \/>\n<meta property=\"og:type\" content=\"article\" \/>\n<meta property=\"og:title\" content=\"Se licita una planta de tratamiento de camiones atmosf\u00e9ricos para Bariloche\" \/>\n<meta property=\"og:description\" content=\"Bariloche.-La apertura de ofertas se realiz\u00f3 la semana pasada en Buenos Aires, encabezada por el Ente Nacional de Obras H\u00eddricas [&hellip;]\" \/>\n<meta property=\"og:url\" content=\"https:\/\/patagoniambiental.com.ar\/info\/se-licita-una-planta-de-tratamiento-de-camiones-atmosfericos-para-bariloche\/\" \/>\n<meta property=\"og:site_name\" content=\"Patagonia Ambiental\" \/>\n<meta property=\"article:publisher\" content=\"https:\/\/www.facebook.com\/patagonia.ambiental\" \/>\n<meta property=\"article:author\" content=\"https:\/\/www.facebook.com\/share\/1C1V8Gv9BX\/?mibextid=qi2Omg\" \/>\n<meta property=\"article:published_time\" content=\"2017-07-15T22:00:33+00:00\" \/>\n<meta property=\"og:image\" content=\"https:\/\/patagoniambiental.com.ar\/info\/wp-content\/uploads\/2017\/07\/thumbnail_aerea2.jpg\" \/>\n\t<meta property=\"og:image:width\" content=\"1024\" \/>\n\t<meta property=\"og:image:height\" content=\"608\" \/>\n\t<meta property=\"og:image:type\" content=\"image\/jpeg\" \/>\n<meta name=\"author\" content=\"Patagonia Ambiental\" \/>\n<meta name=\"twitter:card\" content=\"summary_large_image\" \/>\n<meta name=\"twitter:creator\" content=\"@PatAmb\" \/>\n<meta name=\"twitter:site\" content=\"@PatAmb\" \/>\n<script type=\"application\/ld+json\" class=\"yoast-schema-graph\">{\"@context\":\"https:\\\/\\\/schema.org\",\"@graph\":[{\"@type\":\"Article\",\"@id\":\"https:\\\/\\\/patagoniambiental.com.ar\\\/info\\\/se-licita-una-planta-de-tratamiento-de-camiones-atmosfericos-para-bariloche\\\/#article\",\"isPartOf\":{\"@id\":\"https:\\\/\\\/patagoniambiental.com.ar\\\/info\\\/se-licita-una-planta-de-tratamiento-de-camiones-atmosfericos-para-bariloche\\\/\"},\"author\":{\"name\":\"Patagonia Ambiental\",\"@id\":\"https:\\\/\\\/patagoniambiental.com.ar\\\/info\\\/#\\\/schema\\\/person\\\/db12bff64bbcbf6a253710bf0ea37b5d\"},\"headline\":\"Se licita una planta de tratamiento de camiones atmosf\u00e9ricos para Bariloche\",\"datePublished\":\"2017-07-15T22:00:33+00:00\",\"mainEntityOfPage\":{\"@id\":\"https:\\\/\\\/patagoniambiental.com.ar\\\/info\\\/se-licita-una-planta-de-tratamiento-de-camiones-atmosfericos-para-bariloche\\\/\"},\"wordCount\":718,\"commentCount\":0,\"publisher\":{\"@id\":\"https:\\\/\\\/patagoniambiental.com.ar\\\/info\\\/#organization\"},\"image\":{\"@id\":\"https:\\\/\\\/patagoniambiental.com.ar\\\/info\\\/se-licita-una-planta-de-tratamiento-de-camiones-atmosfericos-para-bariloche\\\/#primaryimage\"},\"thumbnailUrl\":\"https:\\\/\\\/patagoniambiental.com.ar\\\/info\\\/wp-content\\\/uploads\\\/2017\\\/07\\\/thumbnail_aerea2.jpg\",\"articleSection\":[\"Municipales\",\"Noticias\"],\"inLanguage\":\"es\",\"potentialAction\":[{\"@type\":\"CommentAction\",\"name\":\"Comment\",\"target\":[\"https:\\\/\\\/patagoniambiental.com.ar\\\/info\\\/se-licita-una-planta-de-tratamiento-de-camiones-atmosfericos-para-bariloche\\\/#respond\"]}]},{\"@type\":\"WebPage\",\"@id\":\"https:\\\/\\\/patagoniambiental.com.ar\\\/info\\\/se-licita-una-planta-de-tratamiento-de-camiones-atmosfericos-para-bariloche\\\/\",\"url\":\"https:\\\/\\\/patagoniambiental.com.ar\\\/info\\\/se-licita-una-planta-de-tratamiento-de-camiones-atmosfericos-para-bariloche\\\/\",\"name\":\"Se licita una planta de tratamiento de camiones atmosf\u00e9ricos para Bariloche\",\"isPartOf\":{\"@id\":\"https:\\\/\\\/patagoniambiental.com.ar\\\/info\\\/#website\"},\"primaryImageOfPage\":{\"@id\":\"https:\\\/\\\/patagoniambiental.com.ar\\\/info\\\/se-licita-una-planta-de-tratamiento-de-camiones-atmosfericos-para-bariloche\\\/#primaryimage\"},\"image\":{\"@id\":\"https:\\\/\\\/patagoniambiental.com.ar\\\/info\\\/se-licita-una-planta-de-tratamiento-de-camiones-atmosfericos-para-bariloche\\\/#primaryimage\"},\"thumbnailUrl\":\"https:\\\/\\\/patagoniambiental.com.ar\\\/info\\\/wp-content\\\/uploads\\\/2017\\\/07\\\/thumbnail_aerea2.jpg\",\"datePublished\":\"2017-07-15T22:00:33+00:00\",\"breadcrumb\":{\"@id\":\"https:\\\/\\\/patagoniambiental.com.ar\\\/info\\\/se-licita-una-planta-de-tratamiento-de-camiones-atmosfericos-para-bariloche\\\/#breadcrumb\"},\"inLanguage\":\"es\",\"potentialAction\":[{\"@type\":\"ReadAction\",\"target\":[\"https:\\\/\\\/patagoniambiental.com.ar\\\/info\\\/se-licita-una-planta-de-tratamiento-de-camiones-atmosfericos-para-bariloche\\\/\"]}]},{\"@type\":\"ImageObject\",\"inLanguage\":\"es\",\"@id\":\"https:\\\/\\\/patagoniambiental.com.ar\\\/info\\\/se-licita-una-planta-de-tratamiento-de-camiones-atmosfericos-para-bariloche\\\/#primaryimage\",\"url\":\"https:\\\/\\\/patagoniambiental.com.ar\\\/info\\\/wp-content\\\/uploads\\\/2017\\\/07\\\/thumbnail_aerea2.jpg\",\"contentUrl\":\"https:\\\/\\\/patagoniambiental.com.ar\\\/info\\\/wp-content\\\/uploads\\\/2017\\\/07\\\/thumbnail_aerea2.jpg\",\"width\":1024,\"height\":608},{\"@type\":\"BreadcrumbList\",\"@id\":\"https:\\\/\\\/patagoniambiental.com.ar\\\/info\\\/se-licita-una-planta-de-tratamiento-de-camiones-atmosfericos-para-bariloche\\\/#breadcrumb\",\"itemListElement\":[{\"@type\":\"ListItem\",\"position\":1,\"name\":\"Inicio\",\"item\":\"https:\\\/\\\/patagoniambiental.com.ar\\\/info\\\/\"},{\"@type\":\"ListItem\",\"position\":2,\"name\":\"Se licita una planta de tratamiento de camiones atmosf\u00e9ricos para Bariloche\"}]},{\"@type\":\"WebSite\",\"@id\":\"https:\\\/\\\/patagoniambiental.com.ar\\\/info\\\/#website\",\"url\":\"https:\\\/\\\/patagoniambiental.com.ar\\\/info\\\/\",\"name\":\"Patagonia Ambiental\",\"description\":\"Monitoreo y an\u00e1lisis de la situaci\u00f3n geopol\u00edtica en el mundo y su implicancia en la Patagonia\",\"publisher\":{\"@id\":\"https:\\\/\\\/patagoniambiental.com.ar\\\/info\\\/#organization\"},\"potentialAction\":[{\"@type\":\"SearchAction\",\"target\":{\"@type\":\"EntryPoint\",\"urlTemplate\":\"https:\\\/\\\/patagoniambiental.com.ar\\\/info\\\/?s={search_term_string}\"},\"query-input\":{\"@type\":\"PropertyValueSpecification\",\"valueRequired\":true,\"valueName\":\"search_term_string\"}}],\"inLanguage\":\"es\"},{\"@type\":\"Organization\",\"@id\":\"https:\\\/\\\/patagoniambiental.com.ar\\\/info\\\/#organization\",\"name\":\"Patagonia Ambiental\",\"url\":\"https:\\\/\\\/patagoniambiental.com.ar\\\/info\\\/\",\"logo\":{\"@type\":\"ImageObject\",\"inLanguage\":\"es\",\"@id\":\"https:\\\/\\\/patagoniambiental.com.ar\\\/info\\\/#\\\/schema\\\/logo\\\/image\\\/\",\"url\":\"https:\\\/\\\/patagoniambiental.com.ar\\\/info\\\/wp-content\\\/uploads\\\/2025\\\/05\\\/LOGO-PATAGONIA-AMBIENTAL.png\",\"contentUrl\":\"https:\\\/\\\/patagoniambiental.com.ar\\\/info\\\/wp-content\\\/uploads\\\/2025\\\/05\\\/LOGO-PATAGONIA-AMBIENTAL.png\",\"width\":433,\"height\":250,\"caption\":\"Patagonia Ambiental\"},\"image\":{\"@id\":\"https:\\\/\\\/patagoniambiental.com.ar\\\/info\\\/#\\\/schema\\\/logo\\\/image\\\/\"},\"sameAs\":[\"https:\\\/\\\/www.facebook.com\\\/patagonia.ambiental\",\"https:\\\/\\\/x.com\\\/PatAmb\"]},{\"@type\":\"Person\",\"@id\":\"https:\\\/\\\/patagoniambiental.com.ar\\\/info\\\/#\\\/schema\\\/person\\\/db12bff64bbcbf6a253710bf0ea37b5d\",\"name\":\"Patagonia Ambiental\",\"description\":\"Andr\u00e9s Nievas T\u00e9cnico en manejo ambiental, consultor Ambiental y escritor para medios locales e internacionales sobre temas de geopolitica y medio ambiente.\",\"sameAs\":[\"http:\\\/\\\/www.patagoniambiental.com.ar\",\"https:\\\/\\\/www.facebook.com\\\/share\\\/1C1V8Gv9BX\\\/?mibextid=qi2Omg\",\"@patagoniambiental\",\"https:\\\/\\\/youtube.com\\\/@patagoniaambiental2023?si=BLt58t0wuXquxlYZ\"]}]}<\/script>\n<!-- \/ Yoast SEO Premium plugin. -->","yoast_head_json":{"title":"Se licita una planta de tratamiento de camiones atmosf\u00e9ricos para Bariloche","robots":{"index":"index","follow":"follow","max-snippet":"max-snippet:-1","max-image-preview":"max-image-preview:large","max-video-preview":"max-video-preview:-1"},"canonical":"https:\/\/patagoniambiental.com.ar\/info\/se-licita-una-planta-de-tratamiento-de-camiones-atmosfericos-para-bariloche\/","og_locale":"es_ES","og_type":"article","og_title":"Se licita una planta de tratamiento de camiones atmosf\u00e9ricos para Bariloche","og_description":"Bariloche.-La apertura de ofertas se realiz\u00f3 la semana pasada en Buenos Aires, encabezada por el Ente Nacional de Obras H\u00eddricas [&hellip;]","og_url":"https:\/\/patagoniambiental.com.ar\/info\/se-licita-una-planta-de-tratamiento-de-camiones-atmosfericos-para-bariloche\/","og_site_name":"Patagonia Ambiental","article_publisher":"https:\/\/www.facebook.com\/patagonia.ambiental","article_author":"https:\/\/www.facebook.com\/share\/1C1V8Gv9BX\/?mibextid=qi2Omg","article_published_time":"2017-07-15T22:00:33+00:00","og_image":[{"width":1024,"height":608,"url":"https:\/\/patagoniambiental.com.ar\/info\/wp-content\/uploads\/2017\/07\/thumbnail_aerea2.jpg","type":"image\/jpeg"}],"author":"Patagonia Ambiental","twitter_card":"summary_large_image","twitter_creator":"@PatAmb","twitter_site":"@PatAmb","schema":{"@context":"https:\/\/schema.org","@graph":[{"@type":"Article","@id":"https:\/\/patagoniambiental.com.ar\/info\/se-licita-una-planta-de-tratamiento-de-camiones-atmosfericos-para-bariloche\/#article","isPartOf":{"@id":"https:\/\/patagoniambiental.com.ar\/info\/se-licita-una-planta-de-tratamiento-de-camiones-atmosfericos-para-bariloche\/"},"author":{"name":"Patagonia Ambiental","@id":"https:\/\/patagoniambiental.com.ar\/info\/#\/schema\/person\/db12bff64bbcbf6a253710bf0ea37b5d"},"headline":"Se licita una planta de tratamiento de camiones atmosf\u00e9ricos para Bariloche","datePublished":"2017-07-15T22:00:33+00:00","mainEntityOfPage":{"@id":"https:\/\/patagoniambiental.com.ar\/info\/se-licita-una-planta-de-tratamiento-de-camiones-atmosfericos-para-bariloche\/"},"wordCount":718,"commentCount":0,"publisher":{"@id":"https:\/\/patagoniambiental.com.ar\/info\/#organization"},"image":{"@id":"https:\/\/patagoniambiental.com.ar\/info\/se-licita-una-planta-de-tratamiento-de-camiones-atmosfericos-para-bariloche\/#primaryimage"},"thumbnailUrl":"https:\/\/patagoniambiental.com.ar\/info\/wp-content\/uploads\/2017\/07\/thumbnail_aerea2.jpg","articleSection":["Municipales","Noticias"],"inLanguage":"es","potentialAction":[{"@type":"CommentAction","name":"Comment","target":["https:\/\/patagoniambiental.com.ar\/info\/se-licita-una-planta-de-tratamiento-de-camiones-atmosfericos-para-bariloche\/#respond"]}]},{"@type":"WebPage","@id":"https:\/\/patagoniambiental.com.ar\/info\/se-licita-una-planta-de-tratamiento-de-camiones-atmosfericos-para-bariloche\/","url":"https:\/\/patagoniambiental.com.ar\/info\/se-licita-una-planta-de-tratamiento-de-camiones-atmosfericos-para-bariloche\/","name":"Se licita una planta de tratamiento de camiones atmosf\u00e9ricos para Bariloche","isPartOf":{"@id":"https:\/\/patagoniambiental.com.ar\/info\/#website"},"primaryImageOfPage":{"@id":"https:\/\/patagoniambiental.com.ar\/info\/se-licita-una-planta-de-tratamiento-de-camiones-atmosfericos-para-bariloche\/#primaryimage"},"image":{"@id":"https:\/\/patagoniambiental.com.ar\/info\/se-licita-una-planta-de-tratamiento-de-camiones-atmosfericos-para-bariloche\/#primaryimage"},"thumbnailUrl":"https:\/\/patagoniambiental.com.ar\/info\/wp-content\/uploads\/2017\/07\/thumbnail_aerea2.jpg","datePublished":"2017-07-15T22:00:33+00:00","breadcrumb":{"@id":"https:\/\/patagoniambiental.com.ar\/info\/se-licita-una-planta-de-tratamiento-de-camiones-atmosfericos-para-bariloche\/#breadcrumb"},"inLanguage":"es","potentialAction":[{"@type":"ReadAction","target":["https:\/\/patagoniambiental.com.ar\/info\/se-licita-una-planta-de-tratamiento-de-camiones-atmosfericos-para-bariloche\/"]}]},{"@type":"ImageObject","inLanguage":"es","@id":"https:\/\/patagoniambiental.com.ar\/info\/se-licita-una-planta-de-tratamiento-de-camiones-atmosfericos-para-bariloche\/#primaryimage","url":"https:\/\/patagoniambiental.com.ar\/info\/wp-content\/uploads\/2017\/07\/thumbnail_aerea2.jpg","contentUrl":"https:\/\/patagoniambiental.com.ar\/info\/wp-content\/uploads\/2017\/07\/thumbnail_aerea2.jpg","width":1024,"height":608},{"@type":"BreadcrumbList","@id":"https:\/\/patagoniambiental.com.ar\/info\/se-licita-una-planta-de-tratamiento-de-camiones-atmosfericos-para-bariloche\/#breadcrumb","itemListElement":[{"@type":"ListItem","position":1,"name":"Inicio","item":"https:\/\/patagoniambiental.com.ar\/info\/"},{"@type":"ListItem","position":2,"name":"Se licita una planta de tratamiento de camiones atmosf\u00e9ricos para Bariloche"}]},{"@type":"WebSite","@id":"https:\/\/patagoniambiental.com.ar\/info\/#website","url":"https:\/\/patagoniambiental.com.ar\/info\/","name":"Patagonia Ambiental","description":"Monitoreo y an\u00e1lisis de la situaci\u00f3n geopol\u00edtica en el mundo y su implicancia en la Patagonia","publisher":{"@id":"https:\/\/patagoniambiental.com.ar\/info\/#organization"},"potentialAction":[{"@type":"SearchAction","target":{"@type":"EntryPoint","urlTemplate":"https:\/\/patagoniambiental.com.ar\/info\/?s={search_term_string}"},"query-input":{"@type":"PropertyValueSpecification","valueRequired":true,"valueName":"search_term_string"}}],"inLanguage":"es"},{"@type":"Organization","@id":"https:\/\/patagoniambiental.com.ar\/info\/#organization","name":"Patagonia Ambiental","url":"https:\/\/patagoniambiental.com.ar\/info\/","logo":{"@type":"ImageObject","inLanguage":"es","@id":"https:\/\/patagoniambiental.com.ar\/info\/#\/schema\/logo\/image\/","url":"https:\/\/patagoniambiental.com.ar\/info\/wp-content\/uploads\/2025\/05\/LOGO-PATAGONIA-AMBIENTAL.png","contentUrl":"https:\/\/patagoniambiental.com.ar\/info\/wp-content\/uploads\/2025\/05\/LOGO-PATAGONIA-AMBIENTAL.png","width":433,"height":250,"caption":"Patagonia Ambiental"},"image":{"@id":"https:\/\/patagoniambiental.com.ar\/info\/#\/schema\/logo\/image\/"},"sameAs":["https:\/\/www.facebook.com\/patagonia.ambiental","https:\/\/x.com\/PatAmb"]},{"@type":"Person","@id":"https:\/\/patagoniambiental.com.ar\/info\/#\/schema\/person\/db12bff64bbcbf6a253710bf0ea37b5d","name":"Patagonia Ambiental","description":"Andr\u00e9s Nievas T\u00e9cnico en manejo ambiental, consultor Ambiental y escritor para medios locales e internacionales sobre temas de geopolitica y medio ambiente.","sameAs":["http:\/\/www.patagoniambiental.com.ar","https:\/\/www.facebook.com\/share\/1C1V8Gv9BX\/?mibextid=qi2Omg","@patagoniambiental","https:\/\/youtube.com\/@patagoniaambiental2023?si=BLt58t0wuXquxlYZ"]}]}},"_links":{"self":[{"href":"https:\/\/patagoniambiental.com.ar\/info\/wp-json\/wp\/v2\/posts\/32007","targetHints":{"allow":["GET"]}}],"collection":[{"href":"https:\/\/patagoniambiental.com.ar\/info\/wp-json\/wp\/v2\/posts"}],"about":[{"href":"https:\/\/patagoniambiental.com.ar\/info\/wp-json\/wp\/v2\/types\/post"}],"author":[{"embeddable":true,"href":"https:\/\/patagoniambiental.com.ar\/info\/wp-json\/wp\/v2\/users\/2"}],"replies":[{"embeddable":true,"href":"https:\/\/patagoniambiental.com.ar\/info\/wp-json\/wp\/v2\/comments?post=32007"}],"version-history":[{"count":0,"href":"https:\/\/patagoniambiental.com.ar\/info\/wp-json\/wp\/v2\/posts\/32007\/revisions"}],"wp:featuredmedia":[{"embeddable":true,"href":"https:\/\/patagoniambiental.com.ar\/info\/wp-json\/wp\/v2\/media\/32008"}],"wp:attachment":[{"href":"https:\/\/patagoniambiental.com.ar\/info\/wp-json\/wp\/v2\/media?parent=32007"}],"wp:term":[{"taxonomy":"category","embeddable":true,"href":"https:\/\/patagoniambiental.com.ar\/info\/wp-json\/wp\/v2\/categories?post=32007"},{"taxonomy":"post_tag","embeddable":true,"href":"https:\/\/patagoniambiental.com.ar\/info\/wp-json\/wp\/v2\/tags?post=32007"}],"curies":[{"name":"wp","href":"https:\/\/api.w.org\/{rel}","templated":true}]}}