{"id":32010,"date":"2017-07-18T09:00:25","date_gmt":"2017-07-18T12:00:25","guid":{"rendered":"http:\/\/patagoniambiental.com.ar\/info\/?p=32010"},"modified":"2017-07-12T17:01:19","modified_gmt":"2017-07-12T20:01:19","slug":"oferta-turistica-pampeana-en-vacaciones-de-invierno","status":"publish","type":"post","link":"https:\/\/patagoniambiental.com.ar\/info\/oferta-turistica-pampeana-en-vacaciones-de-invierno\/","title":{"rendered":"Oferta tur\u00edstica pampeana en vacaciones de invierno"},"content":{"rendered":"<p>Santa Rosa.-Desde la Subsecretar\u00eda de Turismo de La Pampa se brind\u00f3 un detalle de la oferta tur\u00edstica que se desarrolla en la Provincia.<\/p>\n<p><!--more--><br \/>\nLautaro C\u00f3rdoba, subsecretario del \u00e1rea, inform\u00f3 sobre diversos lugares que se pueden disfrutar como turismo invernal, en el marco del receso escolar. \u201cLo que resta del mes de julio est\u00e1 considerado periodo de vacaciones, dado que en otras provincias, como Buenos Aires, comienzan la semana entrante. De las provincias que ya est\u00e1n en vacaciones, tenemos afluencia por nuestras rutas, donde estamos realizando campa\u00f1as de difusi\u00f3n de nuestros puntos tur\u00edsticos m\u00e1s notorios\u201d manifest\u00f3.<\/p>\n<p>Parque Luro.<br \/>\n\u201cRecientemente se termin\u00f3 con la primera etapa de restauraci\u00f3n del Castillo, hemos pintado todo el frente y ya estamos terminando con los laterales, de igual forma, el edificio se encuentra habilitado para hacer visitas guiadas. Contamos con un nuevo concesionario de servicios, restaurante (que comenzar\u00e1 a funcionar a fin de mes), camping, proveedur\u00eda y caba\u00f1as, a cargo de Nueva Patagonia SRL. Estamos muy conformes como est\u00e1 funcionando hasta ahora y con mucha expectativa del buen servicio que puedan brindar. Sigue vigente la visita por los senderos, los d\u00edas s\u00e1bados se siguen realizando caminatas, con lo cual los avistajes de flora y fauna est\u00e1n a la orden del d\u00eda\u201d, se\u00f1al\u00f3 Lautaro C\u00f3rdoba.<\/p>\n<p>Parque Nacional Lihuel Calel.<br \/>\n\u201cEs el \u00fanico Parque Nacional que tenemos en La Pampa y el primero de la Patagonia, como todos saben tenemos el paisaje de sierras, pinturas rupestres y fauna asociada a estos ambientes serranos, con lo cual este Parque es un punto muy elegido, sobre todo por los turistas for\u00e1neos. Sabemos que la Ruta 152 no est\u00e1 en buen estado y Vialidad Nacional siempre est\u00e1 demorando los trabajos que requerimos desde hace tanto tiempo, cuando la ruta se encuentre en buen estado ser\u00e1 otra la demanda tur\u00edstica sin dudas. La localidad de Puelches es la que brinda los servicios de gastronom\u00eda y alojamiento, que son de los que carece el Parque\u201d, manifest\u00f3 el subsecretario.<\/p>\n<p>Villa Tur\u00edstica Casa de Piedra.<br \/>\n\u201cFue concebida para el turismo y para la producci\u00f3n, si bien en esta \u00e9poca del a\u00f1o no nos podemos ba\u00f1ar en el lago, se pueden hacer actividades como caminata por senderos, kayak en el r\u00edo Colorado, por lo tanto hay oportunidad de realizar turismo activo en Casa de Piedra\u201d, agreg\u00f3 el funcionario.<\/p>\n<p>Termas de Guatrach\u00e9 y Bernardo Larroud\u00e9.<br \/>\nEn relaci\u00f3n a las termas que hay en La Pampa, C\u00f3rdoba sostuvo, \u201ctenemos las dos termas, sobre todo para la gente mayor es muy bienvenida, el turismo de bienestar est\u00e1 casi orientado a personas que est\u00e1n buscando tranquilidad\u201d.<br \/>\nLas termas de Guatrach\u00e9 tienen la particularidad de estar en medio de una reserva natural como lo es la laguna de la localidad, y muy cercana a la Colonia Menonita, \u201cdonde se pueden realizar visitas guiadas. Recomendamos siempre recurrir a la oficina de informes de la localidad de Guatrach\u00e9 y contactar un gu\u00eda que los lleve a la Colonia, para conocer la forma de vida de esta comunidad y disfrutar de una gastronom\u00eda muy buena dentro de la Estancia de la Colonia\u201d, ampli\u00f3.<\/p>\n<p>Estancias Tur\u00edsticas.<br \/>\n\u201cA trav\u00e9s de nuestra p\u00e1gina web (www.lapampa.tur.ar) se pueden conocer y contactar diversas estancias tur\u00edsticas para pasar un d\u00eda de campo\u201d, invit\u00f3 el subsecretario, quien destac\u00f3 el buen servicio que presentan los establecimientos y la oportunidad de disfrutar de la tranquilidad y paisajes que all\u00ed se observan.<\/p>\n<p>Laguna de Utrac\u00e1n.<br \/>\n\u201cAfortunadamente se ha reacondicionado, ven\u00edamos con a\u00f1os muy malos. Con las \u00faltimas lluvias registradas la laguna est\u00e1 completamente llena. Adem\u00e1s, hay senderos para pasar el d\u00eda en un ambiente natural, en el medio del Valle de Utrac\u00e1n, que adem\u00e1s est\u00e1 muy cerca de la localidad de General Acha\u201d, se\u00f1al\u00f3 Lautaro C\u00f3rdoba.<\/p>\n<p>La Adela.<br \/>\n\u201cPor estar a la vera del r\u00edo Colorado y sobre una ruta nacional, ha desarrollado una gran infraestructura tur\u00edstica, hotelera y gastron\u00f3mica. Hay paseos para contemplar el r\u00edo y la barda, que siempre son atractivos. Se pueden degustar productos regionales como chocolates y dulces caseros, es muy interesante y se ha preparado muy bien La Adela, con eventos e infraestructura para hacer que el turista tenga una buena estad\u00eda\u201d, expres\u00f3 C\u00f3rdoba.<\/p>\n<p>25 de Mayo.<br \/>\n\u201cEs una localidad que va por el mismo camino que La Adela, desde el municipio se est\u00e1 poniendo mucho \u00e9nfasis en la actividad tur\u00edstica. Hay actividades en museos, senderos para recorrer, las llamadas huellas de los dinosaurios, la huella del petr\u00f3leo y la huella del vino. Desde la oficina de informes en 25 de Mayo se puede recabar toda la informaci\u00f3n para acceder a las distintas alternativas\u201d, inform\u00f3.<\/p>\n<p>Algarrobo del \u00c1guila.<br \/>\n\u201cSi bien no se encontraba la localidad entre los destinos lanzados el a\u00f1o pasado, estamos trabajando muy bien con el municipio, estamos integr\u00e1ndolo al corredor de la barda que va a comunicar Algarrobo del \u00c1guila con La Humada y la Reserva Cerro Negro. Concretamente, este a\u00f1o la localidad est\u00e1 promocionando actividades tur\u00edsticas para conocer la zona del oeste pampeano y tambi\u00e9n disfrutar del r\u00edo Atuel, que en este momento est\u00e1 corriendo un caudal que nos entusiasma y permite apreciar el Atuel con agua, que es una imagen que se ve muy poco, y ojal\u00e1 sirva para reivindicar la presencia del r\u00edo en La Pampa\u201d, finaliz\u00f3 Lautaro C\u00f3rdoba.<\/p>\n<p>Fuente: Diario La Arena<\/p>\n<div class=\"td-g-rec td-g-rec-id-content_inline \"><\/div>\n","protected":false},"excerpt":{"rendered":"<p>Santa Rosa.-Desde la Subsecretar\u00eda de Turismo de La Pampa se brind\u00f3 un detalle de la oferta tur\u00edstica que se desarrolla [&hellip;]<\/p>\n","protected":false},"author":2,"featured_media":32011,"comment_status":"open","ping_status":"open","sticky":false,"template":"","format":"standard","meta":{"site-sidebar-layout":"default","site-content-layout":"","ast-site-content-layout":"default","site-content-style":"default","site-sidebar-style":"default","ast-global-header-display":"","ast-banner-title-visibility":"","ast-main-header-display":"","ast-hfb-above-header-display":"","ast-hfb-below-header-display":"","ast-hfb-mobile-header-display":"","site-post-title":"","ast-breadcrumbs-content":"","ast-featured-img":"","footer-sml-layout":"","ast-disable-related-posts":"","theme-transparent-header-meta":"","adv-header-id-meta":"","stick-header-meta":"","header-above-stick-meta":"","header-main-stick-meta":"","header-below-stick-meta":"","astra-migrate-meta-layouts":"default","ast-page-background-enabled":"default","ast-page-background-meta":{"desktop":{"background-color":"var(--ast-global-color-5)","background-image":"","background-repeat":"repeat","background-position":"center center","background-size":"auto","background-attachment":"scroll","background-type":"","background-media":"","overlay-type":"","overlay-color":"","overlay-opacity":"","overlay-gradient":""},"tablet":{"background-color":"","background-image":"","background-repeat":"repeat","background-position":"center center","background-size":"auto","background-attachment":"scroll","background-type":"","background-media":"","overlay-type":"","overlay-color":"","overlay-opacity":"","overlay-gradient":""},"mobile":{"background-color":"","background-image":"","background-repeat":"repeat","background-position":"center center","background-size":"auto","background-attachment":"scroll","background-type":"","background-media":"","overlay-type":"","overlay-color":"","overlay-opacity":"","overlay-gradient":""}},"ast-content-background-meta":{"desktop":{"background-color":"var(--ast-global-color-4)","background-image":"","background-repeat":"repeat","background-position":"center center","background-size":"auto","background-attachment":"scroll","background-type":"","background-media":"","overlay-type":"","overlay-color":"","overlay-opacity":"","overlay-gradient":""},"tablet":{"background-color":"var(--ast-global-color-4)","background-image":"","background-repeat":"repeat","background-position":"center center","background-size":"auto","background-attachment":"scroll","background-type":"","background-media":"","overlay-type":"","overlay-color":"","overlay-opacity":"","overlay-gradient":""},"mobile":{"background-color":"var(--ast-global-color-4)","background-image":"","background-repeat":"repeat","background-position":"center center","background-size":"auto","background-attachment":"scroll","background-type":"","background-media":"","overlay-type":"","overlay-color":"","overlay-opacity":"","overlay-gradient":""}},"footnotes":""},"categories":[16,1],"tags":[],"class_list":["post-32010","post","type-post","status-publish","format-standard","has-post-thumbnail","hentry","category-municipales","category-noticias"],"yoast_head":"<!-- This site is optimized with the Yoast SEO Premium plugin v23.0 (Yoast SEO v27.4) - https:\/\/yoast.com\/product\/yoast-seo-premium-wordpress\/ -->\n<title>Oferta tur\u00edstica pampeana en vacaciones de invierno<\/title>\n<meta name=\"robots\" content=\"index, follow, max-snippet:-1, max-image-preview:large, max-video-preview:-1\" \/>\n<link rel=\"canonical\" href=\"https:\/\/patagoniambiental.com.ar\/info\/oferta-turistica-pampeana-en-vacaciones-de-invierno\/\" \/>\n<meta property=\"og:locale\" content=\"es_ES\" \/>\n<meta property=\"og:type\" content=\"article\" \/>\n<meta property=\"og:title\" content=\"Oferta tur\u00edstica pampeana en vacaciones de invierno\" \/>\n<meta property=\"og:description\" content=\"Santa Rosa.-Desde la Subsecretar\u00eda de Turismo de La Pampa se brind\u00f3 un detalle de la oferta tur\u00edstica que se desarrolla [&hellip;]\" \/>\n<meta property=\"og:url\" content=\"https:\/\/patagoniambiental.com.ar\/info\/oferta-turistica-pampeana-en-vacaciones-de-invierno\/\" \/>\n<meta property=\"og:site_name\" content=\"Patagonia Ambiental\" \/>\n<meta property=\"article:publisher\" content=\"https:\/\/www.facebook.com\/patagonia.ambiental\" \/>\n<meta property=\"article:author\" content=\"https:\/\/www.facebook.com\/share\/1C1V8Gv9BX\/?mibextid=qi2Omg\" \/>\n<meta property=\"article:published_time\" content=\"2017-07-18T12:00:25+00:00\" \/>\n<meta property=\"og:image\" content=\"https:\/\/patagoniambiental.com.ar\/info\/wp-content\/uploads\/2017\/07\/2.jpg\" \/>\n\t<meta property=\"og:image:width\" content=\"465\" \/>\n\t<meta property=\"og:image:height\" content=\"288\" \/>\n\t<meta property=\"og:image:type\" content=\"image\/jpeg\" \/>\n<meta name=\"author\" content=\"Patagonia Ambiental\" \/>\n<meta name=\"twitter:card\" content=\"summary_large_image\" \/>\n<meta name=\"twitter:creator\" content=\"@PatAmb\" \/>\n<meta name=\"twitter:site\" content=\"@PatAmb\" \/>\n<script type=\"application\/ld+json\" class=\"yoast-schema-graph\">{\"@context\":\"https:\\\/\\\/schema.org\",\"@graph\":[{\"@type\":\"Article\",\"@id\":\"https:\\\/\\\/patagoniambiental.com.ar\\\/info\\\/oferta-turistica-pampeana-en-vacaciones-de-invierno\\\/#article\",\"isPartOf\":{\"@id\":\"https:\\\/\\\/patagoniambiental.com.ar\\\/info\\\/oferta-turistica-pampeana-en-vacaciones-de-invierno\\\/\"},\"author\":{\"name\":\"Patagonia Ambiental\",\"@id\":\"https:\\\/\\\/patagoniambiental.com.ar\\\/info\\\/#\\\/schema\\\/person\\\/db12bff64bbcbf6a253710bf0ea37b5d\"},\"headline\":\"Oferta tur\u00edstica pampeana en vacaciones de invierno\",\"datePublished\":\"2017-07-18T12:00:25+00:00\",\"mainEntityOfPage\":{\"@id\":\"https:\\\/\\\/patagoniambiental.com.ar\\\/info\\\/oferta-turistica-pampeana-en-vacaciones-de-invierno\\\/\"},\"wordCount\":940,\"commentCount\":0,\"publisher\":{\"@id\":\"https:\\\/\\\/patagoniambiental.com.ar\\\/info\\\/#organization\"},\"image\":{\"@id\":\"https:\\\/\\\/patagoniambiental.com.ar\\\/info\\\/oferta-turistica-pampeana-en-vacaciones-de-invierno\\\/#primaryimage\"},\"thumbnailUrl\":\"https:\\\/\\\/patagoniambiental.com.ar\\\/info\\\/wp-content\\\/uploads\\\/2017\\\/07\\\/2.jpg\",\"articleSection\":[\"Municipales\",\"Noticias\"],\"inLanguage\":\"es\",\"potentialAction\":[{\"@type\":\"CommentAction\",\"name\":\"Comment\",\"target\":[\"https:\\\/\\\/patagoniambiental.com.ar\\\/info\\\/oferta-turistica-pampeana-en-vacaciones-de-invierno\\\/#respond\"]}]},{\"@type\":\"WebPage\",\"@id\":\"https:\\\/\\\/patagoniambiental.com.ar\\\/info\\\/oferta-turistica-pampeana-en-vacaciones-de-invierno\\\/\",\"url\":\"https:\\\/\\\/patagoniambiental.com.ar\\\/info\\\/oferta-turistica-pampeana-en-vacaciones-de-invierno\\\/\",\"name\":\"Oferta tur\u00edstica pampeana en vacaciones de invierno\",\"isPartOf\":{\"@id\":\"https:\\\/\\\/patagoniambiental.com.ar\\\/info\\\/#website\"},\"primaryImageOfPage\":{\"@id\":\"https:\\\/\\\/patagoniambiental.com.ar\\\/info\\\/oferta-turistica-pampeana-en-vacaciones-de-invierno\\\/#primaryimage\"},\"image\":{\"@id\":\"https:\\\/\\\/patagoniambiental.com.ar\\\/info\\\/oferta-turistica-pampeana-en-vacaciones-de-invierno\\\/#primaryimage\"},\"thumbnailUrl\":\"https:\\\/\\\/patagoniambiental.com.ar\\\/info\\\/wp-content\\\/uploads\\\/2017\\\/07\\\/2.jpg\",\"datePublished\":\"2017-07-18T12:00:25+00:00\",\"breadcrumb\":{\"@id\":\"https:\\\/\\\/patagoniambiental.com.ar\\\/info\\\/oferta-turistica-pampeana-en-vacaciones-de-invierno\\\/#breadcrumb\"},\"inLanguage\":\"es\",\"potentialAction\":[{\"@type\":\"ReadAction\",\"target\":[\"https:\\\/\\\/patagoniambiental.com.ar\\\/info\\\/oferta-turistica-pampeana-en-vacaciones-de-invierno\\\/\"]}]},{\"@type\":\"ImageObject\",\"inLanguage\":\"es\",\"@id\":\"https:\\\/\\\/patagoniambiental.com.ar\\\/info\\\/oferta-turistica-pampeana-en-vacaciones-de-invierno\\\/#primaryimage\",\"url\":\"https:\\\/\\\/patagoniambiental.com.ar\\\/info\\\/wp-content\\\/uploads\\\/2017\\\/07\\\/2.jpg\",\"contentUrl\":\"https:\\\/\\\/patagoniambiental.com.ar\\\/info\\\/wp-content\\\/uploads\\\/2017\\\/07\\\/2.jpg\",\"width\":465,\"height\":288},{\"@type\":\"BreadcrumbList\",\"@id\":\"https:\\\/\\\/patagoniambiental.com.ar\\\/info\\\/oferta-turistica-pampeana-en-vacaciones-de-invierno\\\/#breadcrumb\",\"itemListElement\":[{\"@type\":\"ListItem\",\"position\":1,\"name\":\"Inicio\",\"item\":\"https:\\\/\\\/patagoniambiental.com.ar\\\/info\\\/\"},{\"@type\":\"ListItem\",\"position\":2,\"name\":\"Oferta tur\u00edstica pampeana en vacaciones de invierno\"}]},{\"@type\":\"WebSite\",\"@id\":\"https:\\\/\\\/patagoniambiental.com.ar\\\/info\\\/#website\",\"url\":\"https:\\\/\\\/patagoniambiental.com.ar\\\/info\\\/\",\"name\":\"Patagonia Ambiental\",\"description\":\"Monitoreo y an\u00e1lisis de la situaci\u00f3n geopol\u00edtica en el mundo y su implicancia en la Patagonia\",\"publisher\":{\"@id\":\"https:\\\/\\\/patagoniambiental.com.ar\\\/info\\\/#organization\"},\"potentialAction\":[{\"@type\":\"SearchAction\",\"target\":{\"@type\":\"EntryPoint\",\"urlTemplate\":\"https:\\\/\\\/patagoniambiental.com.ar\\\/info\\\/?s={search_term_string}\"},\"query-input\":{\"@type\":\"PropertyValueSpecification\",\"valueRequired\":true,\"valueName\":\"search_term_string\"}}],\"inLanguage\":\"es\"},{\"@type\":\"Organization\",\"@id\":\"https:\\\/\\\/patagoniambiental.com.ar\\\/info\\\/#organization\",\"name\":\"Patagonia Ambiental\",\"url\":\"https:\\\/\\\/patagoniambiental.com.ar\\\/info\\\/\",\"logo\":{\"@type\":\"ImageObject\",\"inLanguage\":\"es\",\"@id\":\"https:\\\/\\\/patagoniambiental.com.ar\\\/info\\\/#\\\/schema\\\/logo\\\/image\\\/\",\"url\":\"https:\\\/\\\/patagoniambiental.com.ar\\\/info\\\/wp-content\\\/uploads\\\/2025\\\/05\\\/LOGO-PATAGONIA-AMBIENTAL.png\",\"contentUrl\":\"https:\\\/\\\/patagoniambiental.com.ar\\\/info\\\/wp-content\\\/uploads\\\/2025\\\/05\\\/LOGO-PATAGONIA-AMBIENTAL.png\",\"width\":433,\"height\":250,\"caption\":\"Patagonia Ambiental\"},\"image\":{\"@id\":\"https:\\\/\\\/patagoniambiental.com.ar\\\/info\\\/#\\\/schema\\\/logo\\\/image\\\/\"},\"sameAs\":[\"https:\\\/\\\/www.facebook.com\\\/patagonia.ambiental\",\"https:\\\/\\\/x.com\\\/PatAmb\"]},{\"@type\":\"Person\",\"@id\":\"https:\\\/\\\/patagoniambiental.com.ar\\\/info\\\/#\\\/schema\\\/person\\\/db12bff64bbcbf6a253710bf0ea37b5d\",\"name\":\"Patagonia Ambiental\",\"description\":\"Andr\u00e9s Nievas T\u00e9cnico en manejo ambiental, consultor Ambiental y escritor para medios locales e internacionales sobre temas de geopolitica y medio ambiente.\",\"sameAs\":[\"http:\\\/\\\/www.patagoniambiental.com.ar\",\"https:\\\/\\\/www.facebook.com\\\/share\\\/1C1V8Gv9BX\\\/?mibextid=qi2Omg\",\"@patagoniambiental\",\"https:\\\/\\\/youtube.com\\\/@patagoniaambiental2023?si=BLt58t0wuXquxlYZ\"]}]}<\/script>\n<!-- \/ Yoast SEO Premium plugin. -->","yoast_head_json":{"title":"Oferta tur\u00edstica pampeana en vacaciones de invierno","robots":{"index":"index","follow":"follow","max-snippet":"max-snippet:-1","max-image-preview":"max-image-preview:large","max-video-preview":"max-video-preview:-1"},"canonical":"https:\/\/patagoniambiental.com.ar\/info\/oferta-turistica-pampeana-en-vacaciones-de-invierno\/","og_locale":"es_ES","og_type":"article","og_title":"Oferta tur\u00edstica pampeana en vacaciones de invierno","og_description":"Santa Rosa.-Desde la Subsecretar\u00eda de Turismo de La Pampa se brind\u00f3 un detalle de la oferta tur\u00edstica que se desarrolla [&hellip;]","og_url":"https:\/\/patagoniambiental.com.ar\/info\/oferta-turistica-pampeana-en-vacaciones-de-invierno\/","og_site_name":"Patagonia Ambiental","article_publisher":"https:\/\/www.facebook.com\/patagonia.ambiental","article_author":"https:\/\/www.facebook.com\/share\/1C1V8Gv9BX\/?mibextid=qi2Omg","article_published_time":"2017-07-18T12:00:25+00:00","og_image":[{"width":465,"height":288,"url":"https:\/\/patagoniambiental.com.ar\/info\/wp-content\/uploads\/2017\/07\/2.jpg","type":"image\/jpeg"}],"author":"Patagonia Ambiental","twitter_card":"summary_large_image","twitter_creator":"@PatAmb","twitter_site":"@PatAmb","schema":{"@context":"https:\/\/schema.org","@graph":[{"@type":"Article","@id":"https:\/\/patagoniambiental.com.ar\/info\/oferta-turistica-pampeana-en-vacaciones-de-invierno\/#article","isPartOf":{"@id":"https:\/\/patagoniambiental.com.ar\/info\/oferta-turistica-pampeana-en-vacaciones-de-invierno\/"},"author":{"name":"Patagonia Ambiental","@id":"https:\/\/patagoniambiental.com.ar\/info\/#\/schema\/person\/db12bff64bbcbf6a253710bf0ea37b5d"},"headline":"Oferta tur\u00edstica pampeana en vacaciones de invierno","datePublished":"2017-07-18T12:00:25+00:00","mainEntityOfPage":{"@id":"https:\/\/patagoniambiental.com.ar\/info\/oferta-turistica-pampeana-en-vacaciones-de-invierno\/"},"wordCount":940,"commentCount":0,"publisher":{"@id":"https:\/\/patagoniambiental.com.ar\/info\/#organization"},"image":{"@id":"https:\/\/patagoniambiental.com.ar\/info\/oferta-turistica-pampeana-en-vacaciones-de-invierno\/#primaryimage"},"thumbnailUrl":"https:\/\/patagoniambiental.com.ar\/info\/wp-content\/uploads\/2017\/07\/2.jpg","articleSection":["Municipales","Noticias"],"inLanguage":"es","potentialAction":[{"@type":"CommentAction","name":"Comment","target":["https:\/\/patagoniambiental.com.ar\/info\/oferta-turistica-pampeana-en-vacaciones-de-invierno\/#respond"]}]},{"@type":"WebPage","@id":"https:\/\/patagoniambiental.com.ar\/info\/oferta-turistica-pampeana-en-vacaciones-de-invierno\/","url":"https:\/\/patagoniambiental.com.ar\/info\/oferta-turistica-pampeana-en-vacaciones-de-invierno\/","name":"Oferta tur\u00edstica pampeana en vacaciones de invierno","isPartOf":{"@id":"https:\/\/patagoniambiental.com.ar\/info\/#website"},"primaryImageOfPage":{"@id":"https:\/\/patagoniambiental.com.ar\/info\/oferta-turistica-pampeana-en-vacaciones-de-invierno\/#primaryimage"},"image":{"@id":"https:\/\/patagoniambiental.com.ar\/info\/oferta-turistica-pampeana-en-vacaciones-de-invierno\/#primaryimage"},"thumbnailUrl":"https:\/\/patagoniambiental.com.ar\/info\/wp-content\/uploads\/2017\/07\/2.jpg","datePublished":"2017-07-18T12:00:25+00:00","breadcrumb":{"@id":"https:\/\/patagoniambiental.com.ar\/info\/oferta-turistica-pampeana-en-vacaciones-de-invierno\/#breadcrumb"},"inLanguage":"es","potentialAction":[{"@type":"ReadAction","target":["https:\/\/patagoniambiental.com.ar\/info\/oferta-turistica-pampeana-en-vacaciones-de-invierno\/"]}]},{"@type":"ImageObject","inLanguage":"es","@id":"https:\/\/patagoniambiental.com.ar\/info\/oferta-turistica-pampeana-en-vacaciones-de-invierno\/#primaryimage","url":"https:\/\/patagoniambiental.com.ar\/info\/wp-content\/uploads\/2017\/07\/2.jpg","contentUrl":"https:\/\/patagoniambiental.com.ar\/info\/wp-content\/uploads\/2017\/07\/2.jpg","width":465,"height":288},{"@type":"BreadcrumbList","@id":"https:\/\/patagoniambiental.com.ar\/info\/oferta-turistica-pampeana-en-vacaciones-de-invierno\/#breadcrumb","itemListElement":[{"@type":"ListItem","position":1,"name":"Inicio","item":"https:\/\/patagoniambiental.com.ar\/info\/"},{"@type":"ListItem","position":2,"name":"Oferta tur\u00edstica pampeana en vacaciones de invierno"}]},{"@type":"WebSite","@id":"https:\/\/patagoniambiental.com.ar\/info\/#website","url":"https:\/\/patagoniambiental.com.ar\/info\/","name":"Patagonia Ambiental","description":"Monitoreo y an\u00e1lisis de la situaci\u00f3n geopol\u00edtica en el mundo y su implicancia en la Patagonia","publisher":{"@id":"https:\/\/patagoniambiental.com.ar\/info\/#organization"},"potentialAction":[{"@type":"SearchAction","target":{"@type":"EntryPoint","urlTemplate":"https:\/\/patagoniambiental.com.ar\/info\/?s={search_term_string}"},"query-input":{"@type":"PropertyValueSpecification","valueRequired":true,"valueName":"search_term_string"}}],"inLanguage":"es"},{"@type":"Organization","@id":"https:\/\/patagoniambiental.com.ar\/info\/#organization","name":"Patagonia Ambiental","url":"https:\/\/patagoniambiental.com.ar\/info\/","logo":{"@type":"ImageObject","inLanguage":"es","@id":"https:\/\/patagoniambiental.com.ar\/info\/#\/schema\/logo\/image\/","url":"https:\/\/patagoniambiental.com.ar\/info\/wp-content\/uploads\/2025\/05\/LOGO-PATAGONIA-AMBIENTAL.png","contentUrl":"https:\/\/patagoniambiental.com.ar\/info\/wp-content\/uploads\/2025\/05\/LOGO-PATAGONIA-AMBIENTAL.png","width":433,"height":250,"caption":"Patagonia Ambiental"},"image":{"@id":"https:\/\/patagoniambiental.com.ar\/info\/#\/schema\/logo\/image\/"},"sameAs":["https:\/\/www.facebook.com\/patagonia.ambiental","https:\/\/x.com\/PatAmb"]},{"@type":"Person","@id":"https:\/\/patagoniambiental.com.ar\/info\/#\/schema\/person\/db12bff64bbcbf6a253710bf0ea37b5d","name":"Patagonia Ambiental","description":"Andr\u00e9s Nievas T\u00e9cnico en manejo ambiental, consultor Ambiental y escritor para medios locales e internacionales sobre temas de geopolitica y medio ambiente.","sameAs":["http:\/\/www.patagoniambiental.com.ar","https:\/\/www.facebook.com\/share\/1C1V8Gv9BX\/?mibextid=qi2Omg","@patagoniambiental","https:\/\/youtube.com\/@patagoniaambiental2023?si=BLt58t0wuXquxlYZ"]}]}},"_links":{"self":[{"href":"https:\/\/patagoniambiental.com.ar\/info\/wp-json\/wp\/v2\/posts\/32010","targetHints":{"allow":["GET"]}}],"collection":[{"href":"https:\/\/patagoniambiental.com.ar\/info\/wp-json\/wp\/v2\/posts"}],"about":[{"href":"https:\/\/patagoniambiental.com.ar\/info\/wp-json\/wp\/v2\/types\/post"}],"author":[{"embeddable":true,"href":"https:\/\/patagoniambiental.com.ar\/info\/wp-json\/wp\/v2\/users\/2"}],"replies":[{"embeddable":true,"href":"https:\/\/patagoniambiental.com.ar\/info\/wp-json\/wp\/v2\/comments?post=32010"}],"version-history":[{"count":0,"href":"https:\/\/patagoniambiental.com.ar\/info\/wp-json\/wp\/v2\/posts\/32010\/revisions"}],"wp:featuredmedia":[{"embeddable":true,"href":"https:\/\/patagoniambiental.com.ar\/info\/wp-json\/wp\/v2\/media\/32011"}],"wp:attachment":[{"href":"https:\/\/patagoniambiental.com.ar\/info\/wp-json\/wp\/v2\/media?parent=32010"}],"wp:term":[{"taxonomy":"category","embeddable":true,"href":"https:\/\/patagoniambiental.com.ar\/info\/wp-json\/wp\/v2\/categories?post=32010"},{"taxonomy":"post_tag","embeddable":true,"href":"https:\/\/patagoniambiental.com.ar\/info\/wp-json\/wp\/v2\/tags?post=32010"}],"curies":[{"name":"wp","href":"https:\/\/api.w.org\/{rel}","templated":true}]}}