{"id":32070,"date":"2017-07-20T09:00:50","date_gmt":"2017-07-20T12:00:50","guid":{"rendered":"http:\/\/patagoniambiental.com.ar\/info\/?p=32070"},"modified":"2017-07-14T15:50:32","modified_gmt":"2017-07-14T18:50:32","slug":"peticion-protejamos-los-loros-barranqueros-del-balneario-el-condor","status":"publish","type":"post","link":"https:\/\/patagoniambiental.com.ar\/info\/peticion-protejamos-los-loros-barranqueros-del-balneario-el-condor\/","title":{"rendered":"Petici\u00f3n: Protejamos los Loros Barranqueros del balneario El C\u00f3ndor"},"content":{"rendered":"<div class=\"row\">\n<div class=\"col-xs-12 col-sm-8 main-column\">\n<div class=\"petition-content\">\n<p class=\"who\"><span id=\"petition-who-to\">Viedma.-Para:\u00a0<\/span>Gobernador de R\u00edo Negro, Alberto Weretilneck, Secretaria de Ambiente y Desarrollo Sustentable de R\u00edo Negro, Dina L. Migani e Intendente de Viedma, Jos\u00e9 L. Foulkes<\/p>\n<p><!--more--><\/p>\n<h1 class=\"mt5 nopadding text-left petition-title\"><\/h1>\n<div class=\"row mt30 mb20\">\n<div class=\"col-xs-12 col-md-5\">\n<div id=\"view-contact-user-form\">\n<div class=\"profile clearfix mb5\">\n<div class=\"left mr5\">\n<div class=\"small-avatar\"><img decoding=\"async\" class=\"profile-image custom-avatar\" title=\"Contacta al creador de la campa\u00f1a\" src=\"https:\/\/d8s293fyljwh4.cloudfront.net\/users\/images\/151304\/avatar\/Sin_t%C3%ADtulo--.png?1496162113\" alt=\"Contacta al creador de la campa\u00f1a\" \/><\/div>\n<\/div>\n<div class=\"inline-block\">\n<div class=\"small-text\">Campa\u00f1a creada por<\/div>\n<div class=\"name\">Patagonia Ambiental<\/div>\n<\/div>\n<\/div>\n<\/div>\n<\/div>\n<div class=\"col-xs-12 col-md-7\"><\/div>\n<\/div>\n<div class=\"petition-image-wrapper\">\n<div class=\"mt10 mb10 centered-image\">\n<div class=\"petition-image\"><img decoding=\"async\" class=\"\" title=\"Protejamos los Loros Barranqueros del balneario El C\u00f3ndor\" src=\"https:\/\/d8s293fyljwh4.cloudfront.net\/petitions\/images\/194679\/horizontal\/13466234_1147429058642482_8170743806111080252_n.jpg?1496160910\" alt=\"Protejamos los Loros Barranqueros del balneario El C\u00f3ndor\" \/><\/div>\n<\/div>\n<\/div>\n<div class=\"petition-text embedly\">\n<div class=\"intro-copy what\">\n<p>Estimados Gobernador, Secretaria e Intendente:<br \/>\nExisten actividades humanas que impactan negativamente la flora y la fauna del balneario El C\u00f3ndor, la zona de acantilados donde se haya la Colonia de Loros Barranqueros m\u00e1s grande del planeta y el estuario del r\u00edo Negro.<\/p>\n<p>La generaci\u00f3n de residuos domiciliarios, incendios intencionales, deforestaci\u00f3n, el comercio ilegal de aves, deportes no del todo regulados y el envenenamiento de los loros con cebos t\u00f3xicos o agroqu\u00edmicos son algunas de las acciones que impactan la zona y destruyen el h\u00e1bitat de las especies que all\u00ed habitan.<\/p>\n<p>Para revertir la situaci\u00f3n existen iniciativas de hace muchos a\u00f1os de la Legislatura rionegrina y del Poder Ejecutivo provincial de creaci\u00f3n del \u00c1rea Natural Protegida \u00abEstuario del R\u00edo Negro, Colonia de Loros Barranqueros y Zonas de influencia\u00bb para proteger a los loros barranqueros y dem\u00e1s especies que cuentan con el aval de ONG ambientalistas internacionales.<br \/>\nPor diferentes razones o intereses, hasta la fecha no se han concretado ninguna de ellas.<\/p>\n<p>Por ello, les pedimos a las autoridades que concreten la creaci\u00f3n del \u00c1rea Natural Protegida para evitar que se siga da\u00f1ando la Colonia de Loros Barranqueros que es un patrimonio de la humanidad y el medio ambiente circundante para el beneficio de todos.<\/p>\n<p>\u00a1Gracias!<\/p>\n<\/div>\n<h3 class=\"why-heading\">\u00bfPor qu\u00e9 es importante esto?<\/h3>\n<div class=\"why\">\n<p>Es importante la creaci\u00f3n del \u00c1rea Natural Protegida porque:<br \/>\n1) contribuir\u00e1 al desarrollo del turismo local de modo sustentable ordenando las actividades humanas que all\u00ed se desarrollan.<br \/>\n2) proteger\u00e1 el medio ambiente local y la biodiversidad.<br \/>\n3) ayudar\u00e1 a conservar los servicios ambientales del estuario del r\u00edo Negro como la provisi\u00f3n de agua potable para la villa mar\u00edtima, provisi\u00f3n de le\u00f1a, etc.<\/p>\n<\/div>\n<\/div>\n<\/div>\n<\/div>\n<div class=\"col-xs-12 col-sm-4 sidebar petition-content\">\n<div id=\"content\" class=\"floating-sidebar\">\n<div id=\"sign_petition\">\n<div class=\"progress\"><\/div>\n<div class=\"stat-block stat-block-major\">\n<div class=\"stat-number\"><span id=\"signatures-size\" data-signatures-size=\"6009\">6.009<\/span><\/div>\n<div class=\"stat-label\">de 7.000 firmas<\/div>\n<\/div>\n<p><a name=\"signature-form\"><\/a><\/p>\n<div class=\"sidebar-box sign mt30\">\n<div class=\"sign-the-petition\">\n<div class=\"titlebar\">\n<p>Firmar la petici\u00f3n<\/p>\n<\/div>\n<form id=\"new_signature\" class=\"simple_form new_signature clearfix\" accept-charset=\"UTF-8\" action=\"https:\/\/www.hagamoseco.org\/petitions\/protejamos-los-loros-barranqueros-del-balneario-el-condor\/signatures\" method=\"post\" novalidate=\"novalidate\" data-remote=\"true\">\n<div class=\"signature-fields\">\n<div class=\"form-group string required signature_first_name\"><label class=\"control-label string required\" for=\"signature_first_name\"><abbr title=\"necesario\">*<\/abbr>Nombre<\/label><span class=\"help-with-tooltip\" title=\"\" data-toggle=\"popover\" data-content=\"Las peticiones que no utilizan los nombres reales no son tomadas muy en serio. Si usas tu nombre real le a\u00f1adir\u00e1s potencia a la petici\u00f3n y la har\u00e1s m\u00e1s eficaz.\" data-trigger=\"hover\" data-placement=\"left\" data-original-title=\"\">?<\/span><input id=\"signature_first_name\" class=\"form-control string required signature-narrow form-control\" name=\"signature[first_name]\" type=\"text\" \/><\/div>\n<div class=\"form-group string required signature_last_name\"><label class=\"control-label string required\" for=\"signature_last_name\"><abbr title=\"necesario\">*<\/abbr>Apellido<\/label><input id=\"signature_last_name\" class=\"form-control string required\" name=\"signature[last_name]\" type=\"text\" \/><\/div>\n<div class=\"form-group email required signature_email\"><label class=\"control-label email required\" for=\"signature_email\"><abbr title=\"necesario\">*<\/abbr>Email<\/label><input id=\"signature_email\" class=\"form-control string email required\" name=\"signature[email]\" type=\"email\" \/><\/div>\n<div class=\"form-group tel optional signature_phone_number\"><label class=\"control-label tel optional\" for=\"signature_phone_number\">N\u00famero de tel\u00e9fono<\/label><span class=\"help-with-tooltip\" title=\"\" data-toggle=\"popover\" data-content=\"El creador de esta petici\u00f3n quiz\u00e1s te contacte por alg\u00fan momento importante de esta campa\u00f1a.\" data-trigger=\"hover\" data-placement=\"left\" data-original-title=\"\">?<\/span><input id=\"signature_phone_number\" class=\"form-control string tel optional signature-narrow form-control\" name=\"signature[phone_number]\" type=\"tel\" \/><\/div>\n<div class=\"form-group country optional signature_country\"><label class=\"control-label country optional\" for=\"signature_country\">Pa\u00eds<\/label><select id=\"signature_country\" class=\"form-control country optional\" name=\"signature[country]\" data-geoip=\"true\" data-geoip-host=\"geoip.controlshiftlabs.com\" data-geoip-attr=\"country\"><option value=\"AF\">Afganist\u00e1n<\/option><option value=\"AL\">Albania<\/option><option value=\"DE\">Alemania<\/option><option value=\"DZ\">Algeria<\/option><option value=\"AD\">Andorra<\/option><option value=\"AO\">Angola<\/option><option value=\"AI\">Anguila<\/option><option value=\"AQ\">Ant\u00e1rtida<\/option><option value=\"AG\">Antigua y Barbuda<\/option><option value=\"SA\">Arabia Saud\u00ed<\/option><option value=\"AR\">Argentina<\/option><option value=\"AM\">Armenia<\/option><option value=\"AW\">Aruba<\/option><option value=\"AU\">Australia<\/option><option value=\"AT\">Austria<\/option><option value=\"AZ\">Azerbay\u00e1n<\/option><option value=\"BS\">Bahamas<\/option><option value=\"BH\">Bahrein<\/option><option value=\"BD\">Bangladesh<\/option><option value=\"BB\">Barbados<\/option><option value=\"BE\">B\u00e9lgica<\/option><option value=\"BZ\">Belice<\/option><option value=\"BJ\">Ben\u00edn<\/option><option value=\"BT\">Bhut\u00e1n<\/option><option value=\"BY\">Bielorrusia<\/option><option value=\"MM\">Birmania<\/option><option value=\"BO\">Bolivia, Estado plurinacional de<\/option><option value=\"BA\">Bosnia y Herzegovina<\/option><option value=\"BW\">Botsuana<\/option><option value=\"BR\">Brasil<\/option><option value=\"IO\">Brit\u00e1nico del Oc\u00e9ano \u00cdndico, Territorio<\/option><option value=\"BN\">Brunei Darussalam<\/option><option value=\"BG\">Bulgaria<\/option><option value=\"BF\">Burquina Faso<\/option><option value=\"BI\">Burundi<\/option><option value=\"CV\">Cabo Verde<\/option><option value=\"KH\">Camboya<\/option><option value=\"CM\">Camer\u00fan<\/option><option value=\"CA\">Canad\u00e1<\/option><option value=\"TD\">Chad<\/option><option value=\"CL\">Chile<\/option><option value=\"CN\">China<\/option><option value=\"CY\">Chipre<\/option><option value=\"CO\">Colombia<\/option><option value=\"KM\">Comores, Islas<\/option><option value=\"CG\">Congo<\/option><option value=\"CD\">Congo, Rep\u00fablica Democr\u00e1tica del<\/option><option value=\"KP\">Corea, Rep\u00fablica Democr\u00e1tica Popular de<\/option><option value=\"KR\">Corea, Rep\u00fablica de<\/option><option value=\"CR\">Costa Rica<\/option><option value=\"CI\">Costa de Marf\u00edl<\/option><option value=\"HR\">Croacia<\/option><option value=\"CU\">Cuba<\/option><option value=\"CW\">Curasao<\/option><option value=\"DK\">Dinamarca<\/option><option value=\"DM\">Dominica<\/option><option value=\"EC\">Ecuador<\/option><option value=\"EG\">Egipto<\/option><option value=\"SV\">El Salvador<\/option><option value=\"AE\">Emiratos \u00c1rabes Unidos<\/option><option value=\"ER\">Eritrea<\/option><option value=\"SK\">Eslovaquia<\/option><option value=\"SI\">Eslovenia<\/option><option value=\"ES\">Espa\u00f1a<\/option><option value=\"US\">Estados Unidos<\/option><option value=\"EE\">Estonia<\/option><option value=\"ET\">Etiop\u00eda<\/option><option value=\"RU\">Federaci\u00f3n Rusa<\/option><option value=\"PH\">Filipinas<\/option><option value=\"FI\">Finlandia<\/option><option value=\"FJ\">Fiyi<\/option><option value=\"FR\">Francia<\/option><option value=\"GA\">Gab\u00f3n<\/option><option value=\"GM\">Gambia<\/option><option value=\"GS\">Georgia del Sur e Islas Sandwitch del Sur<\/option><option value=\"GE\">Georgia<\/option><option value=\"GH\">Ghana<\/option><option value=\"GI\">Gibraltar<\/option><option value=\"GD\">Granada<\/option><option value=\"GR\">Grecia<\/option><option value=\"GL\">Groenlandia<\/option><option value=\"GP\">Guadalupe<\/option><option value=\"GU\">Guam<\/option><option value=\"GT\">Guatemala<\/option><option value=\"GF\">Guayana Francesa<\/option><option value=\"GG\">Guernsey<\/option><option value=\"GQ\">Guinea Ecuatorial<\/option><option value=\"GN\">Guinea<\/option><option value=\"GW\">Guinea-Bissau<\/option><option value=\"GY\">Guyana<\/option><option value=\"HT\">Hait\u00ed<\/option><option value=\"HN\">Honduras<\/option><option value=\"HK\">Hong Kong<\/option><option value=\"HU\">Hungr\u00eda<\/option><option value=\"IN\">India<\/option><option value=\"ID\">Indonesia<\/option><option value=\"IQ\">Irak<\/option><option value=\"IR\">Ir\u00e1n, Rep\u00fablica isl\u00e1mica de<\/option><option value=\"IE\">Irlanda<\/option><option value=\"BV\">Isla Bouvet<\/option><option value=\"NF\">Isla Norfolk<\/option><option value=\"IM\">Isla de Man<\/option><option value=\"CX\">Isla de Navidad<\/option><option value=\"SX\">Isla de San Mart\u00edn (zona holandsea)<\/option><option value=\"IS\">Islandia<\/option><option value=\"AX\">Islas \u00c4land<\/option><option value=\"BQ\">Islas BES (Caribe Neerland\u00e9s)<\/option><option value=\"BM\">Islas Bermudas<\/option><option value=\"KY\">Islas Caim\u00e1n<\/option><option value=\"CC\">Islas Cocos (Keeling)<\/option><option value=\"CK\">Islas Cook<\/option><option value=\"FK\">Islas Falkland (Malvinas)<\/option><option value=\"FO\">Islas Feroe<\/option><option value=\"HM\">Islas Heard e Islas McDonald<\/option><option value=\"MV\">Islas Maldivas<\/option><option value=\"MP\">Islas Marianas del Norte<\/option><option value=\"MH\">Islas Marshall<\/option><option value=\"SB\">Islas Salom\u00f3n<\/option><option value=\"VG\">Islas V\u00edrgenes, Brit\u00e1nicas<\/option><option value=\"VI\">Islas V\u00edrgenes, de EEUU<\/option><option value=\"UM\">Islas menores exteriores de Estados Unidos<\/option><option value=\"IL\">Israel<\/option><option value=\"IT\">Italia<\/option><option value=\"JM\">Jamaica<\/option><option value=\"JP\">Jap\u00f3n<\/option><option value=\"JE\">Jersey<\/option><option value=\"JO\">Jordania<\/option><option value=\"KZ\">Kazajist\u00e1n<\/option><option value=\"KE\">Kenia<\/option><option value=\"KG\">Kirgizst\u00e1n<\/option><option value=\"KI\">Kiribati<\/option><option value=\"KW\">Kuwait<\/option><option value=\"LS\">Lesoto<\/option><option value=\"LV\">Letonia<\/option><option value=\"LB\">L\u00edbano<\/option><option value=\"LR\">Liberia<\/option><option value=\"LY\">Libia<\/option><option value=\"LI\">Liechtenstein<\/option><option value=\"LT\">Lituania<\/option><option value=\"LU\">Luxemburgo<\/option><option value=\"MO\">Macao<\/option><option value=\"MK\">Macedonia, Rep\u00fablica de<\/option><option value=\"MG\">Madagascar<\/option><option value=\"MY\">Malasia<\/option><option value=\"MW\">Malawi<\/option><option value=\"ML\">Mali<\/option><option value=\"MT\">Malta<\/option><option value=\"MA\">Marruecos<\/option><option value=\"MQ\">Martinica<\/option><option value=\"MU\">Mauricio<\/option><option value=\"MR\">Mauritania<\/option><option value=\"YT\">Mayotte<\/option><option value=\"MX\">M\u00e9xico<\/option><option value=\"FM\">Micronesia, Estados Federados de<\/option><option value=\"MD\">Moldavia, Rep\u00fablica de<\/option><option value=\"MC\">M\u00f3naco<\/option><option value=\"MN\">Mongolia<\/option><option value=\"ME\">Montenegro<\/option><option value=\"MS\">Montserrat<\/option><option value=\"MZ\">Mozambique<\/option><option value=\"NA\">Namibia<\/option><option value=\"NR\">Nauru<\/option><option value=\"NP\">Nepal<\/option><option value=\"AN\">Netherlands Antilles<\/option><option value=\"NI\">Nicaragua<\/option><option value=\"NE\">Niger<\/option><option value=\"NG\">Nigeria<\/option><option value=\"NU\">Niue<\/option><option value=\"NO\">Noruega<\/option><option value=\"NC\">Nueva Caledonia<\/option><option value=\"NZ\">Nueva Zelanda<\/option><option value=\"OM\">Om\u00e1n<\/option><option value=\"NL\">Pa\u00edses Bajos<\/option><option value=\"PK\">Pakist\u00e1n<\/option><option value=\"PW\">Palau<\/option><option value=\"PS\">Palestina, Estado de<\/option><option value=\"PA\">Panam\u00e1<\/option><option value=\"PG\">Pap\u00faa Nueva Guinea<\/option><option value=\"PY\">Paraguay<\/option><option value=\"PE\">Per\u00fa<\/option><option value=\"PN\">Pitcairn<\/option><option value=\"PF\">Polinesia Francesa<\/option><option value=\"PL\">Polonia<\/option><option value=\"PT\">Portugal<\/option><option value=\"PR\">Puerto Rico<\/option><option value=\"QA\">Qatar<\/option><option value=\"GB\">Reino Unido<\/option><option value=\"CF\">Rep\u00fablica Centro-africana<\/option><option value=\"CZ\">Rep\u00fablica Checa<\/option><option value=\"LA\">Rep\u00fablica Democr\u00e1tica Popular de Lao<\/option><option value=\"DO\">Rep\u00fablica Dominicana<\/option><option value=\"SY\">Rep\u00fablica \u00e1rabe de Siria<\/option><option value=\"RE\">Reuni\u00f3n<\/option><option value=\"RW\">Ruanda<\/option><option value=\"RO\">Ruman\u00eda<\/option><option value=\"EH\">Sahara Occidental<\/option><option value=\"AS\">Samoa Americana<\/option><option value=\"WS\">Samoa<\/option><option value=\"BL\">San Bartolom\u00e9<\/option><option value=\"KN\">San Cristobo y Nevis<\/option><option value=\"SM\">San Marino<\/option><option value=\"MF\">San Mart\u00edn (zona francesa)<\/option><option value=\"PM\">San Pedro y Miquelon<\/option><option value=\"VC\">San Vicente y las Granadinas<\/option><option value=\"SH\">Santa Elena, Ascensi\u00f3n y Trist\u00e1n de Acu\u00f1a<\/option><option value=\"LC\">Santa Luc\u00eda<\/option><option value=\"VA\">Santa Sede (Ciudad Estado del Vaticano)<\/option><option value=\"ST\">Santo Tom\u00e9 y Pr\u00edncipe<\/option><option value=\"SN\">Senegal<\/option><option value=\"RS\">Serbia<\/option><option value=\"SC\">Seychelles<\/option><option value=\"SL\">Sierra Leona<\/option><option value=\"SG\">Singapur<\/option><option value=\"SO\">Somalia<\/option><option value=\"LK\">Sri Lanka<\/option><option value=\"SS\">Sud\u00e1n del Sur<\/option><option value=\"SD\">Sud\u00e1n<\/option><option value=\"SE\">Suecia<\/option><option value=\"CH\">Suiza<\/option><option value=\"ZA\">Sur\u00e1frica<\/option><option value=\"SR\">Surin\u00e1m<\/option><option value=\"SJ\">Svalbard y Jan Mayen<\/option><option value=\"SZ\">Swazilandia<\/option><option value=\"TJ\">Tadjikist\u00e1n<\/option><option value=\"TH\">Tailandia<\/option><option value=\"TW\">Taiw\u00e1n<\/option><option value=\"TZ\">Tanzania, Rep\u00fablica unida de<\/option><option value=\"TF\">Territorios Franceses del Sur<\/option><option value=\"TL\">Timor Oriental<\/option><option value=\"TG\">Togo<\/option><option value=\"TK\">Tokelau<\/option><option value=\"TO\">Tonga<\/option><option value=\"TT\">Trinidad y Tobago<\/option><option value=\"TN\">Tunez<\/option><option value=\"TM\">Turkmenist\u00e1n<\/option><option value=\"TC\">Turks y Caicos, Islas<\/option><option value=\"TR\">Turqu\u00eda<\/option><option value=\"TV\">Tuvalu<\/option><option value=\"UA\">Ucrania<\/option><option value=\"UG\">Uganda<\/option><option value=\"UY\">Uruguay<\/option><option value=\"UZ\">Uzbekist\u00e1n<\/option><option value=\"VU\">Vanuatu<\/option><option value=\"VE\">Venezuela, Rep\u00fablica Bolivariana de<\/option><option value=\"VN\">Vietnam<\/option><option value=\"WF\">Wallis y Futuna<\/option><option value=\"YE\">Yemen<\/option><option value=\"DJ\">Yibuti<\/option><option value=\"ZM\">Zambia<\/option><option value=\"ZW\">Zimbabue<\/option><\/select><\/div>\n<\/div>\n<div class=\"checkbox checkbox-with-help\"><label><input id=\"signature_join_organisation\" class=\"boolean\" checked=\"checked\" name=\"signature[join_organisation]\" type=\"checkbox\" value=\"1\" \/><span class=\"mr5\">\u00danete a Hagamos Eco<\/span><\/label><span class=\"help-with-tooltip\" title=\"\" data-toggle=\"popover\" data-content=\"Deja esta casilla marcada para enterarte sobre campa\u00f1as de  y sobre peticiones creadas por los miembros en Hagamos Eco.\" data-trigger=\"hover\" data-placement=\"left\" data-viewport=\"body\" data-original-title=\"\">?<\/span><\/div>\n<p><input id=\"new_signature_button\" class=\"btn btn btn-primary btn-lg btn-block\" name=\"commit\" type=\"submit\" value=\"Firma\" data-disable-with=\"Firmando...\" \/><\/form>\n<\/div>\n<\/div>\n<p class=\"sidebar-box share\">\n<p class=\"sidebar-box comment\">\n<\/div>\n<div class=\"last_signed mt50\">\n<h4>\u00daLTIMA FIRMA DE:<\/h4>\n<\/div>\n<table class=\"signatures-box table table-condensed mt10 full-width\">\n<tbody>\n<tr>\n<td>Angelina R.<\/td>\n<td class=\"small-text text-right\">\n<div class=\"padding5\"><abbr class=\"timeago\" title=\"2017-07-13 13:11:28 -0300\">hace unos 11 minutos<\/abbr><\/div>\n<\/td>\n<\/tr>\n<tr>\n<td>Mariel S.<\/td>\n<td class=\"small-text text-right\">\n<div class=\"padding5\"><abbr class=\"timeago\" title=\"2017-07-13 12:27:16 -0300\">hace una hora<\/abbr><\/div>\n<\/td>\n<\/tr>\n<tr>\n<td>Eray L.<\/td>\n<td class=\"small-text text-right\">\n<div class=\"padding5\"><abbr class=\"timeago\" title=\"2017-07-13 12:24:21 -0300\">hace una hora<\/abbr><\/div>\n<\/td>\n<\/tr>\n<tr>\n<td>julieta h.<\/td>\n<td class=\"small-text text-right\">\n<div class=\"padding5\"><abbr class=\"timeago\" title=\"2017-07-13 12:16:08 -0300\">hace una hora<\/abbr><\/div>\n<\/td>\n<\/tr>\n<tr>\n<td>Renzo V.<\/td>\n<td class=\"small-text text-right\">\n<div class=\"padding5\"><abbr class=\"timeago\" title=\"2017-07-13 12:05:13 -0300\">hace una hora<\/abbr><\/div>\n<\/td>\n<\/tr>\n<\/tbody>\n<\/table>\n<\/div>\n<\/div>\n<\/div>\n<p>&nbsp;<\/p>\n<div class=\"row\">\n<div class=\"col-xs-12 col-sm-8 main-column petition-content\">\n<div class=\"col-xs-12\">\n<div class=\"petition-map full-width-map\">\n<div class=\"map\"><img decoding=\"async\" src=\"https:\/\/maps.googleapis.com\/maps\/api\/staticmap?size=640x230&amp;zoom=9&amp;markers=icon:https%3A%2F%2Fd8s293fyljwh4.cloudfront.net%2Fassets%2Fmarker-centered-8c136d4b7a48c3bc4d8afbb7608edafa70f025fdb3d8dccb7e53e768f5feabb2.png%7Cshadow:false%7C-41.0414815%2C-62.8291098&amp;key=AIzaSyAibVvOfhX3PY_7kSRBw0qCayhlABVbkD4&amp;signature=v1qJU7d9W34Hs6c-MOz6vjZ2I-E%3D\" alt=\"Balneario El Condor, R\u00edo Negro, Argentina\" \/><\/div>\n<\/div>\n<\/div>\n<div class=\"col-xs-12\">\n<div class=\"btn-group btn-group-justified share-box\"><label class=\"btn btn-default hidden-sm\">COMPARTIR<\/label><a class=\"share facebook btn btn-default\" href=\"https:\/\/www.hagamoseco.org\/petitions\/protejamos-los-loros-barranqueros-del-balneario-el-condor?source=fbpost130617#\" data-href=\"\/\/www.facebook.com\/sharer\/sharer.php?u=https%3A%2F%2Fwww.hagamoseco.org%2Fpetitions%2Fprotejamos-los-loros-barranqueros-del-balneario-el-condor%3Fsource%3Dfacebook-share-button%26time%3D1499634128\" data-show-count=\"false\" data-slug=\"protejamos-los-loros-barranqueros-del-balneario-el-condor\"><i class=\"fa fa-facebook\"><\/i>\u00a0Facebook<\/a><a class=\"share twitter btn btn-default\" href=\"https:\/\/www.hagamoseco.org\/petitions\/protejamos-los-loros-barranqueros-del-balneario-el-condor?source=fbpost130617#\" data-href=\"https:\/\/twitter.com\/intent\/tweet?url=https%3A%2F%2Fwww.hagamoseco.org%2Fpetitions%2Fprotejamos-los-loros-barranqueros-del-balneario-el-condor%3Fsource%3Dtwitter-share-button&amp;text=Firm%C3%A1%20y%20ped%C3%AD%20a%20%40Weretilneck%20%40DinalinaMigani%20y%20%40JoseFoulkes%20de%20%40MunicipioViedma%20que%20proteja%20los%20loros%20barranqueros&amp;lang=es\"><i class=\"fa fa-twitter\"><\/i>\u00a0Twitter<\/a><a class=\"share email view-email-template btn btn-default\"><i class=\"fa fa-envelope-o\"><\/i>\u00a0Correo electr\u00f3nico<\/a><\/div>\n<\/div>\n<p class=\"row mt50\">Fuente: www.hagamoseco.org<\/p>\n<\/div>\n<\/div>\n","protected":false},"excerpt":{"rendered":"<p>Viedma.-Para:\u00a0Gobernador de R\u00edo Negro, Alberto Weretilneck, Secretaria de Ambiente y Desarrollo Sustentable de R\u00edo Negro, Dina L. Migani e Intendente [&hellip;]<\/p>\n","protected":false},"author":2,"featured_media":32071,"comment_status":"open","ping_status":"open","sticky":false,"template":"","format":"standard","meta":{"site-sidebar-layout":"default","site-content-layout":"","ast-site-content-layout":"default","site-content-style":"default","site-sidebar-style":"default","ast-global-header-display":"","ast-banner-title-visibility":"","ast-main-header-display":"","ast-hfb-above-header-display":"","ast-hfb-below-header-display":"","ast-hfb-mobile-header-display":"","site-post-title":"","ast-breadcrumbs-content":"","ast-featured-img":"","footer-sml-layout":"","ast-disable-related-posts":"","theme-transparent-header-meta":"","adv-header-id-meta":"","stick-header-meta":"","header-above-stick-meta":"","header-main-stick-meta":"","header-below-stick-meta":"","astra-migrate-meta-layouts":"default","ast-page-background-enabled":"default","ast-page-background-meta":{"desktop":{"background-color":"var(--ast-global-color-5)","background-image":"","background-repeat":"repeat","background-position":"center center","background-size":"auto","background-attachment":"scroll","background-type":"","background-media":"","overlay-type":"","overlay-color":"","overlay-opacity":"","overlay-gradient":""},"tablet":{"background-color":"","background-image":"","background-repeat":"repeat","background-position":"center center","background-size":"auto","background-attachment":"scroll","background-type":"","background-media":"","overlay-type":"","overlay-color":"","overlay-opacity":"","overlay-gradient":""},"mobile":{"background-color":"","background-image":"","background-repeat":"repeat","background-position":"center center","background-size":"auto","background-attachment":"scroll","background-type":"","background-media":"","overlay-type":"","overlay-color":"","overlay-opacity":"","overlay-gradient":""}},"ast-content-background-meta":{"desktop":{"background-color":"var(--ast-global-color-4)","background-image":"","background-repeat":"repeat","background-position":"center center","background-size":"auto","background-attachment":"scroll","background-type":"","background-media":"","overlay-type":"","overlay-color":"","overlay-opacity":"","overlay-gradient":""},"tablet":{"background-color":"var(--ast-global-color-4)","background-image":"","background-repeat":"repeat","background-position":"center center","background-size":"auto","background-attachment":"scroll","background-type":"","background-media":"","overlay-type":"","overlay-color":"","overlay-opacity":"","overlay-gradient":""},"mobile":{"background-color":"var(--ast-global-color-4)","background-image":"","background-repeat":"repeat","background-position":"center center","background-size":"auto","background-attachment":"scroll","background-type":"","background-media":"","overlay-type":"","overlay-color":"","overlay-opacity":"","overlay-gradient":""}},"footnotes":""},"categories":[11,1,13,14,10],"tags":[],"class_list":["post-32070","post","type-post","status-publish","format-standard","has-post-thumbnail","hentry","category-boletin","category-noticias","category-provinciales","category-rio-negro","category-rotador"],"yoast_head":"<!-- This site is optimized with the Yoast SEO Premium plugin v23.0 (Yoast SEO v27.5) - https:\/\/yoast.com\/product\/yoast-seo-premium-wordpress\/ -->\n<title>Petici\u00f3n: Protejamos los Loros Barranqueros del balneario El C\u00f3ndor<\/title>\n<meta name=\"robots\" content=\"index, follow, max-snippet:-1, max-image-preview:large, max-video-preview:-1\" \/>\n<link rel=\"canonical\" href=\"https:\/\/patagoniambiental.com.ar\/info\/peticion-protejamos-los-loros-barranqueros-del-balneario-el-condor\/\" \/>\n<meta property=\"og:locale\" content=\"es_ES\" \/>\n<meta property=\"og:type\" content=\"article\" \/>\n<meta property=\"og:title\" content=\"Petici\u00f3n: Protejamos los Loros Barranqueros del balneario El C\u00f3ndor\" \/>\n<meta property=\"og:description\" content=\"Viedma.-Para:\u00a0Gobernador de R\u00edo Negro, Alberto Weretilneck, Secretaria de Ambiente y Desarrollo Sustentable de R\u00edo Negro, Dina L. Migani e Intendente [&hellip;]\" \/>\n<meta property=\"og:url\" content=\"https:\/\/patagoniambiental.com.ar\/info\/peticion-protejamos-los-loros-barranqueros-del-balneario-el-condor\/\" \/>\n<meta property=\"og:site_name\" content=\"Patagonia Ambiental\" \/>\n<meta property=\"article:publisher\" content=\"https:\/\/www.facebook.com\/patagonia.ambiental\" \/>\n<meta property=\"article:author\" content=\"https:\/\/www.facebook.com\/share\/1C1V8Gv9BX\/?mibextid=qi2Omg\" \/>\n<meta property=\"article:published_time\" content=\"2017-07-20T12:00:50+00:00\" \/>\n<meta property=\"og:image\" content=\"https:\/\/patagoniambiental.com.ar\/info\/wp-content\/uploads\/2017\/07\/13466234_1147429058642482_8170743806111080252_n.jpg\" \/>\n\t<meta property=\"og:image:width\" content=\"725\" \/>\n\t<meta property=\"og:image:height\" content=\"300\" \/>\n\t<meta property=\"og:image:type\" content=\"image\/jpeg\" \/>\n<meta name=\"author\" content=\"Patagonia Ambiental\" \/>\n<meta name=\"twitter:card\" content=\"summary_large_image\" \/>\n<meta name=\"twitter:creator\" content=\"@PatAmb\" \/>\n<meta name=\"twitter:site\" content=\"@PatAmb\" \/>\n<script type=\"application\/ld+json\" class=\"yoast-schema-graph\">{\"@context\":\"https:\\\/\\\/schema.org\",\"@graph\":[{\"@type\":\"Article\",\"@id\":\"https:\\\/\\\/patagoniambiental.com.ar\\\/info\\\/peticion-protejamos-los-loros-barranqueros-del-balneario-el-condor\\\/#article\",\"isPartOf\":{\"@id\":\"https:\\\/\\\/patagoniambiental.com.ar\\\/info\\\/peticion-protejamos-los-loros-barranqueros-del-balneario-el-condor\\\/\"},\"author\":{\"name\":\"Patagonia Ambiental\",\"@id\":\"https:\\\/\\\/patagoniambiental.com.ar\\\/info\\\/#\\\/schema\\\/person\\\/db12bff64bbcbf6a253710bf0ea37b5d\"},\"headline\":\"Petici\u00f3n: Protejamos los Loros Barranqueros del balneario El C\u00f3ndor\",\"datePublished\":\"2017-07-20T12:00:50+00:00\",\"mainEntityOfPage\":{\"@id\":\"https:\\\/\\\/patagoniambiental.com.ar\\\/info\\\/peticion-protejamos-los-loros-barranqueros-del-balneario-el-condor\\\/\"},\"wordCount\":884,\"commentCount\":0,\"publisher\":{\"@id\":\"https:\\\/\\\/patagoniambiental.com.ar\\\/info\\\/#organization\"},\"image\":{\"@id\":\"https:\\\/\\\/patagoniambiental.com.ar\\\/info\\\/peticion-protejamos-los-loros-barranqueros-del-balneario-el-condor\\\/#primaryimage\"},\"thumbnailUrl\":\"https:\\\/\\\/patagoniambiental.com.ar\\\/info\\\/wp-content\\\/uploads\\\/2017\\\/07\\\/13466234_1147429058642482_8170743806111080252_n.jpg\",\"articleSection\":[\"Bolet\u00edn\",\"Noticias\",\"Provinciales\",\"R\u00edo Negro\",\"Rotador\"],\"inLanguage\":\"es\",\"potentialAction\":[{\"@type\":\"CommentAction\",\"name\":\"Comment\",\"target\":[\"https:\\\/\\\/patagoniambiental.com.ar\\\/info\\\/peticion-protejamos-los-loros-barranqueros-del-balneario-el-condor\\\/#respond\"]}]},{\"@type\":\"WebPage\",\"@id\":\"https:\\\/\\\/patagoniambiental.com.ar\\\/info\\\/peticion-protejamos-los-loros-barranqueros-del-balneario-el-condor\\\/\",\"url\":\"https:\\\/\\\/patagoniambiental.com.ar\\\/info\\\/peticion-protejamos-los-loros-barranqueros-del-balneario-el-condor\\\/\",\"name\":\"Petici\u00f3n: Protejamos los Loros Barranqueros del balneario El C\u00f3ndor\",\"isPartOf\":{\"@id\":\"https:\\\/\\\/patagoniambiental.com.ar\\\/info\\\/#website\"},\"primaryImageOfPage\":{\"@id\":\"https:\\\/\\\/patagoniambiental.com.ar\\\/info\\\/peticion-protejamos-los-loros-barranqueros-del-balneario-el-condor\\\/#primaryimage\"},\"image\":{\"@id\":\"https:\\\/\\\/patagoniambiental.com.ar\\\/info\\\/peticion-protejamos-los-loros-barranqueros-del-balneario-el-condor\\\/#primaryimage\"},\"thumbnailUrl\":\"https:\\\/\\\/patagoniambiental.com.ar\\\/info\\\/wp-content\\\/uploads\\\/2017\\\/07\\\/13466234_1147429058642482_8170743806111080252_n.jpg\",\"datePublished\":\"2017-07-20T12:00:50+00:00\",\"breadcrumb\":{\"@id\":\"https:\\\/\\\/patagoniambiental.com.ar\\\/info\\\/peticion-protejamos-los-loros-barranqueros-del-balneario-el-condor\\\/#breadcrumb\"},\"inLanguage\":\"es\",\"potentialAction\":[{\"@type\":\"ReadAction\",\"target\":[\"https:\\\/\\\/patagoniambiental.com.ar\\\/info\\\/peticion-protejamos-los-loros-barranqueros-del-balneario-el-condor\\\/\"]}]},{\"@type\":\"ImageObject\",\"inLanguage\":\"es\",\"@id\":\"https:\\\/\\\/patagoniambiental.com.ar\\\/info\\\/peticion-protejamos-los-loros-barranqueros-del-balneario-el-condor\\\/#primaryimage\",\"url\":\"https:\\\/\\\/patagoniambiental.com.ar\\\/info\\\/wp-content\\\/uploads\\\/2017\\\/07\\\/13466234_1147429058642482_8170743806111080252_n.jpg\",\"contentUrl\":\"https:\\\/\\\/patagoniambiental.com.ar\\\/info\\\/wp-content\\\/uploads\\\/2017\\\/07\\\/13466234_1147429058642482_8170743806111080252_n.jpg\",\"width\":725,\"height\":300},{\"@type\":\"BreadcrumbList\",\"@id\":\"https:\\\/\\\/patagoniambiental.com.ar\\\/info\\\/peticion-protejamos-los-loros-barranqueros-del-balneario-el-condor\\\/#breadcrumb\",\"itemListElement\":[{\"@type\":\"ListItem\",\"position\":1,\"name\":\"Inicio\",\"item\":\"https:\\\/\\\/patagoniambiental.com.ar\\\/info\\\/\"},{\"@type\":\"ListItem\",\"position\":2,\"name\":\"Petici\u00f3n: Protejamos los Loros Barranqueros del balneario El C\u00f3ndor\"}]},{\"@type\":\"WebSite\",\"@id\":\"https:\\\/\\\/patagoniambiental.com.ar\\\/info\\\/#website\",\"url\":\"https:\\\/\\\/patagoniambiental.com.ar\\\/info\\\/\",\"name\":\"Patagonia Ambiental\",\"description\":\"Monitoreo y an\u00e1lisis de la situaci\u00f3n geopol\u00edtica en el mundo y su implicancia en la Patagonia\",\"publisher\":{\"@id\":\"https:\\\/\\\/patagoniambiental.com.ar\\\/info\\\/#organization\"},\"potentialAction\":[{\"@type\":\"SearchAction\",\"target\":{\"@type\":\"EntryPoint\",\"urlTemplate\":\"https:\\\/\\\/patagoniambiental.com.ar\\\/info\\\/?s={search_term_string}\"},\"query-input\":{\"@type\":\"PropertyValueSpecification\",\"valueRequired\":true,\"valueName\":\"search_term_string\"}}],\"inLanguage\":\"es\"},{\"@type\":\"Organization\",\"@id\":\"https:\\\/\\\/patagoniambiental.com.ar\\\/info\\\/#organization\",\"name\":\"Patagonia Ambiental\",\"url\":\"https:\\\/\\\/patagoniambiental.com.ar\\\/info\\\/\",\"logo\":{\"@type\":\"ImageObject\",\"inLanguage\":\"es\",\"@id\":\"https:\\\/\\\/patagoniambiental.com.ar\\\/info\\\/#\\\/schema\\\/logo\\\/image\\\/\",\"url\":\"https:\\\/\\\/patagoniambiental.com.ar\\\/info\\\/wp-content\\\/uploads\\\/2025\\\/05\\\/LOGO-PATAGONIA-AMBIENTAL.png\",\"contentUrl\":\"https:\\\/\\\/patagoniambiental.com.ar\\\/info\\\/wp-content\\\/uploads\\\/2025\\\/05\\\/LOGO-PATAGONIA-AMBIENTAL.png\",\"width\":433,\"height\":250,\"caption\":\"Patagonia Ambiental\"},\"image\":{\"@id\":\"https:\\\/\\\/patagoniambiental.com.ar\\\/info\\\/#\\\/schema\\\/logo\\\/image\\\/\"},\"sameAs\":[\"https:\\\/\\\/www.facebook.com\\\/patagonia.ambiental\",\"https:\\\/\\\/x.com\\\/PatAmb\"]},{\"@type\":\"Person\",\"@id\":\"https:\\\/\\\/patagoniambiental.com.ar\\\/info\\\/#\\\/schema\\\/person\\\/db12bff64bbcbf6a253710bf0ea37b5d\",\"name\":\"Patagonia Ambiental\",\"description\":\"Andr\u00e9s Nievas T\u00e9cnico en manejo ambiental, consultor Ambiental y escritor para medios locales e internacionales sobre temas de geopolitica y medio ambiente.\",\"sameAs\":[\"http:\\\/\\\/www.patagoniambiental.com.ar\",\"https:\\\/\\\/www.facebook.com\\\/share\\\/1C1V8Gv9BX\\\/?mibextid=qi2Omg\",\"@patagoniambiental\",\"https:\\\/\\\/youtube.com\\\/@patagoniaambiental2023?si=BLt58t0wuXquxlYZ\"]}]}<\/script>\n<!-- \/ Yoast SEO Premium plugin. -->","yoast_head_json":{"title":"Petici\u00f3n: Protejamos los Loros Barranqueros del balneario El C\u00f3ndor","robots":{"index":"index","follow":"follow","max-snippet":"max-snippet:-1","max-image-preview":"max-image-preview:large","max-video-preview":"max-video-preview:-1"},"canonical":"https:\/\/patagoniambiental.com.ar\/info\/peticion-protejamos-los-loros-barranqueros-del-balneario-el-condor\/","og_locale":"es_ES","og_type":"article","og_title":"Petici\u00f3n: Protejamos los Loros Barranqueros del balneario El C\u00f3ndor","og_description":"Viedma.-Para:\u00a0Gobernador de R\u00edo Negro, Alberto Weretilneck, Secretaria de Ambiente y Desarrollo Sustentable de R\u00edo Negro, Dina L. Migani e Intendente [&hellip;]","og_url":"https:\/\/patagoniambiental.com.ar\/info\/peticion-protejamos-los-loros-barranqueros-del-balneario-el-condor\/","og_site_name":"Patagonia Ambiental","article_publisher":"https:\/\/www.facebook.com\/patagonia.ambiental","article_author":"https:\/\/www.facebook.com\/share\/1C1V8Gv9BX\/?mibextid=qi2Omg","article_published_time":"2017-07-20T12:00:50+00:00","og_image":[{"width":725,"height":300,"url":"https:\/\/patagoniambiental.com.ar\/info\/wp-content\/uploads\/2017\/07\/13466234_1147429058642482_8170743806111080252_n.jpg","type":"image\/jpeg"}],"author":"Patagonia Ambiental","twitter_card":"summary_large_image","twitter_creator":"@PatAmb","twitter_site":"@PatAmb","schema":{"@context":"https:\/\/schema.org","@graph":[{"@type":"Article","@id":"https:\/\/patagoniambiental.com.ar\/info\/peticion-protejamos-los-loros-barranqueros-del-balneario-el-condor\/#article","isPartOf":{"@id":"https:\/\/patagoniambiental.com.ar\/info\/peticion-protejamos-los-loros-barranqueros-del-balneario-el-condor\/"},"author":{"name":"Patagonia Ambiental","@id":"https:\/\/patagoniambiental.com.ar\/info\/#\/schema\/person\/db12bff64bbcbf6a253710bf0ea37b5d"},"headline":"Petici\u00f3n: Protejamos los Loros Barranqueros del balneario El C\u00f3ndor","datePublished":"2017-07-20T12:00:50+00:00","mainEntityOfPage":{"@id":"https:\/\/patagoniambiental.com.ar\/info\/peticion-protejamos-los-loros-barranqueros-del-balneario-el-condor\/"},"wordCount":884,"commentCount":0,"publisher":{"@id":"https:\/\/patagoniambiental.com.ar\/info\/#organization"},"image":{"@id":"https:\/\/patagoniambiental.com.ar\/info\/peticion-protejamos-los-loros-barranqueros-del-balneario-el-condor\/#primaryimage"},"thumbnailUrl":"https:\/\/patagoniambiental.com.ar\/info\/wp-content\/uploads\/2017\/07\/13466234_1147429058642482_8170743806111080252_n.jpg","articleSection":["Bolet\u00edn","Noticias","Provinciales","R\u00edo Negro","Rotador"],"inLanguage":"es","potentialAction":[{"@type":"CommentAction","name":"Comment","target":["https:\/\/patagoniambiental.com.ar\/info\/peticion-protejamos-los-loros-barranqueros-del-balneario-el-condor\/#respond"]}]},{"@type":"WebPage","@id":"https:\/\/patagoniambiental.com.ar\/info\/peticion-protejamos-los-loros-barranqueros-del-balneario-el-condor\/","url":"https:\/\/patagoniambiental.com.ar\/info\/peticion-protejamos-los-loros-barranqueros-del-balneario-el-condor\/","name":"Petici\u00f3n: Protejamos los Loros Barranqueros del balneario El C\u00f3ndor","isPartOf":{"@id":"https:\/\/patagoniambiental.com.ar\/info\/#website"},"primaryImageOfPage":{"@id":"https:\/\/patagoniambiental.com.ar\/info\/peticion-protejamos-los-loros-barranqueros-del-balneario-el-condor\/#primaryimage"},"image":{"@id":"https:\/\/patagoniambiental.com.ar\/info\/peticion-protejamos-los-loros-barranqueros-del-balneario-el-condor\/#primaryimage"},"thumbnailUrl":"https:\/\/patagoniambiental.com.ar\/info\/wp-content\/uploads\/2017\/07\/13466234_1147429058642482_8170743806111080252_n.jpg","datePublished":"2017-07-20T12:00:50+00:00","breadcrumb":{"@id":"https:\/\/patagoniambiental.com.ar\/info\/peticion-protejamos-los-loros-barranqueros-del-balneario-el-condor\/#breadcrumb"},"inLanguage":"es","potentialAction":[{"@type":"ReadAction","target":["https:\/\/patagoniambiental.com.ar\/info\/peticion-protejamos-los-loros-barranqueros-del-balneario-el-condor\/"]}]},{"@type":"ImageObject","inLanguage":"es","@id":"https:\/\/patagoniambiental.com.ar\/info\/peticion-protejamos-los-loros-barranqueros-del-balneario-el-condor\/#primaryimage","url":"https:\/\/patagoniambiental.com.ar\/info\/wp-content\/uploads\/2017\/07\/13466234_1147429058642482_8170743806111080252_n.jpg","contentUrl":"https:\/\/patagoniambiental.com.ar\/info\/wp-content\/uploads\/2017\/07\/13466234_1147429058642482_8170743806111080252_n.jpg","width":725,"height":300},{"@type":"BreadcrumbList","@id":"https:\/\/patagoniambiental.com.ar\/info\/peticion-protejamos-los-loros-barranqueros-del-balneario-el-condor\/#breadcrumb","itemListElement":[{"@type":"ListItem","position":1,"name":"Inicio","item":"https:\/\/patagoniambiental.com.ar\/info\/"},{"@type":"ListItem","position":2,"name":"Petici\u00f3n: Protejamos los Loros Barranqueros del balneario El C\u00f3ndor"}]},{"@type":"WebSite","@id":"https:\/\/patagoniambiental.com.ar\/info\/#website","url":"https:\/\/patagoniambiental.com.ar\/info\/","name":"Patagonia Ambiental","description":"Monitoreo y an\u00e1lisis de la situaci\u00f3n geopol\u00edtica en el mundo y su implicancia en la Patagonia","publisher":{"@id":"https:\/\/patagoniambiental.com.ar\/info\/#organization"},"potentialAction":[{"@type":"SearchAction","target":{"@type":"EntryPoint","urlTemplate":"https:\/\/patagoniambiental.com.ar\/info\/?s={search_term_string}"},"query-input":{"@type":"PropertyValueSpecification","valueRequired":true,"valueName":"search_term_string"}}],"inLanguage":"es"},{"@type":"Organization","@id":"https:\/\/patagoniambiental.com.ar\/info\/#organization","name":"Patagonia Ambiental","url":"https:\/\/patagoniambiental.com.ar\/info\/","logo":{"@type":"ImageObject","inLanguage":"es","@id":"https:\/\/patagoniambiental.com.ar\/info\/#\/schema\/logo\/image\/","url":"https:\/\/patagoniambiental.com.ar\/info\/wp-content\/uploads\/2025\/05\/LOGO-PATAGONIA-AMBIENTAL.png","contentUrl":"https:\/\/patagoniambiental.com.ar\/info\/wp-content\/uploads\/2025\/05\/LOGO-PATAGONIA-AMBIENTAL.png","width":433,"height":250,"caption":"Patagonia Ambiental"},"image":{"@id":"https:\/\/patagoniambiental.com.ar\/info\/#\/schema\/logo\/image\/"},"sameAs":["https:\/\/www.facebook.com\/patagonia.ambiental","https:\/\/x.com\/PatAmb"]},{"@type":"Person","@id":"https:\/\/patagoniambiental.com.ar\/info\/#\/schema\/person\/db12bff64bbcbf6a253710bf0ea37b5d","name":"Patagonia Ambiental","description":"Andr\u00e9s Nievas T\u00e9cnico en manejo ambiental, consultor Ambiental y escritor para medios locales e internacionales sobre temas de geopolitica y medio ambiente.","sameAs":["http:\/\/www.patagoniambiental.com.ar","https:\/\/www.facebook.com\/share\/1C1V8Gv9BX\/?mibextid=qi2Omg","@patagoniambiental","https:\/\/youtube.com\/@patagoniaambiental2023?si=BLt58t0wuXquxlYZ"]}]}},"_links":{"self":[{"href":"https:\/\/patagoniambiental.com.ar\/info\/wp-json\/wp\/v2\/posts\/32070","targetHints":{"allow":["GET"]}}],"collection":[{"href":"https:\/\/patagoniambiental.com.ar\/info\/wp-json\/wp\/v2\/posts"}],"about":[{"href":"https:\/\/patagoniambiental.com.ar\/info\/wp-json\/wp\/v2\/types\/post"}],"author":[{"embeddable":true,"href":"https:\/\/patagoniambiental.com.ar\/info\/wp-json\/wp\/v2\/users\/2"}],"replies":[{"embeddable":true,"href":"https:\/\/patagoniambiental.com.ar\/info\/wp-json\/wp\/v2\/comments?post=32070"}],"version-history":[{"count":0,"href":"https:\/\/patagoniambiental.com.ar\/info\/wp-json\/wp\/v2\/posts\/32070\/revisions"}],"wp:featuredmedia":[{"embeddable":true,"href":"https:\/\/patagoniambiental.com.ar\/info\/wp-json\/wp\/v2\/media\/32071"}],"wp:attachment":[{"href":"https:\/\/patagoniambiental.com.ar\/info\/wp-json\/wp\/v2\/media?parent=32070"}],"wp:term":[{"taxonomy":"category","embeddable":true,"href":"https:\/\/patagoniambiental.com.ar\/info\/wp-json\/wp\/v2\/categories?post=32070"},{"taxonomy":"post_tag","embeddable":true,"href":"https:\/\/patagoniambiental.com.ar\/info\/wp-json\/wp\/v2\/tags?post=32070"}],"curies":[{"name":"wp","href":"https:\/\/api.w.org\/{rel}","templated":true}]}}