{"id":32084,"date":"2017-07-22T09:00:35","date_gmt":"2017-07-22T12:00:35","guid":{"rendered":"http:\/\/patagoniambiental.com.ar\/info\/?p=32084"},"modified":"2017-07-14T15:49:56","modified_gmt":"2017-07-14T18:49:56","slug":"lanzan-la-convocatoria-para-el-concurso-municipal-de-veredas","status":"publish","type":"post","link":"https:\/\/patagoniambiental.com.ar\/info\/lanzan-la-convocatoria-para-el-concurso-municipal-de-veredas\/","title":{"rendered":"Lanzan la convocatoria para el Concurso Municipal de Veredas"},"content":{"rendered":"<div dir=\"ltr\">\n<div dir=\"ltr\"><i>Bariloche.-Se trata de una propuesta para premiar a los vecinos que contribuyan al embellecimiento de la ciudad a trav\u00e9s de la construcci\u00f3n de sus veredas.<!--more--> <\/i><\/div>\n<div dir=\"ltr\"><\/div>\n<div dir=\"ltr\"><i>Los premiados recibir\u00e1n el equivalente de hasta un a\u00f1o de tasas municipales. Hay tiempo para inscribirse hasta el 31 de agosto.\u00a0<\/i><\/div>\n<div dir=\"ltr\"><\/div>\n<div dir=\"ltr\"><\/div>\n<div dir=\"ltr\">La iniciativa fue propuesta el a\u00f1o pasado por el Ejecutivo Municipal, y el proyecto de ordenanza fue aprobado este a\u00f1o por el Concejo (bajo el N\u00ba 2830), creando as\u00ed el \u00abConcurso de las mejores veredas de la ciudad de San Carlos de Bariloche para el A\u00f1o 2017\u00bb.<\/div>\n<div dir=\"ltr\"><\/div>\n<div dir=\"ltr\">El objetivo es premiar con un est\u00edmulo adicional a aquellos vecinos que contribuyan a la construcci\u00f3n de una mejor ciudad para todos, inclusiva y ordenada. Se busca \u201cincentivar a la comunidad a participar del embellecimiento de la ciudad, transmitir la necesidad del cuidado y respeto de los espacios p\u00fablicos y fomentar el mejoramiento de la v\u00eda p\u00fablica y el entorno de las viviendas\u201d.<\/div>\n<div dir=\"ltr\"><\/div>\n<div dir=\"ltr\">Habr\u00e1 seis ganadores, que ser\u00e1n evaluados y seleccionados por un comit\u00e9 compuesto por cinco integrantes: el presidente del Concejo Deliberante, el secretario de Desarrollo Urbano, el subsecretario de Planeamiento Urbano, el subsecretario de Gesti\u00f3n Urbana y el director de Obras Particulares.<\/div>\n<div dir=\"ltr\"><\/div>\n<div dir=\"ltr\">Los seis ganadores ser\u00e1n premiados de la siguiente manera:<\/div>\n<div dir=\"ltr\"><\/div>\n<div dir=\"ltr\">1\u00ba premio: El importe equivalente a un 1 a\u00f1o de la tasa de servicios municipales (TSM) del frentista ganador<\/div>\n<div dir=\"ltr\">2\u00ba premio: El importe equivalente a 8 meses de la tasa de servicios municipales (TSM) del frentista ganador<\/div>\n<div dir=\"ltr\">3\u00ba premio: El importe equivalente a 6 meses de la tasa de servicios municipales (TSM) del frentista ganador<\/div>\n<div dir=\"ltr\">4\u00ba premio: El importe equivalente a 4 meses de la tasa de servicios municipales (TSM) del frentista ganador<\/div>\n<div dir=\"ltr\">5\u00ba premio: El importe equivalente a 2 meses de la tasa de servicios municipales (TSM) del frentista ganador<\/div>\n<div dir=\"ltr\">6\u00ba premio: El importe equivalente a 1 mes de la tasa de servicios municipales (TSM) del frentista ganador<\/div>\n<div dir=\"ltr\"><\/div>\n<div dir=\"ltr\"><\/div>\n<div dir=\"ltr\">Adem\u00e1s, en la propuesta tambi\u00e9n se estableci\u00f3 un sorteo entre los vecinos que, habiendo sido intimados a reparar o construir su vereda, lo hayan efectuado en el tiempo y modo reglamentario. Los seis n\u00fameros sorteados obtendr\u00e1n un premio que consistir\u00e1 en el importe equivalente a 4 meses de la tasa de servicios municipales (TSM) del frentista ganador.<\/div>\n<div dir=\"ltr\"><\/div>\n<div dir=\"ltr\">En el concurso podr\u00e1n participar de manera libre y gratuita todas aquellas personas f\u00edsicas mayores de 18 a\u00f1os que cumplan con todos los requisitos establecidos en las bases y condiciones. La inscripci\u00f3n ser\u00e1 efectuada por el titular del inmueble, con su debida identificaci\u00f3n. En el caso de instituciones, la inscripci\u00f3n podr\u00e1 realizarla quien tenga la debida autorizaci\u00f3n de la entidad.<\/div>\n<div dir=\"ltr\"><\/div>\n<div dir=\"ltr\">Se pueden solicitar las bases y condiciones, y realizar la inscripci\u00f3n, a trav\u00e9s del correo electr\u00f3nico\u00a0<a href=\"mailto:concursodeveredas@bariloche.gov.ar\" target=\"_blank\" rel=\"noopener noreferrer\">concursodeveredas@bariloche.gov.ar<\/a>, utilizando como asunto \u201cConcurso de las mejores veredas de la ciudad\u201d. Para m\u00e1s informaci\u00f3n, tambi\u00e9n pueden comunicarse a trav\u00e9s del tel\u00e9fono (0294) 442-6416 (interno 101).<\/div>\n<div dir=\"ltr\"><\/div>\n<div dir=\"ltr\">Los interesados tambi\u00e9n se podr\u00e1n inscribir de manera presencial en el Centro C\u00edvico, en la Jefatura de Gabinete (1\u00ba piso del Palacio Municipal) de lunes a viernes de 8 a 15 hs.<\/div>\n<div dir=\"ltr\"><\/div>\n<div dir=\"ltr\">La fecha de cierre de inscripciones es el 31 de agosto.<\/div>\n<div dir=\"ltr\"><\/div>\n<div dir=\"ltr\">Ya sea en la inscripci\u00f3n personal o por correo electr\u00f3nico, los postulantes deber\u00e1n presentar:<\/div>\n<div dir=\"ltr\"><\/div>\n<div dir=\"ltr\">&#8211; 1 (una) o 2 (dos) foto\/s panor\u00e1mica\/s de la vereda.<\/div>\n<div dir=\"ltr\">&#8211; Los siguientes datos: Nombre Completo \u2013 DNI \u2013 Fecha de Nacimiento \u2013 Domicilio (indicando calles aleda\u00f1as) \u2013 Barrio &#8211; Tel\u00e9fono \u2013 Correo electr\u00f3nico \u2013 Ubicaci\u00f3n de la vereda. En el caso de ser una instituci\u00f3n, agregar adem\u00e1s: Nombre de la entidad y vinculaci\u00f3n del referente con la misma.<\/div>\n<div dir=\"ltr\"><\/div>\n<div dir=\"ltr\"><i>\u00a0<\/i><\/div>\n<div><i>Fuente: Municipalidad de Bariloche<\/i><\/div>\n<\/div>\n<p>&nbsp;<\/p>\n","protected":false},"excerpt":{"rendered":"<p>Bariloche.-Se trata de una propuesta para premiar a los vecinos que contribuyan al embellecimiento de la ciudad a trav\u00e9s de [&hellip;]<\/p>\n","protected":false},"author":2,"featured_media":32085,"comment_status":"open","ping_status":"open","sticky":false,"template":"","format":"standard","meta":{"site-sidebar-layout":"default","site-content-layout":"","ast-site-content-layout":"default","site-content-style":"default","site-sidebar-style":"default","ast-global-header-display":"","ast-banner-title-visibility":"","ast-main-header-display":"","ast-hfb-above-header-display":"","ast-hfb-below-header-display":"","ast-hfb-mobile-header-display":"","site-post-title":"","ast-breadcrumbs-content":"","ast-featured-img":"","footer-sml-layout":"","ast-disable-related-posts":"","theme-transparent-header-meta":"","adv-header-id-meta":"","stick-header-meta":"","header-above-stick-meta":"","header-main-stick-meta":"","header-below-stick-meta":"","astra-migrate-meta-layouts":"default","ast-page-background-enabled":"default","ast-page-background-meta":{"desktop":{"background-color":"var(--ast-global-color-5)","background-image":"","background-repeat":"repeat","background-position":"center center","background-size":"auto","background-attachment":"scroll","background-type":"","background-media":"","overlay-type":"","overlay-color":"","overlay-opacity":"","overlay-gradient":""},"tablet":{"background-color":"","background-image":"","background-repeat":"repeat","background-position":"center center","background-size":"auto","background-attachment":"scroll","background-type":"","background-media":"","overlay-type":"","overlay-color":"","overlay-opacity":"","overlay-gradient":""},"mobile":{"background-color":"","background-image":"","background-repeat":"repeat","background-position":"center center","background-size":"auto","background-attachment":"scroll","background-type":"","background-media":"","overlay-type":"","overlay-color":"","overlay-opacity":"","overlay-gradient":""}},"ast-content-background-meta":{"desktop":{"background-color":"var(--ast-global-color-4)","background-image":"","background-repeat":"repeat","background-position":"center center","background-size":"auto","background-attachment":"scroll","background-type":"","background-media":"","overlay-type":"","overlay-color":"","overlay-opacity":"","overlay-gradient":""},"tablet":{"background-color":"var(--ast-global-color-4)","background-image":"","background-repeat":"repeat","background-position":"center center","background-size":"auto","background-attachment":"scroll","background-type":"","background-media":"","overlay-type":"","overlay-color":"","overlay-opacity":"","overlay-gradient":""},"mobile":{"background-color":"var(--ast-global-color-4)","background-image":"","background-repeat":"repeat","background-position":"center center","background-size":"auto","background-attachment":"scroll","background-type":"","background-media":"","overlay-type":"","overlay-color":"","overlay-opacity":"","overlay-gradient":""}},"footnotes":""},"categories":[12,11,1,10],"tags":[],"class_list":["post-32084","post","type-post","status-publish","format-standard","has-post-thumbnail","hentry","category-agenda-ambiental","category-boletin","category-noticias","category-rotador"],"yoast_head":"<!-- This site is optimized with the Yoast SEO Premium plugin v23.0 (Yoast SEO v27.5) - https:\/\/yoast.com\/product\/yoast-seo-premium-wordpress\/ -->\n<title>Lanzan la convocatoria para el Concurso Municipal de Veredas<\/title>\n<meta name=\"robots\" content=\"index, follow, max-snippet:-1, max-image-preview:large, max-video-preview:-1\" \/>\n<link rel=\"canonical\" href=\"https:\/\/patagoniambiental.com.ar\/info\/lanzan-la-convocatoria-para-el-concurso-municipal-de-veredas\/\" \/>\n<meta property=\"og:locale\" content=\"es_ES\" \/>\n<meta property=\"og:type\" content=\"article\" \/>\n<meta property=\"og:title\" content=\"Lanzan la convocatoria para el Concurso Municipal de Veredas\" \/>\n<meta property=\"og:description\" content=\"Bariloche.-Se trata de una propuesta para premiar a los vecinos que contribuyan al embellecimiento de la ciudad a trav\u00e9s de [&hellip;]\" \/>\n<meta property=\"og:url\" content=\"https:\/\/patagoniambiental.com.ar\/info\/lanzan-la-convocatoria-para-el-concurso-municipal-de-veredas\/\" \/>\n<meta property=\"og:site_name\" content=\"Patagonia Ambiental\" \/>\n<meta property=\"article:publisher\" content=\"https:\/\/www.facebook.com\/patagonia.ambiental\" \/>\n<meta property=\"article:author\" content=\"https:\/\/www.facebook.com\/share\/1C1V8Gv9BX\/?mibextid=qi2Omg\" \/>\n<meta property=\"article:published_time\" content=\"2017-07-22T12:00:35+00:00\" \/>\n<meta property=\"og:image\" content=\"https:\/\/patagoniambiental.com.ar\/info\/wp-content\/uploads\/2017\/07\/thumbnail_veredas3.jpg\" \/>\n\t<meta property=\"og:image:width\" content=\"1024\" \/>\n\t<meta property=\"og:image:height\" content=\"683\" \/>\n\t<meta property=\"og:image:type\" content=\"image\/jpeg\" \/>\n<meta name=\"author\" content=\"Patagonia Ambiental\" \/>\n<meta name=\"twitter:card\" content=\"summary_large_image\" \/>\n<meta name=\"twitter:creator\" content=\"@PatAmb\" \/>\n<meta name=\"twitter:site\" content=\"@PatAmb\" \/>\n<script type=\"application\/ld+json\" class=\"yoast-schema-graph\">{\"@context\":\"https:\\\/\\\/schema.org\",\"@graph\":[{\"@type\":\"Article\",\"@id\":\"https:\\\/\\\/patagoniambiental.com.ar\\\/info\\\/lanzan-la-convocatoria-para-el-concurso-municipal-de-veredas\\\/#article\",\"isPartOf\":{\"@id\":\"https:\\\/\\\/patagoniambiental.com.ar\\\/info\\\/lanzan-la-convocatoria-para-el-concurso-municipal-de-veredas\\\/\"},\"author\":{\"name\":\"Patagonia Ambiental\",\"@id\":\"https:\\\/\\\/patagoniambiental.com.ar\\\/info\\\/#\\\/schema\\\/person\\\/db12bff64bbcbf6a253710bf0ea37b5d\"},\"headline\":\"Lanzan la convocatoria para el Concurso Municipal de Veredas\",\"datePublished\":\"2017-07-22T12:00:35+00:00\",\"mainEntityOfPage\":{\"@id\":\"https:\\\/\\\/patagoniambiental.com.ar\\\/info\\\/lanzan-la-convocatoria-para-el-concurso-municipal-de-veredas\\\/\"},\"wordCount\":629,\"commentCount\":0,\"publisher\":{\"@id\":\"https:\\\/\\\/patagoniambiental.com.ar\\\/info\\\/#organization\"},\"image\":{\"@id\":\"https:\\\/\\\/patagoniambiental.com.ar\\\/info\\\/lanzan-la-convocatoria-para-el-concurso-municipal-de-veredas\\\/#primaryimage\"},\"thumbnailUrl\":\"https:\\\/\\\/patagoniambiental.com.ar\\\/info\\\/wp-content\\\/uploads\\\/2017\\\/07\\\/thumbnail_veredas3.jpg\",\"articleSection\":[\"Agenda Ambiental\",\"Bolet\u00edn\",\"Noticias\",\"Rotador\"],\"inLanguage\":\"es\",\"potentialAction\":[{\"@type\":\"CommentAction\",\"name\":\"Comment\",\"target\":[\"https:\\\/\\\/patagoniambiental.com.ar\\\/info\\\/lanzan-la-convocatoria-para-el-concurso-municipal-de-veredas\\\/#respond\"]}]},{\"@type\":\"WebPage\",\"@id\":\"https:\\\/\\\/patagoniambiental.com.ar\\\/info\\\/lanzan-la-convocatoria-para-el-concurso-municipal-de-veredas\\\/\",\"url\":\"https:\\\/\\\/patagoniambiental.com.ar\\\/info\\\/lanzan-la-convocatoria-para-el-concurso-municipal-de-veredas\\\/\",\"name\":\"Lanzan la convocatoria para el Concurso Municipal de Veredas\",\"isPartOf\":{\"@id\":\"https:\\\/\\\/patagoniambiental.com.ar\\\/info\\\/#website\"},\"primaryImageOfPage\":{\"@id\":\"https:\\\/\\\/patagoniambiental.com.ar\\\/info\\\/lanzan-la-convocatoria-para-el-concurso-municipal-de-veredas\\\/#primaryimage\"},\"image\":{\"@id\":\"https:\\\/\\\/patagoniambiental.com.ar\\\/info\\\/lanzan-la-convocatoria-para-el-concurso-municipal-de-veredas\\\/#primaryimage\"},\"thumbnailUrl\":\"https:\\\/\\\/patagoniambiental.com.ar\\\/info\\\/wp-content\\\/uploads\\\/2017\\\/07\\\/thumbnail_veredas3.jpg\",\"datePublished\":\"2017-07-22T12:00:35+00:00\",\"breadcrumb\":{\"@id\":\"https:\\\/\\\/patagoniambiental.com.ar\\\/info\\\/lanzan-la-convocatoria-para-el-concurso-municipal-de-veredas\\\/#breadcrumb\"},\"inLanguage\":\"es\",\"potentialAction\":[{\"@type\":\"ReadAction\",\"target\":[\"https:\\\/\\\/patagoniambiental.com.ar\\\/info\\\/lanzan-la-convocatoria-para-el-concurso-municipal-de-veredas\\\/\"]}]},{\"@type\":\"ImageObject\",\"inLanguage\":\"es\",\"@id\":\"https:\\\/\\\/patagoniambiental.com.ar\\\/info\\\/lanzan-la-convocatoria-para-el-concurso-municipal-de-veredas\\\/#primaryimage\",\"url\":\"https:\\\/\\\/patagoniambiental.com.ar\\\/info\\\/wp-content\\\/uploads\\\/2017\\\/07\\\/thumbnail_veredas3.jpg\",\"contentUrl\":\"https:\\\/\\\/patagoniambiental.com.ar\\\/info\\\/wp-content\\\/uploads\\\/2017\\\/07\\\/thumbnail_veredas3.jpg\",\"width\":1024,\"height\":683},{\"@type\":\"BreadcrumbList\",\"@id\":\"https:\\\/\\\/patagoniambiental.com.ar\\\/info\\\/lanzan-la-convocatoria-para-el-concurso-municipal-de-veredas\\\/#breadcrumb\",\"itemListElement\":[{\"@type\":\"ListItem\",\"position\":1,\"name\":\"Inicio\",\"item\":\"https:\\\/\\\/patagoniambiental.com.ar\\\/info\\\/\"},{\"@type\":\"ListItem\",\"position\":2,\"name\":\"Lanzan la convocatoria para el Concurso Municipal de Veredas\"}]},{\"@type\":\"WebSite\",\"@id\":\"https:\\\/\\\/patagoniambiental.com.ar\\\/info\\\/#website\",\"url\":\"https:\\\/\\\/patagoniambiental.com.ar\\\/info\\\/\",\"name\":\"Patagonia Ambiental\",\"description\":\"Monitoreo y an\u00e1lisis de la situaci\u00f3n geopol\u00edtica en el mundo y su implicancia en la Patagonia\",\"publisher\":{\"@id\":\"https:\\\/\\\/patagoniambiental.com.ar\\\/info\\\/#organization\"},\"potentialAction\":[{\"@type\":\"SearchAction\",\"target\":{\"@type\":\"EntryPoint\",\"urlTemplate\":\"https:\\\/\\\/patagoniambiental.com.ar\\\/info\\\/?s={search_term_string}\"},\"query-input\":{\"@type\":\"PropertyValueSpecification\",\"valueRequired\":true,\"valueName\":\"search_term_string\"}}],\"inLanguage\":\"es\"},{\"@type\":\"Organization\",\"@id\":\"https:\\\/\\\/patagoniambiental.com.ar\\\/info\\\/#organization\",\"name\":\"Patagonia Ambiental\",\"url\":\"https:\\\/\\\/patagoniambiental.com.ar\\\/info\\\/\",\"logo\":{\"@type\":\"ImageObject\",\"inLanguage\":\"es\",\"@id\":\"https:\\\/\\\/patagoniambiental.com.ar\\\/info\\\/#\\\/schema\\\/logo\\\/image\\\/\",\"url\":\"https:\\\/\\\/patagoniambiental.com.ar\\\/info\\\/wp-content\\\/uploads\\\/2025\\\/05\\\/LOGO-PATAGONIA-AMBIENTAL.png\",\"contentUrl\":\"https:\\\/\\\/patagoniambiental.com.ar\\\/info\\\/wp-content\\\/uploads\\\/2025\\\/05\\\/LOGO-PATAGONIA-AMBIENTAL.png\",\"width\":433,\"height\":250,\"caption\":\"Patagonia Ambiental\"},\"image\":{\"@id\":\"https:\\\/\\\/patagoniambiental.com.ar\\\/info\\\/#\\\/schema\\\/logo\\\/image\\\/\"},\"sameAs\":[\"https:\\\/\\\/www.facebook.com\\\/patagonia.ambiental\",\"https:\\\/\\\/x.com\\\/PatAmb\"]},{\"@type\":\"Person\",\"@id\":\"https:\\\/\\\/patagoniambiental.com.ar\\\/info\\\/#\\\/schema\\\/person\\\/db12bff64bbcbf6a253710bf0ea37b5d\",\"name\":\"Patagonia Ambiental\",\"description\":\"Andr\u00e9s Nievas T\u00e9cnico en manejo ambiental, consultor Ambiental y escritor para medios locales e internacionales sobre temas de geopolitica y medio ambiente.\",\"sameAs\":[\"http:\\\/\\\/www.patagoniambiental.com.ar\",\"https:\\\/\\\/www.facebook.com\\\/share\\\/1C1V8Gv9BX\\\/?mibextid=qi2Omg\",\"@patagoniambiental\",\"https:\\\/\\\/youtube.com\\\/@patagoniaambiental2023?si=BLt58t0wuXquxlYZ\"]}]}<\/script>\n<!-- \/ Yoast SEO Premium plugin. -->","yoast_head_json":{"title":"Lanzan la convocatoria para el Concurso Municipal de Veredas","robots":{"index":"index","follow":"follow","max-snippet":"max-snippet:-1","max-image-preview":"max-image-preview:large","max-video-preview":"max-video-preview:-1"},"canonical":"https:\/\/patagoniambiental.com.ar\/info\/lanzan-la-convocatoria-para-el-concurso-municipal-de-veredas\/","og_locale":"es_ES","og_type":"article","og_title":"Lanzan la convocatoria para el Concurso Municipal de Veredas","og_description":"Bariloche.-Se trata de una propuesta para premiar a los vecinos que contribuyan al embellecimiento de la ciudad a trav\u00e9s de [&hellip;]","og_url":"https:\/\/patagoniambiental.com.ar\/info\/lanzan-la-convocatoria-para-el-concurso-municipal-de-veredas\/","og_site_name":"Patagonia Ambiental","article_publisher":"https:\/\/www.facebook.com\/patagonia.ambiental","article_author":"https:\/\/www.facebook.com\/share\/1C1V8Gv9BX\/?mibextid=qi2Omg","article_published_time":"2017-07-22T12:00:35+00:00","og_image":[{"width":1024,"height":683,"url":"https:\/\/patagoniambiental.com.ar\/info\/wp-content\/uploads\/2017\/07\/thumbnail_veredas3.jpg","type":"image\/jpeg"}],"author":"Patagonia Ambiental","twitter_card":"summary_large_image","twitter_creator":"@PatAmb","twitter_site":"@PatAmb","schema":{"@context":"https:\/\/schema.org","@graph":[{"@type":"Article","@id":"https:\/\/patagoniambiental.com.ar\/info\/lanzan-la-convocatoria-para-el-concurso-municipal-de-veredas\/#article","isPartOf":{"@id":"https:\/\/patagoniambiental.com.ar\/info\/lanzan-la-convocatoria-para-el-concurso-municipal-de-veredas\/"},"author":{"name":"Patagonia Ambiental","@id":"https:\/\/patagoniambiental.com.ar\/info\/#\/schema\/person\/db12bff64bbcbf6a253710bf0ea37b5d"},"headline":"Lanzan la convocatoria para el Concurso Municipal de Veredas","datePublished":"2017-07-22T12:00:35+00:00","mainEntityOfPage":{"@id":"https:\/\/patagoniambiental.com.ar\/info\/lanzan-la-convocatoria-para-el-concurso-municipal-de-veredas\/"},"wordCount":629,"commentCount":0,"publisher":{"@id":"https:\/\/patagoniambiental.com.ar\/info\/#organization"},"image":{"@id":"https:\/\/patagoniambiental.com.ar\/info\/lanzan-la-convocatoria-para-el-concurso-municipal-de-veredas\/#primaryimage"},"thumbnailUrl":"https:\/\/patagoniambiental.com.ar\/info\/wp-content\/uploads\/2017\/07\/thumbnail_veredas3.jpg","articleSection":["Agenda Ambiental","Bolet\u00edn","Noticias","Rotador"],"inLanguage":"es","potentialAction":[{"@type":"CommentAction","name":"Comment","target":["https:\/\/patagoniambiental.com.ar\/info\/lanzan-la-convocatoria-para-el-concurso-municipal-de-veredas\/#respond"]}]},{"@type":"WebPage","@id":"https:\/\/patagoniambiental.com.ar\/info\/lanzan-la-convocatoria-para-el-concurso-municipal-de-veredas\/","url":"https:\/\/patagoniambiental.com.ar\/info\/lanzan-la-convocatoria-para-el-concurso-municipal-de-veredas\/","name":"Lanzan la convocatoria para el Concurso Municipal de Veredas","isPartOf":{"@id":"https:\/\/patagoniambiental.com.ar\/info\/#website"},"primaryImageOfPage":{"@id":"https:\/\/patagoniambiental.com.ar\/info\/lanzan-la-convocatoria-para-el-concurso-municipal-de-veredas\/#primaryimage"},"image":{"@id":"https:\/\/patagoniambiental.com.ar\/info\/lanzan-la-convocatoria-para-el-concurso-municipal-de-veredas\/#primaryimage"},"thumbnailUrl":"https:\/\/patagoniambiental.com.ar\/info\/wp-content\/uploads\/2017\/07\/thumbnail_veredas3.jpg","datePublished":"2017-07-22T12:00:35+00:00","breadcrumb":{"@id":"https:\/\/patagoniambiental.com.ar\/info\/lanzan-la-convocatoria-para-el-concurso-municipal-de-veredas\/#breadcrumb"},"inLanguage":"es","potentialAction":[{"@type":"ReadAction","target":["https:\/\/patagoniambiental.com.ar\/info\/lanzan-la-convocatoria-para-el-concurso-municipal-de-veredas\/"]}]},{"@type":"ImageObject","inLanguage":"es","@id":"https:\/\/patagoniambiental.com.ar\/info\/lanzan-la-convocatoria-para-el-concurso-municipal-de-veredas\/#primaryimage","url":"https:\/\/patagoniambiental.com.ar\/info\/wp-content\/uploads\/2017\/07\/thumbnail_veredas3.jpg","contentUrl":"https:\/\/patagoniambiental.com.ar\/info\/wp-content\/uploads\/2017\/07\/thumbnail_veredas3.jpg","width":1024,"height":683},{"@type":"BreadcrumbList","@id":"https:\/\/patagoniambiental.com.ar\/info\/lanzan-la-convocatoria-para-el-concurso-municipal-de-veredas\/#breadcrumb","itemListElement":[{"@type":"ListItem","position":1,"name":"Inicio","item":"https:\/\/patagoniambiental.com.ar\/info\/"},{"@type":"ListItem","position":2,"name":"Lanzan la convocatoria para el Concurso Municipal de Veredas"}]},{"@type":"WebSite","@id":"https:\/\/patagoniambiental.com.ar\/info\/#website","url":"https:\/\/patagoniambiental.com.ar\/info\/","name":"Patagonia Ambiental","description":"Monitoreo y an\u00e1lisis de la situaci\u00f3n geopol\u00edtica en el mundo y su implicancia en la Patagonia","publisher":{"@id":"https:\/\/patagoniambiental.com.ar\/info\/#organization"},"potentialAction":[{"@type":"SearchAction","target":{"@type":"EntryPoint","urlTemplate":"https:\/\/patagoniambiental.com.ar\/info\/?s={search_term_string}"},"query-input":{"@type":"PropertyValueSpecification","valueRequired":true,"valueName":"search_term_string"}}],"inLanguage":"es"},{"@type":"Organization","@id":"https:\/\/patagoniambiental.com.ar\/info\/#organization","name":"Patagonia Ambiental","url":"https:\/\/patagoniambiental.com.ar\/info\/","logo":{"@type":"ImageObject","inLanguage":"es","@id":"https:\/\/patagoniambiental.com.ar\/info\/#\/schema\/logo\/image\/","url":"https:\/\/patagoniambiental.com.ar\/info\/wp-content\/uploads\/2025\/05\/LOGO-PATAGONIA-AMBIENTAL.png","contentUrl":"https:\/\/patagoniambiental.com.ar\/info\/wp-content\/uploads\/2025\/05\/LOGO-PATAGONIA-AMBIENTAL.png","width":433,"height":250,"caption":"Patagonia Ambiental"},"image":{"@id":"https:\/\/patagoniambiental.com.ar\/info\/#\/schema\/logo\/image\/"},"sameAs":["https:\/\/www.facebook.com\/patagonia.ambiental","https:\/\/x.com\/PatAmb"]},{"@type":"Person","@id":"https:\/\/patagoniambiental.com.ar\/info\/#\/schema\/person\/db12bff64bbcbf6a253710bf0ea37b5d","name":"Patagonia Ambiental","description":"Andr\u00e9s Nievas T\u00e9cnico en manejo ambiental, consultor Ambiental y escritor para medios locales e internacionales sobre temas de geopolitica y medio ambiente.","sameAs":["http:\/\/www.patagoniambiental.com.ar","https:\/\/www.facebook.com\/share\/1C1V8Gv9BX\/?mibextid=qi2Omg","@patagoniambiental","https:\/\/youtube.com\/@patagoniaambiental2023?si=BLt58t0wuXquxlYZ"]}]}},"_links":{"self":[{"href":"https:\/\/patagoniambiental.com.ar\/info\/wp-json\/wp\/v2\/posts\/32084","targetHints":{"allow":["GET"]}}],"collection":[{"href":"https:\/\/patagoniambiental.com.ar\/info\/wp-json\/wp\/v2\/posts"}],"about":[{"href":"https:\/\/patagoniambiental.com.ar\/info\/wp-json\/wp\/v2\/types\/post"}],"author":[{"embeddable":true,"href":"https:\/\/patagoniambiental.com.ar\/info\/wp-json\/wp\/v2\/users\/2"}],"replies":[{"embeddable":true,"href":"https:\/\/patagoniambiental.com.ar\/info\/wp-json\/wp\/v2\/comments?post=32084"}],"version-history":[{"count":0,"href":"https:\/\/patagoniambiental.com.ar\/info\/wp-json\/wp\/v2\/posts\/32084\/revisions"}],"wp:featuredmedia":[{"embeddable":true,"href":"https:\/\/patagoniambiental.com.ar\/info\/wp-json\/wp\/v2\/media\/32085"}],"wp:attachment":[{"href":"https:\/\/patagoniambiental.com.ar\/info\/wp-json\/wp\/v2\/media?parent=32084"}],"wp:term":[{"taxonomy":"category","embeddable":true,"href":"https:\/\/patagoniambiental.com.ar\/info\/wp-json\/wp\/v2\/categories?post=32084"},{"taxonomy":"post_tag","embeddable":true,"href":"https:\/\/patagoniambiental.com.ar\/info\/wp-json\/wp\/v2\/tags?post=32084"}],"curies":[{"name":"wp","href":"https:\/\/api.w.org\/{rel}","templated":true}]}}