{"id":32092,"date":"2017-07-15T19:00:02","date_gmt":"2017-07-15T22:00:02","guid":{"rendered":"http:\/\/patagoniambiental.com.ar\/info\/?p=32092"},"modified":"2017-07-13T15:52:14","modified_gmt":"2017-07-13T18:52:14","slug":"camarones-vive-el-boom-del-langostino-pero-tambien-padece-consecuencias","status":"publish","type":"post","link":"https:\/\/patagoniambiental.com.ar\/info\/camarones-vive-el-boom-del-langostino-pero-tambien-padece-consecuencias\/","title":{"rendered":"Camarones vive el boom del langostino pero tambi\u00e9n padece consecuencias"},"content":{"rendered":"<p id=\"title\">Camarones.-En dos meses ya capturaron la mitad de toneladas de langostinos que en toda la temporada pasada. No queda lugar para alquilar en la localidad. Hay un impacto ambiental dif\u00edcil de controlar.<!--more--><\/p>\n<div id=\"notapage_texto\" class=\"notapage_cuerpo\">\n<p>Pidieron duplicar la cantidad de polic\u00edas. Esta semana hubo un golpe comando en la estaci\u00f3n de servicio y se llevaron medio mill\u00f3n de pesos.<\/p>\n<p>Los 1.100 habitantes estables de Camarones viven las contradicciones propias de un impacto productivo que acarrea beneficios, pero tambi\u00e9n problemas. El boom del langostino es muy fuerte y cambi\u00f3 el movimiento habitual de la localidad. Seg\u00fan dijeron a EL CHUBUT algunos vecinos, hay aumentos de precios y preocupaci\u00f3n por la inseguridad, sobre todo despu\u00e9s del asalto tipo comando de esta semana, cuando los ladrones se llevaron medio mill\u00f3n de pesos de la estaci\u00f3n de servicio, en cuya caja fuerte se cree que hab\u00eda incluso dinero pertenciente a un pescador. Desde el Municipio realizan gestiones para ordenar la situaci\u00f3n. \u00abSi lo comparamos con el a\u00f1o pasado, en poco m\u00e1s de dos meses que lleva la temporada ya han sacado el 50% de lo que sacaron en toda la temporada pasada. As\u00ed que parece que va a ser una temporada muy superior\u00bb, sintetiz\u00f3 el secretario de Gobierno de Camarones, Hugo Valle, ayer en di\u00e1logo con FM EL CHUBUT. \u00a0Repas\u00f3 el mismo funcionario que en la presente temporada ya bajaron m\u00e1s de 400 mil cajones de langostinos con cerca de 20 kilos cada uno, mientras que \u00aben 2016 sacaron sacaron 900 mil cajones\u00bb.<\/p>\n<p>A PLENO<br \/>\nNo queda en Camarones disponibilidad de alquiler a ra\u00edz del tremendo boom langostinero. \u00abLas casas que se alquilan, el hotel y los negocios notan un movimiento mucho m\u00e1s grande\u00bb, dijo el secretario de Gobierno. Y agreg\u00f3 que \u00abhay mucha gente de afuera, gente que viene a vivir en un trailer porque viene con su familia a esperar, porque trabaja en los barcos\u00bb. De todos modos, aclar\u00f3 el funcionario que no se han visto afectados en la prestaci\u00f3n de servicios b\u00e1sicos y que \u00abes como estar en verano con mucho turismo\u00bb. Y subray\u00f3 tambi\u00e9n que aunque el Municipio no recauda mucho por todo esto, \u00ablo bueno es que hay mucha mano de obra, que est\u00e1 todo el pueblo trabajando\u00bb.<\/p>\n<p>PROBLEMA AMBIENTAL<br \/>\nPero aunque la excepcional temporada del langostino es generadora de trabajo en Camarones, tambi\u00e9n acarrea inconvenientes. \u00abLo que pasa es que el puerto es provincial, sobre eso no se puede hacer mucho; pero s\u00ed estamos buscando otras cuestiones porque tenemos ordenanzas que nos permiten cobrar por lo menos cuando hay alguna infracci\u00f3n, sobre todo respecto al c\u00f3digo alimentario y a la ley de tr\u00e1nsito\u00bb, plante\u00f3 Valle en FM EL CHUBUT. Entre esas infracciones advierten algunas que tienen que ver con el impacto en el ambiente, porque \u00ablos camiones salen y vuelcan l\u00edquido de carga en el asfalto, y eso est\u00e1 reglamentado ac\u00e1 que no se puede hacer. Incluso figura claramente en la Ley de Tr\u00e1nsito Nacional\u00bb, dijo el funcionario municipal. \u00abEso tendr\u00eda que salir del puerto con el cami\u00f3n en condiciones, no tendr\u00edamos que estar nosotros en el medio de la ruta viendo c\u00f3mo sale\u00bb, lament\u00f3 Valle.<\/p>\n<p>MAS POLICIAS<br \/>\nDesde el Municipio de Camarones se hicieron las gestiones para contar con mayor presencia policial permanente, debido a la gran cantidad de personas vinculadas a la pesca que implican un impacto fuerte en esa localidad.<br \/>\n\u00abLa intendenta (Claudia Loyola) se ha encargado de hacer el contacto con el Ministerio de Seguridad, para ver la posibilidad de agregar efectivos para que haya un poco m\u00e1s de controles. Pero eso empieza reci\u00e9n ahora. As\u00ed que todav\u00eda no hemos recibido nada\u00bb, inform\u00f3 el secretario de Gobierno.<br \/>\nY en el caso puntual del asalto tipo comando registrado en la estaci\u00f3n de servicio, sostuvo que \u00abno lo asocio con la pesca, lo asocio m\u00e1s que nada con que fue un fin de semana con mucha gente de afuera, porque hubo carrera de caballos. Y por ah\u00ed gente que se dedica a eso sabe que se junta dinero y por ah\u00ed algo planificado parece. Pero lo dir\u00e1 la Polic\u00eda en su momento\u00bb.<\/p>\n<p>Fuente: Diario El Chubut<\/p>\n<\/div>\n","protected":false},"excerpt":{"rendered":"<p>Camarones.-En dos meses ya capturaron la mitad de toneladas de langostinos que en toda la temporada pasada. No queda lugar [&hellip;]<\/p>\n","protected":false},"author":2,"featured_media":32093,"comment_status":"open","ping_status":"open","sticky":false,"template":"","format":"standard","meta":{"site-sidebar-layout":"default","site-content-layout":"","ast-site-content-layout":"default","site-content-style":"default","site-sidebar-style":"default","ast-global-header-display":"","ast-banner-title-visibility":"","ast-main-header-display":"","ast-hfb-above-header-display":"","ast-hfb-below-header-display":"","ast-hfb-mobile-header-display":"","site-post-title":"","ast-breadcrumbs-content":"","ast-featured-img":"","footer-sml-layout":"","ast-disable-related-posts":"","theme-transparent-header-meta":"","adv-header-id-meta":"","stick-header-meta":"","header-above-stick-meta":"","header-main-stick-meta":"","header-below-stick-meta":"","astra-migrate-meta-layouts":"default","ast-page-background-enabled":"default","ast-page-background-meta":{"desktop":{"background-color":"var(--ast-global-color-5)","background-image":"","background-repeat":"repeat","background-position":"center center","background-size":"auto","background-attachment":"scroll","background-type":"","background-media":"","overlay-type":"","overlay-color":"","overlay-opacity":"","overlay-gradient":""},"tablet":{"background-color":"","background-image":"","background-repeat":"repeat","background-position":"center center","background-size":"auto","background-attachment":"scroll","background-type":"","background-media":"","overlay-type":"","overlay-color":"","overlay-opacity":"","overlay-gradient":""},"mobile":{"background-color":"","background-image":"","background-repeat":"repeat","background-position":"center center","background-size":"auto","background-attachment":"scroll","background-type":"","background-media":"","overlay-type":"","overlay-color":"","overlay-opacity":"","overlay-gradient":""}},"ast-content-background-meta":{"desktop":{"background-color":"var(--ast-global-color-4)","background-image":"","background-repeat":"repeat","background-position":"center center","background-size":"auto","background-attachment":"scroll","background-type":"","background-media":"","overlay-type":"","overlay-color":"","overlay-opacity":"","overlay-gradient":""},"tablet":{"background-color":"var(--ast-global-color-4)","background-image":"","background-repeat":"repeat","background-position":"center center","background-size":"auto","background-attachment":"scroll","background-type":"","background-media":"","overlay-type":"","overlay-color":"","overlay-opacity":"","overlay-gradient":""},"mobile":{"background-color":"var(--ast-global-color-4)","background-image":"","background-repeat":"repeat","background-position":"center center","background-size":"auto","background-attachment":"scroll","background-type":"","background-media":"","overlay-type":"","overlay-color":"","overlay-opacity":"","overlay-gradient":""}},"footnotes":""},"categories":[16,1],"tags":[],"class_list":["post-32092","post","type-post","status-publish","format-standard","has-post-thumbnail","hentry","category-municipales","category-noticias"],"yoast_head":"<!-- This site is optimized with the Yoast SEO Premium plugin v23.0 (Yoast SEO v27.4) - https:\/\/yoast.com\/product\/yoast-seo-premium-wordpress\/ -->\n<title>Camarones vive el boom del langostino pero tambi\u00e9n padece consecuencias<\/title>\n<meta name=\"robots\" content=\"index, follow, max-snippet:-1, max-image-preview:large, max-video-preview:-1\" \/>\n<link rel=\"canonical\" href=\"https:\/\/patagoniambiental.com.ar\/info\/camarones-vive-el-boom-del-langostino-pero-tambien-padece-consecuencias\/\" \/>\n<meta property=\"og:locale\" content=\"es_ES\" \/>\n<meta property=\"og:type\" content=\"article\" \/>\n<meta property=\"og:title\" content=\"Camarones vive el boom del langostino pero tambi\u00e9n padece consecuencias\" \/>\n<meta property=\"og:description\" content=\"Camarones.-En dos meses ya capturaron la mitad de toneladas de langostinos que en toda la temporada pasada. No queda lugar [&hellip;]\" \/>\n<meta property=\"og:url\" content=\"https:\/\/patagoniambiental.com.ar\/info\/camarones-vive-el-boom-del-langostino-pero-tambien-padece-consecuencias\/\" \/>\n<meta property=\"og:site_name\" content=\"Patagonia Ambiental\" \/>\n<meta property=\"article:publisher\" content=\"https:\/\/www.facebook.com\/patagonia.ambiental\" \/>\n<meta property=\"article:author\" content=\"https:\/\/www.facebook.com\/share\/1C1V8Gv9BX\/?mibextid=qi2Omg\" \/>\n<meta property=\"article:published_time\" content=\"2017-07-15T22:00:02+00:00\" \/>\n<meta property=\"og:image\" content=\"https:\/\/patagoniambiental.com.ar\/info\/wp-content\/uploads\/2017\/07\/1499915636722.jpg\" \/>\n\t<meta property=\"og:image:width\" content=\"460\" \/>\n\t<meta property=\"og:image:height\" content=\"280\" \/>\n\t<meta property=\"og:image:type\" content=\"image\/jpeg\" \/>\n<meta name=\"author\" content=\"Patagonia Ambiental\" \/>\n<meta name=\"twitter:card\" content=\"summary_large_image\" \/>\n<meta name=\"twitter:creator\" content=\"@PatAmb\" \/>\n<meta name=\"twitter:site\" content=\"@PatAmb\" \/>\n<script type=\"application\/ld+json\" class=\"yoast-schema-graph\">{\"@context\":\"https:\\\/\\\/schema.org\",\"@graph\":[{\"@type\":\"Article\",\"@id\":\"https:\\\/\\\/patagoniambiental.com.ar\\\/info\\\/camarones-vive-el-boom-del-langostino-pero-tambien-padece-consecuencias\\\/#article\",\"isPartOf\":{\"@id\":\"https:\\\/\\\/patagoniambiental.com.ar\\\/info\\\/camarones-vive-el-boom-del-langostino-pero-tambien-padece-consecuencias\\\/\"},\"author\":{\"name\":\"Patagonia Ambiental\",\"@id\":\"https:\\\/\\\/patagoniambiental.com.ar\\\/info\\\/#\\\/schema\\\/person\\\/db12bff64bbcbf6a253710bf0ea37b5d\"},\"headline\":\"Camarones vive el boom del langostino pero tambi\u00e9n padece consecuencias\",\"datePublished\":\"2017-07-15T22:00:02+00:00\",\"mainEntityOfPage\":{\"@id\":\"https:\\\/\\\/patagoniambiental.com.ar\\\/info\\\/camarones-vive-el-boom-del-langostino-pero-tambien-padece-consecuencias\\\/\"},\"wordCount\":720,\"commentCount\":0,\"publisher\":{\"@id\":\"https:\\\/\\\/patagoniambiental.com.ar\\\/info\\\/#organization\"},\"image\":{\"@id\":\"https:\\\/\\\/patagoniambiental.com.ar\\\/info\\\/camarones-vive-el-boom-del-langostino-pero-tambien-padece-consecuencias\\\/#primaryimage\"},\"thumbnailUrl\":\"https:\\\/\\\/patagoniambiental.com.ar\\\/info\\\/wp-content\\\/uploads\\\/2017\\\/07\\\/1499915636722.jpg\",\"articleSection\":[\"Municipales\",\"Noticias\"],\"inLanguage\":\"es\",\"potentialAction\":[{\"@type\":\"CommentAction\",\"name\":\"Comment\",\"target\":[\"https:\\\/\\\/patagoniambiental.com.ar\\\/info\\\/camarones-vive-el-boom-del-langostino-pero-tambien-padece-consecuencias\\\/#respond\"]}]},{\"@type\":\"WebPage\",\"@id\":\"https:\\\/\\\/patagoniambiental.com.ar\\\/info\\\/camarones-vive-el-boom-del-langostino-pero-tambien-padece-consecuencias\\\/\",\"url\":\"https:\\\/\\\/patagoniambiental.com.ar\\\/info\\\/camarones-vive-el-boom-del-langostino-pero-tambien-padece-consecuencias\\\/\",\"name\":\"Camarones vive el boom del langostino pero tambi\u00e9n padece consecuencias\",\"isPartOf\":{\"@id\":\"https:\\\/\\\/patagoniambiental.com.ar\\\/info\\\/#website\"},\"primaryImageOfPage\":{\"@id\":\"https:\\\/\\\/patagoniambiental.com.ar\\\/info\\\/camarones-vive-el-boom-del-langostino-pero-tambien-padece-consecuencias\\\/#primaryimage\"},\"image\":{\"@id\":\"https:\\\/\\\/patagoniambiental.com.ar\\\/info\\\/camarones-vive-el-boom-del-langostino-pero-tambien-padece-consecuencias\\\/#primaryimage\"},\"thumbnailUrl\":\"https:\\\/\\\/patagoniambiental.com.ar\\\/info\\\/wp-content\\\/uploads\\\/2017\\\/07\\\/1499915636722.jpg\",\"datePublished\":\"2017-07-15T22:00:02+00:00\",\"breadcrumb\":{\"@id\":\"https:\\\/\\\/patagoniambiental.com.ar\\\/info\\\/camarones-vive-el-boom-del-langostino-pero-tambien-padece-consecuencias\\\/#breadcrumb\"},\"inLanguage\":\"es\",\"potentialAction\":[{\"@type\":\"ReadAction\",\"target\":[\"https:\\\/\\\/patagoniambiental.com.ar\\\/info\\\/camarones-vive-el-boom-del-langostino-pero-tambien-padece-consecuencias\\\/\"]}]},{\"@type\":\"ImageObject\",\"inLanguage\":\"es\",\"@id\":\"https:\\\/\\\/patagoniambiental.com.ar\\\/info\\\/camarones-vive-el-boom-del-langostino-pero-tambien-padece-consecuencias\\\/#primaryimage\",\"url\":\"https:\\\/\\\/patagoniambiental.com.ar\\\/info\\\/wp-content\\\/uploads\\\/2017\\\/07\\\/1499915636722.jpg\",\"contentUrl\":\"https:\\\/\\\/patagoniambiental.com.ar\\\/info\\\/wp-content\\\/uploads\\\/2017\\\/07\\\/1499915636722.jpg\",\"width\":460,\"height\":280},{\"@type\":\"BreadcrumbList\",\"@id\":\"https:\\\/\\\/patagoniambiental.com.ar\\\/info\\\/camarones-vive-el-boom-del-langostino-pero-tambien-padece-consecuencias\\\/#breadcrumb\",\"itemListElement\":[{\"@type\":\"ListItem\",\"position\":1,\"name\":\"Inicio\",\"item\":\"https:\\\/\\\/patagoniambiental.com.ar\\\/info\\\/\"},{\"@type\":\"ListItem\",\"position\":2,\"name\":\"Camarones vive el boom del langostino pero tambi\u00e9n padece consecuencias\"}]},{\"@type\":\"WebSite\",\"@id\":\"https:\\\/\\\/patagoniambiental.com.ar\\\/info\\\/#website\",\"url\":\"https:\\\/\\\/patagoniambiental.com.ar\\\/info\\\/\",\"name\":\"Patagonia Ambiental\",\"description\":\"Monitoreo y an\u00e1lisis de la situaci\u00f3n geopol\u00edtica en el mundo y su implicancia en la Patagonia\",\"publisher\":{\"@id\":\"https:\\\/\\\/patagoniambiental.com.ar\\\/info\\\/#organization\"},\"potentialAction\":[{\"@type\":\"SearchAction\",\"target\":{\"@type\":\"EntryPoint\",\"urlTemplate\":\"https:\\\/\\\/patagoniambiental.com.ar\\\/info\\\/?s={search_term_string}\"},\"query-input\":{\"@type\":\"PropertyValueSpecification\",\"valueRequired\":true,\"valueName\":\"search_term_string\"}}],\"inLanguage\":\"es\"},{\"@type\":\"Organization\",\"@id\":\"https:\\\/\\\/patagoniambiental.com.ar\\\/info\\\/#organization\",\"name\":\"Patagonia Ambiental\",\"url\":\"https:\\\/\\\/patagoniambiental.com.ar\\\/info\\\/\",\"logo\":{\"@type\":\"ImageObject\",\"inLanguage\":\"es\",\"@id\":\"https:\\\/\\\/patagoniambiental.com.ar\\\/info\\\/#\\\/schema\\\/logo\\\/image\\\/\",\"url\":\"https:\\\/\\\/patagoniambiental.com.ar\\\/info\\\/wp-content\\\/uploads\\\/2025\\\/05\\\/LOGO-PATAGONIA-AMBIENTAL.png\",\"contentUrl\":\"https:\\\/\\\/patagoniambiental.com.ar\\\/info\\\/wp-content\\\/uploads\\\/2025\\\/05\\\/LOGO-PATAGONIA-AMBIENTAL.png\",\"width\":433,\"height\":250,\"caption\":\"Patagonia Ambiental\"},\"image\":{\"@id\":\"https:\\\/\\\/patagoniambiental.com.ar\\\/info\\\/#\\\/schema\\\/logo\\\/image\\\/\"},\"sameAs\":[\"https:\\\/\\\/www.facebook.com\\\/patagonia.ambiental\",\"https:\\\/\\\/x.com\\\/PatAmb\"]},{\"@type\":\"Person\",\"@id\":\"https:\\\/\\\/patagoniambiental.com.ar\\\/info\\\/#\\\/schema\\\/person\\\/db12bff64bbcbf6a253710bf0ea37b5d\",\"name\":\"Patagonia Ambiental\",\"description\":\"Andr\u00e9s Nievas T\u00e9cnico en manejo ambiental, consultor Ambiental y escritor para medios locales e internacionales sobre temas de geopolitica y medio ambiente.\",\"sameAs\":[\"http:\\\/\\\/www.patagoniambiental.com.ar\",\"https:\\\/\\\/www.facebook.com\\\/share\\\/1C1V8Gv9BX\\\/?mibextid=qi2Omg\",\"@patagoniambiental\",\"https:\\\/\\\/youtube.com\\\/@patagoniaambiental2023?si=BLt58t0wuXquxlYZ\"]}]}<\/script>\n<!-- \/ Yoast SEO Premium plugin. -->","yoast_head_json":{"title":"Camarones vive el boom del langostino pero tambi\u00e9n padece consecuencias","robots":{"index":"index","follow":"follow","max-snippet":"max-snippet:-1","max-image-preview":"max-image-preview:large","max-video-preview":"max-video-preview:-1"},"canonical":"https:\/\/patagoniambiental.com.ar\/info\/camarones-vive-el-boom-del-langostino-pero-tambien-padece-consecuencias\/","og_locale":"es_ES","og_type":"article","og_title":"Camarones vive el boom del langostino pero tambi\u00e9n padece consecuencias","og_description":"Camarones.-En dos meses ya capturaron la mitad de toneladas de langostinos que en toda la temporada pasada. No queda lugar [&hellip;]","og_url":"https:\/\/patagoniambiental.com.ar\/info\/camarones-vive-el-boom-del-langostino-pero-tambien-padece-consecuencias\/","og_site_name":"Patagonia Ambiental","article_publisher":"https:\/\/www.facebook.com\/patagonia.ambiental","article_author":"https:\/\/www.facebook.com\/share\/1C1V8Gv9BX\/?mibextid=qi2Omg","article_published_time":"2017-07-15T22:00:02+00:00","og_image":[{"width":460,"height":280,"url":"https:\/\/patagoniambiental.com.ar\/info\/wp-content\/uploads\/2017\/07\/1499915636722.jpg","type":"image\/jpeg"}],"author":"Patagonia Ambiental","twitter_card":"summary_large_image","twitter_creator":"@PatAmb","twitter_site":"@PatAmb","schema":{"@context":"https:\/\/schema.org","@graph":[{"@type":"Article","@id":"https:\/\/patagoniambiental.com.ar\/info\/camarones-vive-el-boom-del-langostino-pero-tambien-padece-consecuencias\/#article","isPartOf":{"@id":"https:\/\/patagoniambiental.com.ar\/info\/camarones-vive-el-boom-del-langostino-pero-tambien-padece-consecuencias\/"},"author":{"name":"Patagonia Ambiental","@id":"https:\/\/patagoniambiental.com.ar\/info\/#\/schema\/person\/db12bff64bbcbf6a253710bf0ea37b5d"},"headline":"Camarones vive el boom del langostino pero tambi\u00e9n padece consecuencias","datePublished":"2017-07-15T22:00:02+00:00","mainEntityOfPage":{"@id":"https:\/\/patagoniambiental.com.ar\/info\/camarones-vive-el-boom-del-langostino-pero-tambien-padece-consecuencias\/"},"wordCount":720,"commentCount":0,"publisher":{"@id":"https:\/\/patagoniambiental.com.ar\/info\/#organization"},"image":{"@id":"https:\/\/patagoniambiental.com.ar\/info\/camarones-vive-el-boom-del-langostino-pero-tambien-padece-consecuencias\/#primaryimage"},"thumbnailUrl":"https:\/\/patagoniambiental.com.ar\/info\/wp-content\/uploads\/2017\/07\/1499915636722.jpg","articleSection":["Municipales","Noticias"],"inLanguage":"es","potentialAction":[{"@type":"CommentAction","name":"Comment","target":["https:\/\/patagoniambiental.com.ar\/info\/camarones-vive-el-boom-del-langostino-pero-tambien-padece-consecuencias\/#respond"]}]},{"@type":"WebPage","@id":"https:\/\/patagoniambiental.com.ar\/info\/camarones-vive-el-boom-del-langostino-pero-tambien-padece-consecuencias\/","url":"https:\/\/patagoniambiental.com.ar\/info\/camarones-vive-el-boom-del-langostino-pero-tambien-padece-consecuencias\/","name":"Camarones vive el boom del langostino pero tambi\u00e9n padece consecuencias","isPartOf":{"@id":"https:\/\/patagoniambiental.com.ar\/info\/#website"},"primaryImageOfPage":{"@id":"https:\/\/patagoniambiental.com.ar\/info\/camarones-vive-el-boom-del-langostino-pero-tambien-padece-consecuencias\/#primaryimage"},"image":{"@id":"https:\/\/patagoniambiental.com.ar\/info\/camarones-vive-el-boom-del-langostino-pero-tambien-padece-consecuencias\/#primaryimage"},"thumbnailUrl":"https:\/\/patagoniambiental.com.ar\/info\/wp-content\/uploads\/2017\/07\/1499915636722.jpg","datePublished":"2017-07-15T22:00:02+00:00","breadcrumb":{"@id":"https:\/\/patagoniambiental.com.ar\/info\/camarones-vive-el-boom-del-langostino-pero-tambien-padece-consecuencias\/#breadcrumb"},"inLanguage":"es","potentialAction":[{"@type":"ReadAction","target":["https:\/\/patagoniambiental.com.ar\/info\/camarones-vive-el-boom-del-langostino-pero-tambien-padece-consecuencias\/"]}]},{"@type":"ImageObject","inLanguage":"es","@id":"https:\/\/patagoniambiental.com.ar\/info\/camarones-vive-el-boom-del-langostino-pero-tambien-padece-consecuencias\/#primaryimage","url":"https:\/\/patagoniambiental.com.ar\/info\/wp-content\/uploads\/2017\/07\/1499915636722.jpg","contentUrl":"https:\/\/patagoniambiental.com.ar\/info\/wp-content\/uploads\/2017\/07\/1499915636722.jpg","width":460,"height":280},{"@type":"BreadcrumbList","@id":"https:\/\/patagoniambiental.com.ar\/info\/camarones-vive-el-boom-del-langostino-pero-tambien-padece-consecuencias\/#breadcrumb","itemListElement":[{"@type":"ListItem","position":1,"name":"Inicio","item":"https:\/\/patagoniambiental.com.ar\/info\/"},{"@type":"ListItem","position":2,"name":"Camarones vive el boom del langostino pero tambi\u00e9n padece consecuencias"}]},{"@type":"WebSite","@id":"https:\/\/patagoniambiental.com.ar\/info\/#website","url":"https:\/\/patagoniambiental.com.ar\/info\/","name":"Patagonia Ambiental","description":"Monitoreo y an\u00e1lisis de la situaci\u00f3n geopol\u00edtica en el mundo y su implicancia en la Patagonia","publisher":{"@id":"https:\/\/patagoniambiental.com.ar\/info\/#organization"},"potentialAction":[{"@type":"SearchAction","target":{"@type":"EntryPoint","urlTemplate":"https:\/\/patagoniambiental.com.ar\/info\/?s={search_term_string}"},"query-input":{"@type":"PropertyValueSpecification","valueRequired":true,"valueName":"search_term_string"}}],"inLanguage":"es"},{"@type":"Organization","@id":"https:\/\/patagoniambiental.com.ar\/info\/#organization","name":"Patagonia Ambiental","url":"https:\/\/patagoniambiental.com.ar\/info\/","logo":{"@type":"ImageObject","inLanguage":"es","@id":"https:\/\/patagoniambiental.com.ar\/info\/#\/schema\/logo\/image\/","url":"https:\/\/patagoniambiental.com.ar\/info\/wp-content\/uploads\/2025\/05\/LOGO-PATAGONIA-AMBIENTAL.png","contentUrl":"https:\/\/patagoniambiental.com.ar\/info\/wp-content\/uploads\/2025\/05\/LOGO-PATAGONIA-AMBIENTAL.png","width":433,"height":250,"caption":"Patagonia Ambiental"},"image":{"@id":"https:\/\/patagoniambiental.com.ar\/info\/#\/schema\/logo\/image\/"},"sameAs":["https:\/\/www.facebook.com\/patagonia.ambiental","https:\/\/x.com\/PatAmb"]},{"@type":"Person","@id":"https:\/\/patagoniambiental.com.ar\/info\/#\/schema\/person\/db12bff64bbcbf6a253710bf0ea37b5d","name":"Patagonia Ambiental","description":"Andr\u00e9s Nievas T\u00e9cnico en manejo ambiental, consultor Ambiental y escritor para medios locales e internacionales sobre temas de geopolitica y medio ambiente.","sameAs":["http:\/\/www.patagoniambiental.com.ar","https:\/\/www.facebook.com\/share\/1C1V8Gv9BX\/?mibextid=qi2Omg","@patagoniambiental","https:\/\/youtube.com\/@patagoniaambiental2023?si=BLt58t0wuXquxlYZ"]}]}},"_links":{"self":[{"href":"https:\/\/patagoniambiental.com.ar\/info\/wp-json\/wp\/v2\/posts\/32092","targetHints":{"allow":["GET"]}}],"collection":[{"href":"https:\/\/patagoniambiental.com.ar\/info\/wp-json\/wp\/v2\/posts"}],"about":[{"href":"https:\/\/patagoniambiental.com.ar\/info\/wp-json\/wp\/v2\/types\/post"}],"author":[{"embeddable":true,"href":"https:\/\/patagoniambiental.com.ar\/info\/wp-json\/wp\/v2\/users\/2"}],"replies":[{"embeddable":true,"href":"https:\/\/patagoniambiental.com.ar\/info\/wp-json\/wp\/v2\/comments?post=32092"}],"version-history":[{"count":0,"href":"https:\/\/patagoniambiental.com.ar\/info\/wp-json\/wp\/v2\/posts\/32092\/revisions"}],"wp:featuredmedia":[{"embeddable":true,"href":"https:\/\/patagoniambiental.com.ar\/info\/wp-json\/wp\/v2\/media\/32093"}],"wp:attachment":[{"href":"https:\/\/patagoniambiental.com.ar\/info\/wp-json\/wp\/v2\/media?parent=32092"}],"wp:term":[{"taxonomy":"category","embeddable":true,"href":"https:\/\/patagoniambiental.com.ar\/info\/wp-json\/wp\/v2\/categories?post=32092"},{"taxonomy":"post_tag","embeddable":true,"href":"https:\/\/patagoniambiental.com.ar\/info\/wp-json\/wp\/v2\/tags?post=32092"}],"curies":[{"name":"wp","href":"https:\/\/api.w.org\/{rel}","templated":true}]}}