{"id":32213,"date":"2017-07-18T09:00:04","date_gmt":"2017-07-18T12:00:04","guid":{"rendered":"http:\/\/patagoniambiental.com.ar\/info\/?p=32213"},"modified":"2017-07-14T21:39:19","modified_gmt":"2017-07-15T00:39:19","slug":"turismo-propone-multiples-opciones-para-toda-la-familia-en-vacaciones-de-invierno","status":"publish","type":"post","link":"https:\/\/patagoniambiental.com.ar\/info\/turismo-propone-multiples-opciones-para-toda-la-familia-en-vacaciones-de-invierno\/","title":{"rendered":"Turismo propone m\u00faltiples opciones para toda la familia en vacaciones de invierno"},"content":{"rendered":"<p class=\"x_MsoNormal\"><span lang=\"ES-TRAD\">Patagones.-La Municipalidad<\/span><span lang=\"ES-TRAD\">\u00a0de Patagones, a trav\u00e9s de la Direcci\u00f3n de Turismo, informa a la comunidad las diferentes propuestas tur\u00edsticas, recreativas y culturales que se realizar\u00e1n durante el receso invernal 2017.<\/span><\/p>\n<p><!--more--><\/p>\n<p class=\"x_MsoNormal\"><span lang=\"ES-TRAD\">Una de las principales propuestas de la temporada refiere a las ya tradicionales visitas guiadas por el poblado hist\u00f3rico.<\/span><\/p>\n<p class=\"x_MsoNormal\"><span lang=\"ES-TRAD\">Este servicio ofrece la<\/span><span lang=\"ES-AR\">\u00a0posibilidad de conocer la historia en su lugar, apreciando los distintos\u00a0 bienes, sitios y monumentos que componen el poblado.<\/span><\/p>\n<p class=\"x_MsoNormal\"><span lang=\"ES-AR\">Los circuitos permiten visitar los ranchos coloniales, realizar el acenso a la torre del antiguo fuerte e ingresar a la Iglesia Parroquial Nuestra Se\u00f1ora del Carmen.<\/span><\/p>\n<p class=\"x_MsoNormal\"><span lang=\"ES-AR\">Durante esta experiencia se podr\u00e1n apreciar tambi\u00e9n algunas cuevas hogares pertenecientes a los primeros pobladores, tejidos mapuches elaborados por hilanderas locales y el mausoleo del Comandante Luis Piedra Buena.<\/span><\/p>\n<p class=\"x_MsoNormal\"><span lang=\"ES-TRAD\">Las salidas guiadas son de car\u00e1cter gratuito, y est\u00e1n asistidos por gu\u00edas profesionales de la Direcci\u00f3n y el Museo Hist\u00f3rico Regional Emma Nozzi.<\/span><\/p>\n<p class=\"x_MsoNormal\"><span lang=\"ES-TRAD\">Los recorridos parten de lunes a s\u00e1bados a las 11 hrs., desde la oficina de informes tur\u00edsticos, ubicada en la Av. Costanera, en el Muelle Nacional de Lanchas.<\/span><\/p>\n<p class=\"x_MsoNormal\"><span lang=\"ES-TRAD\">La invitaci\u00f3n se hace extensiva no solo a turistas sino tambi\u00e9n a los vecinos de la comarca que est\u00e9n interesados en conocer y re descubrir la historia maragata.<\/span><\/p>\n<p class=\"x_MsoNormal\"><span lang=\"ES-TRAD\">Siguiendo con la agenda de actividades, el Museo Hist\u00f3rico Regional Emma Nozzi permanecer\u00e1 abierto de\u00a0lunes a viernes de 10 a 12 y de 15 a 17 hs, y los s\u00e1bados y domingos de 17 a 19 hs.<\/span><\/p>\n<p class=\"x_MsoNormal\"><span lang=\"ES-TRAD\">Otro de los hitos imperdibles del poblado es el Rancho\u00a0La Carlota cuyas vistas guiadas parten desde el Museo.<\/span><\/p>\n<p class=\"x_MsoNormal\"><span lang=\"ES-TRAD\">De igual forma el Museo de la Prefectura Naval Argentina\u00a0ofrecer\u00e1 visitas guiadas por sus diferentes salas de exposici\u00f3n de martes a viernes, de 8 a 13 y de 15 a 19 hs., y los d\u00edas s\u00e1bados y domingos de 15 a 19 hs.<\/span><\/p>\n<p class=\"x_MsoNormal\"><span lang=\"ES-TRAD\">Por otro lado, otro punto neur\u00e1lgico del poblado es el Templo Parroquial Nuestra Se\u00f1ora del Carmen y el Mausoleo Comandante Luis Piedra Buena, los cuales permanecer\u00e1n abiertos y ser\u00e1n asistidos por un Anfitri\u00f3n Tur\u00edstico, abocado al recibimiento y acompa\u00f1amiento de los visitantes de martes a s\u00e1bados; en el horario de 10:00 a 12:00 hs y de 17:00 a 19:00 hs.<\/span><\/p>\n<p class=\"x_MsoNormal\"><span lang=\"ES-TRAD\">En este marco, el\u00a0Rancho Rial\u00a0permanecer\u00e1 abierto tambi\u00e9n de lunes a viernes de 7 a 13hs.\u00a0contando con hilanderas que practican telares mapuches los d\u00edas lunes, martes y mi\u00e9rcoles de 16 a 18 hs.<\/span><\/p>\n<p class=\"x_MsoNormal\"><span lang=\"ES-TRAD\">El Catamar\u00e1n Curr\u00fa Leuv\u00fab II contin\u00faa ofreciendo su cl\u00e1sica excusi\u00f3n que inicia en el muelle de lanchas de Viedma, de jueves a lunes a las 16:00 hs.<\/span><\/p>\n<p class=\"x_MsoNormal\"><span lang=\"ES-TRAD\">Complementan la agenda de Carmen de Patagones las propuestas del aeroclub con sus vuelos de bautismo, todos los d\u00edas desde las 15 hrs; y el club de golf de \u201cLa Comarca\u201d que permanecer\u00e1 abierto de lunes a s\u00e1bados de 9 a 20 horas, y cuanta con servicios de restaurante, alquiler de equipos, clases particulares y grupales, entre otros servicios, todo ello brindado en un marco inmejorable por su vista del r\u00edo Negro, el puente ferrocarretero, el Cerro de la Caballada y de ambas ciudades.<\/span><\/p>\n<p class=\"x_MsoNormal\">\n<p class=\"x_MsoNormal\"><b><span lang=\"ES-TRAD\">En Bah\u00eda San Blas<\/span><\/b><b><\/b><\/p>\n<p class=\"x_MsoNormal\"><span lang=\"ES-TRAD\">Como todos los a\u00f1os en Bah\u00eda San Blas, la diversidad de estilos y tipos de pesca le otorgan una impronta \u00fanica a la isla, hecho que posibilita la pesca deportiva durante todo el a\u00f1o.\u00a0<\/span><\/p>\n<p class=\"x_MsoNormal\"><span lang=\"ES-TRAD\">En esta \u00e9poca, y hasta el mes de octubre, el fuerte de esta actividad se traslada a la r\u00eda y la playa de arena, donde \u00a0existen formaciones de peque\u00f1as rompientes que permiten obtener significativos pejerreyes y pejerreyes panzones que superan el kilo de peso.<\/span><\/p>\n<p><span lang=\"ES-TRAD\">\u00a0<\/span><\/p>\n<p><span lang=\"ES-TRAD\">Adem\u00e1s de la pesca de costa en un entorno natural inmejorable se desarrollar\u00e1n para toda la familia diferentes actividades comenzando est\u00e9 fin de semana en el Club Social y Deportivo a partir de las 15:30hs, con lectura de cuentos origami, pelotero y actividades recreativas.<\/span><\/p>\n<p><span lang=\"ES-TRAD\">El domingo en el mismo horario habr\u00e1 cine para ni\u00f1os con entrada libre y gratuita. Adem\u00e1s contar\u00e1n con servicio de cantina.<\/span><\/p>\n<p><span lang=\"ES-TRAD\">Por otro lado, la Biblioteca Popular Alfonsina Storni tendr\u00e1 sus puertas abiertas de lunes a viernes de 7 a 13hs.<\/span><\/p>\n<p><span lang=\"ES-TRAD\">Para los turistas que desean asesorarse sobre los servicios y contar con folleter\u00eda la Oficina de Turismo mantendr\u00e1 sus puertas abiertas de jueves a domingo de 10 a 18hs.<\/span><\/p>\n<p class=\"x_MsoNormal\"><span lang=\"ES-TRAD\">Por \u00faltimo es oportuno destacar que en la p\u00e1gina web de la Direcci\u00f3n de Turismo:\u00a0<a href=\"http:\/\/www.turismopatagones.gob.ar\/\" target=\"_blank\" rel=\"noopener noreferrer\">www.turismopatagones.gob.ar<\/a>\u00a0se encuentra el programa con todas las actividades para estas vacaciones, informaci\u00f3n sobre los atractivos de todo el partido y, sobre todo, promos especiales para esta temporada.<\/span><\/p>\n<p class=\"x_MsoNormal\"><span lang=\"ES-TRAD\">Adem\u00e1s de ello, la plataforma web ofrece la posibilidad de conocer la disponibilidad online de los alojamientos habilitados, y contactarse por chat con personal de las oficinas de informes para evacuar cualquier duda.<\/span><\/p>\n<p class=\"x_MsoNormal\">\n<p class=\"x_MsoNormal\"><b><span lang=\"ES-TRAD\">Para mayor informaci\u00f3n:<\/span><\/b><\/p>\n<p class=\"x_gmail-m-5450788911607855589m-650401489650077348m-5707699752275134404gmail-msolistparagraph\"><b><span lang=\"ES-TRAD\">Oficina de Informes de Patagones<\/span><\/b><\/p>\n<p class=\"x_MsoNormal\"><span lang=\"ES-TRAD\">De lunes a Viernes de 8:00 a 20:00 hs, s\u00e1bados, domingos y feriados de 10:00 a 19:00 hs<\/span><\/p>\n<p class=\"x_MsoNormal\"><span lang=\"ES-TRAD\">Tel: (02920) 465406 &#8211; Mail:\u00a0<\/span><a href=\"mailto:turismopatagones@gmail.com\" target=\"_blank\" rel=\"noopener noreferrer\"><span lang=\"ES-TRAD\">turismopatagones@gmail.com<\/span><\/a><\/p>\n<p class=\"x_gmail-m-5450788911607855589m-650401489650077348m-5707699752275134404gmail-msolistparagraph\"><b><span lang=\"ES-TRAD\">Oficina de Informes de Bah\u00eda San Blas<\/span><\/b><\/p>\n<p class=\"x_MsoNormal\">D\u00edas y Horarios en vacaciones de Invierno: Jueves a Domingo de 9 a 17 hs.<\/p>\n<p class=\"x_MsoNormal\">Tel: 02920-499257<\/p>\n<p class=\"x_MsoNormal\">Email:\u00a0<a href=\"mailto:turismobahiasanblas@yahoo.com.ar\" target=\"_blank\" rel=\"noopener noreferrer\">turismobahiasanblas@yahoo.com.ar<\/a><\/p>\n<p class=\"x_MsoNormal\">\n<p><br clear=\"all\" \/><br \/>\nFuente:\u00a0<span style=\"font-size: small;\">Direcci\u00f3n de Comunicaci\u00f3n Institucional<\/span><\/p>\n<div class=\"x_gmail_signature\">\n<div dir=\"ltr\">\n<div>\n<div dir=\"ltr\">\n<div>\n<div dir=\"ltr\">\n<div>\n<div dir=\"ltr\">\n<div>\n<div dir=\"ltr\">\n<div>\n<div dir=\"ltr\">\n<div>\n<div><b><span style=\"font-size: small;\">MUNICIPALIDAD DE PATAGONES<\/span><\/b><\/div>\n<\/div>\n<\/div>\n<\/div>\n<\/div>\n<\/div>\n<\/div>\n<\/div>\n<\/div>\n<\/div>\n<\/div>\n<\/div>\n<\/div>\n<\/div>\n","protected":false},"excerpt":{"rendered":"<p>Patagones.-La Municipalidad\u00a0de Patagones, a trav\u00e9s de la Direcci\u00f3n de Turismo, informa a la comunidad las diferentes propuestas tur\u00edsticas, recreativas y [&hellip;]<\/p>\n","protected":false},"author":2,"featured_media":32214,"comment_status":"open","ping_status":"open","sticky":false,"template":"","format":"standard","meta":{"site-sidebar-layout":"default","site-content-layout":"","ast-site-content-layout":"default","site-content-style":"default","site-sidebar-style":"default","ast-global-header-display":"","ast-banner-title-visibility":"","ast-main-header-display":"","ast-hfb-above-header-display":"","ast-hfb-below-header-display":"","ast-hfb-mobile-header-display":"","site-post-title":"","ast-breadcrumbs-content":"","ast-featured-img":"","footer-sml-layout":"","ast-disable-related-posts":"","theme-transparent-header-meta":"","adv-header-id-meta":"","stick-header-meta":"","header-above-stick-meta":"","header-main-stick-meta":"","header-below-stick-meta":"","astra-migrate-meta-layouts":"default","ast-page-background-enabled":"default","ast-page-background-meta":{"desktop":{"background-color":"var(--ast-global-color-5)","background-image":"","background-repeat":"repeat","background-position":"center center","background-size":"auto","background-attachment":"scroll","background-type":"","background-media":"","overlay-type":"","overlay-color":"","overlay-opacity":"","overlay-gradient":""},"tablet":{"background-color":"","background-image":"","background-repeat":"repeat","background-position":"center center","background-size":"auto","background-attachment":"scroll","background-type":"","background-media":"","overlay-type":"","overlay-color":"","overlay-opacity":"","overlay-gradient":""},"mobile":{"background-color":"","background-image":"","background-repeat":"repeat","background-position":"center center","background-size":"auto","background-attachment":"scroll","background-type":"","background-media":"","overlay-type":"","overlay-color":"","overlay-opacity":"","overlay-gradient":""}},"ast-content-background-meta":{"desktop":{"background-color":"var(--ast-global-color-4)","background-image":"","background-repeat":"repeat","background-position":"center center","background-size":"auto","background-attachment":"scroll","background-type":"","background-media":"","overlay-type":"","overlay-color":"","overlay-opacity":"","overlay-gradient":""},"tablet":{"background-color":"var(--ast-global-color-4)","background-image":"","background-repeat":"repeat","background-position":"center center","background-size":"auto","background-attachment":"scroll","background-type":"","background-media":"","overlay-type":"","overlay-color":"","overlay-opacity":"","overlay-gradient":""},"mobile":{"background-color":"var(--ast-global-color-4)","background-image":"","background-repeat":"repeat","background-position":"center center","background-size":"auto","background-attachment":"scroll","background-type":"","background-media":"","overlay-type":"","overlay-color":"","overlay-opacity":"","overlay-gradient":""}},"footnotes":""},"categories":[16,1],"tags":[],"class_list":["post-32213","post","type-post","status-publish","format-standard","has-post-thumbnail","hentry","category-municipales","category-noticias"],"yoast_head":"<!-- This site is optimized with the Yoast SEO Premium plugin v23.0 (Yoast SEO v27.4) - https:\/\/yoast.com\/product\/yoast-seo-premium-wordpress\/ -->\n<title>Turismo propone m\u00faltiples opciones para toda la familia en vacaciones de invierno<\/title>\n<meta name=\"robots\" content=\"index, follow, max-snippet:-1, max-image-preview:large, max-video-preview:-1\" \/>\n<link rel=\"canonical\" href=\"https:\/\/patagoniambiental.com.ar\/info\/turismo-propone-multiples-opciones-para-toda-la-familia-en-vacaciones-de-invierno\/\" \/>\n<meta property=\"og:locale\" content=\"es_ES\" \/>\n<meta property=\"og:type\" content=\"article\" \/>\n<meta property=\"og:title\" content=\"Turismo propone m\u00faltiples opciones para toda la familia en vacaciones de invierno\" \/>\n<meta property=\"og:description\" content=\"Patagones.-La Municipalidad\u00a0de Patagones, a trav\u00e9s de la Direcci\u00f3n de Turismo, informa a la comunidad las diferentes propuestas tur\u00edsticas, recreativas y [&hellip;]\" \/>\n<meta property=\"og:url\" content=\"https:\/\/patagoniambiental.com.ar\/info\/turismo-propone-multiples-opciones-para-toda-la-familia-en-vacaciones-de-invierno\/\" \/>\n<meta property=\"og:site_name\" content=\"Patagonia Ambiental\" \/>\n<meta property=\"article:publisher\" content=\"https:\/\/www.facebook.com\/patagonia.ambiental\" \/>\n<meta property=\"article:author\" content=\"https:\/\/www.facebook.com\/share\/1C1V8Gv9BX\/?mibextid=qi2Omg\" \/>\n<meta property=\"article:published_time\" content=\"2017-07-18T12:00:04+00:00\" \/>\n<meta property=\"og:image\" content=\"https:\/\/patagoniambiental.com.ar\/info\/wp-content\/uploads\/2017\/07\/thumbnail_WEB-visitas-guiadas.jpg\" \/>\n\t<meta property=\"og:image:width\" content=\"1280\" \/>\n\t<meta property=\"og:image:height\" content=\"1280\" \/>\n\t<meta property=\"og:image:type\" content=\"image\/jpeg\" \/>\n<meta name=\"author\" content=\"Patagonia Ambiental\" \/>\n<meta name=\"twitter:card\" content=\"summary_large_image\" \/>\n<meta name=\"twitter:creator\" content=\"@PatAmb\" \/>\n<meta name=\"twitter:site\" content=\"@PatAmb\" \/>\n<script type=\"application\/ld+json\" class=\"yoast-schema-graph\">{\"@context\":\"https:\\\/\\\/schema.org\",\"@graph\":[{\"@type\":\"Article\",\"@id\":\"https:\\\/\\\/patagoniambiental.com.ar\\\/info\\\/turismo-propone-multiples-opciones-para-toda-la-familia-en-vacaciones-de-invierno\\\/#article\",\"isPartOf\":{\"@id\":\"https:\\\/\\\/patagoniambiental.com.ar\\\/info\\\/turismo-propone-multiples-opciones-para-toda-la-familia-en-vacaciones-de-invierno\\\/\"},\"author\":{\"name\":\"Patagonia Ambiental\",\"@id\":\"https:\\\/\\\/patagoniambiental.com.ar\\\/info\\\/#\\\/schema\\\/person\\\/db12bff64bbcbf6a253710bf0ea37b5d\"},\"headline\":\"Turismo propone m\u00faltiples opciones para toda la familia en vacaciones de invierno\",\"datePublished\":\"2017-07-18T12:00:04+00:00\",\"mainEntityOfPage\":{\"@id\":\"https:\\\/\\\/patagoniambiental.com.ar\\\/info\\\/turismo-propone-multiples-opciones-para-toda-la-familia-en-vacaciones-de-invierno\\\/\"},\"wordCount\":902,\"commentCount\":0,\"publisher\":{\"@id\":\"https:\\\/\\\/patagoniambiental.com.ar\\\/info\\\/#organization\"},\"image\":{\"@id\":\"https:\\\/\\\/patagoniambiental.com.ar\\\/info\\\/turismo-propone-multiples-opciones-para-toda-la-familia-en-vacaciones-de-invierno\\\/#primaryimage\"},\"thumbnailUrl\":\"https:\\\/\\\/patagoniambiental.com.ar\\\/info\\\/wp-content\\\/uploads\\\/2017\\\/07\\\/thumbnail_WEB-visitas-guiadas.jpg\",\"articleSection\":[\"Municipales\",\"Noticias\"],\"inLanguage\":\"es\",\"potentialAction\":[{\"@type\":\"CommentAction\",\"name\":\"Comment\",\"target\":[\"https:\\\/\\\/patagoniambiental.com.ar\\\/info\\\/turismo-propone-multiples-opciones-para-toda-la-familia-en-vacaciones-de-invierno\\\/#respond\"]}]},{\"@type\":\"WebPage\",\"@id\":\"https:\\\/\\\/patagoniambiental.com.ar\\\/info\\\/turismo-propone-multiples-opciones-para-toda-la-familia-en-vacaciones-de-invierno\\\/\",\"url\":\"https:\\\/\\\/patagoniambiental.com.ar\\\/info\\\/turismo-propone-multiples-opciones-para-toda-la-familia-en-vacaciones-de-invierno\\\/\",\"name\":\"Turismo propone m\u00faltiples opciones para toda la familia en vacaciones de invierno\",\"isPartOf\":{\"@id\":\"https:\\\/\\\/patagoniambiental.com.ar\\\/info\\\/#website\"},\"primaryImageOfPage\":{\"@id\":\"https:\\\/\\\/patagoniambiental.com.ar\\\/info\\\/turismo-propone-multiples-opciones-para-toda-la-familia-en-vacaciones-de-invierno\\\/#primaryimage\"},\"image\":{\"@id\":\"https:\\\/\\\/patagoniambiental.com.ar\\\/info\\\/turismo-propone-multiples-opciones-para-toda-la-familia-en-vacaciones-de-invierno\\\/#primaryimage\"},\"thumbnailUrl\":\"https:\\\/\\\/patagoniambiental.com.ar\\\/info\\\/wp-content\\\/uploads\\\/2017\\\/07\\\/thumbnail_WEB-visitas-guiadas.jpg\",\"datePublished\":\"2017-07-18T12:00:04+00:00\",\"breadcrumb\":{\"@id\":\"https:\\\/\\\/patagoniambiental.com.ar\\\/info\\\/turismo-propone-multiples-opciones-para-toda-la-familia-en-vacaciones-de-invierno\\\/#breadcrumb\"},\"inLanguage\":\"es\",\"potentialAction\":[{\"@type\":\"ReadAction\",\"target\":[\"https:\\\/\\\/patagoniambiental.com.ar\\\/info\\\/turismo-propone-multiples-opciones-para-toda-la-familia-en-vacaciones-de-invierno\\\/\"]}]},{\"@type\":\"ImageObject\",\"inLanguage\":\"es\",\"@id\":\"https:\\\/\\\/patagoniambiental.com.ar\\\/info\\\/turismo-propone-multiples-opciones-para-toda-la-familia-en-vacaciones-de-invierno\\\/#primaryimage\",\"url\":\"https:\\\/\\\/patagoniambiental.com.ar\\\/info\\\/wp-content\\\/uploads\\\/2017\\\/07\\\/thumbnail_WEB-visitas-guiadas.jpg\",\"contentUrl\":\"https:\\\/\\\/patagoniambiental.com.ar\\\/info\\\/wp-content\\\/uploads\\\/2017\\\/07\\\/thumbnail_WEB-visitas-guiadas.jpg\",\"width\":1280,\"height\":1280},{\"@type\":\"BreadcrumbList\",\"@id\":\"https:\\\/\\\/patagoniambiental.com.ar\\\/info\\\/turismo-propone-multiples-opciones-para-toda-la-familia-en-vacaciones-de-invierno\\\/#breadcrumb\",\"itemListElement\":[{\"@type\":\"ListItem\",\"position\":1,\"name\":\"Inicio\",\"item\":\"https:\\\/\\\/patagoniambiental.com.ar\\\/info\\\/\"},{\"@type\":\"ListItem\",\"position\":2,\"name\":\"Turismo propone m\u00faltiples opciones para toda la familia en vacaciones de invierno\"}]},{\"@type\":\"WebSite\",\"@id\":\"https:\\\/\\\/patagoniambiental.com.ar\\\/info\\\/#website\",\"url\":\"https:\\\/\\\/patagoniambiental.com.ar\\\/info\\\/\",\"name\":\"Patagonia Ambiental\",\"description\":\"Monitoreo y an\u00e1lisis de la situaci\u00f3n geopol\u00edtica en el mundo y su implicancia en la Patagonia\",\"publisher\":{\"@id\":\"https:\\\/\\\/patagoniambiental.com.ar\\\/info\\\/#organization\"},\"potentialAction\":[{\"@type\":\"SearchAction\",\"target\":{\"@type\":\"EntryPoint\",\"urlTemplate\":\"https:\\\/\\\/patagoniambiental.com.ar\\\/info\\\/?s={search_term_string}\"},\"query-input\":{\"@type\":\"PropertyValueSpecification\",\"valueRequired\":true,\"valueName\":\"search_term_string\"}}],\"inLanguage\":\"es\"},{\"@type\":\"Organization\",\"@id\":\"https:\\\/\\\/patagoniambiental.com.ar\\\/info\\\/#organization\",\"name\":\"Patagonia Ambiental\",\"url\":\"https:\\\/\\\/patagoniambiental.com.ar\\\/info\\\/\",\"logo\":{\"@type\":\"ImageObject\",\"inLanguage\":\"es\",\"@id\":\"https:\\\/\\\/patagoniambiental.com.ar\\\/info\\\/#\\\/schema\\\/logo\\\/image\\\/\",\"url\":\"https:\\\/\\\/patagoniambiental.com.ar\\\/info\\\/wp-content\\\/uploads\\\/2025\\\/05\\\/LOGO-PATAGONIA-AMBIENTAL.png\",\"contentUrl\":\"https:\\\/\\\/patagoniambiental.com.ar\\\/info\\\/wp-content\\\/uploads\\\/2025\\\/05\\\/LOGO-PATAGONIA-AMBIENTAL.png\",\"width\":433,\"height\":250,\"caption\":\"Patagonia Ambiental\"},\"image\":{\"@id\":\"https:\\\/\\\/patagoniambiental.com.ar\\\/info\\\/#\\\/schema\\\/logo\\\/image\\\/\"},\"sameAs\":[\"https:\\\/\\\/www.facebook.com\\\/patagonia.ambiental\",\"https:\\\/\\\/x.com\\\/PatAmb\"]},{\"@type\":\"Person\",\"@id\":\"https:\\\/\\\/patagoniambiental.com.ar\\\/info\\\/#\\\/schema\\\/person\\\/db12bff64bbcbf6a253710bf0ea37b5d\",\"name\":\"Patagonia Ambiental\",\"description\":\"Andr\u00e9s Nievas T\u00e9cnico en manejo ambiental, consultor Ambiental y escritor para medios locales e internacionales sobre temas de geopolitica y medio ambiente.\",\"sameAs\":[\"http:\\\/\\\/www.patagoniambiental.com.ar\",\"https:\\\/\\\/www.facebook.com\\\/share\\\/1C1V8Gv9BX\\\/?mibextid=qi2Omg\",\"@patagoniambiental\",\"https:\\\/\\\/youtube.com\\\/@patagoniaambiental2023?si=BLt58t0wuXquxlYZ\"]}]}<\/script>\n<!-- \/ Yoast SEO Premium plugin. -->","yoast_head_json":{"title":"Turismo propone m\u00faltiples opciones para toda la familia en vacaciones de invierno","robots":{"index":"index","follow":"follow","max-snippet":"max-snippet:-1","max-image-preview":"max-image-preview:large","max-video-preview":"max-video-preview:-1"},"canonical":"https:\/\/patagoniambiental.com.ar\/info\/turismo-propone-multiples-opciones-para-toda-la-familia-en-vacaciones-de-invierno\/","og_locale":"es_ES","og_type":"article","og_title":"Turismo propone m\u00faltiples opciones para toda la familia en vacaciones de invierno","og_description":"Patagones.-La Municipalidad\u00a0de Patagones, a trav\u00e9s de la Direcci\u00f3n de Turismo, informa a la comunidad las diferentes propuestas tur\u00edsticas, recreativas y [&hellip;]","og_url":"https:\/\/patagoniambiental.com.ar\/info\/turismo-propone-multiples-opciones-para-toda-la-familia-en-vacaciones-de-invierno\/","og_site_name":"Patagonia Ambiental","article_publisher":"https:\/\/www.facebook.com\/patagonia.ambiental","article_author":"https:\/\/www.facebook.com\/share\/1C1V8Gv9BX\/?mibextid=qi2Omg","article_published_time":"2017-07-18T12:00:04+00:00","og_image":[{"width":1280,"height":1280,"url":"https:\/\/patagoniambiental.com.ar\/info\/wp-content\/uploads\/2017\/07\/thumbnail_WEB-visitas-guiadas.jpg","type":"image\/jpeg"}],"author":"Patagonia Ambiental","twitter_card":"summary_large_image","twitter_creator":"@PatAmb","twitter_site":"@PatAmb","schema":{"@context":"https:\/\/schema.org","@graph":[{"@type":"Article","@id":"https:\/\/patagoniambiental.com.ar\/info\/turismo-propone-multiples-opciones-para-toda-la-familia-en-vacaciones-de-invierno\/#article","isPartOf":{"@id":"https:\/\/patagoniambiental.com.ar\/info\/turismo-propone-multiples-opciones-para-toda-la-familia-en-vacaciones-de-invierno\/"},"author":{"name":"Patagonia Ambiental","@id":"https:\/\/patagoniambiental.com.ar\/info\/#\/schema\/person\/db12bff64bbcbf6a253710bf0ea37b5d"},"headline":"Turismo propone m\u00faltiples opciones para toda la familia en vacaciones de invierno","datePublished":"2017-07-18T12:00:04+00:00","mainEntityOfPage":{"@id":"https:\/\/patagoniambiental.com.ar\/info\/turismo-propone-multiples-opciones-para-toda-la-familia-en-vacaciones-de-invierno\/"},"wordCount":902,"commentCount":0,"publisher":{"@id":"https:\/\/patagoniambiental.com.ar\/info\/#organization"},"image":{"@id":"https:\/\/patagoniambiental.com.ar\/info\/turismo-propone-multiples-opciones-para-toda-la-familia-en-vacaciones-de-invierno\/#primaryimage"},"thumbnailUrl":"https:\/\/patagoniambiental.com.ar\/info\/wp-content\/uploads\/2017\/07\/thumbnail_WEB-visitas-guiadas.jpg","articleSection":["Municipales","Noticias"],"inLanguage":"es","potentialAction":[{"@type":"CommentAction","name":"Comment","target":["https:\/\/patagoniambiental.com.ar\/info\/turismo-propone-multiples-opciones-para-toda-la-familia-en-vacaciones-de-invierno\/#respond"]}]},{"@type":"WebPage","@id":"https:\/\/patagoniambiental.com.ar\/info\/turismo-propone-multiples-opciones-para-toda-la-familia-en-vacaciones-de-invierno\/","url":"https:\/\/patagoniambiental.com.ar\/info\/turismo-propone-multiples-opciones-para-toda-la-familia-en-vacaciones-de-invierno\/","name":"Turismo propone m\u00faltiples opciones para toda la familia en vacaciones de invierno","isPartOf":{"@id":"https:\/\/patagoniambiental.com.ar\/info\/#website"},"primaryImageOfPage":{"@id":"https:\/\/patagoniambiental.com.ar\/info\/turismo-propone-multiples-opciones-para-toda-la-familia-en-vacaciones-de-invierno\/#primaryimage"},"image":{"@id":"https:\/\/patagoniambiental.com.ar\/info\/turismo-propone-multiples-opciones-para-toda-la-familia-en-vacaciones-de-invierno\/#primaryimage"},"thumbnailUrl":"https:\/\/patagoniambiental.com.ar\/info\/wp-content\/uploads\/2017\/07\/thumbnail_WEB-visitas-guiadas.jpg","datePublished":"2017-07-18T12:00:04+00:00","breadcrumb":{"@id":"https:\/\/patagoniambiental.com.ar\/info\/turismo-propone-multiples-opciones-para-toda-la-familia-en-vacaciones-de-invierno\/#breadcrumb"},"inLanguage":"es","potentialAction":[{"@type":"ReadAction","target":["https:\/\/patagoniambiental.com.ar\/info\/turismo-propone-multiples-opciones-para-toda-la-familia-en-vacaciones-de-invierno\/"]}]},{"@type":"ImageObject","inLanguage":"es","@id":"https:\/\/patagoniambiental.com.ar\/info\/turismo-propone-multiples-opciones-para-toda-la-familia-en-vacaciones-de-invierno\/#primaryimage","url":"https:\/\/patagoniambiental.com.ar\/info\/wp-content\/uploads\/2017\/07\/thumbnail_WEB-visitas-guiadas.jpg","contentUrl":"https:\/\/patagoniambiental.com.ar\/info\/wp-content\/uploads\/2017\/07\/thumbnail_WEB-visitas-guiadas.jpg","width":1280,"height":1280},{"@type":"BreadcrumbList","@id":"https:\/\/patagoniambiental.com.ar\/info\/turismo-propone-multiples-opciones-para-toda-la-familia-en-vacaciones-de-invierno\/#breadcrumb","itemListElement":[{"@type":"ListItem","position":1,"name":"Inicio","item":"https:\/\/patagoniambiental.com.ar\/info\/"},{"@type":"ListItem","position":2,"name":"Turismo propone m\u00faltiples opciones para toda la familia en vacaciones de invierno"}]},{"@type":"WebSite","@id":"https:\/\/patagoniambiental.com.ar\/info\/#website","url":"https:\/\/patagoniambiental.com.ar\/info\/","name":"Patagonia Ambiental","description":"Monitoreo y an\u00e1lisis de la situaci\u00f3n geopol\u00edtica en el mundo y su implicancia en la Patagonia","publisher":{"@id":"https:\/\/patagoniambiental.com.ar\/info\/#organization"},"potentialAction":[{"@type":"SearchAction","target":{"@type":"EntryPoint","urlTemplate":"https:\/\/patagoniambiental.com.ar\/info\/?s={search_term_string}"},"query-input":{"@type":"PropertyValueSpecification","valueRequired":true,"valueName":"search_term_string"}}],"inLanguage":"es"},{"@type":"Organization","@id":"https:\/\/patagoniambiental.com.ar\/info\/#organization","name":"Patagonia Ambiental","url":"https:\/\/patagoniambiental.com.ar\/info\/","logo":{"@type":"ImageObject","inLanguage":"es","@id":"https:\/\/patagoniambiental.com.ar\/info\/#\/schema\/logo\/image\/","url":"https:\/\/patagoniambiental.com.ar\/info\/wp-content\/uploads\/2025\/05\/LOGO-PATAGONIA-AMBIENTAL.png","contentUrl":"https:\/\/patagoniambiental.com.ar\/info\/wp-content\/uploads\/2025\/05\/LOGO-PATAGONIA-AMBIENTAL.png","width":433,"height":250,"caption":"Patagonia Ambiental"},"image":{"@id":"https:\/\/patagoniambiental.com.ar\/info\/#\/schema\/logo\/image\/"},"sameAs":["https:\/\/www.facebook.com\/patagonia.ambiental","https:\/\/x.com\/PatAmb"]},{"@type":"Person","@id":"https:\/\/patagoniambiental.com.ar\/info\/#\/schema\/person\/db12bff64bbcbf6a253710bf0ea37b5d","name":"Patagonia Ambiental","description":"Andr\u00e9s Nievas T\u00e9cnico en manejo ambiental, consultor Ambiental y escritor para medios locales e internacionales sobre temas de geopolitica y medio ambiente.","sameAs":["http:\/\/www.patagoniambiental.com.ar","https:\/\/www.facebook.com\/share\/1C1V8Gv9BX\/?mibextid=qi2Omg","@patagoniambiental","https:\/\/youtube.com\/@patagoniaambiental2023?si=BLt58t0wuXquxlYZ"]}]}},"_links":{"self":[{"href":"https:\/\/patagoniambiental.com.ar\/info\/wp-json\/wp\/v2\/posts\/32213","targetHints":{"allow":["GET"]}}],"collection":[{"href":"https:\/\/patagoniambiental.com.ar\/info\/wp-json\/wp\/v2\/posts"}],"about":[{"href":"https:\/\/patagoniambiental.com.ar\/info\/wp-json\/wp\/v2\/types\/post"}],"author":[{"embeddable":true,"href":"https:\/\/patagoniambiental.com.ar\/info\/wp-json\/wp\/v2\/users\/2"}],"replies":[{"embeddable":true,"href":"https:\/\/patagoniambiental.com.ar\/info\/wp-json\/wp\/v2\/comments?post=32213"}],"version-history":[{"count":0,"href":"https:\/\/patagoniambiental.com.ar\/info\/wp-json\/wp\/v2\/posts\/32213\/revisions"}],"wp:featuredmedia":[{"embeddable":true,"href":"https:\/\/patagoniambiental.com.ar\/info\/wp-json\/wp\/v2\/media\/32214"}],"wp:attachment":[{"href":"https:\/\/patagoniambiental.com.ar\/info\/wp-json\/wp\/v2\/media?parent=32213"}],"wp:term":[{"taxonomy":"category","embeddable":true,"href":"https:\/\/patagoniambiental.com.ar\/info\/wp-json\/wp\/v2\/categories?post=32213"},{"taxonomy":"post_tag","embeddable":true,"href":"https:\/\/patagoniambiental.com.ar\/info\/wp-json\/wp\/v2\/tags?post=32213"}],"curies":[{"name":"wp","href":"https:\/\/api.w.org\/{rel}","templated":true}]}}