{"id":32247,"date":"2017-07-18T09:00:55","date_gmt":"2017-07-18T12:00:55","guid":{"rendered":"http:\/\/patagoniambiental.com.ar\/info\/?p=32247"},"modified":"2017-07-17T21:13:55","modified_gmt":"2017-07-18T00:13:55","slug":"patagonia-mar-y-tierra-nueva-perspectiva-chilena-medioambiental","status":"publish","type":"post","link":"https:\/\/patagoniambiental.com.ar\/info\/patagonia-mar-y-tierra-nueva-perspectiva-chilena-medioambiental\/","title":{"rendered":"Patagonia Mar y Tierra, nueva perspectiva chilena medioambiental"},"content":{"rendered":"<div class=\"fullNewsIntrotext\">SANTIAGO DE CHILE.- Patagonia Mar y Tierra es una asociaci\u00f3n presentada esta semana en Chile, enfocada en la protecci\u00f3n y defensa de la naturaleza en buena parte de los parajes m\u00e1s remotos del planeta.<\/div>\n<div><\/div>\n<div class=\"fullNewsFulltext\">&#8216;Se trata de un grupo de trabajo que pretende abordar una tem\u00e1tica particular de la Patagonia, de dar un aporte a las \u00e1reas protegidas. Nos basamos en la oportunidad, no en el temor de las amenazas&#8217;, destac\u00f3 su coordinador, Francisco Sol\u00eds.<\/p>\n<p>Ballenas azules y jorobadas, lobos marinos, ping\u00fcinos, guanacos, pumas, c\u00f3ndores hasta musgos \u00fanicos; las aguas y lluvias m\u00e1s limpias del planeta junto a la diversidad de culturas originarias convierten a la zona en un espectacular emporio.<\/p>\n<p>Desde Palena hasta las islas Diego Ram\u00edrez, el territorio de la Patagonia de Chile supera al de Nueva Zelanda, muestra elocuente de la trascendencia de uno de los mayores tesoros del ecosistema y el medio ambiente en general del mundo.<\/p>\n<p>La plataforma Patagonia Mar y Tierra est\u00e1 integrada por ocho organizaciones que pretenden convertir a la zona en ejemplo internacional de conservaci\u00f3n y uso sustentable de ecosistemas terrestres, acu\u00e1ticos y marinos.<\/p>\n<p>La agrupaci\u00f3n est\u00e1 integrada por el Centro Ballena Azul, las Fundaciones Omora, Melimoyu y Terram, Tompkins Conservation, Aumen, WWF Chile y The Pew Charitable Trusts.<\/p>\n<p>&#8216;El principal foco de Patagonia Mar y Tierra es generar insumos t\u00e9cnicos para apoyar a esta nueva visi\u00f3n abarcadora y multisectorial para un gran territorio del pa\u00eds, que es de hecho un pa\u00eds en s\u00ed mismo&#8217;, explic\u00f3 Sol\u00eds.<\/p>\n<p>Glaciares, islas y archipi\u00e9lagos en el fin del mundo, el avance en la instalaci\u00f3n de la Cable de Fibra Optica de la Patagonia, as\u00ed como parques tem\u00e1ticos ampl\u00edan las posibilidades de su inmensa geograf\u00eda.<\/p>\n<p>De acuerdo con los expertos, se trata de una de las \u00e1reas m\u00e1s extensas del mundo de bosques templado lluvioso y subant\u00e1rticos, sistemas estuarinos (bajo influencia de las mareas), humedales y glaciares, con extraordinaria biodiversidad.<\/p>\n<p>Sol\u00eds detall\u00f3 que las metas de Patagonia Mar y Tierra hacia el a\u00f1o 2026 son elevar la gesti\u00f3n de parques nacionales hacia un est\u00e1ndar internacional; fortalecer el manejo y protecci\u00f3n legal de reservas nacionales.<\/p>\n<p>Igualmente, establecer un sistema de protecci\u00f3n robusta y resiliente para los ecosistemas costero-marinos; y fomentar la cooperaci\u00f3n p\u00fablico-privada para lograr una conservaci\u00f3n integral y el desarrollo de econom\u00edas sustentables en la regi\u00f3n.<\/p>\n<\/div>\n<div>Fuente:\u00a0http:\/\/www.prensa-latina.cu\/index.php?o=rn&amp;id=100971&amp;SEO=patagonia-mar-y-tierra-nueva-perspectiva-chilena-medioambiental<\/div>\n","protected":false},"excerpt":{"rendered":"<p>SANTIAGO DE CHILE.- Patagonia Mar y Tierra es una asociaci\u00f3n presentada esta semana en Chile, enfocada en la protecci\u00f3n y [&hellip;]<\/p>\n","protected":false},"author":2,"featured_media":32248,"comment_status":"open","ping_status":"open","sticky":false,"template":"","format":"standard","meta":{"site-sidebar-layout":"default","site-content-layout":"","ast-site-content-layout":"default","site-content-style":"default","site-sidebar-style":"default","ast-global-header-display":"","ast-banner-title-visibility":"","ast-main-header-display":"","ast-hfb-above-header-display":"","ast-hfb-below-header-display":"","ast-hfb-mobile-header-display":"","site-post-title":"","ast-breadcrumbs-content":"","ast-featured-img":"","footer-sml-layout":"","ast-disable-related-posts":"","theme-transparent-header-meta":"","adv-header-id-meta":"","stick-header-meta":"","header-above-stick-meta":"","header-main-stick-meta":"","header-below-stick-meta":"","astra-migrate-meta-layouts":"default","ast-page-background-enabled":"default","ast-page-background-meta":{"desktop":{"background-color":"var(--ast-global-color-5)","background-image":"","background-repeat":"repeat","background-position":"center center","background-size":"auto","background-attachment":"scroll","background-type":"","background-media":"","overlay-type":"","overlay-color":"","overlay-opacity":"","overlay-gradient":""},"tablet":{"background-color":"","background-image":"","background-repeat":"repeat","background-position":"center center","background-size":"auto","background-attachment":"scroll","background-type":"","background-media":"","overlay-type":"","overlay-color":"","overlay-opacity":"","overlay-gradient":""},"mobile":{"background-color":"","background-image":"","background-repeat":"repeat","background-position":"center center","background-size":"auto","background-attachment":"scroll","background-type":"","background-media":"","overlay-type":"","overlay-color":"","overlay-opacity":"","overlay-gradient":""}},"ast-content-background-meta":{"desktop":{"background-color":"var(--ast-global-color-4)","background-image":"","background-repeat":"repeat","background-position":"center center","background-size":"auto","background-attachment":"scroll","background-type":"","background-media":"","overlay-type":"","overlay-color":"","overlay-opacity":"","overlay-gradient":""},"tablet":{"background-color":"var(--ast-global-color-4)","background-image":"","background-repeat":"repeat","background-position":"center center","background-size":"auto","background-attachment":"scroll","background-type":"","background-media":"","overlay-type":"","overlay-color":"","overlay-opacity":"","overlay-gradient":""},"mobile":{"background-color":"var(--ast-global-color-4)","background-image":"","background-repeat":"repeat","background-position":"center center","background-size":"auto","background-attachment":"scroll","background-type":"","background-media":"","overlay-type":"","overlay-color":"","overlay-opacity":"","overlay-gradient":""}},"footnotes":""},"categories":[23,1],"tags":[],"class_list":["post-32247","post","type-post","status-publish","format-standard","has-post-thumbnail","hentry","category-internacionales","category-noticias"],"yoast_head":"<!-- This site is optimized with the Yoast SEO Premium plugin v23.0 (Yoast SEO v27.5) - https:\/\/yoast.com\/product\/yoast-seo-premium-wordpress\/ -->\n<title>Patagonia Mar y Tierra, nueva perspectiva chilena medioambiental<\/title>\n<meta name=\"robots\" content=\"index, follow, max-snippet:-1, max-image-preview:large, max-video-preview:-1\" \/>\n<link rel=\"canonical\" href=\"https:\/\/patagoniambiental.com.ar\/info\/patagonia-mar-y-tierra-nueva-perspectiva-chilena-medioambiental\/\" \/>\n<meta property=\"og:locale\" content=\"es_ES\" \/>\n<meta property=\"og:type\" content=\"article\" \/>\n<meta property=\"og:title\" content=\"Patagonia Mar y Tierra, nueva perspectiva chilena medioambiental\" \/>\n<meta property=\"og:description\" content=\"SANTIAGO DE CHILE.- Patagonia Mar y Tierra es una asociaci\u00f3n presentada esta semana en Chile, enfocada en la protecci\u00f3n y [&hellip;]\" \/>\n<meta property=\"og:url\" content=\"https:\/\/patagoniambiental.com.ar\/info\/patagonia-mar-y-tierra-nueva-perspectiva-chilena-medioambiental\/\" \/>\n<meta property=\"og:site_name\" content=\"Patagonia Ambiental\" \/>\n<meta property=\"article:publisher\" content=\"https:\/\/www.facebook.com\/patagonia.ambiental\" \/>\n<meta property=\"article:author\" content=\"https:\/\/www.facebook.com\/share\/1C1V8Gv9BX\/?mibextid=qi2Omg\" \/>\n<meta property=\"article:published_time\" content=\"2017-07-18T12:00:55+00:00\" \/>\n<meta property=\"og:image\" content=\"https:\/\/patagoniambiental.com.ar\/info\/wp-content\/uploads\/2017\/07\/Chile-Patagonia.jpg\" \/>\n\t<meta property=\"og:image:width\" content=\"748\" \/>\n\t<meta property=\"og:image:height\" content=\"498\" \/>\n\t<meta property=\"og:image:type\" content=\"image\/jpeg\" \/>\n<meta name=\"author\" content=\"Patagonia Ambiental\" \/>\n<meta name=\"twitter:card\" content=\"summary_large_image\" \/>\n<meta name=\"twitter:creator\" content=\"@PatAmb\" \/>\n<meta name=\"twitter:site\" content=\"@PatAmb\" \/>\n<script type=\"application\/ld+json\" class=\"yoast-schema-graph\">{\"@context\":\"https:\\\/\\\/schema.org\",\"@graph\":[{\"@type\":\"Article\",\"@id\":\"https:\\\/\\\/patagoniambiental.com.ar\\\/info\\\/patagonia-mar-y-tierra-nueva-perspectiva-chilena-medioambiental\\\/#article\",\"isPartOf\":{\"@id\":\"https:\\\/\\\/patagoniambiental.com.ar\\\/info\\\/patagonia-mar-y-tierra-nueva-perspectiva-chilena-medioambiental\\\/\"},\"author\":{\"name\":\"Patagonia Ambiental\",\"@id\":\"https:\\\/\\\/patagoniambiental.com.ar\\\/info\\\/#\\\/schema\\\/person\\\/db12bff64bbcbf6a253710bf0ea37b5d\"},\"headline\":\"Patagonia Mar y Tierra, nueva perspectiva chilena medioambiental\",\"datePublished\":\"2017-07-18T12:00:55+00:00\",\"mainEntityOfPage\":{\"@id\":\"https:\\\/\\\/patagoniambiental.com.ar\\\/info\\\/patagonia-mar-y-tierra-nueva-perspectiva-chilena-medioambiental\\\/\"},\"wordCount\":437,\"commentCount\":0,\"publisher\":{\"@id\":\"https:\\\/\\\/patagoniambiental.com.ar\\\/info\\\/#organization\"},\"image\":{\"@id\":\"https:\\\/\\\/patagoniambiental.com.ar\\\/info\\\/patagonia-mar-y-tierra-nueva-perspectiva-chilena-medioambiental\\\/#primaryimage\"},\"thumbnailUrl\":\"https:\\\/\\\/patagoniambiental.com.ar\\\/info\\\/wp-content\\\/uploads\\\/2017\\\/07\\\/Chile-Patagonia.jpg\",\"articleSection\":[\"Internacionales\",\"Noticias\"],\"inLanguage\":\"es\",\"potentialAction\":[{\"@type\":\"CommentAction\",\"name\":\"Comment\",\"target\":[\"https:\\\/\\\/patagoniambiental.com.ar\\\/info\\\/patagonia-mar-y-tierra-nueva-perspectiva-chilena-medioambiental\\\/#respond\"]}]},{\"@type\":\"WebPage\",\"@id\":\"https:\\\/\\\/patagoniambiental.com.ar\\\/info\\\/patagonia-mar-y-tierra-nueva-perspectiva-chilena-medioambiental\\\/\",\"url\":\"https:\\\/\\\/patagoniambiental.com.ar\\\/info\\\/patagonia-mar-y-tierra-nueva-perspectiva-chilena-medioambiental\\\/\",\"name\":\"Patagonia Mar y Tierra, nueva perspectiva chilena medioambiental\",\"isPartOf\":{\"@id\":\"https:\\\/\\\/patagoniambiental.com.ar\\\/info\\\/#website\"},\"primaryImageOfPage\":{\"@id\":\"https:\\\/\\\/patagoniambiental.com.ar\\\/info\\\/patagonia-mar-y-tierra-nueva-perspectiva-chilena-medioambiental\\\/#primaryimage\"},\"image\":{\"@id\":\"https:\\\/\\\/patagoniambiental.com.ar\\\/info\\\/patagonia-mar-y-tierra-nueva-perspectiva-chilena-medioambiental\\\/#primaryimage\"},\"thumbnailUrl\":\"https:\\\/\\\/patagoniambiental.com.ar\\\/info\\\/wp-content\\\/uploads\\\/2017\\\/07\\\/Chile-Patagonia.jpg\",\"datePublished\":\"2017-07-18T12:00:55+00:00\",\"breadcrumb\":{\"@id\":\"https:\\\/\\\/patagoniambiental.com.ar\\\/info\\\/patagonia-mar-y-tierra-nueva-perspectiva-chilena-medioambiental\\\/#breadcrumb\"},\"inLanguage\":\"es\",\"potentialAction\":[{\"@type\":\"ReadAction\",\"target\":[\"https:\\\/\\\/patagoniambiental.com.ar\\\/info\\\/patagonia-mar-y-tierra-nueva-perspectiva-chilena-medioambiental\\\/\"]}]},{\"@type\":\"ImageObject\",\"inLanguage\":\"es\",\"@id\":\"https:\\\/\\\/patagoniambiental.com.ar\\\/info\\\/patagonia-mar-y-tierra-nueva-perspectiva-chilena-medioambiental\\\/#primaryimage\",\"url\":\"https:\\\/\\\/patagoniambiental.com.ar\\\/info\\\/wp-content\\\/uploads\\\/2017\\\/07\\\/Chile-Patagonia.jpg\",\"contentUrl\":\"https:\\\/\\\/patagoniambiental.com.ar\\\/info\\\/wp-content\\\/uploads\\\/2017\\\/07\\\/Chile-Patagonia.jpg\",\"width\":748,\"height\":498},{\"@type\":\"BreadcrumbList\",\"@id\":\"https:\\\/\\\/patagoniambiental.com.ar\\\/info\\\/patagonia-mar-y-tierra-nueva-perspectiva-chilena-medioambiental\\\/#breadcrumb\",\"itemListElement\":[{\"@type\":\"ListItem\",\"position\":1,\"name\":\"Inicio\",\"item\":\"https:\\\/\\\/patagoniambiental.com.ar\\\/info\\\/\"},{\"@type\":\"ListItem\",\"position\":2,\"name\":\"Patagonia Mar y Tierra, nueva perspectiva chilena medioambiental\"}]},{\"@type\":\"WebSite\",\"@id\":\"https:\\\/\\\/patagoniambiental.com.ar\\\/info\\\/#website\",\"url\":\"https:\\\/\\\/patagoniambiental.com.ar\\\/info\\\/\",\"name\":\"Patagonia Ambiental\",\"description\":\"Monitoreo y an\u00e1lisis de la situaci\u00f3n geopol\u00edtica en el mundo y su implicancia en la Patagonia\",\"publisher\":{\"@id\":\"https:\\\/\\\/patagoniambiental.com.ar\\\/info\\\/#organization\"},\"potentialAction\":[{\"@type\":\"SearchAction\",\"target\":{\"@type\":\"EntryPoint\",\"urlTemplate\":\"https:\\\/\\\/patagoniambiental.com.ar\\\/info\\\/?s={search_term_string}\"},\"query-input\":{\"@type\":\"PropertyValueSpecification\",\"valueRequired\":true,\"valueName\":\"search_term_string\"}}],\"inLanguage\":\"es\"},{\"@type\":\"Organization\",\"@id\":\"https:\\\/\\\/patagoniambiental.com.ar\\\/info\\\/#organization\",\"name\":\"Patagonia Ambiental\",\"url\":\"https:\\\/\\\/patagoniambiental.com.ar\\\/info\\\/\",\"logo\":{\"@type\":\"ImageObject\",\"inLanguage\":\"es\",\"@id\":\"https:\\\/\\\/patagoniambiental.com.ar\\\/info\\\/#\\\/schema\\\/logo\\\/image\\\/\",\"url\":\"https:\\\/\\\/patagoniambiental.com.ar\\\/info\\\/wp-content\\\/uploads\\\/2025\\\/05\\\/LOGO-PATAGONIA-AMBIENTAL.png\",\"contentUrl\":\"https:\\\/\\\/patagoniambiental.com.ar\\\/info\\\/wp-content\\\/uploads\\\/2025\\\/05\\\/LOGO-PATAGONIA-AMBIENTAL.png\",\"width\":433,\"height\":250,\"caption\":\"Patagonia Ambiental\"},\"image\":{\"@id\":\"https:\\\/\\\/patagoniambiental.com.ar\\\/info\\\/#\\\/schema\\\/logo\\\/image\\\/\"},\"sameAs\":[\"https:\\\/\\\/www.facebook.com\\\/patagonia.ambiental\",\"https:\\\/\\\/x.com\\\/PatAmb\"]},{\"@type\":\"Person\",\"@id\":\"https:\\\/\\\/patagoniambiental.com.ar\\\/info\\\/#\\\/schema\\\/person\\\/db12bff64bbcbf6a253710bf0ea37b5d\",\"name\":\"Patagonia Ambiental\",\"description\":\"Andr\u00e9s Nievas T\u00e9cnico en manejo ambiental, consultor Ambiental y escritor para medios locales e internacionales sobre temas de geopolitica y medio ambiente.\",\"sameAs\":[\"http:\\\/\\\/www.patagoniambiental.com.ar\",\"https:\\\/\\\/www.facebook.com\\\/share\\\/1C1V8Gv9BX\\\/?mibextid=qi2Omg\",\"@patagoniambiental\",\"https:\\\/\\\/youtube.com\\\/@patagoniaambiental2023?si=BLt58t0wuXquxlYZ\"]}]}<\/script>\n<!-- \/ Yoast SEO Premium plugin. -->","yoast_head_json":{"title":"Patagonia Mar y Tierra, nueva perspectiva chilena medioambiental","robots":{"index":"index","follow":"follow","max-snippet":"max-snippet:-1","max-image-preview":"max-image-preview:large","max-video-preview":"max-video-preview:-1"},"canonical":"https:\/\/patagoniambiental.com.ar\/info\/patagonia-mar-y-tierra-nueva-perspectiva-chilena-medioambiental\/","og_locale":"es_ES","og_type":"article","og_title":"Patagonia Mar y Tierra, nueva perspectiva chilena medioambiental","og_description":"SANTIAGO DE CHILE.- Patagonia Mar y Tierra es una asociaci\u00f3n presentada esta semana en Chile, enfocada en la protecci\u00f3n y [&hellip;]","og_url":"https:\/\/patagoniambiental.com.ar\/info\/patagonia-mar-y-tierra-nueva-perspectiva-chilena-medioambiental\/","og_site_name":"Patagonia Ambiental","article_publisher":"https:\/\/www.facebook.com\/patagonia.ambiental","article_author":"https:\/\/www.facebook.com\/share\/1C1V8Gv9BX\/?mibextid=qi2Omg","article_published_time":"2017-07-18T12:00:55+00:00","og_image":[{"width":748,"height":498,"url":"https:\/\/patagoniambiental.com.ar\/info\/wp-content\/uploads\/2017\/07\/Chile-Patagonia.jpg","type":"image\/jpeg"}],"author":"Patagonia Ambiental","twitter_card":"summary_large_image","twitter_creator":"@PatAmb","twitter_site":"@PatAmb","schema":{"@context":"https:\/\/schema.org","@graph":[{"@type":"Article","@id":"https:\/\/patagoniambiental.com.ar\/info\/patagonia-mar-y-tierra-nueva-perspectiva-chilena-medioambiental\/#article","isPartOf":{"@id":"https:\/\/patagoniambiental.com.ar\/info\/patagonia-mar-y-tierra-nueva-perspectiva-chilena-medioambiental\/"},"author":{"name":"Patagonia Ambiental","@id":"https:\/\/patagoniambiental.com.ar\/info\/#\/schema\/person\/db12bff64bbcbf6a253710bf0ea37b5d"},"headline":"Patagonia Mar y Tierra, nueva perspectiva chilena medioambiental","datePublished":"2017-07-18T12:00:55+00:00","mainEntityOfPage":{"@id":"https:\/\/patagoniambiental.com.ar\/info\/patagonia-mar-y-tierra-nueva-perspectiva-chilena-medioambiental\/"},"wordCount":437,"commentCount":0,"publisher":{"@id":"https:\/\/patagoniambiental.com.ar\/info\/#organization"},"image":{"@id":"https:\/\/patagoniambiental.com.ar\/info\/patagonia-mar-y-tierra-nueva-perspectiva-chilena-medioambiental\/#primaryimage"},"thumbnailUrl":"https:\/\/patagoniambiental.com.ar\/info\/wp-content\/uploads\/2017\/07\/Chile-Patagonia.jpg","articleSection":["Internacionales","Noticias"],"inLanguage":"es","potentialAction":[{"@type":"CommentAction","name":"Comment","target":["https:\/\/patagoniambiental.com.ar\/info\/patagonia-mar-y-tierra-nueva-perspectiva-chilena-medioambiental\/#respond"]}]},{"@type":"WebPage","@id":"https:\/\/patagoniambiental.com.ar\/info\/patagonia-mar-y-tierra-nueva-perspectiva-chilena-medioambiental\/","url":"https:\/\/patagoniambiental.com.ar\/info\/patagonia-mar-y-tierra-nueva-perspectiva-chilena-medioambiental\/","name":"Patagonia Mar y Tierra, nueva perspectiva chilena medioambiental","isPartOf":{"@id":"https:\/\/patagoniambiental.com.ar\/info\/#website"},"primaryImageOfPage":{"@id":"https:\/\/patagoniambiental.com.ar\/info\/patagonia-mar-y-tierra-nueva-perspectiva-chilena-medioambiental\/#primaryimage"},"image":{"@id":"https:\/\/patagoniambiental.com.ar\/info\/patagonia-mar-y-tierra-nueva-perspectiva-chilena-medioambiental\/#primaryimage"},"thumbnailUrl":"https:\/\/patagoniambiental.com.ar\/info\/wp-content\/uploads\/2017\/07\/Chile-Patagonia.jpg","datePublished":"2017-07-18T12:00:55+00:00","breadcrumb":{"@id":"https:\/\/patagoniambiental.com.ar\/info\/patagonia-mar-y-tierra-nueva-perspectiva-chilena-medioambiental\/#breadcrumb"},"inLanguage":"es","potentialAction":[{"@type":"ReadAction","target":["https:\/\/patagoniambiental.com.ar\/info\/patagonia-mar-y-tierra-nueva-perspectiva-chilena-medioambiental\/"]}]},{"@type":"ImageObject","inLanguage":"es","@id":"https:\/\/patagoniambiental.com.ar\/info\/patagonia-mar-y-tierra-nueva-perspectiva-chilena-medioambiental\/#primaryimage","url":"https:\/\/patagoniambiental.com.ar\/info\/wp-content\/uploads\/2017\/07\/Chile-Patagonia.jpg","contentUrl":"https:\/\/patagoniambiental.com.ar\/info\/wp-content\/uploads\/2017\/07\/Chile-Patagonia.jpg","width":748,"height":498},{"@type":"BreadcrumbList","@id":"https:\/\/patagoniambiental.com.ar\/info\/patagonia-mar-y-tierra-nueva-perspectiva-chilena-medioambiental\/#breadcrumb","itemListElement":[{"@type":"ListItem","position":1,"name":"Inicio","item":"https:\/\/patagoniambiental.com.ar\/info\/"},{"@type":"ListItem","position":2,"name":"Patagonia Mar y Tierra, nueva perspectiva chilena medioambiental"}]},{"@type":"WebSite","@id":"https:\/\/patagoniambiental.com.ar\/info\/#website","url":"https:\/\/patagoniambiental.com.ar\/info\/","name":"Patagonia Ambiental","description":"Monitoreo y an\u00e1lisis de la situaci\u00f3n geopol\u00edtica en el mundo y su implicancia en la Patagonia","publisher":{"@id":"https:\/\/patagoniambiental.com.ar\/info\/#organization"},"potentialAction":[{"@type":"SearchAction","target":{"@type":"EntryPoint","urlTemplate":"https:\/\/patagoniambiental.com.ar\/info\/?s={search_term_string}"},"query-input":{"@type":"PropertyValueSpecification","valueRequired":true,"valueName":"search_term_string"}}],"inLanguage":"es"},{"@type":"Organization","@id":"https:\/\/patagoniambiental.com.ar\/info\/#organization","name":"Patagonia Ambiental","url":"https:\/\/patagoniambiental.com.ar\/info\/","logo":{"@type":"ImageObject","inLanguage":"es","@id":"https:\/\/patagoniambiental.com.ar\/info\/#\/schema\/logo\/image\/","url":"https:\/\/patagoniambiental.com.ar\/info\/wp-content\/uploads\/2025\/05\/LOGO-PATAGONIA-AMBIENTAL.png","contentUrl":"https:\/\/patagoniambiental.com.ar\/info\/wp-content\/uploads\/2025\/05\/LOGO-PATAGONIA-AMBIENTAL.png","width":433,"height":250,"caption":"Patagonia Ambiental"},"image":{"@id":"https:\/\/patagoniambiental.com.ar\/info\/#\/schema\/logo\/image\/"},"sameAs":["https:\/\/www.facebook.com\/patagonia.ambiental","https:\/\/x.com\/PatAmb"]},{"@type":"Person","@id":"https:\/\/patagoniambiental.com.ar\/info\/#\/schema\/person\/db12bff64bbcbf6a253710bf0ea37b5d","name":"Patagonia Ambiental","description":"Andr\u00e9s Nievas T\u00e9cnico en manejo ambiental, consultor Ambiental y escritor para medios locales e internacionales sobre temas de geopolitica y medio ambiente.","sameAs":["http:\/\/www.patagoniambiental.com.ar","https:\/\/www.facebook.com\/share\/1C1V8Gv9BX\/?mibextid=qi2Omg","@patagoniambiental","https:\/\/youtube.com\/@patagoniaambiental2023?si=BLt58t0wuXquxlYZ"]}]}},"_links":{"self":[{"href":"https:\/\/patagoniambiental.com.ar\/info\/wp-json\/wp\/v2\/posts\/32247","targetHints":{"allow":["GET"]}}],"collection":[{"href":"https:\/\/patagoniambiental.com.ar\/info\/wp-json\/wp\/v2\/posts"}],"about":[{"href":"https:\/\/patagoniambiental.com.ar\/info\/wp-json\/wp\/v2\/types\/post"}],"author":[{"embeddable":true,"href":"https:\/\/patagoniambiental.com.ar\/info\/wp-json\/wp\/v2\/users\/2"}],"replies":[{"embeddable":true,"href":"https:\/\/patagoniambiental.com.ar\/info\/wp-json\/wp\/v2\/comments?post=32247"}],"version-history":[{"count":0,"href":"https:\/\/patagoniambiental.com.ar\/info\/wp-json\/wp\/v2\/posts\/32247\/revisions"}],"wp:featuredmedia":[{"embeddable":true,"href":"https:\/\/patagoniambiental.com.ar\/info\/wp-json\/wp\/v2\/media\/32248"}],"wp:attachment":[{"href":"https:\/\/patagoniambiental.com.ar\/info\/wp-json\/wp\/v2\/media?parent=32247"}],"wp:term":[{"taxonomy":"category","embeddable":true,"href":"https:\/\/patagoniambiental.com.ar\/info\/wp-json\/wp\/v2\/categories?post=32247"},{"taxonomy":"post_tag","embeddable":true,"href":"https:\/\/patagoniambiental.com.ar\/info\/wp-json\/wp\/v2\/tags?post=32247"}],"curies":[{"name":"wp","href":"https:\/\/api.w.org\/{rel}","templated":true}]}}