{"id":32477,"date":"2017-07-31T09:00:42","date_gmt":"2017-07-31T12:00:42","guid":{"rendered":"http:\/\/patagoniambiental.com.ar\/info\/?p=32477"},"modified":"2017-07-30T12:38:03","modified_gmt":"2017-07-30T15:38:03","slug":"como-es-la-primera-ciudad-alimentada-100-por-las-energias-renovables","status":"publish","type":"post","link":"https:\/\/patagoniambiental.com.ar\/info\/como-es-la-primera-ciudad-alimentada-100-por-las-energias-renovables\/","title":{"rendered":"C\u00f3mo es la primera ciudad alimentada 100% por las energ\u00edas renovables"},"content":{"rendered":"<div class=\"ast-oembed-container \" style=\"height: 100%;\"><iframe title=\"Visitamos la primera ciudad de EEUU alimentada solo por energ\u00edas renovables\" width=\"500\" height=\"281\" src=\"https:\/\/www.youtube.com\/embed\/xrKFoMYONFo?feature=oembed\" frameborder=\"0\" allow=\"accelerometer; autoplay; clipboard-write; encrypted-media; gyroscope; picture-in-picture; web-share\" referrerpolicy=\"strict-origin-when-cross-origin\" allowfullscreen><\/iframe><\/div>\n<p>&nbsp;<\/p>\n<p>En los \u00faltimos a\u00f1os el mundo comparte una preocupaci\u00f3n: hacer\u00a0<strong>m\u00e1s ecol\u00f3gicas<\/strong>\u00a0las fuentes de\u00a0<strong>energ\u00eda<\/strong>\u00a0que potencian la vida moderna.<\/p>\n<p>Las razones son varias, pero entre ellas hay una que\u00a0<strong>urge a un cambio<\/strong>, y es un horizonte en el que los combustibles no renovables se acabar\u00e1n (o ser\u00e1n demasiado costosos de extraer). Adem\u00e1s, asociado a los combustibles tradicionales est\u00e1 tambi\u00e9n un elevado nivel de\u00a0<strong>poluci\u00f3n<\/strong>\u00a0que genera su consumo.<\/p>\n<p>El hecho es que, hoy en d\u00eda, la\u00a0<strong>producci\u00f3n energ\u00e9tica\u00a0<\/strong>a nivel global es, mayormente,\u00a0<strong>anti-ecol\u00f3gica<\/strong>\u00a0y no difiere mucho de c\u00f3mo era d\u00e9cadas atr\u00e1s.<\/p>\n<p>Seg\u00fan EIA (U.S. Energy Information Administration), en los\u00a0<strong>Estados Unidos<\/strong>\u00a0el 67 % de la producci\u00f3n total de energ\u00eda proviene de\u00a0<strong>combustibles f\u00f3siles<\/strong>(carb\u00f3n, gas natural y petr\u00f3leo). La energ\u00eda nuclear aporta un 20 %, la hidroel\u00e9ctrica s\u00f3lo un 6 % y la sumatoria de fuentes e\u00f3licas y solares apenas supera el 5%.<\/p>\n<p>En\u00a0<strong>Argentina<\/strong>, datos oficiales de 2012 informaban que la matriz energ\u00e9tica estaba compuesta en un\u00a0<strong>88%<\/strong>\u00a0por\u00a0<strong>combustibles f\u00f3siles<\/strong>\u00a0(principalmente gas natural y petr\u00f3leo), con contribuciones marginales de fuentes hidr\u00e1ulicas (4%) y nuclear (2%).<\/p>\n<p>Sin embargo, esta es una \u201c<strong>\u00e9poca bisagra<\/strong>\u201d, porque la\u00a0<strong>tendencia<\/strong>\u00a0mundial es hacia evitar la dependencia de las fuentes de energ\u00eda tradicionales. No se trata de una\u00a0<strong>transformaci\u00f3n<\/strong>\u00a0que se pueda realizar de un d\u00eda para el otro, porque implica dejar de lado el componente central de la matriz energ\u00e9tica actual.<\/p>\n<p>En el \u00e1mbito local, 2017 fue declarado como el \u201cA\u00f1o de las Energ\u00edas Renovables\u201d a nivel nacional y es el punto de partida para el proyecto \u2013apoyado en la ley 27.191\u2013 de cubrir el\u00a0<strong>20% de la demanda\u00a0<\/strong>energ\u00e9tica argentina con fuentes renovables para\u00a0<strong>2025<\/strong>.<\/p>\n<p><strong><span style=\"color: #333399\">La ciudad sustentable<\/span><\/strong><br \/>\nAunque la mayor\u00eda de los grandes\u00a0<strong>proyectos<\/strong>\u00a0son a\u00a0<strong>mediano<\/strong>\u00a0y\u00a0<strong>largo plazo<\/strong>, hay muchas\u00a0<strong>comunidades<\/strong>\u00a0que mediante esfuerzo colectivo y acertada gesti\u00f3n p\u00fablica ya pueden exhibir\u00a0<strong>logros impresionantes<\/strong>. Y se posicionan como ejemplos a seguir.<\/p>\n<p>Recientemente, en Estados Unidos, la ciudad m\u00e1s grande del estado de Vermont,\u00a0<strong>Burlington<\/strong>, con 42.000 habitantes, se posicion\u00f3 como la primera en funcionar al\u00a0<strong>100%\u00a0<\/strong>con fuentes de\u00a0<strong>energ\u00eda renovable<\/strong>, tanto e\u00f3lica como hidr\u00e1ulica y biomasa.<\/p>\n<p>Esto se logr\u00f3 tras a\u00f1os de trabajo, con el conjunto de esfuerzos\u00a0<strong>p\u00fablicos<\/strong>\u00a0y\u00a0<strong>privados<\/strong>. Todo arranc\u00f3 despu\u00e9s de que las autoridades de la ciudad notaran que al utilizar energ\u00eda limpia no s\u00f3lo beneficiar\u00edan al\u00a0<strong>medio ambiente<\/strong>, sino que ser\u00eda un proyecto viable en el aspecto\u00a0<strong>financiero<\/strong>.<\/p>\n<p>Se prev\u00e9 que con las nuevas medidas y sistemas implementados se reduzcan las emisiones de gases\u00a0<strong>efecto invernadero<\/strong>, y en los pr\u00f3ximos 20 a\u00f1os se logren\u00a0<strong>ahorrar u$s20 millones<\/strong>, de acuerdo al director de recursos de energ\u00eda de Burlington Electric, Ken Nolan.<\/p>\n<p>La ciudad produce una gran parte de su energ\u00eda a trav\u00e9s de plantas\u00a0<strong>hidroel\u00e9ctricas<\/strong>, que aprovechan la presi\u00f3n del agua de turbinas subterr\u00e1neas para generar electricidad.<\/p>\n<p>El 45% la genera una planta de\u00a0<strong>biomasa<\/strong>\u00a0que quema madera de desecho y genera energ\u00eda convirtiendo el calor en vapor. Si bien este tipo de generaci\u00f3n es totalmente sustentable, porque utiliza recursos que se regeneran, hay discusiones sobre su impacto ecol\u00f3gico.<\/p>\n<p>Actualmente la ciudad depende de una matriz energ\u00e9tica compuesto por:<\/p>\n<p>&#8211;\u00a0<strong>Biomasa<\/strong>\u00a0(en un 45%).<\/p>\n<p>&#8211;\u00a0<strong>Hidroelectricidad<\/strong>\u00a0(30%).<\/p>\n<p>&#8211;\u00a0<strong>E\u00f3lica<\/strong>\u00a0(24%).<\/p>\n<p>&#8211;\u00a0<strong>Solar<\/strong>\u00a0(1%).<\/p>\n<p>Si en alguna ocasi\u00f3n la\u00a0<strong>producci\u00f3n energ\u00e9tica<\/strong>\u00a0se ve excedida, por ejemplo que en alguna temporada del a\u00f1o haya mucho viento para los aerogeneradores, el excedente se podr\u00e1 vender a otras ciudades.<\/p>\n<p>Taylor Ricketts, de la universidad de Vermont, asegura que hay que difundir el \u00e9xito de Burlington para que otras ciudades la tomen como\u00a0<strong>ejemplo<\/strong>\u00a0y participen con grandes acciones contra el\u00a0<strong>cambio clim\u00e1tico<\/strong>.<\/p>\n<p>Ahora todo el estado de Vermont planea seguir los pasos de esta destacable ciudad y hacia el a\u00f1o\u00a0<strong>2050<\/strong>\u00a0adoptar energ\u00eda\u00a0<strong>renovable<\/strong>\u00a0al menos en un\u00a0<strong>90%<\/strong>, incluyendo la electricidad, la calefacci\u00f3n y el transporte.<\/p>\n<p><strong><span style=\"color: #333399\">Otras ciudades y pa\u00edses \u201crenovables\u201d<br \/>\n<\/span><\/strong>Si bien la transformaci\u00f3n energ\u00e9tica puede llevar un tiempo en realizarse, los primeros pasos se est\u00e1n dando en todo el mundo. A continuaci\u00f3n, algunos ejemplos\u00a0<strong>comunidades<\/strong>\u00a0peque\u00f1as, medianas y enormes que, cada una a su modo, enfrenta el\u00a0<strong>desaf\u00edo energ\u00e9tico<\/strong>.<\/p>\n<p><strong>1. Aspen:<\/strong>\u00a0electricidad 100% limpia<br \/>\nEsta ciudad, enclavada en el estado de\u00a0<strong>Colorado<\/strong>, Estados Unidos, y rodeada por monta\u00f1as, es famosa por ser uno de los mejores lugares para esquiar en nieve.<\/p>\n<p>La red el\u00e9ctrica se alimenta de las<strong>\u00a0plantas hidroel\u00e9ctricas\u00a0<\/strong>Ruedi Dam y Maroon Creek (46%); de la energ\u00eda\u00a0<strong>e\u00f3lica<\/strong>\u00a0que llega de cuatro parques e\u00f3licos ubicados en Nebraska y Dakota del Sur (53%); y de\u00a0<strong>gas<\/strong>\u00a0proveniente de vertederos o rellenos sanitarios (1%). Adem\u00e1s, el gobierno instal\u00f3 un sistema de\u00a0<strong>paneles solares\u00a0<\/strong>t\u00e9rmicos para el suministro de agua caliente en casas y edificios.<\/p>\n<p><strong>2. Costa Rica:\u00a0<\/strong>energ\u00eda del agua<br \/>\nCosta Rica logr\u00f3 abastecer su demanda de electricidad con\u00a0<strong>98,12%<\/strong>\u00a0de fuentes\u00a0<strong>renovables<\/strong>\u00a0en\u00a0<strong>2016<\/strong>, con una de las matrices energ\u00e9ticas m\u00e1s limpias del mundo.<\/p>\n<p>El pa\u00eds centroamericano se sustenta en una serie de\u00a0<strong>plantas hidroel\u00e9ctricas<\/strong>, que se complementan con otros recursos.<\/p>\n<p>La matriz el\u00e9ctrica incluye\u00a0<strong>agua<\/strong>\u00a0(74,35%),\u00a0<strong>geotermia<\/strong>\u00a0(12,74%),\u00a0<strong>viento<\/strong>(10,3%),\u00a0<strong>biomasa<\/strong>\u00a0(0,72%), sol (0,01%) y\u00a0<strong>combustibles f\u00f3siles<\/strong>\u00a0(1,88%).<\/p>\n<p><strong>3. Bonaire:<\/strong>\u00a0para\u00edso tur\u00edstico 100% renovable<br \/>\nBonaire, una isla caribe\u00f1a con una poblaci\u00f3n de s\u00f3lo\u00a0<strong>14.500 habitantes<\/strong>, pero que es visitada por unos 70.000\u00a0<strong>turistas<\/strong>\u00a0cada a\u00f1o.<\/p>\n<p>Al ser una isla, Bonaire sol\u00eda depender de\u00a0<strong>generadores diesel<\/strong>extremadamente caros y contaminantes, varios de los cuales fueron destruidos en un incendio.<\/p>\n<p>Entonces, la crisis dio lugar a la\u00a0<strong>oportunidad<\/strong>: ahora se utiliza una combinaci\u00f3n entre\u00a0<strong>energ\u00eda e\u00f3lica\u00a0<\/strong>y almacenamiento en\u00a0<strong>bater\u00edas<\/strong>. Siguen existiendo generadores diesel como medida de resguardo, pero ahora se los alimenta con\u00a0<strong>biocombustible<\/strong>\u00a0producido a base de algas.<\/p>\n<p><strong>4. California:\u00a0<\/strong>innovaci\u00f3n y sustentabilidad<br \/>\nCalifornia ya ha tenido un crecimiento explosivo tanto en su\u00a0<strong>energ\u00eda solar y e\u00f3lica<\/strong>, como en el mercado de\u00a0<strong>autos el\u00e9ctricos<\/strong>.<\/p>\n<p>En la ciudad de\u00a0<strong>San Diego<\/strong>, este crecimiento se ha transformado en un esfuerzo para conseguir una comunidad que utilice un 100% de energ\u00edas renovables de aqu\u00ed a\u00a0<strong>2035<\/strong>.<\/p>\n<p><strong>San Jos\u00e9<\/strong>, en el coraz\u00f3n de Silicon Valley,es uno de los lugares l\u00edderes a la hora de hablar de innovaci\u00f3n tecnol\u00f3gica. Su meta es lograr que toda su electricidad sea producida con energ\u00edas renovables de aqu\u00ed a 2022.<\/p>\n<div class=\"contenidonotanh\">\n<p>La energ\u00eda solar juega aqu\u00ed un rol preponderante, dadas las excelentes condiciones clim\u00e1ticas de la zona.<\/p>\n<p><strong>San Francisco<\/strong>, por su parte, ya se abastece en un\u00a0<strong>41%<\/strong>\u00a0por electricidad\u00a0<strong>renovable<\/strong>, en gran parte gracias a la cercan\u00eda de represas hidroel\u00e9ctricas. Pero avanzar\u00e1 hacia el 100% para\u00a0<strong>2020<\/strong>.<\/p>\n<p><strong>5. Munich:\u00a0<\/strong>electricidad 100% renovable en 2025<br \/>\nMunich, con una poblaci\u00f3n de alrededor de\u00a0<strong>1,35 millones\u00a0<\/strong>de personas, es la tercera ciudad m\u00e1s grande de\u00a0<strong>Alemania<\/strong>.<\/p>\n<p>El objetivo de ser totalmente sustentable para\u00a0<strong>2025<\/strong>\u00a0se tom\u00f3 en 2008 y, por la gran magnitud de la ciudad, ser\u00e1 un hito de gran importancia.<\/p>\n<p>Como el avance es gradual, las autoridades informan que actualmente la\u00a0<strong>electricidad<\/strong>\u00a0generada de manera renovable equivale actualmente a un\u00a0<strong>37%<\/strong>del total.<\/p>\n<p><strong>6. Sidney:<\/strong>\u00a0reducir emisiones en un 70% en 2030<br \/>\nEsta gran ciudad de\u00a0<strong>Australia<\/strong>\u00a0tambi\u00e9n se ha incluido en este viaje hacia las energ\u00edas renovables. Actualmente est\u00e1n trabajando para reducir emisiones que propician el efecto invernadero en un\u00a0<strong>70%\u00a0<\/strong>de aqu\u00ed al a\u00f1o\u00a0<strong>2030<\/strong>, y la ciudad se ha propuesto que un 30% de la energ\u00eda utilizada en la ciudad provenga de fuentes renovables.<\/p>\n<p>Estas ciudades y comunidades dan evidencia de una\u00a0<strong>tendencia\u00a0<\/strong>a nivel global y que a largo plazo resultar\u00e1 muy positiva para el planeta. La reducci\u00f3n en las emisiones de carbono ser\u00e1 buena para el medio ambiente y la\u00a0<strong>diversificaci\u00f3n\u00a0<\/strong>de fuentes energ\u00e9ticas tambi\u00e9n puede impactar favorablemente en los costos de las industrias.<\/p>\n<\/div>\n<div class=\"continuareniprof\">\u00a0Fuente:\u00a0http:\/\/www.iprofesional.com\/notas\/253497-Como-es-la-primera-ciudad-alimentada-100-por-energias-renovables<\/div>\n","protected":false},"excerpt":{"rendered":"<p>&nbsp; En los \u00faltimos a\u00f1os el mundo comparte una preocupaci\u00f3n: hacer\u00a0m\u00e1s ecol\u00f3gicas\u00a0las fuentes de\u00a0energ\u00eda\u00a0que potencian la vida moderna. Las razones [&hellip;]<\/p>\n","protected":false},"author":2,"featured_media":32478,"comment_status":"open","ping_status":"open","sticky":false,"template":"","format":"standard","meta":{"site-sidebar-layout":"default","site-content-layout":"","ast-site-content-layout":"default","site-content-style":"default","site-sidebar-style":"default","ast-global-header-display":"","ast-banner-title-visibility":"","ast-main-header-display":"","ast-hfb-above-header-display":"","ast-hfb-below-header-display":"","ast-hfb-mobile-header-display":"","site-post-title":"","ast-breadcrumbs-content":"","ast-featured-img":"","footer-sml-layout":"","ast-disable-related-posts":"","theme-transparent-header-meta":"","adv-header-id-meta":"","stick-header-meta":"","header-above-stick-meta":"","header-main-stick-meta":"","header-below-stick-meta":"","astra-migrate-meta-layouts":"default","ast-page-background-enabled":"default","ast-page-background-meta":{"desktop":{"background-color":"var(--ast-global-color-5)","background-image":"","background-repeat":"repeat","background-position":"center center","background-size":"auto","background-attachment":"scroll","background-type":"","background-media":"","overlay-type":"","overlay-color":"","overlay-opacity":"","overlay-gradient":""},"tablet":{"background-color":"","background-image":"","background-repeat":"repeat","background-position":"center center","background-size":"auto","background-attachment":"scroll","background-type":"","background-media":"","overlay-type":"","overlay-color":"","overlay-opacity":"","overlay-gradient":""},"mobile":{"background-color":"","background-image":"","background-repeat":"repeat","background-position":"center center","background-size":"auto","background-attachment":"scroll","background-type":"","background-media":"","overlay-type":"","overlay-color":"","overlay-opacity":"","overlay-gradient":""}},"ast-content-background-meta":{"desktop":{"background-color":"var(--ast-global-color-4)","background-image":"","background-repeat":"repeat","background-position":"center center","background-size":"auto","background-attachment":"scroll","background-type":"","background-media":"","overlay-type":"","overlay-color":"","overlay-opacity":"","overlay-gradient":""},"tablet":{"background-color":"var(--ast-global-color-4)","background-image":"","background-repeat":"repeat","background-position":"center center","background-size":"auto","background-attachment":"scroll","background-type":"","background-media":"","overlay-type":"","overlay-color":"","overlay-opacity":"","overlay-gradient":""},"mobile":{"background-color":"var(--ast-global-color-4)","background-image":"","background-repeat":"repeat","background-position":"center center","background-size":"auto","background-attachment":"scroll","background-type":"","background-media":"","overlay-type":"","overlay-color":"","overlay-opacity":"","overlay-gradient":""}},"footnotes":""},"categories":[23,1,10],"tags":[],"class_list":["post-32477","post","type-post","status-publish","format-standard","has-post-thumbnail","hentry","category-internacionales","category-noticias","category-rotador"],"yoast_head":"<!-- This site is optimized with the Yoast SEO Premium plugin v23.0 (Yoast SEO v27.4) - https:\/\/yoast.com\/product\/yoast-seo-premium-wordpress\/ -->\n<title>C\u00f3mo es la primera ciudad alimentada 100% por las energ\u00edas renovables<\/title>\n<meta name=\"robots\" content=\"index, follow, max-snippet:-1, max-image-preview:large, max-video-preview:-1\" \/>\n<link rel=\"canonical\" href=\"https:\/\/patagoniambiental.com.ar\/info\/como-es-la-primera-ciudad-alimentada-100-por-las-energias-renovables\/\" \/>\n<meta property=\"og:locale\" content=\"es_ES\" \/>\n<meta property=\"og:type\" content=\"article\" \/>\n<meta property=\"og:title\" content=\"C\u00f3mo es la primera ciudad alimentada 100% por las energ\u00edas renovables\" \/>\n<meta property=\"og:description\" content=\"&nbsp; En los \u00faltimos a\u00f1os el mundo comparte una preocupaci\u00f3n: hacer\u00a0m\u00e1s ecol\u00f3gicas\u00a0las fuentes de\u00a0energ\u00eda\u00a0que potencian la vida moderna. Las razones [&hellip;]\" \/>\n<meta property=\"og:url\" content=\"https:\/\/patagoniambiental.com.ar\/info\/como-es-la-primera-ciudad-alimentada-100-por-las-energias-renovables\/\" \/>\n<meta property=\"og:site_name\" content=\"Patagonia Ambiental\" \/>\n<meta property=\"article:publisher\" content=\"https:\/\/www.facebook.com\/patagonia.ambiental\" \/>\n<meta property=\"article:author\" content=\"https:\/\/www.facebook.com\/share\/1C1V8Gv9BX\/?mibextid=qi2Omg\" \/>\n<meta property=\"article:published_time\" content=\"2017-07-31T12:00:42+00:00\" \/>\n<meta property=\"og:image\" content=\"https:\/\/patagoniambiental.com.ar\/info\/wp-content\/uploads\/2017\/07\/paneeles-solares-vermont.jpg\" \/>\n\t<meta property=\"og:image:width\" content=\"630\" \/>\n\t<meta property=\"og:image:height\" content=\"460\" \/>\n\t<meta property=\"og:image:type\" content=\"image\/jpeg\" \/>\n<meta name=\"author\" content=\"Patagonia Ambiental\" \/>\n<meta name=\"twitter:card\" content=\"summary_large_image\" \/>\n<meta name=\"twitter:creator\" content=\"@PatAmb\" \/>\n<meta name=\"twitter:site\" content=\"@PatAmb\" \/>\n<script type=\"application\/ld+json\" class=\"yoast-schema-graph\">{\"@context\":\"https:\\\/\\\/schema.org\",\"@graph\":[{\"@type\":\"Article\",\"@id\":\"https:\\\/\\\/patagoniambiental.com.ar\\\/info\\\/como-es-la-primera-ciudad-alimentada-100-por-las-energias-renovables\\\/#article\",\"isPartOf\":{\"@id\":\"https:\\\/\\\/patagoniambiental.com.ar\\\/info\\\/como-es-la-primera-ciudad-alimentada-100-por-las-energias-renovables\\\/\"},\"author\":{\"name\":\"Patagonia Ambiental\",\"@id\":\"https:\\\/\\\/patagoniambiental.com.ar\\\/info\\\/#\\\/schema\\\/person\\\/db12bff64bbcbf6a253710bf0ea37b5d\"},\"headline\":\"C\u00f3mo es la primera ciudad alimentada 100% por las energ\u00edas renovables\",\"datePublished\":\"2017-07-31T12:00:42+00:00\",\"mainEntityOfPage\":{\"@id\":\"https:\\\/\\\/patagoniambiental.com.ar\\\/info\\\/como-es-la-primera-ciudad-alimentada-100-por-las-energias-renovables\\\/\"},\"wordCount\":1363,\"commentCount\":0,\"publisher\":{\"@id\":\"https:\\\/\\\/patagoniambiental.com.ar\\\/info\\\/#organization\"},\"image\":{\"@id\":\"https:\\\/\\\/patagoniambiental.com.ar\\\/info\\\/como-es-la-primera-ciudad-alimentada-100-por-las-energias-renovables\\\/#primaryimage\"},\"thumbnailUrl\":\"https:\\\/\\\/patagoniambiental.com.ar\\\/info\\\/wp-content\\\/uploads\\\/2017\\\/07\\\/paneeles-solares-vermont.jpg\",\"articleSection\":[\"Internacionales\",\"Noticias\",\"Rotador\"],\"inLanguage\":\"es\",\"potentialAction\":[{\"@type\":\"CommentAction\",\"name\":\"Comment\",\"target\":[\"https:\\\/\\\/patagoniambiental.com.ar\\\/info\\\/como-es-la-primera-ciudad-alimentada-100-por-las-energias-renovables\\\/#respond\"]}]},{\"@type\":\"WebPage\",\"@id\":\"https:\\\/\\\/patagoniambiental.com.ar\\\/info\\\/como-es-la-primera-ciudad-alimentada-100-por-las-energias-renovables\\\/\",\"url\":\"https:\\\/\\\/patagoniambiental.com.ar\\\/info\\\/como-es-la-primera-ciudad-alimentada-100-por-las-energias-renovables\\\/\",\"name\":\"C\u00f3mo es la primera ciudad alimentada 100% por las energ\u00edas renovables\",\"isPartOf\":{\"@id\":\"https:\\\/\\\/patagoniambiental.com.ar\\\/info\\\/#website\"},\"primaryImageOfPage\":{\"@id\":\"https:\\\/\\\/patagoniambiental.com.ar\\\/info\\\/como-es-la-primera-ciudad-alimentada-100-por-las-energias-renovables\\\/#primaryimage\"},\"image\":{\"@id\":\"https:\\\/\\\/patagoniambiental.com.ar\\\/info\\\/como-es-la-primera-ciudad-alimentada-100-por-las-energias-renovables\\\/#primaryimage\"},\"thumbnailUrl\":\"https:\\\/\\\/patagoniambiental.com.ar\\\/info\\\/wp-content\\\/uploads\\\/2017\\\/07\\\/paneeles-solares-vermont.jpg\",\"datePublished\":\"2017-07-31T12:00:42+00:00\",\"breadcrumb\":{\"@id\":\"https:\\\/\\\/patagoniambiental.com.ar\\\/info\\\/como-es-la-primera-ciudad-alimentada-100-por-las-energias-renovables\\\/#breadcrumb\"},\"inLanguage\":\"es\",\"potentialAction\":[{\"@type\":\"ReadAction\",\"target\":[\"https:\\\/\\\/patagoniambiental.com.ar\\\/info\\\/como-es-la-primera-ciudad-alimentada-100-por-las-energias-renovables\\\/\"]}]},{\"@type\":\"ImageObject\",\"inLanguage\":\"es\",\"@id\":\"https:\\\/\\\/patagoniambiental.com.ar\\\/info\\\/como-es-la-primera-ciudad-alimentada-100-por-las-energias-renovables\\\/#primaryimage\",\"url\":\"https:\\\/\\\/patagoniambiental.com.ar\\\/info\\\/wp-content\\\/uploads\\\/2017\\\/07\\\/paneeles-solares-vermont.jpg\",\"contentUrl\":\"https:\\\/\\\/patagoniambiental.com.ar\\\/info\\\/wp-content\\\/uploads\\\/2017\\\/07\\\/paneeles-solares-vermont.jpg\",\"width\":630,\"height\":460},{\"@type\":\"BreadcrumbList\",\"@id\":\"https:\\\/\\\/patagoniambiental.com.ar\\\/info\\\/como-es-la-primera-ciudad-alimentada-100-por-las-energias-renovables\\\/#breadcrumb\",\"itemListElement\":[{\"@type\":\"ListItem\",\"position\":1,\"name\":\"Inicio\",\"item\":\"https:\\\/\\\/patagoniambiental.com.ar\\\/info\\\/\"},{\"@type\":\"ListItem\",\"position\":2,\"name\":\"C\u00f3mo es la primera ciudad alimentada 100% por las energ\u00edas renovables\"}]},{\"@type\":\"WebSite\",\"@id\":\"https:\\\/\\\/patagoniambiental.com.ar\\\/info\\\/#website\",\"url\":\"https:\\\/\\\/patagoniambiental.com.ar\\\/info\\\/\",\"name\":\"Patagonia Ambiental\",\"description\":\"Monitoreo y an\u00e1lisis de la situaci\u00f3n geopol\u00edtica en el mundo y su implicancia en la Patagonia\",\"publisher\":{\"@id\":\"https:\\\/\\\/patagoniambiental.com.ar\\\/info\\\/#organization\"},\"potentialAction\":[{\"@type\":\"SearchAction\",\"target\":{\"@type\":\"EntryPoint\",\"urlTemplate\":\"https:\\\/\\\/patagoniambiental.com.ar\\\/info\\\/?s={search_term_string}\"},\"query-input\":{\"@type\":\"PropertyValueSpecification\",\"valueRequired\":true,\"valueName\":\"search_term_string\"}}],\"inLanguage\":\"es\"},{\"@type\":\"Organization\",\"@id\":\"https:\\\/\\\/patagoniambiental.com.ar\\\/info\\\/#organization\",\"name\":\"Patagonia Ambiental\",\"url\":\"https:\\\/\\\/patagoniambiental.com.ar\\\/info\\\/\",\"logo\":{\"@type\":\"ImageObject\",\"inLanguage\":\"es\",\"@id\":\"https:\\\/\\\/patagoniambiental.com.ar\\\/info\\\/#\\\/schema\\\/logo\\\/image\\\/\",\"url\":\"https:\\\/\\\/patagoniambiental.com.ar\\\/info\\\/wp-content\\\/uploads\\\/2025\\\/05\\\/LOGO-PATAGONIA-AMBIENTAL.png\",\"contentUrl\":\"https:\\\/\\\/patagoniambiental.com.ar\\\/info\\\/wp-content\\\/uploads\\\/2025\\\/05\\\/LOGO-PATAGONIA-AMBIENTAL.png\",\"width\":433,\"height\":250,\"caption\":\"Patagonia Ambiental\"},\"image\":{\"@id\":\"https:\\\/\\\/patagoniambiental.com.ar\\\/info\\\/#\\\/schema\\\/logo\\\/image\\\/\"},\"sameAs\":[\"https:\\\/\\\/www.facebook.com\\\/patagonia.ambiental\",\"https:\\\/\\\/x.com\\\/PatAmb\"]},{\"@type\":\"Person\",\"@id\":\"https:\\\/\\\/patagoniambiental.com.ar\\\/info\\\/#\\\/schema\\\/person\\\/db12bff64bbcbf6a253710bf0ea37b5d\",\"name\":\"Patagonia Ambiental\",\"description\":\"Andr\u00e9s Nievas T\u00e9cnico en manejo ambiental, consultor Ambiental y escritor para medios locales e internacionales sobre temas de geopolitica y medio ambiente.\",\"sameAs\":[\"http:\\\/\\\/www.patagoniambiental.com.ar\",\"https:\\\/\\\/www.facebook.com\\\/share\\\/1C1V8Gv9BX\\\/?mibextid=qi2Omg\",\"@patagoniambiental\",\"https:\\\/\\\/youtube.com\\\/@patagoniaambiental2023?si=BLt58t0wuXquxlYZ\"]}]}<\/script>\n<!-- \/ Yoast SEO Premium plugin. -->","yoast_head_json":{"title":"C\u00f3mo es la primera ciudad alimentada 100% por las energ\u00edas renovables","robots":{"index":"index","follow":"follow","max-snippet":"max-snippet:-1","max-image-preview":"max-image-preview:large","max-video-preview":"max-video-preview:-1"},"canonical":"https:\/\/patagoniambiental.com.ar\/info\/como-es-la-primera-ciudad-alimentada-100-por-las-energias-renovables\/","og_locale":"es_ES","og_type":"article","og_title":"C\u00f3mo es la primera ciudad alimentada 100% por las energ\u00edas renovables","og_description":"&nbsp; En los \u00faltimos a\u00f1os el mundo comparte una preocupaci\u00f3n: hacer\u00a0m\u00e1s ecol\u00f3gicas\u00a0las fuentes de\u00a0energ\u00eda\u00a0que potencian la vida moderna. Las razones [&hellip;]","og_url":"https:\/\/patagoniambiental.com.ar\/info\/como-es-la-primera-ciudad-alimentada-100-por-las-energias-renovables\/","og_site_name":"Patagonia Ambiental","article_publisher":"https:\/\/www.facebook.com\/patagonia.ambiental","article_author":"https:\/\/www.facebook.com\/share\/1C1V8Gv9BX\/?mibextid=qi2Omg","article_published_time":"2017-07-31T12:00:42+00:00","og_image":[{"width":630,"height":460,"url":"https:\/\/patagoniambiental.com.ar\/info\/wp-content\/uploads\/2017\/07\/paneeles-solares-vermont.jpg","type":"image\/jpeg"}],"author":"Patagonia Ambiental","twitter_card":"summary_large_image","twitter_creator":"@PatAmb","twitter_site":"@PatAmb","schema":{"@context":"https:\/\/schema.org","@graph":[{"@type":"Article","@id":"https:\/\/patagoniambiental.com.ar\/info\/como-es-la-primera-ciudad-alimentada-100-por-las-energias-renovables\/#article","isPartOf":{"@id":"https:\/\/patagoniambiental.com.ar\/info\/como-es-la-primera-ciudad-alimentada-100-por-las-energias-renovables\/"},"author":{"name":"Patagonia Ambiental","@id":"https:\/\/patagoniambiental.com.ar\/info\/#\/schema\/person\/db12bff64bbcbf6a253710bf0ea37b5d"},"headline":"C\u00f3mo es la primera ciudad alimentada 100% por las energ\u00edas renovables","datePublished":"2017-07-31T12:00:42+00:00","mainEntityOfPage":{"@id":"https:\/\/patagoniambiental.com.ar\/info\/como-es-la-primera-ciudad-alimentada-100-por-las-energias-renovables\/"},"wordCount":1363,"commentCount":0,"publisher":{"@id":"https:\/\/patagoniambiental.com.ar\/info\/#organization"},"image":{"@id":"https:\/\/patagoniambiental.com.ar\/info\/como-es-la-primera-ciudad-alimentada-100-por-las-energias-renovables\/#primaryimage"},"thumbnailUrl":"https:\/\/patagoniambiental.com.ar\/info\/wp-content\/uploads\/2017\/07\/paneeles-solares-vermont.jpg","articleSection":["Internacionales","Noticias","Rotador"],"inLanguage":"es","potentialAction":[{"@type":"CommentAction","name":"Comment","target":["https:\/\/patagoniambiental.com.ar\/info\/como-es-la-primera-ciudad-alimentada-100-por-las-energias-renovables\/#respond"]}]},{"@type":"WebPage","@id":"https:\/\/patagoniambiental.com.ar\/info\/como-es-la-primera-ciudad-alimentada-100-por-las-energias-renovables\/","url":"https:\/\/patagoniambiental.com.ar\/info\/como-es-la-primera-ciudad-alimentada-100-por-las-energias-renovables\/","name":"C\u00f3mo es la primera ciudad alimentada 100% por las energ\u00edas renovables","isPartOf":{"@id":"https:\/\/patagoniambiental.com.ar\/info\/#website"},"primaryImageOfPage":{"@id":"https:\/\/patagoniambiental.com.ar\/info\/como-es-la-primera-ciudad-alimentada-100-por-las-energias-renovables\/#primaryimage"},"image":{"@id":"https:\/\/patagoniambiental.com.ar\/info\/como-es-la-primera-ciudad-alimentada-100-por-las-energias-renovables\/#primaryimage"},"thumbnailUrl":"https:\/\/patagoniambiental.com.ar\/info\/wp-content\/uploads\/2017\/07\/paneeles-solares-vermont.jpg","datePublished":"2017-07-31T12:00:42+00:00","breadcrumb":{"@id":"https:\/\/patagoniambiental.com.ar\/info\/como-es-la-primera-ciudad-alimentada-100-por-las-energias-renovables\/#breadcrumb"},"inLanguage":"es","potentialAction":[{"@type":"ReadAction","target":["https:\/\/patagoniambiental.com.ar\/info\/como-es-la-primera-ciudad-alimentada-100-por-las-energias-renovables\/"]}]},{"@type":"ImageObject","inLanguage":"es","@id":"https:\/\/patagoniambiental.com.ar\/info\/como-es-la-primera-ciudad-alimentada-100-por-las-energias-renovables\/#primaryimage","url":"https:\/\/patagoniambiental.com.ar\/info\/wp-content\/uploads\/2017\/07\/paneeles-solares-vermont.jpg","contentUrl":"https:\/\/patagoniambiental.com.ar\/info\/wp-content\/uploads\/2017\/07\/paneeles-solares-vermont.jpg","width":630,"height":460},{"@type":"BreadcrumbList","@id":"https:\/\/patagoniambiental.com.ar\/info\/como-es-la-primera-ciudad-alimentada-100-por-las-energias-renovables\/#breadcrumb","itemListElement":[{"@type":"ListItem","position":1,"name":"Inicio","item":"https:\/\/patagoniambiental.com.ar\/info\/"},{"@type":"ListItem","position":2,"name":"C\u00f3mo es la primera ciudad alimentada 100% por las energ\u00edas renovables"}]},{"@type":"WebSite","@id":"https:\/\/patagoniambiental.com.ar\/info\/#website","url":"https:\/\/patagoniambiental.com.ar\/info\/","name":"Patagonia Ambiental","description":"Monitoreo y an\u00e1lisis de la situaci\u00f3n geopol\u00edtica en el mundo y su implicancia en la Patagonia","publisher":{"@id":"https:\/\/patagoniambiental.com.ar\/info\/#organization"},"potentialAction":[{"@type":"SearchAction","target":{"@type":"EntryPoint","urlTemplate":"https:\/\/patagoniambiental.com.ar\/info\/?s={search_term_string}"},"query-input":{"@type":"PropertyValueSpecification","valueRequired":true,"valueName":"search_term_string"}}],"inLanguage":"es"},{"@type":"Organization","@id":"https:\/\/patagoniambiental.com.ar\/info\/#organization","name":"Patagonia Ambiental","url":"https:\/\/patagoniambiental.com.ar\/info\/","logo":{"@type":"ImageObject","inLanguage":"es","@id":"https:\/\/patagoniambiental.com.ar\/info\/#\/schema\/logo\/image\/","url":"https:\/\/patagoniambiental.com.ar\/info\/wp-content\/uploads\/2025\/05\/LOGO-PATAGONIA-AMBIENTAL.png","contentUrl":"https:\/\/patagoniambiental.com.ar\/info\/wp-content\/uploads\/2025\/05\/LOGO-PATAGONIA-AMBIENTAL.png","width":433,"height":250,"caption":"Patagonia Ambiental"},"image":{"@id":"https:\/\/patagoniambiental.com.ar\/info\/#\/schema\/logo\/image\/"},"sameAs":["https:\/\/www.facebook.com\/patagonia.ambiental","https:\/\/x.com\/PatAmb"]},{"@type":"Person","@id":"https:\/\/patagoniambiental.com.ar\/info\/#\/schema\/person\/db12bff64bbcbf6a253710bf0ea37b5d","name":"Patagonia Ambiental","description":"Andr\u00e9s Nievas T\u00e9cnico en manejo ambiental, consultor Ambiental y escritor para medios locales e internacionales sobre temas de geopolitica y medio ambiente.","sameAs":["http:\/\/www.patagoniambiental.com.ar","https:\/\/www.facebook.com\/share\/1C1V8Gv9BX\/?mibextid=qi2Omg","@patagoniambiental","https:\/\/youtube.com\/@patagoniaambiental2023?si=BLt58t0wuXquxlYZ"]}]}},"_links":{"self":[{"href":"https:\/\/patagoniambiental.com.ar\/info\/wp-json\/wp\/v2\/posts\/32477","targetHints":{"allow":["GET"]}}],"collection":[{"href":"https:\/\/patagoniambiental.com.ar\/info\/wp-json\/wp\/v2\/posts"}],"about":[{"href":"https:\/\/patagoniambiental.com.ar\/info\/wp-json\/wp\/v2\/types\/post"}],"author":[{"embeddable":true,"href":"https:\/\/patagoniambiental.com.ar\/info\/wp-json\/wp\/v2\/users\/2"}],"replies":[{"embeddable":true,"href":"https:\/\/patagoniambiental.com.ar\/info\/wp-json\/wp\/v2\/comments?post=32477"}],"version-history":[{"count":0,"href":"https:\/\/patagoniambiental.com.ar\/info\/wp-json\/wp\/v2\/posts\/32477\/revisions"}],"wp:featuredmedia":[{"embeddable":true,"href":"https:\/\/patagoniambiental.com.ar\/info\/wp-json\/wp\/v2\/media\/32478"}],"wp:attachment":[{"href":"https:\/\/patagoniambiental.com.ar\/info\/wp-json\/wp\/v2\/media?parent=32477"}],"wp:term":[{"taxonomy":"category","embeddable":true,"href":"https:\/\/patagoniambiental.com.ar\/info\/wp-json\/wp\/v2\/categories?post=32477"},{"taxonomy":"post_tag","embeddable":true,"href":"https:\/\/patagoniambiental.com.ar\/info\/wp-json\/wp\/v2\/tags?post=32477"}],"curies":[{"name":"wp","href":"https:\/\/api.w.org\/{rel}","templated":true}]}}