{"id":32508,"date":"2017-07-31T19:00:54","date_gmt":"2017-07-31T22:00:54","guid":{"rendered":"http:\/\/patagoniambiental.com.ar\/info\/?p=32508"},"modified":"2017-07-31T12:44:15","modified_gmt":"2017-07-31T15:44:15","slug":"israel-ayudara-argentina-plantar-un-millon-de-arboles","status":"publish","type":"post","link":"https:\/\/patagoniambiental.com.ar\/info\/israel-ayudara-argentina-plantar-un-millon-de-arboles\/","title":{"rendered":"Israel ayudar\u00e1 argentina plantar un mill\u00f3n de \u00e1rboles"},"content":{"rendered":"<header class=\"entry-header cf\"><\/header>\n<div class=\"entry-byline cf\"><\/div>\n<p>Israel.-El ministro de Ambienet de Argentina, \u00a0el rabino sergio bergman estuvo de visita en Israel reunido con la fundaci\u00f3n KKl.<\/p>\n<p><!--more--><\/p>\n<p>Durante sus encuentros con los representantes\u00a0<span id=\"more-47221\"><\/span>del Fondo Nacional Jud\u00edo (\u00abel keren kayemet leisrael\u00bb) se tom\u00f3 la decisi\u00f3n de participaci\u00f3n en un proyecto de plantaci\u00f3n de millones de \u00e1rboles en la argentina.<\/p>\n<div class=\"entry-content cf\">\n<p>El ministro de bergman dijo que va a promover la idea de la firma de un memorando de cooperaci\u00f3n con el fondo nacional jud\u00edo-\u041a\u041a\u041b en muchos \u00e1mbitos, incluido el de la repoblacin de plantas y de educaci\u00f3n ambiental para escolares.<\/p>\n<p>El ministro de la protecci\u00f3n del medio ambiente de la argentina felicit\u00f3 a la disponibilidad de la mayor\u00eda de los objetos del fondo nacional jud\u00edo-\u041a\u041a\u041b para las personas con discapacidad. Invitado presentaron a \u0431\u0438\u043e\u0441\u0444\u0435\u0440\u043d\u043e\u0439 el concepto de construcci\u00f3n de modernos parques naturales y parques, y tambi\u00e9n mostr\u00f3 el proyecto de \u00abfiltro biol\u00f3gico\u00bb de la recogida y tratamiento de aguas residuales en la ciudad.<\/p>\n<p>El rabino bergman tambi\u00e9n ha plantado un \u00e1rbol en el parque de Veneno-kennedy, junto con la presidenta del fondo nacional jud\u00edo-\u041a\u041a\u041b Dani \u0410\u0442\u0430\u0440\u043e\u043c. Dirigi\u00e9ndose a los invitados, Dani atar expres\u00f3 su gratitud por la amistad y la buena voluntad hacia israel y el fnj-\u041a\u041a\u041b. \u00abEl kkl-\u041a\u041a\u041b se enorgullece de la capacidad de desarrollar la cooperaci\u00f3n con el ministerio de protecci\u00f3n del medio ambiente de la argentina, se\u00f1al\u00f3. \u2013 Estamos encantados de compartir con usted sus conocimientos y experiencia en el campo de la ecolog\u00eda, la agricultura y la silvicultura, acumulados en 115 a\u00f1os de existencia de nuestra fundaci\u00f3n. Nuestra tarea de llenar el marco de nuestra cooperaci\u00f3n con el contenido y ayudaremos a nuestros argentino amigos implementar nuestros conocimientos y de la tecnolog\u00eda en la pr\u00e1ctica\u00bb.<\/p>\n<p>Sergio bergman, por su parte, dijo: \u00abProteger la naturaleza significa proteger la vida. No hay mejor ejemplo de lo que llamamos \u00abtikun olam\u00bb \u2014 revisi\u00f3n de la paz, de protecci\u00f3n de la naturaleza y la calidad de vida. El \u00e1rbol simboliza las ra\u00edces, que van profundamente en el suelo, se le da los frutos que nosotros alg\u00fan d\u00eda compartamos juntos\u00bb.<\/p>\n<p>Sergio bergman visit\u00f3 \u041a\u0430\u0440\u043c\u0435\u043b\u044c\u0441\u043a\u0438\u0435 bosque y el parque de ramot menashe, donde recibi\u00f3 explicaciones sobre la recuperaci\u00f3n de los bosques despu\u00e9s de los incendios. Visit\u00f3 la reserva de la biosfera en el \u00e1rea de nahal-\u0428\u043e\u0444\u0435\u0442.<\/p>\n<p>Sergio bergman \u2013 la primera en la historia de la argentina jud\u00edo, que se asigna en la ministerial post. Est\u00e1 especialmente una aproximaci\u00f3n a la presidenta de argentina, mauricio macri. \u00c9l es el fundador de \u00ab\u0424\u043e\u043d\u0434\u0430\u0441\u0438\u043e\u043d \u042e\u0434\u0430\u0438\u043a\u0430\u00bb jud\u00edo de la fundaci\u00f3n de la argentina, que se ocupa de la conservaci\u00f3n de las sinagogas, puntos de jud\u00edos de los objetos y el de la educaci\u00f3n. Bergman es el autor de seis libros a la vez religioso y secular en la naturaleza.<\/p>\n<p>Fuente:\u00a0http:\/\/es.israel-today.ru\/israel-ayudara-argentina-plantar-un-millon-de-arboles.html<\/p>\n<\/div>\n","protected":false},"excerpt":{"rendered":"<p>Israel.-El ministro de Ambienet de Argentina, \u00a0el rabino sergio bergman estuvo de visita en Israel reunido con la fundaci\u00f3n KKl.<\/p>\n","protected":false},"author":2,"featured_media":32350,"comment_status":"open","ping_status":"open","sticky":false,"template":"","format":"standard","meta":{"site-sidebar-layout":"default","site-content-layout":"","ast-site-content-layout":"default","site-content-style":"default","site-sidebar-style":"default","ast-global-header-display":"","ast-banner-title-visibility":"","ast-main-header-display":"","ast-hfb-above-header-display":"","ast-hfb-below-header-display":"","ast-hfb-mobile-header-display":"","site-post-title":"","ast-breadcrumbs-content":"","ast-featured-img":"","footer-sml-layout":"","ast-disable-related-posts":"","theme-transparent-header-meta":"","adv-header-id-meta":"","stick-header-meta":"","header-above-stick-meta":"","header-main-stick-meta":"","header-below-stick-meta":"","astra-migrate-meta-layouts":"default","ast-page-background-enabled":"default","ast-page-background-meta":{"desktop":{"background-color":"var(--ast-global-color-5)","background-image":"","background-repeat":"repeat","background-position":"center center","background-size":"auto","background-attachment":"scroll","background-type":"","background-media":"","overlay-type":"","overlay-color":"","overlay-opacity":"","overlay-gradient":""},"tablet":{"background-color":"","background-image":"","background-repeat":"repeat","background-position":"center center","background-size":"auto","background-attachment":"scroll","background-type":"","background-media":"","overlay-type":"","overlay-color":"","overlay-opacity":"","overlay-gradient":""},"mobile":{"background-color":"","background-image":"","background-repeat":"repeat","background-position":"center center","background-size":"auto","background-attachment":"scroll","background-type":"","background-media":"","overlay-type":"","overlay-color":"","overlay-opacity":"","overlay-gradient":""}},"ast-content-background-meta":{"desktop":{"background-color":"var(--ast-global-color-4)","background-image":"","background-repeat":"repeat","background-position":"center center","background-size":"auto","background-attachment":"scroll","background-type":"","background-media":"","overlay-type":"","overlay-color":"","overlay-opacity":"","overlay-gradient":""},"tablet":{"background-color":"var(--ast-global-color-4)","background-image":"","background-repeat":"repeat","background-position":"center center","background-size":"auto","background-attachment":"scroll","background-type":"","background-media":"","overlay-type":"","overlay-color":"","overlay-opacity":"","overlay-gradient":""},"mobile":{"background-color":"var(--ast-global-color-4)","background-image":"","background-repeat":"repeat","background-position":"center center","background-size":"auto","background-attachment":"scroll","background-type":"","background-media":"","overlay-type":"","overlay-color":"","overlay-opacity":"","overlay-gradient":""}},"footnotes":""},"categories":[23,1],"tags":[],"class_list":["post-32508","post","type-post","status-publish","format-standard","has-post-thumbnail","hentry","category-internacionales","category-noticias"],"yoast_head":"<!-- This site is optimized with the Yoast SEO Premium plugin v23.0 (Yoast SEO v27.4) - https:\/\/yoast.com\/product\/yoast-seo-premium-wordpress\/ -->\n<title>Israel ayudar\u00e1 argentina plantar un mill\u00f3n de \u00e1rboles<\/title>\n<meta name=\"robots\" content=\"index, follow, max-snippet:-1, max-image-preview:large, max-video-preview:-1\" \/>\n<link rel=\"canonical\" href=\"https:\/\/patagoniambiental.com.ar\/info\/israel-ayudara-argentina-plantar-un-millon-de-arboles\/\" \/>\n<meta property=\"og:locale\" content=\"es_ES\" \/>\n<meta property=\"og:type\" content=\"article\" \/>\n<meta property=\"og:title\" content=\"Israel ayudar\u00e1 argentina plantar un mill\u00f3n de \u00e1rboles\" \/>\n<meta property=\"og:description\" content=\"Israel.-El ministro de Ambienet de Argentina, \u00a0el rabino sergio bergman estuvo de visita en Israel reunido con la fundaci\u00f3n KKl.\" \/>\n<meta property=\"og:url\" content=\"https:\/\/patagoniambiental.com.ar\/info\/israel-ayudara-argentina-plantar-un-millon-de-arboles\/\" \/>\n<meta property=\"og:site_name\" content=\"Patagonia Ambiental\" \/>\n<meta property=\"article:publisher\" content=\"https:\/\/www.facebook.com\/patagonia.ambiental\" \/>\n<meta property=\"article:author\" content=\"https:\/\/www.facebook.com\/share\/1C1V8Gv9BX\/?mibextid=qi2Omg\" \/>\n<meta property=\"article:published_time\" content=\"2017-07-31T22:00:54+00:00\" \/>\n<meta property=\"og:image\" content=\"https:\/\/patagoniambiental.com.ar\/info\/wp-content\/uploads\/2017\/07\/bergman.jpg\" \/>\n\t<meta property=\"og:image:width\" content=\"380\" \/>\n\t<meta property=\"og:image:height\" content=\"253\" \/>\n\t<meta property=\"og:image:type\" content=\"image\/jpeg\" \/>\n<meta name=\"author\" content=\"Patagonia Ambiental\" \/>\n<meta name=\"twitter:card\" content=\"summary_large_image\" \/>\n<meta name=\"twitter:creator\" content=\"@PatAmb\" \/>\n<meta name=\"twitter:site\" content=\"@PatAmb\" \/>\n<script type=\"application\/ld+json\" class=\"yoast-schema-graph\">{\"@context\":\"https:\\\/\\\/schema.org\",\"@graph\":[{\"@type\":\"Article\",\"@id\":\"https:\\\/\\\/patagoniambiental.com.ar\\\/info\\\/israel-ayudara-argentina-plantar-un-millon-de-arboles\\\/#article\",\"isPartOf\":{\"@id\":\"https:\\\/\\\/patagoniambiental.com.ar\\\/info\\\/israel-ayudara-argentina-plantar-un-millon-de-arboles\\\/\"},\"author\":{\"name\":\"Patagonia Ambiental\",\"@id\":\"https:\\\/\\\/patagoniambiental.com.ar\\\/info\\\/#\\\/schema\\\/person\\\/db12bff64bbcbf6a253710bf0ea37b5d\"},\"headline\":\"Israel ayudar\u00e1 argentina plantar un mill\u00f3n de \u00e1rboles\",\"datePublished\":\"2017-07-31T22:00:54+00:00\",\"mainEntityOfPage\":{\"@id\":\"https:\\\/\\\/patagoniambiental.com.ar\\\/info\\\/israel-ayudara-argentina-plantar-un-millon-de-arboles\\\/\"},\"wordCount\":509,\"commentCount\":0,\"publisher\":{\"@id\":\"https:\\\/\\\/patagoniambiental.com.ar\\\/info\\\/#organization\"},\"image\":{\"@id\":\"https:\\\/\\\/patagoniambiental.com.ar\\\/info\\\/israel-ayudara-argentina-plantar-un-millon-de-arboles\\\/#primaryimage\"},\"thumbnailUrl\":\"https:\\\/\\\/patagoniambiental.com.ar\\\/info\\\/wp-content\\\/uploads\\\/2017\\\/07\\\/bergman.jpg\",\"articleSection\":[\"Internacionales\",\"Noticias\"],\"inLanguage\":\"es\",\"potentialAction\":[{\"@type\":\"CommentAction\",\"name\":\"Comment\",\"target\":[\"https:\\\/\\\/patagoniambiental.com.ar\\\/info\\\/israel-ayudara-argentina-plantar-un-millon-de-arboles\\\/#respond\"]}]},{\"@type\":\"WebPage\",\"@id\":\"https:\\\/\\\/patagoniambiental.com.ar\\\/info\\\/israel-ayudara-argentina-plantar-un-millon-de-arboles\\\/\",\"url\":\"https:\\\/\\\/patagoniambiental.com.ar\\\/info\\\/israel-ayudara-argentina-plantar-un-millon-de-arboles\\\/\",\"name\":\"Israel ayudar\u00e1 argentina plantar un mill\u00f3n de \u00e1rboles\",\"isPartOf\":{\"@id\":\"https:\\\/\\\/patagoniambiental.com.ar\\\/info\\\/#website\"},\"primaryImageOfPage\":{\"@id\":\"https:\\\/\\\/patagoniambiental.com.ar\\\/info\\\/israel-ayudara-argentina-plantar-un-millon-de-arboles\\\/#primaryimage\"},\"image\":{\"@id\":\"https:\\\/\\\/patagoniambiental.com.ar\\\/info\\\/israel-ayudara-argentina-plantar-un-millon-de-arboles\\\/#primaryimage\"},\"thumbnailUrl\":\"https:\\\/\\\/patagoniambiental.com.ar\\\/info\\\/wp-content\\\/uploads\\\/2017\\\/07\\\/bergman.jpg\",\"datePublished\":\"2017-07-31T22:00:54+00:00\",\"breadcrumb\":{\"@id\":\"https:\\\/\\\/patagoniambiental.com.ar\\\/info\\\/israel-ayudara-argentina-plantar-un-millon-de-arboles\\\/#breadcrumb\"},\"inLanguage\":\"es\",\"potentialAction\":[{\"@type\":\"ReadAction\",\"target\":[\"https:\\\/\\\/patagoniambiental.com.ar\\\/info\\\/israel-ayudara-argentina-plantar-un-millon-de-arboles\\\/\"]}]},{\"@type\":\"ImageObject\",\"inLanguage\":\"es\",\"@id\":\"https:\\\/\\\/patagoniambiental.com.ar\\\/info\\\/israel-ayudara-argentina-plantar-un-millon-de-arboles\\\/#primaryimage\",\"url\":\"https:\\\/\\\/patagoniambiental.com.ar\\\/info\\\/wp-content\\\/uploads\\\/2017\\\/07\\\/bergman.jpg\",\"contentUrl\":\"https:\\\/\\\/patagoniambiental.com.ar\\\/info\\\/wp-content\\\/uploads\\\/2017\\\/07\\\/bergman.jpg\",\"width\":380,\"height\":253},{\"@type\":\"BreadcrumbList\",\"@id\":\"https:\\\/\\\/patagoniambiental.com.ar\\\/info\\\/israel-ayudara-argentina-plantar-un-millon-de-arboles\\\/#breadcrumb\",\"itemListElement\":[{\"@type\":\"ListItem\",\"position\":1,\"name\":\"Inicio\",\"item\":\"https:\\\/\\\/patagoniambiental.com.ar\\\/info\\\/\"},{\"@type\":\"ListItem\",\"position\":2,\"name\":\"Israel ayudar\u00e1 argentina plantar un mill\u00f3n de \u00e1rboles\"}]},{\"@type\":\"WebSite\",\"@id\":\"https:\\\/\\\/patagoniambiental.com.ar\\\/info\\\/#website\",\"url\":\"https:\\\/\\\/patagoniambiental.com.ar\\\/info\\\/\",\"name\":\"Patagonia Ambiental\",\"description\":\"Monitoreo y an\u00e1lisis de la situaci\u00f3n geopol\u00edtica en el mundo y su implicancia en la Patagonia\",\"publisher\":{\"@id\":\"https:\\\/\\\/patagoniambiental.com.ar\\\/info\\\/#organization\"},\"potentialAction\":[{\"@type\":\"SearchAction\",\"target\":{\"@type\":\"EntryPoint\",\"urlTemplate\":\"https:\\\/\\\/patagoniambiental.com.ar\\\/info\\\/?s={search_term_string}\"},\"query-input\":{\"@type\":\"PropertyValueSpecification\",\"valueRequired\":true,\"valueName\":\"search_term_string\"}}],\"inLanguage\":\"es\"},{\"@type\":\"Organization\",\"@id\":\"https:\\\/\\\/patagoniambiental.com.ar\\\/info\\\/#organization\",\"name\":\"Patagonia Ambiental\",\"url\":\"https:\\\/\\\/patagoniambiental.com.ar\\\/info\\\/\",\"logo\":{\"@type\":\"ImageObject\",\"inLanguage\":\"es\",\"@id\":\"https:\\\/\\\/patagoniambiental.com.ar\\\/info\\\/#\\\/schema\\\/logo\\\/image\\\/\",\"url\":\"https:\\\/\\\/patagoniambiental.com.ar\\\/info\\\/wp-content\\\/uploads\\\/2025\\\/05\\\/LOGO-PATAGONIA-AMBIENTAL.png\",\"contentUrl\":\"https:\\\/\\\/patagoniambiental.com.ar\\\/info\\\/wp-content\\\/uploads\\\/2025\\\/05\\\/LOGO-PATAGONIA-AMBIENTAL.png\",\"width\":433,\"height\":250,\"caption\":\"Patagonia Ambiental\"},\"image\":{\"@id\":\"https:\\\/\\\/patagoniambiental.com.ar\\\/info\\\/#\\\/schema\\\/logo\\\/image\\\/\"},\"sameAs\":[\"https:\\\/\\\/www.facebook.com\\\/patagonia.ambiental\",\"https:\\\/\\\/x.com\\\/PatAmb\"]},{\"@type\":\"Person\",\"@id\":\"https:\\\/\\\/patagoniambiental.com.ar\\\/info\\\/#\\\/schema\\\/person\\\/db12bff64bbcbf6a253710bf0ea37b5d\",\"name\":\"Patagonia Ambiental\",\"description\":\"Andr\u00e9s Nievas T\u00e9cnico en manejo ambiental, consultor Ambiental y escritor para medios locales e internacionales sobre temas de geopolitica y medio ambiente.\",\"sameAs\":[\"http:\\\/\\\/www.patagoniambiental.com.ar\",\"https:\\\/\\\/www.facebook.com\\\/share\\\/1C1V8Gv9BX\\\/?mibextid=qi2Omg\",\"@patagoniambiental\",\"https:\\\/\\\/youtube.com\\\/@patagoniaambiental2023?si=BLt58t0wuXquxlYZ\"]}]}<\/script>\n<!-- \/ Yoast SEO Premium plugin. -->","yoast_head_json":{"title":"Israel ayudar\u00e1 argentina plantar un mill\u00f3n de \u00e1rboles","robots":{"index":"index","follow":"follow","max-snippet":"max-snippet:-1","max-image-preview":"max-image-preview:large","max-video-preview":"max-video-preview:-1"},"canonical":"https:\/\/patagoniambiental.com.ar\/info\/israel-ayudara-argentina-plantar-un-millon-de-arboles\/","og_locale":"es_ES","og_type":"article","og_title":"Israel ayudar\u00e1 argentina plantar un mill\u00f3n de \u00e1rboles","og_description":"Israel.-El ministro de Ambienet de Argentina, \u00a0el rabino sergio bergman estuvo de visita en Israel reunido con la fundaci\u00f3n KKl.","og_url":"https:\/\/patagoniambiental.com.ar\/info\/israel-ayudara-argentina-plantar-un-millon-de-arboles\/","og_site_name":"Patagonia Ambiental","article_publisher":"https:\/\/www.facebook.com\/patagonia.ambiental","article_author":"https:\/\/www.facebook.com\/share\/1C1V8Gv9BX\/?mibextid=qi2Omg","article_published_time":"2017-07-31T22:00:54+00:00","og_image":[{"width":380,"height":253,"url":"https:\/\/patagoniambiental.com.ar\/info\/wp-content\/uploads\/2017\/07\/bergman.jpg","type":"image\/jpeg"}],"author":"Patagonia Ambiental","twitter_card":"summary_large_image","twitter_creator":"@PatAmb","twitter_site":"@PatAmb","schema":{"@context":"https:\/\/schema.org","@graph":[{"@type":"Article","@id":"https:\/\/patagoniambiental.com.ar\/info\/israel-ayudara-argentina-plantar-un-millon-de-arboles\/#article","isPartOf":{"@id":"https:\/\/patagoniambiental.com.ar\/info\/israel-ayudara-argentina-plantar-un-millon-de-arboles\/"},"author":{"name":"Patagonia Ambiental","@id":"https:\/\/patagoniambiental.com.ar\/info\/#\/schema\/person\/db12bff64bbcbf6a253710bf0ea37b5d"},"headline":"Israel ayudar\u00e1 argentina plantar un mill\u00f3n de \u00e1rboles","datePublished":"2017-07-31T22:00:54+00:00","mainEntityOfPage":{"@id":"https:\/\/patagoniambiental.com.ar\/info\/israel-ayudara-argentina-plantar-un-millon-de-arboles\/"},"wordCount":509,"commentCount":0,"publisher":{"@id":"https:\/\/patagoniambiental.com.ar\/info\/#organization"},"image":{"@id":"https:\/\/patagoniambiental.com.ar\/info\/israel-ayudara-argentina-plantar-un-millon-de-arboles\/#primaryimage"},"thumbnailUrl":"https:\/\/patagoniambiental.com.ar\/info\/wp-content\/uploads\/2017\/07\/bergman.jpg","articleSection":["Internacionales","Noticias"],"inLanguage":"es","potentialAction":[{"@type":"CommentAction","name":"Comment","target":["https:\/\/patagoniambiental.com.ar\/info\/israel-ayudara-argentina-plantar-un-millon-de-arboles\/#respond"]}]},{"@type":"WebPage","@id":"https:\/\/patagoniambiental.com.ar\/info\/israel-ayudara-argentina-plantar-un-millon-de-arboles\/","url":"https:\/\/patagoniambiental.com.ar\/info\/israel-ayudara-argentina-plantar-un-millon-de-arboles\/","name":"Israel ayudar\u00e1 argentina plantar un mill\u00f3n de \u00e1rboles","isPartOf":{"@id":"https:\/\/patagoniambiental.com.ar\/info\/#website"},"primaryImageOfPage":{"@id":"https:\/\/patagoniambiental.com.ar\/info\/israel-ayudara-argentina-plantar-un-millon-de-arboles\/#primaryimage"},"image":{"@id":"https:\/\/patagoniambiental.com.ar\/info\/israel-ayudara-argentina-plantar-un-millon-de-arboles\/#primaryimage"},"thumbnailUrl":"https:\/\/patagoniambiental.com.ar\/info\/wp-content\/uploads\/2017\/07\/bergman.jpg","datePublished":"2017-07-31T22:00:54+00:00","breadcrumb":{"@id":"https:\/\/patagoniambiental.com.ar\/info\/israel-ayudara-argentina-plantar-un-millon-de-arboles\/#breadcrumb"},"inLanguage":"es","potentialAction":[{"@type":"ReadAction","target":["https:\/\/patagoniambiental.com.ar\/info\/israel-ayudara-argentina-plantar-un-millon-de-arboles\/"]}]},{"@type":"ImageObject","inLanguage":"es","@id":"https:\/\/patagoniambiental.com.ar\/info\/israel-ayudara-argentina-plantar-un-millon-de-arboles\/#primaryimage","url":"https:\/\/patagoniambiental.com.ar\/info\/wp-content\/uploads\/2017\/07\/bergman.jpg","contentUrl":"https:\/\/patagoniambiental.com.ar\/info\/wp-content\/uploads\/2017\/07\/bergman.jpg","width":380,"height":253},{"@type":"BreadcrumbList","@id":"https:\/\/patagoniambiental.com.ar\/info\/israel-ayudara-argentina-plantar-un-millon-de-arboles\/#breadcrumb","itemListElement":[{"@type":"ListItem","position":1,"name":"Inicio","item":"https:\/\/patagoniambiental.com.ar\/info\/"},{"@type":"ListItem","position":2,"name":"Israel ayudar\u00e1 argentina plantar un mill\u00f3n de \u00e1rboles"}]},{"@type":"WebSite","@id":"https:\/\/patagoniambiental.com.ar\/info\/#website","url":"https:\/\/patagoniambiental.com.ar\/info\/","name":"Patagonia Ambiental","description":"Monitoreo y an\u00e1lisis de la situaci\u00f3n geopol\u00edtica en el mundo y su implicancia en la Patagonia","publisher":{"@id":"https:\/\/patagoniambiental.com.ar\/info\/#organization"},"potentialAction":[{"@type":"SearchAction","target":{"@type":"EntryPoint","urlTemplate":"https:\/\/patagoniambiental.com.ar\/info\/?s={search_term_string}"},"query-input":{"@type":"PropertyValueSpecification","valueRequired":true,"valueName":"search_term_string"}}],"inLanguage":"es"},{"@type":"Organization","@id":"https:\/\/patagoniambiental.com.ar\/info\/#organization","name":"Patagonia Ambiental","url":"https:\/\/patagoniambiental.com.ar\/info\/","logo":{"@type":"ImageObject","inLanguage":"es","@id":"https:\/\/patagoniambiental.com.ar\/info\/#\/schema\/logo\/image\/","url":"https:\/\/patagoniambiental.com.ar\/info\/wp-content\/uploads\/2025\/05\/LOGO-PATAGONIA-AMBIENTAL.png","contentUrl":"https:\/\/patagoniambiental.com.ar\/info\/wp-content\/uploads\/2025\/05\/LOGO-PATAGONIA-AMBIENTAL.png","width":433,"height":250,"caption":"Patagonia Ambiental"},"image":{"@id":"https:\/\/patagoniambiental.com.ar\/info\/#\/schema\/logo\/image\/"},"sameAs":["https:\/\/www.facebook.com\/patagonia.ambiental","https:\/\/x.com\/PatAmb"]},{"@type":"Person","@id":"https:\/\/patagoniambiental.com.ar\/info\/#\/schema\/person\/db12bff64bbcbf6a253710bf0ea37b5d","name":"Patagonia Ambiental","description":"Andr\u00e9s Nievas T\u00e9cnico en manejo ambiental, consultor Ambiental y escritor para medios locales e internacionales sobre temas de geopolitica y medio ambiente.","sameAs":["http:\/\/www.patagoniambiental.com.ar","https:\/\/www.facebook.com\/share\/1C1V8Gv9BX\/?mibextid=qi2Omg","@patagoniambiental","https:\/\/youtube.com\/@patagoniaambiental2023?si=BLt58t0wuXquxlYZ"]}]}},"_links":{"self":[{"href":"https:\/\/patagoniambiental.com.ar\/info\/wp-json\/wp\/v2\/posts\/32508","targetHints":{"allow":["GET"]}}],"collection":[{"href":"https:\/\/patagoniambiental.com.ar\/info\/wp-json\/wp\/v2\/posts"}],"about":[{"href":"https:\/\/patagoniambiental.com.ar\/info\/wp-json\/wp\/v2\/types\/post"}],"author":[{"embeddable":true,"href":"https:\/\/patagoniambiental.com.ar\/info\/wp-json\/wp\/v2\/users\/2"}],"replies":[{"embeddable":true,"href":"https:\/\/patagoniambiental.com.ar\/info\/wp-json\/wp\/v2\/comments?post=32508"}],"version-history":[{"count":0,"href":"https:\/\/patagoniambiental.com.ar\/info\/wp-json\/wp\/v2\/posts\/32508\/revisions"}],"wp:featuredmedia":[{"embeddable":true,"href":"https:\/\/patagoniambiental.com.ar\/info\/wp-json\/wp\/v2\/media\/32350"}],"wp:attachment":[{"href":"https:\/\/patagoniambiental.com.ar\/info\/wp-json\/wp\/v2\/media?parent=32508"}],"wp:term":[{"taxonomy":"category","embeddable":true,"href":"https:\/\/patagoniambiental.com.ar\/info\/wp-json\/wp\/v2\/categories?post=32508"},{"taxonomy":"post_tag","embeddable":true,"href":"https:\/\/patagoniambiental.com.ar\/info\/wp-json\/wp\/v2\/tags?post=32508"}],"curies":[{"name":"wp","href":"https:\/\/api.w.org\/{rel}","templated":true}]}}