{"id":32509,"date":"2017-07-31T19:00:42","date_gmt":"2017-07-31T22:00:42","guid":{"rendered":"http:\/\/patagoniambiental.com.ar\/info\/?p=32509"},"modified":"2017-07-31T12:49:14","modified_gmt":"2017-07-31T15:49:14","slug":"hoy-realizaran-las-pericias-en-el-local-incendiado-por-peligro-de-derrumbe","status":"publish","type":"post","link":"https:\/\/patagoniambiental.com.ar\/info\/hoy-realizaran-las-pericias-en-el-local-incendiado-por-peligro-de-derrumbe\/","title":{"rendered":"Hoy realizar\u00e1n las pericias en el local incendiado por peligro de derrumbe"},"content":{"rendered":"<div>\n<header>Rio Gallegos.-En la ma\u00f1ana de ayer se origin\u00f3 un incendio en un local comercial dedicado a la venta de lubricantes.<\/p>\n<p><!--more--><\/p>\n<p>En el lugar trabajaron todas las unidades de bomberos, que tardaron alrededor de dos horas en sofocar el fuego. El lunes se realizar\u00e1n las pericias en el lugar para establecer las causas del siniestro que dej\u00f3 p\u00e9rdidas totales en el local y peligro de derrumbe.<\/p>\n<\/header>\n<\/div>\n<p>&nbsp;<\/p>\n<div class=\"clear\"><\/div>\n<div class=\"image\">\n<div class=\"fotonota1\">\n<div id=\"galeria_fotos136133\">\n<div id=\"photos_136133\" class=\"photos_all\">\n<div>\n<div id=\"jahl-newsitem136133\"><a title=\"El lunes realizar\u00e1n las pericias en el local incendiado por peligro de derrumbe\"><img decoding=\"async\" id=\"photos_136133_img\" class=\"bordefotonota1\" src=\"http:\/\/commondata.tiemposur.com.ar\/noticias\/2017\/07\/30\/136133_nota_\" alt=\"El lunes realizar\u00e1n las pericias en el local incendiado por peligro de derrumbe\" \/><span class=\"ampliar-foto\" title=\"Ampliar imagen\">\u00a0<\/span><\/a><\/p>\n<div class=\"photos_desc\"><span class=\"copete\">El fuego arras\u00f3 con el local comercial dedicado a la venta de lubricantes. En el lugar trabajaron todas las unidades de bomberos. (Fotos: C.R.)<\/span><\/div>\n<\/div>\n<\/div>\n<\/div>\n<\/div>\n<\/div>\n<\/div>\n<div class=\"clearfix popular\"><\/div>\n<div class=\"redes clearfix\">\n<div class=\"title\"><\/div>\n<div class=\"social\">\n<div class=\"social_large\">\n<div class=\"facebook_large\">Cerca de las 11:00 de ayer, el personal de la Seccional Segunda y de Bomberos fue requerido en un local comercial de calle Banciella, debido a que se estaba incendiando.<\/div>\n<\/div>\n<\/div>\n<\/div>\n<div class=\"XXtextoNota clearfix\">\n<div align=\"justify\">\n<p>Cuando los bomberos llegaron, r\u00e1pidamente comenzaron a sofocar el fuego que crec\u00eda a pasos agigantados, no solo por los materiales que hab\u00eda en el local sino tambi\u00e9n por el fuerte viento que hab\u00eda en esa hora, por lo que se solicit\u00f3 la colaboraci\u00f3n de las dem\u00e1s unidades para que colaboren.<br \/>\nEn el lugar trabajaron el Cuartel Central de Bomberos y las Unidades Primera y Segunda, quienes ni bien llegaron tambi\u00e9n comenzaron a sofocar el foco \u00edgneo.<br \/>\nEn el lugar tambi\u00e9n se hizo presente Servicios P\u00fablicos Sociedad del Estado para cortar la luz y corroborar la situaci\u00f3n, ya que los cables se estaban quemando. Personal del Hospital Regional de R\u00edo Gallegos se acerc\u00f3 ante cualquier eventualidad.<br \/>\nEste medio pudo saber que el personal de bomberos habr\u00eda tardado cerca de dos horas en sofocar el fuego, para luego comenzar con el enfriamiento del lugar.<br \/>\nTiempoSur dialog\u00f3 con el Comisario Inspector Robert Walter Jones, Director General de Siniestros y Medio Ambiente, quien cont\u00f3 que el fuego fue generalizado y las p\u00e9rdidas fueron totales. Adem\u00e1s explic\u00f3 que ma\u00f1ana realizar\u00e1n las pericias junto al Subcomisario Ingeniero Bothin. \u201cLo que sucede es que debemos sacar los restos cuidadosamente debido a que hay peligro de colapso de la mamposter\u00eda y la estructura\u201d, explic\u00f3, a la vez que agreg\u00f3: \u201cVamos a retirar la estructura no portante met\u00e1lica y despu\u00e9s analizaremos c\u00f3mo est\u00e1 todo, sabemos que debemos demoler una pared\u201d.<br \/>\nEn cuanto al trabajo que realizaron posteriormente de sofocado el fuego, explic\u00f3 que se fijaron que las chapas no corran peligro de voladura y adem\u00e1s se realiz\u00f3 un tapiado en el frente para prevenir que ingrese alguna persona.<br \/>\nM\u00e1s adelante se le consult\u00f3 c\u00f3mo fue el trabajo que realizaron para sofocar el fuego, a lo que Jones cont\u00f3: \u201cTrajimos la escalera para hacer sofocaci\u00f3n con agua tipo lluvia pulverizada, la que absorbe m\u00e1s la temperatura\u201d y a\u00f1adi\u00f3: \u201cTambi\u00e9n se utiliz\u00f3 espuma para aplacar y luego se usaron extintores y refrigeraci\u00f3n\u201d.<br \/>\nA la vez que manifest\u00f3 que la parte del fondo del local tiene peligro de colapso y era de dif\u00edcil acceso y hab\u00eda mucha temperatura. Por \u00faltimo reiter\u00f3 que las causas se conocer\u00e1n una vez que finalice el peritaje.<\/p>\n<p>Fuente: Tiempo Sur<\/p>\n<\/div>\n<\/div>\n","protected":false},"excerpt":{"rendered":"<p>Rio Gallegos.-En la ma\u00f1ana de ayer se origin\u00f3 un incendio en un local comercial dedicado a la venta de lubricantes.<\/p>\n","protected":false},"author":2,"featured_media":32512,"comment_status":"open","ping_status":"open","sticky":false,"template":"","format":"standard","meta":{"site-sidebar-layout":"default","site-content-layout":"","ast-site-content-layout":"default","site-content-style":"default","site-sidebar-style":"default","ast-global-header-display":"","ast-banner-title-visibility":"","ast-main-header-display":"","ast-hfb-above-header-display":"","ast-hfb-below-header-display":"","ast-hfb-mobile-header-display":"","site-post-title":"","ast-breadcrumbs-content":"","ast-featured-img":"","footer-sml-layout":"","ast-disable-related-posts":"","theme-transparent-header-meta":"","adv-header-id-meta":"","stick-header-meta":"","header-above-stick-meta":"","header-main-stick-meta":"","header-below-stick-meta":"","astra-migrate-meta-layouts":"default","ast-page-background-enabled":"default","ast-page-background-meta":{"desktop":{"background-color":"var(--ast-global-color-5)","background-image":"","background-repeat":"repeat","background-position":"center center","background-size":"auto","background-attachment":"scroll","background-type":"","background-media":"","overlay-type":"","overlay-color":"","overlay-opacity":"","overlay-gradient":""},"tablet":{"background-color":"","background-image":"","background-repeat":"repeat","background-position":"center center","background-size":"auto","background-attachment":"scroll","background-type":"","background-media":"","overlay-type":"","overlay-color":"","overlay-opacity":"","overlay-gradient":""},"mobile":{"background-color":"","background-image":"","background-repeat":"repeat","background-position":"center center","background-size":"auto","background-attachment":"scroll","background-type":"","background-media":"","overlay-type":"","overlay-color":"","overlay-opacity":"","overlay-gradient":""}},"ast-content-background-meta":{"desktop":{"background-color":"var(--ast-global-color-4)","background-image":"","background-repeat":"repeat","background-position":"center center","background-size":"auto","background-attachment":"scroll","background-type":"","background-media":"","overlay-type":"","overlay-color":"","overlay-opacity":"","overlay-gradient":""},"tablet":{"background-color":"var(--ast-global-color-4)","background-image":"","background-repeat":"repeat","background-position":"center center","background-size":"auto","background-attachment":"scroll","background-type":"","background-media":"","overlay-type":"","overlay-color":"","overlay-opacity":"","overlay-gradient":""},"mobile":{"background-color":"var(--ast-global-color-4)","background-image":"","background-repeat":"repeat","background-position":"center center","background-size":"auto","background-attachment":"scroll","background-type":"","background-media":"","overlay-type":"","overlay-color":"","overlay-opacity":"","overlay-gradient":""}},"footnotes":""},"categories":[16,1],"tags":[],"class_list":["post-32509","post","type-post","status-publish","format-standard","has-post-thumbnail","hentry","category-municipales","category-noticias"],"yoast_head":"<!-- This site is optimized with the Yoast SEO Premium plugin v23.0 (Yoast SEO v27.4) - https:\/\/yoast.com\/product\/yoast-seo-premium-wordpress\/ -->\n<title>Hoy realizar\u00e1n las pericias en el local incendiado por peligro de derrumbe<\/title>\n<meta name=\"robots\" content=\"index, follow, max-snippet:-1, max-image-preview:large, max-video-preview:-1\" \/>\n<link rel=\"canonical\" href=\"https:\/\/patagoniambiental.com.ar\/info\/hoy-realizaran-las-pericias-en-el-local-incendiado-por-peligro-de-derrumbe\/\" \/>\n<meta property=\"og:locale\" content=\"es_ES\" \/>\n<meta property=\"og:type\" content=\"article\" \/>\n<meta property=\"og:title\" content=\"Hoy realizar\u00e1n las pericias en el local incendiado por peligro de derrumbe\" \/>\n<meta property=\"og:description\" content=\"Rio Gallegos.-En la ma\u00f1ana de ayer se origin\u00f3 un incendio en un local comercial dedicado a la venta de lubricantes.\" \/>\n<meta property=\"og:url\" content=\"https:\/\/patagoniambiental.com.ar\/info\/hoy-realizaran-las-pericias-en-el-local-incendiado-por-peligro-de-derrumbe\/\" \/>\n<meta property=\"og:site_name\" content=\"Patagonia Ambiental\" \/>\n<meta property=\"article:publisher\" content=\"https:\/\/www.facebook.com\/patagonia.ambiental\" \/>\n<meta property=\"article:author\" content=\"https:\/\/www.facebook.com\/share\/1C1V8Gv9BX\/?mibextid=qi2Omg\" \/>\n<meta property=\"article:published_time\" content=\"2017-07-31T22:00:42+00:00\" \/>\n<meta property=\"og:image\" content=\"https:\/\/patagoniambiental.com.ar\/info\/wp-content\/uploads\/2017\/07\/Sin-t\u00edtulo-8.png\" \/>\n\t<meta property=\"og:image:width\" content=\"708\" \/>\n\t<meta property=\"og:image:height\" content=\"448\" \/>\n\t<meta property=\"og:image:type\" content=\"image\/png\" \/>\n<meta name=\"author\" content=\"Patagonia Ambiental\" \/>\n<meta name=\"twitter:card\" content=\"summary_large_image\" \/>\n<meta name=\"twitter:creator\" content=\"@PatAmb\" \/>\n<meta name=\"twitter:site\" content=\"@PatAmb\" \/>\n<script type=\"application\/ld+json\" class=\"yoast-schema-graph\">{\"@context\":\"https:\\\/\\\/schema.org\",\"@graph\":[{\"@type\":\"Article\",\"@id\":\"https:\\\/\\\/patagoniambiental.com.ar\\\/info\\\/hoy-realizaran-las-pericias-en-el-local-incendiado-por-peligro-de-derrumbe\\\/#article\",\"isPartOf\":{\"@id\":\"https:\\\/\\\/patagoniambiental.com.ar\\\/info\\\/hoy-realizaran-las-pericias-en-el-local-incendiado-por-peligro-de-derrumbe\\\/\"},\"author\":{\"name\":\"Patagonia Ambiental\",\"@id\":\"https:\\\/\\\/patagoniambiental.com.ar\\\/info\\\/#\\\/schema\\\/person\\\/db12bff64bbcbf6a253710bf0ea37b5d\"},\"headline\":\"Hoy realizar\u00e1n las pericias en el local incendiado por peligro de derrumbe\",\"datePublished\":\"2017-07-31T22:00:42+00:00\",\"mainEntityOfPage\":{\"@id\":\"https:\\\/\\\/patagoniambiental.com.ar\\\/info\\\/hoy-realizaran-las-pericias-en-el-local-incendiado-por-peligro-de-derrumbe\\\/\"},\"wordCount\":532,\"commentCount\":0,\"publisher\":{\"@id\":\"https:\\\/\\\/patagoniambiental.com.ar\\\/info\\\/#organization\"},\"image\":{\"@id\":\"https:\\\/\\\/patagoniambiental.com.ar\\\/info\\\/hoy-realizaran-las-pericias-en-el-local-incendiado-por-peligro-de-derrumbe\\\/#primaryimage\"},\"thumbnailUrl\":\"https:\\\/\\\/patagoniambiental.com.ar\\\/info\\\/wp-content\\\/uploads\\\/2017\\\/07\\\/Sin-t\u00edtulo-8.png\",\"articleSection\":[\"Municipales\",\"Noticias\"],\"inLanguage\":\"es\",\"potentialAction\":[{\"@type\":\"CommentAction\",\"name\":\"Comment\",\"target\":[\"https:\\\/\\\/patagoniambiental.com.ar\\\/info\\\/hoy-realizaran-las-pericias-en-el-local-incendiado-por-peligro-de-derrumbe\\\/#respond\"]}]},{\"@type\":\"WebPage\",\"@id\":\"https:\\\/\\\/patagoniambiental.com.ar\\\/info\\\/hoy-realizaran-las-pericias-en-el-local-incendiado-por-peligro-de-derrumbe\\\/\",\"url\":\"https:\\\/\\\/patagoniambiental.com.ar\\\/info\\\/hoy-realizaran-las-pericias-en-el-local-incendiado-por-peligro-de-derrumbe\\\/\",\"name\":\"Hoy realizar\u00e1n las pericias en el local incendiado por peligro de derrumbe\",\"isPartOf\":{\"@id\":\"https:\\\/\\\/patagoniambiental.com.ar\\\/info\\\/#website\"},\"primaryImageOfPage\":{\"@id\":\"https:\\\/\\\/patagoniambiental.com.ar\\\/info\\\/hoy-realizaran-las-pericias-en-el-local-incendiado-por-peligro-de-derrumbe\\\/#primaryimage\"},\"image\":{\"@id\":\"https:\\\/\\\/patagoniambiental.com.ar\\\/info\\\/hoy-realizaran-las-pericias-en-el-local-incendiado-por-peligro-de-derrumbe\\\/#primaryimage\"},\"thumbnailUrl\":\"https:\\\/\\\/patagoniambiental.com.ar\\\/info\\\/wp-content\\\/uploads\\\/2017\\\/07\\\/Sin-t\u00edtulo-8.png\",\"datePublished\":\"2017-07-31T22:00:42+00:00\",\"breadcrumb\":{\"@id\":\"https:\\\/\\\/patagoniambiental.com.ar\\\/info\\\/hoy-realizaran-las-pericias-en-el-local-incendiado-por-peligro-de-derrumbe\\\/#breadcrumb\"},\"inLanguage\":\"es\",\"potentialAction\":[{\"@type\":\"ReadAction\",\"target\":[\"https:\\\/\\\/patagoniambiental.com.ar\\\/info\\\/hoy-realizaran-las-pericias-en-el-local-incendiado-por-peligro-de-derrumbe\\\/\"]}]},{\"@type\":\"ImageObject\",\"inLanguage\":\"es\",\"@id\":\"https:\\\/\\\/patagoniambiental.com.ar\\\/info\\\/hoy-realizaran-las-pericias-en-el-local-incendiado-por-peligro-de-derrumbe\\\/#primaryimage\",\"url\":\"https:\\\/\\\/patagoniambiental.com.ar\\\/info\\\/wp-content\\\/uploads\\\/2017\\\/07\\\/Sin-t\u00edtulo-8.png\",\"contentUrl\":\"https:\\\/\\\/patagoniambiental.com.ar\\\/info\\\/wp-content\\\/uploads\\\/2017\\\/07\\\/Sin-t\u00edtulo-8.png\",\"width\":708,\"height\":448},{\"@type\":\"BreadcrumbList\",\"@id\":\"https:\\\/\\\/patagoniambiental.com.ar\\\/info\\\/hoy-realizaran-las-pericias-en-el-local-incendiado-por-peligro-de-derrumbe\\\/#breadcrumb\",\"itemListElement\":[{\"@type\":\"ListItem\",\"position\":1,\"name\":\"Inicio\",\"item\":\"https:\\\/\\\/patagoniambiental.com.ar\\\/info\\\/\"},{\"@type\":\"ListItem\",\"position\":2,\"name\":\"Hoy realizar\u00e1n las pericias en el local incendiado por peligro de derrumbe\"}]},{\"@type\":\"WebSite\",\"@id\":\"https:\\\/\\\/patagoniambiental.com.ar\\\/info\\\/#website\",\"url\":\"https:\\\/\\\/patagoniambiental.com.ar\\\/info\\\/\",\"name\":\"Patagonia Ambiental\",\"description\":\"Monitoreo y an\u00e1lisis de la situaci\u00f3n geopol\u00edtica en el mundo y su implicancia en la Patagonia\",\"publisher\":{\"@id\":\"https:\\\/\\\/patagoniambiental.com.ar\\\/info\\\/#organization\"},\"potentialAction\":[{\"@type\":\"SearchAction\",\"target\":{\"@type\":\"EntryPoint\",\"urlTemplate\":\"https:\\\/\\\/patagoniambiental.com.ar\\\/info\\\/?s={search_term_string}\"},\"query-input\":{\"@type\":\"PropertyValueSpecification\",\"valueRequired\":true,\"valueName\":\"search_term_string\"}}],\"inLanguage\":\"es\"},{\"@type\":\"Organization\",\"@id\":\"https:\\\/\\\/patagoniambiental.com.ar\\\/info\\\/#organization\",\"name\":\"Patagonia Ambiental\",\"url\":\"https:\\\/\\\/patagoniambiental.com.ar\\\/info\\\/\",\"logo\":{\"@type\":\"ImageObject\",\"inLanguage\":\"es\",\"@id\":\"https:\\\/\\\/patagoniambiental.com.ar\\\/info\\\/#\\\/schema\\\/logo\\\/image\\\/\",\"url\":\"https:\\\/\\\/patagoniambiental.com.ar\\\/info\\\/wp-content\\\/uploads\\\/2025\\\/05\\\/LOGO-PATAGONIA-AMBIENTAL.png\",\"contentUrl\":\"https:\\\/\\\/patagoniambiental.com.ar\\\/info\\\/wp-content\\\/uploads\\\/2025\\\/05\\\/LOGO-PATAGONIA-AMBIENTAL.png\",\"width\":433,\"height\":250,\"caption\":\"Patagonia Ambiental\"},\"image\":{\"@id\":\"https:\\\/\\\/patagoniambiental.com.ar\\\/info\\\/#\\\/schema\\\/logo\\\/image\\\/\"},\"sameAs\":[\"https:\\\/\\\/www.facebook.com\\\/patagonia.ambiental\",\"https:\\\/\\\/x.com\\\/PatAmb\"]},{\"@type\":\"Person\",\"@id\":\"https:\\\/\\\/patagoniambiental.com.ar\\\/info\\\/#\\\/schema\\\/person\\\/db12bff64bbcbf6a253710bf0ea37b5d\",\"name\":\"Patagonia Ambiental\",\"description\":\"Andr\u00e9s Nievas T\u00e9cnico en manejo ambiental, consultor Ambiental y escritor para medios locales e internacionales sobre temas de geopolitica y medio ambiente.\",\"sameAs\":[\"http:\\\/\\\/www.patagoniambiental.com.ar\",\"https:\\\/\\\/www.facebook.com\\\/share\\\/1C1V8Gv9BX\\\/?mibextid=qi2Omg\",\"@patagoniambiental\",\"https:\\\/\\\/youtube.com\\\/@patagoniaambiental2023?si=BLt58t0wuXquxlYZ\"]}]}<\/script>\n<!-- \/ Yoast SEO Premium plugin. -->","yoast_head_json":{"title":"Hoy realizar\u00e1n las pericias en el local incendiado por peligro de derrumbe","robots":{"index":"index","follow":"follow","max-snippet":"max-snippet:-1","max-image-preview":"max-image-preview:large","max-video-preview":"max-video-preview:-1"},"canonical":"https:\/\/patagoniambiental.com.ar\/info\/hoy-realizaran-las-pericias-en-el-local-incendiado-por-peligro-de-derrumbe\/","og_locale":"es_ES","og_type":"article","og_title":"Hoy realizar\u00e1n las pericias en el local incendiado por peligro de derrumbe","og_description":"Rio Gallegos.-En la ma\u00f1ana de ayer se origin\u00f3 un incendio en un local comercial dedicado a la venta de lubricantes.","og_url":"https:\/\/patagoniambiental.com.ar\/info\/hoy-realizaran-las-pericias-en-el-local-incendiado-por-peligro-de-derrumbe\/","og_site_name":"Patagonia Ambiental","article_publisher":"https:\/\/www.facebook.com\/patagonia.ambiental","article_author":"https:\/\/www.facebook.com\/share\/1C1V8Gv9BX\/?mibextid=qi2Omg","article_published_time":"2017-07-31T22:00:42+00:00","og_image":[{"width":708,"height":448,"url":"https:\/\/patagoniambiental.com.ar\/info\/wp-content\/uploads\/2017\/07\/Sin-t\u00edtulo-8.png","type":"image\/png"}],"author":"Patagonia Ambiental","twitter_card":"summary_large_image","twitter_creator":"@PatAmb","twitter_site":"@PatAmb","schema":{"@context":"https:\/\/schema.org","@graph":[{"@type":"Article","@id":"https:\/\/patagoniambiental.com.ar\/info\/hoy-realizaran-las-pericias-en-el-local-incendiado-por-peligro-de-derrumbe\/#article","isPartOf":{"@id":"https:\/\/patagoniambiental.com.ar\/info\/hoy-realizaran-las-pericias-en-el-local-incendiado-por-peligro-de-derrumbe\/"},"author":{"name":"Patagonia Ambiental","@id":"https:\/\/patagoniambiental.com.ar\/info\/#\/schema\/person\/db12bff64bbcbf6a253710bf0ea37b5d"},"headline":"Hoy realizar\u00e1n las pericias en el local incendiado por peligro de derrumbe","datePublished":"2017-07-31T22:00:42+00:00","mainEntityOfPage":{"@id":"https:\/\/patagoniambiental.com.ar\/info\/hoy-realizaran-las-pericias-en-el-local-incendiado-por-peligro-de-derrumbe\/"},"wordCount":532,"commentCount":0,"publisher":{"@id":"https:\/\/patagoniambiental.com.ar\/info\/#organization"},"image":{"@id":"https:\/\/patagoniambiental.com.ar\/info\/hoy-realizaran-las-pericias-en-el-local-incendiado-por-peligro-de-derrumbe\/#primaryimage"},"thumbnailUrl":"https:\/\/patagoniambiental.com.ar\/info\/wp-content\/uploads\/2017\/07\/Sin-t\u00edtulo-8.png","articleSection":["Municipales","Noticias"],"inLanguage":"es","potentialAction":[{"@type":"CommentAction","name":"Comment","target":["https:\/\/patagoniambiental.com.ar\/info\/hoy-realizaran-las-pericias-en-el-local-incendiado-por-peligro-de-derrumbe\/#respond"]}]},{"@type":"WebPage","@id":"https:\/\/patagoniambiental.com.ar\/info\/hoy-realizaran-las-pericias-en-el-local-incendiado-por-peligro-de-derrumbe\/","url":"https:\/\/patagoniambiental.com.ar\/info\/hoy-realizaran-las-pericias-en-el-local-incendiado-por-peligro-de-derrumbe\/","name":"Hoy realizar\u00e1n las pericias en el local incendiado por peligro de derrumbe","isPartOf":{"@id":"https:\/\/patagoniambiental.com.ar\/info\/#website"},"primaryImageOfPage":{"@id":"https:\/\/patagoniambiental.com.ar\/info\/hoy-realizaran-las-pericias-en-el-local-incendiado-por-peligro-de-derrumbe\/#primaryimage"},"image":{"@id":"https:\/\/patagoniambiental.com.ar\/info\/hoy-realizaran-las-pericias-en-el-local-incendiado-por-peligro-de-derrumbe\/#primaryimage"},"thumbnailUrl":"https:\/\/patagoniambiental.com.ar\/info\/wp-content\/uploads\/2017\/07\/Sin-t\u00edtulo-8.png","datePublished":"2017-07-31T22:00:42+00:00","breadcrumb":{"@id":"https:\/\/patagoniambiental.com.ar\/info\/hoy-realizaran-las-pericias-en-el-local-incendiado-por-peligro-de-derrumbe\/#breadcrumb"},"inLanguage":"es","potentialAction":[{"@type":"ReadAction","target":["https:\/\/patagoniambiental.com.ar\/info\/hoy-realizaran-las-pericias-en-el-local-incendiado-por-peligro-de-derrumbe\/"]}]},{"@type":"ImageObject","inLanguage":"es","@id":"https:\/\/patagoniambiental.com.ar\/info\/hoy-realizaran-las-pericias-en-el-local-incendiado-por-peligro-de-derrumbe\/#primaryimage","url":"https:\/\/patagoniambiental.com.ar\/info\/wp-content\/uploads\/2017\/07\/Sin-t\u00edtulo-8.png","contentUrl":"https:\/\/patagoniambiental.com.ar\/info\/wp-content\/uploads\/2017\/07\/Sin-t\u00edtulo-8.png","width":708,"height":448},{"@type":"BreadcrumbList","@id":"https:\/\/patagoniambiental.com.ar\/info\/hoy-realizaran-las-pericias-en-el-local-incendiado-por-peligro-de-derrumbe\/#breadcrumb","itemListElement":[{"@type":"ListItem","position":1,"name":"Inicio","item":"https:\/\/patagoniambiental.com.ar\/info\/"},{"@type":"ListItem","position":2,"name":"Hoy realizar\u00e1n las pericias en el local incendiado por peligro de derrumbe"}]},{"@type":"WebSite","@id":"https:\/\/patagoniambiental.com.ar\/info\/#website","url":"https:\/\/patagoniambiental.com.ar\/info\/","name":"Patagonia Ambiental","description":"Monitoreo y an\u00e1lisis de la situaci\u00f3n geopol\u00edtica en el mundo y su implicancia en la Patagonia","publisher":{"@id":"https:\/\/patagoniambiental.com.ar\/info\/#organization"},"potentialAction":[{"@type":"SearchAction","target":{"@type":"EntryPoint","urlTemplate":"https:\/\/patagoniambiental.com.ar\/info\/?s={search_term_string}"},"query-input":{"@type":"PropertyValueSpecification","valueRequired":true,"valueName":"search_term_string"}}],"inLanguage":"es"},{"@type":"Organization","@id":"https:\/\/patagoniambiental.com.ar\/info\/#organization","name":"Patagonia Ambiental","url":"https:\/\/patagoniambiental.com.ar\/info\/","logo":{"@type":"ImageObject","inLanguage":"es","@id":"https:\/\/patagoniambiental.com.ar\/info\/#\/schema\/logo\/image\/","url":"https:\/\/patagoniambiental.com.ar\/info\/wp-content\/uploads\/2025\/05\/LOGO-PATAGONIA-AMBIENTAL.png","contentUrl":"https:\/\/patagoniambiental.com.ar\/info\/wp-content\/uploads\/2025\/05\/LOGO-PATAGONIA-AMBIENTAL.png","width":433,"height":250,"caption":"Patagonia Ambiental"},"image":{"@id":"https:\/\/patagoniambiental.com.ar\/info\/#\/schema\/logo\/image\/"},"sameAs":["https:\/\/www.facebook.com\/patagonia.ambiental","https:\/\/x.com\/PatAmb"]},{"@type":"Person","@id":"https:\/\/patagoniambiental.com.ar\/info\/#\/schema\/person\/db12bff64bbcbf6a253710bf0ea37b5d","name":"Patagonia Ambiental","description":"Andr\u00e9s Nievas T\u00e9cnico en manejo ambiental, consultor Ambiental y escritor para medios locales e internacionales sobre temas de geopolitica y medio ambiente.","sameAs":["http:\/\/www.patagoniambiental.com.ar","https:\/\/www.facebook.com\/share\/1C1V8Gv9BX\/?mibextid=qi2Omg","@patagoniambiental","https:\/\/youtube.com\/@patagoniaambiental2023?si=BLt58t0wuXquxlYZ"]}]}},"_links":{"self":[{"href":"https:\/\/patagoniambiental.com.ar\/info\/wp-json\/wp\/v2\/posts\/32509","targetHints":{"allow":["GET"]}}],"collection":[{"href":"https:\/\/patagoniambiental.com.ar\/info\/wp-json\/wp\/v2\/posts"}],"about":[{"href":"https:\/\/patagoniambiental.com.ar\/info\/wp-json\/wp\/v2\/types\/post"}],"author":[{"embeddable":true,"href":"https:\/\/patagoniambiental.com.ar\/info\/wp-json\/wp\/v2\/users\/2"}],"replies":[{"embeddable":true,"href":"https:\/\/patagoniambiental.com.ar\/info\/wp-json\/wp\/v2\/comments?post=32509"}],"version-history":[{"count":0,"href":"https:\/\/patagoniambiental.com.ar\/info\/wp-json\/wp\/v2\/posts\/32509\/revisions"}],"wp:featuredmedia":[{"embeddable":true,"href":"https:\/\/patagoniambiental.com.ar\/info\/wp-json\/wp\/v2\/media\/32512"}],"wp:attachment":[{"href":"https:\/\/patagoniambiental.com.ar\/info\/wp-json\/wp\/v2\/media?parent=32509"}],"wp:term":[{"taxonomy":"category","embeddable":true,"href":"https:\/\/patagoniambiental.com.ar\/info\/wp-json\/wp\/v2\/categories?post=32509"},{"taxonomy":"post_tag","embeddable":true,"href":"https:\/\/patagoniambiental.com.ar\/info\/wp-json\/wp\/v2\/tags?post=32509"}],"curies":[{"name":"wp","href":"https:\/\/api.w.org\/{rel}","templated":true}]}}