{"id":32521,"date":"2017-07-31T19:00:09","date_gmt":"2017-07-31T22:00:09","guid":{"rendered":"http:\/\/patagoniambiental.com.ar\/info\/?p=32521"},"modified":"2017-07-31T13:07:10","modified_gmt":"2017-07-31T16:07:10","slug":"queman-iglesia-en-chile-y-piden-liberar-presos-mapuches","status":"publish","type":"post","link":"https:\/\/patagoniambiental.com.ar\/info\/queman-iglesia-en-chile-y-piden-liberar-presos-mapuches\/","title":{"rendered":"Queman iglesia en Chile y piden liberar presos mapuches"},"content":{"rendered":"<div class=\"entry-header\">\n<p class=\"entry-subtitle\">La Araucan\u00eda.-El atentado se registr\u00f3 el martes por la noche en las cercan\u00edas de Vilc\u00fan, 690 kil\u00f3metros al sur de Santiago, en la regi\u00f3n de La Araucan\u00eda.<\/p>\n<\/div>\n<p><!--more--><\/p>\n<div class=\"entry-content\">\n<div class=\"entry-body\">\n<aside class=\"body-sidebar\">\n<div class=\"entry-author\"><a title=\"El Debate\" href=\"https:\/\/www.debate.com.mx\/staff\/eldebate\"><img decoding=\"async\" src=\"https:\/\/www.debate.com.mx\/export\/sites\/debate\/usuarios\/img\/debate.png_172661436.png\" alt=\"El Debate\" width=\"46\" height=\"46\" \/><\/a>Por:<span class=\"author-name\">El Debate<\/span><\/div>\n<div class=\"entry-share\"><\/div>\n<\/aside>\n<p class=\"selectionShareable\">Santiago de Chile (AP).- Un templo evang\u00e9lico ardi\u00f3 en Chile tras un atentado cuya responsabilidad fue admitida por un grupo ind\u00edgena violentista que exige la liberaci\u00f3n de los que denominan \u00abpresos pol\u00edticos mapuches\u00bb, inform\u00f3 el mi\u00e9rcoles el fiscal Felipe Gonz\u00e1lez.<\/p>\n<p class=\"selectionShareable\">Gonz\u00e1lez precis\u00f3 que el ataque se lo adjudic\u00f3 Weichan Auka Mapu, grupo que empez\u00f3 a actuar en 2016, y que junto a la Coordinadora Arauco-Mapuche desarrolla acciones violentas para exigir la devoluci\u00f3n de las tierras de sus antepasados.<\/p>\n<div id=\"adg_main\"><\/div>\n<div>\n<figure class=\"image\"><img decoding=\"async\" title=\"\" src=\"https:\/\/www.debate.com.mx\/export\/sites\/debate\/img\/2017\/07\/26\/ecosla.jpg_517883194.jpg\" alt=\"\" hspace=\"5\" vspace=\"5\" data-height=\"530\" data-size=\"w:660,h:350\" data-width=\"1000\" \/><figcaption>Foto: ecos.la<\/figcaption><\/figure>\n<\/div>\n<p class=\"selectionShareable\">El atentado se registr\u00f3 el martes por la noche en las cercan\u00edas de Vilc\u00fan, 690 kil\u00f3metros al sur de Santiago, en la regi\u00f3n de La Araucan\u00eda, donde desconocidos han quemado alrededor de medio centenar de templos cat\u00f3licos y evang\u00e9licos con las mismas demandas: liberaci\u00f3n de ind\u00edgenas presos y restituci\u00f3n de tierras ancestrales.<\/p>\n<p class=\"selectionShareable\">Grupos desconocidos peri\u00f3dicamente queman camiones, maquinaria agr\u00edcola, camionetas, sectores peque\u00f1os de aserraderos e iglesias y torres de alta tensi\u00f3n en una regi\u00f3n militarizada por el gobierno de la presidenta Michelle Bachelet.<\/p>\n<div>\n<figure class=\"image\"><img decoding=\"async\" title=\"\" src=\"https:\/\/www.debate.com.mx\/export\/sites\/debate\/img\/2017\/07\/16\/mapuche1.jpg_1497738975.jpg\" alt=\"\" hspace=\"5\" vspace=\"5\" data-height=\"667\" data-size=\"w:833,h:556\" data-width=\"1000\" \/><figcaption><\/figcaption><\/figure>\n<\/div>\n<p class=\"selectionShareable\">En la zona es constante la represi\u00f3n de efectivos antimotines que en una de sus \u00faltimas actuaciones incluso lanzaron bombas lacrim\u00f3genas al interior de una guarder\u00eda de infantes.<\/p>\n<div id=\"hybs-slot-d85d0f4d\" class=\"hybs-slot\"><\/div>\n<p class=\"selectionShareable\">Los distintos gobiernos a partir del retorno de la democracia, en 1990, reconocen la deuda del Estado chileno con la etnia mapuche, la mayor de los grupos ind\u00edgenas con cerca de un mill\u00f3n de personas.<\/p>\n<div>\n<figure class=\"image\"><img decoding=\"async\" title=\"\" src=\"https:\/\/www.debate.com.mx\/export\/sites\/debate\/img\/2017\/07\/26\/servindiorg.jpg_1944818438.jpg\" alt=\"\" hspace=\"5\" vspace=\"5\" data-height=\"750\" data-size=\"w:500,h:375\" data-width=\"1000\" \/><figcaption>Foto: Servindi.org<\/figcaption><\/figure>\n<\/div>\n<p class=\"selectionShareable\">Los mapuches de La Araucan\u00eda viven en medio de la pobreza, en m\u00e1s de dos\u00a0mil\u00a0comunidades, aunque el gobierno estima que la minor\u00eda son las responsables de los atentados.<\/p>\n<p class=\"selectionShareable\">Los mapuches habitaban lo que hoy es Chile a la llegada de los espa\u00f1oles a Am\u00e9rica en el siglo XV y destacan porque se resistieron al dominio de los conquistadores por tres siglos, hasta que el Estado chileno los arrincon\u00f3 al sur del pa\u00eds y particulares y extranjeros se apropiaron de sus terrenos.<\/p>\n<p>Fuente:\u00a0https:\/\/www.debate.com.mx\/mundo\/Queman-iglesia-y-piden-liberar-presos-mapuches-20170726-0180.html<\/p>\n<div><\/div>\n<\/div>\n<\/div>\n","protected":false},"excerpt":{"rendered":"<p>La Araucan\u00eda.-El atentado se registr\u00f3 el martes por la noche en las cercan\u00edas de Vilc\u00fan, 690 kil\u00f3metros al sur de [&hellip;]<\/p>\n","protected":false},"author":2,"featured_media":32522,"comment_status":"open","ping_status":"open","sticky":false,"template":"","format":"standard","meta":{"site-sidebar-layout":"default","site-content-layout":"","ast-site-content-layout":"default","site-content-style":"default","site-sidebar-style":"default","ast-global-header-display":"","ast-banner-title-visibility":"","ast-main-header-display":"","ast-hfb-above-header-display":"","ast-hfb-below-header-display":"","ast-hfb-mobile-header-display":"","site-post-title":"","ast-breadcrumbs-content":"","ast-featured-img":"","footer-sml-layout":"","ast-disable-related-posts":"","theme-transparent-header-meta":"","adv-header-id-meta":"","stick-header-meta":"","header-above-stick-meta":"","header-main-stick-meta":"","header-below-stick-meta":"","astra-migrate-meta-layouts":"default","ast-page-background-enabled":"default","ast-page-background-meta":{"desktop":{"background-color":"var(--ast-global-color-5)","background-image":"","background-repeat":"repeat","background-position":"center center","background-size":"auto","background-attachment":"scroll","background-type":"","background-media":"","overlay-type":"","overlay-color":"","overlay-opacity":"","overlay-gradient":""},"tablet":{"background-color":"","background-image":"","background-repeat":"repeat","background-position":"center center","background-size":"auto","background-attachment":"scroll","background-type":"","background-media":"","overlay-type":"","overlay-color":"","overlay-opacity":"","overlay-gradient":""},"mobile":{"background-color":"","background-image":"","background-repeat":"repeat","background-position":"center center","background-size":"auto","background-attachment":"scroll","background-type":"","background-media":"","overlay-type":"","overlay-color":"","overlay-opacity":"","overlay-gradient":""}},"ast-content-background-meta":{"desktop":{"background-color":"var(--ast-global-color-4)","background-image":"","background-repeat":"repeat","background-position":"center center","background-size":"auto","background-attachment":"scroll","background-type":"","background-media":"","overlay-type":"","overlay-color":"","overlay-opacity":"","overlay-gradient":""},"tablet":{"background-color":"var(--ast-global-color-4)","background-image":"","background-repeat":"repeat","background-position":"center center","background-size":"auto","background-attachment":"scroll","background-type":"","background-media":"","overlay-type":"","overlay-color":"","overlay-opacity":"","overlay-gradient":""},"mobile":{"background-color":"var(--ast-global-color-4)","background-image":"","background-repeat":"repeat","background-position":"center center","background-size":"auto","background-attachment":"scroll","background-type":"","background-media":"","overlay-type":"","overlay-color":"","overlay-opacity":"","overlay-gradient":""}},"footnotes":""},"categories":[23,1],"tags":[],"class_list":["post-32521","post","type-post","status-publish","format-standard","has-post-thumbnail","hentry","category-internacionales","category-noticias"],"yoast_head":"<!-- This site is optimized with the Yoast SEO Premium plugin v23.0 (Yoast SEO v27.4) - https:\/\/yoast.com\/product\/yoast-seo-premium-wordpress\/ -->\n<title>Queman iglesia en Chile y piden liberar presos mapuches<\/title>\n<meta name=\"robots\" content=\"index, follow, max-snippet:-1, max-image-preview:large, max-video-preview:-1\" \/>\n<link rel=\"canonical\" href=\"https:\/\/patagoniambiental.com.ar\/info\/queman-iglesia-en-chile-y-piden-liberar-presos-mapuches\/\" \/>\n<meta property=\"og:locale\" content=\"es_ES\" \/>\n<meta property=\"og:type\" content=\"article\" \/>\n<meta property=\"og:title\" content=\"Queman iglesia en Chile y piden liberar presos mapuches\" \/>\n<meta property=\"og:description\" content=\"La Araucan\u00eda.-El atentado se registr\u00f3 el martes por la noche en las cercan\u00edas de Vilc\u00fan, 690 kil\u00f3metros al sur de [&hellip;]\" \/>\n<meta property=\"og:url\" content=\"https:\/\/patagoniambiental.com.ar\/info\/queman-iglesia-en-chile-y-piden-liberar-presos-mapuches\/\" \/>\n<meta property=\"og:site_name\" content=\"Patagonia Ambiental\" \/>\n<meta property=\"article:publisher\" content=\"https:\/\/www.facebook.com\/patagonia.ambiental\" \/>\n<meta property=\"article:author\" content=\"https:\/\/www.facebook.com\/share\/1C1V8Gv9BX\/?mibextid=qi2Omg\" \/>\n<meta property=\"article:published_time\" content=\"2017-07-31T22:00:09+00:00\" \/>\n<meta property=\"og:image\" content=\"https:\/\/patagoniambiental.com.ar\/info\/wp-content\/uploads\/2017\/07\/Sin-t\u00edtulo-9.png\" \/>\n\t<meta property=\"og:image:width\" content=\"1253\" \/>\n\t<meta property=\"og:image:height\" content=\"357\" \/>\n\t<meta property=\"og:image:type\" content=\"image\/png\" \/>\n<meta name=\"author\" content=\"Patagonia Ambiental\" \/>\n<meta name=\"twitter:card\" content=\"summary_large_image\" \/>\n<meta name=\"twitter:creator\" content=\"@PatAmb\" \/>\n<meta name=\"twitter:site\" content=\"@PatAmb\" \/>\n<script type=\"application\/ld+json\" class=\"yoast-schema-graph\">{\"@context\":\"https:\\\/\\\/schema.org\",\"@graph\":[{\"@type\":\"Article\",\"@id\":\"https:\\\/\\\/patagoniambiental.com.ar\\\/info\\\/queman-iglesia-en-chile-y-piden-liberar-presos-mapuches\\\/#article\",\"isPartOf\":{\"@id\":\"https:\\\/\\\/patagoniambiental.com.ar\\\/info\\\/queman-iglesia-en-chile-y-piden-liberar-presos-mapuches\\\/\"},\"author\":{\"name\":\"Patagonia Ambiental\",\"@id\":\"https:\\\/\\\/patagoniambiental.com.ar\\\/info\\\/#\\\/schema\\\/person\\\/db12bff64bbcbf6a253710bf0ea37b5d\"},\"headline\":\"Queman iglesia en Chile y piden liberar presos mapuches\",\"datePublished\":\"2017-07-31T22:00:09+00:00\",\"mainEntityOfPage\":{\"@id\":\"https:\\\/\\\/patagoniambiental.com.ar\\\/info\\\/queman-iglesia-en-chile-y-piden-liberar-presos-mapuches\\\/\"},\"wordCount\":400,\"commentCount\":0,\"publisher\":{\"@id\":\"https:\\\/\\\/patagoniambiental.com.ar\\\/info\\\/#organization\"},\"image\":{\"@id\":\"https:\\\/\\\/patagoniambiental.com.ar\\\/info\\\/queman-iglesia-en-chile-y-piden-liberar-presos-mapuches\\\/#primaryimage\"},\"thumbnailUrl\":\"https:\\\/\\\/patagoniambiental.com.ar\\\/info\\\/wp-content\\\/uploads\\\/2017\\\/07\\\/Sin-t\u00edtulo-9.png\",\"articleSection\":[\"Internacionales\",\"Noticias\"],\"inLanguage\":\"es\",\"potentialAction\":[{\"@type\":\"CommentAction\",\"name\":\"Comment\",\"target\":[\"https:\\\/\\\/patagoniambiental.com.ar\\\/info\\\/queman-iglesia-en-chile-y-piden-liberar-presos-mapuches\\\/#respond\"]}]},{\"@type\":\"WebPage\",\"@id\":\"https:\\\/\\\/patagoniambiental.com.ar\\\/info\\\/queman-iglesia-en-chile-y-piden-liberar-presos-mapuches\\\/\",\"url\":\"https:\\\/\\\/patagoniambiental.com.ar\\\/info\\\/queman-iglesia-en-chile-y-piden-liberar-presos-mapuches\\\/\",\"name\":\"Queman iglesia en Chile y piden liberar presos mapuches\",\"isPartOf\":{\"@id\":\"https:\\\/\\\/patagoniambiental.com.ar\\\/info\\\/#website\"},\"primaryImageOfPage\":{\"@id\":\"https:\\\/\\\/patagoniambiental.com.ar\\\/info\\\/queman-iglesia-en-chile-y-piden-liberar-presos-mapuches\\\/#primaryimage\"},\"image\":{\"@id\":\"https:\\\/\\\/patagoniambiental.com.ar\\\/info\\\/queman-iglesia-en-chile-y-piden-liberar-presos-mapuches\\\/#primaryimage\"},\"thumbnailUrl\":\"https:\\\/\\\/patagoniambiental.com.ar\\\/info\\\/wp-content\\\/uploads\\\/2017\\\/07\\\/Sin-t\u00edtulo-9.png\",\"datePublished\":\"2017-07-31T22:00:09+00:00\",\"breadcrumb\":{\"@id\":\"https:\\\/\\\/patagoniambiental.com.ar\\\/info\\\/queman-iglesia-en-chile-y-piden-liberar-presos-mapuches\\\/#breadcrumb\"},\"inLanguage\":\"es\",\"potentialAction\":[{\"@type\":\"ReadAction\",\"target\":[\"https:\\\/\\\/patagoniambiental.com.ar\\\/info\\\/queman-iglesia-en-chile-y-piden-liberar-presos-mapuches\\\/\"]}]},{\"@type\":\"ImageObject\",\"inLanguage\":\"es\",\"@id\":\"https:\\\/\\\/patagoniambiental.com.ar\\\/info\\\/queman-iglesia-en-chile-y-piden-liberar-presos-mapuches\\\/#primaryimage\",\"url\":\"https:\\\/\\\/patagoniambiental.com.ar\\\/info\\\/wp-content\\\/uploads\\\/2017\\\/07\\\/Sin-t\u00edtulo-9.png\",\"contentUrl\":\"https:\\\/\\\/patagoniambiental.com.ar\\\/info\\\/wp-content\\\/uploads\\\/2017\\\/07\\\/Sin-t\u00edtulo-9.png\",\"width\":1253,\"height\":357},{\"@type\":\"BreadcrumbList\",\"@id\":\"https:\\\/\\\/patagoniambiental.com.ar\\\/info\\\/queman-iglesia-en-chile-y-piden-liberar-presos-mapuches\\\/#breadcrumb\",\"itemListElement\":[{\"@type\":\"ListItem\",\"position\":1,\"name\":\"Inicio\",\"item\":\"https:\\\/\\\/patagoniambiental.com.ar\\\/info\\\/\"},{\"@type\":\"ListItem\",\"position\":2,\"name\":\"Queman iglesia en Chile y piden liberar presos mapuches\"}]},{\"@type\":\"WebSite\",\"@id\":\"https:\\\/\\\/patagoniambiental.com.ar\\\/info\\\/#website\",\"url\":\"https:\\\/\\\/patagoniambiental.com.ar\\\/info\\\/\",\"name\":\"Patagonia Ambiental\",\"description\":\"Monitoreo y an\u00e1lisis de la situaci\u00f3n geopol\u00edtica en el mundo y su implicancia en la Patagonia\",\"publisher\":{\"@id\":\"https:\\\/\\\/patagoniambiental.com.ar\\\/info\\\/#organization\"},\"potentialAction\":[{\"@type\":\"SearchAction\",\"target\":{\"@type\":\"EntryPoint\",\"urlTemplate\":\"https:\\\/\\\/patagoniambiental.com.ar\\\/info\\\/?s={search_term_string}\"},\"query-input\":{\"@type\":\"PropertyValueSpecification\",\"valueRequired\":true,\"valueName\":\"search_term_string\"}}],\"inLanguage\":\"es\"},{\"@type\":\"Organization\",\"@id\":\"https:\\\/\\\/patagoniambiental.com.ar\\\/info\\\/#organization\",\"name\":\"Patagonia Ambiental\",\"url\":\"https:\\\/\\\/patagoniambiental.com.ar\\\/info\\\/\",\"logo\":{\"@type\":\"ImageObject\",\"inLanguage\":\"es\",\"@id\":\"https:\\\/\\\/patagoniambiental.com.ar\\\/info\\\/#\\\/schema\\\/logo\\\/image\\\/\",\"url\":\"https:\\\/\\\/patagoniambiental.com.ar\\\/info\\\/wp-content\\\/uploads\\\/2025\\\/05\\\/LOGO-PATAGONIA-AMBIENTAL.png\",\"contentUrl\":\"https:\\\/\\\/patagoniambiental.com.ar\\\/info\\\/wp-content\\\/uploads\\\/2025\\\/05\\\/LOGO-PATAGONIA-AMBIENTAL.png\",\"width\":433,\"height\":250,\"caption\":\"Patagonia Ambiental\"},\"image\":{\"@id\":\"https:\\\/\\\/patagoniambiental.com.ar\\\/info\\\/#\\\/schema\\\/logo\\\/image\\\/\"},\"sameAs\":[\"https:\\\/\\\/www.facebook.com\\\/patagonia.ambiental\",\"https:\\\/\\\/x.com\\\/PatAmb\"]},{\"@type\":\"Person\",\"@id\":\"https:\\\/\\\/patagoniambiental.com.ar\\\/info\\\/#\\\/schema\\\/person\\\/db12bff64bbcbf6a253710bf0ea37b5d\",\"name\":\"Patagonia Ambiental\",\"description\":\"Andr\u00e9s Nievas T\u00e9cnico en manejo ambiental, consultor Ambiental y escritor para medios locales e internacionales sobre temas de geopolitica y medio ambiente.\",\"sameAs\":[\"http:\\\/\\\/www.patagoniambiental.com.ar\",\"https:\\\/\\\/www.facebook.com\\\/share\\\/1C1V8Gv9BX\\\/?mibextid=qi2Omg\",\"@patagoniambiental\",\"https:\\\/\\\/youtube.com\\\/@patagoniaambiental2023?si=BLt58t0wuXquxlYZ\"]}]}<\/script>\n<!-- \/ Yoast SEO Premium plugin. -->","yoast_head_json":{"title":"Queman iglesia en Chile y piden liberar presos mapuches","robots":{"index":"index","follow":"follow","max-snippet":"max-snippet:-1","max-image-preview":"max-image-preview:large","max-video-preview":"max-video-preview:-1"},"canonical":"https:\/\/patagoniambiental.com.ar\/info\/queman-iglesia-en-chile-y-piden-liberar-presos-mapuches\/","og_locale":"es_ES","og_type":"article","og_title":"Queman iglesia en Chile y piden liberar presos mapuches","og_description":"La Araucan\u00eda.-El atentado se registr\u00f3 el martes por la noche en las cercan\u00edas de Vilc\u00fan, 690 kil\u00f3metros al sur de [&hellip;]","og_url":"https:\/\/patagoniambiental.com.ar\/info\/queman-iglesia-en-chile-y-piden-liberar-presos-mapuches\/","og_site_name":"Patagonia Ambiental","article_publisher":"https:\/\/www.facebook.com\/patagonia.ambiental","article_author":"https:\/\/www.facebook.com\/share\/1C1V8Gv9BX\/?mibextid=qi2Omg","article_published_time":"2017-07-31T22:00:09+00:00","og_image":[{"width":1253,"height":357,"url":"https:\/\/patagoniambiental.com.ar\/info\/wp-content\/uploads\/2017\/07\/Sin-t\u00edtulo-9.png","type":"image\/png"}],"author":"Patagonia Ambiental","twitter_card":"summary_large_image","twitter_creator":"@PatAmb","twitter_site":"@PatAmb","schema":{"@context":"https:\/\/schema.org","@graph":[{"@type":"Article","@id":"https:\/\/patagoniambiental.com.ar\/info\/queman-iglesia-en-chile-y-piden-liberar-presos-mapuches\/#article","isPartOf":{"@id":"https:\/\/patagoniambiental.com.ar\/info\/queman-iglesia-en-chile-y-piden-liberar-presos-mapuches\/"},"author":{"name":"Patagonia Ambiental","@id":"https:\/\/patagoniambiental.com.ar\/info\/#\/schema\/person\/db12bff64bbcbf6a253710bf0ea37b5d"},"headline":"Queman iglesia en Chile y piden liberar presos mapuches","datePublished":"2017-07-31T22:00:09+00:00","mainEntityOfPage":{"@id":"https:\/\/patagoniambiental.com.ar\/info\/queman-iglesia-en-chile-y-piden-liberar-presos-mapuches\/"},"wordCount":400,"commentCount":0,"publisher":{"@id":"https:\/\/patagoniambiental.com.ar\/info\/#organization"},"image":{"@id":"https:\/\/patagoniambiental.com.ar\/info\/queman-iglesia-en-chile-y-piden-liberar-presos-mapuches\/#primaryimage"},"thumbnailUrl":"https:\/\/patagoniambiental.com.ar\/info\/wp-content\/uploads\/2017\/07\/Sin-t\u00edtulo-9.png","articleSection":["Internacionales","Noticias"],"inLanguage":"es","potentialAction":[{"@type":"CommentAction","name":"Comment","target":["https:\/\/patagoniambiental.com.ar\/info\/queman-iglesia-en-chile-y-piden-liberar-presos-mapuches\/#respond"]}]},{"@type":"WebPage","@id":"https:\/\/patagoniambiental.com.ar\/info\/queman-iglesia-en-chile-y-piden-liberar-presos-mapuches\/","url":"https:\/\/patagoniambiental.com.ar\/info\/queman-iglesia-en-chile-y-piden-liberar-presos-mapuches\/","name":"Queman iglesia en Chile y piden liberar presos mapuches","isPartOf":{"@id":"https:\/\/patagoniambiental.com.ar\/info\/#website"},"primaryImageOfPage":{"@id":"https:\/\/patagoniambiental.com.ar\/info\/queman-iglesia-en-chile-y-piden-liberar-presos-mapuches\/#primaryimage"},"image":{"@id":"https:\/\/patagoniambiental.com.ar\/info\/queman-iglesia-en-chile-y-piden-liberar-presos-mapuches\/#primaryimage"},"thumbnailUrl":"https:\/\/patagoniambiental.com.ar\/info\/wp-content\/uploads\/2017\/07\/Sin-t\u00edtulo-9.png","datePublished":"2017-07-31T22:00:09+00:00","breadcrumb":{"@id":"https:\/\/patagoniambiental.com.ar\/info\/queman-iglesia-en-chile-y-piden-liberar-presos-mapuches\/#breadcrumb"},"inLanguage":"es","potentialAction":[{"@type":"ReadAction","target":["https:\/\/patagoniambiental.com.ar\/info\/queman-iglesia-en-chile-y-piden-liberar-presos-mapuches\/"]}]},{"@type":"ImageObject","inLanguage":"es","@id":"https:\/\/patagoniambiental.com.ar\/info\/queman-iglesia-en-chile-y-piden-liberar-presos-mapuches\/#primaryimage","url":"https:\/\/patagoniambiental.com.ar\/info\/wp-content\/uploads\/2017\/07\/Sin-t\u00edtulo-9.png","contentUrl":"https:\/\/patagoniambiental.com.ar\/info\/wp-content\/uploads\/2017\/07\/Sin-t\u00edtulo-9.png","width":1253,"height":357},{"@type":"BreadcrumbList","@id":"https:\/\/patagoniambiental.com.ar\/info\/queman-iglesia-en-chile-y-piden-liberar-presos-mapuches\/#breadcrumb","itemListElement":[{"@type":"ListItem","position":1,"name":"Inicio","item":"https:\/\/patagoniambiental.com.ar\/info\/"},{"@type":"ListItem","position":2,"name":"Queman iglesia en Chile y piden liberar presos mapuches"}]},{"@type":"WebSite","@id":"https:\/\/patagoniambiental.com.ar\/info\/#website","url":"https:\/\/patagoniambiental.com.ar\/info\/","name":"Patagonia Ambiental","description":"Monitoreo y an\u00e1lisis de la situaci\u00f3n geopol\u00edtica en el mundo y su implicancia en la Patagonia","publisher":{"@id":"https:\/\/patagoniambiental.com.ar\/info\/#organization"},"potentialAction":[{"@type":"SearchAction","target":{"@type":"EntryPoint","urlTemplate":"https:\/\/patagoniambiental.com.ar\/info\/?s={search_term_string}"},"query-input":{"@type":"PropertyValueSpecification","valueRequired":true,"valueName":"search_term_string"}}],"inLanguage":"es"},{"@type":"Organization","@id":"https:\/\/patagoniambiental.com.ar\/info\/#organization","name":"Patagonia Ambiental","url":"https:\/\/patagoniambiental.com.ar\/info\/","logo":{"@type":"ImageObject","inLanguage":"es","@id":"https:\/\/patagoniambiental.com.ar\/info\/#\/schema\/logo\/image\/","url":"https:\/\/patagoniambiental.com.ar\/info\/wp-content\/uploads\/2025\/05\/LOGO-PATAGONIA-AMBIENTAL.png","contentUrl":"https:\/\/patagoniambiental.com.ar\/info\/wp-content\/uploads\/2025\/05\/LOGO-PATAGONIA-AMBIENTAL.png","width":433,"height":250,"caption":"Patagonia Ambiental"},"image":{"@id":"https:\/\/patagoniambiental.com.ar\/info\/#\/schema\/logo\/image\/"},"sameAs":["https:\/\/www.facebook.com\/patagonia.ambiental","https:\/\/x.com\/PatAmb"]},{"@type":"Person","@id":"https:\/\/patagoniambiental.com.ar\/info\/#\/schema\/person\/db12bff64bbcbf6a253710bf0ea37b5d","name":"Patagonia Ambiental","description":"Andr\u00e9s Nievas T\u00e9cnico en manejo ambiental, consultor Ambiental y escritor para medios locales e internacionales sobre temas de geopolitica y medio ambiente.","sameAs":["http:\/\/www.patagoniambiental.com.ar","https:\/\/www.facebook.com\/share\/1C1V8Gv9BX\/?mibextid=qi2Omg","@patagoniambiental","https:\/\/youtube.com\/@patagoniaambiental2023?si=BLt58t0wuXquxlYZ"]}]}},"_links":{"self":[{"href":"https:\/\/patagoniambiental.com.ar\/info\/wp-json\/wp\/v2\/posts\/32521","targetHints":{"allow":["GET"]}}],"collection":[{"href":"https:\/\/patagoniambiental.com.ar\/info\/wp-json\/wp\/v2\/posts"}],"about":[{"href":"https:\/\/patagoniambiental.com.ar\/info\/wp-json\/wp\/v2\/types\/post"}],"author":[{"embeddable":true,"href":"https:\/\/patagoniambiental.com.ar\/info\/wp-json\/wp\/v2\/users\/2"}],"replies":[{"embeddable":true,"href":"https:\/\/patagoniambiental.com.ar\/info\/wp-json\/wp\/v2\/comments?post=32521"}],"version-history":[{"count":0,"href":"https:\/\/patagoniambiental.com.ar\/info\/wp-json\/wp\/v2\/posts\/32521\/revisions"}],"wp:featuredmedia":[{"embeddable":true,"href":"https:\/\/patagoniambiental.com.ar\/info\/wp-json\/wp\/v2\/media\/32522"}],"wp:attachment":[{"href":"https:\/\/patagoniambiental.com.ar\/info\/wp-json\/wp\/v2\/media?parent=32521"}],"wp:term":[{"taxonomy":"category","embeddable":true,"href":"https:\/\/patagoniambiental.com.ar\/info\/wp-json\/wp\/v2\/categories?post=32521"},{"taxonomy":"post_tag","embeddable":true,"href":"https:\/\/patagoniambiental.com.ar\/info\/wp-json\/wp\/v2\/tags?post=32521"}],"curies":[{"name":"wp","href":"https:\/\/api.w.org\/{rel}","templated":true}]}}