{"id":32524,"date":"2017-07-31T19:00:47","date_gmt":"2017-07-31T22:00:47","guid":{"rendered":"http:\/\/patagoniambiental.com.ar\/info\/?p=32524"},"modified":"2017-07-31T13:16:08","modified_gmt":"2017-07-31T16:16:08","slug":"chilenos-que-se-asumen-como-indigenas-crecen-un-50-en-una-decada","status":"publish","type":"post","link":"https:\/\/patagoniambiental.com.ar\/info\/chilenos-que-se-asumen-como-indigenas-crecen-un-50-en-una-decada\/","title":{"rendered":"Chilenos que se asumen como ind\u00edgenas crecen un 50% en una d\u00e9cada"},"content":{"rendered":"<article id=\"noticia-840524\" class=\"nacional ficha\">\n<div class=\"row row_noticia\">\n<div class=\"cuerpo  central column nine \">\n<p class=\"entradilla\">Chile.-La Casen 2015 dice que 1,5 millones de personas afirman pertenecer a un pueblo originario, lo que representa el 9% de la poblaci\u00f3n nacional.<\/p>\n<p><!--more--><\/p>\n<div class=\"img_destacada\"><img decoding=\"async\" class=\"lazy\" src=\"http:\/\/d2vpb0i3hb2k8a.cloudfront.net\/wp-content\/uploads\/sites\/7\/2017\/07\/27\/Imagen-CASEN-Indigena-10-820x385.jpg\" alt=\"Chilenos que se asumen como ind\u00edgenas crecen un 50% en una d\u00e9cada\" data-original=\"http:\/\/d2vpb0i3hb2k8a.cloudfront.net\/wp-content\/uploads\/sites\/7\/2017\/07\/27\/Imagen-CASEN-Indigena-10-820x385.jpg\" \/><\/div>\n<div class=\"contenido\">\n<p>En medio de la discusi\u00f3n p\u00fablica por los alcances del Plan Integral para La Araucan\u00eda, anunciado hace un mes por la Presidenta Michelle Bachelet, el Ministerio de Desarrollo Social dio a conocer ayer los resultados de la Encuesta de Caracterizaci\u00f3n Socioecon\u00f3mica 2015 (Casen) sobre Pueblos Ind\u00edgenas. En ella destacan varios datos relevantes respecto del crecimiento de la poblaci\u00f3n de los nueve pueblos originarios, los mayores \u00edndices de pobreza, las amplias brechas salariales y la disminuci\u00f3n del n\u00famero de hablantes de sus lenguas.<\/p>\n<p>Seg\u00fan este indicador, la cantidad de personas que se reconocen como pertenecientes a uno de los pueblos ind\u00edgenas reconocidos por ley creci\u00f3 un 49,4% en una d\u00e9cada, pasando de 1.060.786 personas en 2006 a 1.585.680 en 2015. As\u00ed, los pueblos originarios representan el 9% de los habitantes del pa\u00eds; 2,4 puntos porcentuales m\u00e1s que hace 10 a\u00f1os.<\/p>\n<p>Asimismo, el 75,3% de los pertenecientes a pueblos originarios habitan en zonas urbanas y m\u00e1s del 30% reside en la Regi\u00f3n Metropolitana.<\/p>\n<p>La mayor cantidad de los ind\u00edgenas del pa\u00eds se reconocen como mapuches, alcanzando el 38,8% (1.329.450 personas). Les siguen las personas pertenecientes a los pueblos aimara (107.507), diaguita (63.081) y quechua (27.260). Por el contrario, s\u00f3lo 131 personas se asumen como parte del pueblo y\u00e1mana. \u201cLos n\u00fameros muestran c\u00f3mo se est\u00e1 vitalizando la identidad ind\u00edgena en Chile y, por lo mismo, es un indicador de la necesidad de hacer reformas pol\u00edticas que expresen mayor participaci\u00f3n y deliberaci\u00f3n de ellos en el devenir del pa\u00eds\u201d, dijo el ministro de Desarrollo Social, Marcos Barraza.<\/p>\n<p>Sin embargo, en todos los pueblos originarios el n\u00famero de personas hablantes de su propia lengua ha disminuido. En 2015 el 78,6% no habla ni entiende su lengua ind\u00edgena.<\/p>\n<p>Barraza tambi\u00e9n destac\u00f3 los avances que se han realizado en materia de disminuci\u00f3n de la pobreza por ingresos de los pueblos originarios, que cay\u00f3 de un 44% en 2006 a un 18,3% en 2015, mientras que la pobreza multidimensional -que mide aspectos relacionados con vivienda, salud, educaci\u00f3n, trabajo y seguridad social y entorno y redes- baj\u00f3 de un 43% en 2009 a un 30,8% en 2015. Sin embargo, existen amplias brechas respecto de los \u00edndices nacionales, que en 2015 son del 11% para la pobreza por ingresos y de 19,9% para pobreza multidimensional.<\/p>\n<p>Este tipo de espacios entre la poblaci\u00f3n ind\u00edgena y no ind\u00edgena se replica en otros aspectos. Uno de ellos es el ingreso promedio. Las personas pertenecientes a los pueblos originarios ganan en promedio $ 179 mil menos. Tambi\u00e9n, se evidencia una diferencia en los a\u00f1os de escolaridad, con 10,1 a\u00f1os de estudio promedio en el primer caso y 11,1 a\u00f1os promedio en el \u00edndice nacional. Esta situaci\u00f3n es m\u00e1s evidente en la tasa de cobertura de educaci\u00f3n superior, que muestra que mientras el 38,1% de la poblaci\u00f3n general asiste a un establecimiento t\u00e9cnico o universitario, el 31,3% de los j\u00f3venes ind\u00edgenas -entre 18 y 24 a\u00f1os- lo hace.<\/p>\n<p>\u201cEstos resultados son ilustrativos de los avances del pa\u00eds, pero tambi\u00e9n de los rezagos que a\u00fan persisten y que tienen que ver con variables culturales, de discriminaci\u00f3n y tambi\u00e9n de una pol\u00edtica p\u00fablica que estamos mejorando\u201d, agreg\u00f3 Barraza. Tambi\u00e9n destac\u00f3 que cerca de 16 mil j\u00f3venes de pueblos originarios estudian con gratuidad.<\/p>\n<p>El director de la Corporaci\u00f3n Nacional de Desarrollo Ind\u00edgena (Conadi), Alberto Pizarro, dijo que \u201ca\u00fan existen brechas en muchos aspectos y por eso se necesita generar pol\u00edticas p\u00fablicas pertinentes a la realidad que actualmente viven los pueblos ind\u00edgenas (\u2026). Hoy, las propuestas de pol\u00edticas p\u00fablicas son contundentes y las cifras de la Casen as\u00ed lo demuestran\u201d.<\/p>\n<p>Agreg\u00f3 que la Presidenta Bachelet realiz\u00f3 un \u201cgesto hist\u00f3rico al pedir perd\u00f3n por los errores y horrores cometidos por el Estado contra el pueblo mapuche y los pueblos ind\u00edgenas en general. Pero tambi\u00e9n hizo propuestas contundentes de pol\u00edtica p\u00fablica para poder abordar la situaci\u00f3n\u201d (ver entrevista).<\/p>\n<h2>Plan Araucan\u00eda<\/h2>\n<p>El 23 de junio pasado, la Presidenta Bachelet dio a conocer un Plan Integral para La Araucan\u00eda, en el cual se comprometieron una serie de medidas destinadas al reconocimiento constitucional de la poblaci\u00f3n ind\u00edgena, a incentivar el desarrollo productivo de la regi\u00f3n y a la reparaci\u00f3n de v\u00edctimas de las situaciones de violencia experimentada en la zona.<\/p>\n<p>En la Corporaci\u00f3n de Profesionales Mapuches (Enama) afirmaron que es una propuesta \u201cinsuficiente y m\u00e1s de lo mismo (\u2026). Las cifras Casen corroboran que el pueblo mapuche somos cerca del 10% de la poblaci\u00f3n nacional. No necesitamos m\u00e1s asistencialismos, sino que buscamos el reconocimiento constitucional y de un Estado plurinacional, esca\u00f1os reservados para los pueblos ind\u00edgenas en el Parlamento y autodeterminaci\u00f3n econ\u00f3mica\u201d.<\/p>\n<p><a href=\"http:\/\/d2vpb0i3hb2k8a.cloudfront.net\/wp-content\/uploads\/sites\/7\/2017\/07\/27\/PAIS-PueblosOriginarios.png\" target=\"_blank\" rel=\"noopener\"><img fetchpriority=\"high\" decoding=\"async\" class=\"aligncenter size-full wp-image-840527\" src=\"http:\/\/d2vpb0i3hb2k8a.cloudfront.net\/wp-content\/uploads\/sites\/7\/2017\/07\/27\/PAIS-PueblosOriginarios.png\" sizes=\"(max-width: 960px) 100vw, 960px\" srcset=\"http:\/\/d2vpb0i3hb2k8a.cloudfront.net\/wp-content\/uploads\/sites\/7\/2017\/07\/27\/PAIS-PueblosOriginarios.png 960w, http:\/\/d2vpb0i3hb2k8a.cloudfront.net\/wp-content\/uploads\/sites\/7\/2017\/07\/27\/PAIS-PueblosOriginarios-753x3000.png 753w, http:\/\/d2vpb0i3hb2k8a.cloudfront.net\/wp-content\/uploads\/sites\/7\/2017\/07\/27\/PAIS-PueblosOriginarios-879x3500.png 879w\" alt=\"pais-pueblosoriginarios\" width=\"960\" height=\"3823\" \/><\/a><\/p>\n<\/div>\n<div class=\"plantillas\"><\/div>\n<div class=\"tags_comentarios\">\n<div id=\"comentarios-840524\" class=\"comentarios\">\n<div>Comentarios<\/div>\n<div id=\"texto-comentarios-840524\" class=\"cerrado\">Cargar comentarios<\/div>\n<div id=\"numero-comments-840524\">73<\/div>\n<\/div>\n<\/div>\n<\/div>\n<div class=\"sidebar column three\"><\/div>\n<div><\/div>\n<\/div>\n<\/article>\n<p>&nbsp;<\/p>\n<div class=\"publi_pie_2\">\n<div id=\"div-gpt-ad-1449173040890-10\" data-google-query-id=\"CP342qfxs9UCFUUSkQodyD0HJA\">\n<div id=\"google_ads_iframe_\/124506296\/La_Tercera_com\/La_Tercera_com_Nacional\/Nacional_Interior_970x250-A_0__container__\">Fuente:<\/div>\n<\/div>\n<\/div>\n","protected":false},"excerpt":{"rendered":"<p>Chile.-La Casen 2015 dice que 1,5 millones de personas afirman pertenecer a un pueblo originario, lo que representa el 9% [&hellip;]<\/p>\n","protected":false},"author":2,"featured_media":32525,"comment_status":"open","ping_status":"open","sticky":false,"template":"","format":"standard","meta":{"site-sidebar-layout":"default","site-content-layout":"","ast-site-content-layout":"default","site-content-style":"default","site-sidebar-style":"default","ast-global-header-display":"","ast-banner-title-visibility":"","ast-main-header-display":"","ast-hfb-above-header-display":"","ast-hfb-below-header-display":"","ast-hfb-mobile-header-display":"","site-post-title":"","ast-breadcrumbs-content":"","ast-featured-img":"","footer-sml-layout":"","ast-disable-related-posts":"","theme-transparent-header-meta":"","adv-header-id-meta":"","stick-header-meta":"","header-above-stick-meta":"","header-main-stick-meta":"","header-below-stick-meta":"","astra-migrate-meta-layouts":"default","ast-page-background-enabled":"default","ast-page-background-meta":{"desktop":{"background-color":"var(--ast-global-color-5)","background-image":"","background-repeat":"repeat","background-position":"center center","background-size":"auto","background-attachment":"scroll","background-type":"","background-media":"","overlay-type":"","overlay-color":"","overlay-opacity":"","overlay-gradient":""},"tablet":{"background-color":"","background-image":"","background-repeat":"repeat","background-position":"center center","background-size":"auto","background-attachment":"scroll","background-type":"","background-media":"","overlay-type":"","overlay-color":"","overlay-opacity":"","overlay-gradient":""},"mobile":{"background-color":"","background-image":"","background-repeat":"repeat","background-position":"center center","background-size":"auto","background-attachment":"scroll","background-type":"","background-media":"","overlay-type":"","overlay-color":"","overlay-opacity":"","overlay-gradient":""}},"ast-content-background-meta":{"desktop":{"background-color":"var(--ast-global-color-4)","background-image":"","background-repeat":"repeat","background-position":"center center","background-size":"auto","background-attachment":"scroll","background-type":"","background-media":"","overlay-type":"","overlay-color":"","overlay-opacity":"","overlay-gradient":""},"tablet":{"background-color":"var(--ast-global-color-4)","background-image":"","background-repeat":"repeat","background-position":"center center","background-size":"auto","background-attachment":"scroll","background-type":"","background-media":"","overlay-type":"","overlay-color":"","overlay-opacity":"","overlay-gradient":""},"mobile":{"background-color":"var(--ast-global-color-4)","background-image":"","background-repeat":"repeat","background-position":"center center","background-size":"auto","background-attachment":"scroll","background-type":"","background-media":"","overlay-type":"","overlay-color":"","overlay-opacity":"","overlay-gradient":""}},"footnotes":""},"categories":[23,1],"tags":[],"class_list":["post-32524","post","type-post","status-publish","format-standard","has-post-thumbnail","hentry","category-internacionales","category-noticias"],"yoast_head":"<!-- This site is optimized with the Yoast SEO Premium plugin v23.0 (Yoast SEO v27.4) - https:\/\/yoast.com\/product\/yoast-seo-premium-wordpress\/ -->\n<title>Chilenos que se asumen como ind\u00edgenas crecen un 50% en una d\u00e9cada<\/title>\n<meta name=\"robots\" content=\"index, follow, max-snippet:-1, max-image-preview:large, max-video-preview:-1\" \/>\n<link rel=\"canonical\" href=\"https:\/\/patagoniambiental.com.ar\/info\/chilenos-que-se-asumen-como-indigenas-crecen-un-50-en-una-decada\/\" \/>\n<meta property=\"og:locale\" content=\"es_ES\" \/>\n<meta property=\"og:type\" content=\"article\" \/>\n<meta property=\"og:title\" content=\"Chilenos que se asumen como ind\u00edgenas crecen un 50% en una d\u00e9cada\" \/>\n<meta property=\"og:description\" content=\"Chile.-La Casen 2015 dice que 1,5 millones de personas afirman pertenecer a un pueblo originario, lo que representa el 9% [&hellip;]\" \/>\n<meta property=\"og:url\" content=\"https:\/\/patagoniambiental.com.ar\/info\/chilenos-que-se-asumen-como-indigenas-crecen-un-50-en-una-decada\/\" \/>\n<meta property=\"og:site_name\" content=\"Patagonia Ambiental\" \/>\n<meta property=\"article:publisher\" content=\"https:\/\/www.facebook.com\/patagonia.ambiental\" \/>\n<meta property=\"article:author\" content=\"https:\/\/www.facebook.com\/share\/1C1V8Gv9BX\/?mibextid=qi2Omg\" \/>\n<meta property=\"article:published_time\" content=\"2017-07-31T22:00:47+00:00\" \/>\n<meta property=\"og:image\" content=\"https:\/\/patagoniambiental.com.ar\/info\/wp-content\/uploads\/2017\/07\/Imagen-CASEN-Indigena-10-820x385.jpg\" \/>\n\t<meta property=\"og:image:width\" content=\"820\" \/>\n\t<meta property=\"og:image:height\" content=\"385\" \/>\n\t<meta property=\"og:image:type\" content=\"image\/jpeg\" \/>\n<meta name=\"author\" content=\"Patagonia Ambiental\" \/>\n<meta name=\"twitter:card\" content=\"summary_large_image\" \/>\n<meta name=\"twitter:creator\" content=\"@PatAmb\" \/>\n<meta name=\"twitter:site\" content=\"@PatAmb\" \/>\n<script type=\"application\/ld+json\" class=\"yoast-schema-graph\">{\"@context\":\"https:\\\/\\\/schema.org\",\"@graph\":[{\"@type\":\"Article\",\"@id\":\"https:\\\/\\\/patagoniambiental.com.ar\\\/info\\\/chilenos-que-se-asumen-como-indigenas-crecen-un-50-en-una-decada\\\/#article\",\"isPartOf\":{\"@id\":\"https:\\\/\\\/patagoniambiental.com.ar\\\/info\\\/chilenos-que-se-asumen-como-indigenas-crecen-un-50-en-una-decada\\\/\"},\"author\":{\"name\":\"Patagonia Ambiental\",\"@id\":\"https:\\\/\\\/patagoniambiental.com.ar\\\/info\\\/#\\\/schema\\\/person\\\/db12bff64bbcbf6a253710bf0ea37b5d\"},\"headline\":\"Chilenos que se asumen como ind\u00edgenas crecen un 50% en una d\u00e9cada\",\"datePublished\":\"2017-07-31T22:00:47+00:00\",\"mainEntityOfPage\":{\"@id\":\"https:\\\/\\\/patagoniambiental.com.ar\\\/info\\\/chilenos-que-se-asumen-como-indigenas-crecen-un-50-en-una-decada\\\/\"},\"wordCount\":843,\"commentCount\":0,\"publisher\":{\"@id\":\"https:\\\/\\\/patagoniambiental.com.ar\\\/info\\\/#organization\"},\"image\":{\"@id\":\"https:\\\/\\\/patagoniambiental.com.ar\\\/info\\\/chilenos-que-se-asumen-como-indigenas-crecen-un-50-en-una-decada\\\/#primaryimage\"},\"thumbnailUrl\":\"https:\\\/\\\/patagoniambiental.com.ar\\\/info\\\/wp-content\\\/uploads\\\/2017\\\/07\\\/Imagen-CASEN-Indigena-10-820x385.jpg\",\"articleSection\":[\"Internacionales\",\"Noticias\"],\"inLanguage\":\"es\",\"potentialAction\":[{\"@type\":\"CommentAction\",\"name\":\"Comment\",\"target\":[\"https:\\\/\\\/patagoniambiental.com.ar\\\/info\\\/chilenos-que-se-asumen-como-indigenas-crecen-un-50-en-una-decada\\\/#respond\"]}]},{\"@type\":\"WebPage\",\"@id\":\"https:\\\/\\\/patagoniambiental.com.ar\\\/info\\\/chilenos-que-se-asumen-como-indigenas-crecen-un-50-en-una-decada\\\/\",\"url\":\"https:\\\/\\\/patagoniambiental.com.ar\\\/info\\\/chilenos-que-se-asumen-como-indigenas-crecen-un-50-en-una-decada\\\/\",\"name\":\"Chilenos que se asumen como ind\u00edgenas crecen un 50% en una d\u00e9cada\",\"isPartOf\":{\"@id\":\"https:\\\/\\\/patagoniambiental.com.ar\\\/info\\\/#website\"},\"primaryImageOfPage\":{\"@id\":\"https:\\\/\\\/patagoniambiental.com.ar\\\/info\\\/chilenos-que-se-asumen-como-indigenas-crecen-un-50-en-una-decada\\\/#primaryimage\"},\"image\":{\"@id\":\"https:\\\/\\\/patagoniambiental.com.ar\\\/info\\\/chilenos-que-se-asumen-como-indigenas-crecen-un-50-en-una-decada\\\/#primaryimage\"},\"thumbnailUrl\":\"https:\\\/\\\/patagoniambiental.com.ar\\\/info\\\/wp-content\\\/uploads\\\/2017\\\/07\\\/Imagen-CASEN-Indigena-10-820x385.jpg\",\"datePublished\":\"2017-07-31T22:00:47+00:00\",\"breadcrumb\":{\"@id\":\"https:\\\/\\\/patagoniambiental.com.ar\\\/info\\\/chilenos-que-se-asumen-como-indigenas-crecen-un-50-en-una-decada\\\/#breadcrumb\"},\"inLanguage\":\"es\",\"potentialAction\":[{\"@type\":\"ReadAction\",\"target\":[\"https:\\\/\\\/patagoniambiental.com.ar\\\/info\\\/chilenos-que-se-asumen-como-indigenas-crecen-un-50-en-una-decada\\\/\"]}]},{\"@type\":\"ImageObject\",\"inLanguage\":\"es\",\"@id\":\"https:\\\/\\\/patagoniambiental.com.ar\\\/info\\\/chilenos-que-se-asumen-como-indigenas-crecen-un-50-en-una-decada\\\/#primaryimage\",\"url\":\"https:\\\/\\\/patagoniambiental.com.ar\\\/info\\\/wp-content\\\/uploads\\\/2017\\\/07\\\/Imagen-CASEN-Indigena-10-820x385.jpg\",\"contentUrl\":\"https:\\\/\\\/patagoniambiental.com.ar\\\/info\\\/wp-content\\\/uploads\\\/2017\\\/07\\\/Imagen-CASEN-Indigena-10-820x385.jpg\",\"width\":820,\"height\":385},{\"@type\":\"BreadcrumbList\",\"@id\":\"https:\\\/\\\/patagoniambiental.com.ar\\\/info\\\/chilenos-que-se-asumen-como-indigenas-crecen-un-50-en-una-decada\\\/#breadcrumb\",\"itemListElement\":[{\"@type\":\"ListItem\",\"position\":1,\"name\":\"Inicio\",\"item\":\"https:\\\/\\\/patagoniambiental.com.ar\\\/info\\\/\"},{\"@type\":\"ListItem\",\"position\":2,\"name\":\"Chilenos que se asumen como ind\u00edgenas crecen un 50% en una d\u00e9cada\"}]},{\"@type\":\"WebSite\",\"@id\":\"https:\\\/\\\/patagoniambiental.com.ar\\\/info\\\/#website\",\"url\":\"https:\\\/\\\/patagoniambiental.com.ar\\\/info\\\/\",\"name\":\"Patagonia Ambiental\",\"description\":\"Monitoreo y an\u00e1lisis de la situaci\u00f3n geopol\u00edtica en el mundo y su implicancia en la Patagonia\",\"publisher\":{\"@id\":\"https:\\\/\\\/patagoniambiental.com.ar\\\/info\\\/#organization\"},\"potentialAction\":[{\"@type\":\"SearchAction\",\"target\":{\"@type\":\"EntryPoint\",\"urlTemplate\":\"https:\\\/\\\/patagoniambiental.com.ar\\\/info\\\/?s={search_term_string}\"},\"query-input\":{\"@type\":\"PropertyValueSpecification\",\"valueRequired\":true,\"valueName\":\"search_term_string\"}}],\"inLanguage\":\"es\"},{\"@type\":\"Organization\",\"@id\":\"https:\\\/\\\/patagoniambiental.com.ar\\\/info\\\/#organization\",\"name\":\"Patagonia Ambiental\",\"url\":\"https:\\\/\\\/patagoniambiental.com.ar\\\/info\\\/\",\"logo\":{\"@type\":\"ImageObject\",\"inLanguage\":\"es\",\"@id\":\"https:\\\/\\\/patagoniambiental.com.ar\\\/info\\\/#\\\/schema\\\/logo\\\/image\\\/\",\"url\":\"https:\\\/\\\/patagoniambiental.com.ar\\\/info\\\/wp-content\\\/uploads\\\/2025\\\/05\\\/LOGO-PATAGONIA-AMBIENTAL.png\",\"contentUrl\":\"https:\\\/\\\/patagoniambiental.com.ar\\\/info\\\/wp-content\\\/uploads\\\/2025\\\/05\\\/LOGO-PATAGONIA-AMBIENTAL.png\",\"width\":433,\"height\":250,\"caption\":\"Patagonia Ambiental\"},\"image\":{\"@id\":\"https:\\\/\\\/patagoniambiental.com.ar\\\/info\\\/#\\\/schema\\\/logo\\\/image\\\/\"},\"sameAs\":[\"https:\\\/\\\/www.facebook.com\\\/patagonia.ambiental\",\"https:\\\/\\\/x.com\\\/PatAmb\"]},{\"@type\":\"Person\",\"@id\":\"https:\\\/\\\/patagoniambiental.com.ar\\\/info\\\/#\\\/schema\\\/person\\\/db12bff64bbcbf6a253710bf0ea37b5d\",\"name\":\"Patagonia Ambiental\",\"description\":\"Andr\u00e9s Nievas T\u00e9cnico en manejo ambiental, consultor Ambiental y escritor para medios locales e internacionales sobre temas de geopolitica y medio ambiente.\",\"sameAs\":[\"http:\\\/\\\/www.patagoniambiental.com.ar\",\"https:\\\/\\\/www.facebook.com\\\/share\\\/1C1V8Gv9BX\\\/?mibextid=qi2Omg\",\"@patagoniambiental\",\"https:\\\/\\\/youtube.com\\\/@patagoniaambiental2023?si=BLt58t0wuXquxlYZ\"]}]}<\/script>\n<!-- \/ Yoast SEO Premium plugin. -->","yoast_head_json":{"title":"Chilenos que se asumen como ind\u00edgenas crecen un 50% en una d\u00e9cada","robots":{"index":"index","follow":"follow","max-snippet":"max-snippet:-1","max-image-preview":"max-image-preview:large","max-video-preview":"max-video-preview:-1"},"canonical":"https:\/\/patagoniambiental.com.ar\/info\/chilenos-que-se-asumen-como-indigenas-crecen-un-50-en-una-decada\/","og_locale":"es_ES","og_type":"article","og_title":"Chilenos que se asumen como ind\u00edgenas crecen un 50% en una d\u00e9cada","og_description":"Chile.-La Casen 2015 dice que 1,5 millones de personas afirman pertenecer a un pueblo originario, lo que representa el 9% [&hellip;]","og_url":"https:\/\/patagoniambiental.com.ar\/info\/chilenos-que-se-asumen-como-indigenas-crecen-un-50-en-una-decada\/","og_site_name":"Patagonia Ambiental","article_publisher":"https:\/\/www.facebook.com\/patagonia.ambiental","article_author":"https:\/\/www.facebook.com\/share\/1C1V8Gv9BX\/?mibextid=qi2Omg","article_published_time":"2017-07-31T22:00:47+00:00","og_image":[{"width":820,"height":385,"url":"https:\/\/patagoniambiental.com.ar\/info\/wp-content\/uploads\/2017\/07\/Imagen-CASEN-Indigena-10-820x385.jpg","type":"image\/jpeg"}],"author":"Patagonia Ambiental","twitter_card":"summary_large_image","twitter_creator":"@PatAmb","twitter_site":"@PatAmb","schema":{"@context":"https:\/\/schema.org","@graph":[{"@type":"Article","@id":"https:\/\/patagoniambiental.com.ar\/info\/chilenos-que-se-asumen-como-indigenas-crecen-un-50-en-una-decada\/#article","isPartOf":{"@id":"https:\/\/patagoniambiental.com.ar\/info\/chilenos-que-se-asumen-como-indigenas-crecen-un-50-en-una-decada\/"},"author":{"name":"Patagonia Ambiental","@id":"https:\/\/patagoniambiental.com.ar\/info\/#\/schema\/person\/db12bff64bbcbf6a253710bf0ea37b5d"},"headline":"Chilenos que se asumen como ind\u00edgenas crecen un 50% en una d\u00e9cada","datePublished":"2017-07-31T22:00:47+00:00","mainEntityOfPage":{"@id":"https:\/\/patagoniambiental.com.ar\/info\/chilenos-que-se-asumen-como-indigenas-crecen-un-50-en-una-decada\/"},"wordCount":843,"commentCount":0,"publisher":{"@id":"https:\/\/patagoniambiental.com.ar\/info\/#organization"},"image":{"@id":"https:\/\/patagoniambiental.com.ar\/info\/chilenos-que-se-asumen-como-indigenas-crecen-un-50-en-una-decada\/#primaryimage"},"thumbnailUrl":"https:\/\/patagoniambiental.com.ar\/info\/wp-content\/uploads\/2017\/07\/Imagen-CASEN-Indigena-10-820x385.jpg","articleSection":["Internacionales","Noticias"],"inLanguage":"es","potentialAction":[{"@type":"CommentAction","name":"Comment","target":["https:\/\/patagoniambiental.com.ar\/info\/chilenos-que-se-asumen-como-indigenas-crecen-un-50-en-una-decada\/#respond"]}]},{"@type":"WebPage","@id":"https:\/\/patagoniambiental.com.ar\/info\/chilenos-que-se-asumen-como-indigenas-crecen-un-50-en-una-decada\/","url":"https:\/\/patagoniambiental.com.ar\/info\/chilenos-que-se-asumen-como-indigenas-crecen-un-50-en-una-decada\/","name":"Chilenos que se asumen como ind\u00edgenas crecen un 50% en una d\u00e9cada","isPartOf":{"@id":"https:\/\/patagoniambiental.com.ar\/info\/#website"},"primaryImageOfPage":{"@id":"https:\/\/patagoniambiental.com.ar\/info\/chilenos-que-se-asumen-como-indigenas-crecen-un-50-en-una-decada\/#primaryimage"},"image":{"@id":"https:\/\/patagoniambiental.com.ar\/info\/chilenos-que-se-asumen-como-indigenas-crecen-un-50-en-una-decada\/#primaryimage"},"thumbnailUrl":"https:\/\/patagoniambiental.com.ar\/info\/wp-content\/uploads\/2017\/07\/Imagen-CASEN-Indigena-10-820x385.jpg","datePublished":"2017-07-31T22:00:47+00:00","breadcrumb":{"@id":"https:\/\/patagoniambiental.com.ar\/info\/chilenos-que-se-asumen-como-indigenas-crecen-un-50-en-una-decada\/#breadcrumb"},"inLanguage":"es","potentialAction":[{"@type":"ReadAction","target":["https:\/\/patagoniambiental.com.ar\/info\/chilenos-que-se-asumen-como-indigenas-crecen-un-50-en-una-decada\/"]}]},{"@type":"ImageObject","inLanguage":"es","@id":"https:\/\/patagoniambiental.com.ar\/info\/chilenos-que-se-asumen-como-indigenas-crecen-un-50-en-una-decada\/#primaryimage","url":"https:\/\/patagoniambiental.com.ar\/info\/wp-content\/uploads\/2017\/07\/Imagen-CASEN-Indigena-10-820x385.jpg","contentUrl":"https:\/\/patagoniambiental.com.ar\/info\/wp-content\/uploads\/2017\/07\/Imagen-CASEN-Indigena-10-820x385.jpg","width":820,"height":385},{"@type":"BreadcrumbList","@id":"https:\/\/patagoniambiental.com.ar\/info\/chilenos-que-se-asumen-como-indigenas-crecen-un-50-en-una-decada\/#breadcrumb","itemListElement":[{"@type":"ListItem","position":1,"name":"Inicio","item":"https:\/\/patagoniambiental.com.ar\/info\/"},{"@type":"ListItem","position":2,"name":"Chilenos que se asumen como ind\u00edgenas crecen un 50% en una d\u00e9cada"}]},{"@type":"WebSite","@id":"https:\/\/patagoniambiental.com.ar\/info\/#website","url":"https:\/\/patagoniambiental.com.ar\/info\/","name":"Patagonia Ambiental","description":"Monitoreo y an\u00e1lisis de la situaci\u00f3n geopol\u00edtica en el mundo y su implicancia en la Patagonia","publisher":{"@id":"https:\/\/patagoniambiental.com.ar\/info\/#organization"},"potentialAction":[{"@type":"SearchAction","target":{"@type":"EntryPoint","urlTemplate":"https:\/\/patagoniambiental.com.ar\/info\/?s={search_term_string}"},"query-input":{"@type":"PropertyValueSpecification","valueRequired":true,"valueName":"search_term_string"}}],"inLanguage":"es"},{"@type":"Organization","@id":"https:\/\/patagoniambiental.com.ar\/info\/#organization","name":"Patagonia Ambiental","url":"https:\/\/patagoniambiental.com.ar\/info\/","logo":{"@type":"ImageObject","inLanguage":"es","@id":"https:\/\/patagoniambiental.com.ar\/info\/#\/schema\/logo\/image\/","url":"https:\/\/patagoniambiental.com.ar\/info\/wp-content\/uploads\/2025\/05\/LOGO-PATAGONIA-AMBIENTAL.png","contentUrl":"https:\/\/patagoniambiental.com.ar\/info\/wp-content\/uploads\/2025\/05\/LOGO-PATAGONIA-AMBIENTAL.png","width":433,"height":250,"caption":"Patagonia Ambiental"},"image":{"@id":"https:\/\/patagoniambiental.com.ar\/info\/#\/schema\/logo\/image\/"},"sameAs":["https:\/\/www.facebook.com\/patagonia.ambiental","https:\/\/x.com\/PatAmb"]},{"@type":"Person","@id":"https:\/\/patagoniambiental.com.ar\/info\/#\/schema\/person\/db12bff64bbcbf6a253710bf0ea37b5d","name":"Patagonia Ambiental","description":"Andr\u00e9s Nievas T\u00e9cnico en manejo ambiental, consultor Ambiental y escritor para medios locales e internacionales sobre temas de geopolitica y medio ambiente.","sameAs":["http:\/\/www.patagoniambiental.com.ar","https:\/\/www.facebook.com\/share\/1C1V8Gv9BX\/?mibextid=qi2Omg","@patagoniambiental","https:\/\/youtube.com\/@patagoniaambiental2023?si=BLt58t0wuXquxlYZ"]}]}},"_links":{"self":[{"href":"https:\/\/patagoniambiental.com.ar\/info\/wp-json\/wp\/v2\/posts\/32524","targetHints":{"allow":["GET"]}}],"collection":[{"href":"https:\/\/patagoniambiental.com.ar\/info\/wp-json\/wp\/v2\/posts"}],"about":[{"href":"https:\/\/patagoniambiental.com.ar\/info\/wp-json\/wp\/v2\/types\/post"}],"author":[{"embeddable":true,"href":"https:\/\/patagoniambiental.com.ar\/info\/wp-json\/wp\/v2\/users\/2"}],"replies":[{"embeddable":true,"href":"https:\/\/patagoniambiental.com.ar\/info\/wp-json\/wp\/v2\/comments?post=32524"}],"version-history":[{"count":0,"href":"https:\/\/patagoniambiental.com.ar\/info\/wp-json\/wp\/v2\/posts\/32524\/revisions"}],"wp:featuredmedia":[{"embeddable":true,"href":"https:\/\/patagoniambiental.com.ar\/info\/wp-json\/wp\/v2\/media\/32525"}],"wp:attachment":[{"href":"https:\/\/patagoniambiental.com.ar\/info\/wp-json\/wp\/v2\/media?parent=32524"}],"wp:term":[{"taxonomy":"category","embeddable":true,"href":"https:\/\/patagoniambiental.com.ar\/info\/wp-json\/wp\/v2\/categories?post=32524"},{"taxonomy":"post_tag","embeddable":true,"href":"https:\/\/patagoniambiental.com.ar\/info\/wp-json\/wp\/v2\/tags?post=32524"}],"curies":[{"name":"wp","href":"https:\/\/api.w.org\/{rel}","templated":true}]}}