{"id":32533,"date":"2017-07-31T19:00:35","date_gmt":"2017-07-31T22:00:35","guid":{"rendered":"http:\/\/patagoniambiental.com.ar\/info\/?p=32533"},"modified":"2017-07-31T13:33:39","modified_gmt":"2017-07-31T16:33:39","slug":"sna-participo-en-mesa-de-trabajo-con-parlamento-mapuche","status":"publish","type":"post","link":"https:\/\/patagoniambiental.com.ar\/info\/sna-participo-en-mesa-de-trabajo-con-parlamento-mapuche\/","title":{"rendered":"SNA particip\u00f3 en mesa de trabajo con Parlamento Mapuche"},"content":{"rendered":"<p><strong><span lang=\"ES-CL\">Chile.-Gremio intercambi\u00f3 visiones con dirigentes mapuches, con quienes se comprometi\u00f3 a ser interlocutor ante otros gremios empresariales para sostener reuniones de trabajo.<\/span><\/strong><!--more--><\/p>\n<p>El presidente de la Sociedad Nacional de Agricultura (SNA), Ricardo Arizt\u00eda, se reuni\u00f3 en Temuco con representantes del Parlamento Mapuche y gremios locales para abordar el conflicto en La Araucan\u00eda y c\u00f3mo \u00e9ste afecta al desarrollo de la regi\u00f3n.<\/p>\n<div id=\"eplAdDivVideosInText\"><iframe id=\"ifr921d4208daea10db_b69342472727722d\" src=\"about:blank\" name=\"ifr921d4208daea10db_b69342472727722d\" width=\"0px\" height=\"0px\" frameborder=\"0\" scrolling=\"no\" data-mce-fragment=\"1\"><\/iframe><\/div>\n<p>En la cita, que se extendi\u00f3 por casi siete horas, el Parlamento Mapuche manifest\u00f3 su visi\u00f3n respecto de temas de importancia para sus comunidades como derechos de tierras y aguas, \u00a0territorio y desarrollo econ\u00f3mico. En la oportunidad tambi\u00e9n estuvieron el primer vicepresidente del gremio, Jos\u00e9 Antonio Galilea; el director nacional Jos\u00e9 Miguel Stegmeier; el secretario general del gremio, Juan Pablo Matte, y el presidente de la Sociedad de Fomento Agr\u00edcola de Temuco (SOFO), Marcelo Zirotti.<\/p>\n<p>\u201cHab\u00edan m\u00e1s de treinta dirigentes mapuches a quienes escuchamos con atenci\u00f3n para entender su cosmovisi\u00f3n, sus preocupaciones y necesidades. Nos explicaron, por ejemplo, que les gustar\u00eda aportar y ser parte del progreso del pa\u00eds, el cual ellos sienten que les pasa por el frente. Ni siquiera tienen acceso a cr\u00e9ditos o financiamiento para surgir y eso es algo que se debe cambiar\u201d, asever\u00f3 el timonel de la SNA.<\/p>\n<p>La actividad contempl\u00f3 mesas\u00a0de trabajo, donde dirigentes gremiales y mapuches plantearon cr\u00edticas y propuestas respecto de la situaci\u00f3n en la regi\u00f3n.<\/p>\n<p>\u201cEl Parlamento Mapuche reconoce la existencia de la violencia en la regi\u00f3n, manifestando que ese no es el camino para solucionar los problemas que los aquejan. Hemos coincidido en que, si bien el Estado ha fallado en el reconocimiento de sus necesidades como pueblo, la \u00fanica v\u00eda para poner fin a este hist\u00f3rico conflicto es el di\u00e1logo. Y ellos, est\u00e1n abiertos a entablarlo\u201d, agreg\u00f3 Arizt\u00eda.<\/p>\n<p>Finalmente, la SNA se comprometi\u00f3 con los dirigentes mapuches para convertirse en un interlocutor entre sus comunidades y los gremios empresariales del pa\u00eds para visibilizar a nivel nacional la realidad de las comunidades ind\u00edgenas de La Araucan\u00eda y sus necesidades. \u201cNuestra promesa fue ayudar a entablar y profundizar un di\u00e1logo entre el pueblo mapuche y los l\u00edderes de este pa\u00eds. Queremos ser un gremio interlocutor con el fin de aportar en la integraci\u00f3n de esos chilenos que se sienten totalmente rezagados\u201d, concluy\u00f3 Arizt\u00eda.<\/p>\n<p>Fuente: radioagricultura.cl<\/p>\n","protected":false},"excerpt":{"rendered":"<p>Chile.-Gremio intercambi\u00f3 visiones con dirigentes mapuches, con quienes se comprometi\u00f3 a ser interlocutor ante otros gremios empresariales para sostener reuniones [&hellip;]<\/p>\n","protected":false},"author":2,"featured_media":32534,"comment_status":"open","ping_status":"open","sticky":false,"template":"","format":"standard","meta":{"site-sidebar-layout":"default","site-content-layout":"","ast-site-content-layout":"default","site-content-style":"default","site-sidebar-style":"default","ast-global-header-display":"","ast-banner-title-visibility":"","ast-main-header-display":"","ast-hfb-above-header-display":"","ast-hfb-below-header-display":"","ast-hfb-mobile-header-display":"","site-post-title":"","ast-breadcrumbs-content":"","ast-featured-img":"","footer-sml-layout":"","ast-disable-related-posts":"","theme-transparent-header-meta":"","adv-header-id-meta":"","stick-header-meta":"","header-above-stick-meta":"","header-main-stick-meta":"","header-below-stick-meta":"","astra-migrate-meta-layouts":"default","ast-page-background-enabled":"default","ast-page-background-meta":{"desktop":{"background-color":"var(--ast-global-color-5)","background-image":"","background-repeat":"repeat","background-position":"center center","background-size":"auto","background-attachment":"scroll","background-type":"","background-media":"","overlay-type":"","overlay-color":"","overlay-opacity":"","overlay-gradient":""},"tablet":{"background-color":"","background-image":"","background-repeat":"repeat","background-position":"center center","background-size":"auto","background-attachment":"scroll","background-type":"","background-media":"","overlay-type":"","overlay-color":"","overlay-opacity":"","overlay-gradient":""},"mobile":{"background-color":"","background-image":"","background-repeat":"repeat","background-position":"center center","background-size":"auto","background-attachment":"scroll","background-type":"","background-media":"","overlay-type":"","overlay-color":"","overlay-opacity":"","overlay-gradient":""}},"ast-content-background-meta":{"desktop":{"background-color":"var(--ast-global-color-4)","background-image":"","background-repeat":"repeat","background-position":"center center","background-size":"auto","background-attachment":"scroll","background-type":"","background-media":"","overlay-type":"","overlay-color":"","overlay-opacity":"","overlay-gradient":""},"tablet":{"background-color":"var(--ast-global-color-4)","background-image":"","background-repeat":"repeat","background-position":"center center","background-size":"auto","background-attachment":"scroll","background-type":"","background-media":"","overlay-type":"","overlay-color":"","overlay-opacity":"","overlay-gradient":""},"mobile":{"background-color":"var(--ast-global-color-4)","background-image":"","background-repeat":"repeat","background-position":"center center","background-size":"auto","background-attachment":"scroll","background-type":"","background-media":"","overlay-type":"","overlay-color":"","overlay-opacity":"","overlay-gradient":""}},"footnotes":""},"categories":[23,1],"tags":[],"class_list":["post-32533","post","type-post","status-publish","format-standard","has-post-thumbnail","hentry","category-internacionales","category-noticias"],"yoast_head":"<!-- This site is optimized with the Yoast SEO Premium plugin v23.0 (Yoast SEO v27.5) - https:\/\/yoast.com\/product\/yoast-seo-premium-wordpress\/ -->\n<title>SNA particip\u00f3 en mesa de trabajo con Parlamento Mapuche<\/title>\n<meta name=\"robots\" content=\"index, follow, max-snippet:-1, max-image-preview:large, max-video-preview:-1\" \/>\n<link rel=\"canonical\" href=\"https:\/\/patagoniambiental.com.ar\/info\/sna-participo-en-mesa-de-trabajo-con-parlamento-mapuche\/\" \/>\n<meta property=\"og:locale\" content=\"es_ES\" \/>\n<meta property=\"og:type\" content=\"article\" \/>\n<meta property=\"og:title\" content=\"SNA particip\u00f3 en mesa de trabajo con Parlamento Mapuche\" \/>\n<meta property=\"og:description\" content=\"Chile.-Gremio intercambi\u00f3 visiones con dirigentes mapuches, con quienes se comprometi\u00f3 a ser interlocutor ante otros gremios empresariales para sostener reuniones [&hellip;]\" \/>\n<meta property=\"og:url\" content=\"https:\/\/patagoniambiental.com.ar\/info\/sna-participo-en-mesa-de-trabajo-con-parlamento-mapuche\/\" \/>\n<meta property=\"og:site_name\" content=\"Patagonia Ambiental\" \/>\n<meta property=\"article:publisher\" content=\"https:\/\/www.facebook.com\/patagonia.ambiental\" \/>\n<meta property=\"article:author\" content=\"https:\/\/www.facebook.com\/share\/1C1V8Gv9BX\/?mibextid=qi2Omg\" \/>\n<meta property=\"article:published_time\" content=\"2017-07-31T22:00:35+00:00\" \/>\n<meta property=\"og:image\" content=\"https:\/\/patagoniambiental.com.ar\/info\/wp-content\/uploads\/2017\/07\/sna-parlamento-mapuche-450x300.jpg\" \/>\n\t<meta property=\"og:image:width\" content=\"450\" \/>\n\t<meta property=\"og:image:height\" content=\"300\" \/>\n\t<meta property=\"og:image:type\" content=\"image\/jpeg\" \/>\n<meta name=\"author\" content=\"Patagonia Ambiental\" \/>\n<meta name=\"twitter:card\" content=\"summary_large_image\" \/>\n<meta name=\"twitter:creator\" content=\"@PatAmb\" \/>\n<meta name=\"twitter:site\" content=\"@PatAmb\" \/>\n<script type=\"application\/ld+json\" class=\"yoast-schema-graph\">{\"@context\":\"https:\\\/\\\/schema.org\",\"@graph\":[{\"@type\":\"Article\",\"@id\":\"https:\\\/\\\/patagoniambiental.com.ar\\\/info\\\/sna-participo-en-mesa-de-trabajo-con-parlamento-mapuche\\\/#article\",\"isPartOf\":{\"@id\":\"https:\\\/\\\/patagoniambiental.com.ar\\\/info\\\/sna-participo-en-mesa-de-trabajo-con-parlamento-mapuche\\\/\"},\"author\":{\"name\":\"Patagonia Ambiental\",\"@id\":\"https:\\\/\\\/patagoniambiental.com.ar\\\/info\\\/#\\\/schema\\\/person\\\/db12bff64bbcbf6a253710bf0ea37b5d\"},\"headline\":\"SNA particip\u00f3 en mesa de trabajo con Parlamento Mapuche\",\"datePublished\":\"2017-07-31T22:00:35+00:00\",\"mainEntityOfPage\":{\"@id\":\"https:\\\/\\\/patagoniambiental.com.ar\\\/info\\\/sna-participo-en-mesa-de-trabajo-con-parlamento-mapuche\\\/\"},\"wordCount\":419,\"commentCount\":0,\"publisher\":{\"@id\":\"https:\\\/\\\/patagoniambiental.com.ar\\\/info\\\/#organization\"},\"image\":{\"@id\":\"https:\\\/\\\/patagoniambiental.com.ar\\\/info\\\/sna-participo-en-mesa-de-trabajo-con-parlamento-mapuche\\\/#primaryimage\"},\"thumbnailUrl\":\"https:\\\/\\\/patagoniambiental.com.ar\\\/info\\\/wp-content\\\/uploads\\\/2017\\\/07\\\/sna-parlamento-mapuche-450x300.jpg\",\"articleSection\":[\"Internacionales\",\"Noticias\"],\"inLanguage\":\"es\",\"potentialAction\":[{\"@type\":\"CommentAction\",\"name\":\"Comment\",\"target\":[\"https:\\\/\\\/patagoniambiental.com.ar\\\/info\\\/sna-participo-en-mesa-de-trabajo-con-parlamento-mapuche\\\/#respond\"]}]},{\"@type\":\"WebPage\",\"@id\":\"https:\\\/\\\/patagoniambiental.com.ar\\\/info\\\/sna-participo-en-mesa-de-trabajo-con-parlamento-mapuche\\\/\",\"url\":\"https:\\\/\\\/patagoniambiental.com.ar\\\/info\\\/sna-participo-en-mesa-de-trabajo-con-parlamento-mapuche\\\/\",\"name\":\"SNA particip\u00f3 en mesa de trabajo con Parlamento Mapuche\",\"isPartOf\":{\"@id\":\"https:\\\/\\\/patagoniambiental.com.ar\\\/info\\\/#website\"},\"primaryImageOfPage\":{\"@id\":\"https:\\\/\\\/patagoniambiental.com.ar\\\/info\\\/sna-participo-en-mesa-de-trabajo-con-parlamento-mapuche\\\/#primaryimage\"},\"image\":{\"@id\":\"https:\\\/\\\/patagoniambiental.com.ar\\\/info\\\/sna-participo-en-mesa-de-trabajo-con-parlamento-mapuche\\\/#primaryimage\"},\"thumbnailUrl\":\"https:\\\/\\\/patagoniambiental.com.ar\\\/info\\\/wp-content\\\/uploads\\\/2017\\\/07\\\/sna-parlamento-mapuche-450x300.jpg\",\"datePublished\":\"2017-07-31T22:00:35+00:00\",\"breadcrumb\":{\"@id\":\"https:\\\/\\\/patagoniambiental.com.ar\\\/info\\\/sna-participo-en-mesa-de-trabajo-con-parlamento-mapuche\\\/#breadcrumb\"},\"inLanguage\":\"es\",\"potentialAction\":[{\"@type\":\"ReadAction\",\"target\":[\"https:\\\/\\\/patagoniambiental.com.ar\\\/info\\\/sna-participo-en-mesa-de-trabajo-con-parlamento-mapuche\\\/\"]}]},{\"@type\":\"ImageObject\",\"inLanguage\":\"es\",\"@id\":\"https:\\\/\\\/patagoniambiental.com.ar\\\/info\\\/sna-participo-en-mesa-de-trabajo-con-parlamento-mapuche\\\/#primaryimage\",\"url\":\"https:\\\/\\\/patagoniambiental.com.ar\\\/info\\\/wp-content\\\/uploads\\\/2017\\\/07\\\/sna-parlamento-mapuche-450x300.jpg\",\"contentUrl\":\"https:\\\/\\\/patagoniambiental.com.ar\\\/info\\\/wp-content\\\/uploads\\\/2017\\\/07\\\/sna-parlamento-mapuche-450x300.jpg\",\"width\":450,\"height\":300},{\"@type\":\"BreadcrumbList\",\"@id\":\"https:\\\/\\\/patagoniambiental.com.ar\\\/info\\\/sna-participo-en-mesa-de-trabajo-con-parlamento-mapuche\\\/#breadcrumb\",\"itemListElement\":[{\"@type\":\"ListItem\",\"position\":1,\"name\":\"Inicio\",\"item\":\"https:\\\/\\\/patagoniambiental.com.ar\\\/info\\\/\"},{\"@type\":\"ListItem\",\"position\":2,\"name\":\"SNA particip\u00f3 en mesa de trabajo con Parlamento Mapuche\"}]},{\"@type\":\"WebSite\",\"@id\":\"https:\\\/\\\/patagoniambiental.com.ar\\\/info\\\/#website\",\"url\":\"https:\\\/\\\/patagoniambiental.com.ar\\\/info\\\/\",\"name\":\"Patagonia Ambiental\",\"description\":\"Monitoreo y an\u00e1lisis de la situaci\u00f3n geopol\u00edtica en el mundo y su implicancia en la Patagonia\",\"publisher\":{\"@id\":\"https:\\\/\\\/patagoniambiental.com.ar\\\/info\\\/#organization\"},\"potentialAction\":[{\"@type\":\"SearchAction\",\"target\":{\"@type\":\"EntryPoint\",\"urlTemplate\":\"https:\\\/\\\/patagoniambiental.com.ar\\\/info\\\/?s={search_term_string}\"},\"query-input\":{\"@type\":\"PropertyValueSpecification\",\"valueRequired\":true,\"valueName\":\"search_term_string\"}}],\"inLanguage\":\"es\"},{\"@type\":\"Organization\",\"@id\":\"https:\\\/\\\/patagoniambiental.com.ar\\\/info\\\/#organization\",\"name\":\"Patagonia Ambiental\",\"url\":\"https:\\\/\\\/patagoniambiental.com.ar\\\/info\\\/\",\"logo\":{\"@type\":\"ImageObject\",\"inLanguage\":\"es\",\"@id\":\"https:\\\/\\\/patagoniambiental.com.ar\\\/info\\\/#\\\/schema\\\/logo\\\/image\\\/\",\"url\":\"https:\\\/\\\/patagoniambiental.com.ar\\\/info\\\/wp-content\\\/uploads\\\/2025\\\/05\\\/LOGO-PATAGONIA-AMBIENTAL.png\",\"contentUrl\":\"https:\\\/\\\/patagoniambiental.com.ar\\\/info\\\/wp-content\\\/uploads\\\/2025\\\/05\\\/LOGO-PATAGONIA-AMBIENTAL.png\",\"width\":433,\"height\":250,\"caption\":\"Patagonia Ambiental\"},\"image\":{\"@id\":\"https:\\\/\\\/patagoniambiental.com.ar\\\/info\\\/#\\\/schema\\\/logo\\\/image\\\/\"},\"sameAs\":[\"https:\\\/\\\/www.facebook.com\\\/patagonia.ambiental\",\"https:\\\/\\\/x.com\\\/PatAmb\"]},{\"@type\":\"Person\",\"@id\":\"https:\\\/\\\/patagoniambiental.com.ar\\\/info\\\/#\\\/schema\\\/person\\\/db12bff64bbcbf6a253710bf0ea37b5d\",\"name\":\"Patagonia Ambiental\",\"description\":\"Andr\u00e9s Nievas T\u00e9cnico en manejo ambiental, consultor Ambiental y escritor para medios locales e internacionales sobre temas de geopolitica y medio ambiente.\",\"sameAs\":[\"http:\\\/\\\/www.patagoniambiental.com.ar\",\"https:\\\/\\\/www.facebook.com\\\/share\\\/1C1V8Gv9BX\\\/?mibextid=qi2Omg\",\"@patagoniambiental\",\"https:\\\/\\\/youtube.com\\\/@patagoniaambiental2023?si=BLt58t0wuXquxlYZ\"]}]}<\/script>\n<!-- \/ Yoast SEO Premium plugin. -->","yoast_head_json":{"title":"SNA particip\u00f3 en mesa de trabajo con Parlamento Mapuche","robots":{"index":"index","follow":"follow","max-snippet":"max-snippet:-1","max-image-preview":"max-image-preview:large","max-video-preview":"max-video-preview:-1"},"canonical":"https:\/\/patagoniambiental.com.ar\/info\/sna-participo-en-mesa-de-trabajo-con-parlamento-mapuche\/","og_locale":"es_ES","og_type":"article","og_title":"SNA particip\u00f3 en mesa de trabajo con Parlamento Mapuche","og_description":"Chile.-Gremio intercambi\u00f3 visiones con dirigentes mapuches, con quienes se comprometi\u00f3 a ser interlocutor ante otros gremios empresariales para sostener reuniones [&hellip;]","og_url":"https:\/\/patagoniambiental.com.ar\/info\/sna-participo-en-mesa-de-trabajo-con-parlamento-mapuche\/","og_site_name":"Patagonia Ambiental","article_publisher":"https:\/\/www.facebook.com\/patagonia.ambiental","article_author":"https:\/\/www.facebook.com\/share\/1C1V8Gv9BX\/?mibextid=qi2Omg","article_published_time":"2017-07-31T22:00:35+00:00","og_image":[{"width":450,"height":300,"url":"https:\/\/patagoniambiental.com.ar\/info\/wp-content\/uploads\/2017\/07\/sna-parlamento-mapuche-450x300.jpg","type":"image\/jpeg"}],"author":"Patagonia Ambiental","twitter_card":"summary_large_image","twitter_creator":"@PatAmb","twitter_site":"@PatAmb","schema":{"@context":"https:\/\/schema.org","@graph":[{"@type":"Article","@id":"https:\/\/patagoniambiental.com.ar\/info\/sna-participo-en-mesa-de-trabajo-con-parlamento-mapuche\/#article","isPartOf":{"@id":"https:\/\/patagoniambiental.com.ar\/info\/sna-participo-en-mesa-de-trabajo-con-parlamento-mapuche\/"},"author":{"name":"Patagonia Ambiental","@id":"https:\/\/patagoniambiental.com.ar\/info\/#\/schema\/person\/db12bff64bbcbf6a253710bf0ea37b5d"},"headline":"SNA particip\u00f3 en mesa de trabajo con Parlamento Mapuche","datePublished":"2017-07-31T22:00:35+00:00","mainEntityOfPage":{"@id":"https:\/\/patagoniambiental.com.ar\/info\/sna-participo-en-mesa-de-trabajo-con-parlamento-mapuche\/"},"wordCount":419,"commentCount":0,"publisher":{"@id":"https:\/\/patagoniambiental.com.ar\/info\/#organization"},"image":{"@id":"https:\/\/patagoniambiental.com.ar\/info\/sna-participo-en-mesa-de-trabajo-con-parlamento-mapuche\/#primaryimage"},"thumbnailUrl":"https:\/\/patagoniambiental.com.ar\/info\/wp-content\/uploads\/2017\/07\/sna-parlamento-mapuche-450x300.jpg","articleSection":["Internacionales","Noticias"],"inLanguage":"es","potentialAction":[{"@type":"CommentAction","name":"Comment","target":["https:\/\/patagoniambiental.com.ar\/info\/sna-participo-en-mesa-de-trabajo-con-parlamento-mapuche\/#respond"]}]},{"@type":"WebPage","@id":"https:\/\/patagoniambiental.com.ar\/info\/sna-participo-en-mesa-de-trabajo-con-parlamento-mapuche\/","url":"https:\/\/patagoniambiental.com.ar\/info\/sna-participo-en-mesa-de-trabajo-con-parlamento-mapuche\/","name":"SNA particip\u00f3 en mesa de trabajo con Parlamento Mapuche","isPartOf":{"@id":"https:\/\/patagoniambiental.com.ar\/info\/#website"},"primaryImageOfPage":{"@id":"https:\/\/patagoniambiental.com.ar\/info\/sna-participo-en-mesa-de-trabajo-con-parlamento-mapuche\/#primaryimage"},"image":{"@id":"https:\/\/patagoniambiental.com.ar\/info\/sna-participo-en-mesa-de-trabajo-con-parlamento-mapuche\/#primaryimage"},"thumbnailUrl":"https:\/\/patagoniambiental.com.ar\/info\/wp-content\/uploads\/2017\/07\/sna-parlamento-mapuche-450x300.jpg","datePublished":"2017-07-31T22:00:35+00:00","breadcrumb":{"@id":"https:\/\/patagoniambiental.com.ar\/info\/sna-participo-en-mesa-de-trabajo-con-parlamento-mapuche\/#breadcrumb"},"inLanguage":"es","potentialAction":[{"@type":"ReadAction","target":["https:\/\/patagoniambiental.com.ar\/info\/sna-participo-en-mesa-de-trabajo-con-parlamento-mapuche\/"]}]},{"@type":"ImageObject","inLanguage":"es","@id":"https:\/\/patagoniambiental.com.ar\/info\/sna-participo-en-mesa-de-trabajo-con-parlamento-mapuche\/#primaryimage","url":"https:\/\/patagoniambiental.com.ar\/info\/wp-content\/uploads\/2017\/07\/sna-parlamento-mapuche-450x300.jpg","contentUrl":"https:\/\/patagoniambiental.com.ar\/info\/wp-content\/uploads\/2017\/07\/sna-parlamento-mapuche-450x300.jpg","width":450,"height":300},{"@type":"BreadcrumbList","@id":"https:\/\/patagoniambiental.com.ar\/info\/sna-participo-en-mesa-de-trabajo-con-parlamento-mapuche\/#breadcrumb","itemListElement":[{"@type":"ListItem","position":1,"name":"Inicio","item":"https:\/\/patagoniambiental.com.ar\/info\/"},{"@type":"ListItem","position":2,"name":"SNA particip\u00f3 en mesa de trabajo con Parlamento Mapuche"}]},{"@type":"WebSite","@id":"https:\/\/patagoniambiental.com.ar\/info\/#website","url":"https:\/\/patagoniambiental.com.ar\/info\/","name":"Patagonia Ambiental","description":"Monitoreo y an\u00e1lisis de la situaci\u00f3n geopol\u00edtica en el mundo y su implicancia en la Patagonia","publisher":{"@id":"https:\/\/patagoniambiental.com.ar\/info\/#organization"},"potentialAction":[{"@type":"SearchAction","target":{"@type":"EntryPoint","urlTemplate":"https:\/\/patagoniambiental.com.ar\/info\/?s={search_term_string}"},"query-input":{"@type":"PropertyValueSpecification","valueRequired":true,"valueName":"search_term_string"}}],"inLanguage":"es"},{"@type":"Organization","@id":"https:\/\/patagoniambiental.com.ar\/info\/#organization","name":"Patagonia Ambiental","url":"https:\/\/patagoniambiental.com.ar\/info\/","logo":{"@type":"ImageObject","inLanguage":"es","@id":"https:\/\/patagoniambiental.com.ar\/info\/#\/schema\/logo\/image\/","url":"https:\/\/patagoniambiental.com.ar\/info\/wp-content\/uploads\/2025\/05\/LOGO-PATAGONIA-AMBIENTAL.png","contentUrl":"https:\/\/patagoniambiental.com.ar\/info\/wp-content\/uploads\/2025\/05\/LOGO-PATAGONIA-AMBIENTAL.png","width":433,"height":250,"caption":"Patagonia Ambiental"},"image":{"@id":"https:\/\/patagoniambiental.com.ar\/info\/#\/schema\/logo\/image\/"},"sameAs":["https:\/\/www.facebook.com\/patagonia.ambiental","https:\/\/x.com\/PatAmb"]},{"@type":"Person","@id":"https:\/\/patagoniambiental.com.ar\/info\/#\/schema\/person\/db12bff64bbcbf6a253710bf0ea37b5d","name":"Patagonia Ambiental","description":"Andr\u00e9s Nievas T\u00e9cnico en manejo ambiental, consultor Ambiental y escritor para medios locales e internacionales sobre temas de geopolitica y medio ambiente.","sameAs":["http:\/\/www.patagoniambiental.com.ar","https:\/\/www.facebook.com\/share\/1C1V8Gv9BX\/?mibextid=qi2Omg","@patagoniambiental","https:\/\/youtube.com\/@patagoniaambiental2023?si=BLt58t0wuXquxlYZ"]}]}},"_links":{"self":[{"href":"https:\/\/patagoniambiental.com.ar\/info\/wp-json\/wp\/v2\/posts\/32533","targetHints":{"allow":["GET"]}}],"collection":[{"href":"https:\/\/patagoniambiental.com.ar\/info\/wp-json\/wp\/v2\/posts"}],"about":[{"href":"https:\/\/patagoniambiental.com.ar\/info\/wp-json\/wp\/v2\/types\/post"}],"author":[{"embeddable":true,"href":"https:\/\/patagoniambiental.com.ar\/info\/wp-json\/wp\/v2\/users\/2"}],"replies":[{"embeddable":true,"href":"https:\/\/patagoniambiental.com.ar\/info\/wp-json\/wp\/v2\/comments?post=32533"}],"version-history":[{"count":0,"href":"https:\/\/patagoniambiental.com.ar\/info\/wp-json\/wp\/v2\/posts\/32533\/revisions"}],"wp:featuredmedia":[{"embeddable":true,"href":"https:\/\/patagoniambiental.com.ar\/info\/wp-json\/wp\/v2\/media\/32534"}],"wp:attachment":[{"href":"https:\/\/patagoniambiental.com.ar\/info\/wp-json\/wp\/v2\/media?parent=32533"}],"wp:term":[{"taxonomy":"category","embeddable":true,"href":"https:\/\/patagoniambiental.com.ar\/info\/wp-json\/wp\/v2\/categories?post=32533"},{"taxonomy":"post_tag","embeddable":true,"href":"https:\/\/patagoniambiental.com.ar\/info\/wp-json\/wp\/v2\/tags?post=32533"}],"curies":[{"name":"wp","href":"https:\/\/api.w.org\/{rel}","templated":true}]}}