{"id":32580,"date":"2017-08-01T09:00:50","date_gmt":"2017-08-01T12:00:50","guid":{"rendered":"http:\/\/patagoniambiental.com.ar\/info\/?p=32580"},"modified":"2017-07-31T22:36:09","modified_gmt":"2017-08-01T01:36:09","slug":"veteranos-de-guerra-rechazan-tarea-de-identificacion-de-soldados-sepultados-en-malvinas","status":"publish","type":"post","link":"https:\/\/patagoniambiental.com.ar\/info\/veteranos-de-guerra-rechazan-tarea-de-identificacion-de-soldados-sepultados-en-malvinas\/","title":{"rendered":"Veteranos de Guerra rechazan tarea de identificaci\u00f3n de soldados sepultados en Malvinas"},"content":{"rendered":"<p>R\u00cdO NEGRO.- El director de Veteranos de Guerra de Malvinas, Rub\u00e9n Pablos, critic\u00f3 duramente las im\u00e1genes que se difundieron de las exhumaciones porque significa volver a abrir una herida profunda a las familias que entregaron sus hijos a la Patria.<\/p>\n<p>Hay que recordar que por un acuerdo entre la Argentina y Gran Breta\u00f1a, un equipo\u00a0de trabajo del Comit\u00e9 Internacional de la Cruz Roja (CICR) busca identificar a los soldados argentinos sepultados en el cementerio de Darwin en las Islas Malvinas.<\/p>\n<p>En declaraciones a FM Nativa de Viedma, Pablos se\u00f1al\u00f3 que las im\u00e1genes que se difundieron de las excavaciones en el cementerio de Darwin en Malvinas violan uno de los art\u00edculos del denominado Plan de Proyecto Humanitario y constituyen \u201cuna atrocidad\u201d.<\/p>\n<p>Record\u00f3 que la mayor\u00eda\u00a0de los veteranos y familiares se manifestaron en contra de esta tarea y ahora es evidente que \u201cno cuidaron la parte humanitaria de las familias que entregaron sus hijos a la Patria\u201d.<\/p>\n<p>Manifest\u00f3 que \u201cse acord\u00f3 desde hace dos a\u00f1os y medio identificar algunos cuerpos de compa\u00f1eros que no est\u00e1n con su nombre en el cementerio de Darwin, y lo que nosotros hemos dicho con muchos familiares, es que sabemos qui\u00e9nes son, c\u00f3mo murieron, la mayor\u00eda fueron enterrados por nosotros mismos\u201d.<\/p>\n<p>Enfatiz\u00f3 que \u201ces una falta de respeto que a 35 a\u00f1os, dicho por los familiares, abran esta herida profunda, porque ellos ya hab\u00edan hecho su duelo, ya hab\u00edan llorado a sus seres queridos, y se vuelve atr\u00e1s a todo esto solamente por una cuesti\u00f3n pol\u00edtica\u201d.<\/p>\n<p>Mencion\u00f3 que \u201chay una Comisi\u00f3n de Familiares de Ca\u00eddos que por ley son los responsables del mantenimiento y del cuidado del cementerio de Darwin y ni siquiera ellos fueron convocados\u201d.<\/p>\n<p>Pablos se\u00f1al\u00f3 que hay una tergiversaci\u00f3n de base que tiene que ver con que una parte del Gobierno anterior, acompa\u00f1ado por algunos veteranos, quiso instalar que los ca\u00eddos en Malvinas eran desaparecidos de la dictadura.<\/p>\n<p>Explic\u00f3 que \u00a0\u201cnosotros siempre sostenemos que si bien la guerra fue llevada adelante por un Gobierno de facto y yo con 19 a\u00f1os, conscripto, no ten\u00eda nada que ver con la dictadura, ni siquiera ten\u00eda el conocimiento profundo que tenemos hoy, fuimos orgullosos a defender a la Patria, con el desconocimiento de lo que era una guerra, pero con el uniforme de San Mart\u00edn y a defender la bandera de Belgrano. Esa fue nuestra realidad y nuestro orgullo\u201d, asever\u00f3.<\/p>\n<p>Dijo que no se duda de lo nefasta que fue la dictadura y dem\u00e1s, \u201cpero nosotros nunca nos sentimos v\u00edctimas ni nos quisimos victimizar, y tambi\u00e9n somos los primeros en no levantar la bandera de la guerra\u201d.<\/p>\n<p>Fuente:\u00a0<b>GOBIERNO DE R\u00cdO NEGRO<\/b><\/p>\n","protected":false},"excerpt":{"rendered":"<p>R\u00cdO NEGRO.- El director de Veteranos de Guerra de Malvinas, Rub\u00e9n Pablos, critic\u00f3 duramente las im\u00e1genes que se difundieron de [&hellip;]<\/p>\n","protected":false},"author":2,"featured_media":32581,"comment_status":"open","ping_status":"open","sticky":false,"template":"","format":"standard","meta":{"site-sidebar-layout":"default","site-content-layout":"","ast-site-content-layout":"default","site-content-style":"default","site-sidebar-style":"default","ast-global-header-display":"","ast-banner-title-visibility":"","ast-main-header-display":"","ast-hfb-above-header-display":"","ast-hfb-below-header-display":"","ast-hfb-mobile-header-display":"","site-post-title":"","ast-breadcrumbs-content":"","ast-featured-img":"","footer-sml-layout":"","ast-disable-related-posts":"","theme-transparent-header-meta":"","adv-header-id-meta":"","stick-header-meta":"","header-above-stick-meta":"","header-main-stick-meta":"","header-below-stick-meta":"","astra-migrate-meta-layouts":"default","ast-page-background-enabled":"default","ast-page-background-meta":{"desktop":{"background-color":"var(--ast-global-color-5)","background-image":"","background-repeat":"repeat","background-position":"center center","background-size":"auto","background-attachment":"scroll","background-type":"","background-media":"","overlay-type":"","overlay-color":"","overlay-opacity":"","overlay-gradient":""},"tablet":{"background-color":"","background-image":"","background-repeat":"repeat","background-position":"center center","background-size":"auto","background-attachment":"scroll","background-type":"","background-media":"","overlay-type":"","overlay-color":"","overlay-opacity":"","overlay-gradient":""},"mobile":{"background-color":"","background-image":"","background-repeat":"repeat","background-position":"center center","background-size":"auto","background-attachment":"scroll","background-type":"","background-media":"","overlay-type":"","overlay-color":"","overlay-opacity":"","overlay-gradient":""}},"ast-content-background-meta":{"desktop":{"background-color":"var(--ast-global-color-4)","background-image":"","background-repeat":"repeat","background-position":"center center","background-size":"auto","background-attachment":"scroll","background-type":"","background-media":"","overlay-type":"","overlay-color":"","overlay-opacity":"","overlay-gradient":""},"tablet":{"background-color":"var(--ast-global-color-4)","background-image":"","background-repeat":"repeat","background-position":"center center","background-size":"auto","background-attachment":"scroll","background-type":"","background-media":"","overlay-type":"","overlay-color":"","overlay-opacity":"","overlay-gradient":""},"mobile":{"background-color":"var(--ast-global-color-4)","background-image":"","background-repeat":"repeat","background-position":"center center","background-size":"auto","background-attachment":"scroll","background-type":"","background-media":"","overlay-type":"","overlay-color":"","overlay-opacity":"","overlay-gradient":""}},"footnotes":""},"categories":[1,14],"tags":[],"class_list":["post-32580","post","type-post","status-publish","format-standard","has-post-thumbnail","hentry","category-noticias","category-rio-negro"],"yoast_head":"<!-- This site is optimized with the Yoast SEO Premium plugin v23.0 (Yoast SEO v27.4) - https:\/\/yoast.com\/product\/yoast-seo-premium-wordpress\/ -->\n<title>Veteranos de Guerra rechazan tarea de identificaci\u00f3n de soldados sepultados en Malvinas<\/title>\n<meta name=\"robots\" content=\"index, follow, max-snippet:-1, max-image-preview:large, max-video-preview:-1\" \/>\n<link rel=\"canonical\" href=\"https:\/\/patagoniambiental.com.ar\/info\/veteranos-de-guerra-rechazan-tarea-de-identificacion-de-soldados-sepultados-en-malvinas\/\" \/>\n<meta property=\"og:locale\" content=\"es_ES\" \/>\n<meta property=\"og:type\" content=\"article\" \/>\n<meta property=\"og:title\" content=\"Veteranos de Guerra rechazan tarea de identificaci\u00f3n de soldados sepultados en Malvinas\" \/>\n<meta property=\"og:description\" content=\"R\u00cdO NEGRO.- El director de Veteranos de Guerra de Malvinas, Rub\u00e9n Pablos, critic\u00f3 duramente las im\u00e1genes que se difundieron de [&hellip;]\" \/>\n<meta property=\"og:url\" content=\"https:\/\/patagoniambiental.com.ar\/info\/veteranos-de-guerra-rechazan-tarea-de-identificacion-de-soldados-sepultados-en-malvinas\/\" \/>\n<meta property=\"og:site_name\" content=\"Patagonia Ambiental\" \/>\n<meta property=\"article:publisher\" content=\"https:\/\/www.facebook.com\/patagonia.ambiental\" \/>\n<meta property=\"article:author\" content=\"https:\/\/www.facebook.com\/share\/1C1V8Gv9BX\/?mibextid=qi2Omg\" \/>\n<meta property=\"article:published_time\" content=\"2017-08-01T12:00:50+00:00\" \/>\n<meta property=\"og:image\" content=\"https:\/\/patagoniambiental.com.ar\/info\/wp-content\/uploads\/2017\/07\/malvinas-cementerio.jpg\" \/>\n\t<meta property=\"og:image:width\" content=\"299\" \/>\n\t<meta property=\"og:image:height\" content=\"168\" \/>\n\t<meta property=\"og:image:type\" content=\"image\/jpeg\" \/>\n<meta name=\"author\" content=\"Patagonia Ambiental\" \/>\n<meta name=\"twitter:card\" content=\"summary_large_image\" \/>\n<meta name=\"twitter:creator\" content=\"@PatAmb\" \/>\n<meta name=\"twitter:site\" content=\"@PatAmb\" \/>\n<script type=\"application\/ld+json\" class=\"yoast-schema-graph\">{\"@context\":\"https:\\\/\\\/schema.org\",\"@graph\":[{\"@type\":\"Article\",\"@id\":\"https:\\\/\\\/patagoniambiental.com.ar\\\/info\\\/veteranos-de-guerra-rechazan-tarea-de-identificacion-de-soldados-sepultados-en-malvinas\\\/#article\",\"isPartOf\":{\"@id\":\"https:\\\/\\\/patagoniambiental.com.ar\\\/info\\\/veteranos-de-guerra-rechazan-tarea-de-identificacion-de-soldados-sepultados-en-malvinas\\\/\"},\"author\":{\"name\":\"Patagonia Ambiental\",\"@id\":\"https:\\\/\\\/patagoniambiental.com.ar\\\/info\\\/#\\\/schema\\\/person\\\/db12bff64bbcbf6a253710bf0ea37b5d\"},\"headline\":\"Veteranos de Guerra rechazan tarea de identificaci\u00f3n de soldados sepultados en Malvinas\",\"datePublished\":\"2017-08-01T12:00:50+00:00\",\"mainEntityOfPage\":{\"@id\":\"https:\\\/\\\/patagoniambiental.com.ar\\\/info\\\/veteranos-de-guerra-rechazan-tarea-de-identificacion-de-soldados-sepultados-en-malvinas\\\/\"},\"wordCount\":483,\"commentCount\":0,\"publisher\":{\"@id\":\"https:\\\/\\\/patagoniambiental.com.ar\\\/info\\\/#organization\"},\"image\":{\"@id\":\"https:\\\/\\\/patagoniambiental.com.ar\\\/info\\\/veteranos-de-guerra-rechazan-tarea-de-identificacion-de-soldados-sepultados-en-malvinas\\\/#primaryimage\"},\"thumbnailUrl\":\"https:\\\/\\\/patagoniambiental.com.ar\\\/info\\\/wp-content\\\/uploads\\\/2017\\\/07\\\/malvinas-cementerio.jpg\",\"articleSection\":[\"Noticias\",\"R\u00edo Negro\"],\"inLanguage\":\"es\",\"potentialAction\":[{\"@type\":\"CommentAction\",\"name\":\"Comment\",\"target\":[\"https:\\\/\\\/patagoniambiental.com.ar\\\/info\\\/veteranos-de-guerra-rechazan-tarea-de-identificacion-de-soldados-sepultados-en-malvinas\\\/#respond\"]}]},{\"@type\":\"WebPage\",\"@id\":\"https:\\\/\\\/patagoniambiental.com.ar\\\/info\\\/veteranos-de-guerra-rechazan-tarea-de-identificacion-de-soldados-sepultados-en-malvinas\\\/\",\"url\":\"https:\\\/\\\/patagoniambiental.com.ar\\\/info\\\/veteranos-de-guerra-rechazan-tarea-de-identificacion-de-soldados-sepultados-en-malvinas\\\/\",\"name\":\"Veteranos de Guerra rechazan tarea de identificaci\u00f3n de soldados sepultados en Malvinas\",\"isPartOf\":{\"@id\":\"https:\\\/\\\/patagoniambiental.com.ar\\\/info\\\/#website\"},\"primaryImageOfPage\":{\"@id\":\"https:\\\/\\\/patagoniambiental.com.ar\\\/info\\\/veteranos-de-guerra-rechazan-tarea-de-identificacion-de-soldados-sepultados-en-malvinas\\\/#primaryimage\"},\"image\":{\"@id\":\"https:\\\/\\\/patagoniambiental.com.ar\\\/info\\\/veteranos-de-guerra-rechazan-tarea-de-identificacion-de-soldados-sepultados-en-malvinas\\\/#primaryimage\"},\"thumbnailUrl\":\"https:\\\/\\\/patagoniambiental.com.ar\\\/info\\\/wp-content\\\/uploads\\\/2017\\\/07\\\/malvinas-cementerio.jpg\",\"datePublished\":\"2017-08-01T12:00:50+00:00\",\"breadcrumb\":{\"@id\":\"https:\\\/\\\/patagoniambiental.com.ar\\\/info\\\/veteranos-de-guerra-rechazan-tarea-de-identificacion-de-soldados-sepultados-en-malvinas\\\/#breadcrumb\"},\"inLanguage\":\"es\",\"potentialAction\":[{\"@type\":\"ReadAction\",\"target\":[\"https:\\\/\\\/patagoniambiental.com.ar\\\/info\\\/veteranos-de-guerra-rechazan-tarea-de-identificacion-de-soldados-sepultados-en-malvinas\\\/\"]}]},{\"@type\":\"ImageObject\",\"inLanguage\":\"es\",\"@id\":\"https:\\\/\\\/patagoniambiental.com.ar\\\/info\\\/veteranos-de-guerra-rechazan-tarea-de-identificacion-de-soldados-sepultados-en-malvinas\\\/#primaryimage\",\"url\":\"https:\\\/\\\/patagoniambiental.com.ar\\\/info\\\/wp-content\\\/uploads\\\/2017\\\/07\\\/malvinas-cementerio.jpg\",\"contentUrl\":\"https:\\\/\\\/patagoniambiental.com.ar\\\/info\\\/wp-content\\\/uploads\\\/2017\\\/07\\\/malvinas-cementerio.jpg\",\"width\":299,\"height\":168},{\"@type\":\"BreadcrumbList\",\"@id\":\"https:\\\/\\\/patagoniambiental.com.ar\\\/info\\\/veteranos-de-guerra-rechazan-tarea-de-identificacion-de-soldados-sepultados-en-malvinas\\\/#breadcrumb\",\"itemListElement\":[{\"@type\":\"ListItem\",\"position\":1,\"name\":\"Inicio\",\"item\":\"https:\\\/\\\/patagoniambiental.com.ar\\\/info\\\/\"},{\"@type\":\"ListItem\",\"position\":2,\"name\":\"Veteranos de Guerra rechazan tarea de identificaci\u00f3n de soldados sepultados en Malvinas\"}]},{\"@type\":\"WebSite\",\"@id\":\"https:\\\/\\\/patagoniambiental.com.ar\\\/info\\\/#website\",\"url\":\"https:\\\/\\\/patagoniambiental.com.ar\\\/info\\\/\",\"name\":\"Patagonia Ambiental\",\"description\":\"Monitoreo y an\u00e1lisis de la situaci\u00f3n geopol\u00edtica en el mundo y su implicancia en la Patagonia\",\"publisher\":{\"@id\":\"https:\\\/\\\/patagoniambiental.com.ar\\\/info\\\/#organization\"},\"potentialAction\":[{\"@type\":\"SearchAction\",\"target\":{\"@type\":\"EntryPoint\",\"urlTemplate\":\"https:\\\/\\\/patagoniambiental.com.ar\\\/info\\\/?s={search_term_string}\"},\"query-input\":{\"@type\":\"PropertyValueSpecification\",\"valueRequired\":true,\"valueName\":\"search_term_string\"}}],\"inLanguage\":\"es\"},{\"@type\":\"Organization\",\"@id\":\"https:\\\/\\\/patagoniambiental.com.ar\\\/info\\\/#organization\",\"name\":\"Patagonia Ambiental\",\"url\":\"https:\\\/\\\/patagoniambiental.com.ar\\\/info\\\/\",\"logo\":{\"@type\":\"ImageObject\",\"inLanguage\":\"es\",\"@id\":\"https:\\\/\\\/patagoniambiental.com.ar\\\/info\\\/#\\\/schema\\\/logo\\\/image\\\/\",\"url\":\"https:\\\/\\\/patagoniambiental.com.ar\\\/info\\\/wp-content\\\/uploads\\\/2025\\\/05\\\/LOGO-PATAGONIA-AMBIENTAL.png\",\"contentUrl\":\"https:\\\/\\\/patagoniambiental.com.ar\\\/info\\\/wp-content\\\/uploads\\\/2025\\\/05\\\/LOGO-PATAGONIA-AMBIENTAL.png\",\"width\":433,\"height\":250,\"caption\":\"Patagonia Ambiental\"},\"image\":{\"@id\":\"https:\\\/\\\/patagoniambiental.com.ar\\\/info\\\/#\\\/schema\\\/logo\\\/image\\\/\"},\"sameAs\":[\"https:\\\/\\\/www.facebook.com\\\/patagonia.ambiental\",\"https:\\\/\\\/x.com\\\/PatAmb\"]},{\"@type\":\"Person\",\"@id\":\"https:\\\/\\\/patagoniambiental.com.ar\\\/info\\\/#\\\/schema\\\/person\\\/db12bff64bbcbf6a253710bf0ea37b5d\",\"name\":\"Patagonia Ambiental\",\"description\":\"Andr\u00e9s Nievas T\u00e9cnico en manejo ambiental, consultor Ambiental y escritor para medios locales e internacionales sobre temas de geopolitica y medio ambiente.\",\"sameAs\":[\"http:\\\/\\\/www.patagoniambiental.com.ar\",\"https:\\\/\\\/www.facebook.com\\\/share\\\/1C1V8Gv9BX\\\/?mibextid=qi2Omg\",\"@patagoniambiental\",\"https:\\\/\\\/youtube.com\\\/@patagoniaambiental2023?si=BLt58t0wuXquxlYZ\"]}]}<\/script>\n<!-- \/ Yoast SEO Premium plugin. -->","yoast_head_json":{"title":"Veteranos de Guerra rechazan tarea de identificaci\u00f3n de soldados sepultados en Malvinas","robots":{"index":"index","follow":"follow","max-snippet":"max-snippet:-1","max-image-preview":"max-image-preview:large","max-video-preview":"max-video-preview:-1"},"canonical":"https:\/\/patagoniambiental.com.ar\/info\/veteranos-de-guerra-rechazan-tarea-de-identificacion-de-soldados-sepultados-en-malvinas\/","og_locale":"es_ES","og_type":"article","og_title":"Veteranos de Guerra rechazan tarea de identificaci\u00f3n de soldados sepultados en Malvinas","og_description":"R\u00cdO NEGRO.- El director de Veteranos de Guerra de Malvinas, Rub\u00e9n Pablos, critic\u00f3 duramente las im\u00e1genes que se difundieron de [&hellip;]","og_url":"https:\/\/patagoniambiental.com.ar\/info\/veteranos-de-guerra-rechazan-tarea-de-identificacion-de-soldados-sepultados-en-malvinas\/","og_site_name":"Patagonia Ambiental","article_publisher":"https:\/\/www.facebook.com\/patagonia.ambiental","article_author":"https:\/\/www.facebook.com\/share\/1C1V8Gv9BX\/?mibextid=qi2Omg","article_published_time":"2017-08-01T12:00:50+00:00","og_image":[{"width":299,"height":168,"url":"https:\/\/patagoniambiental.com.ar\/info\/wp-content\/uploads\/2017\/07\/malvinas-cementerio.jpg","type":"image\/jpeg"}],"author":"Patagonia Ambiental","twitter_card":"summary_large_image","twitter_creator":"@PatAmb","twitter_site":"@PatAmb","schema":{"@context":"https:\/\/schema.org","@graph":[{"@type":"Article","@id":"https:\/\/patagoniambiental.com.ar\/info\/veteranos-de-guerra-rechazan-tarea-de-identificacion-de-soldados-sepultados-en-malvinas\/#article","isPartOf":{"@id":"https:\/\/patagoniambiental.com.ar\/info\/veteranos-de-guerra-rechazan-tarea-de-identificacion-de-soldados-sepultados-en-malvinas\/"},"author":{"name":"Patagonia Ambiental","@id":"https:\/\/patagoniambiental.com.ar\/info\/#\/schema\/person\/db12bff64bbcbf6a253710bf0ea37b5d"},"headline":"Veteranos de Guerra rechazan tarea de identificaci\u00f3n de soldados sepultados en Malvinas","datePublished":"2017-08-01T12:00:50+00:00","mainEntityOfPage":{"@id":"https:\/\/patagoniambiental.com.ar\/info\/veteranos-de-guerra-rechazan-tarea-de-identificacion-de-soldados-sepultados-en-malvinas\/"},"wordCount":483,"commentCount":0,"publisher":{"@id":"https:\/\/patagoniambiental.com.ar\/info\/#organization"},"image":{"@id":"https:\/\/patagoniambiental.com.ar\/info\/veteranos-de-guerra-rechazan-tarea-de-identificacion-de-soldados-sepultados-en-malvinas\/#primaryimage"},"thumbnailUrl":"https:\/\/patagoniambiental.com.ar\/info\/wp-content\/uploads\/2017\/07\/malvinas-cementerio.jpg","articleSection":["Noticias","R\u00edo Negro"],"inLanguage":"es","potentialAction":[{"@type":"CommentAction","name":"Comment","target":["https:\/\/patagoniambiental.com.ar\/info\/veteranos-de-guerra-rechazan-tarea-de-identificacion-de-soldados-sepultados-en-malvinas\/#respond"]}]},{"@type":"WebPage","@id":"https:\/\/patagoniambiental.com.ar\/info\/veteranos-de-guerra-rechazan-tarea-de-identificacion-de-soldados-sepultados-en-malvinas\/","url":"https:\/\/patagoniambiental.com.ar\/info\/veteranos-de-guerra-rechazan-tarea-de-identificacion-de-soldados-sepultados-en-malvinas\/","name":"Veteranos de Guerra rechazan tarea de identificaci\u00f3n de soldados sepultados en Malvinas","isPartOf":{"@id":"https:\/\/patagoniambiental.com.ar\/info\/#website"},"primaryImageOfPage":{"@id":"https:\/\/patagoniambiental.com.ar\/info\/veteranos-de-guerra-rechazan-tarea-de-identificacion-de-soldados-sepultados-en-malvinas\/#primaryimage"},"image":{"@id":"https:\/\/patagoniambiental.com.ar\/info\/veteranos-de-guerra-rechazan-tarea-de-identificacion-de-soldados-sepultados-en-malvinas\/#primaryimage"},"thumbnailUrl":"https:\/\/patagoniambiental.com.ar\/info\/wp-content\/uploads\/2017\/07\/malvinas-cementerio.jpg","datePublished":"2017-08-01T12:00:50+00:00","breadcrumb":{"@id":"https:\/\/patagoniambiental.com.ar\/info\/veteranos-de-guerra-rechazan-tarea-de-identificacion-de-soldados-sepultados-en-malvinas\/#breadcrumb"},"inLanguage":"es","potentialAction":[{"@type":"ReadAction","target":["https:\/\/patagoniambiental.com.ar\/info\/veteranos-de-guerra-rechazan-tarea-de-identificacion-de-soldados-sepultados-en-malvinas\/"]}]},{"@type":"ImageObject","inLanguage":"es","@id":"https:\/\/patagoniambiental.com.ar\/info\/veteranos-de-guerra-rechazan-tarea-de-identificacion-de-soldados-sepultados-en-malvinas\/#primaryimage","url":"https:\/\/patagoniambiental.com.ar\/info\/wp-content\/uploads\/2017\/07\/malvinas-cementerio.jpg","contentUrl":"https:\/\/patagoniambiental.com.ar\/info\/wp-content\/uploads\/2017\/07\/malvinas-cementerio.jpg","width":299,"height":168},{"@type":"BreadcrumbList","@id":"https:\/\/patagoniambiental.com.ar\/info\/veteranos-de-guerra-rechazan-tarea-de-identificacion-de-soldados-sepultados-en-malvinas\/#breadcrumb","itemListElement":[{"@type":"ListItem","position":1,"name":"Inicio","item":"https:\/\/patagoniambiental.com.ar\/info\/"},{"@type":"ListItem","position":2,"name":"Veteranos de Guerra rechazan tarea de identificaci\u00f3n de soldados sepultados en Malvinas"}]},{"@type":"WebSite","@id":"https:\/\/patagoniambiental.com.ar\/info\/#website","url":"https:\/\/patagoniambiental.com.ar\/info\/","name":"Patagonia Ambiental","description":"Monitoreo y an\u00e1lisis de la situaci\u00f3n geopol\u00edtica en el mundo y su implicancia en la Patagonia","publisher":{"@id":"https:\/\/patagoniambiental.com.ar\/info\/#organization"},"potentialAction":[{"@type":"SearchAction","target":{"@type":"EntryPoint","urlTemplate":"https:\/\/patagoniambiental.com.ar\/info\/?s={search_term_string}"},"query-input":{"@type":"PropertyValueSpecification","valueRequired":true,"valueName":"search_term_string"}}],"inLanguage":"es"},{"@type":"Organization","@id":"https:\/\/patagoniambiental.com.ar\/info\/#organization","name":"Patagonia Ambiental","url":"https:\/\/patagoniambiental.com.ar\/info\/","logo":{"@type":"ImageObject","inLanguage":"es","@id":"https:\/\/patagoniambiental.com.ar\/info\/#\/schema\/logo\/image\/","url":"https:\/\/patagoniambiental.com.ar\/info\/wp-content\/uploads\/2025\/05\/LOGO-PATAGONIA-AMBIENTAL.png","contentUrl":"https:\/\/patagoniambiental.com.ar\/info\/wp-content\/uploads\/2025\/05\/LOGO-PATAGONIA-AMBIENTAL.png","width":433,"height":250,"caption":"Patagonia Ambiental"},"image":{"@id":"https:\/\/patagoniambiental.com.ar\/info\/#\/schema\/logo\/image\/"},"sameAs":["https:\/\/www.facebook.com\/patagonia.ambiental","https:\/\/x.com\/PatAmb"]},{"@type":"Person","@id":"https:\/\/patagoniambiental.com.ar\/info\/#\/schema\/person\/db12bff64bbcbf6a253710bf0ea37b5d","name":"Patagonia Ambiental","description":"Andr\u00e9s Nievas T\u00e9cnico en manejo ambiental, consultor Ambiental y escritor para medios locales e internacionales sobre temas de geopolitica y medio ambiente.","sameAs":["http:\/\/www.patagoniambiental.com.ar","https:\/\/www.facebook.com\/share\/1C1V8Gv9BX\/?mibextid=qi2Omg","@patagoniambiental","https:\/\/youtube.com\/@patagoniaambiental2023?si=BLt58t0wuXquxlYZ"]}]}},"_links":{"self":[{"href":"https:\/\/patagoniambiental.com.ar\/info\/wp-json\/wp\/v2\/posts\/32580","targetHints":{"allow":["GET"]}}],"collection":[{"href":"https:\/\/patagoniambiental.com.ar\/info\/wp-json\/wp\/v2\/posts"}],"about":[{"href":"https:\/\/patagoniambiental.com.ar\/info\/wp-json\/wp\/v2\/types\/post"}],"author":[{"embeddable":true,"href":"https:\/\/patagoniambiental.com.ar\/info\/wp-json\/wp\/v2\/users\/2"}],"replies":[{"embeddable":true,"href":"https:\/\/patagoniambiental.com.ar\/info\/wp-json\/wp\/v2\/comments?post=32580"}],"version-history":[{"count":0,"href":"https:\/\/patagoniambiental.com.ar\/info\/wp-json\/wp\/v2\/posts\/32580\/revisions"}],"wp:featuredmedia":[{"embeddable":true,"href":"https:\/\/patagoniambiental.com.ar\/info\/wp-json\/wp\/v2\/media\/32581"}],"wp:attachment":[{"href":"https:\/\/patagoniambiental.com.ar\/info\/wp-json\/wp\/v2\/media?parent=32580"}],"wp:term":[{"taxonomy":"category","embeddable":true,"href":"https:\/\/patagoniambiental.com.ar\/info\/wp-json\/wp\/v2\/categories?post=32580"},{"taxonomy":"post_tag","embeddable":true,"href":"https:\/\/patagoniambiental.com.ar\/info\/wp-json\/wp\/v2\/tags?post=32580"}],"curies":[{"name":"wp","href":"https:\/\/api.w.org\/{rel}","templated":true}]}}