{"id":32673,"date":"2017-08-02T19:00:34","date_gmt":"2017-08-02T22:00:34","guid":{"rendered":"http:\/\/patagoniambiental.com.ar\/info\/?p=32673"},"modified":"2017-08-02T13:46:12","modified_gmt":"2017-08-02T16:46:12","slug":"un-intendente-del-alto-valle-quiere-la-central-nuclear-para-su-pueblo-mierco","status":"publish","type":"post","link":"https:\/\/patagoniambiental.com.ar\/info\/un-intendente-del-alto-valle-quiere-la-central-nuclear-para-su-pueblo-mierco\/","title":{"rendered":"Un intendente del Alto Valle quiere la central nuclear para su pueblo  Mi\u00e9rco"},"content":{"rendered":"<aside class=\"article-aside clearfix\">\n<header class=\"article-header clearfix\"><\/header>\n<dl class=\"article-info pull-left\">\n<dd class=\"published\"><\/dd>\n<\/dl>\n<p class=\"pull-right\">\n<\/aside>\n<div class=\"bajada\">Mainque.-Se trata del justicialista Miguel Petricio, jefe comunal de Mainqu\u00e9. \u00abNo tenemos obras ni desarrollo\u00bb, se\u00f1al\u00f3.<\/div>\n<p><!--more--><\/p>\n<div class=\"karmany_clearboth\"><\/div>\n<div id=\"articlepxfontsize1\">\n<div class=\"moduletable\">\n<div class=\"gallery\">\n<div class=\"pictures\">\n<div class=\"unaImg\"><img decoding=\"async\" title=\"Cr\u00e9ditos:  Peri\u00f3dico La Comuna Regina.\" src=\"http:\/\/www.noticiasnet.com.ar\/images\/di\/38707_59081_intendentemainque.jpg\" alt=\"Cr\u00e9ditos:  Peri\u00f3dico La Comuna Regina.\" \/><\/p>\n<div class=\"caption\">Cr\u00e9ditos: Peri\u00f3dico La Comuna Regina.<\/div>\n<\/div>\n<\/div>\n<div><\/div>\n<\/div>\n<\/div>\n<p>&nbsp;<\/p>\n<p>Miguel Petricio, intendente justicialista de la localidad de Mainqu\u00e9, situada en el Alto Valle rionegrino, se\u00f1al\u00f3 que estar\u00eda a favor de que se instale la planta nuclear en su pueblo.<\/p>\n<p>\u201cTenemos 4.000 hect\u00e1reas para ofrecer para la central nuclear. Hay cuatro plantas nucleares instaladas en el pa\u00eds y nunca ha pasado nada. Yo no estoy muy de acuerdo en mis convicciones pero tambi\u00e9n me pregunto, \u00bfcu\u00e1l es el temor?\u201d, se\u00f1al\u00f3 en declaraciones a FM La S\u00faper.<\/p>\n<p>&nbsp;<\/p>\n<p>Petricio manifest\u00f3 que se podr\u00eda llevar a cabo una consulta entre los vecinos para ver si est\u00e1n de acuerdo o no con la iniciativa.<\/p>\n<p>\u201cPorque ac\u00e1 no salimos a defender a la sociedad mainquina cuando construyeron la muralla de la Ruta Nacional N\u00b0 22 frente a nuestro pueblo. Nos estamos ba\u00f1ando en el esti\u00e9rcol de los roquenses, allenses, cipole\u00f1os, etc, y la comunidad permanece ajena. La hipocres\u00eda tiene que tener tambi\u00e9n un l\u00edmite. No es que el intendente lo va a sancionar por decreto o una ordenanza. Hay que debatirlo, con m\u00e1s informaci\u00f3n y si el pueblo decide que se instale, tal vez es la manera de que una vez por todas despegue la comunidad\u201d, dijo Petricio quien se\u00f1al\u00f3 que la ciudad no tiene obras ni desarrollo.<\/p>\n<p>&nbsp;<\/p>\n<p>El intendente aclar\u00f3 que lo suyo es una opini\u00f3n \u201cpara que la ciudadan\u00eda de Mainqu\u00e9 decida en su conjunto si estamos de acuerdo o no para la instalaci\u00f3n de la central nuclear\u201d.<\/p>\n<p>Fuente: ANRoca\n<\/p><\/div>\n","protected":false},"excerpt":{"rendered":"<p>Mainque.-Se trata del justicialista Miguel Petricio, jefe comunal de Mainqu\u00e9. \u00abNo tenemos obras ni desarrollo\u00bb, se\u00f1al\u00f3.<\/p>\n","protected":false},"author":2,"featured_media":32674,"comment_status":"open","ping_status":"open","sticky":false,"template":"","format":"standard","meta":{"site-sidebar-layout":"default","site-content-layout":"","ast-site-content-layout":"default","site-content-style":"default","site-sidebar-style":"default","ast-global-header-display":"","ast-banner-title-visibility":"","ast-main-header-display":"","ast-hfb-above-header-display":"","ast-hfb-below-header-display":"","ast-hfb-mobile-header-display":"","site-post-title":"","ast-breadcrumbs-content":"","ast-featured-img":"","footer-sml-layout":"","ast-disable-related-posts":"","theme-transparent-header-meta":"","adv-header-id-meta":"","stick-header-meta":"","header-above-stick-meta":"","header-main-stick-meta":"","header-below-stick-meta":"","astra-migrate-meta-layouts":"default","ast-page-background-enabled":"default","ast-page-background-meta":{"desktop":{"background-color":"var(--ast-global-color-5)","background-image":"","background-repeat":"repeat","background-position":"center center","background-size":"auto","background-attachment":"scroll","background-type":"","background-media":"","overlay-type":"","overlay-color":"","overlay-opacity":"","overlay-gradient":""},"tablet":{"background-color":"","background-image":"","background-repeat":"repeat","background-position":"center center","background-size":"auto","background-attachment":"scroll","background-type":"","background-media":"","overlay-type":"","overlay-color":"","overlay-opacity":"","overlay-gradient":""},"mobile":{"background-color":"","background-image":"","background-repeat":"repeat","background-position":"center center","background-size":"auto","background-attachment":"scroll","background-type":"","background-media":"","overlay-type":"","overlay-color":"","overlay-opacity":"","overlay-gradient":""}},"ast-content-background-meta":{"desktop":{"background-color":"var(--ast-global-color-4)","background-image":"","background-repeat":"repeat","background-position":"center center","background-size":"auto","background-attachment":"scroll","background-type":"","background-media":"","overlay-type":"","overlay-color":"","overlay-opacity":"","overlay-gradient":""},"tablet":{"background-color":"var(--ast-global-color-4)","background-image":"","background-repeat":"repeat","background-position":"center center","background-size":"auto","background-attachment":"scroll","background-type":"","background-media":"","overlay-type":"","overlay-color":"","overlay-opacity":"","overlay-gradient":""},"mobile":{"background-color":"var(--ast-global-color-4)","background-image":"","background-repeat":"repeat","background-position":"center center","background-size":"auto","background-attachment":"scroll","background-type":"","background-media":"","overlay-type":"","overlay-color":"","overlay-opacity":"","overlay-gradient":""}},"footnotes":""},"categories":[16,1],"tags":[],"class_list":["post-32673","post","type-post","status-publish","format-standard","has-post-thumbnail","hentry","category-municipales","category-noticias"],"yoast_head":"<!-- This site is optimized with the Yoast SEO Premium plugin v23.0 (Yoast SEO v27.4) - https:\/\/yoast.com\/product\/yoast-seo-premium-wordpress\/ -->\n<title>Un intendente del Alto Valle quiere la central nuclear para su pueblo Mi\u00e9rco<\/title>\n<meta name=\"robots\" content=\"index, follow, max-snippet:-1, max-image-preview:large, max-video-preview:-1\" \/>\n<link rel=\"canonical\" href=\"https:\/\/patagoniambiental.com.ar\/info\/un-intendente-del-alto-valle-quiere-la-central-nuclear-para-su-pueblo-mierco\/\" \/>\n<meta property=\"og:locale\" content=\"es_ES\" \/>\n<meta property=\"og:type\" content=\"article\" \/>\n<meta property=\"og:title\" content=\"Un intendente del Alto Valle quiere la central nuclear para su pueblo Mi\u00e9rco\" \/>\n<meta property=\"og:description\" content=\"Mainque.-Se trata del justicialista Miguel Petricio, jefe comunal de Mainqu\u00e9. \u00abNo tenemos obras ni desarrollo\u00bb, se\u00f1al\u00f3.\" \/>\n<meta property=\"og:url\" content=\"https:\/\/patagoniambiental.com.ar\/info\/un-intendente-del-alto-valle-quiere-la-central-nuclear-para-su-pueblo-mierco\/\" \/>\n<meta property=\"og:site_name\" content=\"Patagonia Ambiental\" \/>\n<meta property=\"article:publisher\" content=\"https:\/\/www.facebook.com\/patagonia.ambiental\" \/>\n<meta property=\"article:author\" content=\"https:\/\/www.facebook.com\/share\/1C1V8Gv9BX\/?mibextid=qi2Omg\" \/>\n<meta property=\"article:published_time\" content=\"2017-08-02T22:00:34+00:00\" \/>\n<meta property=\"og:image\" content=\"https:\/\/patagoniambiental.com.ar\/info\/wp-content\/uploads\/2017\/08\/38707_59081_intendentemainque.jpg\" \/>\n\t<meta property=\"og:image:width\" content=\"622\" \/>\n\t<meta property=\"og:image:height\" content=\"350\" \/>\n\t<meta property=\"og:image:type\" content=\"image\/jpeg\" \/>\n<meta name=\"author\" content=\"Patagonia Ambiental\" \/>\n<meta name=\"twitter:card\" content=\"summary_large_image\" \/>\n<meta name=\"twitter:creator\" content=\"@PatAmb\" \/>\n<meta name=\"twitter:site\" content=\"@PatAmb\" \/>\n<script type=\"application\/ld+json\" class=\"yoast-schema-graph\">{\"@context\":\"https:\\\/\\\/schema.org\",\"@graph\":[{\"@type\":\"Article\",\"@id\":\"https:\\\/\\\/patagoniambiental.com.ar\\\/info\\\/un-intendente-del-alto-valle-quiere-la-central-nuclear-para-su-pueblo-mierco\\\/#article\",\"isPartOf\":{\"@id\":\"https:\\\/\\\/patagoniambiental.com.ar\\\/info\\\/un-intendente-del-alto-valle-quiere-la-central-nuclear-para-su-pueblo-mierco\\\/\"},\"author\":{\"name\":\"Patagonia Ambiental\",\"@id\":\"https:\\\/\\\/patagoniambiental.com.ar\\\/info\\\/#\\\/schema\\\/person\\\/db12bff64bbcbf6a253710bf0ea37b5d\"},\"headline\":\"Un intendente del Alto Valle quiere la central nuclear para su pueblo Mi\u00e9rco\",\"datePublished\":\"2017-08-02T22:00:34+00:00\",\"mainEntityOfPage\":{\"@id\":\"https:\\\/\\\/patagoniambiental.com.ar\\\/info\\\/un-intendente-del-alto-valle-quiere-la-central-nuclear-para-su-pueblo-mierco\\\/\"},\"wordCount\":299,\"commentCount\":0,\"publisher\":{\"@id\":\"https:\\\/\\\/patagoniambiental.com.ar\\\/info\\\/#organization\"},\"image\":{\"@id\":\"https:\\\/\\\/patagoniambiental.com.ar\\\/info\\\/un-intendente-del-alto-valle-quiere-la-central-nuclear-para-su-pueblo-mierco\\\/#primaryimage\"},\"thumbnailUrl\":\"https:\\\/\\\/patagoniambiental.com.ar\\\/info\\\/wp-content\\\/uploads\\\/2017\\\/08\\\/38707_59081_intendentemainque.jpg\",\"articleSection\":[\"Municipales\",\"Noticias\"],\"inLanguage\":\"es\",\"potentialAction\":[{\"@type\":\"CommentAction\",\"name\":\"Comment\",\"target\":[\"https:\\\/\\\/patagoniambiental.com.ar\\\/info\\\/un-intendente-del-alto-valle-quiere-la-central-nuclear-para-su-pueblo-mierco\\\/#respond\"]}]},{\"@type\":\"WebPage\",\"@id\":\"https:\\\/\\\/patagoniambiental.com.ar\\\/info\\\/un-intendente-del-alto-valle-quiere-la-central-nuclear-para-su-pueblo-mierco\\\/\",\"url\":\"https:\\\/\\\/patagoniambiental.com.ar\\\/info\\\/un-intendente-del-alto-valle-quiere-la-central-nuclear-para-su-pueblo-mierco\\\/\",\"name\":\"Un intendente del Alto Valle quiere la central nuclear para su pueblo Mi\u00e9rco\",\"isPartOf\":{\"@id\":\"https:\\\/\\\/patagoniambiental.com.ar\\\/info\\\/#website\"},\"primaryImageOfPage\":{\"@id\":\"https:\\\/\\\/patagoniambiental.com.ar\\\/info\\\/un-intendente-del-alto-valle-quiere-la-central-nuclear-para-su-pueblo-mierco\\\/#primaryimage\"},\"image\":{\"@id\":\"https:\\\/\\\/patagoniambiental.com.ar\\\/info\\\/un-intendente-del-alto-valle-quiere-la-central-nuclear-para-su-pueblo-mierco\\\/#primaryimage\"},\"thumbnailUrl\":\"https:\\\/\\\/patagoniambiental.com.ar\\\/info\\\/wp-content\\\/uploads\\\/2017\\\/08\\\/38707_59081_intendentemainque.jpg\",\"datePublished\":\"2017-08-02T22:00:34+00:00\",\"breadcrumb\":{\"@id\":\"https:\\\/\\\/patagoniambiental.com.ar\\\/info\\\/un-intendente-del-alto-valle-quiere-la-central-nuclear-para-su-pueblo-mierco\\\/#breadcrumb\"},\"inLanguage\":\"es\",\"potentialAction\":[{\"@type\":\"ReadAction\",\"target\":[\"https:\\\/\\\/patagoniambiental.com.ar\\\/info\\\/un-intendente-del-alto-valle-quiere-la-central-nuclear-para-su-pueblo-mierco\\\/\"]}]},{\"@type\":\"ImageObject\",\"inLanguage\":\"es\",\"@id\":\"https:\\\/\\\/patagoniambiental.com.ar\\\/info\\\/un-intendente-del-alto-valle-quiere-la-central-nuclear-para-su-pueblo-mierco\\\/#primaryimage\",\"url\":\"https:\\\/\\\/patagoniambiental.com.ar\\\/info\\\/wp-content\\\/uploads\\\/2017\\\/08\\\/38707_59081_intendentemainque.jpg\",\"contentUrl\":\"https:\\\/\\\/patagoniambiental.com.ar\\\/info\\\/wp-content\\\/uploads\\\/2017\\\/08\\\/38707_59081_intendentemainque.jpg\",\"width\":622,\"height\":350},{\"@type\":\"BreadcrumbList\",\"@id\":\"https:\\\/\\\/patagoniambiental.com.ar\\\/info\\\/un-intendente-del-alto-valle-quiere-la-central-nuclear-para-su-pueblo-mierco\\\/#breadcrumb\",\"itemListElement\":[{\"@type\":\"ListItem\",\"position\":1,\"name\":\"Inicio\",\"item\":\"https:\\\/\\\/patagoniambiental.com.ar\\\/info\\\/\"},{\"@type\":\"ListItem\",\"position\":2,\"name\":\"Un intendente del Alto Valle quiere la central nuclear para su pueblo Mi\u00e9rco\"}]},{\"@type\":\"WebSite\",\"@id\":\"https:\\\/\\\/patagoniambiental.com.ar\\\/info\\\/#website\",\"url\":\"https:\\\/\\\/patagoniambiental.com.ar\\\/info\\\/\",\"name\":\"Patagonia Ambiental\",\"description\":\"Monitoreo y an\u00e1lisis de la situaci\u00f3n geopol\u00edtica en el mundo y su implicancia en la Patagonia\",\"publisher\":{\"@id\":\"https:\\\/\\\/patagoniambiental.com.ar\\\/info\\\/#organization\"},\"potentialAction\":[{\"@type\":\"SearchAction\",\"target\":{\"@type\":\"EntryPoint\",\"urlTemplate\":\"https:\\\/\\\/patagoniambiental.com.ar\\\/info\\\/?s={search_term_string}\"},\"query-input\":{\"@type\":\"PropertyValueSpecification\",\"valueRequired\":true,\"valueName\":\"search_term_string\"}}],\"inLanguage\":\"es\"},{\"@type\":\"Organization\",\"@id\":\"https:\\\/\\\/patagoniambiental.com.ar\\\/info\\\/#organization\",\"name\":\"Patagonia Ambiental\",\"url\":\"https:\\\/\\\/patagoniambiental.com.ar\\\/info\\\/\",\"logo\":{\"@type\":\"ImageObject\",\"inLanguage\":\"es\",\"@id\":\"https:\\\/\\\/patagoniambiental.com.ar\\\/info\\\/#\\\/schema\\\/logo\\\/image\\\/\",\"url\":\"https:\\\/\\\/patagoniambiental.com.ar\\\/info\\\/wp-content\\\/uploads\\\/2025\\\/05\\\/LOGO-PATAGONIA-AMBIENTAL.png\",\"contentUrl\":\"https:\\\/\\\/patagoniambiental.com.ar\\\/info\\\/wp-content\\\/uploads\\\/2025\\\/05\\\/LOGO-PATAGONIA-AMBIENTAL.png\",\"width\":433,\"height\":250,\"caption\":\"Patagonia Ambiental\"},\"image\":{\"@id\":\"https:\\\/\\\/patagoniambiental.com.ar\\\/info\\\/#\\\/schema\\\/logo\\\/image\\\/\"},\"sameAs\":[\"https:\\\/\\\/www.facebook.com\\\/patagonia.ambiental\",\"https:\\\/\\\/x.com\\\/PatAmb\"]},{\"@type\":\"Person\",\"@id\":\"https:\\\/\\\/patagoniambiental.com.ar\\\/info\\\/#\\\/schema\\\/person\\\/db12bff64bbcbf6a253710bf0ea37b5d\",\"name\":\"Patagonia Ambiental\",\"description\":\"Andr\u00e9s Nievas T\u00e9cnico en manejo ambiental, consultor Ambiental y escritor para medios locales e internacionales sobre temas de geopolitica y medio ambiente.\",\"sameAs\":[\"http:\\\/\\\/www.patagoniambiental.com.ar\",\"https:\\\/\\\/www.facebook.com\\\/share\\\/1C1V8Gv9BX\\\/?mibextid=qi2Omg\",\"@patagoniambiental\",\"https:\\\/\\\/youtube.com\\\/@patagoniaambiental2023?si=BLt58t0wuXquxlYZ\"]}]}<\/script>\n<!-- \/ Yoast SEO Premium plugin. -->","yoast_head_json":{"title":"Un intendente del Alto Valle quiere la central nuclear para su pueblo Mi\u00e9rco","robots":{"index":"index","follow":"follow","max-snippet":"max-snippet:-1","max-image-preview":"max-image-preview:large","max-video-preview":"max-video-preview:-1"},"canonical":"https:\/\/patagoniambiental.com.ar\/info\/un-intendente-del-alto-valle-quiere-la-central-nuclear-para-su-pueblo-mierco\/","og_locale":"es_ES","og_type":"article","og_title":"Un intendente del Alto Valle quiere la central nuclear para su pueblo Mi\u00e9rco","og_description":"Mainque.-Se trata del justicialista Miguel Petricio, jefe comunal de Mainqu\u00e9. \u00abNo tenemos obras ni desarrollo\u00bb, se\u00f1al\u00f3.","og_url":"https:\/\/patagoniambiental.com.ar\/info\/un-intendente-del-alto-valle-quiere-la-central-nuclear-para-su-pueblo-mierco\/","og_site_name":"Patagonia Ambiental","article_publisher":"https:\/\/www.facebook.com\/patagonia.ambiental","article_author":"https:\/\/www.facebook.com\/share\/1C1V8Gv9BX\/?mibextid=qi2Omg","article_published_time":"2017-08-02T22:00:34+00:00","og_image":[{"width":622,"height":350,"url":"https:\/\/patagoniambiental.com.ar\/info\/wp-content\/uploads\/2017\/08\/38707_59081_intendentemainque.jpg","type":"image\/jpeg"}],"author":"Patagonia Ambiental","twitter_card":"summary_large_image","twitter_creator":"@PatAmb","twitter_site":"@PatAmb","schema":{"@context":"https:\/\/schema.org","@graph":[{"@type":"Article","@id":"https:\/\/patagoniambiental.com.ar\/info\/un-intendente-del-alto-valle-quiere-la-central-nuclear-para-su-pueblo-mierco\/#article","isPartOf":{"@id":"https:\/\/patagoniambiental.com.ar\/info\/un-intendente-del-alto-valle-quiere-la-central-nuclear-para-su-pueblo-mierco\/"},"author":{"name":"Patagonia Ambiental","@id":"https:\/\/patagoniambiental.com.ar\/info\/#\/schema\/person\/db12bff64bbcbf6a253710bf0ea37b5d"},"headline":"Un intendente del Alto Valle quiere la central nuclear para su pueblo Mi\u00e9rco","datePublished":"2017-08-02T22:00:34+00:00","mainEntityOfPage":{"@id":"https:\/\/patagoniambiental.com.ar\/info\/un-intendente-del-alto-valle-quiere-la-central-nuclear-para-su-pueblo-mierco\/"},"wordCount":299,"commentCount":0,"publisher":{"@id":"https:\/\/patagoniambiental.com.ar\/info\/#organization"},"image":{"@id":"https:\/\/patagoniambiental.com.ar\/info\/un-intendente-del-alto-valle-quiere-la-central-nuclear-para-su-pueblo-mierco\/#primaryimage"},"thumbnailUrl":"https:\/\/patagoniambiental.com.ar\/info\/wp-content\/uploads\/2017\/08\/38707_59081_intendentemainque.jpg","articleSection":["Municipales","Noticias"],"inLanguage":"es","potentialAction":[{"@type":"CommentAction","name":"Comment","target":["https:\/\/patagoniambiental.com.ar\/info\/un-intendente-del-alto-valle-quiere-la-central-nuclear-para-su-pueblo-mierco\/#respond"]}]},{"@type":"WebPage","@id":"https:\/\/patagoniambiental.com.ar\/info\/un-intendente-del-alto-valle-quiere-la-central-nuclear-para-su-pueblo-mierco\/","url":"https:\/\/patagoniambiental.com.ar\/info\/un-intendente-del-alto-valle-quiere-la-central-nuclear-para-su-pueblo-mierco\/","name":"Un intendente del Alto Valle quiere la central nuclear para su pueblo Mi\u00e9rco","isPartOf":{"@id":"https:\/\/patagoniambiental.com.ar\/info\/#website"},"primaryImageOfPage":{"@id":"https:\/\/patagoniambiental.com.ar\/info\/un-intendente-del-alto-valle-quiere-la-central-nuclear-para-su-pueblo-mierco\/#primaryimage"},"image":{"@id":"https:\/\/patagoniambiental.com.ar\/info\/un-intendente-del-alto-valle-quiere-la-central-nuclear-para-su-pueblo-mierco\/#primaryimage"},"thumbnailUrl":"https:\/\/patagoniambiental.com.ar\/info\/wp-content\/uploads\/2017\/08\/38707_59081_intendentemainque.jpg","datePublished":"2017-08-02T22:00:34+00:00","breadcrumb":{"@id":"https:\/\/patagoniambiental.com.ar\/info\/un-intendente-del-alto-valle-quiere-la-central-nuclear-para-su-pueblo-mierco\/#breadcrumb"},"inLanguage":"es","potentialAction":[{"@type":"ReadAction","target":["https:\/\/patagoniambiental.com.ar\/info\/un-intendente-del-alto-valle-quiere-la-central-nuclear-para-su-pueblo-mierco\/"]}]},{"@type":"ImageObject","inLanguage":"es","@id":"https:\/\/patagoniambiental.com.ar\/info\/un-intendente-del-alto-valle-quiere-la-central-nuclear-para-su-pueblo-mierco\/#primaryimage","url":"https:\/\/patagoniambiental.com.ar\/info\/wp-content\/uploads\/2017\/08\/38707_59081_intendentemainque.jpg","contentUrl":"https:\/\/patagoniambiental.com.ar\/info\/wp-content\/uploads\/2017\/08\/38707_59081_intendentemainque.jpg","width":622,"height":350},{"@type":"BreadcrumbList","@id":"https:\/\/patagoniambiental.com.ar\/info\/un-intendente-del-alto-valle-quiere-la-central-nuclear-para-su-pueblo-mierco\/#breadcrumb","itemListElement":[{"@type":"ListItem","position":1,"name":"Inicio","item":"https:\/\/patagoniambiental.com.ar\/info\/"},{"@type":"ListItem","position":2,"name":"Un intendente del Alto Valle quiere la central nuclear para su pueblo Mi\u00e9rco"}]},{"@type":"WebSite","@id":"https:\/\/patagoniambiental.com.ar\/info\/#website","url":"https:\/\/patagoniambiental.com.ar\/info\/","name":"Patagonia Ambiental","description":"Monitoreo y an\u00e1lisis de la situaci\u00f3n geopol\u00edtica en el mundo y su implicancia en la Patagonia","publisher":{"@id":"https:\/\/patagoniambiental.com.ar\/info\/#organization"},"potentialAction":[{"@type":"SearchAction","target":{"@type":"EntryPoint","urlTemplate":"https:\/\/patagoniambiental.com.ar\/info\/?s={search_term_string}"},"query-input":{"@type":"PropertyValueSpecification","valueRequired":true,"valueName":"search_term_string"}}],"inLanguage":"es"},{"@type":"Organization","@id":"https:\/\/patagoniambiental.com.ar\/info\/#organization","name":"Patagonia Ambiental","url":"https:\/\/patagoniambiental.com.ar\/info\/","logo":{"@type":"ImageObject","inLanguage":"es","@id":"https:\/\/patagoniambiental.com.ar\/info\/#\/schema\/logo\/image\/","url":"https:\/\/patagoniambiental.com.ar\/info\/wp-content\/uploads\/2025\/05\/LOGO-PATAGONIA-AMBIENTAL.png","contentUrl":"https:\/\/patagoniambiental.com.ar\/info\/wp-content\/uploads\/2025\/05\/LOGO-PATAGONIA-AMBIENTAL.png","width":433,"height":250,"caption":"Patagonia Ambiental"},"image":{"@id":"https:\/\/patagoniambiental.com.ar\/info\/#\/schema\/logo\/image\/"},"sameAs":["https:\/\/www.facebook.com\/patagonia.ambiental","https:\/\/x.com\/PatAmb"]},{"@type":"Person","@id":"https:\/\/patagoniambiental.com.ar\/info\/#\/schema\/person\/db12bff64bbcbf6a253710bf0ea37b5d","name":"Patagonia Ambiental","description":"Andr\u00e9s Nievas T\u00e9cnico en manejo ambiental, consultor Ambiental y escritor para medios locales e internacionales sobre temas de geopolitica y medio ambiente.","sameAs":["http:\/\/www.patagoniambiental.com.ar","https:\/\/www.facebook.com\/share\/1C1V8Gv9BX\/?mibextid=qi2Omg","@patagoniambiental","https:\/\/youtube.com\/@patagoniaambiental2023?si=BLt58t0wuXquxlYZ"]}]}},"_links":{"self":[{"href":"https:\/\/patagoniambiental.com.ar\/info\/wp-json\/wp\/v2\/posts\/32673","targetHints":{"allow":["GET"]}}],"collection":[{"href":"https:\/\/patagoniambiental.com.ar\/info\/wp-json\/wp\/v2\/posts"}],"about":[{"href":"https:\/\/patagoniambiental.com.ar\/info\/wp-json\/wp\/v2\/types\/post"}],"author":[{"embeddable":true,"href":"https:\/\/patagoniambiental.com.ar\/info\/wp-json\/wp\/v2\/users\/2"}],"replies":[{"embeddable":true,"href":"https:\/\/patagoniambiental.com.ar\/info\/wp-json\/wp\/v2\/comments?post=32673"}],"version-history":[{"count":0,"href":"https:\/\/patagoniambiental.com.ar\/info\/wp-json\/wp\/v2\/posts\/32673\/revisions"}],"wp:featuredmedia":[{"embeddable":true,"href":"https:\/\/patagoniambiental.com.ar\/info\/wp-json\/wp\/v2\/media\/32674"}],"wp:attachment":[{"href":"https:\/\/patagoniambiental.com.ar\/info\/wp-json\/wp\/v2\/media?parent=32673"}],"wp:term":[{"taxonomy":"category","embeddable":true,"href":"https:\/\/patagoniambiental.com.ar\/info\/wp-json\/wp\/v2\/categories?post=32673"},{"taxonomy":"post_tag","embeddable":true,"href":"https:\/\/patagoniambiental.com.ar\/info\/wp-json\/wp\/v2\/tags?post=32673"}],"curies":[{"name":"wp","href":"https:\/\/api.w.org\/{rel}","templated":true}]}}