{"id":32761,"date":"2017-08-04T19:00:05","date_gmt":"2017-08-04T22:00:05","guid":{"rendered":"http:\/\/patagoniambiental.com.ar\/info\/?p=32761"},"modified":"2017-08-03T17:02:08","modified_gmt":"2017-08-03T20:02:08","slug":"cientificos-rusos-rompen-las-barreras-de-la-energia-eolica-en-el-artico","status":"publish","type":"post","link":"https:\/\/patagoniambiental.com.ar\/info\/cientificos-rusos-rompen-las-barreras-de-la-energia-eolica-en-el-artico\/","title":{"rendered":"Cient\u00edficos rusos rompen las barreras de la energ\u00eda e\u00f3lica en el \u00c1rtico"},"content":{"rendered":"<div class=\"b-article__lead\">\n<p>Mosc\u00fa.-Los ingenieros de la Universidad Estatal de los Urales del Sur han desarrollado un aerogenerador que podr\u00e1 funcionar de manera eficaz en las duras condiciones clim\u00e1ticas del \u00c1rtico.<\/p>\n<p>&nbsp;<\/p>\n<\/div>\n<p><!--more--><\/p>\n<div class=\"b-article__text\">\n<p>Rusia cuenta con numerosas estaciones el\u00e9ctricas que convierten hidrocarburos en energ\u00eda. Sin embargo, las regiones norte\u00f1as del pa\u00eds eslavo todav\u00eda carecen de centrales el\u00e9ctricas. Asimismo, la velocidad del viento supera los 5 u 8 metros por segundo en algunas partes de las zonas costeras \u00e1rticas, una velocidad suficiente para la generaci\u00f3n de energ\u00eda e\u00f3lica.<\/p>\n<div class=\"b-inject m-inject-min\">\n<div class=\"b-inject__media\"><img fetchpriority=\"high\" decoding=\"async\" class=\"\" title=\"Un parque e\u00f3lico (archivo)\" src=\"https:\/\/cdnmundo2.img.sputniknews.com\/images\/107106\/15\/1071061503.jpg\" alt=\"Un parque e\u00f3lico (archivo)\" width=\"705\" height=\"375\" \/><\/div>\n<div class=\"b-inject__copy\"><a href=\"https:\/\/creativecommons.org\/publicdomain\/zero\/1.0\/\">CC0<\/a>\u00a0\/\u00a0<a href=\"https:\/\/pixabay.com\/photo-2469104\/\">WERBEFABRIK<\/a><\/div>\n<div class=\"b-inject__content\"><a href=\"https:\/\/mundo.sputniknews.com\/tecnologia\/201707261071061693-energia-viento-mar\/\">Escocia construye el primer parque e\u00f3lico flotante del mundo (v\u00eddeo, fotos)<\/a><\/div>\n<\/div>\n<p>No obstante, cuando el viento tiene una velocidad de m\u00e1s de 11 metros por segundo, es necesario limitar la potencia del generador, puesto que existe el riesgo de rotura en las palas de rotor, adem\u00e1s del sobrecalentamiento del aparato. Es por eso que los cient\u00edficos rusos lograron crear un sistema el\u00e9ctrico capaz de frenar el rotor en caso de necesidad.Ninguno de los aerogeneradores de fabricaci\u00f3n extranjera logr\u00f3 pasar la reciente prueba llevada a cabo en la pen\u00ednsula de Kan\u00edn, en el \u00c1rtico, lo que indica que estos equipamientos son incapaces de funcionar de manera eficaz en condiciones extremas. De este modo, se adopt\u00f3 la decisi\u00f3n de equiparlos con sistemas de gesti\u00f3n y frenado.<\/p>\n<p>Cabe se\u00f1alar que el invento ruso consume cantidades muy bajas de energ\u00eda para frenar las aspas. El sistema est\u00e1 compuesto por un bloque mec\u00e1nico y uno el\u00e9ctrico, un microcontrolador y varios sensores. Todo ello ayuda a monitorear el estado del generador e\u00f3lico en cada momento.<\/p>\n<p class=\"marker-quote1\">\u00abNuestro sistema no tiene igual en el mundo. En el \u00c1rtico, obtendremos los primeros beneficios en una semana o en un mes, es decir, tras el primer hurac\u00e1n. El costo del sistema solo ser\u00e1 de un 2 o 3% del valor total del aerogenerador, adem\u00e1s, tendr\u00e1 una vida \u00fatil de 35 a\u00f1os\u00bb, explic\u00f3 el cient\u00edfico Evgueni Sirotkin.<\/p>\n<p>Se prev\u00e9 que estos novedosos equipos se fabriquen en una f\u00e1brica militar con la que actualmente colabora la Universidad de los Urales del Sur. Se espera que los cient\u00edficos produzcan los componentes del sistema y luego los suministren a los talleres de la planta.<\/p>\n<p>Fuente: https:\/\/mundo.sputniknews.com\/tecnologia\/201707311071184403-aerogeneradores-condiciones-climaticas-viento\/<\/p>\n<\/div>\n","protected":false},"excerpt":{"rendered":"<p>Mosc\u00fa.-Los ingenieros de la Universidad Estatal de los Urales del Sur han desarrollado un aerogenerador que podr\u00e1 funcionar de manera [&hellip;]<\/p>\n","protected":false},"author":2,"featured_media":32762,"comment_status":"open","ping_status":"open","sticky":false,"template":"","format":"standard","meta":{"site-sidebar-layout":"default","site-content-layout":"","ast-site-content-layout":"default","site-content-style":"default","site-sidebar-style":"default","ast-global-header-display":"","ast-banner-title-visibility":"","ast-main-header-display":"","ast-hfb-above-header-display":"","ast-hfb-below-header-display":"","ast-hfb-mobile-header-display":"","site-post-title":"","ast-breadcrumbs-content":"","ast-featured-img":"","footer-sml-layout":"","ast-disable-related-posts":"","theme-transparent-header-meta":"","adv-header-id-meta":"","stick-header-meta":"","header-above-stick-meta":"","header-main-stick-meta":"","header-below-stick-meta":"","astra-migrate-meta-layouts":"default","ast-page-background-enabled":"default","ast-page-background-meta":{"desktop":{"background-color":"var(--ast-global-color-5)","background-image":"","background-repeat":"repeat","background-position":"center center","background-size":"auto","background-attachment":"scroll","background-type":"","background-media":"","overlay-type":"","overlay-color":"","overlay-opacity":"","overlay-gradient":""},"tablet":{"background-color":"","background-image":"","background-repeat":"repeat","background-position":"center center","background-size":"auto","background-attachment":"scroll","background-type":"","background-media":"","overlay-type":"","overlay-color":"","overlay-opacity":"","overlay-gradient":""},"mobile":{"background-color":"","background-image":"","background-repeat":"repeat","background-position":"center center","background-size":"auto","background-attachment":"scroll","background-type":"","background-media":"","overlay-type":"","overlay-color":"","overlay-opacity":"","overlay-gradient":""}},"ast-content-background-meta":{"desktop":{"background-color":"var(--ast-global-color-4)","background-image":"","background-repeat":"repeat","background-position":"center center","background-size":"auto","background-attachment":"scroll","background-type":"","background-media":"","overlay-type":"","overlay-color":"","overlay-opacity":"","overlay-gradient":""},"tablet":{"background-color":"var(--ast-global-color-4)","background-image":"","background-repeat":"repeat","background-position":"center center","background-size":"auto","background-attachment":"scroll","background-type":"","background-media":"","overlay-type":"","overlay-color":"","overlay-opacity":"","overlay-gradient":""},"mobile":{"background-color":"var(--ast-global-color-4)","background-image":"","background-repeat":"repeat","background-position":"center center","background-size":"auto","background-attachment":"scroll","background-type":"","background-media":"","overlay-type":"","overlay-color":"","overlay-opacity":"","overlay-gradient":""}},"footnotes":""},"categories":[23,1],"tags":[],"class_list":["post-32761","post","type-post","status-publish","format-standard","has-post-thumbnail","hentry","category-internacionales","category-noticias"],"yoast_head":"<!-- This site is optimized with the Yoast SEO Premium plugin v23.0 (Yoast SEO v27.4) - https:\/\/yoast.com\/product\/yoast-seo-premium-wordpress\/ -->\n<title>Cient\u00edficos rusos rompen las barreras de la energ\u00eda e\u00f3lica en el \u00c1rtico<\/title>\n<meta name=\"robots\" content=\"index, follow, max-snippet:-1, max-image-preview:large, max-video-preview:-1\" \/>\n<link rel=\"canonical\" href=\"https:\/\/patagoniambiental.com.ar\/info\/cientificos-rusos-rompen-las-barreras-de-la-energia-eolica-en-el-artico\/\" \/>\n<meta property=\"og:locale\" content=\"es_ES\" \/>\n<meta property=\"og:type\" content=\"article\" \/>\n<meta property=\"og:title\" content=\"Cient\u00edficos rusos rompen las barreras de la energ\u00eda e\u00f3lica en el \u00c1rtico\" \/>\n<meta property=\"og:description\" content=\"Mosc\u00fa.-Los ingenieros de la Universidad Estatal de los Urales del Sur han desarrollado un aerogenerador que podr\u00e1 funcionar de manera [&hellip;]\" \/>\n<meta property=\"og:url\" content=\"https:\/\/patagoniambiental.com.ar\/info\/cientificos-rusos-rompen-las-barreras-de-la-energia-eolica-en-el-artico\/\" \/>\n<meta property=\"og:site_name\" content=\"Patagonia Ambiental\" \/>\n<meta property=\"article:publisher\" content=\"https:\/\/www.facebook.com\/patagonia.ambiental\" \/>\n<meta property=\"article:author\" content=\"https:\/\/www.facebook.com\/share\/1C1V8Gv9BX\/?mibextid=qi2Omg\" \/>\n<meta property=\"article:published_time\" content=\"2017-08-04T22:00:05+00:00\" \/>\n<meta property=\"og:image\" content=\"https:\/\/patagoniambiental.com.ar\/info\/wp-content\/uploads\/2017\/08\/1071184304.jpg\" \/>\n\t<meta property=\"og:image:width\" content=\"1000\" \/>\n\t<meta property=\"og:image:height\" content=\"541\" \/>\n\t<meta property=\"og:image:type\" content=\"image\/jpeg\" \/>\n<meta name=\"author\" content=\"Patagonia Ambiental\" \/>\n<meta name=\"twitter:card\" content=\"summary_large_image\" \/>\n<meta name=\"twitter:creator\" content=\"@PatAmb\" \/>\n<meta name=\"twitter:site\" content=\"@PatAmb\" \/>\n<script type=\"application\/ld+json\" class=\"yoast-schema-graph\">{\"@context\":\"https:\\\/\\\/schema.org\",\"@graph\":[{\"@type\":\"Article\",\"@id\":\"https:\\\/\\\/patagoniambiental.com.ar\\\/info\\\/cientificos-rusos-rompen-las-barreras-de-la-energia-eolica-en-el-artico\\\/#article\",\"isPartOf\":{\"@id\":\"https:\\\/\\\/patagoniambiental.com.ar\\\/info\\\/cientificos-rusos-rompen-las-barreras-de-la-energia-eolica-en-el-artico\\\/\"},\"author\":{\"name\":\"Patagonia Ambiental\",\"@id\":\"https:\\\/\\\/patagoniambiental.com.ar\\\/info\\\/#\\\/schema\\\/person\\\/db12bff64bbcbf6a253710bf0ea37b5d\"},\"headline\":\"Cient\u00edficos rusos rompen las barreras de la energ\u00eda e\u00f3lica en el \u00c1rtico\",\"datePublished\":\"2017-08-04T22:00:05+00:00\",\"mainEntityOfPage\":{\"@id\":\"https:\\\/\\\/patagoniambiental.com.ar\\\/info\\\/cientificos-rusos-rompen-las-barreras-de-la-energia-eolica-en-el-artico\\\/\"},\"wordCount\":405,\"commentCount\":0,\"publisher\":{\"@id\":\"https:\\\/\\\/patagoniambiental.com.ar\\\/info\\\/#organization\"},\"image\":{\"@id\":\"https:\\\/\\\/patagoniambiental.com.ar\\\/info\\\/cientificos-rusos-rompen-las-barreras-de-la-energia-eolica-en-el-artico\\\/#primaryimage\"},\"thumbnailUrl\":\"https:\\\/\\\/patagoniambiental.com.ar\\\/info\\\/wp-content\\\/uploads\\\/2017\\\/08\\\/1071184304.jpg\",\"articleSection\":[\"Internacionales\",\"Noticias\"],\"inLanguage\":\"es\",\"potentialAction\":[{\"@type\":\"CommentAction\",\"name\":\"Comment\",\"target\":[\"https:\\\/\\\/patagoniambiental.com.ar\\\/info\\\/cientificos-rusos-rompen-las-barreras-de-la-energia-eolica-en-el-artico\\\/#respond\"]}]},{\"@type\":\"WebPage\",\"@id\":\"https:\\\/\\\/patagoniambiental.com.ar\\\/info\\\/cientificos-rusos-rompen-las-barreras-de-la-energia-eolica-en-el-artico\\\/\",\"url\":\"https:\\\/\\\/patagoniambiental.com.ar\\\/info\\\/cientificos-rusos-rompen-las-barreras-de-la-energia-eolica-en-el-artico\\\/\",\"name\":\"Cient\u00edficos rusos rompen las barreras de la energ\u00eda e\u00f3lica en el \u00c1rtico\",\"isPartOf\":{\"@id\":\"https:\\\/\\\/patagoniambiental.com.ar\\\/info\\\/#website\"},\"primaryImageOfPage\":{\"@id\":\"https:\\\/\\\/patagoniambiental.com.ar\\\/info\\\/cientificos-rusos-rompen-las-barreras-de-la-energia-eolica-en-el-artico\\\/#primaryimage\"},\"image\":{\"@id\":\"https:\\\/\\\/patagoniambiental.com.ar\\\/info\\\/cientificos-rusos-rompen-las-barreras-de-la-energia-eolica-en-el-artico\\\/#primaryimage\"},\"thumbnailUrl\":\"https:\\\/\\\/patagoniambiental.com.ar\\\/info\\\/wp-content\\\/uploads\\\/2017\\\/08\\\/1071184304.jpg\",\"datePublished\":\"2017-08-04T22:00:05+00:00\",\"breadcrumb\":{\"@id\":\"https:\\\/\\\/patagoniambiental.com.ar\\\/info\\\/cientificos-rusos-rompen-las-barreras-de-la-energia-eolica-en-el-artico\\\/#breadcrumb\"},\"inLanguage\":\"es\",\"potentialAction\":[{\"@type\":\"ReadAction\",\"target\":[\"https:\\\/\\\/patagoniambiental.com.ar\\\/info\\\/cientificos-rusos-rompen-las-barreras-de-la-energia-eolica-en-el-artico\\\/\"]}]},{\"@type\":\"ImageObject\",\"inLanguage\":\"es\",\"@id\":\"https:\\\/\\\/patagoniambiental.com.ar\\\/info\\\/cientificos-rusos-rompen-las-barreras-de-la-energia-eolica-en-el-artico\\\/#primaryimage\",\"url\":\"https:\\\/\\\/patagoniambiental.com.ar\\\/info\\\/wp-content\\\/uploads\\\/2017\\\/08\\\/1071184304.jpg\",\"contentUrl\":\"https:\\\/\\\/patagoniambiental.com.ar\\\/info\\\/wp-content\\\/uploads\\\/2017\\\/08\\\/1071184304.jpg\",\"width\":1000,\"height\":541},{\"@type\":\"BreadcrumbList\",\"@id\":\"https:\\\/\\\/patagoniambiental.com.ar\\\/info\\\/cientificos-rusos-rompen-las-barreras-de-la-energia-eolica-en-el-artico\\\/#breadcrumb\",\"itemListElement\":[{\"@type\":\"ListItem\",\"position\":1,\"name\":\"Inicio\",\"item\":\"https:\\\/\\\/patagoniambiental.com.ar\\\/info\\\/\"},{\"@type\":\"ListItem\",\"position\":2,\"name\":\"Cient\u00edficos rusos rompen las barreras de la energ\u00eda e\u00f3lica en el \u00c1rtico\"}]},{\"@type\":\"WebSite\",\"@id\":\"https:\\\/\\\/patagoniambiental.com.ar\\\/info\\\/#website\",\"url\":\"https:\\\/\\\/patagoniambiental.com.ar\\\/info\\\/\",\"name\":\"Patagonia Ambiental\",\"description\":\"Monitoreo y an\u00e1lisis de la situaci\u00f3n geopol\u00edtica en el mundo y su implicancia en la Patagonia\",\"publisher\":{\"@id\":\"https:\\\/\\\/patagoniambiental.com.ar\\\/info\\\/#organization\"},\"potentialAction\":[{\"@type\":\"SearchAction\",\"target\":{\"@type\":\"EntryPoint\",\"urlTemplate\":\"https:\\\/\\\/patagoniambiental.com.ar\\\/info\\\/?s={search_term_string}\"},\"query-input\":{\"@type\":\"PropertyValueSpecification\",\"valueRequired\":true,\"valueName\":\"search_term_string\"}}],\"inLanguage\":\"es\"},{\"@type\":\"Organization\",\"@id\":\"https:\\\/\\\/patagoniambiental.com.ar\\\/info\\\/#organization\",\"name\":\"Patagonia Ambiental\",\"url\":\"https:\\\/\\\/patagoniambiental.com.ar\\\/info\\\/\",\"logo\":{\"@type\":\"ImageObject\",\"inLanguage\":\"es\",\"@id\":\"https:\\\/\\\/patagoniambiental.com.ar\\\/info\\\/#\\\/schema\\\/logo\\\/image\\\/\",\"url\":\"https:\\\/\\\/patagoniambiental.com.ar\\\/info\\\/wp-content\\\/uploads\\\/2025\\\/05\\\/LOGO-PATAGONIA-AMBIENTAL.png\",\"contentUrl\":\"https:\\\/\\\/patagoniambiental.com.ar\\\/info\\\/wp-content\\\/uploads\\\/2025\\\/05\\\/LOGO-PATAGONIA-AMBIENTAL.png\",\"width\":433,\"height\":250,\"caption\":\"Patagonia Ambiental\"},\"image\":{\"@id\":\"https:\\\/\\\/patagoniambiental.com.ar\\\/info\\\/#\\\/schema\\\/logo\\\/image\\\/\"},\"sameAs\":[\"https:\\\/\\\/www.facebook.com\\\/patagonia.ambiental\",\"https:\\\/\\\/x.com\\\/PatAmb\"]},{\"@type\":\"Person\",\"@id\":\"https:\\\/\\\/patagoniambiental.com.ar\\\/info\\\/#\\\/schema\\\/person\\\/db12bff64bbcbf6a253710bf0ea37b5d\",\"name\":\"Patagonia Ambiental\",\"description\":\"Andr\u00e9s Nievas T\u00e9cnico en manejo ambiental, consultor Ambiental y escritor para medios locales e internacionales sobre temas de geopolitica y medio ambiente.\",\"sameAs\":[\"http:\\\/\\\/www.patagoniambiental.com.ar\",\"https:\\\/\\\/www.facebook.com\\\/share\\\/1C1V8Gv9BX\\\/?mibextid=qi2Omg\",\"@patagoniambiental\",\"https:\\\/\\\/youtube.com\\\/@patagoniaambiental2023?si=BLt58t0wuXquxlYZ\"]}]}<\/script>\n<!-- \/ Yoast SEO Premium plugin. -->","yoast_head_json":{"title":"Cient\u00edficos rusos rompen las barreras de la energ\u00eda e\u00f3lica en el \u00c1rtico","robots":{"index":"index","follow":"follow","max-snippet":"max-snippet:-1","max-image-preview":"max-image-preview:large","max-video-preview":"max-video-preview:-1"},"canonical":"https:\/\/patagoniambiental.com.ar\/info\/cientificos-rusos-rompen-las-barreras-de-la-energia-eolica-en-el-artico\/","og_locale":"es_ES","og_type":"article","og_title":"Cient\u00edficos rusos rompen las barreras de la energ\u00eda e\u00f3lica en el \u00c1rtico","og_description":"Mosc\u00fa.-Los ingenieros de la Universidad Estatal de los Urales del Sur han desarrollado un aerogenerador que podr\u00e1 funcionar de manera [&hellip;]","og_url":"https:\/\/patagoniambiental.com.ar\/info\/cientificos-rusos-rompen-las-barreras-de-la-energia-eolica-en-el-artico\/","og_site_name":"Patagonia Ambiental","article_publisher":"https:\/\/www.facebook.com\/patagonia.ambiental","article_author":"https:\/\/www.facebook.com\/share\/1C1V8Gv9BX\/?mibextid=qi2Omg","article_published_time":"2017-08-04T22:00:05+00:00","og_image":[{"width":1000,"height":541,"url":"https:\/\/patagoniambiental.com.ar\/info\/wp-content\/uploads\/2017\/08\/1071184304.jpg","type":"image\/jpeg"}],"author":"Patagonia Ambiental","twitter_card":"summary_large_image","twitter_creator":"@PatAmb","twitter_site":"@PatAmb","schema":{"@context":"https:\/\/schema.org","@graph":[{"@type":"Article","@id":"https:\/\/patagoniambiental.com.ar\/info\/cientificos-rusos-rompen-las-barreras-de-la-energia-eolica-en-el-artico\/#article","isPartOf":{"@id":"https:\/\/patagoniambiental.com.ar\/info\/cientificos-rusos-rompen-las-barreras-de-la-energia-eolica-en-el-artico\/"},"author":{"name":"Patagonia Ambiental","@id":"https:\/\/patagoniambiental.com.ar\/info\/#\/schema\/person\/db12bff64bbcbf6a253710bf0ea37b5d"},"headline":"Cient\u00edficos rusos rompen las barreras de la energ\u00eda e\u00f3lica en el \u00c1rtico","datePublished":"2017-08-04T22:00:05+00:00","mainEntityOfPage":{"@id":"https:\/\/patagoniambiental.com.ar\/info\/cientificos-rusos-rompen-las-barreras-de-la-energia-eolica-en-el-artico\/"},"wordCount":405,"commentCount":0,"publisher":{"@id":"https:\/\/patagoniambiental.com.ar\/info\/#organization"},"image":{"@id":"https:\/\/patagoniambiental.com.ar\/info\/cientificos-rusos-rompen-las-barreras-de-la-energia-eolica-en-el-artico\/#primaryimage"},"thumbnailUrl":"https:\/\/patagoniambiental.com.ar\/info\/wp-content\/uploads\/2017\/08\/1071184304.jpg","articleSection":["Internacionales","Noticias"],"inLanguage":"es","potentialAction":[{"@type":"CommentAction","name":"Comment","target":["https:\/\/patagoniambiental.com.ar\/info\/cientificos-rusos-rompen-las-barreras-de-la-energia-eolica-en-el-artico\/#respond"]}]},{"@type":"WebPage","@id":"https:\/\/patagoniambiental.com.ar\/info\/cientificos-rusos-rompen-las-barreras-de-la-energia-eolica-en-el-artico\/","url":"https:\/\/patagoniambiental.com.ar\/info\/cientificos-rusos-rompen-las-barreras-de-la-energia-eolica-en-el-artico\/","name":"Cient\u00edficos rusos rompen las barreras de la energ\u00eda e\u00f3lica en el \u00c1rtico","isPartOf":{"@id":"https:\/\/patagoniambiental.com.ar\/info\/#website"},"primaryImageOfPage":{"@id":"https:\/\/patagoniambiental.com.ar\/info\/cientificos-rusos-rompen-las-barreras-de-la-energia-eolica-en-el-artico\/#primaryimage"},"image":{"@id":"https:\/\/patagoniambiental.com.ar\/info\/cientificos-rusos-rompen-las-barreras-de-la-energia-eolica-en-el-artico\/#primaryimage"},"thumbnailUrl":"https:\/\/patagoniambiental.com.ar\/info\/wp-content\/uploads\/2017\/08\/1071184304.jpg","datePublished":"2017-08-04T22:00:05+00:00","breadcrumb":{"@id":"https:\/\/patagoniambiental.com.ar\/info\/cientificos-rusos-rompen-las-barreras-de-la-energia-eolica-en-el-artico\/#breadcrumb"},"inLanguage":"es","potentialAction":[{"@type":"ReadAction","target":["https:\/\/patagoniambiental.com.ar\/info\/cientificos-rusos-rompen-las-barreras-de-la-energia-eolica-en-el-artico\/"]}]},{"@type":"ImageObject","inLanguage":"es","@id":"https:\/\/patagoniambiental.com.ar\/info\/cientificos-rusos-rompen-las-barreras-de-la-energia-eolica-en-el-artico\/#primaryimage","url":"https:\/\/patagoniambiental.com.ar\/info\/wp-content\/uploads\/2017\/08\/1071184304.jpg","contentUrl":"https:\/\/patagoniambiental.com.ar\/info\/wp-content\/uploads\/2017\/08\/1071184304.jpg","width":1000,"height":541},{"@type":"BreadcrumbList","@id":"https:\/\/patagoniambiental.com.ar\/info\/cientificos-rusos-rompen-las-barreras-de-la-energia-eolica-en-el-artico\/#breadcrumb","itemListElement":[{"@type":"ListItem","position":1,"name":"Inicio","item":"https:\/\/patagoniambiental.com.ar\/info\/"},{"@type":"ListItem","position":2,"name":"Cient\u00edficos rusos rompen las barreras de la energ\u00eda e\u00f3lica en el \u00c1rtico"}]},{"@type":"WebSite","@id":"https:\/\/patagoniambiental.com.ar\/info\/#website","url":"https:\/\/patagoniambiental.com.ar\/info\/","name":"Patagonia Ambiental","description":"Monitoreo y an\u00e1lisis de la situaci\u00f3n geopol\u00edtica en el mundo y su implicancia en la Patagonia","publisher":{"@id":"https:\/\/patagoniambiental.com.ar\/info\/#organization"},"potentialAction":[{"@type":"SearchAction","target":{"@type":"EntryPoint","urlTemplate":"https:\/\/patagoniambiental.com.ar\/info\/?s={search_term_string}"},"query-input":{"@type":"PropertyValueSpecification","valueRequired":true,"valueName":"search_term_string"}}],"inLanguage":"es"},{"@type":"Organization","@id":"https:\/\/patagoniambiental.com.ar\/info\/#organization","name":"Patagonia Ambiental","url":"https:\/\/patagoniambiental.com.ar\/info\/","logo":{"@type":"ImageObject","inLanguage":"es","@id":"https:\/\/patagoniambiental.com.ar\/info\/#\/schema\/logo\/image\/","url":"https:\/\/patagoniambiental.com.ar\/info\/wp-content\/uploads\/2025\/05\/LOGO-PATAGONIA-AMBIENTAL.png","contentUrl":"https:\/\/patagoniambiental.com.ar\/info\/wp-content\/uploads\/2025\/05\/LOGO-PATAGONIA-AMBIENTAL.png","width":433,"height":250,"caption":"Patagonia Ambiental"},"image":{"@id":"https:\/\/patagoniambiental.com.ar\/info\/#\/schema\/logo\/image\/"},"sameAs":["https:\/\/www.facebook.com\/patagonia.ambiental","https:\/\/x.com\/PatAmb"]},{"@type":"Person","@id":"https:\/\/patagoniambiental.com.ar\/info\/#\/schema\/person\/db12bff64bbcbf6a253710bf0ea37b5d","name":"Patagonia Ambiental","description":"Andr\u00e9s Nievas T\u00e9cnico en manejo ambiental, consultor Ambiental y escritor para medios locales e internacionales sobre temas de geopolitica y medio ambiente.","sameAs":["http:\/\/www.patagoniambiental.com.ar","https:\/\/www.facebook.com\/share\/1C1V8Gv9BX\/?mibextid=qi2Omg","@patagoniambiental","https:\/\/youtube.com\/@patagoniaambiental2023?si=BLt58t0wuXquxlYZ"]}]}},"_links":{"self":[{"href":"https:\/\/patagoniambiental.com.ar\/info\/wp-json\/wp\/v2\/posts\/32761","targetHints":{"allow":["GET"]}}],"collection":[{"href":"https:\/\/patagoniambiental.com.ar\/info\/wp-json\/wp\/v2\/posts"}],"about":[{"href":"https:\/\/patagoniambiental.com.ar\/info\/wp-json\/wp\/v2\/types\/post"}],"author":[{"embeddable":true,"href":"https:\/\/patagoniambiental.com.ar\/info\/wp-json\/wp\/v2\/users\/2"}],"replies":[{"embeddable":true,"href":"https:\/\/patagoniambiental.com.ar\/info\/wp-json\/wp\/v2\/comments?post=32761"}],"version-history":[{"count":0,"href":"https:\/\/patagoniambiental.com.ar\/info\/wp-json\/wp\/v2\/posts\/32761\/revisions"}],"wp:featuredmedia":[{"embeddable":true,"href":"https:\/\/patagoniambiental.com.ar\/info\/wp-json\/wp\/v2\/media\/32762"}],"wp:attachment":[{"href":"https:\/\/patagoniambiental.com.ar\/info\/wp-json\/wp\/v2\/media?parent=32761"}],"wp:term":[{"taxonomy":"category","embeddable":true,"href":"https:\/\/patagoniambiental.com.ar\/info\/wp-json\/wp\/v2\/categories?post=32761"},{"taxonomy":"post_tag","embeddable":true,"href":"https:\/\/patagoniambiental.com.ar\/info\/wp-json\/wp\/v2\/tags?post=32761"}],"curies":[{"name":"wp","href":"https:\/\/api.w.org\/{rel}","templated":true}]}}